{"id":1000,"date":"2021-03-04T09:24:00","date_gmt":"2021-03-04T12:24:00","guid":{"rendered":"https:\/\/comunicacaoestrategicacps.com.br\/blog\/?p=1000"},"modified":"2021-03-04T09:24:04","modified_gmt":"2021-03-04T12:24:04","slug":"ayuso-contabilidade-339-mil-farao-a-declaracao-do-ir-em-campinas","status":"publish","type":"post","link":"https:\/\/comunicacaoestrategicacps.com.br\/blog\/ayuso-contabilidade-339-mil-farao-a-declaracao-do-ir-em-campinas\/","title":{"rendered":"Ayuso Contabilidade: 339 mil far\u00e3o a declara\u00e7\u00e3o do IR em Campinas"},"content":{"rendered":"<!--themify_builder_content-->\n<div id=\"themify_builder_content-1000\" data-postid=\"1000\" class=\"themify_builder_content themify_builder_content-1000 themify_builder tf_clear\">\n    <\/div>\n<!--\/themify_builder_content-->\n\n\n<figure class=\"wp-block-image size-large\"><img loading=\"lazy\" decoding=\"async\" width=\"399\" height=\"425\" src=\"https:\/\/comunicacaoestrategicacps.com.br\/blog\/wp-content\/uploads\/2021\/03\/ayusocontabilidade.jpg\" alt=\"\" class=\"wp-image-1001\" srcset=\"https:\/\/comunicacaoestrategicacps.com.br\/blog\/wp-content\/uploads\/2021\/03\/ayusocontabilidade.jpg 399w, https:\/\/comunicacaoestrategicacps.com.br\/blog\/wp-content\/uploads\/2021\/03\/ayusocontabilidade-282x300.jpg 282w\" sizes=\"auto, (max-width: 399px) 100vw, 399px\" \/><\/figure>\n\n\n\n<p> Entre as mudan\u00e7as da declara\u00e7\u00e3o de imposto de renda de pessoa f\u00edsica de 2021, a mais representativa, segundo especialistas, \u00e9 a que diz respeito ao aux\u00edlio emergencial. Isso porque os contribuintes que o receberam, a despeito do valor, e obtiveram rendimentos tribut\u00e1veis superiores a R$ 22.847,76 durante o ano de 2020, ser\u00e3o obrigados a entregar a declara\u00e7\u00e3o e devolver os valores recebidos.Outra mudan\u00e7a \u00e9 em rela\u00e7\u00e3o \u00e0 declara\u00e7\u00e3o pr\u00e9-preenchida, que j\u00e1 traz as principais informa\u00e7\u00f5es do contribuinte, que s\u00e3o fornecidas \u00e0 Receita Federal por empresas, m\u00e9dicos, entre outros. <\/p>\n\n\n\n<p>&#8220;Essa modalidade j\u00e1 existia, mas apenas para contribuintes que tinham certificado digital. Este ano, basta ter um cadastro no sistema unificado de sites do governo federal (gov.br) para ter acesso a ela&#8221;, ensina o contador Antonio Carlos Ayuso Junior, diretor da Ayuso Contabilidade.<\/p>\n\n\n\n<p>Outro aspecto novo diz respeito \u00e0 isen\u00e7\u00e3o para maiores de 65 anos. &#8220;Quando o contribuinte informa na declara\u00e7\u00e3o proventos de aposentadoria, reserva, reforma ou pens\u00e3o de declarantes maiores de 65 anos na ficha Rendimentos Isentos e N\u00e3o Tribut\u00e1veis, a parcela isenta \u00e9 calculada, e o excedente \u00e9 automaticamente transferido para a ficha de Rendimentos Tribut\u00e1veis de Pessoa Jur\u00eddica&#8221;, informa Ayuso.Foram criados tamb\u00e9m tr\u00eas novos c\u00f3digos em &#8220;bens e direitos&#8221; para declarar criptoativos, pois geravam muitas d\u00favidas na hora da declara\u00e7\u00e3o (81 &#8211; Criptoativo Bitcoin &#8211; BTC; 82 &#8211; Outros criptoativos, do tipo moeda digital (altcoins como Ether, XRP, Bitcoin Cash, Tether, Chainlink, Litecoin&#8230;); 89 &#8211; Demais criptoativos (payment tokens).<\/p>\n\n\n\n<p>Por causa do grande n\u00famero de fintechs e bancos digitais nas declara\u00e7\u00f5es com imposto a restituir, foi adicionada ainda a op\u00e7\u00e3o de &#8220;contas pagamentos&#8221;. Outra novidade \u00e9 que agora a Receita enviar\u00e1 e-mails e SMS alertando ao contribuinte que ele tem mensagem na caixa postal, no portal do e-CAC.&#8221;Vale ressaltar que n\u00e3o existe especificidade em rela\u00e7\u00e3o a declara\u00e7\u00f5es de Campinas. Todas s\u00e3o iguais em todo o territ\u00f3rio nacional&#8221;, lembra Ayuso.<\/p>\n\n\n\n<p> Em todo o Brasil, s\u00e3o esperadas cerca de 32 milh\u00f5es de declara\u00e7\u00f5es. No estado de S\u00e3o Paulo, cerca de 10,3 milh\u00f5es e, em Campinas, 339.314, informa a Se\u00e7\u00e3o de Comunica\u00e7\u00e3o Institucional da Receita Federal em S\u00e3o Paulo.<\/p>\n\n\n\n<p>(Jornal Correio Popular)<\/p>","protected":false},"excerpt":{"rendered":"<p>Entre as mudan\u00e7as da declara\u00e7\u00e3o de imposto de renda de pessoa f\u00edsica de 2021, a mais representativa, segundo especialistas, \u00e9 a que diz respeito ao aux\u00edlio emergencial. Isso porque os contribuintes que o receberam, a despeito do valor, e obtiveram rendimentos tribut\u00e1veis superiores a R$ 22.847,76 durante o ano de 2020, ser\u00e3o obrigados a entregar [&hellip;]<\/p>\n","protected":false},"author":1,"featured_media":1001,"comment_status":"open","ping_status":"open","sticky":false,"template":"","format":"standard","meta":{"footnotes":""},"categories":[43],"tags":[],"class_list":["post-1000","post","type-post","status-publish","format-standard","has-post-thumbnail","hentry","category-negocios-e-economia","has-post-title","has-post-date","has-post-category","has-post-tag","has-post-comment","has-post-author",""],"yoast_head":"<!-- This site is optimized with the Yoast SEO plugin v27.4 - https:\/\/yoast.com\/product\/yoast-seo-wordpress\/ -->\n<title>Ayuso Contabilidade: 339 mil far\u00e3o a declara\u00e7\u00e3o do IR em Campinas - Comunica\u00e7\u00e3o Estrat\u00e9gica<\/title>\n<meta name=\"robots\" content=\"index, follow, max-snippet:-1, max-image-preview:large, max-video-preview:-1\" \/>\n<link rel=\"canonical\" href=\"https:\/\/comunicacaoestrategicacps.com.br\/blog\/ayuso-contabilidade-339-mil-farao-a-declaracao-do-ir-em-campinas\/\" \/>\n<meta property=\"og:locale\" content=\"pt_BR\" \/>\n<meta property=\"og:type\" content=\"article\" \/>\n<meta property=\"og:title\" content=\"Ayuso Contabilidade: 339 mil far\u00e3o a declara\u00e7\u00e3o do IR em Campinas - Comunica\u00e7\u00e3o Estrat\u00e9gica\" \/>\n<meta property=\"og:description\" content=\"Entre as mudan\u00e7as da declara\u00e7\u00e3o de imposto de renda de pessoa f\u00edsica de 2021, a mais representativa, segundo especialistas, \u00e9 a que diz respeito ao aux\u00edlio emergencial. Isso porque os contribuintes que o receberam, a despeito do valor, e obtiveram rendimentos tribut\u00e1veis superiores a R$ 22.847,76 durante o ano de 2020, ser\u00e3o obrigados a entregar [&hellip;]\" \/>\n<meta property=\"og:url\" content=\"https:\/\/comunicacaoestrategicacps.com.br\/blog\/ayuso-contabilidade-339-mil-farao-a-declaracao-do-ir-em-campinas\/\" \/>\n<meta property=\"og:site_name\" content=\"Comunica\u00e7\u00e3o Estrat\u00e9gica\" \/>\n<meta property=\"article:published_time\" content=\"2021-03-04T12:24:00+00:00\" \/>\n<meta property=\"article:modified_time\" content=\"2021-03-04T12:24:04+00:00\" \/>\n<meta property=\"og:image\" content=\"https:\/\/comunicacaoestrategicacps.com.br\/blog\/wp-content\/uploads\/2021\/03\/ayusocontabilidade.jpg\" \/>\n\t<meta property=\"og:image:width\" content=\"399\" \/>\n\t<meta property=\"og:image:height\" content=\"425\" \/>\n\t<meta property=\"og:image:type\" content=\"image\/jpeg\" \/>\n<meta name=\"author\" content=\"admin\" \/>\n<meta name=\"twitter:card\" content=\"summary_large_image\" \/>\n<meta name=\"twitter:label1\" content=\"Escrito por\" \/>\n\t<meta name=\"twitter:data1\" content=\"admin\" \/>\n\t<meta name=\"twitter:label2\" content=\"Est. tempo de leitura\" \/>\n\t<meta name=\"twitter:data2\" content=\"2 minutos\" \/>\n<script type=\"application\/ld+json\" class=\"yoast-schema-graph\">{\"@context\":\"https:\\\/\\\/schema.org\",\"@graph\":[{\"@type\":\"Article\",\"@id\":\"https:\\\/\\\/comunicacaoestrategicacps.com.br\\\/blog\\\/ayuso-contabilidade-339-mil-farao-a-declaracao-do-ir-em-campinas\\\/#article\",\"isPartOf\":{\"@id\":\"https:\\\/\\\/comunicacaoestrategicacps.com.br\\\/blog\\\/ayuso-contabilidade-339-mil-farao-a-declaracao-do-ir-em-campinas\\\/\"},\"author\":{\"name\":\"admin\",\"@id\":\"https:\\\/\\\/comunicacaoestrategicacps.com.br\\\/blog\\\/#\\\/schema\\\/person\\\/8d447568a01edd36a56dbbcb702b02fc\"},\"headline\":\"Ayuso Contabilidade: 339 mil far\u00e3o a declara\u00e7\u00e3o do IR em Campinas\",\"datePublished\":\"2021-03-04T12:24:00+00:00\",\"dateModified\":\"2021-03-04T12:24:04+00:00\",\"mainEntityOfPage\":{\"@id\":\"https:\\\/\\\/comunicacaoestrategicacps.com.br\\\/blog\\\/ayuso-contabilidade-339-mil-farao-a-declaracao-do-ir-em-campinas\\\/\"},\"wordCount\":389,\"commentCount\":0,\"image\":{\"@id\":\"https:\\\/\\\/comunicacaoestrategicacps.com.br\\\/blog\\\/ayuso-contabilidade-339-mil-farao-a-declaracao-do-ir-em-campinas\\\/#primaryimage\"},\"thumbnailUrl\":\"https:\\\/\\\/comunicacaoestrategicacps.com.br\\\/blog\\\/wp-content\\\/uploads\\\/2021\\\/03\\\/ayusocontabilidade.jpg\",\"articleSection\":[\"Neg\u00f3cios e Economia\"],\"inLanguage\":\"pt-BR\",\"potentialAction\":[{\"@type\":\"CommentAction\",\"name\":\"Comment\",\"target\":[\"https:\\\/\\\/comunicacaoestrategicacps.com.br\\\/blog\\\/ayuso-contabilidade-339-mil-farao-a-declaracao-do-ir-em-campinas\\\/#respond\"]}]},{\"@type\":\"WebPage\",\"@id\":\"https:\\\/\\\/comunicacaoestrategicacps.com.br\\\/blog\\\/ayuso-contabilidade-339-mil-farao-a-declaracao-do-ir-em-campinas\\\/\",\"url\":\"https:\\\/\\\/comunicacaoestrategicacps.com.br\\\/blog\\\/ayuso-contabilidade-339-mil-farao-a-declaracao-do-ir-em-campinas\\\/\",\"name\":\"Ayuso Contabilidade: 339 mil far\u00e3o a declara\u00e7\u00e3o do IR em Campinas - Comunica\u00e7\u00e3o Estrat\u00e9gica\",\"isPartOf\":{\"@id\":\"https:\\\/\\\/comunicacaoestrategicacps.com.br\\\/blog\\\/#website\"},\"primaryImageOfPage\":{\"@id\":\"https:\\\/\\\/comunicacaoestrategicacps.com.br\\\/blog\\\/ayuso-contabilidade-339-mil-farao-a-declaracao-do-ir-em-campinas\\\/#primaryimage\"},\"image\":{\"@id\":\"https:\\\/\\\/comunicacaoestrategicacps.com.br\\\/blog\\\/ayuso-contabilidade-339-mil-farao-a-declaracao-do-ir-em-campinas\\\/#primaryimage\"},\"thumbnailUrl\":\"https:\\\/\\\/comunicacaoestrategicacps.com.br\\\/blog\\\/wp-content\\\/uploads\\\/2021\\\/03\\\/ayusocontabilidade.jpg\",\"datePublished\":\"2021-03-04T12:24:00+00:00\",\"dateModified\":\"2021-03-04T12:24:04+00:00\",\"author\":{\"@id\":\"https:\\\/\\\/comunicacaoestrategicacps.com.br\\\/blog\\\/#\\\/schema\\\/person\\\/8d447568a01edd36a56dbbcb702b02fc\"},\"breadcrumb\":{\"@id\":\"https:\\\/\\\/comunicacaoestrategicacps.com.br\\\/blog\\\/ayuso-contabilidade-339-mil-farao-a-declaracao-do-ir-em-campinas\\\/#breadcrumb\"},\"inLanguage\":\"pt-BR\",\"potentialAction\":[{\"@type\":\"ReadAction\",\"target\":[\"https:\\\/\\\/comunicacaoestrategicacps.com.br\\\/blog\\\/ayuso-contabilidade-339-mil-farao-a-declaracao-do-ir-em-campinas\\\/\"]}]},{\"@type\":\"ImageObject\",\"inLanguage\":\"pt-BR\",\"@id\":\"https:\\\/\\\/comunicacaoestrategicacps.com.br\\\/blog\\\/ayuso-contabilidade-339-mil-farao-a-declaracao-do-ir-em-campinas\\\/#primaryimage\",\"url\":\"https:\\\/\\\/comunicacaoestrategicacps.com.br\\\/blog\\\/wp-content\\\/uploads\\\/2021\\\/03\\\/ayusocontabilidade.jpg\",\"contentUrl\":\"https:\\\/\\\/comunicacaoestrategicacps.com.br\\\/blog\\\/wp-content\\\/uploads\\\/2021\\\/03\\\/ayusocontabilidade.jpg\",\"width\":399,\"height\":425},{\"@type\":\"BreadcrumbList\",\"@id\":\"https:\\\/\\\/comunicacaoestrategicacps.com.br\\\/blog\\\/ayuso-contabilidade-339-mil-farao-a-declaracao-do-ir-em-campinas\\\/#breadcrumb\",\"itemListElement\":[{\"@type\":\"ListItem\",\"position\":1,\"name\":\"In\u00edcio\",\"item\":\"https:\\\/\\\/comunicacaoestrategicacps.com.br\\\/blog\\\/\"},{\"@type\":\"ListItem\",\"position\":2,\"name\":\"Ayuso Contabilidade: 339 mil far\u00e3o a declara\u00e7\u00e3o do IR em Campinas\"}]},{\"@type\":\"WebSite\",\"@id\":\"https:\\\/\\\/comunicacaoestrategicacps.com.br\\\/blog\\\/#website\",\"url\":\"https:\\\/\\\/comunicacaoestrategicacps.com.br\\\/blog\\\/\",\"name\":\"Comunica\u00e7\u00e3o Estrat\u00e9gica\",\"description\":\"Comunica\u00e7\u00e3o Estrat\u00e9gica  - Assessoria de Imprensa\",\"potentialAction\":[{\"@type\":\"SearchAction\",\"target\":{\"@type\":\"EntryPoint\",\"urlTemplate\":\"https:\\\/\\\/comunicacaoestrategicacps.com.br\\\/blog\\\/?s={search_term_string}\"},\"query-input\":{\"@type\":\"PropertyValueSpecification\",\"valueRequired\":true,\"valueName\":\"search_term_string\"}}],\"inLanguage\":\"pt-BR\"},{\"@type\":\"Person\",\"@id\":\"https:\\\/\\\/comunicacaoestrategicacps.com.br\\\/blog\\\/#\\\/schema\\\/person\\\/8d447568a01edd36a56dbbcb702b02fc\",\"name\":\"admin\",\"image\":{\"@type\":\"ImageObject\",\"inLanguage\":\"pt-BR\",\"@id\":\"https:\\\/\\\/secure.gravatar.com\\\/avatar\\\/2cc026ea89b57b9d913d4ce5b90a0490046c0c9048a129e24cc44313a90d3f77?s=96&d=mm&r=g\",\"url\":\"https:\\\/\\\/secure.gravatar.com\\\/avatar\\\/2cc026ea89b57b9d913d4ce5b90a0490046c0c9048a129e24cc44313a90d3f77?s=96&d=mm&r=g\",\"contentUrl\":\"https:\\\/\\\/secure.gravatar.com\\\/avatar\\\/2cc026ea89b57b9d913d4ce5b90a0490046c0c9048a129e24cc44313a90d3f77?s=96&d=mm&r=g\",\"caption\":\"admin\"},\"url\":\"https:\\\/\\\/comunicacaoestrategicacps.com.br\\\/blog\\\/author\\\/admin\\\/\"}]}<\/script>\n<!-- \/ Yoast SEO plugin. -->","yoast_head_json":{"title":"Ayuso Contabilidade: 339 mil far\u00e3o a declara\u00e7\u00e3o do IR em Campinas - Comunica\u00e7\u00e3o Estrat\u00e9gica","robots":{"index":"index","follow":"follow","max-snippet":"max-snippet:-1","max-image-preview":"max-image-preview:large","max-video-preview":"max-video-preview:-1"},"canonical":"https:\/\/comunicacaoestrategicacps.com.br\/blog\/ayuso-contabilidade-339-mil-farao-a-declaracao-do-ir-em-campinas\/","og_locale":"pt_BR","og_type":"article","og_title":"Ayuso Contabilidade: 339 mil far\u00e3o a declara\u00e7\u00e3o do IR em Campinas - Comunica\u00e7\u00e3o Estrat\u00e9gica","og_description":"Entre as mudan\u00e7as da declara\u00e7\u00e3o de imposto de renda de pessoa f\u00edsica de 2021, a mais representativa, segundo especialistas, \u00e9 a que diz respeito ao aux\u00edlio emergencial. Isso porque os contribuintes que o receberam, a despeito do valor, e obtiveram rendimentos tribut\u00e1veis superiores a R$ 22.847,76 durante o ano de 2020, ser\u00e3o obrigados a entregar [&hellip;]","og_url":"https:\/\/comunicacaoestrategicacps.com.br\/blog\/ayuso-contabilidade-339-mil-farao-a-declaracao-do-ir-em-campinas\/","og_site_name":"Comunica\u00e7\u00e3o Estrat\u00e9gica","article_published_time":"2021-03-04T12:24:00+00:00","article_modified_time":"2021-03-04T12:24:04+00:00","og_image":[{"width":399,"height":425,"url":"https:\/\/comunicacaoestrategicacps.com.br\/blog\/wp-content\/uploads\/2021\/03\/ayusocontabilidade.jpg","type":"image\/jpeg"}],"author":"admin","twitter_card":"summary_large_image","twitter_misc":{"Escrito por":"admin","Est. tempo de leitura":"2 minutos"},"schema":{"@context":"https:\/\/schema.org","@graph":[{"@type":"Article","@id":"https:\/\/comunicacaoestrategicacps.com.br\/blog\/ayuso-contabilidade-339-mil-farao-a-declaracao-do-ir-em-campinas\/#article","isPartOf":{"@id":"https:\/\/comunicacaoestrategicacps.com.br\/blog\/ayuso-contabilidade-339-mil-farao-a-declaracao-do-ir-em-campinas\/"},"author":{"name":"admin","@id":"https:\/\/comunicacaoestrategicacps.com.br\/blog\/#\/schema\/person\/8d447568a01edd36a56dbbcb702b02fc"},"headline":"Ayuso Contabilidade: 339 mil far\u00e3o a declara\u00e7\u00e3o do IR em Campinas","datePublished":"2021-03-04T12:24:00+00:00","dateModified":"2021-03-04T12:24:04+00:00","mainEntityOfPage":{"@id":"https:\/\/comunicacaoestrategicacps.com.br\/blog\/ayuso-contabilidade-339-mil-farao-a-declaracao-do-ir-em-campinas\/"},"wordCount":389,"commentCount":0,"image":{"@id":"https:\/\/comunicacaoestrategicacps.com.br\/blog\/ayuso-contabilidade-339-mil-farao-a-declaracao-do-ir-em-campinas\/#primaryimage"},"thumbnailUrl":"https:\/\/comunicacaoestrategicacps.com.br\/blog\/wp-content\/uploads\/2021\/03\/ayusocontabilidade.jpg","articleSection":["Neg\u00f3cios e Economia"],"inLanguage":"pt-BR","potentialAction":[{"@type":"CommentAction","name":"Comment","target":["https:\/\/comunicacaoestrategicacps.com.br\/blog\/ayuso-contabilidade-339-mil-farao-a-declaracao-do-ir-em-campinas\/#respond"]}]},{"@type":"WebPage","@id":"https:\/\/comunicacaoestrategicacps.com.br\/blog\/ayuso-contabilidade-339-mil-farao-a-declaracao-do-ir-em-campinas\/","url":"https:\/\/comunicacaoestrategicacps.com.br\/blog\/ayuso-contabilidade-339-mil-farao-a-declaracao-do-ir-em-campinas\/","name":"Ayuso Contabilidade: 339 mil far\u00e3o a declara\u00e7\u00e3o do IR em Campinas - Comunica\u00e7\u00e3o Estrat\u00e9gica","isPartOf":{"@id":"https:\/\/comunicacaoestrategicacps.com.br\/blog\/#website"},"primaryImageOfPage":{"@id":"https:\/\/comunicacaoestrategicacps.com.br\/blog\/ayuso-contabilidade-339-mil-farao-a-declaracao-do-ir-em-campinas\/#primaryimage"},"image":{"@id":"https:\/\/comunicacaoestrategicacps.com.br\/blog\/ayuso-contabilidade-339-mil-farao-a-declaracao-do-ir-em-campinas\/#primaryimage"},"thumbnailUrl":"https:\/\/comunicacaoestrategicacps.com.br\/blog\/wp-content\/uploads\/2021\/03\/ayusocontabilidade.jpg","datePublished":"2021-03-04T12:24:00+00:00","dateModified":"2021-03-04T12:24:04+00:00","author":{"@id":"https:\/\/comunicacaoestrategicacps.com.br\/blog\/#\/schema\/person\/8d447568a01edd36a56dbbcb702b02fc"},"breadcrumb":{"@id":"https:\/\/comunicacaoestrategicacps.com.br\/blog\/ayuso-contabilidade-339-mil-farao-a-declaracao-do-ir-em-campinas\/#breadcrumb"},"inLanguage":"pt-BR","potentialAction":[{"@type":"ReadAction","target":["https:\/\/comunicacaoestrategicacps.com.br\/blog\/ayuso-contabilidade-339-mil-farao-a-declaracao-do-ir-em-campinas\/"]}]},{"@type":"ImageObject","inLanguage":"pt-BR","@id":"https:\/\/comunicacaoestrategicacps.com.br\/blog\/ayuso-contabilidade-339-mil-farao-a-declaracao-do-ir-em-campinas\/#primaryimage","url":"https:\/\/comunicacaoestrategicacps.com.br\/blog\/wp-content\/uploads\/2021\/03\/ayusocontabilidade.jpg","contentUrl":"https:\/\/comunicacaoestrategicacps.com.br\/blog\/wp-content\/uploads\/2021\/03\/ayusocontabilidade.jpg","width":399,"height":425},{"@type":"BreadcrumbList","@id":"https:\/\/comunicacaoestrategicacps.com.br\/blog\/ayuso-contabilidade-339-mil-farao-a-declaracao-do-ir-em-campinas\/#breadcrumb","itemListElement":[{"@type":"ListItem","position":1,"name":"In\u00edcio","item":"https:\/\/comunicacaoestrategicacps.com.br\/blog\/"},{"@type":"ListItem","position":2,"name":"Ayuso Contabilidade: 339 mil far\u00e3o a declara\u00e7\u00e3o do IR em Campinas"}]},{"@type":"WebSite","@id":"https:\/\/comunicacaoestrategicacps.com.br\/blog\/#website","url":"https:\/\/comunicacaoestrategicacps.com.br\/blog\/","name":"Comunica\u00e7\u00e3o Estrat\u00e9gica","description":"Comunica\u00e7\u00e3o Estrat\u00e9gica  - Assessoria de Imprensa","potentialAction":[{"@type":"SearchAction","target":{"@type":"EntryPoint","urlTemplate":"https:\/\/comunicacaoestrategicacps.com.br\/blog\/?s={search_term_string}"},"query-input":{"@type":"PropertyValueSpecification","valueRequired":true,"valueName":"search_term_string"}}],"inLanguage":"pt-BR"},{"@type":"Person","@id":"https:\/\/comunicacaoestrategicacps.com.br\/blog\/#\/schema\/person\/8d447568a01edd36a56dbbcb702b02fc","name":"admin","image":{"@type":"ImageObject","inLanguage":"pt-BR","@id":"https:\/\/secure.gravatar.com\/avatar\/2cc026ea89b57b9d913d4ce5b90a0490046c0c9048a129e24cc44313a90d3f77?s=96&d=mm&r=g","url":"https:\/\/secure.gravatar.com\/avatar\/2cc026ea89b57b9d913d4ce5b90a0490046c0c9048a129e24cc44313a90d3f77?s=96&d=mm&r=g","contentUrl":"https:\/\/secure.gravatar.com\/avatar\/2cc026ea89b57b9d913d4ce5b90a0490046c0c9048a129e24cc44313a90d3f77?s=96&d=mm&r=g","caption":"admin"},"url":"https:\/\/comunicacaoestrategicacps.com.br\/blog\/author\/admin\/"}]}},"builder_content":"","_links":{"self":[{"href":"https:\/\/comunicacaoestrategicacps.com.br\/blog\/wp-json\/wp\/v2\/posts\/1000","targetHints":{"allow":["GET"]}}],"collection":[{"href":"https:\/\/comunicacaoestrategicacps.com.br\/blog\/wp-json\/wp\/v2\/posts"}],"about":[{"href":"https:\/\/comunicacaoestrategicacps.com.br\/blog\/wp-json\/wp\/v2\/types\/post"}],"author":[{"embeddable":true,"href":"https:\/\/comunicacaoestrategicacps.com.br\/blog\/wp-json\/wp\/v2\/users\/1"}],"replies":[{"embeddable":true,"href":"https:\/\/comunicacaoestrategicacps.com.br\/blog\/wp-json\/wp\/v2\/comments?post=1000"}],"version-history":[{"count":1,"href":"https:\/\/comunicacaoestrategicacps.com.br\/blog\/wp-json\/wp\/v2\/posts\/1000\/revisions"}],"predecessor-version":[{"id":1002,"href":"https:\/\/comunicacaoestrategicacps.com.br\/blog\/wp-json\/wp\/v2\/posts\/1000\/revisions\/1002"}],"wp:featuredmedia":[{"embeddable":true,"href":"https:\/\/comunicacaoestrategicacps.com.br\/blog\/wp-json\/wp\/v2\/media\/1001"}],"wp:attachment":[{"href":"https:\/\/comunicacaoestrategicacps.com.br\/blog\/wp-json\/wp\/v2\/media?parent=1000"}],"wp:term":[{"taxonomy":"category","embeddable":true,"href":"https:\/\/comunicacaoestrategicacps.com.br\/blog\/wp-json\/wp\/v2\/categories?post=1000"},{"taxonomy":"post_tag","embeddable":true,"href":"https:\/\/comunicacaoestrategicacps.com.br\/blog\/wp-json\/wp\/v2\/tags?post=1000"}],"curies":[{"name":"wp","href":"https:\/\/api.w.org\/{rel}","templated":true}]}}