{"id":1003,"date":"2021-03-04T09:28:51","date_gmt":"2021-03-04T12:28:51","guid":{"rendered":"https:\/\/comunicacaoestrategicacps.com.br\/blog\/?p=1003"},"modified":"2021-03-04T09:28:54","modified_gmt":"2021-03-04T12:28:54","slug":"fase-vermelha-deve-agravar-ainda-mais-a-situacao-financeira-de-lojistas-de-shoppings","status":"publish","type":"post","link":"https:\/\/comunicacaoestrategicacps.com.br\/blog\/fase-vermelha-deve-agravar-ainda-mais-a-situacao-financeira-de-lojistas-de-shoppings\/","title":{"rendered":"Fase vermelha deve agravar ainda mais a situa\u00e7\u00e3o financeira de lojistas de shoppings"},"content":{"rendered":"<!--themify_builder_content-->\n<div id=\"themify_builder_content-1003\" data-postid=\"1003\" class=\"themify_builder_content themify_builder_content-1003 themify_builder tf_clear\">\n    <\/div>\n<!--\/themify_builder_content-->\n\n\n<figure class=\"wp-block-image size-large\"><img loading=\"lazy\" decoding=\"async\" width=\"682\" height=\"1024\" src=\"https:\/\/comunicacaoestrategicacps.com.br\/blog\/wp-content\/uploads\/2020\/03\/Gustavo-Manggioni-1-682x1024.jpg\" alt=\"\" class=\"wp-image-645\" srcset=\"https:\/\/comunicacaoestrategicacps.com.br\/blog\/wp-content\/uploads\/2020\/03\/Gustavo-Manggioni-1-682x1024.jpg 682w, https:\/\/comunicacaoestrategicacps.com.br\/blog\/wp-content\/uploads\/2020\/03\/Gustavo-Manggioni-1-200x300.jpg 200w, https:\/\/comunicacaoestrategicacps.com.br\/blog\/wp-content\/uploads\/2020\/03\/Gustavo-Manggioni-1-768x1152.jpg 768w, https:\/\/comunicacaoestrategicacps.com.br\/blog\/wp-content\/uploads\/2020\/03\/Gustavo-Manggioni-1.jpg 853w\" sizes=\"auto, (max-width: 682px) 100vw, 682px\" \/><\/figure>\n\n\n\n<p>Campinas,\n02 de mar\u00e7o de 2021 &#8211; A Comiss\u00e3o de Shoppings Centers da Ordem dos Advogados do\nBrasil (OAB) de Campinas v\u00ea com grande preocupa\u00e7\u00e3o o retorno da cidade para a\nfase vermelha, no per\u00edodo de 03 a 13 de mar\u00e7o, como anunciado nesta tarde pelo\nprefeito da cidade. Lojistas dos centros de compra j\u00e1 atravessam momentos de\ngrande dificuldade financeira, pela queda de movimento e vendas desde o inicio\nda pandemia de covid, h\u00e1 um ano, dificuldades em negocia\u00e7\u00f5es de aluguel e agora\nter\u00e3o de fechar por mais 15 dias.<\/p>\n\n\n\n<p>O\npresidente da Comiss\u00e3o, Gustavo Maggioni, lembra um levantamento realizado pela\nAssocia\u00e7\u00e3o Brasileira de Lojistas de Shopping (Alshop), revela o tamanho da\ndificuldade dos lojistas. As visitas mensais aos shoppings ca\u00edram de 502\nmilh\u00f5es em 2019, para 341 milh\u00f5es no ano passado. O dado abrange todo o pa\u00eds no\nper\u00edodo de janeiro a dezembro, e o tempo de perman\u00eancia dentro dos centros de\ncompras tamb\u00e9m foi reduzido, de 1h30 para uma m\u00e9dia de 20 a 30 minutos. Por\nconta da queda de movimento, somente em Campinas mais de 100 lojas encerraram\nsuas atividades no ano passado.<\/p>\n\n\n\n<p>A\nreabertura dos shoppings n\u00e3o foi suficiente para evitar preju\u00edzos, afirma ele.\nOutra dificuldade no momento est\u00e1 sendo a dificuldades dos lojistas em\nrenegociar o valor do aluguel com taxas mais reais. \u201cA maioria dos contratos\nest\u00e1 atrelada ao IGPM, que disparou nos \u00faltimos doze meses e as administradores\nrelutam em alterar o \u00edndice\u201d, completa.<\/p>","protected":false},"excerpt":{"rendered":"<p>Campinas, 02 de mar\u00e7o de 2021 &#8211; A Comiss\u00e3o de Shoppings Centers da Ordem dos Advogados do Brasil (OAB) de Campinas v\u00ea com grande preocupa\u00e7\u00e3o o retorno da cidade para a fase vermelha, no per\u00edodo de 03 a 13 de mar\u00e7o, como anunciado nesta tarde pelo prefeito da cidade. Lojistas dos centros de compra j\u00e1 [&hellip;]<\/p>\n","protected":false},"author":1,"featured_media":680,"comment_status":"open","ping_status":"open","sticky":false,"template":"","format":"standard","meta":{"footnotes":""},"categories":[43],"tags":[],"class_list":["post-1003","post","type-post","status-publish","format-standard","has-post-thumbnail","hentry","category-negocios-e-economia","has-post-title","has-post-date","has-post-category","has-post-tag","has-post-comment","has-post-author",""],"yoast_head":"<!-- This site is optimized with the Yoast SEO plugin v27.4 - https:\/\/yoast.com\/product\/yoast-seo-wordpress\/ -->\n<title>Fase vermelha deve agravar ainda mais a situa\u00e7\u00e3o financeira de lojistas de shoppings - Comunica\u00e7\u00e3o Estrat\u00e9gica<\/title>\n<meta name=\"robots\" content=\"index, follow, max-snippet:-1, max-image-preview:large, max-video-preview:-1\" \/>\n<link rel=\"canonical\" href=\"https:\/\/comunicacaoestrategicacps.com.br\/blog\/fase-vermelha-deve-agravar-ainda-mais-a-situacao-financeira-de-lojistas-de-shoppings\/\" \/>\n<meta property=\"og:locale\" content=\"pt_BR\" \/>\n<meta property=\"og:type\" content=\"article\" \/>\n<meta property=\"og:title\" content=\"Fase vermelha deve agravar ainda mais a situa\u00e7\u00e3o financeira de lojistas de shoppings - Comunica\u00e7\u00e3o Estrat\u00e9gica\" \/>\n<meta property=\"og:description\" content=\"Campinas, 02 de mar\u00e7o de 2021 &#8211; A Comiss\u00e3o de Shoppings Centers da Ordem dos Advogados do Brasil (OAB) de Campinas v\u00ea com grande preocupa\u00e7\u00e3o o retorno da cidade para a fase vermelha, no per\u00edodo de 03 a 13 de mar\u00e7o, como anunciado nesta tarde pelo prefeito da cidade. Lojistas dos centros de compra j\u00e1 [&hellip;]\" \/>\n<meta property=\"og:url\" content=\"https:\/\/comunicacaoestrategicacps.com.br\/blog\/fase-vermelha-deve-agravar-ainda-mais-a-situacao-financeira-de-lojistas-de-shoppings\/\" \/>\n<meta property=\"og:site_name\" content=\"Comunica\u00e7\u00e3o Estrat\u00e9gica\" \/>\n<meta property=\"article:published_time\" content=\"2021-03-04T12:28:51+00:00\" \/>\n<meta property=\"article:modified_time\" content=\"2021-03-04T12:28:54+00:00\" \/>\n<meta property=\"og:image\" content=\"https:\/\/comunicacaoestrategicacps.com.br\/blog\/wp-content\/uploads\/2020\/04\/Gustavo-Maggioni.jpg\" \/>\n\t<meta property=\"og:image:width\" content=\"1280\" \/>\n\t<meta property=\"og:image:height\" content=\"853\" \/>\n\t<meta property=\"og:image:type\" content=\"image\/jpeg\" \/>\n<meta name=\"author\" content=\"admin\" \/>\n<meta name=\"twitter:card\" content=\"summary_large_image\" \/>\n<meta name=\"twitter:label1\" content=\"Escrito por\" \/>\n\t<meta name=\"twitter:data1\" content=\"admin\" \/>\n\t<meta name=\"twitter:label2\" content=\"Est. tempo de leitura\" \/>\n\t<meta name=\"twitter:data2\" content=\"1 minuto\" \/>\n<script type=\"application\/ld+json\" class=\"yoast-schema-graph\">{\"@context\":\"https:\\\/\\\/schema.org\",\"@graph\":[{\"@type\":\"Article\",\"@id\":\"https:\\\/\\\/comunicacaoestrategicacps.com.br\\\/blog\\\/fase-vermelha-deve-agravar-ainda-mais-a-situacao-financeira-de-lojistas-de-shoppings\\\/#article\",\"isPartOf\":{\"@id\":\"https:\\\/\\\/comunicacaoestrategicacps.com.br\\\/blog\\\/fase-vermelha-deve-agravar-ainda-mais-a-situacao-financeira-de-lojistas-de-shoppings\\\/\"},\"author\":{\"name\":\"admin\",\"@id\":\"https:\\\/\\\/comunicacaoestrategicacps.com.br\\\/blog\\\/#\\\/schema\\\/person\\\/8d447568a01edd36a56dbbcb702b02fc\"},\"headline\":\"Fase vermelha deve agravar ainda mais a situa\u00e7\u00e3o financeira de lojistas de shoppings\",\"datePublished\":\"2021-03-04T12:28:51+00:00\",\"dateModified\":\"2021-03-04T12:28:54+00:00\",\"mainEntityOfPage\":{\"@id\":\"https:\\\/\\\/comunicacaoestrategicacps.com.br\\\/blog\\\/fase-vermelha-deve-agravar-ainda-mais-a-situacao-financeira-de-lojistas-de-shoppings\\\/\"},\"wordCount\":264,\"commentCount\":0,\"image\":{\"@id\":\"https:\\\/\\\/comunicacaoestrategicacps.com.br\\\/blog\\\/fase-vermelha-deve-agravar-ainda-mais-a-situacao-financeira-de-lojistas-de-shoppings\\\/#primaryimage\"},\"thumbnailUrl\":\"https:\\\/\\\/comunicacaoestrategicacps.com.br\\\/blog\\\/wp-content\\\/uploads\\\/2020\\\/04\\\/Gustavo-Maggioni.jpg\",\"articleSection\":[\"Neg\u00f3cios e Economia\"],\"inLanguage\":\"pt-BR\",\"potentialAction\":[{\"@type\":\"CommentAction\",\"name\":\"Comment\",\"target\":[\"https:\\\/\\\/comunicacaoestrategicacps.com.br\\\/blog\\\/fase-vermelha-deve-agravar-ainda-mais-a-situacao-financeira-de-lojistas-de-shoppings\\\/#respond\"]}]},{\"@type\":\"WebPage\",\"@id\":\"https:\\\/\\\/comunicacaoestrategicacps.com.br\\\/blog\\\/fase-vermelha-deve-agravar-ainda-mais-a-situacao-financeira-de-lojistas-de-shoppings\\\/\",\"url\":\"https:\\\/\\\/comunicacaoestrategicacps.com.br\\\/blog\\\/fase-vermelha-deve-agravar-ainda-mais-a-situacao-financeira-de-lojistas-de-shoppings\\\/\",\"name\":\"Fase vermelha deve agravar ainda mais a situa\u00e7\u00e3o financeira de lojistas de shoppings - Comunica\u00e7\u00e3o Estrat\u00e9gica\",\"isPartOf\":{\"@id\":\"https:\\\/\\\/comunicacaoestrategicacps.com.br\\\/blog\\\/#website\"},\"primaryImageOfPage\":{\"@id\":\"https:\\\/\\\/comunicacaoestrategicacps.com.br\\\/blog\\\/fase-vermelha-deve-agravar-ainda-mais-a-situacao-financeira-de-lojistas-de-shoppings\\\/#primaryimage\"},\"image\":{\"@id\":\"https:\\\/\\\/comunicacaoestrategicacps.com.br\\\/blog\\\/fase-vermelha-deve-agravar-ainda-mais-a-situacao-financeira-de-lojistas-de-shoppings\\\/#primaryimage\"},\"thumbnailUrl\":\"https:\\\/\\\/comunicacaoestrategicacps.com.br\\\/blog\\\/wp-content\\\/uploads\\\/2020\\\/04\\\/Gustavo-Maggioni.jpg\",\"datePublished\":\"2021-03-04T12:28:51+00:00\",\"dateModified\":\"2021-03-04T12:28:54+00:00\",\"author\":{\"@id\":\"https:\\\/\\\/comunicacaoestrategicacps.com.br\\\/blog\\\/#\\\/schema\\\/person\\\/8d447568a01edd36a56dbbcb702b02fc\"},\"breadcrumb\":{\"@id\":\"https:\\\/\\\/comunicacaoestrategicacps.com.br\\\/blog\\\/fase-vermelha-deve-agravar-ainda-mais-a-situacao-financeira-de-lojistas-de-shoppings\\\/#breadcrumb\"},\"inLanguage\":\"pt-BR\",\"potentialAction\":[{\"@type\":\"ReadAction\",\"target\":[\"https:\\\/\\\/comunicacaoestrategicacps.com.br\\\/blog\\\/fase-vermelha-deve-agravar-ainda-mais-a-situacao-financeira-de-lojistas-de-shoppings\\\/\"]}]},{\"@type\":\"ImageObject\",\"inLanguage\":\"pt-BR\",\"@id\":\"https:\\\/\\\/comunicacaoestrategicacps.com.br\\\/blog\\\/fase-vermelha-deve-agravar-ainda-mais-a-situacao-financeira-de-lojistas-de-shoppings\\\/#primaryimage\",\"url\":\"https:\\\/\\\/comunicacaoestrategicacps.com.br\\\/blog\\\/wp-content\\\/uploads\\\/2020\\\/04\\\/Gustavo-Maggioni.jpg\",\"contentUrl\":\"https:\\\/\\\/comunicacaoestrategicacps.com.br\\\/blog\\\/wp-content\\\/uploads\\\/2020\\\/04\\\/Gustavo-Maggioni.jpg\",\"width\":1280,\"height\":853},{\"@type\":\"BreadcrumbList\",\"@id\":\"https:\\\/\\\/comunicacaoestrategicacps.com.br\\\/blog\\\/fase-vermelha-deve-agravar-ainda-mais-a-situacao-financeira-de-lojistas-de-shoppings\\\/#breadcrumb\",\"itemListElement\":[{\"@type\":\"ListItem\",\"position\":1,\"name\":\"In\u00edcio\",\"item\":\"https:\\\/\\\/comunicacaoestrategicacps.com.br\\\/blog\\\/\"},{\"@type\":\"ListItem\",\"position\":2,\"name\":\"Fase vermelha deve agravar ainda mais a situa\u00e7\u00e3o financeira de lojistas de shoppings\"}]},{\"@type\":\"WebSite\",\"@id\":\"https:\\\/\\\/comunicacaoestrategicacps.com.br\\\/blog\\\/#website\",\"url\":\"https:\\\/\\\/comunicacaoestrategicacps.com.br\\\/blog\\\/\",\"name\":\"Comunica\u00e7\u00e3o Estrat\u00e9gica\",\"description\":\"Comunica\u00e7\u00e3o Estrat\u00e9gica  - Assessoria de Imprensa\",\"potentialAction\":[{\"@type\":\"SearchAction\",\"target\":{\"@type\":\"EntryPoint\",\"urlTemplate\":\"https:\\\/\\\/comunicacaoestrategicacps.com.br\\\/blog\\\/?s={search_term_string}\"},\"query-input\":{\"@type\":\"PropertyValueSpecification\",\"valueRequired\":true,\"valueName\":\"search_term_string\"}}],\"inLanguage\":\"pt-BR\"},{\"@type\":\"Person\",\"@id\":\"https:\\\/\\\/comunicacaoestrategicacps.com.br\\\/blog\\\/#\\\/schema\\\/person\\\/8d447568a01edd36a56dbbcb702b02fc\",\"name\":\"admin\",\"image\":{\"@type\":\"ImageObject\",\"inLanguage\":\"pt-BR\",\"@id\":\"https:\\\/\\\/secure.gravatar.com\\\/avatar\\\/2cc026ea89b57b9d913d4ce5b90a0490046c0c9048a129e24cc44313a90d3f77?s=96&d=mm&r=g\",\"url\":\"https:\\\/\\\/secure.gravatar.com\\\/avatar\\\/2cc026ea89b57b9d913d4ce5b90a0490046c0c9048a129e24cc44313a90d3f77?s=96&d=mm&r=g\",\"contentUrl\":\"https:\\\/\\\/secure.gravatar.com\\\/avatar\\\/2cc026ea89b57b9d913d4ce5b90a0490046c0c9048a129e24cc44313a90d3f77?s=96&d=mm&r=g\",\"caption\":\"admin\"},\"url\":\"https:\\\/\\\/comunicacaoestrategicacps.com.br\\\/blog\\\/author\\\/admin\\\/\"}]}<\/script>\n<!-- \/ Yoast SEO plugin. -->","yoast_head_json":{"title":"Fase vermelha deve agravar ainda mais a situa\u00e7\u00e3o financeira de lojistas de shoppings - Comunica\u00e7\u00e3o Estrat\u00e9gica","robots":{"index":"index","follow":"follow","max-snippet":"max-snippet:-1","max-image-preview":"max-image-preview:large","max-video-preview":"max-video-preview:-1"},"canonical":"https:\/\/comunicacaoestrategicacps.com.br\/blog\/fase-vermelha-deve-agravar-ainda-mais-a-situacao-financeira-de-lojistas-de-shoppings\/","og_locale":"pt_BR","og_type":"article","og_title":"Fase vermelha deve agravar ainda mais a situa\u00e7\u00e3o financeira de lojistas de shoppings - Comunica\u00e7\u00e3o Estrat\u00e9gica","og_description":"Campinas, 02 de mar\u00e7o de 2021 &#8211; A Comiss\u00e3o de Shoppings Centers da Ordem dos Advogados do Brasil (OAB) de Campinas v\u00ea com grande preocupa\u00e7\u00e3o o retorno da cidade para a fase vermelha, no per\u00edodo de 03 a 13 de mar\u00e7o, como anunciado nesta tarde pelo prefeito da cidade. Lojistas dos centros de compra j\u00e1 [&hellip;]","og_url":"https:\/\/comunicacaoestrategicacps.com.br\/blog\/fase-vermelha-deve-agravar-ainda-mais-a-situacao-financeira-de-lojistas-de-shoppings\/","og_site_name":"Comunica\u00e7\u00e3o Estrat\u00e9gica","article_published_time":"2021-03-04T12:28:51+00:00","article_modified_time":"2021-03-04T12:28:54+00:00","og_image":[{"width":1280,"height":853,"url":"https:\/\/comunicacaoestrategicacps.com.br\/blog\/wp-content\/uploads\/2020\/04\/Gustavo-Maggioni.jpg","type":"image\/jpeg"}],"author":"admin","twitter_card":"summary_large_image","twitter_misc":{"Escrito por":"admin","Est. tempo de leitura":"1 minuto"},"schema":{"@context":"https:\/\/schema.org","@graph":[{"@type":"Article","@id":"https:\/\/comunicacaoestrategicacps.com.br\/blog\/fase-vermelha-deve-agravar-ainda-mais-a-situacao-financeira-de-lojistas-de-shoppings\/#article","isPartOf":{"@id":"https:\/\/comunicacaoestrategicacps.com.br\/blog\/fase-vermelha-deve-agravar-ainda-mais-a-situacao-financeira-de-lojistas-de-shoppings\/"},"author":{"name":"admin","@id":"https:\/\/comunicacaoestrategicacps.com.br\/blog\/#\/schema\/person\/8d447568a01edd36a56dbbcb702b02fc"},"headline":"Fase vermelha deve agravar ainda mais a situa\u00e7\u00e3o financeira de lojistas de shoppings","datePublished":"2021-03-04T12:28:51+00:00","dateModified":"2021-03-04T12:28:54+00:00","mainEntityOfPage":{"@id":"https:\/\/comunicacaoestrategicacps.com.br\/blog\/fase-vermelha-deve-agravar-ainda-mais-a-situacao-financeira-de-lojistas-de-shoppings\/"},"wordCount":264,"commentCount":0,"image":{"@id":"https:\/\/comunicacaoestrategicacps.com.br\/blog\/fase-vermelha-deve-agravar-ainda-mais-a-situacao-financeira-de-lojistas-de-shoppings\/#primaryimage"},"thumbnailUrl":"https:\/\/comunicacaoestrategicacps.com.br\/blog\/wp-content\/uploads\/2020\/04\/Gustavo-Maggioni.jpg","articleSection":["Neg\u00f3cios e Economia"],"inLanguage":"pt-BR","potentialAction":[{"@type":"CommentAction","name":"Comment","target":["https:\/\/comunicacaoestrategicacps.com.br\/blog\/fase-vermelha-deve-agravar-ainda-mais-a-situacao-financeira-de-lojistas-de-shoppings\/#respond"]}]},{"@type":"WebPage","@id":"https:\/\/comunicacaoestrategicacps.com.br\/blog\/fase-vermelha-deve-agravar-ainda-mais-a-situacao-financeira-de-lojistas-de-shoppings\/","url":"https:\/\/comunicacaoestrategicacps.com.br\/blog\/fase-vermelha-deve-agravar-ainda-mais-a-situacao-financeira-de-lojistas-de-shoppings\/","name":"Fase vermelha deve agravar ainda mais a situa\u00e7\u00e3o financeira de lojistas de shoppings - Comunica\u00e7\u00e3o Estrat\u00e9gica","isPartOf":{"@id":"https:\/\/comunicacaoestrategicacps.com.br\/blog\/#website"},"primaryImageOfPage":{"@id":"https:\/\/comunicacaoestrategicacps.com.br\/blog\/fase-vermelha-deve-agravar-ainda-mais-a-situacao-financeira-de-lojistas-de-shoppings\/#primaryimage"},"image":{"@id":"https:\/\/comunicacaoestrategicacps.com.br\/blog\/fase-vermelha-deve-agravar-ainda-mais-a-situacao-financeira-de-lojistas-de-shoppings\/#primaryimage"},"thumbnailUrl":"https:\/\/comunicacaoestrategicacps.com.br\/blog\/wp-content\/uploads\/2020\/04\/Gustavo-Maggioni.jpg","datePublished":"2021-03-04T12:28:51+00:00","dateModified":"2021-03-04T12:28:54+00:00","author":{"@id":"https:\/\/comunicacaoestrategicacps.com.br\/blog\/#\/schema\/person\/8d447568a01edd36a56dbbcb702b02fc"},"breadcrumb":{"@id":"https:\/\/comunicacaoestrategicacps.com.br\/blog\/fase-vermelha-deve-agravar-ainda-mais-a-situacao-financeira-de-lojistas-de-shoppings\/#breadcrumb"},"inLanguage":"pt-BR","potentialAction":[{"@type":"ReadAction","target":["https:\/\/comunicacaoestrategicacps.com.br\/blog\/fase-vermelha-deve-agravar-ainda-mais-a-situacao-financeira-de-lojistas-de-shoppings\/"]}]},{"@type":"ImageObject","inLanguage":"pt-BR","@id":"https:\/\/comunicacaoestrategicacps.com.br\/blog\/fase-vermelha-deve-agravar-ainda-mais-a-situacao-financeira-de-lojistas-de-shoppings\/#primaryimage","url":"https:\/\/comunicacaoestrategicacps.com.br\/blog\/wp-content\/uploads\/2020\/04\/Gustavo-Maggioni.jpg","contentUrl":"https:\/\/comunicacaoestrategicacps.com.br\/blog\/wp-content\/uploads\/2020\/04\/Gustavo-Maggioni.jpg","width":1280,"height":853},{"@type":"BreadcrumbList","@id":"https:\/\/comunicacaoestrategicacps.com.br\/blog\/fase-vermelha-deve-agravar-ainda-mais-a-situacao-financeira-de-lojistas-de-shoppings\/#breadcrumb","itemListElement":[{"@type":"ListItem","position":1,"name":"In\u00edcio","item":"https:\/\/comunicacaoestrategicacps.com.br\/blog\/"},{"@type":"ListItem","position":2,"name":"Fase vermelha deve agravar ainda mais a situa\u00e7\u00e3o financeira de lojistas de shoppings"}]},{"@type":"WebSite","@id":"https:\/\/comunicacaoestrategicacps.com.br\/blog\/#website","url":"https:\/\/comunicacaoestrategicacps.com.br\/blog\/","name":"Comunica\u00e7\u00e3o Estrat\u00e9gica","description":"Comunica\u00e7\u00e3o Estrat\u00e9gica  - Assessoria de Imprensa","potentialAction":[{"@type":"SearchAction","target":{"@type":"EntryPoint","urlTemplate":"https:\/\/comunicacaoestrategicacps.com.br\/blog\/?s={search_term_string}"},"query-input":{"@type":"PropertyValueSpecification","valueRequired":true,"valueName":"search_term_string"}}],"inLanguage":"pt-BR"},{"@type":"Person","@id":"https:\/\/comunicacaoestrategicacps.com.br\/blog\/#\/schema\/person\/8d447568a01edd36a56dbbcb702b02fc","name":"admin","image":{"@type":"ImageObject","inLanguage":"pt-BR","@id":"https:\/\/secure.gravatar.com\/avatar\/2cc026ea89b57b9d913d4ce5b90a0490046c0c9048a129e24cc44313a90d3f77?s=96&d=mm&r=g","url":"https:\/\/secure.gravatar.com\/avatar\/2cc026ea89b57b9d913d4ce5b90a0490046c0c9048a129e24cc44313a90d3f77?s=96&d=mm&r=g","contentUrl":"https:\/\/secure.gravatar.com\/avatar\/2cc026ea89b57b9d913d4ce5b90a0490046c0c9048a129e24cc44313a90d3f77?s=96&d=mm&r=g","caption":"admin"},"url":"https:\/\/comunicacaoestrategicacps.com.br\/blog\/author\/admin\/"}]}},"builder_content":"","_links":{"self":[{"href":"https:\/\/comunicacaoestrategicacps.com.br\/blog\/wp-json\/wp\/v2\/posts\/1003","targetHints":{"allow":["GET"]}}],"collection":[{"href":"https:\/\/comunicacaoestrategicacps.com.br\/blog\/wp-json\/wp\/v2\/posts"}],"about":[{"href":"https:\/\/comunicacaoestrategicacps.com.br\/blog\/wp-json\/wp\/v2\/types\/post"}],"author":[{"embeddable":true,"href":"https:\/\/comunicacaoestrategicacps.com.br\/blog\/wp-json\/wp\/v2\/users\/1"}],"replies":[{"embeddable":true,"href":"https:\/\/comunicacaoestrategicacps.com.br\/blog\/wp-json\/wp\/v2\/comments?post=1003"}],"version-history":[{"count":1,"href":"https:\/\/comunicacaoestrategicacps.com.br\/blog\/wp-json\/wp\/v2\/posts\/1003\/revisions"}],"predecessor-version":[{"id":1004,"href":"https:\/\/comunicacaoestrategicacps.com.br\/blog\/wp-json\/wp\/v2\/posts\/1003\/revisions\/1004"}],"wp:featuredmedia":[{"embeddable":true,"href":"https:\/\/comunicacaoestrategicacps.com.br\/blog\/wp-json\/wp\/v2\/media\/680"}],"wp:attachment":[{"href":"https:\/\/comunicacaoestrategicacps.com.br\/blog\/wp-json\/wp\/v2\/media?parent=1003"}],"wp:term":[{"taxonomy":"category","embeddable":true,"href":"https:\/\/comunicacaoestrategicacps.com.br\/blog\/wp-json\/wp\/v2\/categories?post=1003"},{"taxonomy":"post_tag","embeddable":true,"href":"https:\/\/comunicacaoestrategicacps.com.br\/blog\/wp-json\/wp\/v2\/tags?post=1003"}],"curies":[{"name":"wp","href":"https:\/\/api.w.org\/{rel}","templated":true}]}}