{"id":1010,"date":"2021-03-10T14:59:31","date_gmt":"2021-03-10T17:59:31","guid":{"rendered":"https:\/\/comunicacaoestrategicacps.com.br\/blog\/?p=1010"},"modified":"2021-03-10T14:59:33","modified_gmt":"2021-03-10T17:59:33","slug":"abrasel-campinas-e-recebida-pelo-governo-de-sao-paulo","status":"publish","type":"post","link":"https:\/\/comunicacaoestrategicacps.com.br\/blog\/abrasel-campinas-e-recebida-pelo-governo-de-sao-paulo\/","title":{"rendered":"Abrasel Campinas \u00e9 recebida pelo governo de S\u00e3o Paulo"},"content":{"rendered":"<!--themify_builder_content-->\n<div id=\"themify_builder_content-1010\" data-postid=\"1010\" class=\"themify_builder_content themify_builder_content-1010 themify_builder tf_clear\">\n    <\/div>\n<!--\/themify_builder_content-->\n\n\n<figure class=\"wp-block-image size-large\"><img loading=\"lazy\" decoding=\"async\" width=\"960\" height=\"718\" src=\"https:\/\/comunicacaoestrategicacps.com.br\/blog\/wp-content\/uploads\/2021\/03\/governo.jpg\" alt=\"\" class=\"wp-image-1011\" srcset=\"https:\/\/comunicacaoestrategicacps.com.br\/blog\/wp-content\/uploads\/2021\/03\/governo.jpg 960w, https:\/\/comunicacaoestrategicacps.com.br\/blog\/wp-content\/uploads\/2021\/03\/governo-300x224.jpg 300w, https:\/\/comunicacaoestrategicacps.com.br\/blog\/wp-content\/uploads\/2021\/03\/governo-768x574.jpg 768w\" sizes=\"auto, (max-width: 960px) 100vw, 960px\" \/><\/figure>\n\n\n\n<p>Campinas, 10 de\nmar\u00e7o de 2021 &#8211; Na \u00faltima segunda-feira (8) os presidentes da Associa\u00e7\u00e3o\nBrasileira de Bares e Restaurantes (Abrasel) na regi\u00e3o de Campinas, Matheus\nMason, e o Presidente Nacional, Paulo Solmucci, foram recebidos em audi\u00eancia no\nPal\u00e1cio dos Bandeirantes, pelo governador Jo\u00e3o D\u00f3ria e diversos secret\u00e1rios. Tamb\u00e9m\nesteve presente o Deputado Federal Carlos Sampaio.<\/p>\n\n\n\n<p>Viabilizada pela\nAbrasel Campinas, a audi\u00eancia foi um passo importante dentro da luta que a\nentidade vem travando na busca de solu\u00e7\u00f5es e medidas para amenizar as\ndificuldades de bares e restaurantes, bastante afetados pelas medidas de\nisolamento da pandemia.<\/p>\n\n\n\n<p>No encontro, os\nexecutivos da entidade explicaram a situa\u00e7\u00e3o atual do setor e apresentaram\nalgumas demandas e propostas de a\u00e7\u00f5es emergenciais ao governador, como al\u00edvio\ntribut\u00e1rio, redu\u00e7\u00e3o do ICMS para carne e leite, aux\u00edlio financeiro, al\u00e9m de\nprograma de ativa\u00e7\u00e3o da demanda no setor de alimenta\u00e7\u00e3o fora do lar.<\/p>\n\n\n\n<p>\u201cEsperamos que at\u00e9\na pr\u00f3xima semana importantes medidas sejam divulgadas em prol do nosso setor\u201d,\nexplicou Mason. Al\u00e9m das medidas de \u00e2mbito estadual, a Abrasel tamb\u00e9m tem boas\nperspectivas de an\u00fancios de medidas nacionais para os pr\u00f3ximos dias, como a\nMedida Provis\u00f3ria 936 que ajuda no pagamento de sal\u00e1rios e a MP 927, que\npermite a antecipa\u00e7\u00e3o de f\u00e9rias dos funcion\u00e1rios al\u00e9m de estabelecer per\u00edodos\nmais curtos. <\/p>\n\n\n\n<p>\u201cA Abrasel segue\nlutando por condi\u00e7\u00f5es melhores para o nosso setor e em prol de um Brasil mais\nsimples de se empreender e melhor de se viver\u201d, ressalta o presidente da\nAbrasel Campinas. \u201cA Abrasel vem se desdobrando para dialogar com os\nassociados, entidades e pol\u00edticos para entender todas as necessidades do setor\ne poder cobrar medidas espec\u00edficas, visando diminuir os preju\u00edzos causados pela\npandemia para bares e restaurantes.\u201d<\/p>\n\n\n\n<p>\u201c\u00c9 um momento\ndif\u00edcil e delicado, tanto para a sa\u00fade como as empresas do setor, e para isso\nprecisamos de di\u00e1logo na busca de solu\u00e7\u00f5es equilibradas, mantendo vidas,\nempregos e empresas\u201d, afirma Mason. \u201cTeremos duas semanas dif\u00edceis pela frente,\nmas trabalhamos com uma perspectiva de que este quadro comece a se reverter em\n20 dias, com o aumento das vacina\u00e7\u00f5es e a retomada gradual da economia\u201d,\ncompleta.<\/p>\n\n\n\n<p>Marcelo Oliveira (Comunica\u00e7\u00e3o\nEstrat\u00e9gica Campina) \u2013 Assessoria de Imprensa Abrasel de Campinas e Regi\u00e3o<\/p>","protected":false},"excerpt":{"rendered":"<p>Campinas, 10 de mar\u00e7o de 2021 &#8211; Na \u00faltima segunda-feira (8) os presidentes da Associa\u00e7\u00e3o Brasileira de Bares e Restaurantes (Abrasel) na regi\u00e3o de Campinas, Matheus Mason, e o Presidente Nacional, Paulo Solmucci, foram recebidos em audi\u00eancia no Pal\u00e1cio dos Bandeirantes, pelo governador Jo\u00e3o D\u00f3ria e diversos secret\u00e1rios. Tamb\u00e9m esteve presente o Deputado Federal Carlos [&hellip;]<\/p>\n","protected":false},"author":1,"featured_media":1011,"comment_status":"open","ping_status":"open","sticky":false,"template":"","format":"standard","meta":{"footnotes":""},"categories":[43],"tags":[],"class_list":["post-1010","post","type-post","status-publish","format-standard","has-post-thumbnail","hentry","category-negocios-e-economia","has-post-title","has-post-date","has-post-category","has-post-tag","has-post-comment","has-post-author",""],"yoast_head":"<!-- This site is optimized with the Yoast SEO plugin v27.4 - https:\/\/yoast.com\/product\/yoast-seo-wordpress\/ -->\n<title>Abrasel Campinas \u00e9 recebida pelo governo de S\u00e3o Paulo - Comunica\u00e7\u00e3o Estrat\u00e9gica<\/title>\n<meta name=\"robots\" content=\"index, follow, max-snippet:-1, max-image-preview:large, max-video-preview:-1\" \/>\n<link rel=\"canonical\" href=\"https:\/\/comunicacaoestrategicacps.com.br\/blog\/abrasel-campinas-e-recebida-pelo-governo-de-sao-paulo\/\" \/>\n<meta property=\"og:locale\" content=\"pt_BR\" \/>\n<meta property=\"og:type\" content=\"article\" \/>\n<meta property=\"og:title\" content=\"Abrasel Campinas \u00e9 recebida pelo governo de S\u00e3o Paulo - Comunica\u00e7\u00e3o Estrat\u00e9gica\" \/>\n<meta property=\"og:description\" content=\"Campinas, 10 de mar\u00e7o de 2021 &#8211; Na \u00faltima segunda-feira (8) os presidentes da Associa\u00e7\u00e3o Brasileira de Bares e Restaurantes (Abrasel) na regi\u00e3o de Campinas, Matheus Mason, e o Presidente Nacional, Paulo Solmucci, foram recebidos em audi\u00eancia no Pal\u00e1cio dos Bandeirantes, pelo governador Jo\u00e3o D\u00f3ria e diversos secret\u00e1rios. Tamb\u00e9m esteve presente o Deputado Federal Carlos [&hellip;]\" \/>\n<meta property=\"og:url\" content=\"https:\/\/comunicacaoestrategicacps.com.br\/blog\/abrasel-campinas-e-recebida-pelo-governo-de-sao-paulo\/\" \/>\n<meta property=\"og:site_name\" content=\"Comunica\u00e7\u00e3o Estrat\u00e9gica\" \/>\n<meta property=\"article:published_time\" content=\"2021-03-10T17:59:31+00:00\" \/>\n<meta property=\"article:modified_time\" content=\"2021-03-10T17:59:33+00:00\" \/>\n<meta property=\"og:image\" content=\"https:\/\/comunicacaoestrategicacps.com.br\/blog\/wp-content\/uploads\/2021\/03\/governo.jpg\" \/>\n\t<meta property=\"og:image:width\" content=\"960\" \/>\n\t<meta property=\"og:image:height\" content=\"718\" \/>\n\t<meta property=\"og:image:type\" content=\"image\/jpeg\" \/>\n<meta name=\"author\" content=\"admin\" \/>\n<meta name=\"twitter:card\" content=\"summary_large_image\" \/>\n<meta name=\"twitter:label1\" content=\"Escrito por\" \/>\n\t<meta name=\"twitter:data1\" content=\"admin\" \/>\n\t<meta name=\"twitter:label2\" content=\"Est. tempo de leitura\" \/>\n\t<meta name=\"twitter:data2\" content=\"2 minutos\" \/>\n<script type=\"application\/ld+json\" class=\"yoast-schema-graph\">{\"@context\":\"https:\\\/\\\/schema.org\",\"@graph\":[{\"@type\":\"Article\",\"@id\":\"https:\\\/\\\/comunicacaoestrategicacps.com.br\\\/blog\\\/abrasel-campinas-e-recebida-pelo-governo-de-sao-paulo\\\/#article\",\"isPartOf\":{\"@id\":\"https:\\\/\\\/comunicacaoestrategicacps.com.br\\\/blog\\\/abrasel-campinas-e-recebida-pelo-governo-de-sao-paulo\\\/\"},\"author\":{\"name\":\"admin\",\"@id\":\"https:\\\/\\\/comunicacaoestrategicacps.com.br\\\/blog\\\/#\\\/schema\\\/person\\\/8d447568a01edd36a56dbbcb702b02fc\"},\"headline\":\"Abrasel Campinas \u00e9 recebida pelo governo de S\u00e3o Paulo\",\"datePublished\":\"2021-03-10T17:59:31+00:00\",\"dateModified\":\"2021-03-10T17:59:33+00:00\",\"mainEntityOfPage\":{\"@id\":\"https:\\\/\\\/comunicacaoestrategicacps.com.br\\\/blog\\\/abrasel-campinas-e-recebida-pelo-governo-de-sao-paulo\\\/\"},\"wordCount\":408,\"commentCount\":0,\"image\":{\"@id\":\"https:\\\/\\\/comunicacaoestrategicacps.com.br\\\/blog\\\/abrasel-campinas-e-recebida-pelo-governo-de-sao-paulo\\\/#primaryimage\"},\"thumbnailUrl\":\"https:\\\/\\\/comunicacaoestrategicacps.com.br\\\/blog\\\/wp-content\\\/uploads\\\/2021\\\/03\\\/governo.jpg\",\"articleSection\":[\"Neg\u00f3cios e Economia\"],\"inLanguage\":\"pt-BR\",\"potentialAction\":[{\"@type\":\"CommentAction\",\"name\":\"Comment\",\"target\":[\"https:\\\/\\\/comunicacaoestrategicacps.com.br\\\/blog\\\/abrasel-campinas-e-recebida-pelo-governo-de-sao-paulo\\\/#respond\"]}]},{\"@type\":\"WebPage\",\"@id\":\"https:\\\/\\\/comunicacaoestrategicacps.com.br\\\/blog\\\/abrasel-campinas-e-recebida-pelo-governo-de-sao-paulo\\\/\",\"url\":\"https:\\\/\\\/comunicacaoestrategicacps.com.br\\\/blog\\\/abrasel-campinas-e-recebida-pelo-governo-de-sao-paulo\\\/\",\"name\":\"Abrasel Campinas \u00e9 recebida pelo governo de S\u00e3o Paulo - Comunica\u00e7\u00e3o Estrat\u00e9gica\",\"isPartOf\":{\"@id\":\"https:\\\/\\\/comunicacaoestrategicacps.com.br\\\/blog\\\/#website\"},\"primaryImageOfPage\":{\"@id\":\"https:\\\/\\\/comunicacaoestrategicacps.com.br\\\/blog\\\/abrasel-campinas-e-recebida-pelo-governo-de-sao-paulo\\\/#primaryimage\"},\"image\":{\"@id\":\"https:\\\/\\\/comunicacaoestrategicacps.com.br\\\/blog\\\/abrasel-campinas-e-recebida-pelo-governo-de-sao-paulo\\\/#primaryimage\"},\"thumbnailUrl\":\"https:\\\/\\\/comunicacaoestrategicacps.com.br\\\/blog\\\/wp-content\\\/uploads\\\/2021\\\/03\\\/governo.jpg\",\"datePublished\":\"2021-03-10T17:59:31+00:00\",\"dateModified\":\"2021-03-10T17:59:33+00:00\",\"author\":{\"@id\":\"https:\\\/\\\/comunicacaoestrategicacps.com.br\\\/blog\\\/#\\\/schema\\\/person\\\/8d447568a01edd36a56dbbcb702b02fc\"},\"breadcrumb\":{\"@id\":\"https:\\\/\\\/comunicacaoestrategicacps.com.br\\\/blog\\\/abrasel-campinas-e-recebida-pelo-governo-de-sao-paulo\\\/#breadcrumb\"},\"inLanguage\":\"pt-BR\",\"potentialAction\":[{\"@type\":\"ReadAction\",\"target\":[\"https:\\\/\\\/comunicacaoestrategicacps.com.br\\\/blog\\\/abrasel-campinas-e-recebida-pelo-governo-de-sao-paulo\\\/\"]}]},{\"@type\":\"ImageObject\",\"inLanguage\":\"pt-BR\",\"@id\":\"https:\\\/\\\/comunicacaoestrategicacps.com.br\\\/blog\\\/abrasel-campinas-e-recebida-pelo-governo-de-sao-paulo\\\/#primaryimage\",\"url\":\"https:\\\/\\\/comunicacaoestrategicacps.com.br\\\/blog\\\/wp-content\\\/uploads\\\/2021\\\/03\\\/governo.jpg\",\"contentUrl\":\"https:\\\/\\\/comunicacaoestrategicacps.com.br\\\/blog\\\/wp-content\\\/uploads\\\/2021\\\/03\\\/governo.jpg\",\"width\":960,\"height\":718},{\"@type\":\"BreadcrumbList\",\"@id\":\"https:\\\/\\\/comunicacaoestrategicacps.com.br\\\/blog\\\/abrasel-campinas-e-recebida-pelo-governo-de-sao-paulo\\\/#breadcrumb\",\"itemListElement\":[{\"@type\":\"ListItem\",\"position\":1,\"name\":\"In\u00edcio\",\"item\":\"https:\\\/\\\/comunicacaoestrategicacps.com.br\\\/blog\\\/\"},{\"@type\":\"ListItem\",\"position\":2,\"name\":\"Abrasel Campinas \u00e9 recebida pelo governo de S\u00e3o Paulo\"}]},{\"@type\":\"WebSite\",\"@id\":\"https:\\\/\\\/comunicacaoestrategicacps.com.br\\\/blog\\\/#website\",\"url\":\"https:\\\/\\\/comunicacaoestrategicacps.com.br\\\/blog\\\/\",\"name\":\"Comunica\u00e7\u00e3o Estrat\u00e9gica\",\"description\":\"Comunica\u00e7\u00e3o Estrat\u00e9gica  - Assessoria de Imprensa\",\"potentialAction\":[{\"@type\":\"SearchAction\",\"target\":{\"@type\":\"EntryPoint\",\"urlTemplate\":\"https:\\\/\\\/comunicacaoestrategicacps.com.br\\\/blog\\\/?s={search_term_string}\"},\"query-input\":{\"@type\":\"PropertyValueSpecification\",\"valueRequired\":true,\"valueName\":\"search_term_string\"}}],\"inLanguage\":\"pt-BR\"},{\"@type\":\"Person\",\"@id\":\"https:\\\/\\\/comunicacaoestrategicacps.com.br\\\/blog\\\/#\\\/schema\\\/person\\\/8d447568a01edd36a56dbbcb702b02fc\",\"name\":\"admin\",\"image\":{\"@type\":\"ImageObject\",\"inLanguage\":\"pt-BR\",\"@id\":\"https:\\\/\\\/secure.gravatar.com\\\/avatar\\\/2cc026ea89b57b9d913d4ce5b90a0490046c0c9048a129e24cc44313a90d3f77?s=96&d=mm&r=g\",\"url\":\"https:\\\/\\\/secure.gravatar.com\\\/avatar\\\/2cc026ea89b57b9d913d4ce5b90a0490046c0c9048a129e24cc44313a90d3f77?s=96&d=mm&r=g\",\"contentUrl\":\"https:\\\/\\\/secure.gravatar.com\\\/avatar\\\/2cc026ea89b57b9d913d4ce5b90a0490046c0c9048a129e24cc44313a90d3f77?s=96&d=mm&r=g\",\"caption\":\"admin\"},\"url\":\"https:\\\/\\\/comunicacaoestrategicacps.com.br\\\/blog\\\/author\\\/admin\\\/\"}]}<\/script>\n<!-- \/ Yoast SEO plugin. -->","yoast_head_json":{"title":"Abrasel Campinas \u00e9 recebida pelo governo de S\u00e3o Paulo - Comunica\u00e7\u00e3o Estrat\u00e9gica","robots":{"index":"index","follow":"follow","max-snippet":"max-snippet:-1","max-image-preview":"max-image-preview:large","max-video-preview":"max-video-preview:-1"},"canonical":"https:\/\/comunicacaoestrategicacps.com.br\/blog\/abrasel-campinas-e-recebida-pelo-governo-de-sao-paulo\/","og_locale":"pt_BR","og_type":"article","og_title":"Abrasel Campinas \u00e9 recebida pelo governo de S\u00e3o Paulo - Comunica\u00e7\u00e3o Estrat\u00e9gica","og_description":"Campinas, 10 de mar\u00e7o de 2021 &#8211; Na \u00faltima segunda-feira (8) os presidentes da Associa\u00e7\u00e3o Brasileira de Bares e Restaurantes (Abrasel) na regi\u00e3o de Campinas, Matheus Mason, e o Presidente Nacional, Paulo Solmucci, foram recebidos em audi\u00eancia no Pal\u00e1cio dos Bandeirantes, pelo governador Jo\u00e3o D\u00f3ria e diversos secret\u00e1rios. Tamb\u00e9m esteve presente o Deputado Federal Carlos [&hellip;]","og_url":"https:\/\/comunicacaoestrategicacps.com.br\/blog\/abrasel-campinas-e-recebida-pelo-governo-de-sao-paulo\/","og_site_name":"Comunica\u00e7\u00e3o Estrat\u00e9gica","article_published_time":"2021-03-10T17:59:31+00:00","article_modified_time":"2021-03-10T17:59:33+00:00","og_image":[{"width":960,"height":718,"url":"https:\/\/comunicacaoestrategicacps.com.br\/blog\/wp-content\/uploads\/2021\/03\/governo.jpg","type":"image\/jpeg"}],"author":"admin","twitter_card":"summary_large_image","twitter_misc":{"Escrito por":"admin","Est. tempo de leitura":"2 minutos"},"schema":{"@context":"https:\/\/schema.org","@graph":[{"@type":"Article","@id":"https:\/\/comunicacaoestrategicacps.com.br\/blog\/abrasel-campinas-e-recebida-pelo-governo-de-sao-paulo\/#article","isPartOf":{"@id":"https:\/\/comunicacaoestrategicacps.com.br\/blog\/abrasel-campinas-e-recebida-pelo-governo-de-sao-paulo\/"},"author":{"name":"admin","@id":"https:\/\/comunicacaoestrategicacps.com.br\/blog\/#\/schema\/person\/8d447568a01edd36a56dbbcb702b02fc"},"headline":"Abrasel Campinas \u00e9 recebida pelo governo de S\u00e3o Paulo","datePublished":"2021-03-10T17:59:31+00:00","dateModified":"2021-03-10T17:59:33+00:00","mainEntityOfPage":{"@id":"https:\/\/comunicacaoestrategicacps.com.br\/blog\/abrasel-campinas-e-recebida-pelo-governo-de-sao-paulo\/"},"wordCount":408,"commentCount":0,"image":{"@id":"https:\/\/comunicacaoestrategicacps.com.br\/blog\/abrasel-campinas-e-recebida-pelo-governo-de-sao-paulo\/#primaryimage"},"thumbnailUrl":"https:\/\/comunicacaoestrategicacps.com.br\/blog\/wp-content\/uploads\/2021\/03\/governo.jpg","articleSection":["Neg\u00f3cios e Economia"],"inLanguage":"pt-BR","potentialAction":[{"@type":"CommentAction","name":"Comment","target":["https:\/\/comunicacaoestrategicacps.com.br\/blog\/abrasel-campinas-e-recebida-pelo-governo-de-sao-paulo\/#respond"]}]},{"@type":"WebPage","@id":"https:\/\/comunicacaoestrategicacps.com.br\/blog\/abrasel-campinas-e-recebida-pelo-governo-de-sao-paulo\/","url":"https:\/\/comunicacaoestrategicacps.com.br\/blog\/abrasel-campinas-e-recebida-pelo-governo-de-sao-paulo\/","name":"Abrasel Campinas \u00e9 recebida pelo governo de S\u00e3o Paulo - Comunica\u00e7\u00e3o Estrat\u00e9gica","isPartOf":{"@id":"https:\/\/comunicacaoestrategicacps.com.br\/blog\/#website"},"primaryImageOfPage":{"@id":"https:\/\/comunicacaoestrategicacps.com.br\/blog\/abrasel-campinas-e-recebida-pelo-governo-de-sao-paulo\/#primaryimage"},"image":{"@id":"https:\/\/comunicacaoestrategicacps.com.br\/blog\/abrasel-campinas-e-recebida-pelo-governo-de-sao-paulo\/#primaryimage"},"thumbnailUrl":"https:\/\/comunicacaoestrategicacps.com.br\/blog\/wp-content\/uploads\/2021\/03\/governo.jpg","datePublished":"2021-03-10T17:59:31+00:00","dateModified":"2021-03-10T17:59:33+00:00","author":{"@id":"https:\/\/comunicacaoestrategicacps.com.br\/blog\/#\/schema\/person\/8d447568a01edd36a56dbbcb702b02fc"},"breadcrumb":{"@id":"https:\/\/comunicacaoestrategicacps.com.br\/blog\/abrasel-campinas-e-recebida-pelo-governo-de-sao-paulo\/#breadcrumb"},"inLanguage":"pt-BR","potentialAction":[{"@type":"ReadAction","target":["https:\/\/comunicacaoestrategicacps.com.br\/blog\/abrasel-campinas-e-recebida-pelo-governo-de-sao-paulo\/"]}]},{"@type":"ImageObject","inLanguage":"pt-BR","@id":"https:\/\/comunicacaoestrategicacps.com.br\/blog\/abrasel-campinas-e-recebida-pelo-governo-de-sao-paulo\/#primaryimage","url":"https:\/\/comunicacaoestrategicacps.com.br\/blog\/wp-content\/uploads\/2021\/03\/governo.jpg","contentUrl":"https:\/\/comunicacaoestrategicacps.com.br\/blog\/wp-content\/uploads\/2021\/03\/governo.jpg","width":960,"height":718},{"@type":"BreadcrumbList","@id":"https:\/\/comunicacaoestrategicacps.com.br\/blog\/abrasel-campinas-e-recebida-pelo-governo-de-sao-paulo\/#breadcrumb","itemListElement":[{"@type":"ListItem","position":1,"name":"In\u00edcio","item":"https:\/\/comunicacaoestrategicacps.com.br\/blog\/"},{"@type":"ListItem","position":2,"name":"Abrasel Campinas \u00e9 recebida pelo governo de S\u00e3o Paulo"}]},{"@type":"WebSite","@id":"https:\/\/comunicacaoestrategicacps.com.br\/blog\/#website","url":"https:\/\/comunicacaoestrategicacps.com.br\/blog\/","name":"Comunica\u00e7\u00e3o Estrat\u00e9gica","description":"Comunica\u00e7\u00e3o Estrat\u00e9gica  - Assessoria de Imprensa","potentialAction":[{"@type":"SearchAction","target":{"@type":"EntryPoint","urlTemplate":"https:\/\/comunicacaoestrategicacps.com.br\/blog\/?s={search_term_string}"},"query-input":{"@type":"PropertyValueSpecification","valueRequired":true,"valueName":"search_term_string"}}],"inLanguage":"pt-BR"},{"@type":"Person","@id":"https:\/\/comunicacaoestrategicacps.com.br\/blog\/#\/schema\/person\/8d447568a01edd36a56dbbcb702b02fc","name":"admin","image":{"@type":"ImageObject","inLanguage":"pt-BR","@id":"https:\/\/secure.gravatar.com\/avatar\/2cc026ea89b57b9d913d4ce5b90a0490046c0c9048a129e24cc44313a90d3f77?s=96&d=mm&r=g","url":"https:\/\/secure.gravatar.com\/avatar\/2cc026ea89b57b9d913d4ce5b90a0490046c0c9048a129e24cc44313a90d3f77?s=96&d=mm&r=g","contentUrl":"https:\/\/secure.gravatar.com\/avatar\/2cc026ea89b57b9d913d4ce5b90a0490046c0c9048a129e24cc44313a90d3f77?s=96&d=mm&r=g","caption":"admin"},"url":"https:\/\/comunicacaoestrategicacps.com.br\/blog\/author\/admin\/"}]}},"builder_content":"","_links":{"self":[{"href":"https:\/\/comunicacaoestrategicacps.com.br\/blog\/wp-json\/wp\/v2\/posts\/1010","targetHints":{"allow":["GET"]}}],"collection":[{"href":"https:\/\/comunicacaoestrategicacps.com.br\/blog\/wp-json\/wp\/v2\/posts"}],"about":[{"href":"https:\/\/comunicacaoestrategicacps.com.br\/blog\/wp-json\/wp\/v2\/types\/post"}],"author":[{"embeddable":true,"href":"https:\/\/comunicacaoestrategicacps.com.br\/blog\/wp-json\/wp\/v2\/users\/1"}],"replies":[{"embeddable":true,"href":"https:\/\/comunicacaoestrategicacps.com.br\/blog\/wp-json\/wp\/v2\/comments?post=1010"}],"version-history":[{"count":1,"href":"https:\/\/comunicacaoestrategicacps.com.br\/blog\/wp-json\/wp\/v2\/posts\/1010\/revisions"}],"predecessor-version":[{"id":1012,"href":"https:\/\/comunicacaoestrategicacps.com.br\/blog\/wp-json\/wp\/v2\/posts\/1010\/revisions\/1012"}],"wp:featuredmedia":[{"embeddable":true,"href":"https:\/\/comunicacaoestrategicacps.com.br\/blog\/wp-json\/wp\/v2\/media\/1011"}],"wp:attachment":[{"href":"https:\/\/comunicacaoestrategicacps.com.br\/blog\/wp-json\/wp\/v2\/media?parent=1010"}],"wp:term":[{"taxonomy":"category","embeddable":true,"href":"https:\/\/comunicacaoestrategicacps.com.br\/blog\/wp-json\/wp\/v2\/categories?post=1010"},{"taxonomy":"post_tag","embeddable":true,"href":"https:\/\/comunicacaoestrategicacps.com.br\/blog\/wp-json\/wp\/v2\/tags?post=1010"}],"curies":[{"name":"wp","href":"https:\/\/api.w.org\/{rel}","templated":true}]}}