{"id":1020,"date":"2021-03-11T15:08:20","date_gmt":"2021-03-11T18:08:20","guid":{"rendered":"https:\/\/comunicacaoestrategicacps.com.br\/blog\/?p=1020"},"modified":"2021-03-11T15:08:23","modified_gmt":"2021-03-11T18:08:23","slug":"para-a-abrasel-campinas-o-momento-e-delicado-e-requer-cuidados-apesar-das-perdas-para-bares-e-restaurantes","status":"publish","type":"post","link":"https:\/\/comunicacaoestrategicacps.com.br\/blog\/para-a-abrasel-campinas-o-momento-e-delicado-e-requer-cuidados-apesar-das-perdas-para-bares-e-restaurantes\/","title":{"rendered":"Para a Abrasel Campinas, o momento \u00e9 delicado e requer cuidados, apesar das perdas para bares e restaurantes"},"content":{"rendered":"<!--themify_builder_content-->\n<div id=\"themify_builder_content-1020\" data-postid=\"1020\" class=\"themify_builder_content themify_builder_content-1020 themify_builder tf_clear\">\n    <\/div>\n<!--\/themify_builder_content-->\n\n\n<figure class=\"wp-block-image size-large\"><img loading=\"lazy\" decoding=\"async\" width=\"300\" height=\"213\" src=\"https:\/\/comunicacaoestrategicacps.com.br\/blog\/wp-content\/uploads\/2020\/02\/Matheus-Mason-1-1-300x213-1.png\" alt=\"\" class=\"wp-image-509\"\/><\/figure>\n\n\n\n<p><strong>Campinas, 11 de mar\u00e7o de 2021 <\/strong>&#8211; As novas medidas\nrestritivas para conter o avan\u00e7o da pandemia no Estado de S\u00e3o Paulo, anunciadas\nhoje pelo governador de S\u00e3o Paulo, s\u00e3o vistas como importantes pela Associa\u00e7\u00e3o\nBrasileira de Bares e Restaurantes (Abrasel) de Campinas e regi\u00e3o, embora elas\nafetem ainda mais os bares e restaurantes, com a exclus\u00e3o do take away e a\nrestri\u00e7\u00e3o no hor\u00e1rio do drive thru. A entidade calcula que o impacto dessas\nrestri\u00e7\u00f5es aumentar\u00e1 ainda mais a queda do faturamento do setor.<\/p>\n\n\n\n<p>Para\na Abrasel Campinas e Regi\u00e3o, a pandemia da Covid-19 atingiu um momento cr\u00edtico\nn\u00e3o somente no Estado, mas na Regi\u00e3o de Campinas, com aumento elevado de casos\nnos \u00faltimos dias, atribu\u00eddo \u00e0 nova cepa do v\u00edrus. Isso levou a capacidade de\natendimento nos hospitais a \u00edndices pr\u00f3ximos de um colapso na rede. O que exige\nesfor\u00e7o de toda a sociedade.<\/p>\n\n\n\n<p>A\nentidade lembra que o setor de bares e restaurantes tem sofrido severamente com\nas restri\u00e7\u00f5es ao longo de 12 meses. Atualmente, o delivery e retirada, juntos,\ns\u00e3o respons\u00e1veis por aproximadamente 20% do faturamento. Com as restri\u00e7\u00f5es,\neste \u00edndice dever\u00e1 sofrer uma redu\u00e7\u00e3o de 40 a 50%, em m\u00e9dia, no setor.<\/p>\n\n\n\n<p>Uma\ndas preocupa\u00e7\u00f5es da entidade \u00e9 quanto \u00e0 capacidade de entrega do delivery, que\nser\u00e1 sobrecarregado, com falta de motoboys e infra-estrutura para o atendimento\nexclusivo do servi\u00e7o.<\/p>\n\n\n\n<p>A\nAbrasel tem buscado desde o inicio da pandemia, em mar\u00e7o de 2020, construir\npontes com os governos Federal, Estadual e municipais, no sentido de buscar\najuda financeira, redu\u00e7\u00e3o ou negocia\u00e7\u00e3o de taxas, impostos e servi\u00e7os, para\nauxiliar as empresas a manterem seus neg\u00f3cios abertos e evitar mais demiss\u00f5es.\nUma vez que o setor n\u00e3o sobrevive sem o aux\u00edlio dos governos, pois perdeu todo\no f\u00f4lego financeiro ao longo dois 12 meses.<\/p>\n\n\n\n<p>\u201cAs\nmedias emergenciais de apoio dos governos s\u00e3o cruciais neste momento, para\ngarantir a sobreviv\u00eancia dos bares e restaurantes e dos empregos\u201d, salienta o\npresidente da Abrasel em Campinas e Regi\u00e3o, Matheus Mason.<\/p>\n\n\n\n<p>Como\nexemplo desse esfor\u00e7o, na \u00faltima segunda-feira, por interm\u00e9dio da Abrasel em\nCampinas, a diretoria nacional da entidade foi recebida pelo Governador Jo\u00e3o\nD\u00f3ria, quando foram apresentadas algumas demandas importantes, que dever\u00e3o ser\nacatadas pelo Estado nos pr\u00f3ximos dias, como a retirada do aumento de ICMS de\ncarnes e leite, que representa uma economia de R$ 400 milh\u00f5es para o setor.<\/p>\n\n\n\n<p>\u201c\u00c9\num momento dif\u00edcil e delicado, tanto para a sa\u00fade como para as empresas do\nsetor, e para isso precisamos de di\u00e1logo na busca de solu\u00e7\u00f5es equilibradas,\nmantendo vidas, empregos e empresas\u201d, afirma o presidente da Abrasel em\nCampinas. \u201cTeremos duas semanas dif\u00edceis pela frente, mas trabalhamos com uma\nperspectiva de que este quadro comece a se reverter em 20 dias, com o aumento\ndas vacina\u00e7\u00f5es e a retomada gradual da economia\u201d, completa.<\/p>\n\n\n\n<p>A\nAbrasel em Campinas e Regi\u00e3o pede que toda a popula\u00e7\u00e3o compreenda o momento\ncr\u00edtico e fa\u00e7a sua parte, evitando aglomera\u00e7\u00f5es, festas residenciais e s\u00f3 sair\nde casa nos casos necess\u00e1rios. Somente com a ajuda de todos e a vacina\u00e7\u00e3o em\nmassa vamos sair desta crise sanit\u00e1ria e econ\u00f4mica.<\/p>","protected":false},"excerpt":{"rendered":"<p>Campinas, 11 de mar\u00e7o de 2021 &#8211; As novas medidas restritivas para conter o avan\u00e7o da pandemia no Estado de S\u00e3o Paulo, anunciadas hoje pelo governador de S\u00e3o Paulo, s\u00e3o vistas como importantes pela Associa\u00e7\u00e3o Brasileira de Bares e Restaurantes (Abrasel) de Campinas e regi\u00e3o, embora elas afetem ainda mais os bares e restaurantes, com [&hellip;]<\/p>\n","protected":false},"author":1,"featured_media":509,"comment_status":"open","ping_status":"open","sticky":false,"template":"","format":"standard","meta":{"footnotes":""},"categories":[43],"tags":[],"class_list":["post-1020","post","type-post","status-publish","format-standard","has-post-thumbnail","hentry","category-negocios-e-economia","has-post-title","has-post-date","has-post-category","has-post-tag","has-post-comment","has-post-author",""],"yoast_head":"<!-- This site is optimized with the Yoast SEO plugin v27.4 - https:\/\/yoast.com\/product\/yoast-seo-wordpress\/ -->\n<title>Para a Abrasel Campinas, o momento \u00e9 delicado e requer cuidados, apesar das perdas para bares e restaurantes - Comunica\u00e7\u00e3o Estrat\u00e9gica<\/title>\n<meta name=\"robots\" content=\"index, follow, max-snippet:-1, max-image-preview:large, max-video-preview:-1\" \/>\n<link rel=\"canonical\" href=\"https:\/\/comunicacaoestrategicacps.com.br\/blog\/para-a-abrasel-campinas-o-momento-e-delicado-e-requer-cuidados-apesar-das-perdas-para-bares-e-restaurantes\/\" \/>\n<meta property=\"og:locale\" content=\"pt_BR\" \/>\n<meta property=\"og:type\" content=\"article\" \/>\n<meta property=\"og:title\" content=\"Para a Abrasel Campinas, o momento \u00e9 delicado e requer cuidados, apesar das perdas para bares e restaurantes - Comunica\u00e7\u00e3o Estrat\u00e9gica\" \/>\n<meta property=\"og:description\" content=\"Campinas, 11 de mar\u00e7o de 2021 &#8211; As novas medidas restritivas para conter o avan\u00e7o da pandemia no Estado de S\u00e3o Paulo, anunciadas hoje pelo governador de S\u00e3o Paulo, s\u00e3o vistas como importantes pela Associa\u00e7\u00e3o Brasileira de Bares e Restaurantes (Abrasel) de Campinas e regi\u00e3o, embora elas afetem ainda mais os bares e restaurantes, com [&hellip;]\" \/>\n<meta property=\"og:url\" content=\"https:\/\/comunicacaoestrategicacps.com.br\/blog\/para-a-abrasel-campinas-o-momento-e-delicado-e-requer-cuidados-apesar-das-perdas-para-bares-e-restaurantes\/\" \/>\n<meta property=\"og:site_name\" content=\"Comunica\u00e7\u00e3o Estrat\u00e9gica\" \/>\n<meta property=\"article:published_time\" content=\"2021-03-11T18:08:20+00:00\" \/>\n<meta property=\"article:modified_time\" content=\"2021-03-11T18:08:23+00:00\" \/>\n<meta property=\"og:image\" content=\"https:\/\/comunicacaoestrategicacps.com.br\/blog\/wp-content\/uploads\/2020\/02\/Matheus-Mason-1-1-300x213-1.png\" \/>\n\t<meta property=\"og:image:width\" content=\"300\" \/>\n\t<meta property=\"og:image:height\" content=\"213\" \/>\n\t<meta property=\"og:image:type\" content=\"image\/png\" \/>\n<meta name=\"author\" content=\"admin\" \/>\n<meta name=\"twitter:card\" content=\"summary_large_image\" \/>\n<meta name=\"twitter:label1\" content=\"Escrito por\" \/>\n\t<meta name=\"twitter:data1\" content=\"admin\" \/>\n\t<meta name=\"twitter:label2\" content=\"Est. tempo de leitura\" \/>\n\t<meta name=\"twitter:data2\" content=\"3 minutos\" \/>\n<script type=\"application\/ld+json\" class=\"yoast-schema-graph\">{\"@context\":\"https:\\\/\\\/schema.org\",\"@graph\":[{\"@type\":\"Article\",\"@id\":\"https:\\\/\\\/comunicacaoestrategicacps.com.br\\\/blog\\\/para-a-abrasel-campinas-o-momento-e-delicado-e-requer-cuidados-apesar-das-perdas-para-bares-e-restaurantes\\\/#article\",\"isPartOf\":{\"@id\":\"https:\\\/\\\/comunicacaoestrategicacps.com.br\\\/blog\\\/para-a-abrasel-campinas-o-momento-e-delicado-e-requer-cuidados-apesar-das-perdas-para-bares-e-restaurantes\\\/\"},\"author\":{\"name\":\"admin\",\"@id\":\"https:\\\/\\\/comunicacaoestrategicacps.com.br\\\/blog\\\/#\\\/schema\\\/person\\\/8d447568a01edd36a56dbbcb702b02fc\"},\"headline\":\"Para a Abrasel Campinas, o momento \u00e9 delicado e requer cuidados, apesar das perdas para bares e restaurantes\",\"datePublished\":\"2021-03-11T18:08:20+00:00\",\"dateModified\":\"2021-03-11T18:08:23+00:00\",\"mainEntityOfPage\":{\"@id\":\"https:\\\/\\\/comunicacaoestrategicacps.com.br\\\/blog\\\/para-a-abrasel-campinas-o-momento-e-delicado-e-requer-cuidados-apesar-das-perdas-para-bares-e-restaurantes\\\/\"},\"wordCount\":577,\"commentCount\":0,\"image\":{\"@id\":\"https:\\\/\\\/comunicacaoestrategicacps.com.br\\\/blog\\\/para-a-abrasel-campinas-o-momento-e-delicado-e-requer-cuidados-apesar-das-perdas-para-bares-e-restaurantes\\\/#primaryimage\"},\"thumbnailUrl\":\"https:\\\/\\\/comunicacaoestrategicacps.com.br\\\/blog\\\/wp-content\\\/uploads\\\/2020\\\/02\\\/Matheus-Mason-1-1-300x213-1.png\",\"articleSection\":[\"Neg\u00f3cios e Economia\"],\"inLanguage\":\"pt-BR\",\"potentialAction\":[{\"@type\":\"CommentAction\",\"name\":\"Comment\",\"target\":[\"https:\\\/\\\/comunicacaoestrategicacps.com.br\\\/blog\\\/para-a-abrasel-campinas-o-momento-e-delicado-e-requer-cuidados-apesar-das-perdas-para-bares-e-restaurantes\\\/#respond\"]}]},{\"@type\":\"WebPage\",\"@id\":\"https:\\\/\\\/comunicacaoestrategicacps.com.br\\\/blog\\\/para-a-abrasel-campinas-o-momento-e-delicado-e-requer-cuidados-apesar-das-perdas-para-bares-e-restaurantes\\\/\",\"url\":\"https:\\\/\\\/comunicacaoestrategicacps.com.br\\\/blog\\\/para-a-abrasel-campinas-o-momento-e-delicado-e-requer-cuidados-apesar-das-perdas-para-bares-e-restaurantes\\\/\",\"name\":\"Para a Abrasel Campinas, o momento \u00e9 delicado e requer cuidados, apesar das perdas para bares e restaurantes - Comunica\u00e7\u00e3o Estrat\u00e9gica\",\"isPartOf\":{\"@id\":\"https:\\\/\\\/comunicacaoestrategicacps.com.br\\\/blog\\\/#website\"},\"primaryImageOfPage\":{\"@id\":\"https:\\\/\\\/comunicacaoestrategicacps.com.br\\\/blog\\\/para-a-abrasel-campinas-o-momento-e-delicado-e-requer-cuidados-apesar-das-perdas-para-bares-e-restaurantes\\\/#primaryimage\"},\"image\":{\"@id\":\"https:\\\/\\\/comunicacaoestrategicacps.com.br\\\/blog\\\/para-a-abrasel-campinas-o-momento-e-delicado-e-requer-cuidados-apesar-das-perdas-para-bares-e-restaurantes\\\/#primaryimage\"},\"thumbnailUrl\":\"https:\\\/\\\/comunicacaoestrategicacps.com.br\\\/blog\\\/wp-content\\\/uploads\\\/2020\\\/02\\\/Matheus-Mason-1-1-300x213-1.png\",\"datePublished\":\"2021-03-11T18:08:20+00:00\",\"dateModified\":\"2021-03-11T18:08:23+00:00\",\"author\":{\"@id\":\"https:\\\/\\\/comunicacaoestrategicacps.com.br\\\/blog\\\/#\\\/schema\\\/person\\\/8d447568a01edd36a56dbbcb702b02fc\"},\"breadcrumb\":{\"@id\":\"https:\\\/\\\/comunicacaoestrategicacps.com.br\\\/blog\\\/para-a-abrasel-campinas-o-momento-e-delicado-e-requer-cuidados-apesar-das-perdas-para-bares-e-restaurantes\\\/#breadcrumb\"},\"inLanguage\":\"pt-BR\",\"potentialAction\":[{\"@type\":\"ReadAction\",\"target\":[\"https:\\\/\\\/comunicacaoestrategicacps.com.br\\\/blog\\\/para-a-abrasel-campinas-o-momento-e-delicado-e-requer-cuidados-apesar-das-perdas-para-bares-e-restaurantes\\\/\"]}]},{\"@type\":\"ImageObject\",\"inLanguage\":\"pt-BR\",\"@id\":\"https:\\\/\\\/comunicacaoestrategicacps.com.br\\\/blog\\\/para-a-abrasel-campinas-o-momento-e-delicado-e-requer-cuidados-apesar-das-perdas-para-bares-e-restaurantes\\\/#primaryimage\",\"url\":\"https:\\\/\\\/comunicacaoestrategicacps.com.br\\\/blog\\\/wp-content\\\/uploads\\\/2020\\\/02\\\/Matheus-Mason-1-1-300x213-1.png\",\"contentUrl\":\"https:\\\/\\\/comunicacaoestrategicacps.com.br\\\/blog\\\/wp-content\\\/uploads\\\/2020\\\/02\\\/Matheus-Mason-1-1-300x213-1.png\",\"width\":300,\"height\":213},{\"@type\":\"BreadcrumbList\",\"@id\":\"https:\\\/\\\/comunicacaoestrategicacps.com.br\\\/blog\\\/para-a-abrasel-campinas-o-momento-e-delicado-e-requer-cuidados-apesar-das-perdas-para-bares-e-restaurantes\\\/#breadcrumb\",\"itemListElement\":[{\"@type\":\"ListItem\",\"position\":1,\"name\":\"In\u00edcio\",\"item\":\"https:\\\/\\\/comunicacaoestrategicacps.com.br\\\/blog\\\/\"},{\"@type\":\"ListItem\",\"position\":2,\"name\":\"Para a Abrasel Campinas, o momento \u00e9 delicado e requer cuidados, apesar das perdas para bares e restaurantes\"}]},{\"@type\":\"WebSite\",\"@id\":\"https:\\\/\\\/comunicacaoestrategicacps.com.br\\\/blog\\\/#website\",\"url\":\"https:\\\/\\\/comunicacaoestrategicacps.com.br\\\/blog\\\/\",\"name\":\"Comunica\u00e7\u00e3o Estrat\u00e9gica\",\"description\":\"Comunica\u00e7\u00e3o Estrat\u00e9gica  - Assessoria de Imprensa\",\"potentialAction\":[{\"@type\":\"SearchAction\",\"target\":{\"@type\":\"EntryPoint\",\"urlTemplate\":\"https:\\\/\\\/comunicacaoestrategicacps.com.br\\\/blog\\\/?s={search_term_string}\"},\"query-input\":{\"@type\":\"PropertyValueSpecification\",\"valueRequired\":true,\"valueName\":\"search_term_string\"}}],\"inLanguage\":\"pt-BR\"},{\"@type\":\"Person\",\"@id\":\"https:\\\/\\\/comunicacaoestrategicacps.com.br\\\/blog\\\/#\\\/schema\\\/person\\\/8d447568a01edd36a56dbbcb702b02fc\",\"name\":\"admin\",\"image\":{\"@type\":\"ImageObject\",\"inLanguage\":\"pt-BR\",\"@id\":\"https:\\\/\\\/secure.gravatar.com\\\/avatar\\\/2cc026ea89b57b9d913d4ce5b90a0490046c0c9048a129e24cc44313a90d3f77?s=96&d=mm&r=g\",\"url\":\"https:\\\/\\\/secure.gravatar.com\\\/avatar\\\/2cc026ea89b57b9d913d4ce5b90a0490046c0c9048a129e24cc44313a90d3f77?s=96&d=mm&r=g\",\"contentUrl\":\"https:\\\/\\\/secure.gravatar.com\\\/avatar\\\/2cc026ea89b57b9d913d4ce5b90a0490046c0c9048a129e24cc44313a90d3f77?s=96&d=mm&r=g\",\"caption\":\"admin\"},\"url\":\"https:\\\/\\\/comunicacaoestrategicacps.com.br\\\/blog\\\/author\\\/admin\\\/\"}]}<\/script>\n<!-- \/ Yoast SEO plugin. -->","yoast_head_json":{"title":"Para a Abrasel Campinas, o momento \u00e9 delicado e requer cuidados, apesar das perdas para bares e restaurantes - Comunica\u00e7\u00e3o Estrat\u00e9gica","robots":{"index":"index","follow":"follow","max-snippet":"max-snippet:-1","max-image-preview":"max-image-preview:large","max-video-preview":"max-video-preview:-1"},"canonical":"https:\/\/comunicacaoestrategicacps.com.br\/blog\/para-a-abrasel-campinas-o-momento-e-delicado-e-requer-cuidados-apesar-das-perdas-para-bares-e-restaurantes\/","og_locale":"pt_BR","og_type":"article","og_title":"Para a Abrasel Campinas, o momento \u00e9 delicado e requer cuidados, apesar das perdas para bares e restaurantes - Comunica\u00e7\u00e3o Estrat\u00e9gica","og_description":"Campinas, 11 de mar\u00e7o de 2021 &#8211; As novas medidas restritivas para conter o avan\u00e7o da pandemia no Estado de S\u00e3o Paulo, anunciadas hoje pelo governador de S\u00e3o Paulo, s\u00e3o vistas como importantes pela Associa\u00e7\u00e3o Brasileira de Bares e Restaurantes (Abrasel) de Campinas e regi\u00e3o, embora elas afetem ainda mais os bares e restaurantes, com [&hellip;]","og_url":"https:\/\/comunicacaoestrategicacps.com.br\/blog\/para-a-abrasel-campinas-o-momento-e-delicado-e-requer-cuidados-apesar-das-perdas-para-bares-e-restaurantes\/","og_site_name":"Comunica\u00e7\u00e3o Estrat\u00e9gica","article_published_time":"2021-03-11T18:08:20+00:00","article_modified_time":"2021-03-11T18:08:23+00:00","og_image":[{"width":300,"height":213,"url":"https:\/\/comunicacaoestrategicacps.com.br\/blog\/wp-content\/uploads\/2020\/02\/Matheus-Mason-1-1-300x213-1.png","type":"image\/png"}],"author":"admin","twitter_card":"summary_large_image","twitter_misc":{"Escrito por":"admin","Est. tempo de leitura":"3 minutos"},"schema":{"@context":"https:\/\/schema.org","@graph":[{"@type":"Article","@id":"https:\/\/comunicacaoestrategicacps.com.br\/blog\/para-a-abrasel-campinas-o-momento-e-delicado-e-requer-cuidados-apesar-das-perdas-para-bares-e-restaurantes\/#article","isPartOf":{"@id":"https:\/\/comunicacaoestrategicacps.com.br\/blog\/para-a-abrasel-campinas-o-momento-e-delicado-e-requer-cuidados-apesar-das-perdas-para-bares-e-restaurantes\/"},"author":{"name":"admin","@id":"https:\/\/comunicacaoestrategicacps.com.br\/blog\/#\/schema\/person\/8d447568a01edd36a56dbbcb702b02fc"},"headline":"Para a Abrasel Campinas, o momento \u00e9 delicado e requer cuidados, apesar das perdas para bares e restaurantes","datePublished":"2021-03-11T18:08:20+00:00","dateModified":"2021-03-11T18:08:23+00:00","mainEntityOfPage":{"@id":"https:\/\/comunicacaoestrategicacps.com.br\/blog\/para-a-abrasel-campinas-o-momento-e-delicado-e-requer-cuidados-apesar-das-perdas-para-bares-e-restaurantes\/"},"wordCount":577,"commentCount":0,"image":{"@id":"https:\/\/comunicacaoestrategicacps.com.br\/blog\/para-a-abrasel-campinas-o-momento-e-delicado-e-requer-cuidados-apesar-das-perdas-para-bares-e-restaurantes\/#primaryimage"},"thumbnailUrl":"https:\/\/comunicacaoestrategicacps.com.br\/blog\/wp-content\/uploads\/2020\/02\/Matheus-Mason-1-1-300x213-1.png","articleSection":["Neg\u00f3cios e Economia"],"inLanguage":"pt-BR","potentialAction":[{"@type":"CommentAction","name":"Comment","target":["https:\/\/comunicacaoestrategicacps.com.br\/blog\/para-a-abrasel-campinas-o-momento-e-delicado-e-requer-cuidados-apesar-das-perdas-para-bares-e-restaurantes\/#respond"]}]},{"@type":"WebPage","@id":"https:\/\/comunicacaoestrategicacps.com.br\/blog\/para-a-abrasel-campinas-o-momento-e-delicado-e-requer-cuidados-apesar-das-perdas-para-bares-e-restaurantes\/","url":"https:\/\/comunicacaoestrategicacps.com.br\/blog\/para-a-abrasel-campinas-o-momento-e-delicado-e-requer-cuidados-apesar-das-perdas-para-bares-e-restaurantes\/","name":"Para a Abrasel Campinas, o momento \u00e9 delicado e requer cuidados, apesar das perdas para bares e restaurantes - Comunica\u00e7\u00e3o Estrat\u00e9gica","isPartOf":{"@id":"https:\/\/comunicacaoestrategicacps.com.br\/blog\/#website"},"primaryImageOfPage":{"@id":"https:\/\/comunicacaoestrategicacps.com.br\/blog\/para-a-abrasel-campinas-o-momento-e-delicado-e-requer-cuidados-apesar-das-perdas-para-bares-e-restaurantes\/#primaryimage"},"image":{"@id":"https:\/\/comunicacaoestrategicacps.com.br\/blog\/para-a-abrasel-campinas-o-momento-e-delicado-e-requer-cuidados-apesar-das-perdas-para-bares-e-restaurantes\/#primaryimage"},"thumbnailUrl":"https:\/\/comunicacaoestrategicacps.com.br\/blog\/wp-content\/uploads\/2020\/02\/Matheus-Mason-1-1-300x213-1.png","datePublished":"2021-03-11T18:08:20+00:00","dateModified":"2021-03-11T18:08:23+00:00","author":{"@id":"https:\/\/comunicacaoestrategicacps.com.br\/blog\/#\/schema\/person\/8d447568a01edd36a56dbbcb702b02fc"},"breadcrumb":{"@id":"https:\/\/comunicacaoestrategicacps.com.br\/blog\/para-a-abrasel-campinas-o-momento-e-delicado-e-requer-cuidados-apesar-das-perdas-para-bares-e-restaurantes\/#breadcrumb"},"inLanguage":"pt-BR","potentialAction":[{"@type":"ReadAction","target":["https:\/\/comunicacaoestrategicacps.com.br\/blog\/para-a-abrasel-campinas-o-momento-e-delicado-e-requer-cuidados-apesar-das-perdas-para-bares-e-restaurantes\/"]}]},{"@type":"ImageObject","inLanguage":"pt-BR","@id":"https:\/\/comunicacaoestrategicacps.com.br\/blog\/para-a-abrasel-campinas-o-momento-e-delicado-e-requer-cuidados-apesar-das-perdas-para-bares-e-restaurantes\/#primaryimage","url":"https:\/\/comunicacaoestrategicacps.com.br\/blog\/wp-content\/uploads\/2020\/02\/Matheus-Mason-1-1-300x213-1.png","contentUrl":"https:\/\/comunicacaoestrategicacps.com.br\/blog\/wp-content\/uploads\/2020\/02\/Matheus-Mason-1-1-300x213-1.png","width":300,"height":213},{"@type":"BreadcrumbList","@id":"https:\/\/comunicacaoestrategicacps.com.br\/blog\/para-a-abrasel-campinas-o-momento-e-delicado-e-requer-cuidados-apesar-das-perdas-para-bares-e-restaurantes\/#breadcrumb","itemListElement":[{"@type":"ListItem","position":1,"name":"In\u00edcio","item":"https:\/\/comunicacaoestrategicacps.com.br\/blog\/"},{"@type":"ListItem","position":2,"name":"Para a Abrasel Campinas, o momento \u00e9 delicado e requer cuidados, apesar das perdas para bares e restaurantes"}]},{"@type":"WebSite","@id":"https:\/\/comunicacaoestrategicacps.com.br\/blog\/#website","url":"https:\/\/comunicacaoestrategicacps.com.br\/blog\/","name":"Comunica\u00e7\u00e3o Estrat\u00e9gica","description":"Comunica\u00e7\u00e3o Estrat\u00e9gica  - Assessoria de Imprensa","potentialAction":[{"@type":"SearchAction","target":{"@type":"EntryPoint","urlTemplate":"https:\/\/comunicacaoestrategicacps.com.br\/blog\/?s={search_term_string}"},"query-input":{"@type":"PropertyValueSpecification","valueRequired":true,"valueName":"search_term_string"}}],"inLanguage":"pt-BR"},{"@type":"Person","@id":"https:\/\/comunicacaoestrategicacps.com.br\/blog\/#\/schema\/person\/8d447568a01edd36a56dbbcb702b02fc","name":"admin","image":{"@type":"ImageObject","inLanguage":"pt-BR","@id":"https:\/\/secure.gravatar.com\/avatar\/2cc026ea89b57b9d913d4ce5b90a0490046c0c9048a129e24cc44313a90d3f77?s=96&d=mm&r=g","url":"https:\/\/secure.gravatar.com\/avatar\/2cc026ea89b57b9d913d4ce5b90a0490046c0c9048a129e24cc44313a90d3f77?s=96&d=mm&r=g","contentUrl":"https:\/\/secure.gravatar.com\/avatar\/2cc026ea89b57b9d913d4ce5b90a0490046c0c9048a129e24cc44313a90d3f77?s=96&d=mm&r=g","caption":"admin"},"url":"https:\/\/comunicacaoestrategicacps.com.br\/blog\/author\/admin\/"}]}},"builder_content":"","_links":{"self":[{"href":"https:\/\/comunicacaoestrategicacps.com.br\/blog\/wp-json\/wp\/v2\/posts\/1020","targetHints":{"allow":["GET"]}}],"collection":[{"href":"https:\/\/comunicacaoestrategicacps.com.br\/blog\/wp-json\/wp\/v2\/posts"}],"about":[{"href":"https:\/\/comunicacaoestrategicacps.com.br\/blog\/wp-json\/wp\/v2\/types\/post"}],"author":[{"embeddable":true,"href":"https:\/\/comunicacaoestrategicacps.com.br\/blog\/wp-json\/wp\/v2\/users\/1"}],"replies":[{"embeddable":true,"href":"https:\/\/comunicacaoestrategicacps.com.br\/blog\/wp-json\/wp\/v2\/comments?post=1020"}],"version-history":[{"count":1,"href":"https:\/\/comunicacaoestrategicacps.com.br\/blog\/wp-json\/wp\/v2\/posts\/1020\/revisions"}],"predecessor-version":[{"id":1021,"href":"https:\/\/comunicacaoestrategicacps.com.br\/blog\/wp-json\/wp\/v2\/posts\/1020\/revisions\/1021"}],"wp:featuredmedia":[{"embeddable":true,"href":"https:\/\/comunicacaoestrategicacps.com.br\/blog\/wp-json\/wp\/v2\/media\/509"}],"wp:attachment":[{"href":"https:\/\/comunicacaoestrategicacps.com.br\/blog\/wp-json\/wp\/v2\/media?parent=1020"}],"wp:term":[{"taxonomy":"category","embeddable":true,"href":"https:\/\/comunicacaoestrategicacps.com.br\/blog\/wp-json\/wp\/v2\/categories?post=1020"},{"taxonomy":"post_tag","embeddable":true,"href":"https:\/\/comunicacaoestrategicacps.com.br\/blog\/wp-json\/wp\/v2\/tags?post=1020"}],"curies":[{"name":"wp","href":"https:\/\/api.w.org\/{rel}","templated":true}]}}