{"id":1041,"date":"2021-04-21T13:02:05","date_gmt":"2021-04-21T16:02:05","guid":{"rendered":"https:\/\/comunicacaoestrategicacps.com.br\/blog\/?p=1041"},"modified":"2021-04-21T13:02:08","modified_gmt":"2021-04-21T16:02:08","slug":"rede-vitoria-hoteis-prepara-reaberturas-de-academia-salas-de-eventos-e-restaurantes","status":"publish","type":"post","link":"https:\/\/comunicacaoestrategicacps.com.br\/blog\/rede-vitoria-hoteis-prepara-reaberturas-de-academia-salas-de-eventos-e-restaurantes\/","title":{"rendered":"Rede Vit\u00f3ria Hot\u00e9is prepara reaberturas de academia, salas de eventos e restaurantes"},"content":{"rendered":"<!--themify_builder_content-->\n<div id=\"themify_builder_content-1041\" data-postid=\"1041\" class=\"themify_builder_content themify_builder_content-1041 themify_builder tf_clear\">\n    <\/div>\n<!--\/themify_builder_content-->\n\n\n<figure class=\"wp-block-image size-large\"><img loading=\"lazy\" decoding=\"async\" width=\"1024\" height=\"813\" src=\"https:\/\/comunicacaoestrategicacps.com.br\/blog\/wp-content\/uploads\/2021\/04\/Hotel-Concept-Campinas_18-1024x813.jpg\" alt=\"\" class=\"wp-image-1042\" srcset=\"https:\/\/comunicacaoestrategicacps.com.br\/blog\/wp-content\/uploads\/2021\/04\/Hotel-Concept-Campinas_18-1024x813.jpg 1024w, https:\/\/comunicacaoestrategicacps.com.br\/blog\/wp-content\/uploads\/2021\/04\/Hotel-Concept-Campinas_18-300x238.jpg 300w, https:\/\/comunicacaoestrategicacps.com.br\/blog\/wp-content\/uploads\/2021\/04\/Hotel-Concept-Campinas_18-768x609.jpg 768w, https:\/\/comunicacaoestrategicacps.com.br\/blog\/wp-content\/uploads\/2021\/04\/Hotel-Concept-Campinas_18.jpg 1133w\" sizes=\"auto, (max-width: 1024px) 100vw, 1024px\" \/><\/figure>\n\n\n\n<p><em>Retomada\ndas atividades em Campina, Indaiatuba e Paul\u00ednia acontece a partir de s\u00e1bado\n(24)<\/em><\/p>\n\n\n\n<p><strong>Campinas, 21 de abril de 2021<\/strong> &#8211; Com grandes\nrestri\u00e7\u00f5es para funcionamento, a Fase Transit\u00f3ria do Plano S\u00e3o Paulo \u00e9 vista\ncom al\u00edvio pelo setor hoteleiro de Campinas. Com a reabertura de v\u00e1rias\natividades a partir deste s\u00e1bado, dia 24, como restaurantes, academia de\ngin\u00e1stica e salas de conven\u00e7\u00f5es, as equipes da Rede Vit\u00f3ria hot\u00e9is em Campinas,\nIndaiatuba e Paul\u00ednia intensificam os trabalhos para voltar a receber o\np\u00fablico.<\/p>\n\n\n\n<p>A\nretomada das atividades ser\u00e1 feita por etapas, seguindo r\u00edgidos padr\u00f5es de\nnormas sanit\u00e1rias, higieniza\u00e7\u00e3o, seguran\u00e7a e distanciamento entre as pessoas.\nNo caso das academias localizadas nos Concept Campinas e Vit\u00f3ria Hotel\nConvention Paul\u00ednia, a reabertura ser\u00e1 na segunda-feira 26. Em Campinas, os\nalunos poder\u00e3o freq\u00fcenta a academia de segunda a sexta-feira, das 7h \u00e0s 11h e\ndas 15h \u00e0s 19h, somente para treinamento personalizado (individual ou\ncompartilhado), acompanhado pela equipe de Personal Trainers, com hor\u00e1rio\npreviamente agendado.<\/p>\n\n\n\n<p>Em\nPaul\u00ednia, a academia estar\u00e1 aberta de segunda \u00e0 sexta, das 7h \u00e0s 11h e das 15h\n\u00e0s 19h. No s\u00e1bado, das 7h \u00e0s 11h. Sempre com capacidade de 25%, e treinamento\nlimitado a 60 minutos. A entrada ser\u00e1 por ordem de chegada.<\/p>\n\n\n\n<p>Em\nrela\u00e7\u00e3o aos restaurantes &#8211; Bellini e Kindai, em Campinas, Vitorino (Paul\u00ednia) e\nVick (Indaiatuba) \u2013 o atendimento presencial no sal\u00e3o, com limite de 25% da\ncapacidade, acontece no s\u00e1bado, dia 24. O Bellini Ristorante receber\u00e1 clientes\ndas 11h30 \u00e1s 19h, enquanto o servi\u00e7o de delivery funcionar\u00e1 at\u00e9 \u00e0s 22h. No\nKindai, o p\u00fablico poder\u00e1 freq\u00fcentar o sal\u00e3o das 11h30 \u00e0s 14h30 e das 17h30 \u00e0s\n19h, J\u00e1 o delivery permanece aberto das 11h \u00e1s 14h30&nbsp; e das 18h \u00e1s 22h. O Esquinica\n(comidas naturais), continua operando apenas por entrega (das 11h30 \u00e1s 22h)<\/p>\n\n\n\n<p>O\nVitorino, em Paul\u00ednia, e o Vick Pizza &amp; Cozinha, em Indaiatuba abrir\u00e3o seus\nsal\u00f5es para atendimento presencial das 11h30 \u00e0s 14h30 e das 17h30 \u00e0s 19h.<\/p>\n\n\n\n<p>Outro\nservi\u00e7o que retoma com esta fase de transi\u00e7\u00e3o \u00e9 o de conven\u00e7\u00f5es. Todas as salas\ndas cinco unidades (Vit\u00f3ria Concept Campinas, Express Dom Pedro e Residence\nNewPort, todos em Campinas e Vit\u00f3ria Hotel Indaiatuba, Vit\u00f3ria Hotel Convention\nPaul\u00ednia) retomam suas atividades com 25% de suas capacidades e seguindo todas\nas normas de higieniza\u00e7\u00e3o e seguran\u00e7a.<\/p>\n\n\n\n<p>Para\no gerente de Marketing da Rede Vit\u00f3ria Hoteis, Eduardo Porto, esta fase de\ntransi\u00e7\u00e3o do Plano S\u00e3o Paulo, com a reabertura gradual das atividades, traz um\nal\u00edvio e boa expectativa de retomada dos neg\u00f3cios, durante afetados com a\npandemia. \u201cEsta reabertura tamb\u00e9m nos traz perspectiva de retomarmos nos\npr\u00f3ximos dias v\u00e1rios projetos de pacotes para o p\u00fablico que ficaram parados por\nconta das restri\u00e7\u00f5es\u201d, adianta.<\/p>","protected":false},"excerpt":{"rendered":"<p>Retomada das atividades em Campina, Indaiatuba e Paul\u00ednia acontece a partir de s\u00e1bado (24) Campinas, 21 de abril de 2021 &#8211; Com grandes restri\u00e7\u00f5es para funcionamento, a Fase Transit\u00f3ria do Plano S\u00e3o Paulo \u00e9 vista com al\u00edvio pelo setor hoteleiro de Campinas. Com a reabertura de v\u00e1rias atividades a partir deste s\u00e1bado, dia 24, como [&hellip;]<\/p>\n","protected":false},"author":1,"featured_media":1042,"comment_status":"open","ping_status":"open","sticky":true,"template":"","format":"standard","meta":{"footnotes":""},"categories":[43],"tags":[],"class_list":["post-1041","post","type-post","status-publish","format-standard","has-post-thumbnail","hentry","category-negocios-e-economia","has-post-title","has-post-date","has-post-category","has-post-tag","has-post-comment","has-post-author",""],"yoast_head":"<!-- This site is optimized with the Yoast SEO plugin v27.4 - https:\/\/yoast.com\/product\/yoast-seo-wordpress\/ -->\n<title>Rede Vit\u00f3ria Hot\u00e9is prepara reaberturas de academia, salas de eventos e restaurantes - Comunica\u00e7\u00e3o Estrat\u00e9gica<\/title>\n<meta name=\"robots\" content=\"index, follow, max-snippet:-1, max-image-preview:large, max-video-preview:-1\" \/>\n<link rel=\"canonical\" href=\"https:\/\/comunicacaoestrategicacps.com.br\/blog\/rede-vitoria-hoteis-prepara-reaberturas-de-academia-salas-de-eventos-e-restaurantes\/\" \/>\n<meta property=\"og:locale\" content=\"pt_BR\" \/>\n<meta property=\"og:type\" content=\"article\" \/>\n<meta property=\"og:title\" content=\"Rede Vit\u00f3ria Hot\u00e9is prepara reaberturas de academia, salas de eventos e restaurantes - Comunica\u00e7\u00e3o Estrat\u00e9gica\" \/>\n<meta property=\"og:description\" content=\"Retomada das atividades em Campina, Indaiatuba e Paul\u00ednia acontece a partir de s\u00e1bado (24) Campinas, 21 de abril de 2021 &#8211; Com grandes restri\u00e7\u00f5es para funcionamento, a Fase Transit\u00f3ria do Plano S\u00e3o Paulo \u00e9 vista com al\u00edvio pelo setor hoteleiro de Campinas. Com a reabertura de v\u00e1rias atividades a partir deste s\u00e1bado, dia 24, como [&hellip;]\" \/>\n<meta property=\"og:url\" content=\"https:\/\/comunicacaoestrategicacps.com.br\/blog\/rede-vitoria-hoteis-prepara-reaberturas-de-academia-salas-de-eventos-e-restaurantes\/\" \/>\n<meta property=\"og:site_name\" content=\"Comunica\u00e7\u00e3o Estrat\u00e9gica\" \/>\n<meta property=\"article:published_time\" content=\"2021-04-21T16:02:05+00:00\" \/>\n<meta property=\"article:modified_time\" content=\"2021-04-21T16:02:08+00:00\" \/>\n<meta property=\"og:image\" content=\"https:\/\/comunicacaoestrategicacps.com.br\/blog\/wp-content\/uploads\/2021\/04\/Hotel-Concept-Campinas_18.jpg\" \/>\n\t<meta property=\"og:image:width\" content=\"1133\" \/>\n\t<meta property=\"og:image:height\" content=\"899\" \/>\n\t<meta property=\"og:image:type\" content=\"image\/jpeg\" \/>\n<meta name=\"author\" content=\"admin\" \/>\n<meta name=\"twitter:card\" content=\"summary_large_image\" \/>\n<meta name=\"twitter:label1\" content=\"Escrito por\" \/>\n\t<meta name=\"twitter:data1\" content=\"admin\" \/>\n\t<meta name=\"twitter:label2\" content=\"Est. tempo de leitura\" \/>\n\t<meta name=\"twitter:data2\" content=\"2 minutos\" \/>\n<script type=\"application\/ld+json\" class=\"yoast-schema-graph\">{\"@context\":\"https:\\\/\\\/schema.org\",\"@graph\":[{\"@type\":\"Article\",\"@id\":\"https:\\\/\\\/comunicacaoestrategicacps.com.br\\\/blog\\\/rede-vitoria-hoteis-prepara-reaberturas-de-academia-salas-de-eventos-e-restaurantes\\\/#article\",\"isPartOf\":{\"@id\":\"https:\\\/\\\/comunicacaoestrategicacps.com.br\\\/blog\\\/rede-vitoria-hoteis-prepara-reaberturas-de-academia-salas-de-eventos-e-restaurantes\\\/\"},\"author\":{\"name\":\"admin\",\"@id\":\"https:\\\/\\\/comunicacaoestrategicacps.com.br\\\/blog\\\/#\\\/schema\\\/person\\\/8d447568a01edd36a56dbbcb702b02fc\"},\"headline\":\"Rede Vit\u00f3ria Hot\u00e9is prepara reaberturas de academia, salas de eventos e restaurantes\",\"datePublished\":\"2021-04-21T16:02:05+00:00\",\"dateModified\":\"2021-04-21T16:02:08+00:00\",\"mainEntityOfPage\":{\"@id\":\"https:\\\/\\\/comunicacaoestrategicacps.com.br\\\/blog\\\/rede-vitoria-hoteis-prepara-reaberturas-de-academia-salas-de-eventos-e-restaurantes\\\/\"},\"wordCount\":504,\"commentCount\":0,\"image\":{\"@id\":\"https:\\\/\\\/comunicacaoestrategicacps.com.br\\\/blog\\\/rede-vitoria-hoteis-prepara-reaberturas-de-academia-salas-de-eventos-e-restaurantes\\\/#primaryimage\"},\"thumbnailUrl\":\"https:\\\/\\\/comunicacaoestrategicacps.com.br\\\/blog\\\/wp-content\\\/uploads\\\/2021\\\/04\\\/Hotel-Concept-Campinas_18.jpg\",\"articleSection\":[\"Neg\u00f3cios e Economia\"],\"inLanguage\":\"pt-BR\",\"potentialAction\":[{\"@type\":\"CommentAction\",\"name\":\"Comment\",\"target\":[\"https:\\\/\\\/comunicacaoestrategicacps.com.br\\\/blog\\\/rede-vitoria-hoteis-prepara-reaberturas-de-academia-salas-de-eventos-e-restaurantes\\\/#respond\"]}]},{\"@type\":\"WebPage\",\"@id\":\"https:\\\/\\\/comunicacaoestrategicacps.com.br\\\/blog\\\/rede-vitoria-hoteis-prepara-reaberturas-de-academia-salas-de-eventos-e-restaurantes\\\/\",\"url\":\"https:\\\/\\\/comunicacaoestrategicacps.com.br\\\/blog\\\/rede-vitoria-hoteis-prepara-reaberturas-de-academia-salas-de-eventos-e-restaurantes\\\/\",\"name\":\"Rede Vit\u00f3ria Hot\u00e9is prepara reaberturas de academia, salas de eventos e restaurantes - Comunica\u00e7\u00e3o Estrat\u00e9gica\",\"isPartOf\":{\"@id\":\"https:\\\/\\\/comunicacaoestrategicacps.com.br\\\/blog\\\/#website\"},\"primaryImageOfPage\":{\"@id\":\"https:\\\/\\\/comunicacaoestrategicacps.com.br\\\/blog\\\/rede-vitoria-hoteis-prepara-reaberturas-de-academia-salas-de-eventos-e-restaurantes\\\/#primaryimage\"},\"image\":{\"@id\":\"https:\\\/\\\/comunicacaoestrategicacps.com.br\\\/blog\\\/rede-vitoria-hoteis-prepara-reaberturas-de-academia-salas-de-eventos-e-restaurantes\\\/#primaryimage\"},\"thumbnailUrl\":\"https:\\\/\\\/comunicacaoestrategicacps.com.br\\\/blog\\\/wp-content\\\/uploads\\\/2021\\\/04\\\/Hotel-Concept-Campinas_18.jpg\",\"datePublished\":\"2021-04-21T16:02:05+00:00\",\"dateModified\":\"2021-04-21T16:02:08+00:00\",\"author\":{\"@id\":\"https:\\\/\\\/comunicacaoestrategicacps.com.br\\\/blog\\\/#\\\/schema\\\/person\\\/8d447568a01edd36a56dbbcb702b02fc\"},\"breadcrumb\":{\"@id\":\"https:\\\/\\\/comunicacaoestrategicacps.com.br\\\/blog\\\/rede-vitoria-hoteis-prepara-reaberturas-de-academia-salas-de-eventos-e-restaurantes\\\/#breadcrumb\"},\"inLanguage\":\"pt-BR\",\"potentialAction\":[{\"@type\":\"ReadAction\",\"target\":[\"https:\\\/\\\/comunicacaoestrategicacps.com.br\\\/blog\\\/rede-vitoria-hoteis-prepara-reaberturas-de-academia-salas-de-eventos-e-restaurantes\\\/\"]}]},{\"@type\":\"ImageObject\",\"inLanguage\":\"pt-BR\",\"@id\":\"https:\\\/\\\/comunicacaoestrategicacps.com.br\\\/blog\\\/rede-vitoria-hoteis-prepara-reaberturas-de-academia-salas-de-eventos-e-restaurantes\\\/#primaryimage\",\"url\":\"https:\\\/\\\/comunicacaoestrategicacps.com.br\\\/blog\\\/wp-content\\\/uploads\\\/2021\\\/04\\\/Hotel-Concept-Campinas_18.jpg\",\"contentUrl\":\"https:\\\/\\\/comunicacaoestrategicacps.com.br\\\/blog\\\/wp-content\\\/uploads\\\/2021\\\/04\\\/Hotel-Concept-Campinas_18.jpg\",\"width\":1133,\"height\":899},{\"@type\":\"BreadcrumbList\",\"@id\":\"https:\\\/\\\/comunicacaoestrategicacps.com.br\\\/blog\\\/rede-vitoria-hoteis-prepara-reaberturas-de-academia-salas-de-eventos-e-restaurantes\\\/#breadcrumb\",\"itemListElement\":[{\"@type\":\"ListItem\",\"position\":1,\"name\":\"In\u00edcio\",\"item\":\"https:\\\/\\\/comunicacaoestrategicacps.com.br\\\/blog\\\/\"},{\"@type\":\"ListItem\",\"position\":2,\"name\":\"Rede Vit\u00f3ria Hot\u00e9is prepara reaberturas de academia, salas de eventos e restaurantes\"}]},{\"@type\":\"WebSite\",\"@id\":\"https:\\\/\\\/comunicacaoestrategicacps.com.br\\\/blog\\\/#website\",\"url\":\"https:\\\/\\\/comunicacaoestrategicacps.com.br\\\/blog\\\/\",\"name\":\"Comunica\u00e7\u00e3o Estrat\u00e9gica\",\"description\":\"Comunica\u00e7\u00e3o Estrat\u00e9gica  - Assessoria de Imprensa\",\"potentialAction\":[{\"@type\":\"SearchAction\",\"target\":{\"@type\":\"EntryPoint\",\"urlTemplate\":\"https:\\\/\\\/comunicacaoestrategicacps.com.br\\\/blog\\\/?s={search_term_string}\"},\"query-input\":{\"@type\":\"PropertyValueSpecification\",\"valueRequired\":true,\"valueName\":\"search_term_string\"}}],\"inLanguage\":\"pt-BR\"},{\"@type\":\"Person\",\"@id\":\"https:\\\/\\\/comunicacaoestrategicacps.com.br\\\/blog\\\/#\\\/schema\\\/person\\\/8d447568a01edd36a56dbbcb702b02fc\",\"name\":\"admin\",\"image\":{\"@type\":\"ImageObject\",\"inLanguage\":\"pt-BR\",\"@id\":\"https:\\\/\\\/secure.gravatar.com\\\/avatar\\\/2cc026ea89b57b9d913d4ce5b90a0490046c0c9048a129e24cc44313a90d3f77?s=96&d=mm&r=g\",\"url\":\"https:\\\/\\\/secure.gravatar.com\\\/avatar\\\/2cc026ea89b57b9d913d4ce5b90a0490046c0c9048a129e24cc44313a90d3f77?s=96&d=mm&r=g\",\"contentUrl\":\"https:\\\/\\\/secure.gravatar.com\\\/avatar\\\/2cc026ea89b57b9d913d4ce5b90a0490046c0c9048a129e24cc44313a90d3f77?s=96&d=mm&r=g\",\"caption\":\"admin\"},\"url\":\"https:\\\/\\\/comunicacaoestrategicacps.com.br\\\/blog\\\/author\\\/admin\\\/\"}]}<\/script>\n<!-- \/ Yoast SEO plugin. -->","yoast_head_json":{"title":"Rede Vit\u00f3ria Hot\u00e9is prepara reaberturas de academia, salas de eventos e restaurantes - Comunica\u00e7\u00e3o Estrat\u00e9gica","robots":{"index":"index","follow":"follow","max-snippet":"max-snippet:-1","max-image-preview":"max-image-preview:large","max-video-preview":"max-video-preview:-1"},"canonical":"https:\/\/comunicacaoestrategicacps.com.br\/blog\/rede-vitoria-hoteis-prepara-reaberturas-de-academia-salas-de-eventos-e-restaurantes\/","og_locale":"pt_BR","og_type":"article","og_title":"Rede Vit\u00f3ria Hot\u00e9is prepara reaberturas de academia, salas de eventos e restaurantes - Comunica\u00e7\u00e3o Estrat\u00e9gica","og_description":"Retomada das atividades em Campina, Indaiatuba e Paul\u00ednia acontece a partir de s\u00e1bado (24) Campinas, 21 de abril de 2021 &#8211; Com grandes restri\u00e7\u00f5es para funcionamento, a Fase Transit\u00f3ria do Plano S\u00e3o Paulo \u00e9 vista com al\u00edvio pelo setor hoteleiro de Campinas. Com a reabertura de v\u00e1rias atividades a partir deste s\u00e1bado, dia 24, como [&hellip;]","og_url":"https:\/\/comunicacaoestrategicacps.com.br\/blog\/rede-vitoria-hoteis-prepara-reaberturas-de-academia-salas-de-eventos-e-restaurantes\/","og_site_name":"Comunica\u00e7\u00e3o Estrat\u00e9gica","article_published_time":"2021-04-21T16:02:05+00:00","article_modified_time":"2021-04-21T16:02:08+00:00","og_image":[{"width":1133,"height":899,"url":"https:\/\/comunicacaoestrategicacps.com.br\/blog\/wp-content\/uploads\/2021\/04\/Hotel-Concept-Campinas_18.jpg","type":"image\/jpeg"}],"author":"admin","twitter_card":"summary_large_image","twitter_misc":{"Escrito por":"admin","Est. tempo de leitura":"2 minutos"},"schema":{"@context":"https:\/\/schema.org","@graph":[{"@type":"Article","@id":"https:\/\/comunicacaoestrategicacps.com.br\/blog\/rede-vitoria-hoteis-prepara-reaberturas-de-academia-salas-de-eventos-e-restaurantes\/#article","isPartOf":{"@id":"https:\/\/comunicacaoestrategicacps.com.br\/blog\/rede-vitoria-hoteis-prepara-reaberturas-de-academia-salas-de-eventos-e-restaurantes\/"},"author":{"name":"admin","@id":"https:\/\/comunicacaoestrategicacps.com.br\/blog\/#\/schema\/person\/8d447568a01edd36a56dbbcb702b02fc"},"headline":"Rede Vit\u00f3ria Hot\u00e9is prepara reaberturas de academia, salas de eventos e restaurantes","datePublished":"2021-04-21T16:02:05+00:00","dateModified":"2021-04-21T16:02:08+00:00","mainEntityOfPage":{"@id":"https:\/\/comunicacaoestrategicacps.com.br\/blog\/rede-vitoria-hoteis-prepara-reaberturas-de-academia-salas-de-eventos-e-restaurantes\/"},"wordCount":504,"commentCount":0,"image":{"@id":"https:\/\/comunicacaoestrategicacps.com.br\/blog\/rede-vitoria-hoteis-prepara-reaberturas-de-academia-salas-de-eventos-e-restaurantes\/#primaryimage"},"thumbnailUrl":"https:\/\/comunicacaoestrategicacps.com.br\/blog\/wp-content\/uploads\/2021\/04\/Hotel-Concept-Campinas_18.jpg","articleSection":["Neg\u00f3cios e Economia"],"inLanguage":"pt-BR","potentialAction":[{"@type":"CommentAction","name":"Comment","target":["https:\/\/comunicacaoestrategicacps.com.br\/blog\/rede-vitoria-hoteis-prepara-reaberturas-de-academia-salas-de-eventos-e-restaurantes\/#respond"]}]},{"@type":"WebPage","@id":"https:\/\/comunicacaoestrategicacps.com.br\/blog\/rede-vitoria-hoteis-prepara-reaberturas-de-academia-salas-de-eventos-e-restaurantes\/","url":"https:\/\/comunicacaoestrategicacps.com.br\/blog\/rede-vitoria-hoteis-prepara-reaberturas-de-academia-salas-de-eventos-e-restaurantes\/","name":"Rede Vit\u00f3ria Hot\u00e9is prepara reaberturas de academia, salas de eventos e restaurantes - Comunica\u00e7\u00e3o Estrat\u00e9gica","isPartOf":{"@id":"https:\/\/comunicacaoestrategicacps.com.br\/blog\/#website"},"primaryImageOfPage":{"@id":"https:\/\/comunicacaoestrategicacps.com.br\/blog\/rede-vitoria-hoteis-prepara-reaberturas-de-academia-salas-de-eventos-e-restaurantes\/#primaryimage"},"image":{"@id":"https:\/\/comunicacaoestrategicacps.com.br\/blog\/rede-vitoria-hoteis-prepara-reaberturas-de-academia-salas-de-eventos-e-restaurantes\/#primaryimage"},"thumbnailUrl":"https:\/\/comunicacaoestrategicacps.com.br\/blog\/wp-content\/uploads\/2021\/04\/Hotel-Concept-Campinas_18.jpg","datePublished":"2021-04-21T16:02:05+00:00","dateModified":"2021-04-21T16:02:08+00:00","author":{"@id":"https:\/\/comunicacaoestrategicacps.com.br\/blog\/#\/schema\/person\/8d447568a01edd36a56dbbcb702b02fc"},"breadcrumb":{"@id":"https:\/\/comunicacaoestrategicacps.com.br\/blog\/rede-vitoria-hoteis-prepara-reaberturas-de-academia-salas-de-eventos-e-restaurantes\/#breadcrumb"},"inLanguage":"pt-BR","potentialAction":[{"@type":"ReadAction","target":["https:\/\/comunicacaoestrategicacps.com.br\/blog\/rede-vitoria-hoteis-prepara-reaberturas-de-academia-salas-de-eventos-e-restaurantes\/"]}]},{"@type":"ImageObject","inLanguage":"pt-BR","@id":"https:\/\/comunicacaoestrategicacps.com.br\/blog\/rede-vitoria-hoteis-prepara-reaberturas-de-academia-salas-de-eventos-e-restaurantes\/#primaryimage","url":"https:\/\/comunicacaoestrategicacps.com.br\/blog\/wp-content\/uploads\/2021\/04\/Hotel-Concept-Campinas_18.jpg","contentUrl":"https:\/\/comunicacaoestrategicacps.com.br\/blog\/wp-content\/uploads\/2021\/04\/Hotel-Concept-Campinas_18.jpg","width":1133,"height":899},{"@type":"BreadcrumbList","@id":"https:\/\/comunicacaoestrategicacps.com.br\/blog\/rede-vitoria-hoteis-prepara-reaberturas-de-academia-salas-de-eventos-e-restaurantes\/#breadcrumb","itemListElement":[{"@type":"ListItem","position":1,"name":"In\u00edcio","item":"https:\/\/comunicacaoestrategicacps.com.br\/blog\/"},{"@type":"ListItem","position":2,"name":"Rede Vit\u00f3ria Hot\u00e9is prepara reaberturas de academia, salas de eventos e restaurantes"}]},{"@type":"WebSite","@id":"https:\/\/comunicacaoestrategicacps.com.br\/blog\/#website","url":"https:\/\/comunicacaoestrategicacps.com.br\/blog\/","name":"Comunica\u00e7\u00e3o Estrat\u00e9gica","description":"Comunica\u00e7\u00e3o Estrat\u00e9gica  - Assessoria de Imprensa","potentialAction":[{"@type":"SearchAction","target":{"@type":"EntryPoint","urlTemplate":"https:\/\/comunicacaoestrategicacps.com.br\/blog\/?s={search_term_string}"},"query-input":{"@type":"PropertyValueSpecification","valueRequired":true,"valueName":"search_term_string"}}],"inLanguage":"pt-BR"},{"@type":"Person","@id":"https:\/\/comunicacaoestrategicacps.com.br\/blog\/#\/schema\/person\/8d447568a01edd36a56dbbcb702b02fc","name":"admin","image":{"@type":"ImageObject","inLanguage":"pt-BR","@id":"https:\/\/secure.gravatar.com\/avatar\/2cc026ea89b57b9d913d4ce5b90a0490046c0c9048a129e24cc44313a90d3f77?s=96&d=mm&r=g","url":"https:\/\/secure.gravatar.com\/avatar\/2cc026ea89b57b9d913d4ce5b90a0490046c0c9048a129e24cc44313a90d3f77?s=96&d=mm&r=g","contentUrl":"https:\/\/secure.gravatar.com\/avatar\/2cc026ea89b57b9d913d4ce5b90a0490046c0c9048a129e24cc44313a90d3f77?s=96&d=mm&r=g","caption":"admin"},"url":"https:\/\/comunicacaoestrategicacps.com.br\/blog\/author\/admin\/"}]}},"builder_content":"","_links":{"self":[{"href":"https:\/\/comunicacaoestrategicacps.com.br\/blog\/wp-json\/wp\/v2\/posts\/1041","targetHints":{"allow":["GET"]}}],"collection":[{"href":"https:\/\/comunicacaoestrategicacps.com.br\/blog\/wp-json\/wp\/v2\/posts"}],"about":[{"href":"https:\/\/comunicacaoestrategicacps.com.br\/blog\/wp-json\/wp\/v2\/types\/post"}],"author":[{"embeddable":true,"href":"https:\/\/comunicacaoestrategicacps.com.br\/blog\/wp-json\/wp\/v2\/users\/1"}],"replies":[{"embeddable":true,"href":"https:\/\/comunicacaoestrategicacps.com.br\/blog\/wp-json\/wp\/v2\/comments?post=1041"}],"version-history":[{"count":1,"href":"https:\/\/comunicacaoestrategicacps.com.br\/blog\/wp-json\/wp\/v2\/posts\/1041\/revisions"}],"predecessor-version":[{"id":1043,"href":"https:\/\/comunicacaoestrategicacps.com.br\/blog\/wp-json\/wp\/v2\/posts\/1041\/revisions\/1043"}],"wp:featuredmedia":[{"embeddable":true,"href":"https:\/\/comunicacaoestrategicacps.com.br\/blog\/wp-json\/wp\/v2\/media\/1042"}],"wp:attachment":[{"href":"https:\/\/comunicacaoestrategicacps.com.br\/blog\/wp-json\/wp\/v2\/media?parent=1041"}],"wp:term":[{"taxonomy":"category","embeddable":true,"href":"https:\/\/comunicacaoestrategicacps.com.br\/blog\/wp-json\/wp\/v2\/categories?post=1041"},{"taxonomy":"post_tag","embeddable":true,"href":"https:\/\/comunicacaoestrategicacps.com.br\/blog\/wp-json\/wp\/v2\/tags?post=1041"}],"curies":[{"name":"wp","href":"https:\/\/api.w.org\/{rel}","templated":true}]}}