{"id":1047,"date":"2021-04-21T13:09:11","date_gmt":"2021-04-21T16:09:11","guid":{"rendered":"https:\/\/comunicacaoestrategicacps.com.br\/blog\/?p=1047"},"modified":"2021-04-21T13:09:13","modified_gmt":"2021-04-21T16:09:13","slug":"pesquisa-da-abrasel-mostra-os-impactos-da-crise-nos-bares-e-restaurantes-da-rmc","status":"publish","type":"post","link":"https:\/\/comunicacaoestrategicacps.com.br\/blog\/pesquisa-da-abrasel-mostra-os-impactos-da-crise-nos-bares-e-restaurantes-da-rmc\/","title":{"rendered":"Pesquisa da Abrasel mostra os impactos da crise nos bares e restaurantes da RMC"},"content":{"rendered":"<!--themify_builder_content-->\n<div id=\"themify_builder_content-1047\" data-postid=\"1047\" class=\"themify_builder_content themify_builder_content-1047 themify_builder tf_clear\">\n    <\/div>\n<!--\/themify_builder_content-->\n\n\n<figure class=\"wp-block-image size-large\"><img loading=\"lazy\" decoding=\"async\" width=\"1024\" height=\"682\" src=\"https:\/\/comunicacaoestrategicacps.com.br\/blog\/wp-content\/uploads\/2021\/04\/Matheus-Mason-Presidente-da-Abrasel-RMC-1024x682.jpg\" alt=\"\" class=\"wp-image-1048\" srcset=\"https:\/\/comunicacaoestrategicacps.com.br\/blog\/wp-content\/uploads\/2021\/04\/Matheus-Mason-Presidente-da-Abrasel-RMC-1024x682.jpg 1024w, https:\/\/comunicacaoestrategicacps.com.br\/blog\/wp-content\/uploads\/2021\/04\/Matheus-Mason-Presidente-da-Abrasel-RMC-300x200.jpg 300w, https:\/\/comunicacaoestrategicacps.com.br\/blog\/wp-content\/uploads\/2021\/04\/Matheus-Mason-Presidente-da-Abrasel-RMC-768x512.jpg 768w, https:\/\/comunicacaoestrategicacps.com.br\/blog\/wp-content\/uploads\/2021\/04\/Matheus-Mason-Presidente-da-Abrasel-RMC.jpg 1280w\" sizes=\"auto, (max-width: 1024px) 100vw, 1024px\" \/><\/figure>\n\n\n\n<p><em>83%\ndos estabelecimentos est\u00e3o sob risco de fechar a porta em definitivo<\/em><\/p>\n\n\n\n<p>Campinas,\n02 de abril de 2021 &#8211; Sete em cada dez bares e restaurantes da Regi\u00e3o\nMetropolitana de Campinas (RMC) est\u00e3o sem pagar o Simples; 83% usaram a lei dos\nsal\u00e1rios em 2020 (MP 936); 83% v\u00eam que o neg\u00f3cio est\u00e1 em risco de fechar. Estes\ns\u00e3o alguns dos impactos causados pelas medidas de restri\u00e7\u00f5es de atendimento e\nvendas decorrentes do isolamento para combate \u00e0 Covid-19. Os n\u00fameros fazem\nparte da pesquisa <strong>\u201cSitua\u00e7\u00e3o\nEcon\u00f4mica do Setor de Alimenta\u00e7\u00e3o Fora do Lar\u201d,<\/strong> realizada pela\nAssocia\u00e7\u00e3o Brasileira de Bares e Restaurantes (Abrasel nacional) junto aos\nassociados.<\/p>\n\n\n\n<p>O\nrecorte dos dados da RMC, na pesquisa realizada em todo o Estado de S\u00e3o Paulo\nno m\u00eas de fevereiro, traz um panorama do setor sobre Perfil (66% s\u00e3o\nrestaurantes e 20% s\u00e3o bares e lanchonetes, dos quais 86% s\u00e3o micro empresas).<\/p>\n\n\n\n<p>No\ntocante a Perda de receitas, 66% dos estabelecimentos afirmaram que fecharam\njaneiro no vermelho. Quase 70% das empresas responderam que devem o Simples\nNacional, e as d\u00edvidas com aluguel atingem mais da metade das empresas. 53% dos\nempres\u00e1rios t\u00eam medo de sair do Simples, ainda mais quando o alto endividamento\nagrava a situa\u00e7\u00e3o, sendo que 63% das empresas tomaram empr\u00e9stimos durante a\ncrise no ano passado;<\/p>\n\n\n\n<p>Na\nquest\u00e3o sobre empregos, 83% dos donos de bares e restaurantes afirmaram ter\nusado a lei dos sal\u00e1rios em 2020 (MP 936). Na m\u00e9dia, as empresas t\u00eam de dar\ncinco meses de estabilidade para os funcion\u00e1rios que receberam o benef\u00edcio.<\/p>\n\n\n\n<p>Com\no fim da MP no inicio deste ano e o agravamento da situa\u00e7\u00e3o pela segunda onda\nda pandemia, 83% afirmam que o neg\u00f3cios est\u00e1 em risco, com grandes chances de\nfechar se n\u00e3o houver novo aux\u00edlio para pagamento de sal\u00e1rio \/ redu\u00e7\u00e3o da\njornada.<\/p>\n\n\n\n<p>Das\nempresas que responderam a pesquisa, 63% fizeram empr\u00e9stimos durante o ano\npassado. Para 77% deles, a car\u00eancia para pagamento j\u00e1 venceu.<\/p>\n\n\n\n<p>Outra\nquest\u00e3o levantada na pesquisa diz respeito ao aumento de custos para os\nestabelecimentos. Nada menos do que 66% deles t\u00eam a percep\u00e7\u00e3o de que os custos\ncom mercadorias subiram mais de 20% em rela\u00e7\u00e3o a antes da crise. Para reduzir\nos preju\u00edzos, 82% tiveram de aumentar os pre\u00e7os dos itens do card\u00e1pio, mas\napenas 2% dos respondentes puderam aumentar pre\u00e7os acima de 20%<\/p>\n\n\n\n<p>GRAVIDADE<\/p>\n\n\n\n<p>Para\no presidente da Abrasel de Campinas e regi\u00e3o, Matheus Mason, os dados relevados\npela pesquisa refor\u00e7am a gravidade das dificuldades enfrentadas pelos bares e\nrestaurantes, especialmente da regi\u00e3o, onde 25% das empresas do setor tiveram\nde encerrar suas atividades ao longo do ano passado, e cerca de 25 mil empregos\nforam eliminados pelo setor da RMC ao longo da pandemia.<\/p>\n\n\n\n<p>Segundo\nMason, os dados refor\u00e7am a necessidade de uma maior aten\u00e7\u00e3o por parte das\nautoridades, no sentido de concess\u00f5es de aux\u00edlios para o setor. \u201cNa esfera\nestadual, tivemos o recuo do aumento do ICMS e linha de cr\u00e9dito para bares e\nrestaurantes. No \u00e2mbito municipal, estamos conversando com as prefeituras, para\nviabilizar um pacote de aux\u00edlio, sendo que algumas cidades j\u00e1 adiaram o\npagamento de impostos, mas ainda \u00e9 insuficiente, por isso estamos apresentando\numa proposta unificada, prevendo desconto na \u00e1gua e outras taxas\u201d, recorda.<\/p>\n\n\n\n<p>No\ntocante ao governo federal, a amplia\u00e7\u00e3o da MP 936 \u00e9 vital para as empresas de\ntodos os setores, mas o adiamento constante tem preocupado os empres\u00e1rios, sem\ncaixa para pagar os sal\u00e1rios.<\/p>","protected":false},"excerpt":{"rendered":"<p>83% dos estabelecimentos est\u00e3o sob risco de fechar a porta em definitivo Campinas, 02 de abril de 2021 &#8211; Sete em cada dez bares e restaurantes da Regi\u00e3o Metropolitana de Campinas (RMC) est\u00e3o sem pagar o Simples; 83% usaram a lei dos sal\u00e1rios em 2020 (MP 936); 83% v\u00eam que o neg\u00f3cio est\u00e1 em risco [&hellip;]<\/p>\n","protected":false},"author":1,"featured_media":1048,"comment_status":"open","ping_status":"open","sticky":true,"template":"","format":"standard","meta":{"footnotes":""},"categories":[43],"tags":[],"class_list":["post-1047","post","type-post","status-publish","format-standard","has-post-thumbnail","hentry","category-negocios-e-economia","has-post-title","has-post-date","has-post-category","has-post-tag","has-post-comment","has-post-author",""],"yoast_head":"<!-- This site is optimized with the Yoast SEO plugin v27.4 - https:\/\/yoast.com\/product\/yoast-seo-wordpress\/ -->\n<title>Pesquisa da Abrasel mostra os impactos da crise nos bares e restaurantes da RMC - Comunica\u00e7\u00e3o Estrat\u00e9gica<\/title>\n<meta name=\"robots\" content=\"index, follow, max-snippet:-1, max-image-preview:large, max-video-preview:-1\" \/>\n<link rel=\"canonical\" href=\"https:\/\/comunicacaoestrategicacps.com.br\/blog\/pesquisa-da-abrasel-mostra-os-impactos-da-crise-nos-bares-e-restaurantes-da-rmc\/\" \/>\n<meta property=\"og:locale\" content=\"pt_BR\" \/>\n<meta property=\"og:type\" content=\"article\" \/>\n<meta property=\"og:title\" content=\"Pesquisa da Abrasel mostra os impactos da crise nos bares e restaurantes da RMC - Comunica\u00e7\u00e3o Estrat\u00e9gica\" \/>\n<meta property=\"og:description\" content=\"83% dos estabelecimentos est\u00e3o sob risco de fechar a porta em definitivo Campinas, 02 de abril de 2021 &#8211; Sete em cada dez bares e restaurantes da Regi\u00e3o Metropolitana de Campinas (RMC) est\u00e3o sem pagar o Simples; 83% usaram a lei dos sal\u00e1rios em 2020 (MP 936); 83% v\u00eam que o neg\u00f3cio est\u00e1 em risco [&hellip;]\" \/>\n<meta property=\"og:url\" content=\"https:\/\/comunicacaoestrategicacps.com.br\/blog\/pesquisa-da-abrasel-mostra-os-impactos-da-crise-nos-bares-e-restaurantes-da-rmc\/\" \/>\n<meta property=\"og:site_name\" content=\"Comunica\u00e7\u00e3o Estrat\u00e9gica\" \/>\n<meta property=\"article:published_time\" content=\"2021-04-21T16:09:11+00:00\" \/>\n<meta property=\"article:modified_time\" content=\"2021-04-21T16:09:13+00:00\" \/>\n<meta property=\"og:image\" content=\"https:\/\/comunicacaoestrategicacps.com.br\/blog\/wp-content\/uploads\/2021\/04\/Matheus-Mason-Presidente-da-Abrasel-RMC.jpg\" \/>\n\t<meta property=\"og:image:width\" content=\"1280\" \/>\n\t<meta property=\"og:image:height\" content=\"853\" \/>\n\t<meta property=\"og:image:type\" content=\"image\/jpeg\" \/>\n<meta name=\"author\" content=\"admin\" \/>\n<meta name=\"twitter:card\" content=\"summary_large_image\" \/>\n<meta name=\"twitter:label1\" content=\"Escrito por\" \/>\n\t<meta name=\"twitter:data1\" content=\"admin\" \/>\n\t<meta name=\"twitter:label2\" content=\"Est. tempo de leitura\" \/>\n\t<meta name=\"twitter:data2\" content=\"3 minutos\" \/>\n<script type=\"application\/ld+json\" class=\"yoast-schema-graph\">{\"@context\":\"https:\\\/\\\/schema.org\",\"@graph\":[{\"@type\":\"Article\",\"@id\":\"https:\\\/\\\/comunicacaoestrategicacps.com.br\\\/blog\\\/pesquisa-da-abrasel-mostra-os-impactos-da-crise-nos-bares-e-restaurantes-da-rmc\\\/#article\",\"isPartOf\":{\"@id\":\"https:\\\/\\\/comunicacaoestrategicacps.com.br\\\/blog\\\/pesquisa-da-abrasel-mostra-os-impactos-da-crise-nos-bares-e-restaurantes-da-rmc\\\/\"},\"author\":{\"name\":\"admin\",\"@id\":\"https:\\\/\\\/comunicacaoestrategicacps.com.br\\\/blog\\\/#\\\/schema\\\/person\\\/8d447568a01edd36a56dbbcb702b02fc\"},\"headline\":\"Pesquisa da Abrasel mostra os impactos da crise nos bares e restaurantes da RMC\",\"datePublished\":\"2021-04-21T16:09:11+00:00\",\"dateModified\":\"2021-04-21T16:09:13+00:00\",\"mainEntityOfPage\":{\"@id\":\"https:\\\/\\\/comunicacaoestrategicacps.com.br\\\/blog\\\/pesquisa-da-abrasel-mostra-os-impactos-da-crise-nos-bares-e-restaurantes-da-rmc\\\/\"},\"wordCount\":605,\"commentCount\":0,\"image\":{\"@id\":\"https:\\\/\\\/comunicacaoestrategicacps.com.br\\\/blog\\\/pesquisa-da-abrasel-mostra-os-impactos-da-crise-nos-bares-e-restaurantes-da-rmc\\\/#primaryimage\"},\"thumbnailUrl\":\"https:\\\/\\\/comunicacaoestrategicacps.com.br\\\/blog\\\/wp-content\\\/uploads\\\/2021\\\/04\\\/Matheus-Mason-Presidente-da-Abrasel-RMC.jpg\",\"articleSection\":[\"Neg\u00f3cios e Economia\"],\"inLanguage\":\"pt-BR\",\"potentialAction\":[{\"@type\":\"CommentAction\",\"name\":\"Comment\",\"target\":[\"https:\\\/\\\/comunicacaoestrategicacps.com.br\\\/blog\\\/pesquisa-da-abrasel-mostra-os-impactos-da-crise-nos-bares-e-restaurantes-da-rmc\\\/#respond\"]}]},{\"@type\":\"WebPage\",\"@id\":\"https:\\\/\\\/comunicacaoestrategicacps.com.br\\\/blog\\\/pesquisa-da-abrasel-mostra-os-impactos-da-crise-nos-bares-e-restaurantes-da-rmc\\\/\",\"url\":\"https:\\\/\\\/comunicacaoestrategicacps.com.br\\\/blog\\\/pesquisa-da-abrasel-mostra-os-impactos-da-crise-nos-bares-e-restaurantes-da-rmc\\\/\",\"name\":\"Pesquisa da Abrasel mostra os impactos da crise nos bares e restaurantes da RMC - Comunica\u00e7\u00e3o Estrat\u00e9gica\",\"isPartOf\":{\"@id\":\"https:\\\/\\\/comunicacaoestrategicacps.com.br\\\/blog\\\/#website\"},\"primaryImageOfPage\":{\"@id\":\"https:\\\/\\\/comunicacaoestrategicacps.com.br\\\/blog\\\/pesquisa-da-abrasel-mostra-os-impactos-da-crise-nos-bares-e-restaurantes-da-rmc\\\/#primaryimage\"},\"image\":{\"@id\":\"https:\\\/\\\/comunicacaoestrategicacps.com.br\\\/blog\\\/pesquisa-da-abrasel-mostra-os-impactos-da-crise-nos-bares-e-restaurantes-da-rmc\\\/#primaryimage\"},\"thumbnailUrl\":\"https:\\\/\\\/comunicacaoestrategicacps.com.br\\\/blog\\\/wp-content\\\/uploads\\\/2021\\\/04\\\/Matheus-Mason-Presidente-da-Abrasel-RMC.jpg\",\"datePublished\":\"2021-04-21T16:09:11+00:00\",\"dateModified\":\"2021-04-21T16:09:13+00:00\",\"author\":{\"@id\":\"https:\\\/\\\/comunicacaoestrategicacps.com.br\\\/blog\\\/#\\\/schema\\\/person\\\/8d447568a01edd36a56dbbcb702b02fc\"},\"breadcrumb\":{\"@id\":\"https:\\\/\\\/comunicacaoestrategicacps.com.br\\\/blog\\\/pesquisa-da-abrasel-mostra-os-impactos-da-crise-nos-bares-e-restaurantes-da-rmc\\\/#breadcrumb\"},\"inLanguage\":\"pt-BR\",\"potentialAction\":[{\"@type\":\"ReadAction\",\"target\":[\"https:\\\/\\\/comunicacaoestrategicacps.com.br\\\/blog\\\/pesquisa-da-abrasel-mostra-os-impactos-da-crise-nos-bares-e-restaurantes-da-rmc\\\/\"]}]},{\"@type\":\"ImageObject\",\"inLanguage\":\"pt-BR\",\"@id\":\"https:\\\/\\\/comunicacaoestrategicacps.com.br\\\/blog\\\/pesquisa-da-abrasel-mostra-os-impactos-da-crise-nos-bares-e-restaurantes-da-rmc\\\/#primaryimage\",\"url\":\"https:\\\/\\\/comunicacaoestrategicacps.com.br\\\/blog\\\/wp-content\\\/uploads\\\/2021\\\/04\\\/Matheus-Mason-Presidente-da-Abrasel-RMC.jpg\",\"contentUrl\":\"https:\\\/\\\/comunicacaoestrategicacps.com.br\\\/blog\\\/wp-content\\\/uploads\\\/2021\\\/04\\\/Matheus-Mason-Presidente-da-Abrasel-RMC.jpg\",\"width\":1280,\"height\":853},{\"@type\":\"BreadcrumbList\",\"@id\":\"https:\\\/\\\/comunicacaoestrategicacps.com.br\\\/blog\\\/pesquisa-da-abrasel-mostra-os-impactos-da-crise-nos-bares-e-restaurantes-da-rmc\\\/#breadcrumb\",\"itemListElement\":[{\"@type\":\"ListItem\",\"position\":1,\"name\":\"In\u00edcio\",\"item\":\"https:\\\/\\\/comunicacaoestrategicacps.com.br\\\/blog\\\/\"},{\"@type\":\"ListItem\",\"position\":2,\"name\":\"Pesquisa da Abrasel mostra os impactos da crise nos bares e restaurantes da RMC\"}]},{\"@type\":\"WebSite\",\"@id\":\"https:\\\/\\\/comunicacaoestrategicacps.com.br\\\/blog\\\/#website\",\"url\":\"https:\\\/\\\/comunicacaoestrategicacps.com.br\\\/blog\\\/\",\"name\":\"Comunica\u00e7\u00e3o Estrat\u00e9gica\",\"description\":\"Comunica\u00e7\u00e3o Estrat\u00e9gica  - Assessoria de Imprensa\",\"potentialAction\":[{\"@type\":\"SearchAction\",\"target\":{\"@type\":\"EntryPoint\",\"urlTemplate\":\"https:\\\/\\\/comunicacaoestrategicacps.com.br\\\/blog\\\/?s={search_term_string}\"},\"query-input\":{\"@type\":\"PropertyValueSpecification\",\"valueRequired\":true,\"valueName\":\"search_term_string\"}}],\"inLanguage\":\"pt-BR\"},{\"@type\":\"Person\",\"@id\":\"https:\\\/\\\/comunicacaoestrategicacps.com.br\\\/blog\\\/#\\\/schema\\\/person\\\/8d447568a01edd36a56dbbcb702b02fc\",\"name\":\"admin\",\"image\":{\"@type\":\"ImageObject\",\"inLanguage\":\"pt-BR\",\"@id\":\"https:\\\/\\\/secure.gravatar.com\\\/avatar\\\/2cc026ea89b57b9d913d4ce5b90a0490046c0c9048a129e24cc44313a90d3f77?s=96&d=mm&r=g\",\"url\":\"https:\\\/\\\/secure.gravatar.com\\\/avatar\\\/2cc026ea89b57b9d913d4ce5b90a0490046c0c9048a129e24cc44313a90d3f77?s=96&d=mm&r=g\",\"contentUrl\":\"https:\\\/\\\/secure.gravatar.com\\\/avatar\\\/2cc026ea89b57b9d913d4ce5b90a0490046c0c9048a129e24cc44313a90d3f77?s=96&d=mm&r=g\",\"caption\":\"admin\"},\"url\":\"https:\\\/\\\/comunicacaoestrategicacps.com.br\\\/blog\\\/author\\\/admin\\\/\"}]}<\/script>\n<!-- \/ Yoast SEO plugin. -->","yoast_head_json":{"title":"Pesquisa da Abrasel mostra os impactos da crise nos bares e restaurantes da RMC - Comunica\u00e7\u00e3o Estrat\u00e9gica","robots":{"index":"index","follow":"follow","max-snippet":"max-snippet:-1","max-image-preview":"max-image-preview:large","max-video-preview":"max-video-preview:-1"},"canonical":"https:\/\/comunicacaoestrategicacps.com.br\/blog\/pesquisa-da-abrasel-mostra-os-impactos-da-crise-nos-bares-e-restaurantes-da-rmc\/","og_locale":"pt_BR","og_type":"article","og_title":"Pesquisa da Abrasel mostra os impactos da crise nos bares e restaurantes da RMC - Comunica\u00e7\u00e3o Estrat\u00e9gica","og_description":"83% dos estabelecimentos est\u00e3o sob risco de fechar a porta em definitivo Campinas, 02 de abril de 2021 &#8211; Sete em cada dez bares e restaurantes da Regi\u00e3o Metropolitana de Campinas (RMC) est\u00e3o sem pagar o Simples; 83% usaram a lei dos sal\u00e1rios em 2020 (MP 936); 83% v\u00eam que o neg\u00f3cio est\u00e1 em risco [&hellip;]","og_url":"https:\/\/comunicacaoestrategicacps.com.br\/blog\/pesquisa-da-abrasel-mostra-os-impactos-da-crise-nos-bares-e-restaurantes-da-rmc\/","og_site_name":"Comunica\u00e7\u00e3o Estrat\u00e9gica","article_published_time":"2021-04-21T16:09:11+00:00","article_modified_time":"2021-04-21T16:09:13+00:00","og_image":[{"width":1280,"height":853,"url":"https:\/\/comunicacaoestrategicacps.com.br\/blog\/wp-content\/uploads\/2021\/04\/Matheus-Mason-Presidente-da-Abrasel-RMC.jpg","type":"image\/jpeg"}],"author":"admin","twitter_card":"summary_large_image","twitter_misc":{"Escrito por":"admin","Est. tempo de leitura":"3 minutos"},"schema":{"@context":"https:\/\/schema.org","@graph":[{"@type":"Article","@id":"https:\/\/comunicacaoestrategicacps.com.br\/blog\/pesquisa-da-abrasel-mostra-os-impactos-da-crise-nos-bares-e-restaurantes-da-rmc\/#article","isPartOf":{"@id":"https:\/\/comunicacaoestrategicacps.com.br\/blog\/pesquisa-da-abrasel-mostra-os-impactos-da-crise-nos-bares-e-restaurantes-da-rmc\/"},"author":{"name":"admin","@id":"https:\/\/comunicacaoestrategicacps.com.br\/blog\/#\/schema\/person\/8d447568a01edd36a56dbbcb702b02fc"},"headline":"Pesquisa da Abrasel mostra os impactos da crise nos bares e restaurantes da RMC","datePublished":"2021-04-21T16:09:11+00:00","dateModified":"2021-04-21T16:09:13+00:00","mainEntityOfPage":{"@id":"https:\/\/comunicacaoestrategicacps.com.br\/blog\/pesquisa-da-abrasel-mostra-os-impactos-da-crise-nos-bares-e-restaurantes-da-rmc\/"},"wordCount":605,"commentCount":0,"image":{"@id":"https:\/\/comunicacaoestrategicacps.com.br\/blog\/pesquisa-da-abrasel-mostra-os-impactos-da-crise-nos-bares-e-restaurantes-da-rmc\/#primaryimage"},"thumbnailUrl":"https:\/\/comunicacaoestrategicacps.com.br\/blog\/wp-content\/uploads\/2021\/04\/Matheus-Mason-Presidente-da-Abrasel-RMC.jpg","articleSection":["Neg\u00f3cios e Economia"],"inLanguage":"pt-BR","potentialAction":[{"@type":"CommentAction","name":"Comment","target":["https:\/\/comunicacaoestrategicacps.com.br\/blog\/pesquisa-da-abrasel-mostra-os-impactos-da-crise-nos-bares-e-restaurantes-da-rmc\/#respond"]}]},{"@type":"WebPage","@id":"https:\/\/comunicacaoestrategicacps.com.br\/blog\/pesquisa-da-abrasel-mostra-os-impactos-da-crise-nos-bares-e-restaurantes-da-rmc\/","url":"https:\/\/comunicacaoestrategicacps.com.br\/blog\/pesquisa-da-abrasel-mostra-os-impactos-da-crise-nos-bares-e-restaurantes-da-rmc\/","name":"Pesquisa da Abrasel mostra os impactos da crise nos bares e restaurantes da RMC - Comunica\u00e7\u00e3o Estrat\u00e9gica","isPartOf":{"@id":"https:\/\/comunicacaoestrategicacps.com.br\/blog\/#website"},"primaryImageOfPage":{"@id":"https:\/\/comunicacaoestrategicacps.com.br\/blog\/pesquisa-da-abrasel-mostra-os-impactos-da-crise-nos-bares-e-restaurantes-da-rmc\/#primaryimage"},"image":{"@id":"https:\/\/comunicacaoestrategicacps.com.br\/blog\/pesquisa-da-abrasel-mostra-os-impactos-da-crise-nos-bares-e-restaurantes-da-rmc\/#primaryimage"},"thumbnailUrl":"https:\/\/comunicacaoestrategicacps.com.br\/blog\/wp-content\/uploads\/2021\/04\/Matheus-Mason-Presidente-da-Abrasel-RMC.jpg","datePublished":"2021-04-21T16:09:11+00:00","dateModified":"2021-04-21T16:09:13+00:00","author":{"@id":"https:\/\/comunicacaoestrategicacps.com.br\/blog\/#\/schema\/person\/8d447568a01edd36a56dbbcb702b02fc"},"breadcrumb":{"@id":"https:\/\/comunicacaoestrategicacps.com.br\/blog\/pesquisa-da-abrasel-mostra-os-impactos-da-crise-nos-bares-e-restaurantes-da-rmc\/#breadcrumb"},"inLanguage":"pt-BR","potentialAction":[{"@type":"ReadAction","target":["https:\/\/comunicacaoestrategicacps.com.br\/blog\/pesquisa-da-abrasel-mostra-os-impactos-da-crise-nos-bares-e-restaurantes-da-rmc\/"]}]},{"@type":"ImageObject","inLanguage":"pt-BR","@id":"https:\/\/comunicacaoestrategicacps.com.br\/blog\/pesquisa-da-abrasel-mostra-os-impactos-da-crise-nos-bares-e-restaurantes-da-rmc\/#primaryimage","url":"https:\/\/comunicacaoestrategicacps.com.br\/blog\/wp-content\/uploads\/2021\/04\/Matheus-Mason-Presidente-da-Abrasel-RMC.jpg","contentUrl":"https:\/\/comunicacaoestrategicacps.com.br\/blog\/wp-content\/uploads\/2021\/04\/Matheus-Mason-Presidente-da-Abrasel-RMC.jpg","width":1280,"height":853},{"@type":"BreadcrumbList","@id":"https:\/\/comunicacaoestrategicacps.com.br\/blog\/pesquisa-da-abrasel-mostra-os-impactos-da-crise-nos-bares-e-restaurantes-da-rmc\/#breadcrumb","itemListElement":[{"@type":"ListItem","position":1,"name":"In\u00edcio","item":"https:\/\/comunicacaoestrategicacps.com.br\/blog\/"},{"@type":"ListItem","position":2,"name":"Pesquisa da Abrasel mostra os impactos da crise nos bares e restaurantes da RMC"}]},{"@type":"WebSite","@id":"https:\/\/comunicacaoestrategicacps.com.br\/blog\/#website","url":"https:\/\/comunicacaoestrategicacps.com.br\/blog\/","name":"Comunica\u00e7\u00e3o Estrat\u00e9gica","description":"Comunica\u00e7\u00e3o Estrat\u00e9gica  - Assessoria de Imprensa","potentialAction":[{"@type":"SearchAction","target":{"@type":"EntryPoint","urlTemplate":"https:\/\/comunicacaoestrategicacps.com.br\/blog\/?s={search_term_string}"},"query-input":{"@type":"PropertyValueSpecification","valueRequired":true,"valueName":"search_term_string"}}],"inLanguage":"pt-BR"},{"@type":"Person","@id":"https:\/\/comunicacaoestrategicacps.com.br\/blog\/#\/schema\/person\/8d447568a01edd36a56dbbcb702b02fc","name":"admin","image":{"@type":"ImageObject","inLanguage":"pt-BR","@id":"https:\/\/secure.gravatar.com\/avatar\/2cc026ea89b57b9d913d4ce5b90a0490046c0c9048a129e24cc44313a90d3f77?s=96&d=mm&r=g","url":"https:\/\/secure.gravatar.com\/avatar\/2cc026ea89b57b9d913d4ce5b90a0490046c0c9048a129e24cc44313a90d3f77?s=96&d=mm&r=g","contentUrl":"https:\/\/secure.gravatar.com\/avatar\/2cc026ea89b57b9d913d4ce5b90a0490046c0c9048a129e24cc44313a90d3f77?s=96&d=mm&r=g","caption":"admin"},"url":"https:\/\/comunicacaoestrategicacps.com.br\/blog\/author\/admin\/"}]}},"builder_content":"","_links":{"self":[{"href":"https:\/\/comunicacaoestrategicacps.com.br\/blog\/wp-json\/wp\/v2\/posts\/1047","targetHints":{"allow":["GET"]}}],"collection":[{"href":"https:\/\/comunicacaoestrategicacps.com.br\/blog\/wp-json\/wp\/v2\/posts"}],"about":[{"href":"https:\/\/comunicacaoestrategicacps.com.br\/blog\/wp-json\/wp\/v2\/types\/post"}],"author":[{"embeddable":true,"href":"https:\/\/comunicacaoestrategicacps.com.br\/blog\/wp-json\/wp\/v2\/users\/1"}],"replies":[{"embeddable":true,"href":"https:\/\/comunicacaoestrategicacps.com.br\/blog\/wp-json\/wp\/v2\/comments?post=1047"}],"version-history":[{"count":1,"href":"https:\/\/comunicacaoestrategicacps.com.br\/blog\/wp-json\/wp\/v2\/posts\/1047\/revisions"}],"predecessor-version":[{"id":1049,"href":"https:\/\/comunicacaoestrategicacps.com.br\/blog\/wp-json\/wp\/v2\/posts\/1047\/revisions\/1049"}],"wp:featuredmedia":[{"embeddable":true,"href":"https:\/\/comunicacaoestrategicacps.com.br\/blog\/wp-json\/wp\/v2\/media\/1048"}],"wp:attachment":[{"href":"https:\/\/comunicacaoestrategicacps.com.br\/blog\/wp-json\/wp\/v2\/media?parent=1047"}],"wp:term":[{"taxonomy":"category","embeddable":true,"href":"https:\/\/comunicacaoestrategicacps.com.br\/blog\/wp-json\/wp\/v2\/categories?post=1047"},{"taxonomy":"post_tag","embeddable":true,"href":"https:\/\/comunicacaoestrategicacps.com.br\/blog\/wp-json\/wp\/v2\/tags?post=1047"}],"curies":[{"name":"wp","href":"https:\/\/api.w.org\/{rel}","templated":true}]}}