{"id":1961,"date":"2023-04-25T10:21:17","date_gmt":"2023-04-25T13:21:17","guid":{"rendered":"https:\/\/comunicacaoestrategicacps.com.br\/blog\/?p=1961"},"modified":"2023-04-25T10:21:18","modified_gmt":"2023-04-25T13:21:18","slug":"consumo-em-bares-restaurantes-tem-alta-de-07-em-janeiro-enquanto-servico-registrou-queda-de-31-aponta-ibge","status":"publish","type":"post","link":"https:\/\/comunicacaoestrategicacps.com.br\/blog\/consumo-em-bares-restaurantes-tem-alta-de-07-em-janeiro-enquanto-servico-registrou-queda-de-31-aponta-ibge\/","title":{"rendered":"Consumo em bares, restaurantes tem alta de 0,7% em janeiro, enquanto servi\u00e7o registrou queda de 3,1%, aponta IBGE"},"content":{"rendered":"<!--themify_builder_content-->\n<div id=\"themify_builder_content-1961\" data-postid=\"1961\" class=\"themify_builder_content themify_builder_content-1961 themify_builder tf_clear\">\n    <\/div>\n<!--\/themify_builder_content-->\n\n\n<figure class=\"wp-block-image size-full\"><img loading=\"lazy\" decoding=\"async\" width=\"225\" height=\"225\" src=\"https:\/\/comunicacaoestrategicacps.com.br\/blog\/wp-content\/uploads\/2023\/04\/abrasel.png\" alt=\"\" class=\"wp-image-1962\" srcset=\"https:\/\/comunicacaoestrategicacps.com.br\/blog\/wp-content\/uploads\/2023\/04\/abrasel.png 225w, https:\/\/comunicacaoestrategicacps.com.br\/blog\/wp-content\/uploads\/2023\/04\/abrasel-150x150.png 150w, https:\/\/comunicacaoestrategicacps.com.br\/blog\/wp-content\/uploads\/2023\/04\/abrasel-70x70.png 70w\" sizes=\"auto, (max-width: 225px) 100vw, 225px\" \/><\/figure>\n\n\n\n<p><em>Alta representa aumento menor em rela\u00e7\u00e3o a dezembro. Mas \u00e9 expressivo, principalmente diante do resultado geral negativo nos Servi\u00e7os do pa\u00eds<\/em><\/p>\n\n\n\n<p>Campinas, 17 de abril de 2023 &#8211; Resultado da Pesquisa Mensal de Servi\u00e7os de janeiro, divulgada pelo IBGE na sexta-feira (14) confirma tend\u00eancia de pesquisas da Abrasel junto aos empres\u00e1rios de bares e restaurantes, com n\u00fameros piores no resultado das empresas neste come\u00e7o de ano em rela\u00e7\u00e3o ao fim de 2022. Apesar da alta de 0,7% no volume de servi\u00e7os em Alojamento e Alimenta\u00e7\u00e3o (segmento no qual alimenta\u00e7\u00e3o fora do lar representa 84% das empresas, segundo dados da Receita), houve um arrefecimento em rela\u00e7\u00e3o a dezembro, quando o volume teve alta de 2,8% no setor. A m\u00e9dia geral do pa\u00eds registrou a maior queda na s\u00e9rie hist\u00f3rica do indicador, com -3,1% (os n\u00fameros s\u00e3o apurados desde 2012).<\/p>\n\n\n\n<p>Em receita nominal o crescimento no setor foi de 0,3%, contra alta de 0,4% em dezembro. Mas tamb\u00e9m uma alta mais expressiva que a m\u00e9dia, de 0,1% no mesmo per\u00edodo. Pesquisas da Abrasel mostram que o resultado das empresas tamb\u00e9m registra piora neste come\u00e7o de ano, com 30% realizando preju\u00edzo em fevereiro (eram 23% em janeiro e 19% em dezembro) e outras 36% em equil\u00edbrio, sem conseguir lucrar.<\/p>\n\n\n\n<p>\u201cO tombo em servi\u00e7os de um modo geral foi grande, com -3,1% em janeiro. No nosso setor houve uma alta de 0,7%, este \u00e9 o copo meio cheio, pois mostra que com todas as dificuldades somos resilientes e estamos contribuindo positivamente de modo expressivo para o resultado. O que acontece \u00e9 que a infla\u00e7\u00e3o elevada, infelizmente, prejudica os resultados, levando a maior parte das empresas a trabalhar sem lucro\u201d, explica Paulo Solmucci, presidente-executivo da Abrasel.<\/p>\n\n\n\n<p>No acumulado de 12 meses, o segmento tem quase o triplo de alta no volume de servi\u00e7os em rela\u00e7\u00e3o \u00e0 m\u00e9dia geral, com um crescimento de 23% em alojamento e alimenta\u00e7\u00e3o, contra 8% na m\u00e9dia de todos os servi\u00e7os. Na compara\u00e7\u00e3o entre janeiro de 2023 e janeiro de 2022, a diferen\u00e7a \u00e9 menor: 11,2% em alimenta\u00e7\u00e3o, contra 6,1% da m\u00e9dia geral.<\/p>\n\n\n\n<p>\u201cO nosso crescimento mais expressivo se deu depois de mar\u00e7o de 2022, quando come\u00e7aram a cair as restri\u00e7\u00f5es ao funcionamento dos bares e restaurantes em fun\u00e7\u00e3o da pandemia. Mas este crescimento traz consigo ainda a heran\u00e7a dos tempos mais dif\u00edceis, que faz com que hoje quase um ter\u00e7o do nosso setor trabalhe com preju\u00edzo, enquanto muitos se v\u00eam \u00e0s voltas com dificuldades crescentes para pagar as contas e os empr\u00e9stimos tomados para sobreviver. Neste contexto, \u00e9 urgente que venha um aux\u00edlio, na forma de inclus\u00e3o de programas como o Perse, para que as empresas consigam se reorganizar e manter as portas abertas e os empregos que s\u00e3o gerados pelo setor\u201d, completa Solmucci.<\/p>\n\n\n\n<p><strong>Contatos para a imprensa<\/strong><\/p>\n\n\n\n<p><strong>Comunica\u00e7\u00e3o Estrat\u00e9gica Campinas<\/strong><\/p>\n\n\n\n<p><strong>Marcelo Oliveira \u2013 (19) 99199.8258<\/strong><\/p>\n\n\n\n<p><strong><a href=\"mailto:release@comunicacaoestrategicacps.com.br\">release@comunicacaoestrategicacps.com.br<\/a><\/strong><\/p>","protected":false},"excerpt":{"rendered":"<p>Alta representa aumento menor em rela\u00e7\u00e3o a dezembro. Mas \u00e9 expressivo, principalmente diante do resultado geral negativo nos Servi\u00e7os do pa\u00eds Campinas, 17 de abril de 2023 &#8211; Resultado da Pesquisa Mensal de Servi\u00e7os de janeiro, divulgada pelo IBGE na sexta-feira (14) confirma tend\u00eancia de pesquisas da Abrasel junto aos empres\u00e1rios de bares e restaurantes, [&hellip;]<\/p>\n","protected":false},"author":1,"featured_media":1962,"comment_status":"open","ping_status":"open","sticky":true,"template":"","format":"standard","meta":{"footnotes":""},"categories":[43],"tags":[],"class_list":["post-1961","post","type-post","status-publish","format-standard","has-post-thumbnail","hentry","category-negocios-e-economia","has-post-title","has-post-date","has-post-category","has-post-tag","has-post-comment","has-post-author",""],"yoast_head":"<!-- This site is optimized with the Yoast SEO plugin v27.4 - https:\/\/yoast.com\/product\/yoast-seo-wordpress\/ -->\n<title>Consumo em bares, restaurantes tem alta de 0,7% em janeiro, enquanto servi\u00e7o registrou queda de 3,1%, aponta IBGE - Comunica\u00e7\u00e3o Estrat\u00e9gica<\/title>\n<meta name=\"robots\" content=\"index, follow, max-snippet:-1, max-image-preview:large, max-video-preview:-1\" \/>\n<link rel=\"canonical\" href=\"https:\/\/comunicacaoestrategicacps.com.br\/blog\/consumo-em-bares-restaurantes-tem-alta-de-07-em-janeiro-enquanto-servico-registrou-queda-de-31-aponta-ibge\/\" \/>\n<meta property=\"og:locale\" content=\"pt_BR\" \/>\n<meta property=\"og:type\" content=\"article\" \/>\n<meta property=\"og:title\" content=\"Consumo em bares, restaurantes tem alta de 0,7% em janeiro, enquanto servi\u00e7o registrou queda de 3,1%, aponta IBGE - Comunica\u00e7\u00e3o Estrat\u00e9gica\" \/>\n<meta property=\"og:description\" content=\"Alta representa aumento menor em rela\u00e7\u00e3o a dezembro. Mas \u00e9 expressivo, principalmente diante do resultado geral negativo nos Servi\u00e7os do pa\u00eds Campinas, 17 de abril de 2023 &#8211; Resultado da Pesquisa Mensal de Servi\u00e7os de janeiro, divulgada pelo IBGE na sexta-feira (14) confirma tend\u00eancia de pesquisas da Abrasel junto aos empres\u00e1rios de bares e restaurantes, [&hellip;]\" \/>\n<meta property=\"og:url\" content=\"https:\/\/comunicacaoestrategicacps.com.br\/blog\/consumo-em-bares-restaurantes-tem-alta-de-07-em-janeiro-enquanto-servico-registrou-queda-de-31-aponta-ibge\/\" \/>\n<meta property=\"og:site_name\" content=\"Comunica\u00e7\u00e3o Estrat\u00e9gica\" \/>\n<meta property=\"article:published_time\" content=\"2023-04-25T13:21:17+00:00\" \/>\n<meta property=\"article:modified_time\" content=\"2023-04-25T13:21:18+00:00\" \/>\n<meta property=\"og:image\" content=\"https:\/\/comunicacaoestrategicacps.com.br\/blog\/wp-content\/uploads\/2023\/04\/abrasel.png\" \/>\n\t<meta property=\"og:image:width\" content=\"225\" \/>\n\t<meta property=\"og:image:height\" content=\"225\" \/>\n\t<meta property=\"og:image:type\" content=\"image\/png\" \/>\n<meta name=\"author\" content=\"admin\" \/>\n<meta name=\"twitter:card\" content=\"summary_large_image\" \/>\n<meta name=\"twitter:label1\" content=\"Escrito por\" \/>\n\t<meta name=\"twitter:data1\" content=\"admin\" \/>\n\t<meta name=\"twitter:label2\" content=\"Est. tempo de leitura\" \/>\n\t<meta name=\"twitter:data2\" content=\"3 minutos\" \/>\n<script type=\"application\/ld+json\" class=\"yoast-schema-graph\">{\"@context\":\"https:\\\/\\\/schema.org\",\"@graph\":[{\"@type\":\"Article\",\"@id\":\"https:\\\/\\\/comunicacaoestrategicacps.com.br\\\/blog\\\/consumo-em-bares-restaurantes-tem-alta-de-07-em-janeiro-enquanto-servico-registrou-queda-de-31-aponta-ibge\\\/#article\",\"isPartOf\":{\"@id\":\"https:\\\/\\\/comunicacaoestrategicacps.com.br\\\/blog\\\/consumo-em-bares-restaurantes-tem-alta-de-07-em-janeiro-enquanto-servico-registrou-queda-de-31-aponta-ibge\\\/\"},\"author\":{\"name\":\"admin\",\"@id\":\"https:\\\/\\\/comunicacaoestrategicacps.com.br\\\/blog\\\/#\\\/schema\\\/person\\\/8d447568a01edd36a56dbbcb702b02fc\"},\"headline\":\"Consumo em bares, restaurantes tem alta de 0,7% em janeiro, enquanto servi\u00e7o registrou queda de 3,1%, aponta IBGE\",\"datePublished\":\"2023-04-25T13:21:17+00:00\",\"dateModified\":\"2023-04-25T13:21:18+00:00\",\"mainEntityOfPage\":{\"@id\":\"https:\\\/\\\/comunicacaoestrategicacps.com.br\\\/blog\\\/consumo-em-bares-restaurantes-tem-alta-de-07-em-janeiro-enquanto-servico-registrou-queda-de-31-aponta-ibge\\\/\"},\"wordCount\":507,\"commentCount\":0,\"image\":{\"@id\":\"https:\\\/\\\/comunicacaoestrategicacps.com.br\\\/blog\\\/consumo-em-bares-restaurantes-tem-alta-de-07-em-janeiro-enquanto-servico-registrou-queda-de-31-aponta-ibge\\\/#primaryimage\"},\"thumbnailUrl\":\"https:\\\/\\\/comunicacaoestrategicacps.com.br\\\/blog\\\/wp-content\\\/uploads\\\/2023\\\/04\\\/abrasel.png\",\"articleSection\":[\"Neg\u00f3cios e Economia\"],\"inLanguage\":\"pt-BR\",\"potentialAction\":[{\"@type\":\"CommentAction\",\"name\":\"Comment\",\"target\":[\"https:\\\/\\\/comunicacaoestrategicacps.com.br\\\/blog\\\/consumo-em-bares-restaurantes-tem-alta-de-07-em-janeiro-enquanto-servico-registrou-queda-de-31-aponta-ibge\\\/#respond\"]}]},{\"@type\":\"WebPage\",\"@id\":\"https:\\\/\\\/comunicacaoestrategicacps.com.br\\\/blog\\\/consumo-em-bares-restaurantes-tem-alta-de-07-em-janeiro-enquanto-servico-registrou-queda-de-31-aponta-ibge\\\/\",\"url\":\"https:\\\/\\\/comunicacaoestrategicacps.com.br\\\/blog\\\/consumo-em-bares-restaurantes-tem-alta-de-07-em-janeiro-enquanto-servico-registrou-queda-de-31-aponta-ibge\\\/\",\"name\":\"Consumo em bares, restaurantes tem alta de 0,7% em janeiro, enquanto servi\u00e7o registrou queda de 3,1%, aponta IBGE - Comunica\u00e7\u00e3o Estrat\u00e9gica\",\"isPartOf\":{\"@id\":\"https:\\\/\\\/comunicacaoestrategicacps.com.br\\\/blog\\\/#website\"},\"primaryImageOfPage\":{\"@id\":\"https:\\\/\\\/comunicacaoestrategicacps.com.br\\\/blog\\\/consumo-em-bares-restaurantes-tem-alta-de-07-em-janeiro-enquanto-servico-registrou-queda-de-31-aponta-ibge\\\/#primaryimage\"},\"image\":{\"@id\":\"https:\\\/\\\/comunicacaoestrategicacps.com.br\\\/blog\\\/consumo-em-bares-restaurantes-tem-alta-de-07-em-janeiro-enquanto-servico-registrou-queda-de-31-aponta-ibge\\\/#primaryimage\"},\"thumbnailUrl\":\"https:\\\/\\\/comunicacaoestrategicacps.com.br\\\/blog\\\/wp-content\\\/uploads\\\/2023\\\/04\\\/abrasel.png\",\"datePublished\":\"2023-04-25T13:21:17+00:00\",\"dateModified\":\"2023-04-25T13:21:18+00:00\",\"author\":{\"@id\":\"https:\\\/\\\/comunicacaoestrategicacps.com.br\\\/blog\\\/#\\\/schema\\\/person\\\/8d447568a01edd36a56dbbcb702b02fc\"},\"breadcrumb\":{\"@id\":\"https:\\\/\\\/comunicacaoestrategicacps.com.br\\\/blog\\\/consumo-em-bares-restaurantes-tem-alta-de-07-em-janeiro-enquanto-servico-registrou-queda-de-31-aponta-ibge\\\/#breadcrumb\"},\"inLanguage\":\"pt-BR\",\"potentialAction\":[{\"@type\":\"ReadAction\",\"target\":[\"https:\\\/\\\/comunicacaoestrategicacps.com.br\\\/blog\\\/consumo-em-bares-restaurantes-tem-alta-de-07-em-janeiro-enquanto-servico-registrou-queda-de-31-aponta-ibge\\\/\"]}]},{\"@type\":\"ImageObject\",\"inLanguage\":\"pt-BR\",\"@id\":\"https:\\\/\\\/comunicacaoestrategicacps.com.br\\\/blog\\\/consumo-em-bares-restaurantes-tem-alta-de-07-em-janeiro-enquanto-servico-registrou-queda-de-31-aponta-ibge\\\/#primaryimage\",\"url\":\"https:\\\/\\\/comunicacaoestrategicacps.com.br\\\/blog\\\/wp-content\\\/uploads\\\/2023\\\/04\\\/abrasel.png\",\"contentUrl\":\"https:\\\/\\\/comunicacaoestrategicacps.com.br\\\/blog\\\/wp-content\\\/uploads\\\/2023\\\/04\\\/abrasel.png\",\"width\":225,\"height\":225},{\"@type\":\"BreadcrumbList\",\"@id\":\"https:\\\/\\\/comunicacaoestrategicacps.com.br\\\/blog\\\/consumo-em-bares-restaurantes-tem-alta-de-07-em-janeiro-enquanto-servico-registrou-queda-de-31-aponta-ibge\\\/#breadcrumb\",\"itemListElement\":[{\"@type\":\"ListItem\",\"position\":1,\"name\":\"In\u00edcio\",\"item\":\"https:\\\/\\\/comunicacaoestrategicacps.com.br\\\/blog\\\/\"},{\"@type\":\"ListItem\",\"position\":2,\"name\":\"Consumo em bares, restaurantes tem alta de 0,7% em janeiro, enquanto servi\u00e7o registrou queda de 3,1%, aponta IBGE\"}]},{\"@type\":\"WebSite\",\"@id\":\"https:\\\/\\\/comunicacaoestrategicacps.com.br\\\/blog\\\/#website\",\"url\":\"https:\\\/\\\/comunicacaoestrategicacps.com.br\\\/blog\\\/\",\"name\":\"Comunica\u00e7\u00e3o Estrat\u00e9gica\",\"description\":\"Comunica\u00e7\u00e3o Estrat\u00e9gica  - Assessoria de Imprensa\",\"potentialAction\":[{\"@type\":\"SearchAction\",\"target\":{\"@type\":\"EntryPoint\",\"urlTemplate\":\"https:\\\/\\\/comunicacaoestrategicacps.com.br\\\/blog\\\/?s={search_term_string}\"},\"query-input\":{\"@type\":\"PropertyValueSpecification\",\"valueRequired\":true,\"valueName\":\"search_term_string\"}}],\"inLanguage\":\"pt-BR\"},{\"@type\":\"Person\",\"@id\":\"https:\\\/\\\/comunicacaoestrategicacps.com.br\\\/blog\\\/#\\\/schema\\\/person\\\/8d447568a01edd36a56dbbcb702b02fc\",\"name\":\"admin\",\"image\":{\"@type\":\"ImageObject\",\"inLanguage\":\"pt-BR\",\"@id\":\"https:\\\/\\\/secure.gravatar.com\\\/avatar\\\/2cc026ea89b57b9d913d4ce5b90a0490046c0c9048a129e24cc44313a90d3f77?s=96&d=mm&r=g\",\"url\":\"https:\\\/\\\/secure.gravatar.com\\\/avatar\\\/2cc026ea89b57b9d913d4ce5b90a0490046c0c9048a129e24cc44313a90d3f77?s=96&d=mm&r=g\",\"contentUrl\":\"https:\\\/\\\/secure.gravatar.com\\\/avatar\\\/2cc026ea89b57b9d913d4ce5b90a0490046c0c9048a129e24cc44313a90d3f77?s=96&d=mm&r=g\",\"caption\":\"admin\"},\"url\":\"https:\\\/\\\/comunicacaoestrategicacps.com.br\\\/blog\\\/author\\\/admin\\\/\"}]}<\/script>\n<!-- \/ Yoast SEO plugin. -->","yoast_head_json":{"title":"Consumo em bares, restaurantes tem alta de 0,7% em janeiro, enquanto servi\u00e7o registrou queda de 3,1%, aponta IBGE - Comunica\u00e7\u00e3o Estrat\u00e9gica","robots":{"index":"index","follow":"follow","max-snippet":"max-snippet:-1","max-image-preview":"max-image-preview:large","max-video-preview":"max-video-preview:-1"},"canonical":"https:\/\/comunicacaoestrategicacps.com.br\/blog\/consumo-em-bares-restaurantes-tem-alta-de-07-em-janeiro-enquanto-servico-registrou-queda-de-31-aponta-ibge\/","og_locale":"pt_BR","og_type":"article","og_title":"Consumo em bares, restaurantes tem alta de 0,7% em janeiro, enquanto servi\u00e7o registrou queda de 3,1%, aponta IBGE - Comunica\u00e7\u00e3o Estrat\u00e9gica","og_description":"Alta representa aumento menor em rela\u00e7\u00e3o a dezembro. Mas \u00e9 expressivo, principalmente diante do resultado geral negativo nos Servi\u00e7os do pa\u00eds Campinas, 17 de abril de 2023 &#8211; Resultado da Pesquisa Mensal de Servi\u00e7os de janeiro, divulgada pelo IBGE na sexta-feira (14) confirma tend\u00eancia de pesquisas da Abrasel junto aos empres\u00e1rios de bares e restaurantes, [&hellip;]","og_url":"https:\/\/comunicacaoestrategicacps.com.br\/blog\/consumo-em-bares-restaurantes-tem-alta-de-07-em-janeiro-enquanto-servico-registrou-queda-de-31-aponta-ibge\/","og_site_name":"Comunica\u00e7\u00e3o Estrat\u00e9gica","article_published_time":"2023-04-25T13:21:17+00:00","article_modified_time":"2023-04-25T13:21:18+00:00","og_image":[{"width":225,"height":225,"url":"https:\/\/comunicacaoestrategicacps.com.br\/blog\/wp-content\/uploads\/2023\/04\/abrasel.png","type":"image\/png"}],"author":"admin","twitter_card":"summary_large_image","twitter_misc":{"Escrito por":"admin","Est. tempo de leitura":"3 minutos"},"schema":{"@context":"https:\/\/schema.org","@graph":[{"@type":"Article","@id":"https:\/\/comunicacaoestrategicacps.com.br\/blog\/consumo-em-bares-restaurantes-tem-alta-de-07-em-janeiro-enquanto-servico-registrou-queda-de-31-aponta-ibge\/#article","isPartOf":{"@id":"https:\/\/comunicacaoestrategicacps.com.br\/blog\/consumo-em-bares-restaurantes-tem-alta-de-07-em-janeiro-enquanto-servico-registrou-queda-de-31-aponta-ibge\/"},"author":{"name":"admin","@id":"https:\/\/comunicacaoestrategicacps.com.br\/blog\/#\/schema\/person\/8d447568a01edd36a56dbbcb702b02fc"},"headline":"Consumo em bares, restaurantes tem alta de 0,7% em janeiro, enquanto servi\u00e7o registrou queda de 3,1%, aponta IBGE","datePublished":"2023-04-25T13:21:17+00:00","dateModified":"2023-04-25T13:21:18+00:00","mainEntityOfPage":{"@id":"https:\/\/comunicacaoestrategicacps.com.br\/blog\/consumo-em-bares-restaurantes-tem-alta-de-07-em-janeiro-enquanto-servico-registrou-queda-de-31-aponta-ibge\/"},"wordCount":507,"commentCount":0,"image":{"@id":"https:\/\/comunicacaoestrategicacps.com.br\/blog\/consumo-em-bares-restaurantes-tem-alta-de-07-em-janeiro-enquanto-servico-registrou-queda-de-31-aponta-ibge\/#primaryimage"},"thumbnailUrl":"https:\/\/comunicacaoestrategicacps.com.br\/blog\/wp-content\/uploads\/2023\/04\/abrasel.png","articleSection":["Neg\u00f3cios e Economia"],"inLanguage":"pt-BR","potentialAction":[{"@type":"CommentAction","name":"Comment","target":["https:\/\/comunicacaoestrategicacps.com.br\/blog\/consumo-em-bares-restaurantes-tem-alta-de-07-em-janeiro-enquanto-servico-registrou-queda-de-31-aponta-ibge\/#respond"]}]},{"@type":"WebPage","@id":"https:\/\/comunicacaoestrategicacps.com.br\/blog\/consumo-em-bares-restaurantes-tem-alta-de-07-em-janeiro-enquanto-servico-registrou-queda-de-31-aponta-ibge\/","url":"https:\/\/comunicacaoestrategicacps.com.br\/blog\/consumo-em-bares-restaurantes-tem-alta-de-07-em-janeiro-enquanto-servico-registrou-queda-de-31-aponta-ibge\/","name":"Consumo em bares, restaurantes tem alta de 0,7% em janeiro, enquanto servi\u00e7o registrou queda de 3,1%, aponta IBGE - Comunica\u00e7\u00e3o Estrat\u00e9gica","isPartOf":{"@id":"https:\/\/comunicacaoestrategicacps.com.br\/blog\/#website"},"primaryImageOfPage":{"@id":"https:\/\/comunicacaoestrategicacps.com.br\/blog\/consumo-em-bares-restaurantes-tem-alta-de-07-em-janeiro-enquanto-servico-registrou-queda-de-31-aponta-ibge\/#primaryimage"},"image":{"@id":"https:\/\/comunicacaoestrategicacps.com.br\/blog\/consumo-em-bares-restaurantes-tem-alta-de-07-em-janeiro-enquanto-servico-registrou-queda-de-31-aponta-ibge\/#primaryimage"},"thumbnailUrl":"https:\/\/comunicacaoestrategicacps.com.br\/blog\/wp-content\/uploads\/2023\/04\/abrasel.png","datePublished":"2023-04-25T13:21:17+00:00","dateModified":"2023-04-25T13:21:18+00:00","author":{"@id":"https:\/\/comunicacaoestrategicacps.com.br\/blog\/#\/schema\/person\/8d447568a01edd36a56dbbcb702b02fc"},"breadcrumb":{"@id":"https:\/\/comunicacaoestrategicacps.com.br\/blog\/consumo-em-bares-restaurantes-tem-alta-de-07-em-janeiro-enquanto-servico-registrou-queda-de-31-aponta-ibge\/#breadcrumb"},"inLanguage":"pt-BR","potentialAction":[{"@type":"ReadAction","target":["https:\/\/comunicacaoestrategicacps.com.br\/blog\/consumo-em-bares-restaurantes-tem-alta-de-07-em-janeiro-enquanto-servico-registrou-queda-de-31-aponta-ibge\/"]}]},{"@type":"ImageObject","inLanguage":"pt-BR","@id":"https:\/\/comunicacaoestrategicacps.com.br\/blog\/consumo-em-bares-restaurantes-tem-alta-de-07-em-janeiro-enquanto-servico-registrou-queda-de-31-aponta-ibge\/#primaryimage","url":"https:\/\/comunicacaoestrategicacps.com.br\/blog\/wp-content\/uploads\/2023\/04\/abrasel.png","contentUrl":"https:\/\/comunicacaoestrategicacps.com.br\/blog\/wp-content\/uploads\/2023\/04\/abrasel.png","width":225,"height":225},{"@type":"BreadcrumbList","@id":"https:\/\/comunicacaoestrategicacps.com.br\/blog\/consumo-em-bares-restaurantes-tem-alta-de-07-em-janeiro-enquanto-servico-registrou-queda-de-31-aponta-ibge\/#breadcrumb","itemListElement":[{"@type":"ListItem","position":1,"name":"In\u00edcio","item":"https:\/\/comunicacaoestrategicacps.com.br\/blog\/"},{"@type":"ListItem","position":2,"name":"Consumo em bares, restaurantes tem alta de 0,7% em janeiro, enquanto servi\u00e7o registrou queda de 3,1%, aponta IBGE"}]},{"@type":"WebSite","@id":"https:\/\/comunicacaoestrategicacps.com.br\/blog\/#website","url":"https:\/\/comunicacaoestrategicacps.com.br\/blog\/","name":"Comunica\u00e7\u00e3o Estrat\u00e9gica","description":"Comunica\u00e7\u00e3o Estrat\u00e9gica  - Assessoria de Imprensa","potentialAction":[{"@type":"SearchAction","target":{"@type":"EntryPoint","urlTemplate":"https:\/\/comunicacaoestrategicacps.com.br\/blog\/?s={search_term_string}"},"query-input":{"@type":"PropertyValueSpecification","valueRequired":true,"valueName":"search_term_string"}}],"inLanguage":"pt-BR"},{"@type":"Person","@id":"https:\/\/comunicacaoestrategicacps.com.br\/blog\/#\/schema\/person\/8d447568a01edd36a56dbbcb702b02fc","name":"admin","image":{"@type":"ImageObject","inLanguage":"pt-BR","@id":"https:\/\/secure.gravatar.com\/avatar\/2cc026ea89b57b9d913d4ce5b90a0490046c0c9048a129e24cc44313a90d3f77?s=96&d=mm&r=g","url":"https:\/\/secure.gravatar.com\/avatar\/2cc026ea89b57b9d913d4ce5b90a0490046c0c9048a129e24cc44313a90d3f77?s=96&d=mm&r=g","contentUrl":"https:\/\/secure.gravatar.com\/avatar\/2cc026ea89b57b9d913d4ce5b90a0490046c0c9048a129e24cc44313a90d3f77?s=96&d=mm&r=g","caption":"admin"},"url":"https:\/\/comunicacaoestrategicacps.com.br\/blog\/author\/admin\/"}]}},"builder_content":"","_links":{"self":[{"href":"https:\/\/comunicacaoestrategicacps.com.br\/blog\/wp-json\/wp\/v2\/posts\/1961","targetHints":{"allow":["GET"]}}],"collection":[{"href":"https:\/\/comunicacaoestrategicacps.com.br\/blog\/wp-json\/wp\/v2\/posts"}],"about":[{"href":"https:\/\/comunicacaoestrategicacps.com.br\/blog\/wp-json\/wp\/v2\/types\/post"}],"author":[{"embeddable":true,"href":"https:\/\/comunicacaoestrategicacps.com.br\/blog\/wp-json\/wp\/v2\/users\/1"}],"replies":[{"embeddable":true,"href":"https:\/\/comunicacaoestrategicacps.com.br\/blog\/wp-json\/wp\/v2\/comments?post=1961"}],"version-history":[{"count":1,"href":"https:\/\/comunicacaoestrategicacps.com.br\/blog\/wp-json\/wp\/v2\/posts\/1961\/revisions"}],"predecessor-version":[{"id":1963,"href":"https:\/\/comunicacaoestrategicacps.com.br\/blog\/wp-json\/wp\/v2\/posts\/1961\/revisions\/1963"}],"wp:featuredmedia":[{"embeddable":true,"href":"https:\/\/comunicacaoestrategicacps.com.br\/blog\/wp-json\/wp\/v2\/media\/1962"}],"wp:attachment":[{"href":"https:\/\/comunicacaoestrategicacps.com.br\/blog\/wp-json\/wp\/v2\/media?parent=1961"}],"wp:term":[{"taxonomy":"category","embeddable":true,"href":"https:\/\/comunicacaoestrategicacps.com.br\/blog\/wp-json\/wp\/v2\/categories?post=1961"},{"taxonomy":"post_tag","embeddable":true,"href":"https:\/\/comunicacaoestrategicacps.com.br\/blog\/wp-json\/wp\/v2\/tags?post=1961"}],"curies":[{"name":"wp","href":"https:\/\/api.w.org\/{rel}","templated":true}]}}