{"id":1970,"date":"2023-05-01T14:06:22","date_gmt":"2023-05-01T17:06:22","guid":{"rendered":"https:\/\/comunicacaoestrategicacps.com.br\/blog\/?p=1970"},"modified":"2023-05-01T14:06:42","modified_gmt":"2023-05-01T17:06:42","slug":"vitoria-hoteis-celebra-a-chegada-do-mes-das-noivas","status":"publish","type":"post","link":"https:\/\/comunicacaoestrategicacps.com.br\/blog\/vitoria-hoteis-celebra-a-chegada-do-mes-das-noivas\/","title":{"rendered":"Vit\u00f3ria Hot\u00e9is celebra a chegada do m\u00eas das noivas"},"content":{"rendered":"<!--themify_builder_content-->\n<div id=\"themify_builder_content-1970\" data-postid=\"1970\" class=\"themify_builder_content themify_builder_content-1970 themify_builder tf_clear\">\n    <\/div>\n<!--\/themify_builder_content-->\n\n\n\n\n<p><em>Rede do interior de S\u00e3o Paulo tem excelente infraestrutura para noivados e casamentos; pacotes rom\u00e2nticos, dia dos noivos no spa e mini weddings tamb\u00e9m est\u00e3o entre as experi\u00eancias oferecidas pelos hot\u00e9is.<\/em><\/p>\n\n\n\n<p>Campinas, 24 de abril de 2023 &#8211; O segmento de noivas \u00e9 muito relevante para o Vit\u00f3ria Hot\u00e9is. A rede que atua na regi\u00e3o de Campinas, em S\u00e3o Paulo, tem cada vez mais se especializado neste mercado e oferecendo servi\u00e7os que contemplam desde o dia da noiva at\u00e9 a festa de casamento para 400 pessoas. Com equipe pr\u00f3pria dedicada aos eventos sociais e opera\u00e7\u00e3o dos restaurantes, bares e spas dos hot\u00e9is, os noivos encontram na Rede Vit\u00f3ria todas as solu\u00e7\u00f5es que procuram para o grande dia.<\/p>\n\n\n\n<p>A hospedagem para grupos que v\u00eam de fora para os casamentos em Campinas e regi\u00e3o \u00e9 negociada com uma tarifa especial e um promocode personalizado para os noivos, em todos os cinco hot\u00e9is da rede. Isso garante que os convidados ficar\u00e3o bem instalados, com conforto, pr\u00f3ximo do evento e poder\u00e3o aproveitar mais a celebra\u00e7\u00e3o, pagando um valor especial.<\/p>\n\n\n\n<p>Os pr\u00f3prios espa\u00e7os dos hot\u00e9is podem ser palcos para estes eventos. O Vit\u00f3ria Hall, do Vit\u00f3ria Hotel Concept Campinas, por exemplo, \u00e9 um sal\u00e3o que comporta casamentos para at\u00e9 400 pessoas. E o premiado restaurante do hotel, o Bellini, prepara o banquete de acordo com a prefer\u00eancia dos noivos. Este hotel, o Vit\u00f3ria Hotel Convention Indaiatuba e Vit\u00f3ria Hotel Convention Paul\u00ednia tamb\u00e9m t\u00eam espa\u00e7os vers\u00e1teis para mini weddings, uma tend\u00eancia dos casamentos modernos, que priorizam um n\u00famero menor de convidados em ambiente mais acolhedor e \u00edntimo.<\/p>\n\n\n\n<p>O Spa Serena, que \u00e9 de opera\u00e7\u00e3o pr\u00f3pria da Rede Vit\u00f3ria, oferece pacotes para o \u201cDia da Noiva\u201d e \u201cDia do Noivo\u201d relaxantes e m\u00e1gicos. Possui uma estrutura completa com sal\u00e3o de beleza, uma sala para a noiva se produzir e maquiar, massagens, sauna, jacuzzi e vesti\u00e1rios para eles desfrutarem momentos na companhia das madrinhas e padrinhos e se prepararem para o grande dia.<\/p>\n\n\n\n<p>Para a noite de n\u00fapcias, o Vit\u00f3ria Hot\u00e9is tem su\u00edtes amplas com decora\u00e7\u00e3o especial, caf\u00e9 da manh\u00e3 no quarto e op\u00e7\u00f5es que incluem jantar rom\u00e2ntico e champagne para o brinde do casal.<\/p>\n\n\n\n<p>Inclusive, para ajudar os noivos dos preparativos at\u00e9 a cerim\u00f4nia, a Rede Vit\u00f3ria Hot\u00e9is, juntamente com a reconhecida cerimonialista de Campinas Daniela Placco, promove, uma vez por ano &#8211; toda a segunda quinzena de janeiro -, a Wedding Weekend Off (Feira de Noivas), reunindo em um mesmo espa\u00e7o fornecedores de confian\u00e7a para apresentar as novidades e os servi\u00e7os oferecidos aos casais.<\/p>\n\n\n\n<p>Servi\u00e7o:<\/p>\n\n\n\n<p>Dia da Noiva no Spa Serena<\/p>\n\n\n\n<p>A partir de R$ 840,00 (*)<\/p>\n\n\n\n<p>Inclui: Loca\u00e7\u00e3o exclusiva do Espa\u00e7o da Noiva, coffee break, 1 banho de lavanda no ofur\u00f4, amenities, mais sauna, jacuzzi e vesti\u00e1rios; equipe de beleza e fot\u00f3grafo (*) consulte as condi\u00e7\u00f5es.<\/p>\n\n\n\n<p>Reservas e informa\u00e7\u00f5es:<\/p>\n\n\n\n<p>Telefone: (19) 3755-8001<\/p>\n\n\n\n<p>E-mail: <a href=\"mailto:vendas.campinas@vitoriahoteis.com.br\">vendas.campinas@vitoriahoteis.com.br<\/a><\/p>\n\n\n\n<p>Sobre a Rede Vit\u00f3ria Hot\u00e9is:<\/p>\n\n\n\n<p>Com 728 acomoda\u00e7\u00f5es, e com mais de 20 anos de atua\u00e7\u00e3o, a Rede Vit\u00f3ria \u00e9 um dos mais importantes players do segmento hoteleiro do interior de S\u00e3o Paulo. O grupo, de gest\u00e3o familiar, opera 5 hot\u00e9is, sendo tr\u00eas em Campinas (Vit\u00f3ria Hotel Concept Campinas, Residence NewPort e Vit\u00f3ria Hotel Express Dom Pedro), um em Indaiatuba, (Vit\u00f3ria Hotel Convention Indaiatuba) e outro em Paul\u00ednia (Vit\u00f3ria Hotel Convention Paul\u00ednia). Todas as unidades \u2013 cada uma com o seu perfil pr\u00f3prio &#8211; t\u00eam alto padr\u00e3o de qualidade em acomoda\u00e7\u00f5es, servi\u00e7os e atendimento; disp\u00f5e de wi-fi e equipamentos modernos para comodidade e conforto dos h\u00f3spedes, e est\u00e3o localizadas em pontos estrat\u00e9gicos das cidades, quer seja em \u00e1reas de conveni\u00eancia como shoppings, pra\u00e7as, entretenimento, centro de conven\u00e7\u00f5es, quer seja pelo f\u00e1cil e r\u00e1pido acesso \u00e0s principais rodovias que cortam a regi\u00e3o e chegam ao Aeroporto Internacional de Viracopos. A \u00e1rea de eventos \u00e9 uma das grandes refer\u00eancias da Rede Vit\u00f3ria que tem, em todos os seus hot\u00e9is, infraestrutura moderna e espa\u00e7os multifuncionais para realizar eventos de pequeno a grande portes, em diversos formatos, sejam eles corporativos\/empresariais ou sociais, como festas de casamentos ou celebra\u00e7\u00f5es de anivers\u00e1rios. Um dos diferenciais da rede s\u00e3o seus restaurantes, bares, academias e spa. Ela n\u00e3o terceiriza esses servi\u00e7os, mantendo opera\u00e7\u00f5es pr\u00f3prias e tornando-se refer\u00eancias locais. S\u00e3o eles: Serena Spa, a academia Fitness Vit\u00f3ria, e os restaurantes Bellini (cozinha mediterr\u00e2nea), Kindai (asi\u00e1tico), Esquinica (natural e saud\u00e1vel), Vitorino (pizza), Vick Bar&amp;Cozinha (pratos e lanches r\u00e1pidos) e Bar Maria Azeitona; al\u00e9m dos h\u00f3spedes, todos esses locais s\u00e3o abertos para p\u00fablico em geral. <a href=\"https:\/\/www.vitoriahoteis.com.br\/\">https:\/\/www.vitoriahoteis.com.br\/<\/a><\/p>\n\n\n\n<p>Redes Sociais:<\/p>\n\n\n\n<p>Instagram: <a href=\"https:\/\/www.instagram.com\/redevitoriahoteis\/\">@redevitoriahoteis<\/a> <a href=\"https:\/\/www.instagram.com\/belliniristorante\/\">@belliniristorante<\/a> <a href=\"https:\/\/www.instagram.com\/kindaicampinas\/\">@kindaicampinas<\/a> <a href=\"https:\/\/www.instagram.com\/vitorinopaulinia\/\">@vitorinopaulinia<\/a> <a href=\"https:\/\/www.instagram.com\/mariaazeittona\/\">@mariaazeittona<\/a> <a href=\"https:\/\/www.instagram.com\/vickrestaurante\/\">@vickrestaurante<\/a> <a href=\"https:\/\/www.instagram.com\/spaserena\/\">@spaserena<\/a> <a href=\"https:\/\/www.instagram.com\/academiavitoriafitness\/\">@academiavitoriafitness<\/a><\/p>\n\n\n\n<p>Linkedin:<a href=\"https:\/\/www.linkedin.com\/organization-guest\/company\/vit%C3%B3ria-hot%C3%A9is-ltda\">https:\/\/www.linkedin.com\/organization-guest\/company\/vit%C3%B3ria-hot%C3%A9is-ltda<\/a><\/p>","protected":false},"excerpt":{"rendered":"<p>Rede do interior de S\u00e3o Paulo tem excelente infraestrutura para noivados e casamentos; pacotes rom\u00e2nticos, dia dos noivos no spa e mini weddings tamb\u00e9m est\u00e3o entre as experi\u00eancias oferecidas pelos hot\u00e9is. Campinas, 24 de abril de 2023 &#8211; O segmento de noivas \u00e9 muito relevante para o Vit\u00f3ria Hot\u00e9is. A rede que atua na regi\u00e3o [&hellip;]<\/p>\n","protected":false},"author":1,"featured_media":1971,"comment_status":"open","ping_status":"open","sticky":true,"template":"","format":"standard","meta":{"footnotes":""},"categories":[43],"tags":[],"class_list":["post-1970","post","type-post","status-publish","format-standard","has-post-thumbnail","hentry","category-negocios-e-economia","has-post-title","has-post-date","has-post-category","has-post-tag","has-post-comment","has-post-author",""],"yoast_head":"<!-- This site is optimized with the Yoast SEO plugin v27.4 - https:\/\/yoast.com\/product\/yoast-seo-wordpress\/ -->\n<title>Vit\u00f3ria Hot\u00e9is celebra a chegada do m\u00eas das noivas - Comunica\u00e7\u00e3o Estrat\u00e9gica<\/title>\n<meta name=\"robots\" content=\"index, follow, max-snippet:-1, max-image-preview:large, max-video-preview:-1\" \/>\n<link rel=\"canonical\" href=\"https:\/\/comunicacaoestrategicacps.com.br\/blog\/vitoria-hoteis-celebra-a-chegada-do-mes-das-noivas\/\" \/>\n<meta property=\"og:locale\" content=\"pt_BR\" \/>\n<meta property=\"og:type\" content=\"article\" \/>\n<meta property=\"og:title\" content=\"Vit\u00f3ria Hot\u00e9is celebra a chegada do m\u00eas das noivas - Comunica\u00e7\u00e3o Estrat\u00e9gica\" \/>\n<meta property=\"og:description\" content=\"Rede do interior de S\u00e3o Paulo tem excelente infraestrutura para noivados e casamentos; pacotes rom\u00e2nticos, dia dos noivos no spa e mini weddings tamb\u00e9m est\u00e3o entre as experi\u00eancias oferecidas pelos hot\u00e9is. Campinas, 24 de abril de 2023 &#8211; O segmento de noivas \u00e9 muito relevante para o Vit\u00f3ria Hot\u00e9is. A rede que atua na regi\u00e3o [&hellip;]\" \/>\n<meta property=\"og:url\" content=\"https:\/\/comunicacaoestrategicacps.com.br\/blog\/vitoria-hoteis-celebra-a-chegada-do-mes-das-noivas\/\" \/>\n<meta property=\"og:site_name\" content=\"Comunica\u00e7\u00e3o Estrat\u00e9gica\" \/>\n<meta property=\"article:published_time\" content=\"2023-05-01T17:06:22+00:00\" \/>\n<meta property=\"article:modified_time\" content=\"2023-05-01T17:06:42+00:00\" \/>\n<meta property=\"og:image\" content=\"https:\/\/comunicacaoestrategicacps.com.br\/blog\/wp-content\/uploads\/2023\/05\/Noivas-scaled.jpg\" \/>\n\t<meta property=\"og:image:width\" content=\"1280\" \/>\n\t<meta property=\"og:image:height\" content=\"853\" \/>\n\t<meta property=\"og:image:type\" content=\"image\/jpeg\" \/>\n<meta name=\"author\" content=\"admin\" \/>\n<meta name=\"twitter:card\" content=\"summary_large_image\" \/>\n<meta name=\"twitter:label1\" content=\"Escrito por\" \/>\n\t<meta name=\"twitter:data1\" content=\"admin\" \/>\n\t<meta name=\"twitter:label2\" content=\"Est. tempo de leitura\" \/>\n\t<meta name=\"twitter:data2\" content=\"5 minutos\" \/>\n<script type=\"application\/ld+json\" class=\"yoast-schema-graph\">{\"@context\":\"https:\\\/\\\/schema.org\",\"@graph\":[{\"@type\":\"Article\",\"@id\":\"https:\\\/\\\/comunicacaoestrategicacps.com.br\\\/blog\\\/vitoria-hoteis-celebra-a-chegada-do-mes-das-noivas\\\/#article\",\"isPartOf\":{\"@id\":\"https:\\\/\\\/comunicacaoestrategicacps.com.br\\\/blog\\\/vitoria-hoteis-celebra-a-chegada-do-mes-das-noivas\\\/\"},\"author\":{\"name\":\"admin\",\"@id\":\"https:\\\/\\\/comunicacaoestrategicacps.com.br\\\/blog\\\/#\\\/schema\\\/person\\\/8d447568a01edd36a56dbbcb702b02fc\"},\"headline\":\"Vit\u00f3ria Hot\u00e9is celebra a chegada do m\u00eas das noivas\",\"datePublished\":\"2023-05-01T17:06:22+00:00\",\"dateModified\":\"2023-05-01T17:06:42+00:00\",\"mainEntityOfPage\":{\"@id\":\"https:\\\/\\\/comunicacaoestrategicacps.com.br\\\/blog\\\/vitoria-hoteis-celebra-a-chegada-do-mes-das-noivas\\\/\"},\"wordCount\":880,\"commentCount\":0,\"image\":{\"@id\":\"https:\\\/\\\/comunicacaoestrategicacps.com.br\\\/blog\\\/vitoria-hoteis-celebra-a-chegada-do-mes-das-noivas\\\/#primaryimage\"},\"thumbnailUrl\":\"https:\\\/\\\/comunicacaoestrategicacps.com.br\\\/blog\\\/wp-content\\\/uploads\\\/2023\\\/05\\\/Noivas-scaled.jpg\",\"articleSection\":[\"Neg\u00f3cios e Economia\"],\"inLanguage\":\"pt-BR\",\"potentialAction\":[{\"@type\":\"CommentAction\",\"name\":\"Comment\",\"target\":[\"https:\\\/\\\/comunicacaoestrategicacps.com.br\\\/blog\\\/vitoria-hoteis-celebra-a-chegada-do-mes-das-noivas\\\/#respond\"]}]},{\"@type\":\"WebPage\",\"@id\":\"https:\\\/\\\/comunicacaoestrategicacps.com.br\\\/blog\\\/vitoria-hoteis-celebra-a-chegada-do-mes-das-noivas\\\/\",\"url\":\"https:\\\/\\\/comunicacaoestrategicacps.com.br\\\/blog\\\/vitoria-hoteis-celebra-a-chegada-do-mes-das-noivas\\\/\",\"name\":\"Vit\u00f3ria Hot\u00e9is celebra a chegada do m\u00eas das noivas - Comunica\u00e7\u00e3o Estrat\u00e9gica\",\"isPartOf\":{\"@id\":\"https:\\\/\\\/comunicacaoestrategicacps.com.br\\\/blog\\\/#website\"},\"primaryImageOfPage\":{\"@id\":\"https:\\\/\\\/comunicacaoestrategicacps.com.br\\\/blog\\\/vitoria-hoteis-celebra-a-chegada-do-mes-das-noivas\\\/#primaryimage\"},\"image\":{\"@id\":\"https:\\\/\\\/comunicacaoestrategicacps.com.br\\\/blog\\\/vitoria-hoteis-celebra-a-chegada-do-mes-das-noivas\\\/#primaryimage\"},\"thumbnailUrl\":\"https:\\\/\\\/comunicacaoestrategicacps.com.br\\\/blog\\\/wp-content\\\/uploads\\\/2023\\\/05\\\/Noivas-scaled.jpg\",\"datePublished\":\"2023-05-01T17:06:22+00:00\",\"dateModified\":\"2023-05-01T17:06:42+00:00\",\"author\":{\"@id\":\"https:\\\/\\\/comunicacaoestrategicacps.com.br\\\/blog\\\/#\\\/schema\\\/person\\\/8d447568a01edd36a56dbbcb702b02fc\"},\"breadcrumb\":{\"@id\":\"https:\\\/\\\/comunicacaoestrategicacps.com.br\\\/blog\\\/vitoria-hoteis-celebra-a-chegada-do-mes-das-noivas\\\/#breadcrumb\"},\"inLanguage\":\"pt-BR\",\"potentialAction\":[{\"@type\":\"ReadAction\",\"target\":[\"https:\\\/\\\/comunicacaoestrategicacps.com.br\\\/blog\\\/vitoria-hoteis-celebra-a-chegada-do-mes-das-noivas\\\/\"]}]},{\"@type\":\"ImageObject\",\"inLanguage\":\"pt-BR\",\"@id\":\"https:\\\/\\\/comunicacaoestrategicacps.com.br\\\/blog\\\/vitoria-hoteis-celebra-a-chegada-do-mes-das-noivas\\\/#primaryimage\",\"url\":\"https:\\\/\\\/comunicacaoestrategicacps.com.br\\\/blog\\\/wp-content\\\/uploads\\\/2023\\\/05\\\/Noivas-scaled.jpg\",\"contentUrl\":\"https:\\\/\\\/comunicacaoestrategicacps.com.br\\\/blog\\\/wp-content\\\/uploads\\\/2023\\\/05\\\/Noivas-scaled.jpg\",\"width\":1280,\"height\":853},{\"@type\":\"BreadcrumbList\",\"@id\":\"https:\\\/\\\/comunicacaoestrategicacps.com.br\\\/blog\\\/vitoria-hoteis-celebra-a-chegada-do-mes-das-noivas\\\/#breadcrumb\",\"itemListElement\":[{\"@type\":\"ListItem\",\"position\":1,\"name\":\"In\u00edcio\",\"item\":\"https:\\\/\\\/comunicacaoestrategicacps.com.br\\\/blog\\\/\"},{\"@type\":\"ListItem\",\"position\":2,\"name\":\"Vit\u00f3ria Hot\u00e9is celebra a chegada do m\u00eas das noivas\"}]},{\"@type\":\"WebSite\",\"@id\":\"https:\\\/\\\/comunicacaoestrategicacps.com.br\\\/blog\\\/#website\",\"url\":\"https:\\\/\\\/comunicacaoestrategicacps.com.br\\\/blog\\\/\",\"name\":\"Comunica\u00e7\u00e3o Estrat\u00e9gica\",\"description\":\"Comunica\u00e7\u00e3o Estrat\u00e9gica  - Assessoria de Imprensa\",\"potentialAction\":[{\"@type\":\"SearchAction\",\"target\":{\"@type\":\"EntryPoint\",\"urlTemplate\":\"https:\\\/\\\/comunicacaoestrategicacps.com.br\\\/blog\\\/?s={search_term_string}\"},\"query-input\":{\"@type\":\"PropertyValueSpecification\",\"valueRequired\":true,\"valueName\":\"search_term_string\"}}],\"inLanguage\":\"pt-BR\"},{\"@type\":\"Person\",\"@id\":\"https:\\\/\\\/comunicacaoestrategicacps.com.br\\\/blog\\\/#\\\/schema\\\/person\\\/8d447568a01edd36a56dbbcb702b02fc\",\"name\":\"admin\",\"image\":{\"@type\":\"ImageObject\",\"inLanguage\":\"pt-BR\",\"@id\":\"https:\\\/\\\/secure.gravatar.com\\\/avatar\\\/2cc026ea89b57b9d913d4ce5b90a0490046c0c9048a129e24cc44313a90d3f77?s=96&d=mm&r=g\",\"url\":\"https:\\\/\\\/secure.gravatar.com\\\/avatar\\\/2cc026ea89b57b9d913d4ce5b90a0490046c0c9048a129e24cc44313a90d3f77?s=96&d=mm&r=g\",\"contentUrl\":\"https:\\\/\\\/secure.gravatar.com\\\/avatar\\\/2cc026ea89b57b9d913d4ce5b90a0490046c0c9048a129e24cc44313a90d3f77?s=96&d=mm&r=g\",\"caption\":\"admin\"},\"url\":\"https:\\\/\\\/comunicacaoestrategicacps.com.br\\\/blog\\\/author\\\/admin\\\/\"}]}<\/script>\n<!-- \/ Yoast SEO plugin. -->","yoast_head_json":{"title":"Vit\u00f3ria Hot\u00e9is celebra a chegada do m\u00eas das noivas - Comunica\u00e7\u00e3o Estrat\u00e9gica","robots":{"index":"index","follow":"follow","max-snippet":"max-snippet:-1","max-image-preview":"max-image-preview:large","max-video-preview":"max-video-preview:-1"},"canonical":"https:\/\/comunicacaoestrategicacps.com.br\/blog\/vitoria-hoteis-celebra-a-chegada-do-mes-das-noivas\/","og_locale":"pt_BR","og_type":"article","og_title":"Vit\u00f3ria Hot\u00e9is celebra a chegada do m\u00eas das noivas - Comunica\u00e7\u00e3o Estrat\u00e9gica","og_description":"Rede do interior de S\u00e3o Paulo tem excelente infraestrutura para noivados e casamentos; pacotes rom\u00e2nticos, dia dos noivos no spa e mini weddings tamb\u00e9m est\u00e3o entre as experi\u00eancias oferecidas pelos hot\u00e9is. Campinas, 24 de abril de 2023 &#8211; O segmento de noivas \u00e9 muito relevante para o Vit\u00f3ria Hot\u00e9is. A rede que atua na regi\u00e3o [&hellip;]","og_url":"https:\/\/comunicacaoestrategicacps.com.br\/blog\/vitoria-hoteis-celebra-a-chegada-do-mes-das-noivas\/","og_site_name":"Comunica\u00e7\u00e3o Estrat\u00e9gica","article_published_time":"2023-05-01T17:06:22+00:00","article_modified_time":"2023-05-01T17:06:42+00:00","og_image":[{"width":1280,"height":853,"url":"https:\/\/comunicacaoestrategicacps.com.br\/blog\/wp-content\/uploads\/2023\/05\/Noivas-scaled.jpg","type":"image\/jpeg"}],"author":"admin","twitter_card":"summary_large_image","twitter_misc":{"Escrito por":"admin","Est. tempo de leitura":"5 minutos"},"schema":{"@context":"https:\/\/schema.org","@graph":[{"@type":"Article","@id":"https:\/\/comunicacaoestrategicacps.com.br\/blog\/vitoria-hoteis-celebra-a-chegada-do-mes-das-noivas\/#article","isPartOf":{"@id":"https:\/\/comunicacaoestrategicacps.com.br\/blog\/vitoria-hoteis-celebra-a-chegada-do-mes-das-noivas\/"},"author":{"name":"admin","@id":"https:\/\/comunicacaoestrategicacps.com.br\/blog\/#\/schema\/person\/8d447568a01edd36a56dbbcb702b02fc"},"headline":"Vit\u00f3ria Hot\u00e9is celebra a chegada do m\u00eas das noivas","datePublished":"2023-05-01T17:06:22+00:00","dateModified":"2023-05-01T17:06:42+00:00","mainEntityOfPage":{"@id":"https:\/\/comunicacaoestrategicacps.com.br\/blog\/vitoria-hoteis-celebra-a-chegada-do-mes-das-noivas\/"},"wordCount":880,"commentCount":0,"image":{"@id":"https:\/\/comunicacaoestrategicacps.com.br\/blog\/vitoria-hoteis-celebra-a-chegada-do-mes-das-noivas\/#primaryimage"},"thumbnailUrl":"https:\/\/comunicacaoestrategicacps.com.br\/blog\/wp-content\/uploads\/2023\/05\/Noivas-scaled.jpg","articleSection":["Neg\u00f3cios e Economia"],"inLanguage":"pt-BR","potentialAction":[{"@type":"CommentAction","name":"Comment","target":["https:\/\/comunicacaoestrategicacps.com.br\/blog\/vitoria-hoteis-celebra-a-chegada-do-mes-das-noivas\/#respond"]}]},{"@type":"WebPage","@id":"https:\/\/comunicacaoestrategicacps.com.br\/blog\/vitoria-hoteis-celebra-a-chegada-do-mes-das-noivas\/","url":"https:\/\/comunicacaoestrategicacps.com.br\/blog\/vitoria-hoteis-celebra-a-chegada-do-mes-das-noivas\/","name":"Vit\u00f3ria Hot\u00e9is celebra a chegada do m\u00eas das noivas - Comunica\u00e7\u00e3o Estrat\u00e9gica","isPartOf":{"@id":"https:\/\/comunicacaoestrategicacps.com.br\/blog\/#website"},"primaryImageOfPage":{"@id":"https:\/\/comunicacaoestrategicacps.com.br\/blog\/vitoria-hoteis-celebra-a-chegada-do-mes-das-noivas\/#primaryimage"},"image":{"@id":"https:\/\/comunicacaoestrategicacps.com.br\/blog\/vitoria-hoteis-celebra-a-chegada-do-mes-das-noivas\/#primaryimage"},"thumbnailUrl":"https:\/\/comunicacaoestrategicacps.com.br\/blog\/wp-content\/uploads\/2023\/05\/Noivas-scaled.jpg","datePublished":"2023-05-01T17:06:22+00:00","dateModified":"2023-05-01T17:06:42+00:00","author":{"@id":"https:\/\/comunicacaoestrategicacps.com.br\/blog\/#\/schema\/person\/8d447568a01edd36a56dbbcb702b02fc"},"breadcrumb":{"@id":"https:\/\/comunicacaoestrategicacps.com.br\/blog\/vitoria-hoteis-celebra-a-chegada-do-mes-das-noivas\/#breadcrumb"},"inLanguage":"pt-BR","potentialAction":[{"@type":"ReadAction","target":["https:\/\/comunicacaoestrategicacps.com.br\/blog\/vitoria-hoteis-celebra-a-chegada-do-mes-das-noivas\/"]}]},{"@type":"ImageObject","inLanguage":"pt-BR","@id":"https:\/\/comunicacaoestrategicacps.com.br\/blog\/vitoria-hoteis-celebra-a-chegada-do-mes-das-noivas\/#primaryimage","url":"https:\/\/comunicacaoestrategicacps.com.br\/blog\/wp-content\/uploads\/2023\/05\/Noivas-scaled.jpg","contentUrl":"https:\/\/comunicacaoestrategicacps.com.br\/blog\/wp-content\/uploads\/2023\/05\/Noivas-scaled.jpg","width":1280,"height":853},{"@type":"BreadcrumbList","@id":"https:\/\/comunicacaoestrategicacps.com.br\/blog\/vitoria-hoteis-celebra-a-chegada-do-mes-das-noivas\/#breadcrumb","itemListElement":[{"@type":"ListItem","position":1,"name":"In\u00edcio","item":"https:\/\/comunicacaoestrategicacps.com.br\/blog\/"},{"@type":"ListItem","position":2,"name":"Vit\u00f3ria Hot\u00e9is celebra a chegada do m\u00eas das noivas"}]},{"@type":"WebSite","@id":"https:\/\/comunicacaoestrategicacps.com.br\/blog\/#website","url":"https:\/\/comunicacaoestrategicacps.com.br\/blog\/","name":"Comunica\u00e7\u00e3o Estrat\u00e9gica","description":"Comunica\u00e7\u00e3o Estrat\u00e9gica  - Assessoria de Imprensa","potentialAction":[{"@type":"SearchAction","target":{"@type":"EntryPoint","urlTemplate":"https:\/\/comunicacaoestrategicacps.com.br\/blog\/?s={search_term_string}"},"query-input":{"@type":"PropertyValueSpecification","valueRequired":true,"valueName":"search_term_string"}}],"inLanguage":"pt-BR"},{"@type":"Person","@id":"https:\/\/comunicacaoestrategicacps.com.br\/blog\/#\/schema\/person\/8d447568a01edd36a56dbbcb702b02fc","name":"admin","image":{"@type":"ImageObject","inLanguage":"pt-BR","@id":"https:\/\/secure.gravatar.com\/avatar\/2cc026ea89b57b9d913d4ce5b90a0490046c0c9048a129e24cc44313a90d3f77?s=96&d=mm&r=g","url":"https:\/\/secure.gravatar.com\/avatar\/2cc026ea89b57b9d913d4ce5b90a0490046c0c9048a129e24cc44313a90d3f77?s=96&d=mm&r=g","contentUrl":"https:\/\/secure.gravatar.com\/avatar\/2cc026ea89b57b9d913d4ce5b90a0490046c0c9048a129e24cc44313a90d3f77?s=96&d=mm&r=g","caption":"admin"},"url":"https:\/\/comunicacaoestrategicacps.com.br\/blog\/author\/admin\/"}]}},"builder_content":"","_links":{"self":[{"href":"https:\/\/comunicacaoestrategicacps.com.br\/blog\/wp-json\/wp\/v2\/posts\/1970","targetHints":{"allow":["GET"]}}],"collection":[{"href":"https:\/\/comunicacaoestrategicacps.com.br\/blog\/wp-json\/wp\/v2\/posts"}],"about":[{"href":"https:\/\/comunicacaoestrategicacps.com.br\/blog\/wp-json\/wp\/v2\/types\/post"}],"author":[{"embeddable":true,"href":"https:\/\/comunicacaoestrategicacps.com.br\/blog\/wp-json\/wp\/v2\/users\/1"}],"replies":[{"embeddable":true,"href":"https:\/\/comunicacaoestrategicacps.com.br\/blog\/wp-json\/wp\/v2\/comments?post=1970"}],"version-history":[{"count":4,"href":"https:\/\/comunicacaoestrategicacps.com.br\/blog\/wp-json\/wp\/v2\/posts\/1970\/revisions"}],"predecessor-version":[{"id":1975,"href":"https:\/\/comunicacaoestrategicacps.com.br\/blog\/wp-json\/wp\/v2\/posts\/1970\/revisions\/1975"}],"wp:featuredmedia":[{"embeddable":true,"href":"https:\/\/comunicacaoestrategicacps.com.br\/blog\/wp-json\/wp\/v2\/media\/1971"}],"wp:attachment":[{"href":"https:\/\/comunicacaoestrategicacps.com.br\/blog\/wp-json\/wp\/v2\/media?parent=1970"}],"wp:term":[{"taxonomy":"category","embeddable":true,"href":"https:\/\/comunicacaoestrategicacps.com.br\/blog\/wp-json\/wp\/v2\/categories?post=1970"},{"taxonomy":"post_tag","embeddable":true,"href":"https:\/\/comunicacaoestrategicacps.com.br\/blog\/wp-json\/wp\/v2\/tags?post=1970"}],"curies":[{"name":"wp","href":"https:\/\/api.w.org\/{rel}","templated":true}]}}