{"id":2003,"date":"2023-05-08T11:59:40","date_gmt":"2023-05-08T14:59:40","guid":{"rendered":"https:\/\/comunicacaoestrategicacps.com.br\/blog\/?p=2003"},"modified":"2023-05-08T11:59:41","modified_gmt":"2023-05-08T14:59:41","slug":"restaurantes-da-regiao-de-campinas-estao-otimistas-com-o-dia-das-maes","status":"publish","type":"post","link":"https:\/\/comunicacaoestrategicacps.com.br\/blog\/restaurantes-da-regiao-de-campinas-estao-otimistas-com-o-dia-das-maes\/","title":{"rendered":"Restaurantes da Regi\u00e3o de Campinas est\u00e3o otimistas com o Dia das M\u00e3es"},"content":{"rendered":"<!--themify_builder_content-->\n<div id=\"themify_builder_content-2003\" data-postid=\"2003\" class=\"themify_builder_content themify_builder_content-2003 themify_builder tf_clear\">\n    <\/div>\n<!--\/themify_builder_content-->\n\n\n\n\n<p><em>Expectativa \u00e9 de at\u00e9 30% de crescimento sobre o ano passado<\/em><\/p>\n\n\n\n<p><strong>Campinas, 03 de maio de 2023<\/strong> \u2013 Para os restaurantes, o Dia das M\u00e3es \u00e9 considerada uma ocasi\u00e3o especial e de grande movimento, j\u00e1 que \u00e9 uma tradi\u00e7\u00e3o as fam\u00edlias comemorarem a data fora de casa. E a expectativa entre os estabelecimentos da regi\u00e3o de Campinas \u00e9 de otimismo para o pr\u00f3ximo dia 14, com estimativa de movimento e faturamento de at\u00e9 30% em rela\u00e7\u00e3o ao ano passado. O \u00edndice vai ao encontro das proje\u00e7\u00e3o da Associa\u00e7\u00e3o Brasileira de Bares e Restaurantes (Abrasel) Regional Campinas.<\/p>\n\n\n\n<p>Fernanda Barreira, gerente de Marketing do Restaurante Vila Para\u00edso, localizado em Joaquim Eg\u00eddio, em Campinas, conta que a data \u00e9 bastante especial. \u201c\u00c9 um dia muito bom para n\u00f3s, pois \u00e9 a segunda data mais importante do calend\u00e1rio, atr\u00e1s somente do Dia dos Namorados, conta. \u201cPara este ano, nossa expectativa \u00e9 de um aumento de 30% no movimento no domingo, dia 14, sobre a mesma data do ano passado\u201d, que j\u00e1 foi muito boa\u201d, acrescenta. Al\u00e9m do restaurante, ela j\u00e1 vem sentindo uma procura alta de reservas para o Quinta do Vila, um espa\u00e7o ao ar livre, dedicado a pincinc.<\/p>\n\n\n\n<p>Rodrigo Porto, diretor de Alimentos e Bebidas Rede Vit\u00f3ria Hot\u00e9is, propriet\u00e1ria dos restaurantes Bellini, Kindai (Campinas), Vitorino (Paul\u00ednia) e Vick Pizza e Cozinha (Indaiatuba), tamb\u00e9m est\u00e1 otimista com a data. \u201cNossa previs\u00e3o \u00e9 de um crescimento de 30% neste ano no faturamento\u201d, conta. \u201cAl\u00e9m do movimento que aumenta, estamos vendo que o ticket m\u00e9dio dos clientes dos restaurantes vem aumentando nos \u00faltimos meses\u201d, acrescenta.<\/p>\n\n\n\n<p>O Floresta Cultura, tamb\u00e9m de Campinas, vai operar pela primeira vez em um Dia das M\u00e3es. Com capacidade para 400 pessoas, a proje\u00e7\u00e3o \u00e9 de casa cheia para o pr\u00f3ximo dia 14. \u201cPor estarmos dentro de um clube, as reservas por parte dos associados est\u00e3o grandes h\u00e1 menos de duas semanas\u201d, explica Edward Bilton, propriet\u00e1rio do restaurante.<\/p>\n\n\n\n<p>J\u00e1 Camila Coratti, gerente do Banana Caf\u00e9 Campinas, estima o dia movimentado. \u201cEstamos trabalhando com uma proje\u00e7\u00e3o de crescimento de p\u00fablico de 20% sobre 2022, o que \u00e9 um percentual muito bom.\u201d<\/p>\n\n\n\n<p>Sergio de Simone, do Rancho Colonial Grill, tamb\u00e9m est\u00e1 otimista, mas prefere trabalhar com uma proje\u00e7\u00e3o menor. \u201cA expectativa \u00e9 muito boa, pois \u00e9 um dia sugestivo e as fam\u00edlias querem tirar a m\u00e3e de casa, oferecendo algo especial. Por isso existe uma demanda muito grande e calculamos 10% de crescimento\u201d, afirma.<\/p>","protected":false},"excerpt":{"rendered":"<p>Expectativa \u00e9 de at\u00e9 30% de crescimento sobre o ano passado Campinas, 03 de maio de 2023 \u2013 Para os restaurantes, o Dia das M\u00e3es \u00e9 considerada uma ocasi\u00e3o especial e de grande movimento, j\u00e1 que \u00e9 uma tradi\u00e7\u00e3o as fam\u00edlias comemorarem a data fora de casa. E a expectativa entre os estabelecimentos da regi\u00e3o [&hellip;]<\/p>\n","protected":false},"author":1,"featured_media":1391,"comment_status":"open","ping_status":"open","sticky":false,"template":"","format":"standard","meta":{"footnotes":""},"categories":[43],"tags":[],"class_list":["post-2003","post","type-post","status-publish","format-standard","has-post-thumbnail","hentry","category-negocios-e-economia","has-post-title","has-post-date","has-post-category","has-post-tag","has-post-comment","has-post-author",""],"yoast_head":"<!-- This site is optimized with the Yoast SEO plugin v27.4 - https:\/\/yoast.com\/product\/yoast-seo-wordpress\/ -->\n<title>Restaurantes da Regi\u00e3o de Campinas est\u00e3o otimistas com o Dia das M\u00e3es - Comunica\u00e7\u00e3o Estrat\u00e9gica<\/title>\n<meta name=\"robots\" content=\"index, follow, max-snippet:-1, max-image-preview:large, max-video-preview:-1\" \/>\n<link rel=\"canonical\" href=\"https:\/\/comunicacaoestrategicacps.com.br\/blog\/restaurantes-da-regiao-de-campinas-estao-otimistas-com-o-dia-das-maes\/\" \/>\n<meta property=\"og:locale\" content=\"pt_BR\" \/>\n<meta property=\"og:type\" content=\"article\" \/>\n<meta property=\"og:title\" content=\"Restaurantes da Regi\u00e3o de Campinas est\u00e3o otimistas com o Dia das M\u00e3es - Comunica\u00e7\u00e3o Estrat\u00e9gica\" \/>\n<meta property=\"og:description\" content=\"Expectativa \u00e9 de at\u00e9 30% de crescimento sobre o ano passado Campinas, 03 de maio de 2023 \u2013 Para os restaurantes, o Dia das M\u00e3es \u00e9 considerada uma ocasi\u00e3o especial e de grande movimento, j\u00e1 que \u00e9 uma tradi\u00e7\u00e3o as fam\u00edlias comemorarem a data fora de casa. E a expectativa entre os estabelecimentos da regi\u00e3o [&hellip;]\" \/>\n<meta property=\"og:url\" content=\"https:\/\/comunicacaoestrategicacps.com.br\/blog\/restaurantes-da-regiao-de-campinas-estao-otimistas-com-o-dia-das-maes\/\" \/>\n<meta property=\"og:site_name\" content=\"Comunica\u00e7\u00e3o Estrat\u00e9gica\" \/>\n<meta property=\"article:published_time\" content=\"2023-05-08T14:59:40+00:00\" \/>\n<meta property=\"article:modified_time\" content=\"2023-05-08T14:59:41+00:00\" \/>\n<meta property=\"og:image\" content=\"https:\/\/comunicacaoestrategicacps.com.br\/blog\/wp-content\/uploads\/2022\/05\/belliniespa\u00e7o.jpg\" \/>\n\t<meta property=\"og:image:width\" content=\"1280\" \/>\n\t<meta property=\"og:image:height\" content=\"853\" \/>\n\t<meta property=\"og:image:type\" content=\"image\/jpeg\" \/>\n<meta name=\"author\" content=\"admin\" \/>\n<meta name=\"twitter:card\" content=\"summary_large_image\" \/>\n<meta name=\"twitter:label1\" content=\"Escrito por\" \/>\n\t<meta name=\"twitter:data1\" content=\"admin\" \/>\n\t<meta name=\"twitter:label2\" content=\"Est. tempo de leitura\" \/>\n\t<meta name=\"twitter:data2\" content=\"3 minutos\" \/>\n<script type=\"application\/ld+json\" class=\"yoast-schema-graph\">{\"@context\":\"https:\\\/\\\/schema.org\",\"@graph\":[{\"@type\":\"Article\",\"@id\":\"https:\\\/\\\/comunicacaoestrategicacps.com.br\\\/blog\\\/restaurantes-da-regiao-de-campinas-estao-otimistas-com-o-dia-das-maes\\\/#article\",\"isPartOf\":{\"@id\":\"https:\\\/\\\/comunicacaoestrategicacps.com.br\\\/blog\\\/restaurantes-da-regiao-de-campinas-estao-otimistas-com-o-dia-das-maes\\\/\"},\"author\":{\"name\":\"admin\",\"@id\":\"https:\\\/\\\/comunicacaoestrategicacps.com.br\\\/blog\\\/#\\\/schema\\\/person\\\/8d447568a01edd36a56dbbcb702b02fc\"},\"headline\":\"Restaurantes da Regi\u00e3o de Campinas est\u00e3o otimistas com o Dia das M\u00e3es\",\"datePublished\":\"2023-05-08T14:59:40+00:00\",\"dateModified\":\"2023-05-08T14:59:41+00:00\",\"mainEntityOfPage\":{\"@id\":\"https:\\\/\\\/comunicacaoestrategicacps.com.br\\\/blog\\\/restaurantes-da-regiao-de-campinas-estao-otimistas-com-o-dia-das-maes\\\/\"},\"wordCount\":425,\"commentCount\":0,\"image\":{\"@id\":\"https:\\\/\\\/comunicacaoestrategicacps.com.br\\\/blog\\\/restaurantes-da-regiao-de-campinas-estao-otimistas-com-o-dia-das-maes\\\/#primaryimage\"},\"thumbnailUrl\":\"https:\\\/\\\/comunicacaoestrategicacps.com.br\\\/blog\\\/wp-content\\\/uploads\\\/2022\\\/05\\\/belliniespa\u00e7o.jpg\",\"articleSection\":[\"Neg\u00f3cios e Economia\"],\"inLanguage\":\"pt-BR\",\"potentialAction\":[{\"@type\":\"CommentAction\",\"name\":\"Comment\",\"target\":[\"https:\\\/\\\/comunicacaoestrategicacps.com.br\\\/blog\\\/restaurantes-da-regiao-de-campinas-estao-otimistas-com-o-dia-das-maes\\\/#respond\"]}]},{\"@type\":\"WebPage\",\"@id\":\"https:\\\/\\\/comunicacaoestrategicacps.com.br\\\/blog\\\/restaurantes-da-regiao-de-campinas-estao-otimistas-com-o-dia-das-maes\\\/\",\"url\":\"https:\\\/\\\/comunicacaoestrategicacps.com.br\\\/blog\\\/restaurantes-da-regiao-de-campinas-estao-otimistas-com-o-dia-das-maes\\\/\",\"name\":\"Restaurantes da Regi\u00e3o de Campinas est\u00e3o otimistas com o Dia das M\u00e3es - Comunica\u00e7\u00e3o Estrat\u00e9gica\",\"isPartOf\":{\"@id\":\"https:\\\/\\\/comunicacaoestrategicacps.com.br\\\/blog\\\/#website\"},\"primaryImageOfPage\":{\"@id\":\"https:\\\/\\\/comunicacaoestrategicacps.com.br\\\/blog\\\/restaurantes-da-regiao-de-campinas-estao-otimistas-com-o-dia-das-maes\\\/#primaryimage\"},\"image\":{\"@id\":\"https:\\\/\\\/comunicacaoestrategicacps.com.br\\\/blog\\\/restaurantes-da-regiao-de-campinas-estao-otimistas-com-o-dia-das-maes\\\/#primaryimage\"},\"thumbnailUrl\":\"https:\\\/\\\/comunicacaoestrategicacps.com.br\\\/blog\\\/wp-content\\\/uploads\\\/2022\\\/05\\\/belliniespa\u00e7o.jpg\",\"datePublished\":\"2023-05-08T14:59:40+00:00\",\"dateModified\":\"2023-05-08T14:59:41+00:00\",\"author\":{\"@id\":\"https:\\\/\\\/comunicacaoestrategicacps.com.br\\\/blog\\\/#\\\/schema\\\/person\\\/8d447568a01edd36a56dbbcb702b02fc\"},\"breadcrumb\":{\"@id\":\"https:\\\/\\\/comunicacaoestrategicacps.com.br\\\/blog\\\/restaurantes-da-regiao-de-campinas-estao-otimistas-com-o-dia-das-maes\\\/#breadcrumb\"},\"inLanguage\":\"pt-BR\",\"potentialAction\":[{\"@type\":\"ReadAction\",\"target\":[\"https:\\\/\\\/comunicacaoestrategicacps.com.br\\\/blog\\\/restaurantes-da-regiao-de-campinas-estao-otimistas-com-o-dia-das-maes\\\/\"]}]},{\"@type\":\"ImageObject\",\"inLanguage\":\"pt-BR\",\"@id\":\"https:\\\/\\\/comunicacaoestrategicacps.com.br\\\/blog\\\/restaurantes-da-regiao-de-campinas-estao-otimistas-com-o-dia-das-maes\\\/#primaryimage\",\"url\":\"https:\\\/\\\/comunicacaoestrategicacps.com.br\\\/blog\\\/wp-content\\\/uploads\\\/2022\\\/05\\\/belliniespa\u00e7o.jpg\",\"contentUrl\":\"https:\\\/\\\/comunicacaoestrategicacps.com.br\\\/blog\\\/wp-content\\\/uploads\\\/2022\\\/05\\\/belliniespa\u00e7o.jpg\",\"width\":1280,\"height\":853},{\"@type\":\"BreadcrumbList\",\"@id\":\"https:\\\/\\\/comunicacaoestrategicacps.com.br\\\/blog\\\/restaurantes-da-regiao-de-campinas-estao-otimistas-com-o-dia-das-maes\\\/#breadcrumb\",\"itemListElement\":[{\"@type\":\"ListItem\",\"position\":1,\"name\":\"In\u00edcio\",\"item\":\"https:\\\/\\\/comunicacaoestrategicacps.com.br\\\/blog\\\/\"},{\"@type\":\"ListItem\",\"position\":2,\"name\":\"Restaurantes da Regi\u00e3o de Campinas est\u00e3o otimistas com o Dia das M\u00e3es\"}]},{\"@type\":\"WebSite\",\"@id\":\"https:\\\/\\\/comunicacaoestrategicacps.com.br\\\/blog\\\/#website\",\"url\":\"https:\\\/\\\/comunicacaoestrategicacps.com.br\\\/blog\\\/\",\"name\":\"Comunica\u00e7\u00e3o Estrat\u00e9gica\",\"description\":\"Comunica\u00e7\u00e3o Estrat\u00e9gica  - Assessoria de Imprensa\",\"potentialAction\":[{\"@type\":\"SearchAction\",\"target\":{\"@type\":\"EntryPoint\",\"urlTemplate\":\"https:\\\/\\\/comunicacaoestrategicacps.com.br\\\/blog\\\/?s={search_term_string}\"},\"query-input\":{\"@type\":\"PropertyValueSpecification\",\"valueRequired\":true,\"valueName\":\"search_term_string\"}}],\"inLanguage\":\"pt-BR\"},{\"@type\":\"Person\",\"@id\":\"https:\\\/\\\/comunicacaoestrategicacps.com.br\\\/blog\\\/#\\\/schema\\\/person\\\/8d447568a01edd36a56dbbcb702b02fc\",\"name\":\"admin\",\"image\":{\"@type\":\"ImageObject\",\"inLanguage\":\"pt-BR\",\"@id\":\"https:\\\/\\\/secure.gravatar.com\\\/avatar\\\/2cc026ea89b57b9d913d4ce5b90a0490046c0c9048a129e24cc44313a90d3f77?s=96&d=mm&r=g\",\"url\":\"https:\\\/\\\/secure.gravatar.com\\\/avatar\\\/2cc026ea89b57b9d913d4ce5b90a0490046c0c9048a129e24cc44313a90d3f77?s=96&d=mm&r=g\",\"contentUrl\":\"https:\\\/\\\/secure.gravatar.com\\\/avatar\\\/2cc026ea89b57b9d913d4ce5b90a0490046c0c9048a129e24cc44313a90d3f77?s=96&d=mm&r=g\",\"caption\":\"admin\"},\"url\":\"https:\\\/\\\/comunicacaoestrategicacps.com.br\\\/blog\\\/author\\\/admin\\\/\"}]}<\/script>\n<!-- \/ Yoast SEO plugin. -->","yoast_head_json":{"title":"Restaurantes da Regi\u00e3o de Campinas est\u00e3o otimistas com o Dia das M\u00e3es - Comunica\u00e7\u00e3o Estrat\u00e9gica","robots":{"index":"index","follow":"follow","max-snippet":"max-snippet:-1","max-image-preview":"max-image-preview:large","max-video-preview":"max-video-preview:-1"},"canonical":"https:\/\/comunicacaoestrategicacps.com.br\/blog\/restaurantes-da-regiao-de-campinas-estao-otimistas-com-o-dia-das-maes\/","og_locale":"pt_BR","og_type":"article","og_title":"Restaurantes da Regi\u00e3o de Campinas est\u00e3o otimistas com o Dia das M\u00e3es - Comunica\u00e7\u00e3o Estrat\u00e9gica","og_description":"Expectativa \u00e9 de at\u00e9 30% de crescimento sobre o ano passado Campinas, 03 de maio de 2023 \u2013 Para os restaurantes, o Dia das M\u00e3es \u00e9 considerada uma ocasi\u00e3o especial e de grande movimento, j\u00e1 que \u00e9 uma tradi\u00e7\u00e3o as fam\u00edlias comemorarem a data fora de casa. E a expectativa entre os estabelecimentos da regi\u00e3o [&hellip;]","og_url":"https:\/\/comunicacaoestrategicacps.com.br\/blog\/restaurantes-da-regiao-de-campinas-estao-otimistas-com-o-dia-das-maes\/","og_site_name":"Comunica\u00e7\u00e3o Estrat\u00e9gica","article_published_time":"2023-05-08T14:59:40+00:00","article_modified_time":"2023-05-08T14:59:41+00:00","og_image":[{"width":1280,"height":853,"url":"https:\/\/comunicacaoestrategicacps.com.br\/blog\/wp-content\/uploads\/2022\/05\/belliniespa\u00e7o.jpg","type":"image\/jpeg"}],"author":"admin","twitter_card":"summary_large_image","twitter_misc":{"Escrito por":"admin","Est. tempo de leitura":"3 minutos"},"schema":{"@context":"https:\/\/schema.org","@graph":[{"@type":"Article","@id":"https:\/\/comunicacaoestrategicacps.com.br\/blog\/restaurantes-da-regiao-de-campinas-estao-otimistas-com-o-dia-das-maes\/#article","isPartOf":{"@id":"https:\/\/comunicacaoestrategicacps.com.br\/blog\/restaurantes-da-regiao-de-campinas-estao-otimistas-com-o-dia-das-maes\/"},"author":{"name":"admin","@id":"https:\/\/comunicacaoestrategicacps.com.br\/blog\/#\/schema\/person\/8d447568a01edd36a56dbbcb702b02fc"},"headline":"Restaurantes da Regi\u00e3o de Campinas est\u00e3o otimistas com o Dia das M\u00e3es","datePublished":"2023-05-08T14:59:40+00:00","dateModified":"2023-05-08T14:59:41+00:00","mainEntityOfPage":{"@id":"https:\/\/comunicacaoestrategicacps.com.br\/blog\/restaurantes-da-regiao-de-campinas-estao-otimistas-com-o-dia-das-maes\/"},"wordCount":425,"commentCount":0,"image":{"@id":"https:\/\/comunicacaoestrategicacps.com.br\/blog\/restaurantes-da-regiao-de-campinas-estao-otimistas-com-o-dia-das-maes\/#primaryimage"},"thumbnailUrl":"https:\/\/comunicacaoestrategicacps.com.br\/blog\/wp-content\/uploads\/2022\/05\/belliniespa\u00e7o.jpg","articleSection":["Neg\u00f3cios e Economia"],"inLanguage":"pt-BR","potentialAction":[{"@type":"CommentAction","name":"Comment","target":["https:\/\/comunicacaoestrategicacps.com.br\/blog\/restaurantes-da-regiao-de-campinas-estao-otimistas-com-o-dia-das-maes\/#respond"]}]},{"@type":"WebPage","@id":"https:\/\/comunicacaoestrategicacps.com.br\/blog\/restaurantes-da-regiao-de-campinas-estao-otimistas-com-o-dia-das-maes\/","url":"https:\/\/comunicacaoestrategicacps.com.br\/blog\/restaurantes-da-regiao-de-campinas-estao-otimistas-com-o-dia-das-maes\/","name":"Restaurantes da Regi\u00e3o de Campinas est\u00e3o otimistas com o Dia das M\u00e3es - Comunica\u00e7\u00e3o Estrat\u00e9gica","isPartOf":{"@id":"https:\/\/comunicacaoestrategicacps.com.br\/blog\/#website"},"primaryImageOfPage":{"@id":"https:\/\/comunicacaoestrategicacps.com.br\/blog\/restaurantes-da-regiao-de-campinas-estao-otimistas-com-o-dia-das-maes\/#primaryimage"},"image":{"@id":"https:\/\/comunicacaoestrategicacps.com.br\/blog\/restaurantes-da-regiao-de-campinas-estao-otimistas-com-o-dia-das-maes\/#primaryimage"},"thumbnailUrl":"https:\/\/comunicacaoestrategicacps.com.br\/blog\/wp-content\/uploads\/2022\/05\/belliniespa\u00e7o.jpg","datePublished":"2023-05-08T14:59:40+00:00","dateModified":"2023-05-08T14:59:41+00:00","author":{"@id":"https:\/\/comunicacaoestrategicacps.com.br\/blog\/#\/schema\/person\/8d447568a01edd36a56dbbcb702b02fc"},"breadcrumb":{"@id":"https:\/\/comunicacaoestrategicacps.com.br\/blog\/restaurantes-da-regiao-de-campinas-estao-otimistas-com-o-dia-das-maes\/#breadcrumb"},"inLanguage":"pt-BR","potentialAction":[{"@type":"ReadAction","target":["https:\/\/comunicacaoestrategicacps.com.br\/blog\/restaurantes-da-regiao-de-campinas-estao-otimistas-com-o-dia-das-maes\/"]}]},{"@type":"ImageObject","inLanguage":"pt-BR","@id":"https:\/\/comunicacaoestrategicacps.com.br\/blog\/restaurantes-da-regiao-de-campinas-estao-otimistas-com-o-dia-das-maes\/#primaryimage","url":"https:\/\/comunicacaoestrategicacps.com.br\/blog\/wp-content\/uploads\/2022\/05\/belliniespa\u00e7o.jpg","contentUrl":"https:\/\/comunicacaoestrategicacps.com.br\/blog\/wp-content\/uploads\/2022\/05\/belliniespa\u00e7o.jpg","width":1280,"height":853},{"@type":"BreadcrumbList","@id":"https:\/\/comunicacaoestrategicacps.com.br\/blog\/restaurantes-da-regiao-de-campinas-estao-otimistas-com-o-dia-das-maes\/#breadcrumb","itemListElement":[{"@type":"ListItem","position":1,"name":"In\u00edcio","item":"https:\/\/comunicacaoestrategicacps.com.br\/blog\/"},{"@type":"ListItem","position":2,"name":"Restaurantes da Regi\u00e3o de Campinas est\u00e3o otimistas com o Dia das M\u00e3es"}]},{"@type":"WebSite","@id":"https:\/\/comunicacaoestrategicacps.com.br\/blog\/#website","url":"https:\/\/comunicacaoestrategicacps.com.br\/blog\/","name":"Comunica\u00e7\u00e3o Estrat\u00e9gica","description":"Comunica\u00e7\u00e3o Estrat\u00e9gica  - Assessoria de Imprensa","potentialAction":[{"@type":"SearchAction","target":{"@type":"EntryPoint","urlTemplate":"https:\/\/comunicacaoestrategicacps.com.br\/blog\/?s={search_term_string}"},"query-input":{"@type":"PropertyValueSpecification","valueRequired":true,"valueName":"search_term_string"}}],"inLanguage":"pt-BR"},{"@type":"Person","@id":"https:\/\/comunicacaoestrategicacps.com.br\/blog\/#\/schema\/person\/8d447568a01edd36a56dbbcb702b02fc","name":"admin","image":{"@type":"ImageObject","inLanguage":"pt-BR","@id":"https:\/\/secure.gravatar.com\/avatar\/2cc026ea89b57b9d913d4ce5b90a0490046c0c9048a129e24cc44313a90d3f77?s=96&d=mm&r=g","url":"https:\/\/secure.gravatar.com\/avatar\/2cc026ea89b57b9d913d4ce5b90a0490046c0c9048a129e24cc44313a90d3f77?s=96&d=mm&r=g","contentUrl":"https:\/\/secure.gravatar.com\/avatar\/2cc026ea89b57b9d913d4ce5b90a0490046c0c9048a129e24cc44313a90d3f77?s=96&d=mm&r=g","caption":"admin"},"url":"https:\/\/comunicacaoestrategicacps.com.br\/blog\/author\/admin\/"}]}},"builder_content":"","_links":{"self":[{"href":"https:\/\/comunicacaoestrategicacps.com.br\/blog\/wp-json\/wp\/v2\/posts\/2003","targetHints":{"allow":["GET"]}}],"collection":[{"href":"https:\/\/comunicacaoestrategicacps.com.br\/blog\/wp-json\/wp\/v2\/posts"}],"about":[{"href":"https:\/\/comunicacaoestrategicacps.com.br\/blog\/wp-json\/wp\/v2\/types\/post"}],"author":[{"embeddable":true,"href":"https:\/\/comunicacaoestrategicacps.com.br\/blog\/wp-json\/wp\/v2\/users\/1"}],"replies":[{"embeddable":true,"href":"https:\/\/comunicacaoestrategicacps.com.br\/blog\/wp-json\/wp\/v2\/comments?post=2003"}],"version-history":[{"count":1,"href":"https:\/\/comunicacaoestrategicacps.com.br\/blog\/wp-json\/wp\/v2\/posts\/2003\/revisions"}],"predecessor-version":[{"id":2005,"href":"https:\/\/comunicacaoestrategicacps.com.br\/blog\/wp-json\/wp\/v2\/posts\/2003\/revisions\/2005"}],"wp:featuredmedia":[{"embeddable":true,"href":"https:\/\/comunicacaoestrategicacps.com.br\/blog\/wp-json\/wp\/v2\/media\/1391"}],"wp:attachment":[{"href":"https:\/\/comunicacaoestrategicacps.com.br\/blog\/wp-json\/wp\/v2\/media?parent=2003"}],"wp:term":[{"taxonomy":"category","embeddable":true,"href":"https:\/\/comunicacaoestrategicacps.com.br\/blog\/wp-json\/wp\/v2\/categories?post=2003"},{"taxonomy":"post_tag","embeddable":true,"href":"https:\/\/comunicacaoestrategicacps.com.br\/blog\/wp-json\/wp\/v2\/tags?post=2003"}],"curies":[{"name":"wp","href":"https:\/\/api.w.org\/{rel}","templated":true}]}}