{"id":2014,"date":"2023-05-12T10:27:29","date_gmt":"2023-05-12T13:27:29","guid":{"rendered":"https:\/\/comunicacaoestrategicacps.com.br\/blog\/?p=2014"},"modified":"2023-05-12T10:27:29","modified_gmt":"2023-05-12T13:27:29","slug":"amcham-apresenta-na-camara-dos-deputados-documento-que-prioriza-reforma-tributaria-e-agenda-ambiental","status":"publish","type":"post","link":"https:\/\/comunicacaoestrategicacps.com.br\/blog\/amcham-apresenta-na-camara-dos-deputados-documento-que-prioriza-reforma-tributaria-e-agenda-ambiental\/","title":{"rendered":"Amcham apresenta na C\u00e2mara dos Deputados documento que prioriza reforma tribut\u00e1ria e agenda ambiental"},"content":{"rendered":"<!--themify_builder_content-->\n<div id=\"themify_builder_content-2014\" data-postid=\"2014\" class=\"themify_builder_content themify_builder_content-2014 themify_builder tf_clear\">\n    <\/div>\n<!--\/themify_builder_content-->\n\n\n<figure class=\"wp-block-gallery has-nested-images columns-default is-cropped wp-block-gallery-1 is-layout-flex wp-block-gallery-is-layout-flex\">\n<figure class=\"wp-block-image size-large\"><img loading=\"lazy\" decoding=\"async\" width=\"800\" height=\"401\" data-id=\"2015\" src=\"https:\/\/comunicacaoestrategicacps.com.br\/blog\/wp-content\/uploads\/2023\/05\/amchamreforma.jpeg\" alt=\"\" class=\"wp-image-2015\" srcset=\"https:\/\/comunicacaoestrategicacps.com.br\/blog\/wp-content\/uploads\/2023\/05\/amchamreforma.jpeg 800w, https:\/\/comunicacaoestrategicacps.com.br\/blog\/wp-content\/uploads\/2023\/05\/amchamreforma-300x150.jpeg 300w, https:\/\/comunicacaoestrategicacps.com.br\/blog\/wp-content\/uploads\/2023\/05\/amchamreforma-768x385.jpeg 768w\" sizes=\"auto, (max-width: 800px) 100vw, 800px\" \/><\/figure>\n<\/figure>\n\n\n\n<p>Campinas, 05 de maio de 2023 &#8211; A reforma tribut\u00e1ria e projetos sobre sustentabilidade foram escolhidos pela Amcham Brasil como prioridades no Congresso Nacional para o ano de 2023. Essas medidas, entre outras nas \u00e1reas de melhoria de ambiente de neg\u00f3cios, com\u00e9rcio exterior e transforma\u00e7\u00e3o digital, constam do documento&nbsp;<strong>\u201cPrioridades Legislativas 2023<\/strong>\u201d, lan\u00e7ado pela Amcham, no Sal\u00e3o Nobre da C\u00e2mara dos Deputados, em Bras\u00edlia.<\/p>\n\n\n\n<p>\u201cEm cada in\u00edcio de legislatura, temos a oportunidade de avan\u00e7ar no debate democr\u00e1tico sobre como aprimorar os marcos normativos para o desenvolvimento econ\u00f4mico, social e sustent\u00e1vel do Brasil. Em consulta com as nossas empresas associadas, a Amcham identificou cerca de 20 mat\u00e9rias de car\u00e1ter horizontal em tramita\u00e7\u00e3o no Congresso, cuja aprova\u00e7\u00e3o contribuiria para um Pa\u00eds mais competitivo, sustent\u00e1vel, digital e globalizado\u201d,<strong>&nbsp;aponta Abr\u00e3o Neto, CEO da Amcham Brasil.<\/strong><\/p>\n\n\n\n<p>As propostas da Amcham seguem concentradas em quatros \u00e1reas: Ambiente de Neg\u00f3cios, Com\u00e9rcio Exterior, Sustentabilidade e Transforma\u00e7\u00e3o Digital.<\/p>\n\n\n\n<p>Al\u00e9m da aprova\u00e7\u00e3o de uma&nbsp;<strong>reforma tribut\u00e1ria ampla sobre o consumo<\/strong>, que representaria a iniciativa de maior impacto para a eleva\u00e7\u00e3o da produtividade da economia brasileira, a moderniza\u00e7\u00e3o da&nbsp;<strong>legisla\u00e7\u00e3o sobre pre\u00e7os de transfer\u00eancia<\/strong>&nbsp;(MPV 1.152\/2022) e de tributa\u00e7\u00e3o das multinacionais ganha destaque como proposta para a<strong>&nbsp;melhoria do ambiente de neg\u00f3cios<\/strong>.<\/p>\n\n\n\n<p>Na<strong>&nbsp;agenda verde<\/strong>, a Amcham ressalta a import\u00e2ncia de projetos para aprimorar as a\u00e7\u00f5es de conserva\u00e7\u00e3o ambiental e de efici\u00eancia energ\u00e9tica no Brasil, em particular por meio da cria\u00e7\u00e3o de um mercado carbono, do desenvolvimento da bioeconomia e da economia circular, bem como do impulso \u00e0 explora\u00e7\u00e3o de energia e\u00f3lica offshore.<\/p>\n\n\n\n<p>Na \u00e1rea de<strong>&nbsp;com\u00e9rcio exterior,<\/strong>&nbsp;a amplia\u00e7\u00e3o da presen\u00e7a do Brasil em terceiros mercados passa pela aprova\u00e7\u00e3o e implementa\u00e7\u00e3o de acordos internacionais j\u00e1 negociados, como os acordos de compras governamentais e facilita\u00e7\u00e3o de com\u00e9rcio do Mercosul, bem como por aperfei\u00e7oamentos na sistem\u00e1tica atual de desonera\u00e7\u00e3o tribut\u00e1ria das exporta\u00e7\u00f5es.<\/p>\n\n\n\n<p>J\u00e1 no eixo de<strong>&nbsp;transforma\u00e7\u00e3o digital<\/strong>, h\u00e1 importantes ganhos potenciais de produtividade a serem promovidos por projetos sobre forma\u00e7\u00e3o de m\u00e3o de obra profissional na \u00e1rea de tecnologia e sobre regula\u00e7\u00e3o da intelig\u00eancia artificial.<\/p>\n\n\n\n<p>Vis\u00e3o dos parlamentares<\/p>\n\n\n\n<p>A cerim\u00f4nia de lan\u00e7amento das \u201cPrioridades Legislativas 2023\u201d reuniu mais de 70 parlamentares e executivos de grandes empresas de diversos segmentos. O encontro foi conduzido pelo CEO da Amcham com&nbsp;<strong>a presen\u00e7a do vice-presidente da C\u00e2mara dos Deputados, o deputado Dep. Marcos Pereira.<\/strong><\/p>\n\n\n\n<p>O parlamentar, que j\u00e1 foi ministro da Ind\u00fastria, Com\u00e9rcio Exterior e Servi\u00e7os, reconheceu a import\u00e2ncia das propostas. \u201cUma das maiores virtudes dessa agenda \u00e9 a sua objetividade. Ela elenca poucos projetos de grande impacto transversal e destaca aqueles que devem ser aprovados com prioridade, divididos em quatro eixos \u2013 ambiente de neg\u00f3cios, sustentabilidade ambiental, com\u00e9rcio internacional e transforma\u00e7\u00e3o digital\u201d, afirmou na abertura do encontro.<\/p>\n\n\n\n<p>Ressaltou tamb\u00e9m a import\u00e2ncia da aprova\u00e7\u00e3o da Reforma Tribut\u00e1ria em 2023.<\/p>\n\n\n\n<p>\u201cTodos concordamos que a complexidade do nosso atual sistema tribut\u00e1rio \u00e9 um dos principais entraves para o empreendedorismo, e sua simplifica\u00e7\u00e3o constitui pauta de enorme urg\u00eancia e import\u00e2ncia\u201d, comentou. Ao final do encontro, para a imprensa, afirmou que<a href=\"https:\/\/www.metropoles.com\/brasil\/politica-brasil\/lira-quer-reforma-tributaria-antes-do-recesso-de-julho-diz-vice-da-camara\">&nbsp;a aprova\u00e7\u00e3o da reforma deve acontecer antes do recesso de julho<\/a>, segundo a ordem de prioridades do presidente da C\u00e2mara, Arthur Lira.<\/p>\n\n\n\n<p>Presente tamb\u00e9m no encontro, o coordenador do Grupo de Trabalho de Reforma Tribut\u00e1ria da C\u00e2mara dos Deputados,&nbsp;<strong>Dep. Reginaldo Lopes<\/strong>, destacou que a aprova\u00e7\u00e3o \u00e9 o tema de maior import\u00e2ncia para a economia brasileira neste ano. \u201cA mudan\u00e7a no imposto sobre o consumo dos impostos indiretos \u00e9 o grande passo para a gente mudar o Brasil, para gerar mais oportunidades, gerar mais empregos, aumentar a renda per capita do povo brasileiro, fazer o Brasil ser cada vez mais competitivo, ou seja, eliminando esse custo tribut\u00e1rio, que hoje, talvez, do custo do Brasil, 80 % concentra -se na quest\u00e3o do custo tribut\u00e1rio.\u201d<\/p>\n\n\n\n<p>O&nbsp;<strong>deputado Vitor Lippi<\/strong>&nbsp;concordou sobre a relev\u00e2ncia do tema para a retomada econ\u00f4mica. \u201cN\u00f3s temos o pior sistema tribut\u00e1rio do mundo, o 184\u00ba pior sistema tribut\u00e1rio, e todo mundo diz, as empresas que v\u00eam de fora, que \u00e9 imposs\u00edvel as empresas conseguirem superar esse manic\u00f4mio tribut\u00e1rio que \u00e9 o nosso sistema tribut\u00e1rio. Ent\u00e3o essa \u00e9 a prioridade n\u00famero um do parlamento\u201d.<\/p>\n\n\n\n<p>O presidente da Frente de Com\u00e9rcio Exterior e Investimentos,<strong>&nbsp;Dep. Josias Mario da Vitoria<\/strong>, falou sobre projetos aprovados recentemente que beneficiam a atratividade internacional do Brasil, citando a MP 1152 de pre\u00e7o de transfer\u00eancia. \u201cEu entendo que o Congresso \u00e9 o foro competente para que n\u00f3s possamos a\u00ed trazer a seguran\u00e7a jur\u00eddica para que a rela\u00e7\u00e3o do nosso pa\u00eds com o exterior possa ter cada vez mais uma atratividade\u201d, comentou<\/p>\n\n\n\n<p>J\u00e1 o Presidente da Frente Brasil Competitivo<strong>, Dep. Arnaldo Jardim<\/strong>, ressaltou a import\u00e2ncia do documento como guia estrat\u00e9gico para autoridades, em especial, os parlamentares. \u201cA Amcham nos ofereceu um verdadeiro Plano de Voo pra Sustentabilidade das estrat\u00e9gias e prioridades do Congresso Nacional em 2023\u201d.<\/p>\n\n\n\n<p>Vis\u00e3o empresarial<\/p>\n\n\n\n<p>Do lado empresarial, participaram do lan\u00e7amento do documento lideran\u00e7as de empresas como Microsoft, Google, Embraer, Amazon, Suzano, Dell, Gerdau, Samsung, Alcoa, Louis Dreyfus, Vale, Bayer, Telef\u00f4nica, Uber, Prudential, DHL, Kyndril, Cielo, Expedia, entre outras.<\/p>\n\n\n\n<p>O conselheiro da BMJ Consultores Associados, Welber Barral, falou sobre o cen\u00e1rio internacional e em como o documento da Amcham pode contribuir. \u201cN\u00f3s vamos passar, pelos pr\u00f3ximos anos, por um cen\u00e1rio desafiador onde haver\u00e1 uma lenta recupera\u00e7\u00e3o econ\u00f4mica, provavelmente com o crescimento da \u00c1sia e recess\u00e3o em alguns pa\u00edses. Isso vai levar a eventos internacionais que n\u00e3o controlamos\u201d.<\/p>\n\n\n\n<p>Na avalia\u00e7\u00e3o de Barral, \u00e9 preciso pensar agora em estrat\u00e9gias que beneficiem o pa\u00eds e as empresas que aqui investem. \u201cTemos uma lista de temas nos quais o Brasil tem que ser protagonista, que s\u00e3o as oportunidades refletidas nessas prioridades\u201d, disse Barral, que j\u00e1 foi Secret\u00e1rio de Com\u00e9rcio Exterior do Brasil.<\/p>\n\n\n\n<p>O documento \u201c<strong>Prioridades Legislativas 2023<\/strong>\u201d da Amcham re\u00fane a vis\u00e3o multissetorial de 3.500 empresas brasileiras, que geram 3 milh\u00f5es de empregos diretos no pa\u00eds. A agenda aponta 22 mat\u00e9rias centrais com impacto positivo para o ambiente de neg\u00f3cios e, cuja aprova\u00e7\u00e3o neste ano, resultaria em ganhos econ\u00f4micos e sociais expressivos para a sociedade brasileira.<\/p>","protected":false},"excerpt":{"rendered":"<p>Campinas, 05 de maio de 2023 &#8211; A reforma tribut\u00e1ria e projetos sobre sustentabilidade foram escolhidos pela Amcham Brasil como prioridades no Congresso Nacional para o ano de 2023. Essas medidas, entre outras nas \u00e1reas de melhoria de ambiente de neg\u00f3cios, com\u00e9rcio exterior e transforma\u00e7\u00e3o digital, constam do documento&nbsp;\u201cPrioridades Legislativas 2023\u201d, lan\u00e7ado pela Amcham, no [&hellip;]<\/p>\n","protected":false},"author":1,"featured_media":2015,"comment_status":"open","ping_status":"open","sticky":true,"template":"","format":"standard","meta":{"footnotes":""},"categories":[43],"tags":[],"class_list":["post-2014","post","type-post","status-publish","format-standard","has-post-thumbnail","hentry","category-negocios-e-economia","has-post-title","has-post-date","has-post-category","has-post-tag","has-post-comment","has-post-author",""],"yoast_head":"<!-- This site is optimized with the Yoast SEO plugin v27.4 - https:\/\/yoast.com\/product\/yoast-seo-wordpress\/ -->\n<title>Amcham apresenta na C\u00e2mara dos Deputados documento que prioriza reforma tribut\u00e1ria e agenda ambiental - Comunica\u00e7\u00e3o Estrat\u00e9gica<\/title>\n<meta name=\"robots\" content=\"index, follow, max-snippet:-1, max-image-preview:large, max-video-preview:-1\" \/>\n<link rel=\"canonical\" href=\"https:\/\/comunicacaoestrategicacps.com.br\/blog\/amcham-apresenta-na-camara-dos-deputados-documento-que-prioriza-reforma-tributaria-e-agenda-ambiental\/\" \/>\n<meta property=\"og:locale\" content=\"pt_BR\" \/>\n<meta property=\"og:type\" content=\"article\" \/>\n<meta property=\"og:title\" content=\"Amcham apresenta na C\u00e2mara dos Deputados documento que prioriza reforma tribut\u00e1ria e agenda ambiental - Comunica\u00e7\u00e3o Estrat\u00e9gica\" \/>\n<meta property=\"og:description\" content=\"Campinas, 05 de maio de 2023 &#8211; A reforma tribut\u00e1ria e projetos sobre sustentabilidade foram escolhidos pela Amcham Brasil como prioridades no Congresso Nacional para o ano de 2023. Essas medidas, entre outras nas \u00e1reas de melhoria de ambiente de neg\u00f3cios, com\u00e9rcio exterior e transforma\u00e7\u00e3o digital, constam do documento&nbsp;\u201cPrioridades Legislativas 2023\u201d, lan\u00e7ado pela Amcham, no [&hellip;]\" \/>\n<meta property=\"og:url\" content=\"https:\/\/comunicacaoestrategicacps.com.br\/blog\/amcham-apresenta-na-camara-dos-deputados-documento-que-prioriza-reforma-tributaria-e-agenda-ambiental\/\" \/>\n<meta property=\"og:site_name\" content=\"Comunica\u00e7\u00e3o Estrat\u00e9gica\" \/>\n<meta property=\"article:published_time\" content=\"2023-05-12T13:27:29+00:00\" \/>\n<meta property=\"og:image\" content=\"https:\/\/comunicacaoestrategicacps.com.br\/blog\/wp-content\/uploads\/2023\/05\/amchamreforma.jpeg\" \/>\n\t<meta property=\"og:image:width\" content=\"800\" \/>\n\t<meta property=\"og:image:height\" content=\"401\" \/>\n\t<meta property=\"og:image:type\" content=\"image\/jpeg\" \/>\n<meta name=\"author\" content=\"admin\" \/>\n<meta name=\"twitter:card\" content=\"summary_large_image\" \/>\n<meta name=\"twitter:label1\" content=\"Escrito por\" \/>\n\t<meta name=\"twitter:data1\" content=\"admin\" \/>\n\t<meta name=\"twitter:label2\" content=\"Est. tempo de leitura\" \/>\n\t<meta name=\"twitter:data2\" content=\"6 minutos\" \/>\n<script type=\"application\/ld+json\" class=\"yoast-schema-graph\">{\"@context\":\"https:\\\/\\\/schema.org\",\"@graph\":[{\"@type\":\"Article\",\"@id\":\"https:\\\/\\\/comunicacaoestrategicacps.com.br\\\/blog\\\/amcham-apresenta-na-camara-dos-deputados-documento-que-prioriza-reforma-tributaria-e-agenda-ambiental\\\/#article\",\"isPartOf\":{\"@id\":\"https:\\\/\\\/comunicacaoestrategicacps.com.br\\\/blog\\\/amcham-apresenta-na-camara-dos-deputados-documento-que-prioriza-reforma-tributaria-e-agenda-ambiental\\\/\"},\"author\":{\"name\":\"admin\",\"@id\":\"https:\\\/\\\/comunicacaoestrategicacps.com.br\\\/blog\\\/#\\\/schema\\\/person\\\/8d447568a01edd36a56dbbcb702b02fc\"},\"headline\":\"Amcham apresenta na C\u00e2mara dos Deputados documento que prioriza reforma tribut\u00e1ria e agenda ambiental\",\"datePublished\":\"2023-05-12T13:27:29+00:00\",\"mainEntityOfPage\":{\"@id\":\"https:\\\/\\\/comunicacaoestrategicacps.com.br\\\/blog\\\/amcham-apresenta-na-camara-dos-deputados-documento-que-prioriza-reforma-tributaria-e-agenda-ambiental\\\/\"},\"wordCount\":1134,\"commentCount\":0,\"image\":{\"@id\":\"https:\\\/\\\/comunicacaoestrategicacps.com.br\\\/blog\\\/amcham-apresenta-na-camara-dos-deputados-documento-que-prioriza-reforma-tributaria-e-agenda-ambiental\\\/#primaryimage\"},\"thumbnailUrl\":\"https:\\\/\\\/comunicacaoestrategicacps.com.br\\\/blog\\\/wp-content\\\/uploads\\\/2023\\\/05\\\/amchamreforma.jpeg\",\"articleSection\":[\"Neg\u00f3cios e Economia\"],\"inLanguage\":\"pt-BR\",\"potentialAction\":[{\"@type\":\"CommentAction\",\"name\":\"Comment\",\"target\":[\"https:\\\/\\\/comunicacaoestrategicacps.com.br\\\/blog\\\/amcham-apresenta-na-camara-dos-deputados-documento-que-prioriza-reforma-tributaria-e-agenda-ambiental\\\/#respond\"]}]},{\"@type\":\"WebPage\",\"@id\":\"https:\\\/\\\/comunicacaoestrategicacps.com.br\\\/blog\\\/amcham-apresenta-na-camara-dos-deputados-documento-que-prioriza-reforma-tributaria-e-agenda-ambiental\\\/\",\"url\":\"https:\\\/\\\/comunicacaoestrategicacps.com.br\\\/blog\\\/amcham-apresenta-na-camara-dos-deputados-documento-que-prioriza-reforma-tributaria-e-agenda-ambiental\\\/\",\"name\":\"Amcham apresenta na C\u00e2mara dos Deputados documento que prioriza reforma tribut\u00e1ria e agenda ambiental - Comunica\u00e7\u00e3o Estrat\u00e9gica\",\"isPartOf\":{\"@id\":\"https:\\\/\\\/comunicacaoestrategicacps.com.br\\\/blog\\\/#website\"},\"primaryImageOfPage\":{\"@id\":\"https:\\\/\\\/comunicacaoestrategicacps.com.br\\\/blog\\\/amcham-apresenta-na-camara-dos-deputados-documento-que-prioriza-reforma-tributaria-e-agenda-ambiental\\\/#primaryimage\"},\"image\":{\"@id\":\"https:\\\/\\\/comunicacaoestrategicacps.com.br\\\/blog\\\/amcham-apresenta-na-camara-dos-deputados-documento-que-prioriza-reforma-tributaria-e-agenda-ambiental\\\/#primaryimage\"},\"thumbnailUrl\":\"https:\\\/\\\/comunicacaoestrategicacps.com.br\\\/blog\\\/wp-content\\\/uploads\\\/2023\\\/05\\\/amchamreforma.jpeg\",\"datePublished\":\"2023-05-12T13:27:29+00:00\",\"author\":{\"@id\":\"https:\\\/\\\/comunicacaoestrategicacps.com.br\\\/blog\\\/#\\\/schema\\\/person\\\/8d447568a01edd36a56dbbcb702b02fc\"},\"breadcrumb\":{\"@id\":\"https:\\\/\\\/comunicacaoestrategicacps.com.br\\\/blog\\\/amcham-apresenta-na-camara-dos-deputados-documento-que-prioriza-reforma-tributaria-e-agenda-ambiental\\\/#breadcrumb\"},\"inLanguage\":\"pt-BR\",\"potentialAction\":[{\"@type\":\"ReadAction\",\"target\":[\"https:\\\/\\\/comunicacaoestrategicacps.com.br\\\/blog\\\/amcham-apresenta-na-camara-dos-deputados-documento-que-prioriza-reforma-tributaria-e-agenda-ambiental\\\/\"]}]},{\"@type\":\"ImageObject\",\"inLanguage\":\"pt-BR\",\"@id\":\"https:\\\/\\\/comunicacaoestrategicacps.com.br\\\/blog\\\/amcham-apresenta-na-camara-dos-deputados-documento-que-prioriza-reforma-tributaria-e-agenda-ambiental\\\/#primaryimage\",\"url\":\"https:\\\/\\\/comunicacaoestrategicacps.com.br\\\/blog\\\/wp-content\\\/uploads\\\/2023\\\/05\\\/amchamreforma.jpeg\",\"contentUrl\":\"https:\\\/\\\/comunicacaoestrategicacps.com.br\\\/blog\\\/wp-content\\\/uploads\\\/2023\\\/05\\\/amchamreforma.jpeg\",\"width\":800,\"height\":401},{\"@type\":\"BreadcrumbList\",\"@id\":\"https:\\\/\\\/comunicacaoestrategicacps.com.br\\\/blog\\\/amcham-apresenta-na-camara-dos-deputados-documento-que-prioriza-reforma-tributaria-e-agenda-ambiental\\\/#breadcrumb\",\"itemListElement\":[{\"@type\":\"ListItem\",\"position\":1,\"name\":\"In\u00edcio\",\"item\":\"https:\\\/\\\/comunicacaoestrategicacps.com.br\\\/blog\\\/\"},{\"@type\":\"ListItem\",\"position\":2,\"name\":\"Amcham apresenta na C\u00e2mara dos Deputados documento que prioriza reforma tribut\u00e1ria e agenda ambiental\"}]},{\"@type\":\"WebSite\",\"@id\":\"https:\\\/\\\/comunicacaoestrategicacps.com.br\\\/blog\\\/#website\",\"url\":\"https:\\\/\\\/comunicacaoestrategicacps.com.br\\\/blog\\\/\",\"name\":\"Comunica\u00e7\u00e3o Estrat\u00e9gica\",\"description\":\"Comunica\u00e7\u00e3o Estrat\u00e9gica  - Assessoria de Imprensa\",\"potentialAction\":[{\"@type\":\"SearchAction\",\"target\":{\"@type\":\"EntryPoint\",\"urlTemplate\":\"https:\\\/\\\/comunicacaoestrategicacps.com.br\\\/blog\\\/?s={search_term_string}\"},\"query-input\":{\"@type\":\"PropertyValueSpecification\",\"valueRequired\":true,\"valueName\":\"search_term_string\"}}],\"inLanguage\":\"pt-BR\"},{\"@type\":\"Person\",\"@id\":\"https:\\\/\\\/comunicacaoestrategicacps.com.br\\\/blog\\\/#\\\/schema\\\/person\\\/8d447568a01edd36a56dbbcb702b02fc\",\"name\":\"admin\",\"image\":{\"@type\":\"ImageObject\",\"inLanguage\":\"pt-BR\",\"@id\":\"https:\\\/\\\/secure.gravatar.com\\\/avatar\\\/2cc026ea89b57b9d913d4ce5b90a0490046c0c9048a129e24cc44313a90d3f77?s=96&d=mm&r=g\",\"url\":\"https:\\\/\\\/secure.gravatar.com\\\/avatar\\\/2cc026ea89b57b9d913d4ce5b90a0490046c0c9048a129e24cc44313a90d3f77?s=96&d=mm&r=g\",\"contentUrl\":\"https:\\\/\\\/secure.gravatar.com\\\/avatar\\\/2cc026ea89b57b9d913d4ce5b90a0490046c0c9048a129e24cc44313a90d3f77?s=96&d=mm&r=g\",\"caption\":\"admin\"},\"url\":\"https:\\\/\\\/comunicacaoestrategicacps.com.br\\\/blog\\\/author\\\/admin\\\/\"}]}<\/script>\n<!-- \/ Yoast SEO plugin. -->","yoast_head_json":{"title":"Amcham apresenta na C\u00e2mara dos Deputados documento que prioriza reforma tribut\u00e1ria e agenda ambiental - Comunica\u00e7\u00e3o Estrat\u00e9gica","robots":{"index":"index","follow":"follow","max-snippet":"max-snippet:-1","max-image-preview":"max-image-preview:large","max-video-preview":"max-video-preview:-1"},"canonical":"https:\/\/comunicacaoestrategicacps.com.br\/blog\/amcham-apresenta-na-camara-dos-deputados-documento-que-prioriza-reforma-tributaria-e-agenda-ambiental\/","og_locale":"pt_BR","og_type":"article","og_title":"Amcham apresenta na C\u00e2mara dos Deputados documento que prioriza reforma tribut\u00e1ria e agenda ambiental - Comunica\u00e7\u00e3o Estrat\u00e9gica","og_description":"Campinas, 05 de maio de 2023 &#8211; A reforma tribut\u00e1ria e projetos sobre sustentabilidade foram escolhidos pela Amcham Brasil como prioridades no Congresso Nacional para o ano de 2023. Essas medidas, entre outras nas \u00e1reas de melhoria de ambiente de neg\u00f3cios, com\u00e9rcio exterior e transforma\u00e7\u00e3o digital, constam do documento&nbsp;\u201cPrioridades Legislativas 2023\u201d, lan\u00e7ado pela Amcham, no [&hellip;]","og_url":"https:\/\/comunicacaoestrategicacps.com.br\/blog\/amcham-apresenta-na-camara-dos-deputados-documento-que-prioriza-reforma-tributaria-e-agenda-ambiental\/","og_site_name":"Comunica\u00e7\u00e3o Estrat\u00e9gica","article_published_time":"2023-05-12T13:27:29+00:00","og_image":[{"width":800,"height":401,"url":"https:\/\/comunicacaoestrategicacps.com.br\/blog\/wp-content\/uploads\/2023\/05\/amchamreforma.jpeg","type":"image\/jpeg"}],"author":"admin","twitter_card":"summary_large_image","twitter_misc":{"Escrito por":"admin","Est. tempo de leitura":"6 minutos"},"schema":{"@context":"https:\/\/schema.org","@graph":[{"@type":"Article","@id":"https:\/\/comunicacaoestrategicacps.com.br\/blog\/amcham-apresenta-na-camara-dos-deputados-documento-que-prioriza-reforma-tributaria-e-agenda-ambiental\/#article","isPartOf":{"@id":"https:\/\/comunicacaoestrategicacps.com.br\/blog\/amcham-apresenta-na-camara-dos-deputados-documento-que-prioriza-reforma-tributaria-e-agenda-ambiental\/"},"author":{"name":"admin","@id":"https:\/\/comunicacaoestrategicacps.com.br\/blog\/#\/schema\/person\/8d447568a01edd36a56dbbcb702b02fc"},"headline":"Amcham apresenta na C\u00e2mara dos Deputados documento que prioriza reforma tribut\u00e1ria e agenda ambiental","datePublished":"2023-05-12T13:27:29+00:00","mainEntityOfPage":{"@id":"https:\/\/comunicacaoestrategicacps.com.br\/blog\/amcham-apresenta-na-camara-dos-deputados-documento-que-prioriza-reforma-tributaria-e-agenda-ambiental\/"},"wordCount":1134,"commentCount":0,"image":{"@id":"https:\/\/comunicacaoestrategicacps.com.br\/blog\/amcham-apresenta-na-camara-dos-deputados-documento-que-prioriza-reforma-tributaria-e-agenda-ambiental\/#primaryimage"},"thumbnailUrl":"https:\/\/comunicacaoestrategicacps.com.br\/blog\/wp-content\/uploads\/2023\/05\/amchamreforma.jpeg","articleSection":["Neg\u00f3cios e Economia"],"inLanguage":"pt-BR","potentialAction":[{"@type":"CommentAction","name":"Comment","target":["https:\/\/comunicacaoestrategicacps.com.br\/blog\/amcham-apresenta-na-camara-dos-deputados-documento-que-prioriza-reforma-tributaria-e-agenda-ambiental\/#respond"]}]},{"@type":"WebPage","@id":"https:\/\/comunicacaoestrategicacps.com.br\/blog\/amcham-apresenta-na-camara-dos-deputados-documento-que-prioriza-reforma-tributaria-e-agenda-ambiental\/","url":"https:\/\/comunicacaoestrategicacps.com.br\/blog\/amcham-apresenta-na-camara-dos-deputados-documento-que-prioriza-reforma-tributaria-e-agenda-ambiental\/","name":"Amcham apresenta na C\u00e2mara dos Deputados documento que prioriza reforma tribut\u00e1ria e agenda ambiental - Comunica\u00e7\u00e3o Estrat\u00e9gica","isPartOf":{"@id":"https:\/\/comunicacaoestrategicacps.com.br\/blog\/#website"},"primaryImageOfPage":{"@id":"https:\/\/comunicacaoestrategicacps.com.br\/blog\/amcham-apresenta-na-camara-dos-deputados-documento-que-prioriza-reforma-tributaria-e-agenda-ambiental\/#primaryimage"},"image":{"@id":"https:\/\/comunicacaoestrategicacps.com.br\/blog\/amcham-apresenta-na-camara-dos-deputados-documento-que-prioriza-reforma-tributaria-e-agenda-ambiental\/#primaryimage"},"thumbnailUrl":"https:\/\/comunicacaoestrategicacps.com.br\/blog\/wp-content\/uploads\/2023\/05\/amchamreforma.jpeg","datePublished":"2023-05-12T13:27:29+00:00","author":{"@id":"https:\/\/comunicacaoestrategicacps.com.br\/blog\/#\/schema\/person\/8d447568a01edd36a56dbbcb702b02fc"},"breadcrumb":{"@id":"https:\/\/comunicacaoestrategicacps.com.br\/blog\/amcham-apresenta-na-camara-dos-deputados-documento-que-prioriza-reforma-tributaria-e-agenda-ambiental\/#breadcrumb"},"inLanguage":"pt-BR","potentialAction":[{"@type":"ReadAction","target":["https:\/\/comunicacaoestrategicacps.com.br\/blog\/amcham-apresenta-na-camara-dos-deputados-documento-que-prioriza-reforma-tributaria-e-agenda-ambiental\/"]}]},{"@type":"ImageObject","inLanguage":"pt-BR","@id":"https:\/\/comunicacaoestrategicacps.com.br\/blog\/amcham-apresenta-na-camara-dos-deputados-documento-que-prioriza-reforma-tributaria-e-agenda-ambiental\/#primaryimage","url":"https:\/\/comunicacaoestrategicacps.com.br\/blog\/wp-content\/uploads\/2023\/05\/amchamreforma.jpeg","contentUrl":"https:\/\/comunicacaoestrategicacps.com.br\/blog\/wp-content\/uploads\/2023\/05\/amchamreforma.jpeg","width":800,"height":401},{"@type":"BreadcrumbList","@id":"https:\/\/comunicacaoestrategicacps.com.br\/blog\/amcham-apresenta-na-camara-dos-deputados-documento-que-prioriza-reforma-tributaria-e-agenda-ambiental\/#breadcrumb","itemListElement":[{"@type":"ListItem","position":1,"name":"In\u00edcio","item":"https:\/\/comunicacaoestrategicacps.com.br\/blog\/"},{"@type":"ListItem","position":2,"name":"Amcham apresenta na C\u00e2mara dos Deputados documento que prioriza reforma tribut\u00e1ria e agenda ambiental"}]},{"@type":"WebSite","@id":"https:\/\/comunicacaoestrategicacps.com.br\/blog\/#website","url":"https:\/\/comunicacaoestrategicacps.com.br\/blog\/","name":"Comunica\u00e7\u00e3o Estrat\u00e9gica","description":"Comunica\u00e7\u00e3o Estrat\u00e9gica  - Assessoria de Imprensa","potentialAction":[{"@type":"SearchAction","target":{"@type":"EntryPoint","urlTemplate":"https:\/\/comunicacaoestrategicacps.com.br\/blog\/?s={search_term_string}"},"query-input":{"@type":"PropertyValueSpecification","valueRequired":true,"valueName":"search_term_string"}}],"inLanguage":"pt-BR"},{"@type":"Person","@id":"https:\/\/comunicacaoestrategicacps.com.br\/blog\/#\/schema\/person\/8d447568a01edd36a56dbbcb702b02fc","name":"admin","image":{"@type":"ImageObject","inLanguage":"pt-BR","@id":"https:\/\/secure.gravatar.com\/avatar\/2cc026ea89b57b9d913d4ce5b90a0490046c0c9048a129e24cc44313a90d3f77?s=96&d=mm&r=g","url":"https:\/\/secure.gravatar.com\/avatar\/2cc026ea89b57b9d913d4ce5b90a0490046c0c9048a129e24cc44313a90d3f77?s=96&d=mm&r=g","contentUrl":"https:\/\/secure.gravatar.com\/avatar\/2cc026ea89b57b9d913d4ce5b90a0490046c0c9048a129e24cc44313a90d3f77?s=96&d=mm&r=g","caption":"admin"},"url":"https:\/\/comunicacaoestrategicacps.com.br\/blog\/author\/admin\/"}]}},"builder_content":"","_links":{"self":[{"href":"https:\/\/comunicacaoestrategicacps.com.br\/blog\/wp-json\/wp\/v2\/posts\/2014","targetHints":{"allow":["GET"]}}],"collection":[{"href":"https:\/\/comunicacaoestrategicacps.com.br\/blog\/wp-json\/wp\/v2\/posts"}],"about":[{"href":"https:\/\/comunicacaoestrategicacps.com.br\/blog\/wp-json\/wp\/v2\/types\/post"}],"author":[{"embeddable":true,"href":"https:\/\/comunicacaoestrategicacps.com.br\/blog\/wp-json\/wp\/v2\/users\/1"}],"replies":[{"embeddable":true,"href":"https:\/\/comunicacaoestrategicacps.com.br\/blog\/wp-json\/wp\/v2\/comments?post=2014"}],"version-history":[{"count":1,"href":"https:\/\/comunicacaoestrategicacps.com.br\/blog\/wp-json\/wp\/v2\/posts\/2014\/revisions"}],"predecessor-version":[{"id":2016,"href":"https:\/\/comunicacaoestrategicacps.com.br\/blog\/wp-json\/wp\/v2\/posts\/2014\/revisions\/2016"}],"wp:featuredmedia":[{"embeddable":true,"href":"https:\/\/comunicacaoestrategicacps.com.br\/blog\/wp-json\/wp\/v2\/media\/2015"}],"wp:attachment":[{"href":"https:\/\/comunicacaoestrategicacps.com.br\/blog\/wp-json\/wp\/v2\/media?parent=2014"}],"wp:term":[{"taxonomy":"category","embeddable":true,"href":"https:\/\/comunicacaoestrategicacps.com.br\/blog\/wp-json\/wp\/v2\/categories?post=2014"},{"taxonomy":"post_tag","embeddable":true,"href":"https:\/\/comunicacaoestrategicacps.com.br\/blog\/wp-json\/wp\/v2\/tags?post=2014"}],"curies":[{"name":"wp","href":"https:\/\/api.w.org\/{rel}","templated":true}]}}