{"id":2017,"date":"2023-05-12T10:30:18","date_gmt":"2023-05-12T13:30:18","guid":{"rendered":"https:\/\/comunicacaoestrategicacps.com.br\/blog\/?p=2017"},"modified":"2023-05-12T10:30:18","modified_gmt":"2023-05-12T13:30:18","slug":"almocos-e-spa-opcoes-da-rede-vitoria-em-campinas-paulinia-e-indaiatuba-para-o-dia-das-maes","status":"publish","type":"post","link":"https:\/\/comunicacaoestrategicacps.com.br\/blog\/almocos-e-spa-opcoes-da-rede-vitoria-em-campinas-paulinia-e-indaiatuba-para-o-dia-das-maes\/","title":{"rendered":"Almo\u00e7os e Spa: op\u00e7\u00f5es da Rede Vit\u00f3ria em Campinas, Paul\u00ednia e Indaiatuba para o Dia das M\u00e3es"},"content":{"rendered":"<!--themify_builder_content-->\n<div id=\"themify_builder_content-2017\" data-postid=\"2017\" class=\"themify_builder_content themify_builder_content-2017 themify_builder tf_clear\">\n    <\/div>\n<!--\/themify_builder_content-->\n\n\n<figure class=\"wp-block-image size-large\"><img loading=\"lazy\" decoding=\"async\" width=\"1024\" height=\"682\" src=\"https:\/\/comunicacaoestrategicacps.com.br\/blog\/wp-content\/uploads\/2023\/05\/belliniespaco-1024x682.jpg\" alt=\"\" class=\"wp-image-2018\" srcset=\"https:\/\/comunicacaoestrategicacps.com.br\/blog\/wp-content\/uploads\/2023\/05\/belliniespaco-1024x682.jpg 1024w, https:\/\/comunicacaoestrategicacps.com.br\/blog\/wp-content\/uploads\/2023\/05\/belliniespaco-300x200.jpg 300w, https:\/\/comunicacaoestrategicacps.com.br\/blog\/wp-content\/uploads\/2023\/05\/belliniespaco-768x512.jpg 768w, https:\/\/comunicacaoestrategicacps.com.br\/blog\/wp-content\/uploads\/2023\/05\/belliniespaco.jpg 1280w\" sizes=\"auto, (max-width: 1024px) 100vw, 1024px\" \/><\/figure>\n\n\n\n<p><strong>Restaurantes esperam crescimento de 20% no pr\u00f3ximo domingo<\/strong><\/p>\n\n\n\n<p><strong>Campinas, 08 de maio de 2023<\/strong> &#8211; O Dia das M\u00e3es \u00e9 um dia especial para os restaurantes e representa a segunda data de maior movimento, quando as fam\u00edlias trocam a cozinha de casa pelas mesas decoradas e card\u00e1pio mais elaborados. Para este domingo, 14 de maio, os restaurantes Bellini e Kinda, de Campinas, Vitorino, em Paul\u00ednia, e Vick Piza e Cozinha, em Indaiatuba, pertencentes \u00e0 Rede Vit\u00f3ria Hot\u00e9is, elaboraram menus especiais para receber as fam\u00edlias.<\/p>\n\n\n\n<p>Para quem gosta de comidas da cozinha mediterr\u00e2nea, o Bellini Ristorante, com v\u00e1rios pr\u00eamios gastron\u00f4micos, \u00e9 uma op\u00e7\u00e3o para a data comemorativa. Localizado dentro do Vit\u00f3ria Hotel Concept, em Campinas, a casa disponibiliza\u00e7\u00e3o no dia 14, al\u00e9m de seu menu tradicional, op\u00e7\u00f5es de pratos que marcaram os 20 anos do estabelecimento. Como o Risoto d\u201daragosta, Filetto Farnesina e Cheescake.<\/p>\n\n\n\n<p>Para quem gosta de comidas orientais, a op\u00e7\u00e3o fica por conta do kindai, tamb\u00e9m situado no Vit\u00f3ria Hotel Conceopt, que al\u00e9m de seu card\u00e1pio normal disponibilizar\u00e1 no Dia das M\u00e3es um rod\u00edzio de comidas japonesas.<\/p>\n\n\n\n<p>O restaurante Vitorino, do Vit\u00f3ria Hotel Paul\u00ednia, tamb\u00e9m preparou um buffet especial para o Dia das M\u00e3es, com valor fechado, que ser\u00e1 servido das 12h \u00e0s 16h. O card\u00e1pio contar\u00e1 com sete op\u00e7\u00f5es de entrada, al\u00e9m de dois tipos de conservas, dois tipos de molhos, cesta de p\u00e3es da casa e t\u00e1bua de frios e queijos variados. O menu de pratos quentes ter\u00e1 oito op\u00e7\u00f5es, e mais tr\u00eas tipos de sobremesa para escolha do cliente. As crian\u00e7as com idade entre 6 a 12 anos pagar\u00e3o 50% do valor, enquanto que para crian\u00e7as at\u00e9 cinco anos ser\u00e1 cortesia.<\/p>\n\n\n\n<p>Enquanto a almo\u00e7am, as fam\u00edlias poder\u00e3o desfrutas de m\u00fasica ao vivo, e os pais ainda contam com espa\u00e7o kids com monitoria<\/p>\n\n\n\n<p>Para quem \u00e9 de Indaiatuba e cidades pr\u00f3ximas, a op\u00e7\u00e3o de almo\u00e7o para o domingo 14 \u00e9 o Vick Pizza e Cozinha. Aproveitando a chegada da temporada de temperaturas mais baixas, o restaurante vai oferecer no almo\u00e7o uma feijoada com buffet completo, que ser\u00e1 servido das 12h \u00e0s 15h.<\/p>\n\n\n\n<p>SA\u00daDE E BEM ESTAR<\/p>\n\n\n\n<p>E para os filhos que pretendem presentear as m\u00e3es com algo diferente, o Spa Serena, do Vit\u00f3ria Hotel Concept, ter\u00e1 op\u00e7\u00f5es especiais ao longo de toda a semana. S\u00e3o tr\u00eas op\u00e7\u00f5es, como esfolia\u00e7\u00e3o corporal, mais banho de ofur\u00f4 (banho cereja com avel\u00e3) e hidrata\u00e7\u00e3o corporal, com dura\u00e7\u00e3o de 60 minutos; sess\u00e3o relaxante, com dura\u00e7\u00e3o de 1h20; e sess\u00e3o de pernas e p\u00e9s, mais esfolia\u00e7\u00e3o dos p\u00e9s e escalda p\u00e9s, com 50 minutos. As reservas antecipadas podem ser feitas pelo telefone (19) 3755.8028.<\/p>","protected":false},"excerpt":{"rendered":"<p>Restaurantes esperam crescimento de 20% no pr\u00f3ximo domingo Campinas, 08 de maio de 2023 &#8211; O Dia das M\u00e3es \u00e9 um dia especial para os restaurantes e representa a segunda data de maior movimento, quando as fam\u00edlias trocam a cozinha de casa pelas mesas decoradas e card\u00e1pio mais elaborados. Para este domingo, 14 de maio, [&hellip;]<\/p>\n","protected":false},"author":1,"featured_media":2018,"comment_status":"open","ping_status":"open","sticky":true,"template":"","format":"standard","meta":{"footnotes":""},"categories":[43],"tags":[],"class_list":["post-2017","post","type-post","status-publish","format-standard","has-post-thumbnail","hentry","category-negocios-e-economia","has-post-title","has-post-date","has-post-category","has-post-tag","has-post-comment","has-post-author",""],"yoast_head":"<!-- This site is optimized with the Yoast SEO plugin v27.4 - https:\/\/yoast.com\/product\/yoast-seo-wordpress\/ -->\n<title>Almo\u00e7os e Spa: op\u00e7\u00f5es da Rede Vit\u00f3ria em Campinas, Paul\u00ednia e Indaiatuba para o Dia das M\u00e3es - Comunica\u00e7\u00e3o Estrat\u00e9gica<\/title>\n<meta name=\"robots\" content=\"index, follow, max-snippet:-1, max-image-preview:large, max-video-preview:-1\" \/>\n<link rel=\"canonical\" href=\"https:\/\/comunicacaoestrategicacps.com.br\/blog\/almocos-e-spa-opcoes-da-rede-vitoria-em-campinas-paulinia-e-indaiatuba-para-o-dia-das-maes\/\" \/>\n<meta property=\"og:locale\" content=\"pt_BR\" \/>\n<meta property=\"og:type\" content=\"article\" \/>\n<meta property=\"og:title\" content=\"Almo\u00e7os e Spa: op\u00e7\u00f5es da Rede Vit\u00f3ria em Campinas, Paul\u00ednia e Indaiatuba para o Dia das M\u00e3es - Comunica\u00e7\u00e3o Estrat\u00e9gica\" \/>\n<meta property=\"og:description\" content=\"Restaurantes esperam crescimento de 20% no pr\u00f3ximo domingo Campinas, 08 de maio de 2023 &#8211; O Dia das M\u00e3es \u00e9 um dia especial para os restaurantes e representa a segunda data de maior movimento, quando as fam\u00edlias trocam a cozinha de casa pelas mesas decoradas e card\u00e1pio mais elaborados. Para este domingo, 14 de maio, [&hellip;]\" \/>\n<meta property=\"og:url\" content=\"https:\/\/comunicacaoestrategicacps.com.br\/blog\/almocos-e-spa-opcoes-da-rede-vitoria-em-campinas-paulinia-e-indaiatuba-para-o-dia-das-maes\/\" \/>\n<meta property=\"og:site_name\" content=\"Comunica\u00e7\u00e3o Estrat\u00e9gica\" \/>\n<meta property=\"article:published_time\" content=\"2023-05-12T13:30:18+00:00\" \/>\n<meta property=\"og:image\" content=\"https:\/\/comunicacaoestrategicacps.com.br\/blog\/wp-content\/uploads\/2023\/05\/belliniespaco.jpg\" \/>\n\t<meta property=\"og:image:width\" content=\"1280\" \/>\n\t<meta property=\"og:image:height\" content=\"853\" \/>\n\t<meta property=\"og:image:type\" content=\"image\/jpeg\" \/>\n<meta name=\"author\" content=\"admin\" \/>\n<meta name=\"twitter:card\" content=\"summary_large_image\" \/>\n<meta name=\"twitter:label1\" content=\"Escrito por\" \/>\n\t<meta name=\"twitter:data1\" content=\"admin\" \/>\n\t<meta name=\"twitter:label2\" content=\"Est. tempo de leitura\" \/>\n\t<meta name=\"twitter:data2\" content=\"3 minutos\" \/>\n<script type=\"application\/ld+json\" class=\"yoast-schema-graph\">{\"@context\":\"https:\\\/\\\/schema.org\",\"@graph\":[{\"@type\":\"Article\",\"@id\":\"https:\\\/\\\/comunicacaoestrategicacps.com.br\\\/blog\\\/almocos-e-spa-opcoes-da-rede-vitoria-em-campinas-paulinia-e-indaiatuba-para-o-dia-das-maes\\\/#article\",\"isPartOf\":{\"@id\":\"https:\\\/\\\/comunicacaoestrategicacps.com.br\\\/blog\\\/almocos-e-spa-opcoes-da-rede-vitoria-em-campinas-paulinia-e-indaiatuba-para-o-dia-das-maes\\\/\"},\"author\":{\"name\":\"admin\",\"@id\":\"https:\\\/\\\/comunicacaoestrategicacps.com.br\\\/blog\\\/#\\\/schema\\\/person\\\/8d447568a01edd36a56dbbcb702b02fc\"},\"headline\":\"Almo\u00e7os e Spa: op\u00e7\u00f5es da Rede Vit\u00f3ria em Campinas, Paul\u00ednia e Indaiatuba para o Dia das M\u00e3es\",\"datePublished\":\"2023-05-12T13:30:18+00:00\",\"mainEntityOfPage\":{\"@id\":\"https:\\\/\\\/comunicacaoestrategicacps.com.br\\\/blog\\\/almocos-e-spa-opcoes-da-rede-vitoria-em-campinas-paulinia-e-indaiatuba-para-o-dia-das-maes\\\/\"},\"wordCount\":499,\"commentCount\":0,\"image\":{\"@id\":\"https:\\\/\\\/comunicacaoestrategicacps.com.br\\\/blog\\\/almocos-e-spa-opcoes-da-rede-vitoria-em-campinas-paulinia-e-indaiatuba-para-o-dia-das-maes\\\/#primaryimage\"},\"thumbnailUrl\":\"https:\\\/\\\/comunicacaoestrategicacps.com.br\\\/blog\\\/wp-content\\\/uploads\\\/2023\\\/05\\\/belliniespaco.jpg\",\"articleSection\":[\"Neg\u00f3cios e Economia\"],\"inLanguage\":\"pt-BR\",\"potentialAction\":[{\"@type\":\"CommentAction\",\"name\":\"Comment\",\"target\":[\"https:\\\/\\\/comunicacaoestrategicacps.com.br\\\/blog\\\/almocos-e-spa-opcoes-da-rede-vitoria-em-campinas-paulinia-e-indaiatuba-para-o-dia-das-maes\\\/#respond\"]}]},{\"@type\":\"WebPage\",\"@id\":\"https:\\\/\\\/comunicacaoestrategicacps.com.br\\\/blog\\\/almocos-e-spa-opcoes-da-rede-vitoria-em-campinas-paulinia-e-indaiatuba-para-o-dia-das-maes\\\/\",\"url\":\"https:\\\/\\\/comunicacaoestrategicacps.com.br\\\/blog\\\/almocos-e-spa-opcoes-da-rede-vitoria-em-campinas-paulinia-e-indaiatuba-para-o-dia-das-maes\\\/\",\"name\":\"Almo\u00e7os e Spa: op\u00e7\u00f5es da Rede Vit\u00f3ria em Campinas, Paul\u00ednia e Indaiatuba para o Dia das M\u00e3es - Comunica\u00e7\u00e3o Estrat\u00e9gica\",\"isPartOf\":{\"@id\":\"https:\\\/\\\/comunicacaoestrategicacps.com.br\\\/blog\\\/#website\"},\"primaryImageOfPage\":{\"@id\":\"https:\\\/\\\/comunicacaoestrategicacps.com.br\\\/blog\\\/almocos-e-spa-opcoes-da-rede-vitoria-em-campinas-paulinia-e-indaiatuba-para-o-dia-das-maes\\\/#primaryimage\"},\"image\":{\"@id\":\"https:\\\/\\\/comunicacaoestrategicacps.com.br\\\/blog\\\/almocos-e-spa-opcoes-da-rede-vitoria-em-campinas-paulinia-e-indaiatuba-para-o-dia-das-maes\\\/#primaryimage\"},\"thumbnailUrl\":\"https:\\\/\\\/comunicacaoestrategicacps.com.br\\\/blog\\\/wp-content\\\/uploads\\\/2023\\\/05\\\/belliniespaco.jpg\",\"datePublished\":\"2023-05-12T13:30:18+00:00\",\"author\":{\"@id\":\"https:\\\/\\\/comunicacaoestrategicacps.com.br\\\/blog\\\/#\\\/schema\\\/person\\\/8d447568a01edd36a56dbbcb702b02fc\"},\"breadcrumb\":{\"@id\":\"https:\\\/\\\/comunicacaoestrategicacps.com.br\\\/blog\\\/almocos-e-spa-opcoes-da-rede-vitoria-em-campinas-paulinia-e-indaiatuba-para-o-dia-das-maes\\\/#breadcrumb\"},\"inLanguage\":\"pt-BR\",\"potentialAction\":[{\"@type\":\"ReadAction\",\"target\":[\"https:\\\/\\\/comunicacaoestrategicacps.com.br\\\/blog\\\/almocos-e-spa-opcoes-da-rede-vitoria-em-campinas-paulinia-e-indaiatuba-para-o-dia-das-maes\\\/\"]}]},{\"@type\":\"ImageObject\",\"inLanguage\":\"pt-BR\",\"@id\":\"https:\\\/\\\/comunicacaoestrategicacps.com.br\\\/blog\\\/almocos-e-spa-opcoes-da-rede-vitoria-em-campinas-paulinia-e-indaiatuba-para-o-dia-das-maes\\\/#primaryimage\",\"url\":\"https:\\\/\\\/comunicacaoestrategicacps.com.br\\\/blog\\\/wp-content\\\/uploads\\\/2023\\\/05\\\/belliniespaco.jpg\",\"contentUrl\":\"https:\\\/\\\/comunicacaoestrategicacps.com.br\\\/blog\\\/wp-content\\\/uploads\\\/2023\\\/05\\\/belliniespaco.jpg\",\"width\":1280,\"height\":853},{\"@type\":\"BreadcrumbList\",\"@id\":\"https:\\\/\\\/comunicacaoestrategicacps.com.br\\\/blog\\\/almocos-e-spa-opcoes-da-rede-vitoria-em-campinas-paulinia-e-indaiatuba-para-o-dia-das-maes\\\/#breadcrumb\",\"itemListElement\":[{\"@type\":\"ListItem\",\"position\":1,\"name\":\"In\u00edcio\",\"item\":\"https:\\\/\\\/comunicacaoestrategicacps.com.br\\\/blog\\\/\"},{\"@type\":\"ListItem\",\"position\":2,\"name\":\"Almo\u00e7os e Spa: op\u00e7\u00f5es da Rede Vit\u00f3ria em Campinas, Paul\u00ednia e Indaiatuba para o Dia das M\u00e3es\"}]},{\"@type\":\"WebSite\",\"@id\":\"https:\\\/\\\/comunicacaoestrategicacps.com.br\\\/blog\\\/#website\",\"url\":\"https:\\\/\\\/comunicacaoestrategicacps.com.br\\\/blog\\\/\",\"name\":\"Comunica\u00e7\u00e3o Estrat\u00e9gica\",\"description\":\"Comunica\u00e7\u00e3o Estrat\u00e9gica  - Assessoria de Imprensa\",\"potentialAction\":[{\"@type\":\"SearchAction\",\"target\":{\"@type\":\"EntryPoint\",\"urlTemplate\":\"https:\\\/\\\/comunicacaoestrategicacps.com.br\\\/blog\\\/?s={search_term_string}\"},\"query-input\":{\"@type\":\"PropertyValueSpecification\",\"valueRequired\":true,\"valueName\":\"search_term_string\"}}],\"inLanguage\":\"pt-BR\"},{\"@type\":\"Person\",\"@id\":\"https:\\\/\\\/comunicacaoestrategicacps.com.br\\\/blog\\\/#\\\/schema\\\/person\\\/8d447568a01edd36a56dbbcb702b02fc\",\"name\":\"admin\",\"image\":{\"@type\":\"ImageObject\",\"inLanguage\":\"pt-BR\",\"@id\":\"https:\\\/\\\/secure.gravatar.com\\\/avatar\\\/2cc026ea89b57b9d913d4ce5b90a0490046c0c9048a129e24cc44313a90d3f77?s=96&d=mm&r=g\",\"url\":\"https:\\\/\\\/secure.gravatar.com\\\/avatar\\\/2cc026ea89b57b9d913d4ce5b90a0490046c0c9048a129e24cc44313a90d3f77?s=96&d=mm&r=g\",\"contentUrl\":\"https:\\\/\\\/secure.gravatar.com\\\/avatar\\\/2cc026ea89b57b9d913d4ce5b90a0490046c0c9048a129e24cc44313a90d3f77?s=96&d=mm&r=g\",\"caption\":\"admin\"},\"url\":\"https:\\\/\\\/comunicacaoestrategicacps.com.br\\\/blog\\\/author\\\/admin\\\/\"}]}<\/script>\n<!-- \/ Yoast SEO plugin. -->","yoast_head_json":{"title":"Almo\u00e7os e Spa: op\u00e7\u00f5es da Rede Vit\u00f3ria em Campinas, Paul\u00ednia e Indaiatuba para o Dia das M\u00e3es - Comunica\u00e7\u00e3o Estrat\u00e9gica","robots":{"index":"index","follow":"follow","max-snippet":"max-snippet:-1","max-image-preview":"max-image-preview:large","max-video-preview":"max-video-preview:-1"},"canonical":"https:\/\/comunicacaoestrategicacps.com.br\/blog\/almocos-e-spa-opcoes-da-rede-vitoria-em-campinas-paulinia-e-indaiatuba-para-o-dia-das-maes\/","og_locale":"pt_BR","og_type":"article","og_title":"Almo\u00e7os e Spa: op\u00e7\u00f5es da Rede Vit\u00f3ria em Campinas, Paul\u00ednia e Indaiatuba para o Dia das M\u00e3es - Comunica\u00e7\u00e3o Estrat\u00e9gica","og_description":"Restaurantes esperam crescimento de 20% no pr\u00f3ximo domingo Campinas, 08 de maio de 2023 &#8211; O Dia das M\u00e3es \u00e9 um dia especial para os restaurantes e representa a segunda data de maior movimento, quando as fam\u00edlias trocam a cozinha de casa pelas mesas decoradas e card\u00e1pio mais elaborados. Para este domingo, 14 de maio, [&hellip;]","og_url":"https:\/\/comunicacaoestrategicacps.com.br\/blog\/almocos-e-spa-opcoes-da-rede-vitoria-em-campinas-paulinia-e-indaiatuba-para-o-dia-das-maes\/","og_site_name":"Comunica\u00e7\u00e3o Estrat\u00e9gica","article_published_time":"2023-05-12T13:30:18+00:00","og_image":[{"width":1280,"height":853,"url":"https:\/\/comunicacaoestrategicacps.com.br\/blog\/wp-content\/uploads\/2023\/05\/belliniespaco.jpg","type":"image\/jpeg"}],"author":"admin","twitter_card":"summary_large_image","twitter_misc":{"Escrito por":"admin","Est. tempo de leitura":"3 minutos"},"schema":{"@context":"https:\/\/schema.org","@graph":[{"@type":"Article","@id":"https:\/\/comunicacaoestrategicacps.com.br\/blog\/almocos-e-spa-opcoes-da-rede-vitoria-em-campinas-paulinia-e-indaiatuba-para-o-dia-das-maes\/#article","isPartOf":{"@id":"https:\/\/comunicacaoestrategicacps.com.br\/blog\/almocos-e-spa-opcoes-da-rede-vitoria-em-campinas-paulinia-e-indaiatuba-para-o-dia-das-maes\/"},"author":{"name":"admin","@id":"https:\/\/comunicacaoestrategicacps.com.br\/blog\/#\/schema\/person\/8d447568a01edd36a56dbbcb702b02fc"},"headline":"Almo\u00e7os e Spa: op\u00e7\u00f5es da Rede Vit\u00f3ria em Campinas, Paul\u00ednia e Indaiatuba para o Dia das M\u00e3es","datePublished":"2023-05-12T13:30:18+00:00","mainEntityOfPage":{"@id":"https:\/\/comunicacaoestrategicacps.com.br\/blog\/almocos-e-spa-opcoes-da-rede-vitoria-em-campinas-paulinia-e-indaiatuba-para-o-dia-das-maes\/"},"wordCount":499,"commentCount":0,"image":{"@id":"https:\/\/comunicacaoestrategicacps.com.br\/blog\/almocos-e-spa-opcoes-da-rede-vitoria-em-campinas-paulinia-e-indaiatuba-para-o-dia-das-maes\/#primaryimage"},"thumbnailUrl":"https:\/\/comunicacaoestrategicacps.com.br\/blog\/wp-content\/uploads\/2023\/05\/belliniespaco.jpg","articleSection":["Neg\u00f3cios e Economia"],"inLanguage":"pt-BR","potentialAction":[{"@type":"CommentAction","name":"Comment","target":["https:\/\/comunicacaoestrategicacps.com.br\/blog\/almocos-e-spa-opcoes-da-rede-vitoria-em-campinas-paulinia-e-indaiatuba-para-o-dia-das-maes\/#respond"]}]},{"@type":"WebPage","@id":"https:\/\/comunicacaoestrategicacps.com.br\/blog\/almocos-e-spa-opcoes-da-rede-vitoria-em-campinas-paulinia-e-indaiatuba-para-o-dia-das-maes\/","url":"https:\/\/comunicacaoestrategicacps.com.br\/blog\/almocos-e-spa-opcoes-da-rede-vitoria-em-campinas-paulinia-e-indaiatuba-para-o-dia-das-maes\/","name":"Almo\u00e7os e Spa: op\u00e7\u00f5es da Rede Vit\u00f3ria em Campinas, Paul\u00ednia e Indaiatuba para o Dia das M\u00e3es - Comunica\u00e7\u00e3o Estrat\u00e9gica","isPartOf":{"@id":"https:\/\/comunicacaoestrategicacps.com.br\/blog\/#website"},"primaryImageOfPage":{"@id":"https:\/\/comunicacaoestrategicacps.com.br\/blog\/almocos-e-spa-opcoes-da-rede-vitoria-em-campinas-paulinia-e-indaiatuba-para-o-dia-das-maes\/#primaryimage"},"image":{"@id":"https:\/\/comunicacaoestrategicacps.com.br\/blog\/almocos-e-spa-opcoes-da-rede-vitoria-em-campinas-paulinia-e-indaiatuba-para-o-dia-das-maes\/#primaryimage"},"thumbnailUrl":"https:\/\/comunicacaoestrategicacps.com.br\/blog\/wp-content\/uploads\/2023\/05\/belliniespaco.jpg","datePublished":"2023-05-12T13:30:18+00:00","author":{"@id":"https:\/\/comunicacaoestrategicacps.com.br\/blog\/#\/schema\/person\/8d447568a01edd36a56dbbcb702b02fc"},"breadcrumb":{"@id":"https:\/\/comunicacaoestrategicacps.com.br\/blog\/almocos-e-spa-opcoes-da-rede-vitoria-em-campinas-paulinia-e-indaiatuba-para-o-dia-das-maes\/#breadcrumb"},"inLanguage":"pt-BR","potentialAction":[{"@type":"ReadAction","target":["https:\/\/comunicacaoestrategicacps.com.br\/blog\/almocos-e-spa-opcoes-da-rede-vitoria-em-campinas-paulinia-e-indaiatuba-para-o-dia-das-maes\/"]}]},{"@type":"ImageObject","inLanguage":"pt-BR","@id":"https:\/\/comunicacaoestrategicacps.com.br\/blog\/almocos-e-spa-opcoes-da-rede-vitoria-em-campinas-paulinia-e-indaiatuba-para-o-dia-das-maes\/#primaryimage","url":"https:\/\/comunicacaoestrategicacps.com.br\/blog\/wp-content\/uploads\/2023\/05\/belliniespaco.jpg","contentUrl":"https:\/\/comunicacaoestrategicacps.com.br\/blog\/wp-content\/uploads\/2023\/05\/belliniespaco.jpg","width":1280,"height":853},{"@type":"BreadcrumbList","@id":"https:\/\/comunicacaoestrategicacps.com.br\/blog\/almocos-e-spa-opcoes-da-rede-vitoria-em-campinas-paulinia-e-indaiatuba-para-o-dia-das-maes\/#breadcrumb","itemListElement":[{"@type":"ListItem","position":1,"name":"In\u00edcio","item":"https:\/\/comunicacaoestrategicacps.com.br\/blog\/"},{"@type":"ListItem","position":2,"name":"Almo\u00e7os e Spa: op\u00e7\u00f5es da Rede Vit\u00f3ria em Campinas, Paul\u00ednia e Indaiatuba para o Dia das M\u00e3es"}]},{"@type":"WebSite","@id":"https:\/\/comunicacaoestrategicacps.com.br\/blog\/#website","url":"https:\/\/comunicacaoestrategicacps.com.br\/blog\/","name":"Comunica\u00e7\u00e3o Estrat\u00e9gica","description":"Comunica\u00e7\u00e3o Estrat\u00e9gica  - Assessoria de Imprensa","potentialAction":[{"@type":"SearchAction","target":{"@type":"EntryPoint","urlTemplate":"https:\/\/comunicacaoestrategicacps.com.br\/blog\/?s={search_term_string}"},"query-input":{"@type":"PropertyValueSpecification","valueRequired":true,"valueName":"search_term_string"}}],"inLanguage":"pt-BR"},{"@type":"Person","@id":"https:\/\/comunicacaoestrategicacps.com.br\/blog\/#\/schema\/person\/8d447568a01edd36a56dbbcb702b02fc","name":"admin","image":{"@type":"ImageObject","inLanguage":"pt-BR","@id":"https:\/\/secure.gravatar.com\/avatar\/2cc026ea89b57b9d913d4ce5b90a0490046c0c9048a129e24cc44313a90d3f77?s=96&d=mm&r=g","url":"https:\/\/secure.gravatar.com\/avatar\/2cc026ea89b57b9d913d4ce5b90a0490046c0c9048a129e24cc44313a90d3f77?s=96&d=mm&r=g","contentUrl":"https:\/\/secure.gravatar.com\/avatar\/2cc026ea89b57b9d913d4ce5b90a0490046c0c9048a129e24cc44313a90d3f77?s=96&d=mm&r=g","caption":"admin"},"url":"https:\/\/comunicacaoestrategicacps.com.br\/blog\/author\/admin\/"}]}},"builder_content":"","_links":{"self":[{"href":"https:\/\/comunicacaoestrategicacps.com.br\/blog\/wp-json\/wp\/v2\/posts\/2017","targetHints":{"allow":["GET"]}}],"collection":[{"href":"https:\/\/comunicacaoestrategicacps.com.br\/blog\/wp-json\/wp\/v2\/posts"}],"about":[{"href":"https:\/\/comunicacaoestrategicacps.com.br\/blog\/wp-json\/wp\/v2\/types\/post"}],"author":[{"embeddable":true,"href":"https:\/\/comunicacaoestrategicacps.com.br\/blog\/wp-json\/wp\/v2\/users\/1"}],"replies":[{"embeddable":true,"href":"https:\/\/comunicacaoestrategicacps.com.br\/blog\/wp-json\/wp\/v2\/comments?post=2017"}],"version-history":[{"count":1,"href":"https:\/\/comunicacaoestrategicacps.com.br\/blog\/wp-json\/wp\/v2\/posts\/2017\/revisions"}],"predecessor-version":[{"id":2019,"href":"https:\/\/comunicacaoestrategicacps.com.br\/blog\/wp-json\/wp\/v2\/posts\/2017\/revisions\/2019"}],"wp:featuredmedia":[{"embeddable":true,"href":"https:\/\/comunicacaoestrategicacps.com.br\/blog\/wp-json\/wp\/v2\/media\/2018"}],"wp:attachment":[{"href":"https:\/\/comunicacaoestrategicacps.com.br\/blog\/wp-json\/wp\/v2\/media?parent=2017"}],"wp:term":[{"taxonomy":"category","embeddable":true,"href":"https:\/\/comunicacaoestrategicacps.com.br\/blog\/wp-json\/wp\/v2\/categories?post=2017"},{"taxonomy":"post_tag","embeddable":true,"href":"https:\/\/comunicacaoestrategicacps.com.br\/blog\/wp-json\/wp\/v2\/tags?post=2017"}],"curies":[{"name":"wp","href":"https:\/\/api.w.org\/{rel}","templated":true}]}}