{"id":2027,"date":"2023-05-16T14:02:37","date_gmt":"2023-05-16T17:02:37","guid":{"rendered":"https:\/\/comunicacaoestrategicacps.com.br\/blog\/?p=2027"},"modified":"2023-05-16T14:02:38","modified_gmt":"2023-05-16T17:02:38","slug":"hoteis-da-regiao-metropolitana-de-campinas-rmc-atingem-5758-de-ocupacao-em-abril-aponta-levantamento-do-crcvb","status":"publish","type":"post","link":"https:\/\/comunicacaoestrategicacps.com.br\/blog\/hoteis-da-regiao-metropolitana-de-campinas-rmc-atingem-5758-de-ocupacao-em-abril-aponta-levantamento-do-crcvb\/","title":{"rendered":"Hot\u00e9is da Regi\u00e3o Metropolitana de Campinas (RMC) atingem 57,58% de ocupa\u00e7\u00e3o em abril, aponta levantamento do CRC&amp;VB"},"content":{"rendered":"<!--themify_builder_content-->\n<div id=\"themify_builder_content-2027\" data-postid=\"2027\" class=\"themify_builder_content themify_builder_content-2027 themify_builder tf_clear\">\n    <\/div>\n<!--\/themify_builder_content-->\n\n\n<figure class=\"wp-block-image size-full\"><img loading=\"lazy\" decoding=\"async\" width=\"643\" height=\"441\" src=\"https:\/\/comunicacaoestrategicacps.com.br\/blog\/wp-content\/uploads\/2023\/05\/logo-convention.jpg\" alt=\"\" class=\"wp-image-2028\" srcset=\"https:\/\/comunicacaoestrategicacps.com.br\/blog\/wp-content\/uploads\/2023\/05\/logo-convention.jpg 643w, https:\/\/comunicacaoestrategicacps.com.br\/blog\/wp-content\/uploads\/2023\/05\/logo-convention-300x206.jpg 300w\" sizes=\"auto, (max-width: 643px) 100vw, 643px\" \/><\/figure>\n\n\n\n<p><em>No acumulado no primeiro quadrimestre, a taxa de ocupa\u00e7\u00e3o \u00e9 de 54,42%<\/em><\/p>\n\n\n\n<p><strong>Campinas, 10 de maio de 2023<\/strong> &#8211; A ocupa\u00e7\u00e3o dos hot\u00e9is das cidades da Regi\u00e3o Metropolitana de Campinas (RMC) no m\u00eas de abril ficou em 57,58%, segundo pesquisa mensal realizada pelo Campinas e Regi\u00e3o Convention e Visitors Bureau (CRC&amp;VB). A taxa, abaixo dos 62,15% registrada em mar\u00e7o, foi impactada pelos tr\u00eas feriados prolongados no m\u00eas passado, que reduziram os dias \u00fateis com eventos corporativos, respons\u00e1vel por 80% da ocupa\u00e7\u00e3o da rede. Por outro lado, a taxa m\u00e9dia acumulada nos quatro primeiros meses de 2023 \u00e9 superior aos \u00faltimos tr\u00eas anos anteriores, o que refor\u00e7a a retomada sustentada do setor.<\/p>\n\n\n\n<p>O levantamento mensal tamb\u00e9m apontou melhoria na di\u00e1ria m\u00e9dia (R$ 327,78), a maior no ano, e do RevPar (R$ 198,52), \u00edndice importante para o setor, j\u00e1 que reflete a capacidade de recupera\u00e7\u00e3o do caixa e indica retomada de investimentos futuros.<\/p>\n\n\n\n<p>Douglas Marcondes, Diretor de Hotelaria do Campinas e Regi\u00e3o Convention e Visitors Bureau explica que o excesso de feriados prolongados reflete diretamente na taxa de ocupa\u00e7\u00e3o regional, uma vez que os eventos corporativos respondem por 80% das reservas di\u00e1rias. \u201cCom tr\u00eas dias \u00fateis a menos, \u00e9 natural uma queda na ocupa\u00e7\u00e3o\u201d, afirma.<\/p>\n\n\n\n<p>Marcondes pondera que a queda em abril \u00e9 pontual. \u201cSe olharmos para a ocupa\u00e7\u00e3o acumulada no per\u00edodo de janeiro a abril, temos uma taxa de 54,42%, contra as m\u00e9dias anuais de 50,51%, em 2019, 20,98%, em 2020, 30,77%, em 2021 e 57,99%, em 2022\u201d, explica ele.<\/p>\n\n\n\n<p>Os eventos corporativos na RMC continuam aquecidos no ano, o que traz otimismo para o setor. Outro dado importante \u00e9 a movimenta\u00e7\u00e3o de passageiros no Aeroporto Internacional de Viracopos, em Campinas, que encerrou o primeiro trimestre de 2023 com alta de 20,6% em rela\u00e7\u00e3o ao mesmo per\u00edodo do ano passado.<\/p>\n\n\n\n<p>\u201cO que se percebe \u00e9 uma configura\u00e7\u00e3o no semestre muito semelhante ao pr\u00e9-pandemia. Voc\u00ea tem p\u00f3s Carnaval, com uma demanda maior represada dos meses de janeiro e fevereiro, e nos meses seguintes vai se estabilizando em demanda maior. Em maio, com todos os finais de semana com eventos culturais, acreditamos que teremos uma demanda maior que em abril, mas com um patamar interessante\u201d, complementa<\/p>\n\n\n\n<p>EST\u00cdMULOS<\/p>\n\n\n\n<p>Desde o ano passado, o Campinas e Regi\u00e3o Convention e Visitors Bureau vem intensificando suas a\u00e7\u00f5es no sentido de promover o turismo regional e atrair eventos corporativos para a RMC, com a presen\u00e7a em feiras nacionais e internacionais. Nesses eventos, s\u00e3o disponibilizados dados e informa\u00e7\u00f5es da infraestrutura das cidades e dos hot\u00e9is.<\/p>","protected":false},"excerpt":{"rendered":"<p>No acumulado no primeiro quadrimestre, a taxa de ocupa\u00e7\u00e3o \u00e9 de 54,42% Campinas, 10 de maio de 2023 &#8211; A ocupa\u00e7\u00e3o dos hot\u00e9is das cidades da Regi\u00e3o Metropolitana de Campinas (RMC) no m\u00eas de abril ficou em 57,58%, segundo pesquisa mensal realizada pelo Campinas e Regi\u00e3o Convention e Visitors Bureau (CRC&amp;VB). A taxa, abaixo dos [&hellip;]<\/p>\n","protected":false},"author":1,"featured_media":2028,"comment_status":"open","ping_status":"open","sticky":true,"template":"","format":"standard","meta":{"footnotes":""},"categories":[43],"tags":[],"class_list":["post-2027","post","type-post","status-publish","format-standard","has-post-thumbnail","hentry","category-negocios-e-economia","has-post-title","has-post-date","has-post-category","has-post-tag","has-post-comment","has-post-author",""],"yoast_head":"<!-- This site is optimized with the Yoast SEO plugin v27.4 - https:\/\/yoast.com\/product\/yoast-seo-wordpress\/ -->\n<title>Hot\u00e9is da Regi\u00e3o Metropolitana de Campinas (RMC) atingem 57,58% de ocupa\u00e7\u00e3o em abril, aponta levantamento do CRC&amp;VB - Comunica\u00e7\u00e3o Estrat\u00e9gica<\/title>\n<meta name=\"robots\" content=\"index, follow, max-snippet:-1, max-image-preview:large, max-video-preview:-1\" \/>\n<link rel=\"canonical\" href=\"https:\/\/comunicacaoestrategicacps.com.br\/blog\/hoteis-da-regiao-metropolitana-de-campinas-rmc-atingem-5758-de-ocupacao-em-abril-aponta-levantamento-do-crcvb\/\" \/>\n<meta property=\"og:locale\" content=\"pt_BR\" \/>\n<meta property=\"og:type\" content=\"article\" \/>\n<meta property=\"og:title\" content=\"Hot\u00e9is da Regi\u00e3o Metropolitana de Campinas (RMC) atingem 57,58% de ocupa\u00e7\u00e3o em abril, aponta levantamento do CRC&amp;VB - Comunica\u00e7\u00e3o Estrat\u00e9gica\" \/>\n<meta property=\"og:description\" content=\"No acumulado no primeiro quadrimestre, a taxa de ocupa\u00e7\u00e3o \u00e9 de 54,42% Campinas, 10 de maio de 2023 &#8211; A ocupa\u00e7\u00e3o dos hot\u00e9is das cidades da Regi\u00e3o Metropolitana de Campinas (RMC) no m\u00eas de abril ficou em 57,58%, segundo pesquisa mensal realizada pelo Campinas e Regi\u00e3o Convention e Visitors Bureau (CRC&amp;VB). A taxa, abaixo dos [&hellip;]\" \/>\n<meta property=\"og:url\" content=\"https:\/\/comunicacaoestrategicacps.com.br\/blog\/hoteis-da-regiao-metropolitana-de-campinas-rmc-atingem-5758-de-ocupacao-em-abril-aponta-levantamento-do-crcvb\/\" \/>\n<meta property=\"og:site_name\" content=\"Comunica\u00e7\u00e3o Estrat\u00e9gica\" \/>\n<meta property=\"article:published_time\" content=\"2023-05-16T17:02:37+00:00\" \/>\n<meta property=\"article:modified_time\" content=\"2023-05-16T17:02:38+00:00\" \/>\n<meta property=\"og:image\" content=\"https:\/\/comunicacaoestrategicacps.com.br\/blog\/wp-content\/uploads\/2023\/05\/logo-convention.jpg\" \/>\n\t<meta property=\"og:image:width\" content=\"643\" \/>\n\t<meta property=\"og:image:height\" content=\"441\" \/>\n\t<meta property=\"og:image:type\" content=\"image\/jpeg\" \/>\n<meta name=\"author\" content=\"admin\" \/>\n<meta name=\"twitter:card\" content=\"summary_large_image\" \/>\n<meta name=\"twitter:label1\" content=\"Escrito por\" \/>\n\t<meta name=\"twitter:data1\" content=\"admin\" \/>\n\t<meta name=\"twitter:label2\" content=\"Est. tempo de leitura\" \/>\n\t<meta name=\"twitter:data2\" content=\"3 minutos\" \/>\n<script type=\"application\/ld+json\" class=\"yoast-schema-graph\">{\"@context\":\"https:\\\/\\\/schema.org\",\"@graph\":[{\"@type\":\"Article\",\"@id\":\"https:\\\/\\\/comunicacaoestrategicacps.com.br\\\/blog\\\/hoteis-da-regiao-metropolitana-de-campinas-rmc-atingem-5758-de-ocupacao-em-abril-aponta-levantamento-do-crcvb\\\/#article\",\"isPartOf\":{\"@id\":\"https:\\\/\\\/comunicacaoestrategicacps.com.br\\\/blog\\\/hoteis-da-regiao-metropolitana-de-campinas-rmc-atingem-5758-de-ocupacao-em-abril-aponta-levantamento-do-crcvb\\\/\"},\"author\":{\"name\":\"admin\",\"@id\":\"https:\\\/\\\/comunicacaoestrategicacps.com.br\\\/blog\\\/#\\\/schema\\\/person\\\/8d447568a01edd36a56dbbcb702b02fc\"},\"headline\":\"Hot\u00e9is da Regi\u00e3o Metropolitana de Campinas (RMC) atingem 57,58% de ocupa\u00e7\u00e3o em abril, aponta levantamento do CRC&amp;VB\",\"datePublished\":\"2023-05-16T17:02:37+00:00\",\"dateModified\":\"2023-05-16T17:02:38+00:00\",\"mainEntityOfPage\":{\"@id\":\"https:\\\/\\\/comunicacaoestrategicacps.com.br\\\/blog\\\/hoteis-da-regiao-metropolitana-de-campinas-rmc-atingem-5758-de-ocupacao-em-abril-aponta-levantamento-do-crcvb\\\/\"},\"wordCount\":451,\"commentCount\":0,\"image\":{\"@id\":\"https:\\\/\\\/comunicacaoestrategicacps.com.br\\\/blog\\\/hoteis-da-regiao-metropolitana-de-campinas-rmc-atingem-5758-de-ocupacao-em-abril-aponta-levantamento-do-crcvb\\\/#primaryimage\"},\"thumbnailUrl\":\"https:\\\/\\\/comunicacaoestrategicacps.com.br\\\/blog\\\/wp-content\\\/uploads\\\/2023\\\/05\\\/logo-convention.jpg\",\"articleSection\":[\"Neg\u00f3cios e Economia\"],\"inLanguage\":\"pt-BR\",\"potentialAction\":[{\"@type\":\"CommentAction\",\"name\":\"Comment\",\"target\":[\"https:\\\/\\\/comunicacaoestrategicacps.com.br\\\/blog\\\/hoteis-da-regiao-metropolitana-de-campinas-rmc-atingem-5758-de-ocupacao-em-abril-aponta-levantamento-do-crcvb\\\/#respond\"]}]},{\"@type\":\"WebPage\",\"@id\":\"https:\\\/\\\/comunicacaoestrategicacps.com.br\\\/blog\\\/hoteis-da-regiao-metropolitana-de-campinas-rmc-atingem-5758-de-ocupacao-em-abril-aponta-levantamento-do-crcvb\\\/\",\"url\":\"https:\\\/\\\/comunicacaoestrategicacps.com.br\\\/blog\\\/hoteis-da-regiao-metropolitana-de-campinas-rmc-atingem-5758-de-ocupacao-em-abril-aponta-levantamento-do-crcvb\\\/\",\"name\":\"Hot\u00e9is da Regi\u00e3o Metropolitana de Campinas (RMC) atingem 57,58% de ocupa\u00e7\u00e3o em abril, aponta levantamento do CRC&amp;VB - Comunica\u00e7\u00e3o Estrat\u00e9gica\",\"isPartOf\":{\"@id\":\"https:\\\/\\\/comunicacaoestrategicacps.com.br\\\/blog\\\/#website\"},\"primaryImageOfPage\":{\"@id\":\"https:\\\/\\\/comunicacaoestrategicacps.com.br\\\/blog\\\/hoteis-da-regiao-metropolitana-de-campinas-rmc-atingem-5758-de-ocupacao-em-abril-aponta-levantamento-do-crcvb\\\/#primaryimage\"},\"image\":{\"@id\":\"https:\\\/\\\/comunicacaoestrategicacps.com.br\\\/blog\\\/hoteis-da-regiao-metropolitana-de-campinas-rmc-atingem-5758-de-ocupacao-em-abril-aponta-levantamento-do-crcvb\\\/#primaryimage\"},\"thumbnailUrl\":\"https:\\\/\\\/comunicacaoestrategicacps.com.br\\\/blog\\\/wp-content\\\/uploads\\\/2023\\\/05\\\/logo-convention.jpg\",\"datePublished\":\"2023-05-16T17:02:37+00:00\",\"dateModified\":\"2023-05-16T17:02:38+00:00\",\"author\":{\"@id\":\"https:\\\/\\\/comunicacaoestrategicacps.com.br\\\/blog\\\/#\\\/schema\\\/person\\\/8d447568a01edd36a56dbbcb702b02fc\"},\"breadcrumb\":{\"@id\":\"https:\\\/\\\/comunicacaoestrategicacps.com.br\\\/blog\\\/hoteis-da-regiao-metropolitana-de-campinas-rmc-atingem-5758-de-ocupacao-em-abril-aponta-levantamento-do-crcvb\\\/#breadcrumb\"},\"inLanguage\":\"pt-BR\",\"potentialAction\":[{\"@type\":\"ReadAction\",\"target\":[\"https:\\\/\\\/comunicacaoestrategicacps.com.br\\\/blog\\\/hoteis-da-regiao-metropolitana-de-campinas-rmc-atingem-5758-de-ocupacao-em-abril-aponta-levantamento-do-crcvb\\\/\"]}]},{\"@type\":\"ImageObject\",\"inLanguage\":\"pt-BR\",\"@id\":\"https:\\\/\\\/comunicacaoestrategicacps.com.br\\\/blog\\\/hoteis-da-regiao-metropolitana-de-campinas-rmc-atingem-5758-de-ocupacao-em-abril-aponta-levantamento-do-crcvb\\\/#primaryimage\",\"url\":\"https:\\\/\\\/comunicacaoestrategicacps.com.br\\\/blog\\\/wp-content\\\/uploads\\\/2023\\\/05\\\/logo-convention.jpg\",\"contentUrl\":\"https:\\\/\\\/comunicacaoestrategicacps.com.br\\\/blog\\\/wp-content\\\/uploads\\\/2023\\\/05\\\/logo-convention.jpg\",\"width\":643,\"height\":441},{\"@type\":\"BreadcrumbList\",\"@id\":\"https:\\\/\\\/comunicacaoestrategicacps.com.br\\\/blog\\\/hoteis-da-regiao-metropolitana-de-campinas-rmc-atingem-5758-de-ocupacao-em-abril-aponta-levantamento-do-crcvb\\\/#breadcrumb\",\"itemListElement\":[{\"@type\":\"ListItem\",\"position\":1,\"name\":\"In\u00edcio\",\"item\":\"https:\\\/\\\/comunicacaoestrategicacps.com.br\\\/blog\\\/\"},{\"@type\":\"ListItem\",\"position\":2,\"name\":\"Hot\u00e9is da Regi\u00e3o Metropolitana de Campinas (RMC) atingem 57,58% de ocupa\u00e7\u00e3o em abril, aponta levantamento do CRC&amp;VB\"}]},{\"@type\":\"WebSite\",\"@id\":\"https:\\\/\\\/comunicacaoestrategicacps.com.br\\\/blog\\\/#website\",\"url\":\"https:\\\/\\\/comunicacaoestrategicacps.com.br\\\/blog\\\/\",\"name\":\"Comunica\u00e7\u00e3o Estrat\u00e9gica\",\"description\":\"Comunica\u00e7\u00e3o Estrat\u00e9gica  - Assessoria de Imprensa\",\"potentialAction\":[{\"@type\":\"SearchAction\",\"target\":{\"@type\":\"EntryPoint\",\"urlTemplate\":\"https:\\\/\\\/comunicacaoestrategicacps.com.br\\\/blog\\\/?s={search_term_string}\"},\"query-input\":{\"@type\":\"PropertyValueSpecification\",\"valueRequired\":true,\"valueName\":\"search_term_string\"}}],\"inLanguage\":\"pt-BR\"},{\"@type\":\"Person\",\"@id\":\"https:\\\/\\\/comunicacaoestrategicacps.com.br\\\/blog\\\/#\\\/schema\\\/person\\\/8d447568a01edd36a56dbbcb702b02fc\",\"name\":\"admin\",\"image\":{\"@type\":\"ImageObject\",\"inLanguage\":\"pt-BR\",\"@id\":\"https:\\\/\\\/secure.gravatar.com\\\/avatar\\\/2cc026ea89b57b9d913d4ce5b90a0490046c0c9048a129e24cc44313a90d3f77?s=96&d=mm&r=g\",\"url\":\"https:\\\/\\\/secure.gravatar.com\\\/avatar\\\/2cc026ea89b57b9d913d4ce5b90a0490046c0c9048a129e24cc44313a90d3f77?s=96&d=mm&r=g\",\"contentUrl\":\"https:\\\/\\\/secure.gravatar.com\\\/avatar\\\/2cc026ea89b57b9d913d4ce5b90a0490046c0c9048a129e24cc44313a90d3f77?s=96&d=mm&r=g\",\"caption\":\"admin\"},\"url\":\"https:\\\/\\\/comunicacaoestrategicacps.com.br\\\/blog\\\/author\\\/admin\\\/\"}]}<\/script>\n<!-- \/ Yoast SEO plugin. -->","yoast_head_json":{"title":"Hot\u00e9is da Regi\u00e3o Metropolitana de Campinas (RMC) atingem 57,58% de ocupa\u00e7\u00e3o em abril, aponta levantamento do CRC&amp;VB - Comunica\u00e7\u00e3o Estrat\u00e9gica","robots":{"index":"index","follow":"follow","max-snippet":"max-snippet:-1","max-image-preview":"max-image-preview:large","max-video-preview":"max-video-preview:-1"},"canonical":"https:\/\/comunicacaoestrategicacps.com.br\/blog\/hoteis-da-regiao-metropolitana-de-campinas-rmc-atingem-5758-de-ocupacao-em-abril-aponta-levantamento-do-crcvb\/","og_locale":"pt_BR","og_type":"article","og_title":"Hot\u00e9is da Regi\u00e3o Metropolitana de Campinas (RMC) atingem 57,58% de ocupa\u00e7\u00e3o em abril, aponta levantamento do CRC&amp;VB - Comunica\u00e7\u00e3o Estrat\u00e9gica","og_description":"No acumulado no primeiro quadrimestre, a taxa de ocupa\u00e7\u00e3o \u00e9 de 54,42% Campinas, 10 de maio de 2023 &#8211; A ocupa\u00e7\u00e3o dos hot\u00e9is das cidades da Regi\u00e3o Metropolitana de Campinas (RMC) no m\u00eas de abril ficou em 57,58%, segundo pesquisa mensal realizada pelo Campinas e Regi\u00e3o Convention e Visitors Bureau (CRC&amp;VB). A taxa, abaixo dos [&hellip;]","og_url":"https:\/\/comunicacaoestrategicacps.com.br\/blog\/hoteis-da-regiao-metropolitana-de-campinas-rmc-atingem-5758-de-ocupacao-em-abril-aponta-levantamento-do-crcvb\/","og_site_name":"Comunica\u00e7\u00e3o Estrat\u00e9gica","article_published_time":"2023-05-16T17:02:37+00:00","article_modified_time":"2023-05-16T17:02:38+00:00","og_image":[{"width":643,"height":441,"url":"https:\/\/comunicacaoestrategicacps.com.br\/blog\/wp-content\/uploads\/2023\/05\/logo-convention.jpg","type":"image\/jpeg"}],"author":"admin","twitter_card":"summary_large_image","twitter_misc":{"Escrito por":"admin","Est. tempo de leitura":"3 minutos"},"schema":{"@context":"https:\/\/schema.org","@graph":[{"@type":"Article","@id":"https:\/\/comunicacaoestrategicacps.com.br\/blog\/hoteis-da-regiao-metropolitana-de-campinas-rmc-atingem-5758-de-ocupacao-em-abril-aponta-levantamento-do-crcvb\/#article","isPartOf":{"@id":"https:\/\/comunicacaoestrategicacps.com.br\/blog\/hoteis-da-regiao-metropolitana-de-campinas-rmc-atingem-5758-de-ocupacao-em-abril-aponta-levantamento-do-crcvb\/"},"author":{"name":"admin","@id":"https:\/\/comunicacaoestrategicacps.com.br\/blog\/#\/schema\/person\/8d447568a01edd36a56dbbcb702b02fc"},"headline":"Hot\u00e9is da Regi\u00e3o Metropolitana de Campinas (RMC) atingem 57,58% de ocupa\u00e7\u00e3o em abril, aponta levantamento do CRC&amp;VB","datePublished":"2023-05-16T17:02:37+00:00","dateModified":"2023-05-16T17:02:38+00:00","mainEntityOfPage":{"@id":"https:\/\/comunicacaoestrategicacps.com.br\/blog\/hoteis-da-regiao-metropolitana-de-campinas-rmc-atingem-5758-de-ocupacao-em-abril-aponta-levantamento-do-crcvb\/"},"wordCount":451,"commentCount":0,"image":{"@id":"https:\/\/comunicacaoestrategicacps.com.br\/blog\/hoteis-da-regiao-metropolitana-de-campinas-rmc-atingem-5758-de-ocupacao-em-abril-aponta-levantamento-do-crcvb\/#primaryimage"},"thumbnailUrl":"https:\/\/comunicacaoestrategicacps.com.br\/blog\/wp-content\/uploads\/2023\/05\/logo-convention.jpg","articleSection":["Neg\u00f3cios e Economia"],"inLanguage":"pt-BR","potentialAction":[{"@type":"CommentAction","name":"Comment","target":["https:\/\/comunicacaoestrategicacps.com.br\/blog\/hoteis-da-regiao-metropolitana-de-campinas-rmc-atingem-5758-de-ocupacao-em-abril-aponta-levantamento-do-crcvb\/#respond"]}]},{"@type":"WebPage","@id":"https:\/\/comunicacaoestrategicacps.com.br\/blog\/hoteis-da-regiao-metropolitana-de-campinas-rmc-atingem-5758-de-ocupacao-em-abril-aponta-levantamento-do-crcvb\/","url":"https:\/\/comunicacaoestrategicacps.com.br\/blog\/hoteis-da-regiao-metropolitana-de-campinas-rmc-atingem-5758-de-ocupacao-em-abril-aponta-levantamento-do-crcvb\/","name":"Hot\u00e9is da Regi\u00e3o Metropolitana de Campinas (RMC) atingem 57,58% de ocupa\u00e7\u00e3o em abril, aponta levantamento do CRC&amp;VB - Comunica\u00e7\u00e3o Estrat\u00e9gica","isPartOf":{"@id":"https:\/\/comunicacaoestrategicacps.com.br\/blog\/#website"},"primaryImageOfPage":{"@id":"https:\/\/comunicacaoestrategicacps.com.br\/blog\/hoteis-da-regiao-metropolitana-de-campinas-rmc-atingem-5758-de-ocupacao-em-abril-aponta-levantamento-do-crcvb\/#primaryimage"},"image":{"@id":"https:\/\/comunicacaoestrategicacps.com.br\/blog\/hoteis-da-regiao-metropolitana-de-campinas-rmc-atingem-5758-de-ocupacao-em-abril-aponta-levantamento-do-crcvb\/#primaryimage"},"thumbnailUrl":"https:\/\/comunicacaoestrategicacps.com.br\/blog\/wp-content\/uploads\/2023\/05\/logo-convention.jpg","datePublished":"2023-05-16T17:02:37+00:00","dateModified":"2023-05-16T17:02:38+00:00","author":{"@id":"https:\/\/comunicacaoestrategicacps.com.br\/blog\/#\/schema\/person\/8d447568a01edd36a56dbbcb702b02fc"},"breadcrumb":{"@id":"https:\/\/comunicacaoestrategicacps.com.br\/blog\/hoteis-da-regiao-metropolitana-de-campinas-rmc-atingem-5758-de-ocupacao-em-abril-aponta-levantamento-do-crcvb\/#breadcrumb"},"inLanguage":"pt-BR","potentialAction":[{"@type":"ReadAction","target":["https:\/\/comunicacaoestrategicacps.com.br\/blog\/hoteis-da-regiao-metropolitana-de-campinas-rmc-atingem-5758-de-ocupacao-em-abril-aponta-levantamento-do-crcvb\/"]}]},{"@type":"ImageObject","inLanguage":"pt-BR","@id":"https:\/\/comunicacaoestrategicacps.com.br\/blog\/hoteis-da-regiao-metropolitana-de-campinas-rmc-atingem-5758-de-ocupacao-em-abril-aponta-levantamento-do-crcvb\/#primaryimage","url":"https:\/\/comunicacaoestrategicacps.com.br\/blog\/wp-content\/uploads\/2023\/05\/logo-convention.jpg","contentUrl":"https:\/\/comunicacaoestrategicacps.com.br\/blog\/wp-content\/uploads\/2023\/05\/logo-convention.jpg","width":643,"height":441},{"@type":"BreadcrumbList","@id":"https:\/\/comunicacaoestrategicacps.com.br\/blog\/hoteis-da-regiao-metropolitana-de-campinas-rmc-atingem-5758-de-ocupacao-em-abril-aponta-levantamento-do-crcvb\/#breadcrumb","itemListElement":[{"@type":"ListItem","position":1,"name":"In\u00edcio","item":"https:\/\/comunicacaoestrategicacps.com.br\/blog\/"},{"@type":"ListItem","position":2,"name":"Hot\u00e9is da Regi\u00e3o Metropolitana de Campinas (RMC) atingem 57,58% de ocupa\u00e7\u00e3o em abril, aponta levantamento do CRC&amp;VB"}]},{"@type":"WebSite","@id":"https:\/\/comunicacaoestrategicacps.com.br\/blog\/#website","url":"https:\/\/comunicacaoestrategicacps.com.br\/blog\/","name":"Comunica\u00e7\u00e3o Estrat\u00e9gica","description":"Comunica\u00e7\u00e3o Estrat\u00e9gica  - Assessoria de Imprensa","potentialAction":[{"@type":"SearchAction","target":{"@type":"EntryPoint","urlTemplate":"https:\/\/comunicacaoestrategicacps.com.br\/blog\/?s={search_term_string}"},"query-input":{"@type":"PropertyValueSpecification","valueRequired":true,"valueName":"search_term_string"}}],"inLanguage":"pt-BR"},{"@type":"Person","@id":"https:\/\/comunicacaoestrategicacps.com.br\/blog\/#\/schema\/person\/8d447568a01edd36a56dbbcb702b02fc","name":"admin","image":{"@type":"ImageObject","inLanguage":"pt-BR","@id":"https:\/\/secure.gravatar.com\/avatar\/2cc026ea89b57b9d913d4ce5b90a0490046c0c9048a129e24cc44313a90d3f77?s=96&d=mm&r=g","url":"https:\/\/secure.gravatar.com\/avatar\/2cc026ea89b57b9d913d4ce5b90a0490046c0c9048a129e24cc44313a90d3f77?s=96&d=mm&r=g","contentUrl":"https:\/\/secure.gravatar.com\/avatar\/2cc026ea89b57b9d913d4ce5b90a0490046c0c9048a129e24cc44313a90d3f77?s=96&d=mm&r=g","caption":"admin"},"url":"https:\/\/comunicacaoestrategicacps.com.br\/blog\/author\/admin\/"}]}},"builder_content":"","_links":{"self":[{"href":"https:\/\/comunicacaoestrategicacps.com.br\/blog\/wp-json\/wp\/v2\/posts\/2027","targetHints":{"allow":["GET"]}}],"collection":[{"href":"https:\/\/comunicacaoestrategicacps.com.br\/blog\/wp-json\/wp\/v2\/posts"}],"about":[{"href":"https:\/\/comunicacaoestrategicacps.com.br\/blog\/wp-json\/wp\/v2\/types\/post"}],"author":[{"embeddable":true,"href":"https:\/\/comunicacaoestrategicacps.com.br\/blog\/wp-json\/wp\/v2\/users\/1"}],"replies":[{"embeddable":true,"href":"https:\/\/comunicacaoestrategicacps.com.br\/blog\/wp-json\/wp\/v2\/comments?post=2027"}],"version-history":[{"count":1,"href":"https:\/\/comunicacaoestrategicacps.com.br\/blog\/wp-json\/wp\/v2\/posts\/2027\/revisions"}],"predecessor-version":[{"id":2029,"href":"https:\/\/comunicacaoestrategicacps.com.br\/blog\/wp-json\/wp\/v2\/posts\/2027\/revisions\/2029"}],"wp:featuredmedia":[{"embeddable":true,"href":"https:\/\/comunicacaoestrategicacps.com.br\/blog\/wp-json\/wp\/v2\/media\/2028"}],"wp:attachment":[{"href":"https:\/\/comunicacaoestrategicacps.com.br\/blog\/wp-json\/wp\/v2\/media?parent=2027"}],"wp:term":[{"taxonomy":"category","embeddable":true,"href":"https:\/\/comunicacaoestrategicacps.com.br\/blog\/wp-json\/wp\/v2\/categories?post=2027"},{"taxonomy":"post_tag","embeddable":true,"href":"https:\/\/comunicacaoestrategicacps.com.br\/blog\/wp-json\/wp\/v2\/tags?post=2027"}],"curies":[{"name":"wp","href":"https:\/\/api.w.org\/{rel}","templated":true}]}}