{"id":2034,"date":"2023-05-16T14:06:29","date_gmt":"2023-05-16T17:06:29","guid":{"rendered":"https:\/\/comunicacaoestrategicacps.com.br\/blog\/?p=2034"},"modified":"2023-05-16T14:07:16","modified_gmt":"2023-05-16T17:07:16","slug":"campinas-e-indaiatuba-sao-habilitados-a-participarem-da-estrategia-destinos-turisticos-inteligentes-do-ministerio-do-turismo","status":"publish","type":"post","link":"https:\/\/comunicacaoestrategicacps.com.br\/blog\/campinas-e-indaiatuba-sao-habilitados-a-participarem-da-estrategia-destinos-turisticos-inteligentes-do-ministerio-do-turismo\/","title":{"rendered":"Campinas e Indaiatuba s\u00e3o habilitados a participarem da estrat\u00e9gia &#8220;Destinos Tur\u00edsticos Inteligentes&#8221;, do Minist\u00e9rio do Turismo"},"content":{"rendered":"<!--themify_builder_content-->\n<div id=\"themify_builder_content-2034\" data-postid=\"2034\" class=\"themify_builder_content themify_builder_content-2034 themify_builder tf_clear\">\n    <\/div>\n<!--\/themify_builder_content-->\n\n\n<figure class=\"wp-block-image size-large\"><img loading=\"lazy\" decoding=\"async\" width=\"683\" height=\"1024\" src=\"https:\/\/comunicacaoestrategicacps.com.br\/blog\/wp-content\/uploads\/2023\/05\/Vanderlei-Costa-683x1024.jpg\" alt=\"\" class=\"wp-image-2035\" srcset=\"https:\/\/comunicacaoestrategicacps.com.br\/blog\/wp-content\/uploads\/2023\/05\/Vanderlei-Costa-683x1024.jpg 683w, https:\/\/comunicacaoestrategicacps.com.br\/blog\/wp-content\/uploads\/2023\/05\/Vanderlei-Costa-200x300.jpg 200w, https:\/\/comunicacaoestrategicacps.com.br\/blog\/wp-content\/uploads\/2023\/05\/Vanderlei-Costa-768x1152.jpg 768w, https:\/\/comunicacaoestrategicacps.com.br\/blog\/wp-content\/uploads\/2023\/05\/Vanderlei-Costa-1024x1536.jpg 1024w, https:\/\/comunicacaoestrategicacps.com.br\/blog\/wp-content\/uploads\/2023\/05\/Vanderlei-Costa-1365x2048.jpg 1365w, https:\/\/comunicacaoestrategicacps.com.br\/blog\/wp-content\/uploads\/2023\/05\/Vanderlei-Costa-scaled.jpg 853w\" sizes=\"auto, (max-width: 683px) 100vw, 683px\" \/><\/figure>\n\n\n\n<p><em>Campinas e Regi\u00e3o Convention &amp; Vistors Bureau v\u00ea como positiva a sele\u00e7\u00e3o das duas cidades de sua \u00e1rea de atua\u00e7\u00e3o<\/em><\/p>\n\n\n\n<p>Campinas, 11 de maio de 2023 &#8211; Campinas e Indaiatuba, da Regi\u00e3o Metropolitana de Campinas (RMC), foram dois dos 42 munic\u00edpios brasileiros habilitados pelo Minist\u00e9rio do Turismo (MTur) a fazerem parte da estrat\u00e9gia de Destinos Tur\u00edsticos Inteligentes (DTI). O objetivo da iniciativa \u00e9 oferecer aos selecionados consultoria para realizar diagn\u00f3stico e auxiliar na constru\u00e7\u00e3o de um plano de transforma\u00e7\u00e3o, bem como apoiar no planejamento de um sistema de gest\u00e3o de Destinos Tur\u00edsticos Inteligentes.<\/p>\n\n\n\n<p>Ao todo, 42 munic\u00edpios foram habilitados nesta primeira etapa classificat\u00f3ria e, a partir da\u00ed,&nbsp;ser\u00e3o escolhidos 10 para participarem da estrat\u00e9gia.&nbsp;A divulga\u00e7\u00e3o final da primeira etapa ocorrer\u00e1 no dia 17 de maio, momento em que ser\u00e1 iniciada a fase de an\u00e1lise dos documentos classificat\u00f3rios.<\/p>\n\n\n\n<p>\u201cO DTI \u00e9 uma a\u00e7\u00e3o que transformar\u00e1 realidades, conferindo mais competitividade aos nossos destinos por meio do fortalecimento de eixos estruturantes que se relacionam com o turismo, como acessibilidade, sustentabilidade e inova\u00e7\u00e3o. \u00c9 mais investimento no turismo do nosso Brasil\u201d, destaca a ministra do Turismo, Daniela Carneiro.<\/p>\n\n\n\n<p>As cidades que integrar\u00e3o o projeto que visa transform\u00e1-las em DTIs v\u00e3o passar por um diagn\u00f3stico que apontar\u00e1 uma estrat\u00e9gia para o desenvolvimento do turismo local, al\u00e9m da capacita\u00e7\u00e3o de gestores locais do setor. Os munic\u00edpios definir\u00e3o os seus cronogramas de implanta\u00e7\u00e3o com base nos resultados da avalia\u00e7\u00e3o realizada e de acordo com as principais necessidades e possibilidades de cada um. O trabalho desenvolvido segue nove pilares: Governan\u00e7a; Inova\u00e7\u00e3o; Tecnologia; Sustentabilidade; Acessibilidade; Promo\u00e7\u00e3o e Marketing; Seguran\u00e7a; Mobilidade e Transporte; e Criatividade.<\/p>\n\n\n\n<p>Para participar da estrat\u00e9gia, os munic\u00edpios deveriam estar nas categorias A e B do Mapa do Turismo Brasileiro de 2022, do Programa de Regionaliza\u00e7\u00e3o do Turismo. Al\u00e9m disso, deveriam ser entregues cinco documentos obrigat\u00f3rios para a sua habilita\u00e7\u00e3o, sendo eles: formul\u00e1rio de inscri\u00e7\u00e3o no projeto \u201cEstrat\u00e9gia Nacional DTI Brasil\u201d; planejamento Estrat\u00e9gico de Turismo do \u00d3rg\u00e3o Gestor; carta de compromisso assinada pelo prefeito do munic\u00edpio inscrito como proponente, com estabelecimento do \u00f3rg\u00e3o gestor; rela\u00e7\u00e3o das organiza\u00e7\u00f5es que prestam servi\u00e7os tur\u00edsticos existentes no munic\u00edpio cadastradas no Cadastur, bem como quaisquer institui\u00e7\u00f5es relevantes para o sistema de gest\u00e3o do DTI (Matriz de Partes Interessadas); e documento que determine geograficamente o territ\u00f3rio de atua\u00e7\u00e3o do DTI (ex.: bairro(s), centro hist\u00f3rico, distrito, munic\u00edpio completo).<\/p>\n\n\n\n<p>Os destinos selecionados receber\u00e3o o certificado de \u201cDTI em Transforma\u00e7\u00e3o\u201d, o que n\u00e3o significa que sejam destinos tur\u00edsticos inteligentes, mas que est\u00e3o no caminho para essa transforma\u00e7\u00e3o. Portanto, o munic\u00edpio precisa estar ciente de que somente se comprometendo a executar as a\u00e7\u00f5es estipuladas \u00e9 que poder\u00e1 ser reconhecido como um Destino Tur\u00edstico Inteligente.<\/p>\n\n\n\n<p><strong>ETAPAS<\/strong><\/p>\n\n\n\n<p>Ap\u00f3s a habilita\u00e7\u00e3o, a estrat\u00e9gia se dividir\u00e1 em dois ciclos: o primeiro realizar\u00e1 um diagn\u00f3stico e um planejamento, onde \u00e9 conhecida a situa\u00e7\u00e3o em que a cidade se encontra, sendo o ponto de partida para o desenho de um Plano de Transforma\u00e7\u00e3o que vai apoiar o munic\u00edpio a transformar-se, de fato, em um destino tur\u00edstico inteligente.<\/p>\n\n\n\n<p>A segunda etapa ser\u00e1 a execu\u00e7\u00e3o das a\u00e7\u00f5es contidas no Plano para que o munic\u00edpio consiga o Selo DTI Brasil, que pode ser obtido ap\u00f3s o destino passar por uma auditoria realizada por t\u00e9cnicos do Minist\u00e9rio do Turismo junto a um ou mais representantes do Instituto Ciudades del Futuro \u2013 parceiro do MTur nesta iniciativa. A partir da\u00ed, a cidade entra em um processo de melhoria cont\u00ednua, ampliando sua capacidade de enfrentar novos desafios sociais, pol\u00edticos, tecnol\u00f3gicos e econ\u00f4micos.<\/p>\n\n\n\n<p>Um Destino Tur\u00edstico Inteligente \u00e9 aquele que gerencia seus processos e seu territ\u00f3rio de forma inovadora e sustent\u00e1vel, comprometido com pilares que impactam positivamente a qualidade de vida dos moradores e a experi\u00eancia dos turistas. Al\u00e9m disso, para fazer parte dos Destinos Inteligentes o munic\u00edpio precisa se esfor\u00e7ar em resolver problemas de \u00e1reas como seguran\u00e7a, acessibilidade, infraestrutura, comunica\u00e7\u00e3o, marketing, entre outras, de forma inovadora e com o uso de tecnologias.<\/p>\n\n\n\n<p>O presidente do Campinas e Regi\u00e3o Convention &amp; Visistours Bureau (CRC&amp;VB), Vanderlei Costa, classificou a sele\u00e7\u00e3o de Campinas e Indaiatuba, duas cidades da \u00e1rea de atua\u00e7\u00e3o da entidade, como positiva e promissora para todo o turism regional. \u201cPrimeiro porque mostra o interesse do poder p\u00fablico em qualificar e promover o turismo das cidades, o que vai fazer com que outros munic\u00edpios se movimentem no mesmo sentido. E segundo, a sele\u00e7\u00e3o final tratar\u00e1 impactos positivos para o setor como um todo, refletindo em toda a nossa regi\u00e3o, aumentando as possibilidades de um fluxo maior de turistas e de resultados para a economia\u201d, completa.<\/p>","protected":false},"excerpt":{"rendered":"<p>Campinas e Regi\u00e3o Convention &amp; Vistors Bureau v\u00ea como positiva a sele\u00e7\u00e3o das duas cidades de sua \u00e1rea de atua\u00e7\u00e3o Campinas, 11 de maio de 2023 &#8211; Campinas e Indaiatuba, da Regi\u00e3o Metropolitana de Campinas (RMC), foram dois dos 42 munic\u00edpios brasileiros habilitados pelo Minist\u00e9rio do Turismo (MTur) a fazerem parte da estrat\u00e9gia de Destinos [&hellip;]<\/p>\n","protected":false},"author":1,"featured_media":2035,"comment_status":"open","ping_status":"open","sticky":true,"template":"","format":"standard","meta":{"footnotes":""},"categories":[43],"tags":[],"class_list":["post-2034","post","type-post","status-publish","format-standard","has-post-thumbnail","hentry","category-negocios-e-economia","has-post-title","has-post-date","has-post-category","has-post-tag","has-post-comment","has-post-author",""],"yoast_head":"<!-- This site is optimized with the Yoast SEO plugin v27.4 - https:\/\/yoast.com\/product\/yoast-seo-wordpress\/ -->\n<title>Campinas e Indaiatuba s\u00e3o habilitados a participarem da estrat\u00e9gia &quot;Destinos Tur\u00edsticos Inteligentes&quot;, do Minist\u00e9rio do Turismo - Comunica\u00e7\u00e3o Estrat\u00e9gica<\/title>\n<meta name=\"robots\" content=\"index, follow, max-snippet:-1, max-image-preview:large, max-video-preview:-1\" \/>\n<link rel=\"canonical\" href=\"https:\/\/comunicacaoestrategicacps.com.br\/blog\/campinas-e-indaiatuba-sao-habilitados-a-participarem-da-estrategia-destinos-turisticos-inteligentes-do-ministerio-do-turismo\/\" \/>\n<meta property=\"og:locale\" content=\"pt_BR\" \/>\n<meta property=\"og:type\" content=\"article\" \/>\n<meta property=\"og:title\" content=\"Campinas e Indaiatuba s\u00e3o habilitados a participarem da estrat\u00e9gia &quot;Destinos Tur\u00edsticos Inteligentes&quot;, do Minist\u00e9rio do Turismo - Comunica\u00e7\u00e3o Estrat\u00e9gica\" \/>\n<meta property=\"og:description\" content=\"Campinas e Regi\u00e3o Convention &amp; Vistors Bureau v\u00ea como positiva a sele\u00e7\u00e3o das duas cidades de sua \u00e1rea de atua\u00e7\u00e3o Campinas, 11 de maio de 2023 &#8211; Campinas e Indaiatuba, da Regi\u00e3o Metropolitana de Campinas (RMC), foram dois dos 42 munic\u00edpios brasileiros habilitados pelo Minist\u00e9rio do Turismo (MTur) a fazerem parte da estrat\u00e9gia de Destinos [&hellip;]\" \/>\n<meta property=\"og:url\" content=\"https:\/\/comunicacaoestrategicacps.com.br\/blog\/campinas-e-indaiatuba-sao-habilitados-a-participarem-da-estrategia-destinos-turisticos-inteligentes-do-ministerio-do-turismo\/\" \/>\n<meta property=\"og:site_name\" content=\"Comunica\u00e7\u00e3o Estrat\u00e9gica\" \/>\n<meta property=\"article:published_time\" content=\"2023-05-16T17:06:29+00:00\" \/>\n<meta property=\"article:modified_time\" content=\"2023-05-16T17:07:16+00:00\" \/>\n<meta property=\"og:image\" content=\"https:\/\/comunicacaoestrategicacps.com.br\/blog\/wp-content\/uploads\/2023\/05\/Vanderlei-Costa-scaled.jpg\" \/>\n\t<meta property=\"og:image:width\" content=\"853\" \/>\n\t<meta property=\"og:image:height\" content=\"1280\" \/>\n\t<meta property=\"og:image:type\" content=\"image\/jpeg\" \/>\n<meta name=\"author\" content=\"admin\" \/>\n<meta name=\"twitter:card\" content=\"summary_large_image\" \/>\n<meta name=\"twitter:label1\" content=\"Escrito por\" \/>\n\t<meta name=\"twitter:data1\" content=\"admin\" \/>\n\t<meta name=\"twitter:label2\" content=\"Est. tempo de leitura\" \/>\n\t<meta name=\"twitter:data2\" content=\"5 minutos\" \/>\n<script type=\"application\/ld+json\" class=\"yoast-schema-graph\">{\"@context\":\"https:\\\/\\\/schema.org\",\"@graph\":[{\"@type\":\"Article\",\"@id\":\"https:\\\/\\\/comunicacaoestrategicacps.com.br\\\/blog\\\/campinas-e-indaiatuba-sao-habilitados-a-participarem-da-estrategia-destinos-turisticos-inteligentes-do-ministerio-do-turismo\\\/#article\",\"isPartOf\":{\"@id\":\"https:\\\/\\\/comunicacaoestrategicacps.com.br\\\/blog\\\/campinas-e-indaiatuba-sao-habilitados-a-participarem-da-estrategia-destinos-turisticos-inteligentes-do-ministerio-do-turismo\\\/\"},\"author\":{\"name\":\"admin\",\"@id\":\"https:\\\/\\\/comunicacaoestrategicacps.com.br\\\/blog\\\/#\\\/schema\\\/person\\\/8d447568a01edd36a56dbbcb702b02fc\"},\"headline\":\"Campinas e Indaiatuba s\u00e3o habilitados a participarem da estrat\u00e9gia &#8220;Destinos Tur\u00edsticos Inteligentes&#8221;, do Minist\u00e9rio do Turismo\",\"datePublished\":\"2023-05-16T17:06:29+00:00\",\"dateModified\":\"2023-05-16T17:07:16+00:00\",\"mainEntityOfPage\":{\"@id\":\"https:\\\/\\\/comunicacaoestrategicacps.com.br\\\/blog\\\/campinas-e-indaiatuba-sao-habilitados-a-participarem-da-estrategia-destinos-turisticos-inteligentes-do-ministerio-do-turismo\\\/\"},\"wordCount\":861,\"commentCount\":0,\"image\":{\"@id\":\"https:\\\/\\\/comunicacaoestrategicacps.com.br\\\/blog\\\/campinas-e-indaiatuba-sao-habilitados-a-participarem-da-estrategia-destinos-turisticos-inteligentes-do-ministerio-do-turismo\\\/#primaryimage\"},\"thumbnailUrl\":\"https:\\\/\\\/comunicacaoestrategicacps.com.br\\\/blog\\\/wp-content\\\/uploads\\\/2023\\\/05\\\/Vanderlei-Costa-scaled.jpg\",\"articleSection\":[\"Neg\u00f3cios e Economia\"],\"inLanguage\":\"pt-BR\",\"potentialAction\":[{\"@type\":\"CommentAction\",\"name\":\"Comment\",\"target\":[\"https:\\\/\\\/comunicacaoestrategicacps.com.br\\\/blog\\\/campinas-e-indaiatuba-sao-habilitados-a-participarem-da-estrategia-destinos-turisticos-inteligentes-do-ministerio-do-turismo\\\/#respond\"]}]},{\"@type\":\"WebPage\",\"@id\":\"https:\\\/\\\/comunicacaoestrategicacps.com.br\\\/blog\\\/campinas-e-indaiatuba-sao-habilitados-a-participarem-da-estrategia-destinos-turisticos-inteligentes-do-ministerio-do-turismo\\\/\",\"url\":\"https:\\\/\\\/comunicacaoestrategicacps.com.br\\\/blog\\\/campinas-e-indaiatuba-sao-habilitados-a-participarem-da-estrategia-destinos-turisticos-inteligentes-do-ministerio-do-turismo\\\/\",\"name\":\"Campinas e Indaiatuba s\u00e3o habilitados a participarem da estrat\u00e9gia \\\"Destinos Tur\u00edsticos Inteligentes\\\", do Minist\u00e9rio do Turismo - Comunica\u00e7\u00e3o Estrat\u00e9gica\",\"isPartOf\":{\"@id\":\"https:\\\/\\\/comunicacaoestrategicacps.com.br\\\/blog\\\/#website\"},\"primaryImageOfPage\":{\"@id\":\"https:\\\/\\\/comunicacaoestrategicacps.com.br\\\/blog\\\/campinas-e-indaiatuba-sao-habilitados-a-participarem-da-estrategia-destinos-turisticos-inteligentes-do-ministerio-do-turismo\\\/#primaryimage\"},\"image\":{\"@id\":\"https:\\\/\\\/comunicacaoestrategicacps.com.br\\\/blog\\\/campinas-e-indaiatuba-sao-habilitados-a-participarem-da-estrategia-destinos-turisticos-inteligentes-do-ministerio-do-turismo\\\/#primaryimage\"},\"thumbnailUrl\":\"https:\\\/\\\/comunicacaoestrategicacps.com.br\\\/blog\\\/wp-content\\\/uploads\\\/2023\\\/05\\\/Vanderlei-Costa-scaled.jpg\",\"datePublished\":\"2023-05-16T17:06:29+00:00\",\"dateModified\":\"2023-05-16T17:07:16+00:00\",\"author\":{\"@id\":\"https:\\\/\\\/comunicacaoestrategicacps.com.br\\\/blog\\\/#\\\/schema\\\/person\\\/8d447568a01edd36a56dbbcb702b02fc\"},\"breadcrumb\":{\"@id\":\"https:\\\/\\\/comunicacaoestrategicacps.com.br\\\/blog\\\/campinas-e-indaiatuba-sao-habilitados-a-participarem-da-estrategia-destinos-turisticos-inteligentes-do-ministerio-do-turismo\\\/#breadcrumb\"},\"inLanguage\":\"pt-BR\",\"potentialAction\":[{\"@type\":\"ReadAction\",\"target\":[\"https:\\\/\\\/comunicacaoestrategicacps.com.br\\\/blog\\\/campinas-e-indaiatuba-sao-habilitados-a-participarem-da-estrategia-destinos-turisticos-inteligentes-do-ministerio-do-turismo\\\/\"]}]},{\"@type\":\"ImageObject\",\"inLanguage\":\"pt-BR\",\"@id\":\"https:\\\/\\\/comunicacaoestrategicacps.com.br\\\/blog\\\/campinas-e-indaiatuba-sao-habilitados-a-participarem-da-estrategia-destinos-turisticos-inteligentes-do-ministerio-do-turismo\\\/#primaryimage\",\"url\":\"https:\\\/\\\/comunicacaoestrategicacps.com.br\\\/blog\\\/wp-content\\\/uploads\\\/2023\\\/05\\\/Vanderlei-Costa-scaled.jpg\",\"contentUrl\":\"https:\\\/\\\/comunicacaoestrategicacps.com.br\\\/blog\\\/wp-content\\\/uploads\\\/2023\\\/05\\\/Vanderlei-Costa-scaled.jpg\",\"width\":853,\"height\":1280},{\"@type\":\"BreadcrumbList\",\"@id\":\"https:\\\/\\\/comunicacaoestrategicacps.com.br\\\/blog\\\/campinas-e-indaiatuba-sao-habilitados-a-participarem-da-estrategia-destinos-turisticos-inteligentes-do-ministerio-do-turismo\\\/#breadcrumb\",\"itemListElement\":[{\"@type\":\"ListItem\",\"position\":1,\"name\":\"In\u00edcio\",\"item\":\"https:\\\/\\\/comunicacaoestrategicacps.com.br\\\/blog\\\/\"},{\"@type\":\"ListItem\",\"position\":2,\"name\":\"Campinas e Indaiatuba s\u00e3o habilitados a participarem da estrat\u00e9gia &#8220;Destinos Tur\u00edsticos Inteligentes&#8221;, do Minist\u00e9rio do Turismo\"}]},{\"@type\":\"WebSite\",\"@id\":\"https:\\\/\\\/comunicacaoestrategicacps.com.br\\\/blog\\\/#website\",\"url\":\"https:\\\/\\\/comunicacaoestrategicacps.com.br\\\/blog\\\/\",\"name\":\"Comunica\u00e7\u00e3o Estrat\u00e9gica\",\"description\":\"Comunica\u00e7\u00e3o Estrat\u00e9gica  - Assessoria de Imprensa\",\"potentialAction\":[{\"@type\":\"SearchAction\",\"target\":{\"@type\":\"EntryPoint\",\"urlTemplate\":\"https:\\\/\\\/comunicacaoestrategicacps.com.br\\\/blog\\\/?s={search_term_string}\"},\"query-input\":{\"@type\":\"PropertyValueSpecification\",\"valueRequired\":true,\"valueName\":\"search_term_string\"}}],\"inLanguage\":\"pt-BR\"},{\"@type\":\"Person\",\"@id\":\"https:\\\/\\\/comunicacaoestrategicacps.com.br\\\/blog\\\/#\\\/schema\\\/person\\\/8d447568a01edd36a56dbbcb702b02fc\",\"name\":\"admin\",\"image\":{\"@type\":\"ImageObject\",\"inLanguage\":\"pt-BR\",\"@id\":\"https:\\\/\\\/secure.gravatar.com\\\/avatar\\\/2cc026ea89b57b9d913d4ce5b90a0490046c0c9048a129e24cc44313a90d3f77?s=96&d=mm&r=g\",\"url\":\"https:\\\/\\\/secure.gravatar.com\\\/avatar\\\/2cc026ea89b57b9d913d4ce5b90a0490046c0c9048a129e24cc44313a90d3f77?s=96&d=mm&r=g\",\"contentUrl\":\"https:\\\/\\\/secure.gravatar.com\\\/avatar\\\/2cc026ea89b57b9d913d4ce5b90a0490046c0c9048a129e24cc44313a90d3f77?s=96&d=mm&r=g\",\"caption\":\"admin\"},\"url\":\"https:\\\/\\\/comunicacaoestrategicacps.com.br\\\/blog\\\/author\\\/admin\\\/\"}]}<\/script>\n<!-- \/ Yoast SEO plugin. -->","yoast_head_json":{"title":"Campinas e Indaiatuba s\u00e3o habilitados a participarem da estrat\u00e9gia \"Destinos Tur\u00edsticos Inteligentes\", do Minist\u00e9rio do Turismo - Comunica\u00e7\u00e3o Estrat\u00e9gica","robots":{"index":"index","follow":"follow","max-snippet":"max-snippet:-1","max-image-preview":"max-image-preview:large","max-video-preview":"max-video-preview:-1"},"canonical":"https:\/\/comunicacaoestrategicacps.com.br\/blog\/campinas-e-indaiatuba-sao-habilitados-a-participarem-da-estrategia-destinos-turisticos-inteligentes-do-ministerio-do-turismo\/","og_locale":"pt_BR","og_type":"article","og_title":"Campinas e Indaiatuba s\u00e3o habilitados a participarem da estrat\u00e9gia \"Destinos Tur\u00edsticos Inteligentes\", do Minist\u00e9rio do Turismo - Comunica\u00e7\u00e3o Estrat\u00e9gica","og_description":"Campinas e Regi\u00e3o Convention &amp; Vistors Bureau v\u00ea como positiva a sele\u00e7\u00e3o das duas cidades de sua \u00e1rea de atua\u00e7\u00e3o Campinas, 11 de maio de 2023 &#8211; Campinas e Indaiatuba, da Regi\u00e3o Metropolitana de Campinas (RMC), foram dois dos 42 munic\u00edpios brasileiros habilitados pelo Minist\u00e9rio do Turismo (MTur) a fazerem parte da estrat\u00e9gia de Destinos [&hellip;]","og_url":"https:\/\/comunicacaoestrategicacps.com.br\/blog\/campinas-e-indaiatuba-sao-habilitados-a-participarem-da-estrategia-destinos-turisticos-inteligentes-do-ministerio-do-turismo\/","og_site_name":"Comunica\u00e7\u00e3o Estrat\u00e9gica","article_published_time":"2023-05-16T17:06:29+00:00","article_modified_time":"2023-05-16T17:07:16+00:00","og_image":[{"width":853,"height":1280,"url":"https:\/\/comunicacaoestrategicacps.com.br\/blog\/wp-content\/uploads\/2023\/05\/Vanderlei-Costa-scaled.jpg","type":"image\/jpeg"}],"author":"admin","twitter_card":"summary_large_image","twitter_misc":{"Escrito por":"admin","Est. tempo de leitura":"5 minutos"},"schema":{"@context":"https:\/\/schema.org","@graph":[{"@type":"Article","@id":"https:\/\/comunicacaoestrategicacps.com.br\/blog\/campinas-e-indaiatuba-sao-habilitados-a-participarem-da-estrategia-destinos-turisticos-inteligentes-do-ministerio-do-turismo\/#article","isPartOf":{"@id":"https:\/\/comunicacaoestrategicacps.com.br\/blog\/campinas-e-indaiatuba-sao-habilitados-a-participarem-da-estrategia-destinos-turisticos-inteligentes-do-ministerio-do-turismo\/"},"author":{"name":"admin","@id":"https:\/\/comunicacaoestrategicacps.com.br\/blog\/#\/schema\/person\/8d447568a01edd36a56dbbcb702b02fc"},"headline":"Campinas e Indaiatuba s\u00e3o habilitados a participarem da estrat\u00e9gia &#8220;Destinos Tur\u00edsticos Inteligentes&#8221;, do Minist\u00e9rio do Turismo","datePublished":"2023-05-16T17:06:29+00:00","dateModified":"2023-05-16T17:07:16+00:00","mainEntityOfPage":{"@id":"https:\/\/comunicacaoestrategicacps.com.br\/blog\/campinas-e-indaiatuba-sao-habilitados-a-participarem-da-estrategia-destinos-turisticos-inteligentes-do-ministerio-do-turismo\/"},"wordCount":861,"commentCount":0,"image":{"@id":"https:\/\/comunicacaoestrategicacps.com.br\/blog\/campinas-e-indaiatuba-sao-habilitados-a-participarem-da-estrategia-destinos-turisticos-inteligentes-do-ministerio-do-turismo\/#primaryimage"},"thumbnailUrl":"https:\/\/comunicacaoestrategicacps.com.br\/blog\/wp-content\/uploads\/2023\/05\/Vanderlei-Costa-scaled.jpg","articleSection":["Neg\u00f3cios e Economia"],"inLanguage":"pt-BR","potentialAction":[{"@type":"CommentAction","name":"Comment","target":["https:\/\/comunicacaoestrategicacps.com.br\/blog\/campinas-e-indaiatuba-sao-habilitados-a-participarem-da-estrategia-destinos-turisticos-inteligentes-do-ministerio-do-turismo\/#respond"]}]},{"@type":"WebPage","@id":"https:\/\/comunicacaoestrategicacps.com.br\/blog\/campinas-e-indaiatuba-sao-habilitados-a-participarem-da-estrategia-destinos-turisticos-inteligentes-do-ministerio-do-turismo\/","url":"https:\/\/comunicacaoestrategicacps.com.br\/blog\/campinas-e-indaiatuba-sao-habilitados-a-participarem-da-estrategia-destinos-turisticos-inteligentes-do-ministerio-do-turismo\/","name":"Campinas e Indaiatuba s\u00e3o habilitados a participarem da estrat\u00e9gia \"Destinos Tur\u00edsticos Inteligentes\", do Minist\u00e9rio do Turismo - Comunica\u00e7\u00e3o Estrat\u00e9gica","isPartOf":{"@id":"https:\/\/comunicacaoestrategicacps.com.br\/blog\/#website"},"primaryImageOfPage":{"@id":"https:\/\/comunicacaoestrategicacps.com.br\/blog\/campinas-e-indaiatuba-sao-habilitados-a-participarem-da-estrategia-destinos-turisticos-inteligentes-do-ministerio-do-turismo\/#primaryimage"},"image":{"@id":"https:\/\/comunicacaoestrategicacps.com.br\/blog\/campinas-e-indaiatuba-sao-habilitados-a-participarem-da-estrategia-destinos-turisticos-inteligentes-do-ministerio-do-turismo\/#primaryimage"},"thumbnailUrl":"https:\/\/comunicacaoestrategicacps.com.br\/blog\/wp-content\/uploads\/2023\/05\/Vanderlei-Costa-scaled.jpg","datePublished":"2023-05-16T17:06:29+00:00","dateModified":"2023-05-16T17:07:16+00:00","author":{"@id":"https:\/\/comunicacaoestrategicacps.com.br\/blog\/#\/schema\/person\/8d447568a01edd36a56dbbcb702b02fc"},"breadcrumb":{"@id":"https:\/\/comunicacaoestrategicacps.com.br\/blog\/campinas-e-indaiatuba-sao-habilitados-a-participarem-da-estrategia-destinos-turisticos-inteligentes-do-ministerio-do-turismo\/#breadcrumb"},"inLanguage":"pt-BR","potentialAction":[{"@type":"ReadAction","target":["https:\/\/comunicacaoestrategicacps.com.br\/blog\/campinas-e-indaiatuba-sao-habilitados-a-participarem-da-estrategia-destinos-turisticos-inteligentes-do-ministerio-do-turismo\/"]}]},{"@type":"ImageObject","inLanguage":"pt-BR","@id":"https:\/\/comunicacaoestrategicacps.com.br\/blog\/campinas-e-indaiatuba-sao-habilitados-a-participarem-da-estrategia-destinos-turisticos-inteligentes-do-ministerio-do-turismo\/#primaryimage","url":"https:\/\/comunicacaoestrategicacps.com.br\/blog\/wp-content\/uploads\/2023\/05\/Vanderlei-Costa-scaled.jpg","contentUrl":"https:\/\/comunicacaoestrategicacps.com.br\/blog\/wp-content\/uploads\/2023\/05\/Vanderlei-Costa-scaled.jpg","width":853,"height":1280},{"@type":"BreadcrumbList","@id":"https:\/\/comunicacaoestrategicacps.com.br\/blog\/campinas-e-indaiatuba-sao-habilitados-a-participarem-da-estrategia-destinos-turisticos-inteligentes-do-ministerio-do-turismo\/#breadcrumb","itemListElement":[{"@type":"ListItem","position":1,"name":"In\u00edcio","item":"https:\/\/comunicacaoestrategicacps.com.br\/blog\/"},{"@type":"ListItem","position":2,"name":"Campinas e Indaiatuba s\u00e3o habilitados a participarem da estrat\u00e9gia &#8220;Destinos Tur\u00edsticos Inteligentes&#8221;, do Minist\u00e9rio do Turismo"}]},{"@type":"WebSite","@id":"https:\/\/comunicacaoestrategicacps.com.br\/blog\/#website","url":"https:\/\/comunicacaoestrategicacps.com.br\/blog\/","name":"Comunica\u00e7\u00e3o Estrat\u00e9gica","description":"Comunica\u00e7\u00e3o Estrat\u00e9gica  - Assessoria de Imprensa","potentialAction":[{"@type":"SearchAction","target":{"@type":"EntryPoint","urlTemplate":"https:\/\/comunicacaoestrategicacps.com.br\/blog\/?s={search_term_string}"},"query-input":{"@type":"PropertyValueSpecification","valueRequired":true,"valueName":"search_term_string"}}],"inLanguage":"pt-BR"},{"@type":"Person","@id":"https:\/\/comunicacaoestrategicacps.com.br\/blog\/#\/schema\/person\/8d447568a01edd36a56dbbcb702b02fc","name":"admin","image":{"@type":"ImageObject","inLanguage":"pt-BR","@id":"https:\/\/secure.gravatar.com\/avatar\/2cc026ea89b57b9d913d4ce5b90a0490046c0c9048a129e24cc44313a90d3f77?s=96&d=mm&r=g","url":"https:\/\/secure.gravatar.com\/avatar\/2cc026ea89b57b9d913d4ce5b90a0490046c0c9048a129e24cc44313a90d3f77?s=96&d=mm&r=g","contentUrl":"https:\/\/secure.gravatar.com\/avatar\/2cc026ea89b57b9d913d4ce5b90a0490046c0c9048a129e24cc44313a90d3f77?s=96&d=mm&r=g","caption":"admin"},"url":"https:\/\/comunicacaoestrategicacps.com.br\/blog\/author\/admin\/"}]}},"builder_content":"","_links":{"self":[{"href":"https:\/\/comunicacaoestrategicacps.com.br\/blog\/wp-json\/wp\/v2\/posts\/2034","targetHints":{"allow":["GET"]}}],"collection":[{"href":"https:\/\/comunicacaoestrategicacps.com.br\/blog\/wp-json\/wp\/v2\/posts"}],"about":[{"href":"https:\/\/comunicacaoestrategicacps.com.br\/blog\/wp-json\/wp\/v2\/types\/post"}],"author":[{"embeddable":true,"href":"https:\/\/comunicacaoestrategicacps.com.br\/blog\/wp-json\/wp\/v2\/users\/1"}],"replies":[{"embeddable":true,"href":"https:\/\/comunicacaoestrategicacps.com.br\/blog\/wp-json\/wp\/v2\/comments?post=2034"}],"version-history":[{"count":4,"href":"https:\/\/comunicacaoestrategicacps.com.br\/blog\/wp-json\/wp\/v2\/posts\/2034\/revisions"}],"predecessor-version":[{"id":2039,"href":"https:\/\/comunicacaoestrategicacps.com.br\/blog\/wp-json\/wp\/v2\/posts\/2034\/revisions\/2039"}],"wp:featuredmedia":[{"embeddable":true,"href":"https:\/\/comunicacaoestrategicacps.com.br\/blog\/wp-json\/wp\/v2\/media\/2035"}],"wp:attachment":[{"href":"https:\/\/comunicacaoestrategicacps.com.br\/blog\/wp-json\/wp\/v2\/media?parent=2034"}],"wp:term":[{"taxonomy":"category","embeddable":true,"href":"https:\/\/comunicacaoestrategicacps.com.br\/blog\/wp-json\/wp\/v2\/categories?post=2034"},{"taxonomy":"post_tag","embeddable":true,"href":"https:\/\/comunicacaoestrategicacps.com.br\/blog\/wp-json\/wp\/v2\/tags?post=2034"}],"curies":[{"name":"wp","href":"https:\/\/api.w.org\/{rel}","templated":true}]}}