{"id":2040,"date":"2023-05-16T14:08:27","date_gmt":"2023-05-16T17:08:27","guid":{"rendered":"https:\/\/comunicacaoestrategicacps.com.br\/blog\/?p=2040"},"modified":"2023-05-16T14:08:28","modified_gmt":"2023-05-16T17:08:28","slug":"pesquisa-mostra-77-dos-empresarios-da-regional-campinas-da-abrasel-esperam-aumento-no-faturamento-no-dia-das-maes","status":"publish","type":"post","link":"https:\/\/comunicacaoestrategicacps.com.br\/blog\/pesquisa-mostra-77-dos-empresarios-da-regional-campinas-da-abrasel-esperam-aumento-no-faturamento-no-dia-das-maes\/","title":{"rendered":"Pesquisa mostra 77% dos empres\u00e1rios da Regional Campinas da Abrasel esperam aumento no faturamento no Dia das M\u00e3es"},"content":{"rendered":"<!--themify_builder_content-->\n<div id=\"themify_builder_content-2040\" data-postid=\"2040\" class=\"themify_builder_content themify_builder_content-2040 themify_builder tf_clear\">\n    <\/div>\n<!--\/themify_builder_content-->\n\n\n<figure class=\"wp-block-image size-large\"><img loading=\"lazy\" decoding=\"async\" width=\"1024\" height=\"682\" src=\"https:\/\/comunicacaoestrategicacps.com.br\/blog\/wp-content\/uploads\/2023\/05\/Matheus-mason-01-1024x682.jpg\" alt=\"\" class=\"wp-image-2041\" srcset=\"https:\/\/comunicacaoestrategicacps.com.br\/blog\/wp-content\/uploads\/2023\/05\/Matheus-mason-01-1024x682.jpg 1024w, https:\/\/comunicacaoestrategicacps.com.br\/blog\/wp-content\/uploads\/2023\/05\/Matheus-mason-01-300x200.jpg 300w, https:\/\/comunicacaoestrategicacps.com.br\/blog\/wp-content\/uploads\/2023\/05\/Matheus-mason-01-768x512.jpg 768w, https:\/\/comunicacaoestrategicacps.com.br\/blog\/wp-content\/uploads\/2023\/05\/Matheus-mason-01.jpg 1280w\" sizes=\"auto, (max-width: 1024px) 100vw, 1024px\" \/><\/figure>\n\n\n\n<p><em>D\u00edvidas e empr\u00e9stimos ainda pressionam os estabelecimentos, que t\u00eam alto n\u00famero de empresas operando sem lucro<\/em><\/p>\n\n\n\n<p>Campinas, 11 de maio de 2023 &#8211; A expectativa \u00e9 boa para o Dia das M\u00e3es, no pr\u00f3ximo domingo (14 de maio), de acordo com uma pesquisa nacional realizada pela Abrasel (Associa\u00e7\u00e3o Brasileira de Bares e Restaurantes). O levantamento consultou empresas de todos os portes e regi\u00f5es do pa\u00eds e revelou que 79% dos bares e restaurantes esperam aumento no faturamento em rela\u00e7\u00e3o ao mesmo per\u00edodo do ano passado. Na \u00e1rea da Regional Campinas, com cerca de 50 munic\u00edpios, o \u00edndice atinge 77%.<\/p>\n\n\n\n<p>Segundo a pesquisa nacional, 14% das empresas consultadas acreditam que o faturamento n\u00e3o deve apresentar altera\u00e7\u00e3o em rela\u00e7\u00e3o ao ano anterior e 7% esperam queda nas vendas. O aumento esperado \u00e9 de at\u00e9 10% para 30% dos entrevistados, enquanto outros 30% esperam um aumento mais expressivo, entre 11% e 30%.<\/p>\n\n\n\n<p>No caso da Abrasel Regional Campinas, 77% dos empres\u00e1rios acreditam que haver\u00e1 aumento do faturamento no Dia das M\u00e3es; 17% n\u00e3o espera aumento, 6% avaliam que ir\u00e3o faturar abaixo em rela\u00e7\u00e3o a um domingo normal. Sobre a perspectiva de aumento, 4% esperam aumento de at\u00e9 5% no faturamento, 17% aumento entre 6% e 10%, 29% aumento entre 11% e 20%, 12% aumento entre 21 e 30%, e 15% acima de 30%.<\/p>\n\n\n\n<p>Segundo Matheus Mason, presidente da Abrasel Regional Campinas, a expectativa do setor para este ano \u00e9 bastante positiva, assim como foi no ano passado, primeiro ano ap\u00f3s a pandemia e sem as medidas restritivas. \u201cO Dia das M\u00e3es \u00e9 uma data significativa para o nosso setor, especialmente para os estabelecimentos trabalham com espa\u00e7o grande e atendimento a fam\u00edlias\u201d, conta. \u201cO Dia das M\u00e3es \u00e9 um dia em que as fam\u00edlias saem de casas para comemorar a data\u201d, explica Mason.<\/p>\n\n\n\n<p>A pesquisa mediu tamb\u00e9m a situa\u00e7\u00e3o em rela\u00e7\u00e3o ao desempenho no m\u00eas de mar\u00e7o. Entre as empresas associadas da Regional Campinas, 45% trabalharam com lucro no m\u00eas de mar\u00e7o, 18% tiveram preju\u00edzo e 37% ficaram est\u00e1veis.<\/p>\n\n\n\n<p>A pesquisa ouviu os empres\u00e1rios sobre a expectativa de renegociar os d\u00e9bitos, usando a lei sancionada pelo governo em abril: 33% disseram que tentar\u00e3o renegociar o prazo dos empr\u00e9stimos, 42% n\u00e3o pretendem fazer isso e 26% ainda n\u00e3o se decidiram. Sobre empr\u00e9stimos e inadimpl\u00eancia, 64% das empesas t\u00eam empr\u00e9stimos banc\u00e1rios contratados. A inadimpl\u00eancia na regional \u00e9 de 17% entre os que tomaram dinheiro de linhas regulares e de 14% entre os que aderiram ao Pronampe.<\/p>\n\n\n\n<p>Finalizando, a pesquisa abordou a quest\u00e3o d\u00edvidas. Hoje, 27% das empresas possuem pagamentos em atraso (encargos, impostos, alugue, dentre outros). A maior parte das que devem t\u00eam atraso em rela\u00e7\u00e3o a impostos federais: 76%.<\/p>\n\n\n\n<p>\u201c\u00c9 preciso muita aten\u00e7\u00e3o para que as renegocia\u00e7\u00f5es do Pronampe aconte\u00e7am sem amarras. E tamb\u00e9m estamos de olho no Senado, onde ser\u00e1 decidida a entrada do nosso setor no Perse &#8211; as d\u00edvidas voltaram a aumentar e, sem alguma ajuda para resolver a quest\u00e3o dos impostos atrasados, muitos ir\u00e3o fechar as portas\u201d, completa Solmucci.<\/p>","protected":false},"excerpt":{"rendered":"<p>D\u00edvidas e empr\u00e9stimos ainda pressionam os estabelecimentos, que t\u00eam alto n\u00famero de empresas operando sem lucro Campinas, 11 de maio de 2023 &#8211; A expectativa \u00e9 boa para o Dia das M\u00e3es, no pr\u00f3ximo domingo (14 de maio), de acordo com uma pesquisa nacional realizada pela Abrasel (Associa\u00e7\u00e3o Brasileira de Bares e Restaurantes). O levantamento [&hellip;]<\/p>\n","protected":false},"author":1,"featured_media":2041,"comment_status":"open","ping_status":"open","sticky":true,"template":"","format":"standard","meta":{"footnotes":""},"categories":[43],"tags":[],"class_list":["post-2040","post","type-post","status-publish","format-standard","has-post-thumbnail","hentry","category-negocios-e-economia","has-post-title","has-post-date","has-post-category","has-post-tag","has-post-comment","has-post-author",""],"yoast_head":"<!-- This site is optimized with the Yoast SEO plugin v27.4 - https:\/\/yoast.com\/product\/yoast-seo-wordpress\/ -->\n<title>Pesquisa mostra 77% dos empres\u00e1rios da Regional Campinas da Abrasel esperam aumento no faturamento no Dia das M\u00e3es - Comunica\u00e7\u00e3o Estrat\u00e9gica<\/title>\n<meta name=\"robots\" content=\"index, follow, max-snippet:-1, max-image-preview:large, max-video-preview:-1\" \/>\n<link rel=\"canonical\" href=\"https:\/\/comunicacaoestrategicacps.com.br\/blog\/pesquisa-mostra-77-dos-empresarios-da-regional-campinas-da-abrasel-esperam-aumento-no-faturamento-no-dia-das-maes\/\" \/>\n<meta property=\"og:locale\" content=\"pt_BR\" \/>\n<meta property=\"og:type\" content=\"article\" \/>\n<meta property=\"og:title\" content=\"Pesquisa mostra 77% dos empres\u00e1rios da Regional Campinas da Abrasel esperam aumento no faturamento no Dia das M\u00e3es - Comunica\u00e7\u00e3o Estrat\u00e9gica\" \/>\n<meta property=\"og:description\" content=\"D\u00edvidas e empr\u00e9stimos ainda pressionam os estabelecimentos, que t\u00eam alto n\u00famero de empresas operando sem lucro Campinas, 11 de maio de 2023 &#8211; A expectativa \u00e9 boa para o Dia das M\u00e3es, no pr\u00f3ximo domingo (14 de maio), de acordo com uma pesquisa nacional realizada pela Abrasel (Associa\u00e7\u00e3o Brasileira de Bares e Restaurantes). O levantamento [&hellip;]\" \/>\n<meta property=\"og:url\" content=\"https:\/\/comunicacaoestrategicacps.com.br\/blog\/pesquisa-mostra-77-dos-empresarios-da-regional-campinas-da-abrasel-esperam-aumento-no-faturamento-no-dia-das-maes\/\" \/>\n<meta property=\"og:site_name\" content=\"Comunica\u00e7\u00e3o Estrat\u00e9gica\" \/>\n<meta property=\"article:published_time\" content=\"2023-05-16T17:08:27+00:00\" \/>\n<meta property=\"article:modified_time\" content=\"2023-05-16T17:08:28+00:00\" \/>\n<meta property=\"og:image\" content=\"https:\/\/comunicacaoestrategicacps.com.br\/blog\/wp-content\/uploads\/2023\/05\/Matheus-mason-01.jpg\" \/>\n\t<meta property=\"og:image:width\" content=\"1280\" \/>\n\t<meta property=\"og:image:height\" content=\"853\" \/>\n\t<meta property=\"og:image:type\" content=\"image\/jpeg\" \/>\n<meta name=\"author\" content=\"admin\" \/>\n<meta name=\"twitter:card\" content=\"summary_large_image\" \/>\n<meta name=\"twitter:label1\" content=\"Escrito por\" \/>\n\t<meta name=\"twitter:data1\" content=\"admin\" \/>\n\t<meta name=\"twitter:label2\" content=\"Est. tempo de leitura\" \/>\n\t<meta name=\"twitter:data2\" content=\"3 minutos\" \/>\n<script type=\"application\/ld+json\" class=\"yoast-schema-graph\">{\"@context\":\"https:\\\/\\\/schema.org\",\"@graph\":[{\"@type\":\"Article\",\"@id\":\"https:\\\/\\\/comunicacaoestrategicacps.com.br\\\/blog\\\/pesquisa-mostra-77-dos-empresarios-da-regional-campinas-da-abrasel-esperam-aumento-no-faturamento-no-dia-das-maes\\\/#article\",\"isPartOf\":{\"@id\":\"https:\\\/\\\/comunicacaoestrategicacps.com.br\\\/blog\\\/pesquisa-mostra-77-dos-empresarios-da-regional-campinas-da-abrasel-esperam-aumento-no-faturamento-no-dia-das-maes\\\/\"},\"author\":{\"name\":\"admin\",\"@id\":\"https:\\\/\\\/comunicacaoestrategicacps.com.br\\\/blog\\\/#\\\/schema\\\/person\\\/8d447568a01edd36a56dbbcb702b02fc\"},\"headline\":\"Pesquisa mostra 77% dos empres\u00e1rios da Regional Campinas da Abrasel esperam aumento no faturamento no Dia das M\u00e3es\",\"datePublished\":\"2023-05-16T17:08:27+00:00\",\"dateModified\":\"2023-05-16T17:08:28+00:00\",\"mainEntityOfPage\":{\"@id\":\"https:\\\/\\\/comunicacaoestrategicacps.com.br\\\/blog\\\/pesquisa-mostra-77-dos-empresarios-da-regional-campinas-da-abrasel-esperam-aumento-no-faturamento-no-dia-das-maes\\\/\"},\"wordCount\":528,\"commentCount\":0,\"image\":{\"@id\":\"https:\\\/\\\/comunicacaoestrategicacps.com.br\\\/blog\\\/pesquisa-mostra-77-dos-empresarios-da-regional-campinas-da-abrasel-esperam-aumento-no-faturamento-no-dia-das-maes\\\/#primaryimage\"},\"thumbnailUrl\":\"https:\\\/\\\/comunicacaoestrategicacps.com.br\\\/blog\\\/wp-content\\\/uploads\\\/2023\\\/05\\\/Matheus-mason-01.jpg\",\"articleSection\":[\"Neg\u00f3cios e Economia\"],\"inLanguage\":\"pt-BR\",\"potentialAction\":[{\"@type\":\"CommentAction\",\"name\":\"Comment\",\"target\":[\"https:\\\/\\\/comunicacaoestrategicacps.com.br\\\/blog\\\/pesquisa-mostra-77-dos-empresarios-da-regional-campinas-da-abrasel-esperam-aumento-no-faturamento-no-dia-das-maes\\\/#respond\"]}]},{\"@type\":\"WebPage\",\"@id\":\"https:\\\/\\\/comunicacaoestrategicacps.com.br\\\/blog\\\/pesquisa-mostra-77-dos-empresarios-da-regional-campinas-da-abrasel-esperam-aumento-no-faturamento-no-dia-das-maes\\\/\",\"url\":\"https:\\\/\\\/comunicacaoestrategicacps.com.br\\\/blog\\\/pesquisa-mostra-77-dos-empresarios-da-regional-campinas-da-abrasel-esperam-aumento-no-faturamento-no-dia-das-maes\\\/\",\"name\":\"Pesquisa mostra 77% dos empres\u00e1rios da Regional Campinas da Abrasel esperam aumento no faturamento no Dia das M\u00e3es - Comunica\u00e7\u00e3o Estrat\u00e9gica\",\"isPartOf\":{\"@id\":\"https:\\\/\\\/comunicacaoestrategicacps.com.br\\\/blog\\\/#website\"},\"primaryImageOfPage\":{\"@id\":\"https:\\\/\\\/comunicacaoestrategicacps.com.br\\\/blog\\\/pesquisa-mostra-77-dos-empresarios-da-regional-campinas-da-abrasel-esperam-aumento-no-faturamento-no-dia-das-maes\\\/#primaryimage\"},\"image\":{\"@id\":\"https:\\\/\\\/comunicacaoestrategicacps.com.br\\\/blog\\\/pesquisa-mostra-77-dos-empresarios-da-regional-campinas-da-abrasel-esperam-aumento-no-faturamento-no-dia-das-maes\\\/#primaryimage\"},\"thumbnailUrl\":\"https:\\\/\\\/comunicacaoestrategicacps.com.br\\\/blog\\\/wp-content\\\/uploads\\\/2023\\\/05\\\/Matheus-mason-01.jpg\",\"datePublished\":\"2023-05-16T17:08:27+00:00\",\"dateModified\":\"2023-05-16T17:08:28+00:00\",\"author\":{\"@id\":\"https:\\\/\\\/comunicacaoestrategicacps.com.br\\\/blog\\\/#\\\/schema\\\/person\\\/8d447568a01edd36a56dbbcb702b02fc\"},\"breadcrumb\":{\"@id\":\"https:\\\/\\\/comunicacaoestrategicacps.com.br\\\/blog\\\/pesquisa-mostra-77-dos-empresarios-da-regional-campinas-da-abrasel-esperam-aumento-no-faturamento-no-dia-das-maes\\\/#breadcrumb\"},\"inLanguage\":\"pt-BR\",\"potentialAction\":[{\"@type\":\"ReadAction\",\"target\":[\"https:\\\/\\\/comunicacaoestrategicacps.com.br\\\/blog\\\/pesquisa-mostra-77-dos-empresarios-da-regional-campinas-da-abrasel-esperam-aumento-no-faturamento-no-dia-das-maes\\\/\"]}]},{\"@type\":\"ImageObject\",\"inLanguage\":\"pt-BR\",\"@id\":\"https:\\\/\\\/comunicacaoestrategicacps.com.br\\\/blog\\\/pesquisa-mostra-77-dos-empresarios-da-regional-campinas-da-abrasel-esperam-aumento-no-faturamento-no-dia-das-maes\\\/#primaryimage\",\"url\":\"https:\\\/\\\/comunicacaoestrategicacps.com.br\\\/blog\\\/wp-content\\\/uploads\\\/2023\\\/05\\\/Matheus-mason-01.jpg\",\"contentUrl\":\"https:\\\/\\\/comunicacaoestrategicacps.com.br\\\/blog\\\/wp-content\\\/uploads\\\/2023\\\/05\\\/Matheus-mason-01.jpg\",\"width\":1280,\"height\":853},{\"@type\":\"BreadcrumbList\",\"@id\":\"https:\\\/\\\/comunicacaoestrategicacps.com.br\\\/blog\\\/pesquisa-mostra-77-dos-empresarios-da-regional-campinas-da-abrasel-esperam-aumento-no-faturamento-no-dia-das-maes\\\/#breadcrumb\",\"itemListElement\":[{\"@type\":\"ListItem\",\"position\":1,\"name\":\"In\u00edcio\",\"item\":\"https:\\\/\\\/comunicacaoestrategicacps.com.br\\\/blog\\\/\"},{\"@type\":\"ListItem\",\"position\":2,\"name\":\"Pesquisa mostra 77% dos empres\u00e1rios da Regional Campinas da Abrasel esperam aumento no faturamento no Dia das M\u00e3es\"}]},{\"@type\":\"WebSite\",\"@id\":\"https:\\\/\\\/comunicacaoestrategicacps.com.br\\\/blog\\\/#website\",\"url\":\"https:\\\/\\\/comunicacaoestrategicacps.com.br\\\/blog\\\/\",\"name\":\"Comunica\u00e7\u00e3o Estrat\u00e9gica\",\"description\":\"Comunica\u00e7\u00e3o Estrat\u00e9gica  - Assessoria de Imprensa\",\"potentialAction\":[{\"@type\":\"SearchAction\",\"target\":{\"@type\":\"EntryPoint\",\"urlTemplate\":\"https:\\\/\\\/comunicacaoestrategicacps.com.br\\\/blog\\\/?s={search_term_string}\"},\"query-input\":{\"@type\":\"PropertyValueSpecification\",\"valueRequired\":true,\"valueName\":\"search_term_string\"}}],\"inLanguage\":\"pt-BR\"},{\"@type\":\"Person\",\"@id\":\"https:\\\/\\\/comunicacaoestrategicacps.com.br\\\/blog\\\/#\\\/schema\\\/person\\\/8d447568a01edd36a56dbbcb702b02fc\",\"name\":\"admin\",\"image\":{\"@type\":\"ImageObject\",\"inLanguage\":\"pt-BR\",\"@id\":\"https:\\\/\\\/secure.gravatar.com\\\/avatar\\\/2cc026ea89b57b9d913d4ce5b90a0490046c0c9048a129e24cc44313a90d3f77?s=96&d=mm&r=g\",\"url\":\"https:\\\/\\\/secure.gravatar.com\\\/avatar\\\/2cc026ea89b57b9d913d4ce5b90a0490046c0c9048a129e24cc44313a90d3f77?s=96&d=mm&r=g\",\"contentUrl\":\"https:\\\/\\\/secure.gravatar.com\\\/avatar\\\/2cc026ea89b57b9d913d4ce5b90a0490046c0c9048a129e24cc44313a90d3f77?s=96&d=mm&r=g\",\"caption\":\"admin\"},\"url\":\"https:\\\/\\\/comunicacaoestrategicacps.com.br\\\/blog\\\/author\\\/admin\\\/\"}]}<\/script>\n<!-- \/ Yoast SEO plugin. -->","yoast_head_json":{"title":"Pesquisa mostra 77% dos empres\u00e1rios da Regional Campinas da Abrasel esperam aumento no faturamento no Dia das M\u00e3es - Comunica\u00e7\u00e3o Estrat\u00e9gica","robots":{"index":"index","follow":"follow","max-snippet":"max-snippet:-1","max-image-preview":"max-image-preview:large","max-video-preview":"max-video-preview:-1"},"canonical":"https:\/\/comunicacaoestrategicacps.com.br\/blog\/pesquisa-mostra-77-dos-empresarios-da-regional-campinas-da-abrasel-esperam-aumento-no-faturamento-no-dia-das-maes\/","og_locale":"pt_BR","og_type":"article","og_title":"Pesquisa mostra 77% dos empres\u00e1rios da Regional Campinas da Abrasel esperam aumento no faturamento no Dia das M\u00e3es - Comunica\u00e7\u00e3o Estrat\u00e9gica","og_description":"D\u00edvidas e empr\u00e9stimos ainda pressionam os estabelecimentos, que t\u00eam alto n\u00famero de empresas operando sem lucro Campinas, 11 de maio de 2023 &#8211; A expectativa \u00e9 boa para o Dia das M\u00e3es, no pr\u00f3ximo domingo (14 de maio), de acordo com uma pesquisa nacional realizada pela Abrasel (Associa\u00e7\u00e3o Brasileira de Bares e Restaurantes). O levantamento [&hellip;]","og_url":"https:\/\/comunicacaoestrategicacps.com.br\/blog\/pesquisa-mostra-77-dos-empresarios-da-regional-campinas-da-abrasel-esperam-aumento-no-faturamento-no-dia-das-maes\/","og_site_name":"Comunica\u00e7\u00e3o Estrat\u00e9gica","article_published_time":"2023-05-16T17:08:27+00:00","article_modified_time":"2023-05-16T17:08:28+00:00","og_image":[{"width":1280,"height":853,"url":"https:\/\/comunicacaoestrategicacps.com.br\/blog\/wp-content\/uploads\/2023\/05\/Matheus-mason-01.jpg","type":"image\/jpeg"}],"author":"admin","twitter_card":"summary_large_image","twitter_misc":{"Escrito por":"admin","Est. tempo de leitura":"3 minutos"},"schema":{"@context":"https:\/\/schema.org","@graph":[{"@type":"Article","@id":"https:\/\/comunicacaoestrategicacps.com.br\/blog\/pesquisa-mostra-77-dos-empresarios-da-regional-campinas-da-abrasel-esperam-aumento-no-faturamento-no-dia-das-maes\/#article","isPartOf":{"@id":"https:\/\/comunicacaoestrategicacps.com.br\/blog\/pesquisa-mostra-77-dos-empresarios-da-regional-campinas-da-abrasel-esperam-aumento-no-faturamento-no-dia-das-maes\/"},"author":{"name":"admin","@id":"https:\/\/comunicacaoestrategicacps.com.br\/blog\/#\/schema\/person\/8d447568a01edd36a56dbbcb702b02fc"},"headline":"Pesquisa mostra 77% dos empres\u00e1rios da Regional Campinas da Abrasel esperam aumento no faturamento no Dia das M\u00e3es","datePublished":"2023-05-16T17:08:27+00:00","dateModified":"2023-05-16T17:08:28+00:00","mainEntityOfPage":{"@id":"https:\/\/comunicacaoestrategicacps.com.br\/blog\/pesquisa-mostra-77-dos-empresarios-da-regional-campinas-da-abrasel-esperam-aumento-no-faturamento-no-dia-das-maes\/"},"wordCount":528,"commentCount":0,"image":{"@id":"https:\/\/comunicacaoestrategicacps.com.br\/blog\/pesquisa-mostra-77-dos-empresarios-da-regional-campinas-da-abrasel-esperam-aumento-no-faturamento-no-dia-das-maes\/#primaryimage"},"thumbnailUrl":"https:\/\/comunicacaoestrategicacps.com.br\/blog\/wp-content\/uploads\/2023\/05\/Matheus-mason-01.jpg","articleSection":["Neg\u00f3cios e Economia"],"inLanguage":"pt-BR","potentialAction":[{"@type":"CommentAction","name":"Comment","target":["https:\/\/comunicacaoestrategicacps.com.br\/blog\/pesquisa-mostra-77-dos-empresarios-da-regional-campinas-da-abrasel-esperam-aumento-no-faturamento-no-dia-das-maes\/#respond"]}]},{"@type":"WebPage","@id":"https:\/\/comunicacaoestrategicacps.com.br\/blog\/pesquisa-mostra-77-dos-empresarios-da-regional-campinas-da-abrasel-esperam-aumento-no-faturamento-no-dia-das-maes\/","url":"https:\/\/comunicacaoestrategicacps.com.br\/blog\/pesquisa-mostra-77-dos-empresarios-da-regional-campinas-da-abrasel-esperam-aumento-no-faturamento-no-dia-das-maes\/","name":"Pesquisa mostra 77% dos empres\u00e1rios da Regional Campinas da Abrasel esperam aumento no faturamento no Dia das M\u00e3es - Comunica\u00e7\u00e3o Estrat\u00e9gica","isPartOf":{"@id":"https:\/\/comunicacaoestrategicacps.com.br\/blog\/#website"},"primaryImageOfPage":{"@id":"https:\/\/comunicacaoestrategicacps.com.br\/blog\/pesquisa-mostra-77-dos-empresarios-da-regional-campinas-da-abrasel-esperam-aumento-no-faturamento-no-dia-das-maes\/#primaryimage"},"image":{"@id":"https:\/\/comunicacaoestrategicacps.com.br\/blog\/pesquisa-mostra-77-dos-empresarios-da-regional-campinas-da-abrasel-esperam-aumento-no-faturamento-no-dia-das-maes\/#primaryimage"},"thumbnailUrl":"https:\/\/comunicacaoestrategicacps.com.br\/blog\/wp-content\/uploads\/2023\/05\/Matheus-mason-01.jpg","datePublished":"2023-05-16T17:08:27+00:00","dateModified":"2023-05-16T17:08:28+00:00","author":{"@id":"https:\/\/comunicacaoestrategicacps.com.br\/blog\/#\/schema\/person\/8d447568a01edd36a56dbbcb702b02fc"},"breadcrumb":{"@id":"https:\/\/comunicacaoestrategicacps.com.br\/blog\/pesquisa-mostra-77-dos-empresarios-da-regional-campinas-da-abrasel-esperam-aumento-no-faturamento-no-dia-das-maes\/#breadcrumb"},"inLanguage":"pt-BR","potentialAction":[{"@type":"ReadAction","target":["https:\/\/comunicacaoestrategicacps.com.br\/blog\/pesquisa-mostra-77-dos-empresarios-da-regional-campinas-da-abrasel-esperam-aumento-no-faturamento-no-dia-das-maes\/"]}]},{"@type":"ImageObject","inLanguage":"pt-BR","@id":"https:\/\/comunicacaoestrategicacps.com.br\/blog\/pesquisa-mostra-77-dos-empresarios-da-regional-campinas-da-abrasel-esperam-aumento-no-faturamento-no-dia-das-maes\/#primaryimage","url":"https:\/\/comunicacaoestrategicacps.com.br\/blog\/wp-content\/uploads\/2023\/05\/Matheus-mason-01.jpg","contentUrl":"https:\/\/comunicacaoestrategicacps.com.br\/blog\/wp-content\/uploads\/2023\/05\/Matheus-mason-01.jpg","width":1280,"height":853},{"@type":"BreadcrumbList","@id":"https:\/\/comunicacaoestrategicacps.com.br\/blog\/pesquisa-mostra-77-dos-empresarios-da-regional-campinas-da-abrasel-esperam-aumento-no-faturamento-no-dia-das-maes\/#breadcrumb","itemListElement":[{"@type":"ListItem","position":1,"name":"In\u00edcio","item":"https:\/\/comunicacaoestrategicacps.com.br\/blog\/"},{"@type":"ListItem","position":2,"name":"Pesquisa mostra 77% dos empres\u00e1rios da Regional Campinas da Abrasel esperam aumento no faturamento no Dia das M\u00e3es"}]},{"@type":"WebSite","@id":"https:\/\/comunicacaoestrategicacps.com.br\/blog\/#website","url":"https:\/\/comunicacaoestrategicacps.com.br\/blog\/","name":"Comunica\u00e7\u00e3o Estrat\u00e9gica","description":"Comunica\u00e7\u00e3o Estrat\u00e9gica  - Assessoria de Imprensa","potentialAction":[{"@type":"SearchAction","target":{"@type":"EntryPoint","urlTemplate":"https:\/\/comunicacaoestrategicacps.com.br\/blog\/?s={search_term_string}"},"query-input":{"@type":"PropertyValueSpecification","valueRequired":true,"valueName":"search_term_string"}}],"inLanguage":"pt-BR"},{"@type":"Person","@id":"https:\/\/comunicacaoestrategicacps.com.br\/blog\/#\/schema\/person\/8d447568a01edd36a56dbbcb702b02fc","name":"admin","image":{"@type":"ImageObject","inLanguage":"pt-BR","@id":"https:\/\/secure.gravatar.com\/avatar\/2cc026ea89b57b9d913d4ce5b90a0490046c0c9048a129e24cc44313a90d3f77?s=96&d=mm&r=g","url":"https:\/\/secure.gravatar.com\/avatar\/2cc026ea89b57b9d913d4ce5b90a0490046c0c9048a129e24cc44313a90d3f77?s=96&d=mm&r=g","contentUrl":"https:\/\/secure.gravatar.com\/avatar\/2cc026ea89b57b9d913d4ce5b90a0490046c0c9048a129e24cc44313a90d3f77?s=96&d=mm&r=g","caption":"admin"},"url":"https:\/\/comunicacaoestrategicacps.com.br\/blog\/author\/admin\/"}]}},"builder_content":"","_links":{"self":[{"href":"https:\/\/comunicacaoestrategicacps.com.br\/blog\/wp-json\/wp\/v2\/posts\/2040","targetHints":{"allow":["GET"]}}],"collection":[{"href":"https:\/\/comunicacaoestrategicacps.com.br\/blog\/wp-json\/wp\/v2\/posts"}],"about":[{"href":"https:\/\/comunicacaoestrategicacps.com.br\/blog\/wp-json\/wp\/v2\/types\/post"}],"author":[{"embeddable":true,"href":"https:\/\/comunicacaoestrategicacps.com.br\/blog\/wp-json\/wp\/v2\/users\/1"}],"replies":[{"embeddable":true,"href":"https:\/\/comunicacaoestrategicacps.com.br\/blog\/wp-json\/wp\/v2\/comments?post=2040"}],"version-history":[{"count":1,"href":"https:\/\/comunicacaoestrategicacps.com.br\/blog\/wp-json\/wp\/v2\/posts\/2040\/revisions"}],"predecessor-version":[{"id":2042,"href":"https:\/\/comunicacaoestrategicacps.com.br\/blog\/wp-json\/wp\/v2\/posts\/2040\/revisions\/2042"}],"wp:featuredmedia":[{"embeddable":true,"href":"https:\/\/comunicacaoestrategicacps.com.br\/blog\/wp-json\/wp\/v2\/media\/2041"}],"wp:attachment":[{"href":"https:\/\/comunicacaoestrategicacps.com.br\/blog\/wp-json\/wp\/v2\/media?parent=2040"}],"wp:term":[{"taxonomy":"category","embeddable":true,"href":"https:\/\/comunicacaoestrategicacps.com.br\/blog\/wp-json\/wp\/v2\/categories?post=2040"},{"taxonomy":"post_tag","embeddable":true,"href":"https:\/\/comunicacaoestrategicacps.com.br\/blog\/wp-json\/wp\/v2\/tags?post=2040"}],"curies":[{"name":"wp","href":"https:\/\/api.w.org\/{rel}","templated":true}]}}