{"id":2053,"date":"2023-05-18T12:02:03","date_gmt":"2023-05-18T15:02:03","guid":{"rendered":"https:\/\/comunicacaoestrategicacps.com.br\/blog\/?p=2053"},"modified":"2023-05-18T12:02:04","modified_gmt":"2023-05-18T15:02:04","slug":"ribeirao-preto-recebe-na-proxima-quarta-feira-24-o-ceo-forum-interior-de-sao-paulo-2023-promovido-pela-amcham","status":"publish","type":"post","link":"https:\/\/comunicacaoestrategicacps.com.br\/blog\/ribeirao-preto-recebe-na-proxima-quarta-feira-24-o-ceo-forum-interior-de-sao-paulo-2023-promovido-pela-amcham\/","title":{"rendered":"Ribeir\u00e3o Preto recebe na pr\u00f3xima quarta-feira (24) o CEO F\u00f3rum Interior de S\u00e3o Paulo 2023, promovido pela Amcham"},"content":{"rendered":"<!--themify_builder_content-->\n<div id=\"themify_builder_content-2053\" data-postid=\"2053\" class=\"themify_builder_content themify_builder_content-2053 themify_builder tf_clear\">\n    <\/div>\n<!--\/themify_builder_content-->\n\n\n<figure class=\"wp-block-image size-full\"><img loading=\"lazy\" decoding=\"async\" width=\"828\" height=\"816\" src=\"https:\/\/comunicacaoestrategicacps.com.br\/blog\/wp-content\/uploads\/2023\/05\/CEO-Forum-Ribeirao.jpg\" alt=\"\" class=\"wp-image-2054\" srcset=\"https:\/\/comunicacaoestrategicacps.com.br\/blog\/wp-content\/uploads\/2023\/05\/CEO-Forum-Ribeirao.jpg 828w, https:\/\/comunicacaoestrategicacps.com.br\/blog\/wp-content\/uploads\/2023\/05\/CEO-Forum-Ribeirao-300x296.jpg 300w, https:\/\/comunicacaoestrategicacps.com.br\/blog\/wp-content\/uploads\/2023\/05\/CEO-Forum-Ribeirao-768x757.jpg 768w, https:\/\/comunicacaoestrategicacps.com.br\/blog\/wp-content\/uploads\/2023\/05\/CEO-Forum-Ribeirao-70x70.jpg 70w\" sizes=\"auto, (max-width: 828px) 100vw, 828px\" \/><\/figure>\n\n\n\n<p><em>Primeiro evento presencial ap\u00f3s a pandemia vai receber CEOs para palestras e discuss\u00f5es sobre Lideran\u00e7a Consciente<\/em><\/p>\n\n\n\n<p>Campinas, 17 de maio de 2023 &#8211; \u201cLideran\u00e7a Consciente\u201d \u00e9 o tema do CEO F\u00f3rum Interior de S\u00e3o Paulo \u2013 Edi\u00e7\u00e3o Ribeir\u00e3o, que acontece na pr\u00f3xima quarta-feira, dia 24, na Mans\u00e3o Galo Bravo. A edi\u00e7\u00e3o deste ano, organizada pela Amcham Interior de S\u00e3o Paulo e que marca a retomada dos eventos presenciais da entidade na regi\u00e3o, deve receber cerca de 100 diretores executivos de empresas nacionais e multinacionais, al\u00e9m de uma equipe de lideran\u00e7as e especialistas para palestras e debates sobre pautas importantes para os desafios e desenvolvimento das empresas, al\u00e9m de promover o networking entre os executivos.<\/p>\n\n\n\n<p>Na edi\u00e7\u00e3o deste ano, que acontecer\u00e1 das 13h30 \u00e0s 18h, vai abrir espa\u00e7o para lideran\u00e7as e especialistas dialogarem sobre a import\u00e2ncia da empatia, transpar\u00eancia e responsabilidade social na constru\u00e7\u00e3o de equipes engajadas e multidisciplinares e de empresas sustent\u00e1veis e bem-sucedidas.<\/p>\n\n\n\n<p>O encontro tamb\u00e9m abordar\u00e1 em palestras e discuss\u00f5es, outros temas importantes para as companhias, como as tend\u00eancias e desafios que envolvem o futuro do trabalho, mostrando como organiza\u00e7\u00f5es e seus l\u00edderes est\u00e3o adotando a desconstru\u00e7\u00e3o e a reinven\u00e7\u00e3o do trabalho.<\/p>\n\n\n\n<p><strong>AGENDA DE PALESTRAS E DISCUSS\u00d5ES<\/strong><\/p>\n\n\n\n<p>14h30 &#8211; Abertura Amcham Panorama da Lideran\u00e7a<\/p>\n\n\n\n<p>14h40 &#8211; Keynote speech &#8211; Despertando a Consci\u00eancia na Lideran\u00e7a: Como Liderar com Empatia, Prop\u00f3sito e Impacto Positivo, com o palestrante:<\/p>\n\n\n\n<p>Pedro Paro, CEO da Humanizadas.<\/p>\n\n\n\n<p>15h &#8211; Construindo um futuro do trabalho mais humano: O papel da lideran\u00e7a consciente na transforma\u00e7\u00e3o das organiza\u00e7\u00f5es<\/p>\n\n\n\n<p>Moderador:<\/p>\n\n\n\n<p>Pedro Paro, CEO da Humanizadas<\/p>\n\n\n\n<p>Palestrantes:<\/p>\n\n\n\n<p>Ligia Di Nardi, CoFounder &amp; Diretora de Opera\u00e7\u00f5es \u2013 Beta Learning<\/p>\n\n\n\n<p>Kleber Gomes, CEO da Ourofino Sa\u00fade Animal (Confirmado)<\/p>\n\n\n\n<p>16h30 &#8211; O pr\u00f3ximo passo na lideran\u00e7a: um convite aos CEOs<\/p>\n\n\n\n<p>Moderador:<\/p>\n\n\n\n<p>Ryo Penna, Co-fundador e Conselheiro de Administra\u00e7\u00e3o do Grupo Anga<\/p>\n\n\n\n<p>Palestrantes:<\/p>\n\n\n\n<p>Carline Darim, Gestora de Pessoas e Psic\u00f3loga na Braile Biom\u00e9dica<\/p>\n\n\n\n<p>Jana\u00edna Rangel, Diretora Administrativa na Santa Em\u00edlia Caminh\u00f5es<\/p>\n\n\n\n<p>17h20 &#8211; Palestra Encerramento<\/p>\n\n\n\n<p>Ryo Penna, Co-fundador e Conselheiro de Administra\u00e7\u00e3o do Grupo Angae Conselheiro de Administra\u00e7\u00e3o do Grupo Anga<\/p>","protected":false},"excerpt":{"rendered":"<p>Primeiro evento presencial ap\u00f3s a pandemia vai receber CEOs para palestras e discuss\u00f5es sobre Lideran\u00e7a Consciente Campinas, 17 de maio de 2023 &#8211; \u201cLideran\u00e7a Consciente\u201d \u00e9 o tema do CEO F\u00f3rum Interior de S\u00e3o Paulo \u2013 Edi\u00e7\u00e3o Ribeir\u00e3o, que acontece na pr\u00f3xima quarta-feira, dia 24, na Mans\u00e3o Galo Bravo. A edi\u00e7\u00e3o deste ano, organizada pela [&hellip;]<\/p>\n","protected":false},"author":1,"featured_media":2054,"comment_status":"open","ping_status":"open","sticky":true,"template":"","format":"standard","meta":{"footnotes":""},"categories":[43],"tags":[],"class_list":["post-2053","post","type-post","status-publish","format-standard","has-post-thumbnail","hentry","category-negocios-e-economia","has-post-title","has-post-date","has-post-category","has-post-tag","has-post-comment","has-post-author",""],"yoast_head":"<!-- This site is optimized with the Yoast SEO plugin v27.4 - https:\/\/yoast.com\/product\/yoast-seo-wordpress\/ -->\n<title>Ribeir\u00e3o Preto recebe na pr\u00f3xima quarta-feira (24) o CEO F\u00f3rum Interior de S\u00e3o Paulo 2023, promovido pela Amcham - Comunica\u00e7\u00e3o Estrat\u00e9gica<\/title>\n<meta name=\"robots\" content=\"index, follow, max-snippet:-1, max-image-preview:large, max-video-preview:-1\" \/>\n<link rel=\"canonical\" href=\"https:\/\/comunicacaoestrategicacps.com.br\/blog\/ribeirao-preto-recebe-na-proxima-quarta-feira-24-o-ceo-forum-interior-de-sao-paulo-2023-promovido-pela-amcham\/\" \/>\n<meta property=\"og:locale\" content=\"pt_BR\" \/>\n<meta property=\"og:type\" content=\"article\" \/>\n<meta property=\"og:title\" content=\"Ribeir\u00e3o Preto recebe na pr\u00f3xima quarta-feira (24) o CEO F\u00f3rum Interior de S\u00e3o Paulo 2023, promovido pela Amcham - Comunica\u00e7\u00e3o Estrat\u00e9gica\" \/>\n<meta property=\"og:description\" content=\"Primeiro evento presencial ap\u00f3s a pandemia vai receber CEOs para palestras e discuss\u00f5es sobre Lideran\u00e7a Consciente Campinas, 17 de maio de 2023 &#8211; \u201cLideran\u00e7a Consciente\u201d \u00e9 o tema do CEO F\u00f3rum Interior de S\u00e3o Paulo \u2013 Edi\u00e7\u00e3o Ribeir\u00e3o, que acontece na pr\u00f3xima quarta-feira, dia 24, na Mans\u00e3o Galo Bravo. A edi\u00e7\u00e3o deste ano, organizada pela [&hellip;]\" \/>\n<meta property=\"og:url\" content=\"https:\/\/comunicacaoestrategicacps.com.br\/blog\/ribeirao-preto-recebe-na-proxima-quarta-feira-24-o-ceo-forum-interior-de-sao-paulo-2023-promovido-pela-amcham\/\" \/>\n<meta property=\"og:site_name\" content=\"Comunica\u00e7\u00e3o Estrat\u00e9gica\" \/>\n<meta property=\"article:published_time\" content=\"2023-05-18T15:02:03+00:00\" \/>\n<meta property=\"article:modified_time\" content=\"2023-05-18T15:02:04+00:00\" \/>\n<meta property=\"og:image\" content=\"https:\/\/comunicacaoestrategicacps.com.br\/blog\/wp-content\/uploads\/2023\/05\/CEO-Forum-Ribeirao.jpg\" \/>\n\t<meta property=\"og:image:width\" content=\"828\" \/>\n\t<meta property=\"og:image:height\" content=\"816\" \/>\n\t<meta property=\"og:image:type\" content=\"image\/jpeg\" \/>\n<meta name=\"author\" content=\"admin\" \/>\n<meta name=\"twitter:card\" content=\"summary_large_image\" \/>\n<meta name=\"twitter:label1\" content=\"Escrito por\" \/>\n\t<meta name=\"twitter:data1\" content=\"admin\" \/>\n\t<meta name=\"twitter:label2\" content=\"Est. tempo de leitura\" \/>\n\t<meta name=\"twitter:data2\" content=\"3 minutos\" \/>\n<script type=\"application\/ld+json\" class=\"yoast-schema-graph\">{\"@context\":\"https:\\\/\\\/schema.org\",\"@graph\":[{\"@type\":\"Article\",\"@id\":\"https:\\\/\\\/comunicacaoestrategicacps.com.br\\\/blog\\\/ribeirao-preto-recebe-na-proxima-quarta-feira-24-o-ceo-forum-interior-de-sao-paulo-2023-promovido-pela-amcham\\\/#article\",\"isPartOf\":{\"@id\":\"https:\\\/\\\/comunicacaoestrategicacps.com.br\\\/blog\\\/ribeirao-preto-recebe-na-proxima-quarta-feira-24-o-ceo-forum-interior-de-sao-paulo-2023-promovido-pela-amcham\\\/\"},\"author\":{\"name\":\"admin\",\"@id\":\"https:\\\/\\\/comunicacaoestrategicacps.com.br\\\/blog\\\/#\\\/schema\\\/person\\\/8d447568a01edd36a56dbbcb702b02fc\"},\"headline\":\"Ribeir\u00e3o Preto recebe na pr\u00f3xima quarta-feira (24) o CEO F\u00f3rum Interior de S\u00e3o Paulo 2023, promovido pela Amcham\",\"datePublished\":\"2023-05-18T15:02:03+00:00\",\"dateModified\":\"2023-05-18T15:02:04+00:00\",\"mainEntityOfPage\":{\"@id\":\"https:\\\/\\\/comunicacaoestrategicacps.com.br\\\/blog\\\/ribeirao-preto-recebe-na-proxima-quarta-feira-24-o-ceo-forum-interior-de-sao-paulo-2023-promovido-pela-amcham\\\/\"},\"wordCount\":401,\"commentCount\":0,\"image\":{\"@id\":\"https:\\\/\\\/comunicacaoestrategicacps.com.br\\\/blog\\\/ribeirao-preto-recebe-na-proxima-quarta-feira-24-o-ceo-forum-interior-de-sao-paulo-2023-promovido-pela-amcham\\\/#primaryimage\"},\"thumbnailUrl\":\"https:\\\/\\\/comunicacaoestrategicacps.com.br\\\/blog\\\/wp-content\\\/uploads\\\/2023\\\/05\\\/CEO-Forum-Ribeirao.jpg\",\"articleSection\":[\"Neg\u00f3cios e Economia\"],\"inLanguage\":\"pt-BR\",\"potentialAction\":[{\"@type\":\"CommentAction\",\"name\":\"Comment\",\"target\":[\"https:\\\/\\\/comunicacaoestrategicacps.com.br\\\/blog\\\/ribeirao-preto-recebe-na-proxima-quarta-feira-24-o-ceo-forum-interior-de-sao-paulo-2023-promovido-pela-amcham\\\/#respond\"]}]},{\"@type\":\"WebPage\",\"@id\":\"https:\\\/\\\/comunicacaoestrategicacps.com.br\\\/blog\\\/ribeirao-preto-recebe-na-proxima-quarta-feira-24-o-ceo-forum-interior-de-sao-paulo-2023-promovido-pela-amcham\\\/\",\"url\":\"https:\\\/\\\/comunicacaoestrategicacps.com.br\\\/blog\\\/ribeirao-preto-recebe-na-proxima-quarta-feira-24-o-ceo-forum-interior-de-sao-paulo-2023-promovido-pela-amcham\\\/\",\"name\":\"Ribeir\u00e3o Preto recebe na pr\u00f3xima quarta-feira (24) o CEO F\u00f3rum Interior de S\u00e3o Paulo 2023, promovido pela Amcham - Comunica\u00e7\u00e3o Estrat\u00e9gica\",\"isPartOf\":{\"@id\":\"https:\\\/\\\/comunicacaoestrategicacps.com.br\\\/blog\\\/#website\"},\"primaryImageOfPage\":{\"@id\":\"https:\\\/\\\/comunicacaoestrategicacps.com.br\\\/blog\\\/ribeirao-preto-recebe-na-proxima-quarta-feira-24-o-ceo-forum-interior-de-sao-paulo-2023-promovido-pela-amcham\\\/#primaryimage\"},\"image\":{\"@id\":\"https:\\\/\\\/comunicacaoestrategicacps.com.br\\\/blog\\\/ribeirao-preto-recebe-na-proxima-quarta-feira-24-o-ceo-forum-interior-de-sao-paulo-2023-promovido-pela-amcham\\\/#primaryimage\"},\"thumbnailUrl\":\"https:\\\/\\\/comunicacaoestrategicacps.com.br\\\/blog\\\/wp-content\\\/uploads\\\/2023\\\/05\\\/CEO-Forum-Ribeirao.jpg\",\"datePublished\":\"2023-05-18T15:02:03+00:00\",\"dateModified\":\"2023-05-18T15:02:04+00:00\",\"author\":{\"@id\":\"https:\\\/\\\/comunicacaoestrategicacps.com.br\\\/blog\\\/#\\\/schema\\\/person\\\/8d447568a01edd36a56dbbcb702b02fc\"},\"breadcrumb\":{\"@id\":\"https:\\\/\\\/comunicacaoestrategicacps.com.br\\\/blog\\\/ribeirao-preto-recebe-na-proxima-quarta-feira-24-o-ceo-forum-interior-de-sao-paulo-2023-promovido-pela-amcham\\\/#breadcrumb\"},\"inLanguage\":\"pt-BR\",\"potentialAction\":[{\"@type\":\"ReadAction\",\"target\":[\"https:\\\/\\\/comunicacaoestrategicacps.com.br\\\/blog\\\/ribeirao-preto-recebe-na-proxima-quarta-feira-24-o-ceo-forum-interior-de-sao-paulo-2023-promovido-pela-amcham\\\/\"]}]},{\"@type\":\"ImageObject\",\"inLanguage\":\"pt-BR\",\"@id\":\"https:\\\/\\\/comunicacaoestrategicacps.com.br\\\/blog\\\/ribeirao-preto-recebe-na-proxima-quarta-feira-24-o-ceo-forum-interior-de-sao-paulo-2023-promovido-pela-amcham\\\/#primaryimage\",\"url\":\"https:\\\/\\\/comunicacaoestrategicacps.com.br\\\/blog\\\/wp-content\\\/uploads\\\/2023\\\/05\\\/CEO-Forum-Ribeirao.jpg\",\"contentUrl\":\"https:\\\/\\\/comunicacaoestrategicacps.com.br\\\/blog\\\/wp-content\\\/uploads\\\/2023\\\/05\\\/CEO-Forum-Ribeirao.jpg\",\"width\":828,\"height\":816},{\"@type\":\"BreadcrumbList\",\"@id\":\"https:\\\/\\\/comunicacaoestrategicacps.com.br\\\/blog\\\/ribeirao-preto-recebe-na-proxima-quarta-feira-24-o-ceo-forum-interior-de-sao-paulo-2023-promovido-pela-amcham\\\/#breadcrumb\",\"itemListElement\":[{\"@type\":\"ListItem\",\"position\":1,\"name\":\"In\u00edcio\",\"item\":\"https:\\\/\\\/comunicacaoestrategicacps.com.br\\\/blog\\\/\"},{\"@type\":\"ListItem\",\"position\":2,\"name\":\"Ribeir\u00e3o Preto recebe na pr\u00f3xima quarta-feira (24) o CEO F\u00f3rum Interior de S\u00e3o Paulo 2023, promovido pela Amcham\"}]},{\"@type\":\"WebSite\",\"@id\":\"https:\\\/\\\/comunicacaoestrategicacps.com.br\\\/blog\\\/#website\",\"url\":\"https:\\\/\\\/comunicacaoestrategicacps.com.br\\\/blog\\\/\",\"name\":\"Comunica\u00e7\u00e3o Estrat\u00e9gica\",\"description\":\"Comunica\u00e7\u00e3o Estrat\u00e9gica  - Assessoria de Imprensa\",\"potentialAction\":[{\"@type\":\"SearchAction\",\"target\":{\"@type\":\"EntryPoint\",\"urlTemplate\":\"https:\\\/\\\/comunicacaoestrategicacps.com.br\\\/blog\\\/?s={search_term_string}\"},\"query-input\":{\"@type\":\"PropertyValueSpecification\",\"valueRequired\":true,\"valueName\":\"search_term_string\"}}],\"inLanguage\":\"pt-BR\"},{\"@type\":\"Person\",\"@id\":\"https:\\\/\\\/comunicacaoestrategicacps.com.br\\\/blog\\\/#\\\/schema\\\/person\\\/8d447568a01edd36a56dbbcb702b02fc\",\"name\":\"admin\",\"image\":{\"@type\":\"ImageObject\",\"inLanguage\":\"pt-BR\",\"@id\":\"https:\\\/\\\/secure.gravatar.com\\\/avatar\\\/2cc026ea89b57b9d913d4ce5b90a0490046c0c9048a129e24cc44313a90d3f77?s=96&d=mm&r=g\",\"url\":\"https:\\\/\\\/secure.gravatar.com\\\/avatar\\\/2cc026ea89b57b9d913d4ce5b90a0490046c0c9048a129e24cc44313a90d3f77?s=96&d=mm&r=g\",\"contentUrl\":\"https:\\\/\\\/secure.gravatar.com\\\/avatar\\\/2cc026ea89b57b9d913d4ce5b90a0490046c0c9048a129e24cc44313a90d3f77?s=96&d=mm&r=g\",\"caption\":\"admin\"},\"url\":\"https:\\\/\\\/comunicacaoestrategicacps.com.br\\\/blog\\\/author\\\/admin\\\/\"}]}<\/script>\n<!-- \/ Yoast SEO plugin. -->","yoast_head_json":{"title":"Ribeir\u00e3o Preto recebe na pr\u00f3xima quarta-feira (24) o CEO F\u00f3rum Interior de S\u00e3o Paulo 2023, promovido pela Amcham - Comunica\u00e7\u00e3o Estrat\u00e9gica","robots":{"index":"index","follow":"follow","max-snippet":"max-snippet:-1","max-image-preview":"max-image-preview:large","max-video-preview":"max-video-preview:-1"},"canonical":"https:\/\/comunicacaoestrategicacps.com.br\/blog\/ribeirao-preto-recebe-na-proxima-quarta-feira-24-o-ceo-forum-interior-de-sao-paulo-2023-promovido-pela-amcham\/","og_locale":"pt_BR","og_type":"article","og_title":"Ribeir\u00e3o Preto recebe na pr\u00f3xima quarta-feira (24) o CEO F\u00f3rum Interior de S\u00e3o Paulo 2023, promovido pela Amcham - Comunica\u00e7\u00e3o Estrat\u00e9gica","og_description":"Primeiro evento presencial ap\u00f3s a pandemia vai receber CEOs para palestras e discuss\u00f5es sobre Lideran\u00e7a Consciente Campinas, 17 de maio de 2023 &#8211; \u201cLideran\u00e7a Consciente\u201d \u00e9 o tema do CEO F\u00f3rum Interior de S\u00e3o Paulo \u2013 Edi\u00e7\u00e3o Ribeir\u00e3o, que acontece na pr\u00f3xima quarta-feira, dia 24, na Mans\u00e3o Galo Bravo. A edi\u00e7\u00e3o deste ano, organizada pela [&hellip;]","og_url":"https:\/\/comunicacaoestrategicacps.com.br\/blog\/ribeirao-preto-recebe-na-proxima-quarta-feira-24-o-ceo-forum-interior-de-sao-paulo-2023-promovido-pela-amcham\/","og_site_name":"Comunica\u00e7\u00e3o Estrat\u00e9gica","article_published_time":"2023-05-18T15:02:03+00:00","article_modified_time":"2023-05-18T15:02:04+00:00","og_image":[{"width":828,"height":816,"url":"https:\/\/comunicacaoestrategicacps.com.br\/blog\/wp-content\/uploads\/2023\/05\/CEO-Forum-Ribeirao.jpg","type":"image\/jpeg"}],"author":"admin","twitter_card":"summary_large_image","twitter_misc":{"Escrito por":"admin","Est. tempo de leitura":"3 minutos"},"schema":{"@context":"https:\/\/schema.org","@graph":[{"@type":"Article","@id":"https:\/\/comunicacaoestrategicacps.com.br\/blog\/ribeirao-preto-recebe-na-proxima-quarta-feira-24-o-ceo-forum-interior-de-sao-paulo-2023-promovido-pela-amcham\/#article","isPartOf":{"@id":"https:\/\/comunicacaoestrategicacps.com.br\/blog\/ribeirao-preto-recebe-na-proxima-quarta-feira-24-o-ceo-forum-interior-de-sao-paulo-2023-promovido-pela-amcham\/"},"author":{"name":"admin","@id":"https:\/\/comunicacaoestrategicacps.com.br\/blog\/#\/schema\/person\/8d447568a01edd36a56dbbcb702b02fc"},"headline":"Ribeir\u00e3o Preto recebe na pr\u00f3xima quarta-feira (24) o CEO F\u00f3rum Interior de S\u00e3o Paulo 2023, promovido pela Amcham","datePublished":"2023-05-18T15:02:03+00:00","dateModified":"2023-05-18T15:02:04+00:00","mainEntityOfPage":{"@id":"https:\/\/comunicacaoestrategicacps.com.br\/blog\/ribeirao-preto-recebe-na-proxima-quarta-feira-24-o-ceo-forum-interior-de-sao-paulo-2023-promovido-pela-amcham\/"},"wordCount":401,"commentCount":0,"image":{"@id":"https:\/\/comunicacaoestrategicacps.com.br\/blog\/ribeirao-preto-recebe-na-proxima-quarta-feira-24-o-ceo-forum-interior-de-sao-paulo-2023-promovido-pela-amcham\/#primaryimage"},"thumbnailUrl":"https:\/\/comunicacaoestrategicacps.com.br\/blog\/wp-content\/uploads\/2023\/05\/CEO-Forum-Ribeirao.jpg","articleSection":["Neg\u00f3cios e Economia"],"inLanguage":"pt-BR","potentialAction":[{"@type":"CommentAction","name":"Comment","target":["https:\/\/comunicacaoestrategicacps.com.br\/blog\/ribeirao-preto-recebe-na-proxima-quarta-feira-24-o-ceo-forum-interior-de-sao-paulo-2023-promovido-pela-amcham\/#respond"]}]},{"@type":"WebPage","@id":"https:\/\/comunicacaoestrategicacps.com.br\/blog\/ribeirao-preto-recebe-na-proxima-quarta-feira-24-o-ceo-forum-interior-de-sao-paulo-2023-promovido-pela-amcham\/","url":"https:\/\/comunicacaoestrategicacps.com.br\/blog\/ribeirao-preto-recebe-na-proxima-quarta-feira-24-o-ceo-forum-interior-de-sao-paulo-2023-promovido-pela-amcham\/","name":"Ribeir\u00e3o Preto recebe na pr\u00f3xima quarta-feira (24) o CEO F\u00f3rum Interior de S\u00e3o Paulo 2023, promovido pela Amcham - Comunica\u00e7\u00e3o Estrat\u00e9gica","isPartOf":{"@id":"https:\/\/comunicacaoestrategicacps.com.br\/blog\/#website"},"primaryImageOfPage":{"@id":"https:\/\/comunicacaoestrategicacps.com.br\/blog\/ribeirao-preto-recebe-na-proxima-quarta-feira-24-o-ceo-forum-interior-de-sao-paulo-2023-promovido-pela-amcham\/#primaryimage"},"image":{"@id":"https:\/\/comunicacaoestrategicacps.com.br\/blog\/ribeirao-preto-recebe-na-proxima-quarta-feira-24-o-ceo-forum-interior-de-sao-paulo-2023-promovido-pela-amcham\/#primaryimage"},"thumbnailUrl":"https:\/\/comunicacaoestrategicacps.com.br\/blog\/wp-content\/uploads\/2023\/05\/CEO-Forum-Ribeirao.jpg","datePublished":"2023-05-18T15:02:03+00:00","dateModified":"2023-05-18T15:02:04+00:00","author":{"@id":"https:\/\/comunicacaoestrategicacps.com.br\/blog\/#\/schema\/person\/8d447568a01edd36a56dbbcb702b02fc"},"breadcrumb":{"@id":"https:\/\/comunicacaoestrategicacps.com.br\/blog\/ribeirao-preto-recebe-na-proxima-quarta-feira-24-o-ceo-forum-interior-de-sao-paulo-2023-promovido-pela-amcham\/#breadcrumb"},"inLanguage":"pt-BR","potentialAction":[{"@type":"ReadAction","target":["https:\/\/comunicacaoestrategicacps.com.br\/blog\/ribeirao-preto-recebe-na-proxima-quarta-feira-24-o-ceo-forum-interior-de-sao-paulo-2023-promovido-pela-amcham\/"]}]},{"@type":"ImageObject","inLanguage":"pt-BR","@id":"https:\/\/comunicacaoestrategicacps.com.br\/blog\/ribeirao-preto-recebe-na-proxima-quarta-feira-24-o-ceo-forum-interior-de-sao-paulo-2023-promovido-pela-amcham\/#primaryimage","url":"https:\/\/comunicacaoestrategicacps.com.br\/blog\/wp-content\/uploads\/2023\/05\/CEO-Forum-Ribeirao.jpg","contentUrl":"https:\/\/comunicacaoestrategicacps.com.br\/blog\/wp-content\/uploads\/2023\/05\/CEO-Forum-Ribeirao.jpg","width":828,"height":816},{"@type":"BreadcrumbList","@id":"https:\/\/comunicacaoestrategicacps.com.br\/blog\/ribeirao-preto-recebe-na-proxima-quarta-feira-24-o-ceo-forum-interior-de-sao-paulo-2023-promovido-pela-amcham\/#breadcrumb","itemListElement":[{"@type":"ListItem","position":1,"name":"In\u00edcio","item":"https:\/\/comunicacaoestrategicacps.com.br\/blog\/"},{"@type":"ListItem","position":2,"name":"Ribeir\u00e3o Preto recebe na pr\u00f3xima quarta-feira (24) o CEO F\u00f3rum Interior de S\u00e3o Paulo 2023, promovido pela Amcham"}]},{"@type":"WebSite","@id":"https:\/\/comunicacaoestrategicacps.com.br\/blog\/#website","url":"https:\/\/comunicacaoestrategicacps.com.br\/blog\/","name":"Comunica\u00e7\u00e3o Estrat\u00e9gica","description":"Comunica\u00e7\u00e3o Estrat\u00e9gica  - Assessoria de Imprensa","potentialAction":[{"@type":"SearchAction","target":{"@type":"EntryPoint","urlTemplate":"https:\/\/comunicacaoestrategicacps.com.br\/blog\/?s={search_term_string}"},"query-input":{"@type":"PropertyValueSpecification","valueRequired":true,"valueName":"search_term_string"}}],"inLanguage":"pt-BR"},{"@type":"Person","@id":"https:\/\/comunicacaoestrategicacps.com.br\/blog\/#\/schema\/person\/8d447568a01edd36a56dbbcb702b02fc","name":"admin","image":{"@type":"ImageObject","inLanguage":"pt-BR","@id":"https:\/\/secure.gravatar.com\/avatar\/2cc026ea89b57b9d913d4ce5b90a0490046c0c9048a129e24cc44313a90d3f77?s=96&d=mm&r=g","url":"https:\/\/secure.gravatar.com\/avatar\/2cc026ea89b57b9d913d4ce5b90a0490046c0c9048a129e24cc44313a90d3f77?s=96&d=mm&r=g","contentUrl":"https:\/\/secure.gravatar.com\/avatar\/2cc026ea89b57b9d913d4ce5b90a0490046c0c9048a129e24cc44313a90d3f77?s=96&d=mm&r=g","caption":"admin"},"url":"https:\/\/comunicacaoestrategicacps.com.br\/blog\/author\/admin\/"}]}},"builder_content":"","_links":{"self":[{"href":"https:\/\/comunicacaoestrategicacps.com.br\/blog\/wp-json\/wp\/v2\/posts\/2053","targetHints":{"allow":["GET"]}}],"collection":[{"href":"https:\/\/comunicacaoestrategicacps.com.br\/blog\/wp-json\/wp\/v2\/posts"}],"about":[{"href":"https:\/\/comunicacaoestrategicacps.com.br\/blog\/wp-json\/wp\/v2\/types\/post"}],"author":[{"embeddable":true,"href":"https:\/\/comunicacaoestrategicacps.com.br\/blog\/wp-json\/wp\/v2\/users\/1"}],"replies":[{"embeddable":true,"href":"https:\/\/comunicacaoestrategicacps.com.br\/blog\/wp-json\/wp\/v2\/comments?post=2053"}],"version-history":[{"count":1,"href":"https:\/\/comunicacaoestrategicacps.com.br\/blog\/wp-json\/wp\/v2\/posts\/2053\/revisions"}],"predecessor-version":[{"id":2055,"href":"https:\/\/comunicacaoestrategicacps.com.br\/blog\/wp-json\/wp\/v2\/posts\/2053\/revisions\/2055"}],"wp:featuredmedia":[{"embeddable":true,"href":"https:\/\/comunicacaoestrategicacps.com.br\/blog\/wp-json\/wp\/v2\/media\/2054"}],"wp:attachment":[{"href":"https:\/\/comunicacaoestrategicacps.com.br\/blog\/wp-json\/wp\/v2\/media?parent=2053"}],"wp:term":[{"taxonomy":"category","embeddable":true,"href":"https:\/\/comunicacaoestrategicacps.com.br\/blog\/wp-json\/wp\/v2\/categories?post=2053"},{"taxonomy":"post_tag","embeddable":true,"href":"https:\/\/comunicacaoestrategicacps.com.br\/blog\/wp-json\/wp\/v2\/tags?post=2053"}],"curies":[{"name":"wp","href":"https:\/\/api.w.org\/{rel}","templated":true}]}}