{"id":2056,"date":"2023-05-23T11:04:07","date_gmt":"2023-05-23T14:04:07","guid":{"rendered":"https:\/\/comunicacaoestrategicacps.com.br\/blog\/?p=2056"},"modified":"2023-05-23T11:04:08","modified_gmt":"2023-05-23T14:04:08","slug":"a-importancia-dos-eventos-culturais-e-de-negocios-feiras-e-do-turismo-para-a-economia-regional","status":"publish","type":"post","link":"https:\/\/comunicacaoestrategicacps.com.br\/blog\/a-importancia-dos-eventos-culturais-e-de-negocios-feiras-e-do-turismo-para-a-economia-regional\/","title":{"rendered":"A import\u00e2ncia dos eventos culturais e de neg\u00f3cios, feiras e do turismo para a economia regional"},"content":{"rendered":"<!--themify_builder_content-->\n<div id=\"themify_builder_content-2056\" data-postid=\"2056\" class=\"themify_builder_content themify_builder_content-2056 themify_builder tf_clear\">\n    <\/div>\n<!--\/themify_builder_content-->\n\n\n<figure class=\"wp-block-image size-large\"><img loading=\"lazy\" decoding=\"async\" width=\"683\" height=\"1024\" src=\"https:\/\/comunicacaoestrategicacps.com.br\/blog\/wp-content\/uploads\/2023\/05\/Vanderlei-Costa-683x1024.jpg\" alt=\"\" class=\"wp-image-2035\" srcset=\"https:\/\/comunicacaoestrategicacps.com.br\/blog\/wp-content\/uploads\/2023\/05\/Vanderlei-Costa-683x1024.jpg 683w, https:\/\/comunicacaoestrategicacps.com.br\/blog\/wp-content\/uploads\/2023\/05\/Vanderlei-Costa-200x300.jpg 200w, https:\/\/comunicacaoestrategicacps.com.br\/blog\/wp-content\/uploads\/2023\/05\/Vanderlei-Costa-768x1152.jpg 768w, https:\/\/comunicacaoestrategicacps.com.br\/blog\/wp-content\/uploads\/2023\/05\/Vanderlei-Costa-1024x1536.jpg 1024w, https:\/\/comunicacaoestrategicacps.com.br\/blog\/wp-content\/uploads\/2023\/05\/Vanderlei-Costa-1365x2048.jpg 1365w, https:\/\/comunicacaoestrategicacps.com.br\/blog\/wp-content\/uploads\/2023\/05\/Vanderlei-Costa-scaled.jpg 853w\" sizes=\"auto, (max-width: 683px) 100vw, 683px\" \/><\/figure>\n\n\n\n<p><strong>A import\u00e2ncia dos eventos culturais e de neg\u00f3cios, feiras e do turismo para a economia regional<\/strong><\/p>\n\n\n\n<p>*Vanderlei Costa<\/p>\n\n\n\n<p>Apesar das incertezas e d\u00favidas que rondam a economia mundial e nacional neste in\u00edcio de ano, em raz\u00e3o de diversos fatores, n\u00e3o h\u00e1 como negar a retomada dos servi\u00e7os no Brasil e na Regi\u00e3o Metropolitana de Campinas (RMC). Dados divulgados pelo Instituto Brasileiro de Geografia e Estat\u00edstica (IBGE) mostram que o volume de servi\u00e7os acumulado no Pa\u00eds no primeiro trimestre deste ano teve alta de 5,8% frente a igual per\u00edodo do ano passado, \u00edndice esse que superou todas as expectativas dos setores p\u00fablicos e privados.<\/p>\n\n\n\n<p>Em paralelo aos dos apresentados pelo IBGE, outro indicador vem refor\u00e7ar a import\u00e2ncia do segmento neste momento. O \u00cdndice Mensal de Atividade do Turismo (Imat), da Federa\u00e7\u00e3o do Com\u00e9rcio de Bens, Servi\u00e7os e Turismo do Estado de S\u00e3o Paulo (Fecom\u00e9rcio-SP) na cidade de S\u00e3o Paulo subiu 9,2% em mar\u00e7o na compara\u00e7\u00e3o com fevereiro, puxado pela atra\u00e7\u00e3o de eventos para a Capital Paulista.<\/p>\n\n\n\n<p>A soma dos dois indicadores abre as portas \u00e0 um importante e necess\u00e1ria discuss\u00e3o da import\u00e2ncia das atividades de hotelaria, turismo, eventos e gastronomia para a economia da Regi\u00e3o Metropolitana de Campinas. E como esses setores podem ajudar na retomada constante e persistente da economia regional.<\/p>\n\n\n\n<p>Desde o final da pandemia, \u00e9 significativo a expans\u00e3o dos neg\u00f3cios desses setores regionalmente. O setor de eventos corporativos, carro-chefe na RMC e respons\u00e1vel por 80% da taxa de ocupa\u00e7\u00e3o dos hot\u00e9is, retomou com for\u00e7a desde o in\u00edcio de 2022. No primeiro trimestre desse ano a ocupa\u00e7\u00e3o atingiu 54,42%, bem pr\u00f3xima ao principal centro de neg\u00f3cios do Brasil, S\u00e3o Paulo, que chegou a 60%, puxada pelos eventos de neg\u00f3cios, lazer e grandes shows e feiras, atraindo 30% do p\u00fablico de outras cidades, estados e pa\u00edses.<\/p>\n\n\n\n<p>Tomando como exemplo os dados da Capital, \u00e9 f\u00e1cil medir qual a import\u00e2ncia dos setores para a economia regional. Al\u00e9m de apostar nos eventos corporativos, o fomento de eventos e shows para a RMC deveria entrar na agenda do poder p\u00fablico.<\/p>\n\n\n\n<p>Incentivar o setor privado para que ele intensifique o fomento de neg\u00f3cios \u00e9 fator importante para melhor ainda mais a economia regional. A atra\u00e7\u00e3o de eventos culturais, shows, rodeiros e feiras de forma constante trar\u00e1 impactos significativos na gera\u00e7\u00e3o de empregos em mais de 50 segmentos que est\u00e3o diretamente ligados a eles. A atra\u00e7\u00e3o de turistas e visitantes para as cidades tamb\u00e9m beneficiar\u00e1 o com\u00e9rcio, hot\u00e9is e a gastronomia local e regional, aumentando o movimento, a renda e arrecada\u00e7\u00e3o de tributos.<\/p>\n\n\n\n<p>Paralelamente a essa discuss\u00e3o que envolve o setor p\u00fablico, o Campinas e Regi\u00e3o Convention &amp; Visitour Bureau (CRC&amp;VB), entidade sem fins lucrativos e criada para fomentar o turismo e a hotelaria regional, vem somando esfor\u00e7os junto \u00e0s prefeituras e setor produtivo, trabalhando no sentido de mostrar aos trades nacionais e internacionais todo o potencial e infraestrutura das cidades e dos hot\u00e9is existentes em nossa regi\u00e3o.<\/p>\n\n\n\n<p>Nosso desejo, como entidade de fomento, \u00e9 que todas as cidades que integram a Regi\u00e3o Metropolitana de Campinas voltem a ocupar a lista dos cinco principais destinos tur\u00edsticos brasileiros para eventos corporativos, posi\u00e7\u00e3o ocupada antes da pandemia. Para isso, temos participado de feiras nacionais e internacionais, colocando a regi\u00e3o em evid\u00eancia na agenda dos trades de turismo, entidades e empresas. O objetivo dessa a\u00e7\u00e3o \u00e9 atrair novos eventos corporativos e de neg\u00f3cios que deixaram de ser realizados durante a pandemia e est\u00e3o voltando com for\u00e7a desde o ano passado.<\/p>\n\n\n\n<p>A soma de eventos corporativos, eventos culturais e show s\u00f3 tende a trazer benef\u00edcios para a nossa regi\u00e3o e m\u00e9dio e longo prazos. E para isso, setores p\u00fablicos e privados precisam caminhar e trabalhar uma agenda conjunta, tendo como centro a gera\u00e7\u00e3o de renda, neg\u00f3cios e, principalmente, empregos.<\/p>\n\n\n\n<p>Vanderlei Costa<\/p>\n\n\n\n<p>Presidente do Campinas e Regi\u00e3o Convention &amp; Visitour Bureau (CRC&amp;VB)<\/p>","protected":false},"excerpt":{"rendered":"<p>A import\u00e2ncia dos eventos culturais e de neg\u00f3cios, feiras e do turismo para a economia regional *Vanderlei Costa Apesar das incertezas e d\u00favidas que rondam a economia mundial e nacional neste in\u00edcio de ano, em raz\u00e3o de diversos fatores, n\u00e3o h\u00e1 como negar a retomada dos servi\u00e7os no Brasil e na Regi\u00e3o Metropolitana de Campinas [&hellip;]<\/p>\n","protected":false},"author":1,"featured_media":2035,"comment_status":"open","ping_status":"open","sticky":true,"template":"","format":"standard","meta":{"footnotes":""},"categories":[43],"tags":[],"class_list":["post-2056","post","type-post","status-publish","format-standard","has-post-thumbnail","hentry","category-negocios-e-economia","has-post-title","has-post-date","has-post-category","has-post-tag","has-post-comment","has-post-author",""],"yoast_head":"<!-- This site is optimized with the Yoast SEO plugin v27.4 - https:\/\/yoast.com\/product\/yoast-seo-wordpress\/ -->\n<title>A import\u00e2ncia dos eventos culturais e de neg\u00f3cios, feiras e do turismo para a economia regional - Comunica\u00e7\u00e3o Estrat\u00e9gica<\/title>\n<meta name=\"robots\" content=\"index, follow, max-snippet:-1, max-image-preview:large, max-video-preview:-1\" \/>\n<link rel=\"canonical\" href=\"https:\/\/comunicacaoestrategicacps.com.br\/blog\/a-importancia-dos-eventos-culturais-e-de-negocios-feiras-e-do-turismo-para-a-economia-regional\/\" \/>\n<meta property=\"og:locale\" content=\"pt_BR\" \/>\n<meta property=\"og:type\" content=\"article\" \/>\n<meta property=\"og:title\" content=\"A import\u00e2ncia dos eventos culturais e de neg\u00f3cios, feiras e do turismo para a economia regional - Comunica\u00e7\u00e3o Estrat\u00e9gica\" \/>\n<meta property=\"og:description\" content=\"A import\u00e2ncia dos eventos culturais e de neg\u00f3cios, feiras e do turismo para a economia regional *Vanderlei Costa Apesar das incertezas e d\u00favidas que rondam a economia mundial e nacional neste in\u00edcio de ano, em raz\u00e3o de diversos fatores, n\u00e3o h\u00e1 como negar a retomada dos servi\u00e7os no Brasil e na Regi\u00e3o Metropolitana de Campinas [&hellip;]\" \/>\n<meta property=\"og:url\" content=\"https:\/\/comunicacaoestrategicacps.com.br\/blog\/a-importancia-dos-eventos-culturais-e-de-negocios-feiras-e-do-turismo-para-a-economia-regional\/\" \/>\n<meta property=\"og:site_name\" content=\"Comunica\u00e7\u00e3o Estrat\u00e9gica\" \/>\n<meta property=\"article:published_time\" content=\"2023-05-23T14:04:07+00:00\" \/>\n<meta property=\"article:modified_time\" content=\"2023-05-23T14:04:08+00:00\" \/>\n<meta property=\"og:image\" content=\"https:\/\/comunicacaoestrategicacps.com.br\/blog\/wp-content\/uploads\/2023\/05\/Vanderlei-Costa-scaled.jpg\" \/>\n\t<meta property=\"og:image:width\" content=\"853\" \/>\n\t<meta property=\"og:image:height\" content=\"1280\" \/>\n\t<meta property=\"og:image:type\" content=\"image\/jpeg\" \/>\n<meta name=\"author\" content=\"admin\" \/>\n<meta name=\"twitter:card\" content=\"summary_large_image\" \/>\n<meta name=\"twitter:label1\" content=\"Escrito por\" \/>\n\t<meta name=\"twitter:data1\" content=\"admin\" \/>\n\t<meta name=\"twitter:label2\" content=\"Est. tempo de leitura\" \/>\n\t<meta name=\"twitter:data2\" content=\"4 minutos\" \/>\n<script type=\"application\/ld+json\" class=\"yoast-schema-graph\">{\"@context\":\"https:\\\/\\\/schema.org\",\"@graph\":[{\"@type\":\"Article\",\"@id\":\"https:\\\/\\\/comunicacaoestrategicacps.com.br\\\/blog\\\/a-importancia-dos-eventos-culturais-e-de-negocios-feiras-e-do-turismo-para-a-economia-regional\\\/#article\",\"isPartOf\":{\"@id\":\"https:\\\/\\\/comunicacaoestrategicacps.com.br\\\/blog\\\/a-importancia-dos-eventos-culturais-e-de-negocios-feiras-e-do-turismo-para-a-economia-regional\\\/\"},\"author\":{\"name\":\"admin\",\"@id\":\"https:\\\/\\\/comunicacaoestrategicacps.com.br\\\/blog\\\/#\\\/schema\\\/person\\\/8d447568a01edd36a56dbbcb702b02fc\"},\"headline\":\"A import\u00e2ncia dos eventos culturais e de neg\u00f3cios, feiras e do turismo para a economia regional\",\"datePublished\":\"2023-05-23T14:04:07+00:00\",\"dateModified\":\"2023-05-23T14:04:08+00:00\",\"mainEntityOfPage\":{\"@id\":\"https:\\\/\\\/comunicacaoestrategicacps.com.br\\\/blog\\\/a-importancia-dos-eventos-culturais-e-de-negocios-feiras-e-do-turismo-para-a-economia-regional\\\/\"},\"wordCount\":717,\"commentCount\":0,\"image\":{\"@id\":\"https:\\\/\\\/comunicacaoestrategicacps.com.br\\\/blog\\\/a-importancia-dos-eventos-culturais-e-de-negocios-feiras-e-do-turismo-para-a-economia-regional\\\/#primaryimage\"},\"thumbnailUrl\":\"https:\\\/\\\/comunicacaoestrategicacps.com.br\\\/blog\\\/wp-content\\\/uploads\\\/2023\\\/05\\\/Vanderlei-Costa-scaled.jpg\",\"articleSection\":[\"Neg\u00f3cios e Economia\"],\"inLanguage\":\"pt-BR\",\"potentialAction\":[{\"@type\":\"CommentAction\",\"name\":\"Comment\",\"target\":[\"https:\\\/\\\/comunicacaoestrategicacps.com.br\\\/blog\\\/a-importancia-dos-eventos-culturais-e-de-negocios-feiras-e-do-turismo-para-a-economia-regional\\\/#respond\"]}]},{\"@type\":\"WebPage\",\"@id\":\"https:\\\/\\\/comunicacaoestrategicacps.com.br\\\/blog\\\/a-importancia-dos-eventos-culturais-e-de-negocios-feiras-e-do-turismo-para-a-economia-regional\\\/\",\"url\":\"https:\\\/\\\/comunicacaoestrategicacps.com.br\\\/blog\\\/a-importancia-dos-eventos-culturais-e-de-negocios-feiras-e-do-turismo-para-a-economia-regional\\\/\",\"name\":\"A import\u00e2ncia dos eventos culturais e de neg\u00f3cios, feiras e do turismo para a economia regional - Comunica\u00e7\u00e3o Estrat\u00e9gica\",\"isPartOf\":{\"@id\":\"https:\\\/\\\/comunicacaoestrategicacps.com.br\\\/blog\\\/#website\"},\"primaryImageOfPage\":{\"@id\":\"https:\\\/\\\/comunicacaoestrategicacps.com.br\\\/blog\\\/a-importancia-dos-eventos-culturais-e-de-negocios-feiras-e-do-turismo-para-a-economia-regional\\\/#primaryimage\"},\"image\":{\"@id\":\"https:\\\/\\\/comunicacaoestrategicacps.com.br\\\/blog\\\/a-importancia-dos-eventos-culturais-e-de-negocios-feiras-e-do-turismo-para-a-economia-regional\\\/#primaryimage\"},\"thumbnailUrl\":\"https:\\\/\\\/comunicacaoestrategicacps.com.br\\\/blog\\\/wp-content\\\/uploads\\\/2023\\\/05\\\/Vanderlei-Costa-scaled.jpg\",\"datePublished\":\"2023-05-23T14:04:07+00:00\",\"dateModified\":\"2023-05-23T14:04:08+00:00\",\"author\":{\"@id\":\"https:\\\/\\\/comunicacaoestrategicacps.com.br\\\/blog\\\/#\\\/schema\\\/person\\\/8d447568a01edd36a56dbbcb702b02fc\"},\"breadcrumb\":{\"@id\":\"https:\\\/\\\/comunicacaoestrategicacps.com.br\\\/blog\\\/a-importancia-dos-eventos-culturais-e-de-negocios-feiras-e-do-turismo-para-a-economia-regional\\\/#breadcrumb\"},\"inLanguage\":\"pt-BR\",\"potentialAction\":[{\"@type\":\"ReadAction\",\"target\":[\"https:\\\/\\\/comunicacaoestrategicacps.com.br\\\/blog\\\/a-importancia-dos-eventos-culturais-e-de-negocios-feiras-e-do-turismo-para-a-economia-regional\\\/\"]}]},{\"@type\":\"ImageObject\",\"inLanguage\":\"pt-BR\",\"@id\":\"https:\\\/\\\/comunicacaoestrategicacps.com.br\\\/blog\\\/a-importancia-dos-eventos-culturais-e-de-negocios-feiras-e-do-turismo-para-a-economia-regional\\\/#primaryimage\",\"url\":\"https:\\\/\\\/comunicacaoestrategicacps.com.br\\\/blog\\\/wp-content\\\/uploads\\\/2023\\\/05\\\/Vanderlei-Costa-scaled.jpg\",\"contentUrl\":\"https:\\\/\\\/comunicacaoestrategicacps.com.br\\\/blog\\\/wp-content\\\/uploads\\\/2023\\\/05\\\/Vanderlei-Costa-scaled.jpg\",\"width\":853,\"height\":1280},{\"@type\":\"BreadcrumbList\",\"@id\":\"https:\\\/\\\/comunicacaoestrategicacps.com.br\\\/blog\\\/a-importancia-dos-eventos-culturais-e-de-negocios-feiras-e-do-turismo-para-a-economia-regional\\\/#breadcrumb\",\"itemListElement\":[{\"@type\":\"ListItem\",\"position\":1,\"name\":\"In\u00edcio\",\"item\":\"https:\\\/\\\/comunicacaoestrategicacps.com.br\\\/blog\\\/\"},{\"@type\":\"ListItem\",\"position\":2,\"name\":\"A import\u00e2ncia dos eventos culturais e de neg\u00f3cios, feiras e do turismo para a economia regional\"}]},{\"@type\":\"WebSite\",\"@id\":\"https:\\\/\\\/comunicacaoestrategicacps.com.br\\\/blog\\\/#website\",\"url\":\"https:\\\/\\\/comunicacaoestrategicacps.com.br\\\/blog\\\/\",\"name\":\"Comunica\u00e7\u00e3o Estrat\u00e9gica\",\"description\":\"Comunica\u00e7\u00e3o Estrat\u00e9gica  - Assessoria de Imprensa\",\"potentialAction\":[{\"@type\":\"SearchAction\",\"target\":{\"@type\":\"EntryPoint\",\"urlTemplate\":\"https:\\\/\\\/comunicacaoestrategicacps.com.br\\\/blog\\\/?s={search_term_string}\"},\"query-input\":{\"@type\":\"PropertyValueSpecification\",\"valueRequired\":true,\"valueName\":\"search_term_string\"}}],\"inLanguage\":\"pt-BR\"},{\"@type\":\"Person\",\"@id\":\"https:\\\/\\\/comunicacaoestrategicacps.com.br\\\/blog\\\/#\\\/schema\\\/person\\\/8d447568a01edd36a56dbbcb702b02fc\",\"name\":\"admin\",\"image\":{\"@type\":\"ImageObject\",\"inLanguage\":\"pt-BR\",\"@id\":\"https:\\\/\\\/secure.gravatar.com\\\/avatar\\\/2cc026ea89b57b9d913d4ce5b90a0490046c0c9048a129e24cc44313a90d3f77?s=96&d=mm&r=g\",\"url\":\"https:\\\/\\\/secure.gravatar.com\\\/avatar\\\/2cc026ea89b57b9d913d4ce5b90a0490046c0c9048a129e24cc44313a90d3f77?s=96&d=mm&r=g\",\"contentUrl\":\"https:\\\/\\\/secure.gravatar.com\\\/avatar\\\/2cc026ea89b57b9d913d4ce5b90a0490046c0c9048a129e24cc44313a90d3f77?s=96&d=mm&r=g\",\"caption\":\"admin\"},\"url\":\"https:\\\/\\\/comunicacaoestrategicacps.com.br\\\/blog\\\/author\\\/admin\\\/\"}]}<\/script>\n<!-- \/ Yoast SEO plugin. -->","yoast_head_json":{"title":"A import\u00e2ncia dos eventos culturais e de neg\u00f3cios, feiras e do turismo para a economia regional - Comunica\u00e7\u00e3o Estrat\u00e9gica","robots":{"index":"index","follow":"follow","max-snippet":"max-snippet:-1","max-image-preview":"max-image-preview:large","max-video-preview":"max-video-preview:-1"},"canonical":"https:\/\/comunicacaoestrategicacps.com.br\/blog\/a-importancia-dos-eventos-culturais-e-de-negocios-feiras-e-do-turismo-para-a-economia-regional\/","og_locale":"pt_BR","og_type":"article","og_title":"A import\u00e2ncia dos eventos culturais e de neg\u00f3cios, feiras e do turismo para a economia regional - Comunica\u00e7\u00e3o Estrat\u00e9gica","og_description":"A import\u00e2ncia dos eventos culturais e de neg\u00f3cios, feiras e do turismo para a economia regional *Vanderlei Costa Apesar das incertezas e d\u00favidas que rondam a economia mundial e nacional neste in\u00edcio de ano, em raz\u00e3o de diversos fatores, n\u00e3o h\u00e1 como negar a retomada dos servi\u00e7os no Brasil e na Regi\u00e3o Metropolitana de Campinas [&hellip;]","og_url":"https:\/\/comunicacaoestrategicacps.com.br\/blog\/a-importancia-dos-eventos-culturais-e-de-negocios-feiras-e-do-turismo-para-a-economia-regional\/","og_site_name":"Comunica\u00e7\u00e3o Estrat\u00e9gica","article_published_time":"2023-05-23T14:04:07+00:00","article_modified_time":"2023-05-23T14:04:08+00:00","og_image":[{"width":853,"height":1280,"url":"https:\/\/comunicacaoestrategicacps.com.br\/blog\/wp-content\/uploads\/2023\/05\/Vanderlei-Costa-scaled.jpg","type":"image\/jpeg"}],"author":"admin","twitter_card":"summary_large_image","twitter_misc":{"Escrito por":"admin","Est. tempo de leitura":"4 minutos"},"schema":{"@context":"https:\/\/schema.org","@graph":[{"@type":"Article","@id":"https:\/\/comunicacaoestrategicacps.com.br\/blog\/a-importancia-dos-eventos-culturais-e-de-negocios-feiras-e-do-turismo-para-a-economia-regional\/#article","isPartOf":{"@id":"https:\/\/comunicacaoestrategicacps.com.br\/blog\/a-importancia-dos-eventos-culturais-e-de-negocios-feiras-e-do-turismo-para-a-economia-regional\/"},"author":{"name":"admin","@id":"https:\/\/comunicacaoestrategicacps.com.br\/blog\/#\/schema\/person\/8d447568a01edd36a56dbbcb702b02fc"},"headline":"A import\u00e2ncia dos eventos culturais e de neg\u00f3cios, feiras e do turismo para a economia regional","datePublished":"2023-05-23T14:04:07+00:00","dateModified":"2023-05-23T14:04:08+00:00","mainEntityOfPage":{"@id":"https:\/\/comunicacaoestrategicacps.com.br\/blog\/a-importancia-dos-eventos-culturais-e-de-negocios-feiras-e-do-turismo-para-a-economia-regional\/"},"wordCount":717,"commentCount":0,"image":{"@id":"https:\/\/comunicacaoestrategicacps.com.br\/blog\/a-importancia-dos-eventos-culturais-e-de-negocios-feiras-e-do-turismo-para-a-economia-regional\/#primaryimage"},"thumbnailUrl":"https:\/\/comunicacaoestrategicacps.com.br\/blog\/wp-content\/uploads\/2023\/05\/Vanderlei-Costa-scaled.jpg","articleSection":["Neg\u00f3cios e Economia"],"inLanguage":"pt-BR","potentialAction":[{"@type":"CommentAction","name":"Comment","target":["https:\/\/comunicacaoestrategicacps.com.br\/blog\/a-importancia-dos-eventos-culturais-e-de-negocios-feiras-e-do-turismo-para-a-economia-regional\/#respond"]}]},{"@type":"WebPage","@id":"https:\/\/comunicacaoestrategicacps.com.br\/blog\/a-importancia-dos-eventos-culturais-e-de-negocios-feiras-e-do-turismo-para-a-economia-regional\/","url":"https:\/\/comunicacaoestrategicacps.com.br\/blog\/a-importancia-dos-eventos-culturais-e-de-negocios-feiras-e-do-turismo-para-a-economia-regional\/","name":"A import\u00e2ncia dos eventos culturais e de neg\u00f3cios, feiras e do turismo para a economia regional - Comunica\u00e7\u00e3o Estrat\u00e9gica","isPartOf":{"@id":"https:\/\/comunicacaoestrategicacps.com.br\/blog\/#website"},"primaryImageOfPage":{"@id":"https:\/\/comunicacaoestrategicacps.com.br\/blog\/a-importancia-dos-eventos-culturais-e-de-negocios-feiras-e-do-turismo-para-a-economia-regional\/#primaryimage"},"image":{"@id":"https:\/\/comunicacaoestrategicacps.com.br\/blog\/a-importancia-dos-eventos-culturais-e-de-negocios-feiras-e-do-turismo-para-a-economia-regional\/#primaryimage"},"thumbnailUrl":"https:\/\/comunicacaoestrategicacps.com.br\/blog\/wp-content\/uploads\/2023\/05\/Vanderlei-Costa-scaled.jpg","datePublished":"2023-05-23T14:04:07+00:00","dateModified":"2023-05-23T14:04:08+00:00","author":{"@id":"https:\/\/comunicacaoestrategicacps.com.br\/blog\/#\/schema\/person\/8d447568a01edd36a56dbbcb702b02fc"},"breadcrumb":{"@id":"https:\/\/comunicacaoestrategicacps.com.br\/blog\/a-importancia-dos-eventos-culturais-e-de-negocios-feiras-e-do-turismo-para-a-economia-regional\/#breadcrumb"},"inLanguage":"pt-BR","potentialAction":[{"@type":"ReadAction","target":["https:\/\/comunicacaoestrategicacps.com.br\/blog\/a-importancia-dos-eventos-culturais-e-de-negocios-feiras-e-do-turismo-para-a-economia-regional\/"]}]},{"@type":"ImageObject","inLanguage":"pt-BR","@id":"https:\/\/comunicacaoestrategicacps.com.br\/blog\/a-importancia-dos-eventos-culturais-e-de-negocios-feiras-e-do-turismo-para-a-economia-regional\/#primaryimage","url":"https:\/\/comunicacaoestrategicacps.com.br\/blog\/wp-content\/uploads\/2023\/05\/Vanderlei-Costa-scaled.jpg","contentUrl":"https:\/\/comunicacaoestrategicacps.com.br\/blog\/wp-content\/uploads\/2023\/05\/Vanderlei-Costa-scaled.jpg","width":853,"height":1280},{"@type":"BreadcrumbList","@id":"https:\/\/comunicacaoestrategicacps.com.br\/blog\/a-importancia-dos-eventos-culturais-e-de-negocios-feiras-e-do-turismo-para-a-economia-regional\/#breadcrumb","itemListElement":[{"@type":"ListItem","position":1,"name":"In\u00edcio","item":"https:\/\/comunicacaoestrategicacps.com.br\/blog\/"},{"@type":"ListItem","position":2,"name":"A import\u00e2ncia dos eventos culturais e de neg\u00f3cios, feiras e do turismo para a economia regional"}]},{"@type":"WebSite","@id":"https:\/\/comunicacaoestrategicacps.com.br\/blog\/#website","url":"https:\/\/comunicacaoestrategicacps.com.br\/blog\/","name":"Comunica\u00e7\u00e3o Estrat\u00e9gica","description":"Comunica\u00e7\u00e3o Estrat\u00e9gica  - Assessoria de Imprensa","potentialAction":[{"@type":"SearchAction","target":{"@type":"EntryPoint","urlTemplate":"https:\/\/comunicacaoestrategicacps.com.br\/blog\/?s={search_term_string}"},"query-input":{"@type":"PropertyValueSpecification","valueRequired":true,"valueName":"search_term_string"}}],"inLanguage":"pt-BR"},{"@type":"Person","@id":"https:\/\/comunicacaoestrategicacps.com.br\/blog\/#\/schema\/person\/8d447568a01edd36a56dbbcb702b02fc","name":"admin","image":{"@type":"ImageObject","inLanguage":"pt-BR","@id":"https:\/\/secure.gravatar.com\/avatar\/2cc026ea89b57b9d913d4ce5b90a0490046c0c9048a129e24cc44313a90d3f77?s=96&d=mm&r=g","url":"https:\/\/secure.gravatar.com\/avatar\/2cc026ea89b57b9d913d4ce5b90a0490046c0c9048a129e24cc44313a90d3f77?s=96&d=mm&r=g","contentUrl":"https:\/\/secure.gravatar.com\/avatar\/2cc026ea89b57b9d913d4ce5b90a0490046c0c9048a129e24cc44313a90d3f77?s=96&d=mm&r=g","caption":"admin"},"url":"https:\/\/comunicacaoestrategicacps.com.br\/blog\/author\/admin\/"}]}},"builder_content":"","_links":{"self":[{"href":"https:\/\/comunicacaoestrategicacps.com.br\/blog\/wp-json\/wp\/v2\/posts\/2056","targetHints":{"allow":["GET"]}}],"collection":[{"href":"https:\/\/comunicacaoestrategicacps.com.br\/blog\/wp-json\/wp\/v2\/posts"}],"about":[{"href":"https:\/\/comunicacaoestrategicacps.com.br\/blog\/wp-json\/wp\/v2\/types\/post"}],"author":[{"embeddable":true,"href":"https:\/\/comunicacaoestrategicacps.com.br\/blog\/wp-json\/wp\/v2\/users\/1"}],"replies":[{"embeddable":true,"href":"https:\/\/comunicacaoestrategicacps.com.br\/blog\/wp-json\/wp\/v2\/comments?post=2056"}],"version-history":[{"count":1,"href":"https:\/\/comunicacaoestrategicacps.com.br\/blog\/wp-json\/wp\/v2\/posts\/2056\/revisions"}],"predecessor-version":[{"id":2057,"href":"https:\/\/comunicacaoestrategicacps.com.br\/blog\/wp-json\/wp\/v2\/posts\/2056\/revisions\/2057"}],"wp:featuredmedia":[{"embeddable":true,"href":"https:\/\/comunicacaoestrategicacps.com.br\/blog\/wp-json\/wp\/v2\/media\/2035"}],"wp:attachment":[{"href":"https:\/\/comunicacaoestrategicacps.com.br\/blog\/wp-json\/wp\/v2\/media?parent=2056"}],"wp:term":[{"taxonomy":"category","embeddable":true,"href":"https:\/\/comunicacaoestrategicacps.com.br\/blog\/wp-json\/wp\/v2\/categories?post=2056"},{"taxonomy":"post_tag","embeddable":true,"href":"https:\/\/comunicacaoestrategicacps.com.br\/blog\/wp-json\/wp\/v2\/tags?post=2056"}],"curies":[{"name":"wp","href":"https:\/\/api.w.org\/{rel}","templated":true}]}}