{"id":2073,"date":"2023-05-26T10:40:19","date_gmt":"2023-05-26T13:40:19","guid":{"rendered":"https:\/\/comunicacaoestrategicacps.com.br\/blog\/?p=2073"},"modified":"2023-05-26T10:40:19","modified_gmt":"2023-05-26T13:40:19","slug":"hoteis-e-restaurantes-da-rede-vitoria-terao-programacoes-especiais-para-o-dia-dos-namorados","status":"publish","type":"post","link":"https:\/\/comunicacaoestrategicacps.com.br\/blog\/hoteis-e-restaurantes-da-rede-vitoria-terao-programacoes-especiais-para-o-dia-dos-namorados\/","title":{"rendered":"Hot\u00e9is e restaurantes da Rede Vit\u00f3ria ter\u00e3o programa\u00e7\u00f5es especiais para o Dia dos Namorados"},"content":{"rendered":"<!--themify_builder_content-->\n<div id=\"themify_builder_content-2073\" data-postid=\"2073\" class=\"themify_builder_content themify_builder_content-2073 themify_builder tf_clear\">\n    <\/div>\n<!--\/themify_builder_content-->\n\n\n\n\n<p><strong>Campinas, 24 de maio de 2023<\/strong> &#8211; Considerada a data mais importante para o setor de com\u00e9rcio e servi\u00e7os \u2013 restaurantes, em especial -, o Dia dos Namorados, comemorado no pr\u00f3ximo dia 12 de junho, \u00e9 aguardando com expectativa pelos hot\u00e9is e restaurantes da regi\u00e3o de Campinas, mesmo a celebra\u00e7\u00e3o caindo em uma segunda-feira. Os hot\u00e9is e restaurantes da Rede Vit\u00f3ria Hot\u00e9is em Campinas, Indaiatuba e Paul\u00ednia ter\u00e3o programa\u00e7\u00f5es especiais para os casais curtirem a data prolongada a partir do dia 9 de junho.<\/p>\n\n\n\n<p>Quatro unidades da rede \u2013 Vit\u00f3ria Hotel Concept Campinas, Vit\u00f3ria Hotel Express (Campinas), Vit\u00f3ria Hotel Indaiatuba e Vit\u00f3ria Hotel Paul\u00ednia \u2013 apostam no clima rom\u00e2ntico para a data. Para isso, estar\u00e3o investindo em pacotes rom\u00e2nticos, com quartos decorados e cestas de caf\u00e9 e almo\u00e7o especiais. Em Indaiatuba, os hospedes ainda contar\u00e3o com pacotes de servi\u00e7os de massagem relaxante.<\/p>\n\n\n\n<p>Eduardo Porto, diretor de Marketing da Rede Vit\u00f3ria Hot\u00e9is, conta que a rede aposta no pacote rom\u00e2ntico e conta com a semana mais curta, com o feriado de Corpus Christi, no dia 8 de junho, para aumentar o movimento. \u201cO pacote rom\u00e2ntico em nossas unidades foi criado h\u00e1 dois anos e vem ganhando for\u00e7a, principalmente entre os casais que residem em cidades em um raio de 100 quil\u00f4metros, que querem curtir a data fora dos roteiros mais tradicionais, que \u00e9 o jantar\u201d, comenta.<\/p>\n\n\n\n<p>Al\u00e9m dos pacotes rom\u00e2nticos nos hot\u00e9is, a Rede tamb\u00e9m vai ampliar as comemora\u00e7\u00f5es em seus restaurantes, com jantares especiais a partir do dia 9 de junho, uma sexta-feira. \u201cNo decorrer dos \u00faltimos anos, temos percebido que muitos casais t\u00eam optado por celebrar a data com anteced\u00eancia para evitar as filas de espera\u201d, afirma o Diretor de Marketing.<\/p>\n\n\n\n<p>O Bellini Ristorante, com cozinha mediterr\u00e2nea e localizado no t\u00e9rreo do Vit\u00f3ria Hotel Concept de Campinas, vai oferecer pratos especiais no jantar, assinados pela Chef Cristina Roseo, a partir do dia 9 de junho e vai abrir excepcionalmente no jantar de domingo e segunda-feira.<\/p>\n\n\n\n<p>\u00cdcone da gastronomia japonesa na regi\u00e3o e diversas vezes premiado pela revista Veja Comer &amp; Beber Campinas, o restaurante Kindai, tamb\u00e9m no Hotel Vit\u00f3ria Concept Campinas, est\u00e1 comemorando 20 anos. E para dar in\u00edcio \u00e0s comemora\u00e7\u00f5es de duas d\u00e9cadas de inaugura\u00e7\u00e3o, nada melhor do que brindar com um jantar especial no Dia dos Namorados, quando receber\u00e1 o renomado Chef Jos\u00e9 Francisco de Ara\u00fajo, considerado o principal sushiman do Brasil e com duas Estrelas Michelin na bagagem, em dois restaurantes: Jun Sakamoto e Hut\u00f4.<\/p>\n\n\n\n<p>Com passagens por diversas casas de famosos da capital paulista e por mais de 15 anos Chef ao lado de Juan Sakamoto, Jos\u00e9 Francisco de Ara\u00fajo vai assinar, junto com os sushimans do restaurante, o card\u00e1pio especial para o Jantar do Dia dos Namorados Estrelados da casa, no dia 12 de junho.<\/p>\n\n\n\n<p>O Vick Pizza e Cozinha, no Hotel Vit\u00f3ria de Indaiatuba, com a queda da temperatura, aposta no charmoso e tradicional Fondue, que ser\u00e1 servido aos casais nos dias 9 e 10 (sexta e s\u00e1bado). O Vitorino Restaurante no Vit\u00f3ria Hotel Paul\u00ednia, por sua vez vai abrir as portas para um jantar rom\u00e2ntico com menu especial no dia 12, enquanto no s\u00e1bado, antev\u00e9spera, estar\u00e1 disponibilizando o fondue dos namorados.<\/p>","protected":false},"excerpt":{"rendered":"<p>Campinas, 24 de maio de 2023 &#8211; Considerada a data mais importante para o setor de com\u00e9rcio e servi\u00e7os \u2013 restaurantes, em especial -, o Dia dos Namorados, comemorado no pr\u00f3ximo dia 12 de junho, \u00e9 aguardando com expectativa pelos hot\u00e9is e restaurantes da regi\u00e3o de Campinas, mesmo a celebra\u00e7\u00e3o caindo em uma segunda-feira. Os [&hellip;]<\/p>\n","protected":false},"author":1,"featured_media":2074,"comment_status":"open","ping_status":"open","sticky":true,"template":"","format":"standard","meta":{"footnotes":""},"categories":[43],"tags":[],"class_list":["post-2073","post","type-post","status-publish","format-standard","has-post-thumbnail","hentry","category-negocios-e-economia","has-post-title","has-post-date","has-post-category","has-post-tag","has-post-comment","has-post-author",""],"yoast_head":"<!-- This site is optimized with the Yoast SEO plugin v27.4 - https:\/\/yoast.com\/product\/yoast-seo-wordpress\/ -->\n<title>Hot\u00e9is e restaurantes da Rede Vit\u00f3ria ter\u00e3o programa\u00e7\u00f5es especiais para o Dia dos Namorados - Comunica\u00e7\u00e3o Estrat\u00e9gica<\/title>\n<meta name=\"robots\" content=\"index, follow, max-snippet:-1, max-image-preview:large, max-video-preview:-1\" \/>\n<link rel=\"canonical\" href=\"https:\/\/comunicacaoestrategicacps.com.br\/blog\/hoteis-e-restaurantes-da-rede-vitoria-terao-programacoes-especiais-para-o-dia-dos-namorados\/\" \/>\n<meta property=\"og:locale\" content=\"pt_BR\" \/>\n<meta property=\"og:type\" content=\"article\" \/>\n<meta property=\"og:title\" content=\"Hot\u00e9is e restaurantes da Rede Vit\u00f3ria ter\u00e3o programa\u00e7\u00f5es especiais para o Dia dos Namorados - Comunica\u00e7\u00e3o Estrat\u00e9gica\" \/>\n<meta property=\"og:description\" content=\"Campinas, 24 de maio de 2023 &#8211; Considerada a data mais importante para o setor de com\u00e9rcio e servi\u00e7os \u2013 restaurantes, em especial -, o Dia dos Namorados, comemorado no pr\u00f3ximo dia 12 de junho, \u00e9 aguardando com expectativa pelos hot\u00e9is e restaurantes da regi\u00e3o de Campinas, mesmo a celebra\u00e7\u00e3o caindo em uma segunda-feira. Os [&hellip;]\" \/>\n<meta property=\"og:url\" content=\"https:\/\/comunicacaoestrategicacps.com.br\/blog\/hoteis-e-restaurantes-da-rede-vitoria-terao-programacoes-especiais-para-o-dia-dos-namorados\/\" \/>\n<meta property=\"og:site_name\" content=\"Comunica\u00e7\u00e3o Estrat\u00e9gica\" \/>\n<meta property=\"article:published_time\" content=\"2023-05-26T13:40:19+00:00\" \/>\n<meta property=\"og:image\" content=\"https:\/\/comunicacaoestrategicacps.com.br\/blog\/wp-content\/uploads\/2023\/05\/vitoriasuite-scaled.jpg\" \/>\n\t<meta property=\"og:image:width\" content=\"1280\" \/>\n\t<meta property=\"og:image:height\" content=\"780\" \/>\n\t<meta property=\"og:image:type\" content=\"image\/jpeg\" \/>\n<meta name=\"author\" content=\"admin\" \/>\n<meta name=\"twitter:card\" content=\"summary_large_image\" \/>\n<meta name=\"twitter:label1\" content=\"Escrito por\" \/>\n\t<meta name=\"twitter:data1\" content=\"admin\" \/>\n\t<meta name=\"twitter:label2\" content=\"Est. tempo de leitura\" \/>\n\t<meta name=\"twitter:data2\" content=\"4 minutos\" \/>\n<script type=\"application\/ld+json\" class=\"yoast-schema-graph\">{\"@context\":\"https:\\\/\\\/schema.org\",\"@graph\":[{\"@type\":\"Article\",\"@id\":\"https:\\\/\\\/comunicacaoestrategicacps.com.br\\\/blog\\\/hoteis-e-restaurantes-da-rede-vitoria-terao-programacoes-especiais-para-o-dia-dos-namorados\\\/#article\",\"isPartOf\":{\"@id\":\"https:\\\/\\\/comunicacaoestrategicacps.com.br\\\/blog\\\/hoteis-e-restaurantes-da-rede-vitoria-terao-programacoes-especiais-para-o-dia-dos-namorados\\\/\"},\"author\":{\"name\":\"admin\",\"@id\":\"https:\\\/\\\/comunicacaoestrategicacps.com.br\\\/blog\\\/#\\\/schema\\\/person\\\/8d447568a01edd36a56dbbcb702b02fc\"},\"headline\":\"Hot\u00e9is e restaurantes da Rede Vit\u00f3ria ter\u00e3o programa\u00e7\u00f5es especiais para o Dia dos Namorados\",\"datePublished\":\"2023-05-26T13:40:19+00:00\",\"mainEntityOfPage\":{\"@id\":\"https:\\\/\\\/comunicacaoestrategicacps.com.br\\\/blog\\\/hoteis-e-restaurantes-da-rede-vitoria-terao-programacoes-especiais-para-o-dia-dos-namorados\\\/\"},\"wordCount\":584,\"commentCount\":0,\"image\":{\"@id\":\"https:\\\/\\\/comunicacaoestrategicacps.com.br\\\/blog\\\/hoteis-e-restaurantes-da-rede-vitoria-terao-programacoes-especiais-para-o-dia-dos-namorados\\\/#primaryimage\"},\"thumbnailUrl\":\"https:\\\/\\\/comunicacaoestrategicacps.com.br\\\/blog\\\/wp-content\\\/uploads\\\/2023\\\/05\\\/vitoriasuite-scaled.jpg\",\"articleSection\":[\"Neg\u00f3cios e Economia\"],\"inLanguage\":\"pt-BR\",\"potentialAction\":[{\"@type\":\"CommentAction\",\"name\":\"Comment\",\"target\":[\"https:\\\/\\\/comunicacaoestrategicacps.com.br\\\/blog\\\/hoteis-e-restaurantes-da-rede-vitoria-terao-programacoes-especiais-para-o-dia-dos-namorados\\\/#respond\"]}]},{\"@type\":\"WebPage\",\"@id\":\"https:\\\/\\\/comunicacaoestrategicacps.com.br\\\/blog\\\/hoteis-e-restaurantes-da-rede-vitoria-terao-programacoes-especiais-para-o-dia-dos-namorados\\\/\",\"url\":\"https:\\\/\\\/comunicacaoestrategicacps.com.br\\\/blog\\\/hoteis-e-restaurantes-da-rede-vitoria-terao-programacoes-especiais-para-o-dia-dos-namorados\\\/\",\"name\":\"Hot\u00e9is e restaurantes da Rede Vit\u00f3ria ter\u00e3o programa\u00e7\u00f5es especiais para o Dia dos Namorados - Comunica\u00e7\u00e3o Estrat\u00e9gica\",\"isPartOf\":{\"@id\":\"https:\\\/\\\/comunicacaoestrategicacps.com.br\\\/blog\\\/#website\"},\"primaryImageOfPage\":{\"@id\":\"https:\\\/\\\/comunicacaoestrategicacps.com.br\\\/blog\\\/hoteis-e-restaurantes-da-rede-vitoria-terao-programacoes-especiais-para-o-dia-dos-namorados\\\/#primaryimage\"},\"image\":{\"@id\":\"https:\\\/\\\/comunicacaoestrategicacps.com.br\\\/blog\\\/hoteis-e-restaurantes-da-rede-vitoria-terao-programacoes-especiais-para-o-dia-dos-namorados\\\/#primaryimage\"},\"thumbnailUrl\":\"https:\\\/\\\/comunicacaoestrategicacps.com.br\\\/blog\\\/wp-content\\\/uploads\\\/2023\\\/05\\\/vitoriasuite-scaled.jpg\",\"datePublished\":\"2023-05-26T13:40:19+00:00\",\"author\":{\"@id\":\"https:\\\/\\\/comunicacaoestrategicacps.com.br\\\/blog\\\/#\\\/schema\\\/person\\\/8d447568a01edd36a56dbbcb702b02fc\"},\"breadcrumb\":{\"@id\":\"https:\\\/\\\/comunicacaoestrategicacps.com.br\\\/blog\\\/hoteis-e-restaurantes-da-rede-vitoria-terao-programacoes-especiais-para-o-dia-dos-namorados\\\/#breadcrumb\"},\"inLanguage\":\"pt-BR\",\"potentialAction\":[{\"@type\":\"ReadAction\",\"target\":[\"https:\\\/\\\/comunicacaoestrategicacps.com.br\\\/blog\\\/hoteis-e-restaurantes-da-rede-vitoria-terao-programacoes-especiais-para-o-dia-dos-namorados\\\/\"]}]},{\"@type\":\"ImageObject\",\"inLanguage\":\"pt-BR\",\"@id\":\"https:\\\/\\\/comunicacaoestrategicacps.com.br\\\/blog\\\/hoteis-e-restaurantes-da-rede-vitoria-terao-programacoes-especiais-para-o-dia-dos-namorados\\\/#primaryimage\",\"url\":\"https:\\\/\\\/comunicacaoestrategicacps.com.br\\\/blog\\\/wp-content\\\/uploads\\\/2023\\\/05\\\/vitoriasuite-scaled.jpg\",\"contentUrl\":\"https:\\\/\\\/comunicacaoestrategicacps.com.br\\\/blog\\\/wp-content\\\/uploads\\\/2023\\\/05\\\/vitoriasuite-scaled.jpg\",\"width\":1280,\"height\":780},{\"@type\":\"BreadcrumbList\",\"@id\":\"https:\\\/\\\/comunicacaoestrategicacps.com.br\\\/blog\\\/hoteis-e-restaurantes-da-rede-vitoria-terao-programacoes-especiais-para-o-dia-dos-namorados\\\/#breadcrumb\",\"itemListElement\":[{\"@type\":\"ListItem\",\"position\":1,\"name\":\"In\u00edcio\",\"item\":\"https:\\\/\\\/comunicacaoestrategicacps.com.br\\\/blog\\\/\"},{\"@type\":\"ListItem\",\"position\":2,\"name\":\"Hot\u00e9is e restaurantes da Rede Vit\u00f3ria ter\u00e3o programa\u00e7\u00f5es especiais para o Dia dos Namorados\"}]},{\"@type\":\"WebSite\",\"@id\":\"https:\\\/\\\/comunicacaoestrategicacps.com.br\\\/blog\\\/#website\",\"url\":\"https:\\\/\\\/comunicacaoestrategicacps.com.br\\\/blog\\\/\",\"name\":\"Comunica\u00e7\u00e3o Estrat\u00e9gica\",\"description\":\"Comunica\u00e7\u00e3o Estrat\u00e9gica  - Assessoria de Imprensa\",\"potentialAction\":[{\"@type\":\"SearchAction\",\"target\":{\"@type\":\"EntryPoint\",\"urlTemplate\":\"https:\\\/\\\/comunicacaoestrategicacps.com.br\\\/blog\\\/?s={search_term_string}\"},\"query-input\":{\"@type\":\"PropertyValueSpecification\",\"valueRequired\":true,\"valueName\":\"search_term_string\"}}],\"inLanguage\":\"pt-BR\"},{\"@type\":\"Person\",\"@id\":\"https:\\\/\\\/comunicacaoestrategicacps.com.br\\\/blog\\\/#\\\/schema\\\/person\\\/8d447568a01edd36a56dbbcb702b02fc\",\"name\":\"admin\",\"image\":{\"@type\":\"ImageObject\",\"inLanguage\":\"pt-BR\",\"@id\":\"https:\\\/\\\/secure.gravatar.com\\\/avatar\\\/2cc026ea89b57b9d913d4ce5b90a0490046c0c9048a129e24cc44313a90d3f77?s=96&d=mm&r=g\",\"url\":\"https:\\\/\\\/secure.gravatar.com\\\/avatar\\\/2cc026ea89b57b9d913d4ce5b90a0490046c0c9048a129e24cc44313a90d3f77?s=96&d=mm&r=g\",\"contentUrl\":\"https:\\\/\\\/secure.gravatar.com\\\/avatar\\\/2cc026ea89b57b9d913d4ce5b90a0490046c0c9048a129e24cc44313a90d3f77?s=96&d=mm&r=g\",\"caption\":\"admin\"},\"url\":\"https:\\\/\\\/comunicacaoestrategicacps.com.br\\\/blog\\\/author\\\/admin\\\/\"}]}<\/script>\n<!-- \/ Yoast SEO plugin. -->","yoast_head_json":{"title":"Hot\u00e9is e restaurantes da Rede Vit\u00f3ria ter\u00e3o programa\u00e7\u00f5es especiais para o Dia dos Namorados - Comunica\u00e7\u00e3o Estrat\u00e9gica","robots":{"index":"index","follow":"follow","max-snippet":"max-snippet:-1","max-image-preview":"max-image-preview:large","max-video-preview":"max-video-preview:-1"},"canonical":"https:\/\/comunicacaoestrategicacps.com.br\/blog\/hoteis-e-restaurantes-da-rede-vitoria-terao-programacoes-especiais-para-o-dia-dos-namorados\/","og_locale":"pt_BR","og_type":"article","og_title":"Hot\u00e9is e restaurantes da Rede Vit\u00f3ria ter\u00e3o programa\u00e7\u00f5es especiais para o Dia dos Namorados - Comunica\u00e7\u00e3o Estrat\u00e9gica","og_description":"Campinas, 24 de maio de 2023 &#8211; Considerada a data mais importante para o setor de com\u00e9rcio e servi\u00e7os \u2013 restaurantes, em especial -, o Dia dos Namorados, comemorado no pr\u00f3ximo dia 12 de junho, \u00e9 aguardando com expectativa pelos hot\u00e9is e restaurantes da regi\u00e3o de Campinas, mesmo a celebra\u00e7\u00e3o caindo em uma segunda-feira. Os [&hellip;]","og_url":"https:\/\/comunicacaoestrategicacps.com.br\/blog\/hoteis-e-restaurantes-da-rede-vitoria-terao-programacoes-especiais-para-o-dia-dos-namorados\/","og_site_name":"Comunica\u00e7\u00e3o Estrat\u00e9gica","article_published_time":"2023-05-26T13:40:19+00:00","og_image":[{"width":1280,"height":780,"url":"https:\/\/comunicacaoestrategicacps.com.br\/blog\/wp-content\/uploads\/2023\/05\/vitoriasuite-scaled.jpg","type":"image\/jpeg"}],"author":"admin","twitter_card":"summary_large_image","twitter_misc":{"Escrito por":"admin","Est. tempo de leitura":"4 minutos"},"schema":{"@context":"https:\/\/schema.org","@graph":[{"@type":"Article","@id":"https:\/\/comunicacaoestrategicacps.com.br\/blog\/hoteis-e-restaurantes-da-rede-vitoria-terao-programacoes-especiais-para-o-dia-dos-namorados\/#article","isPartOf":{"@id":"https:\/\/comunicacaoestrategicacps.com.br\/blog\/hoteis-e-restaurantes-da-rede-vitoria-terao-programacoes-especiais-para-o-dia-dos-namorados\/"},"author":{"name":"admin","@id":"https:\/\/comunicacaoestrategicacps.com.br\/blog\/#\/schema\/person\/8d447568a01edd36a56dbbcb702b02fc"},"headline":"Hot\u00e9is e restaurantes da Rede Vit\u00f3ria ter\u00e3o programa\u00e7\u00f5es especiais para o Dia dos Namorados","datePublished":"2023-05-26T13:40:19+00:00","mainEntityOfPage":{"@id":"https:\/\/comunicacaoestrategicacps.com.br\/blog\/hoteis-e-restaurantes-da-rede-vitoria-terao-programacoes-especiais-para-o-dia-dos-namorados\/"},"wordCount":584,"commentCount":0,"image":{"@id":"https:\/\/comunicacaoestrategicacps.com.br\/blog\/hoteis-e-restaurantes-da-rede-vitoria-terao-programacoes-especiais-para-o-dia-dos-namorados\/#primaryimage"},"thumbnailUrl":"https:\/\/comunicacaoestrategicacps.com.br\/blog\/wp-content\/uploads\/2023\/05\/vitoriasuite-scaled.jpg","articleSection":["Neg\u00f3cios e Economia"],"inLanguage":"pt-BR","potentialAction":[{"@type":"CommentAction","name":"Comment","target":["https:\/\/comunicacaoestrategicacps.com.br\/blog\/hoteis-e-restaurantes-da-rede-vitoria-terao-programacoes-especiais-para-o-dia-dos-namorados\/#respond"]}]},{"@type":"WebPage","@id":"https:\/\/comunicacaoestrategicacps.com.br\/blog\/hoteis-e-restaurantes-da-rede-vitoria-terao-programacoes-especiais-para-o-dia-dos-namorados\/","url":"https:\/\/comunicacaoestrategicacps.com.br\/blog\/hoteis-e-restaurantes-da-rede-vitoria-terao-programacoes-especiais-para-o-dia-dos-namorados\/","name":"Hot\u00e9is e restaurantes da Rede Vit\u00f3ria ter\u00e3o programa\u00e7\u00f5es especiais para o Dia dos Namorados - Comunica\u00e7\u00e3o Estrat\u00e9gica","isPartOf":{"@id":"https:\/\/comunicacaoestrategicacps.com.br\/blog\/#website"},"primaryImageOfPage":{"@id":"https:\/\/comunicacaoestrategicacps.com.br\/blog\/hoteis-e-restaurantes-da-rede-vitoria-terao-programacoes-especiais-para-o-dia-dos-namorados\/#primaryimage"},"image":{"@id":"https:\/\/comunicacaoestrategicacps.com.br\/blog\/hoteis-e-restaurantes-da-rede-vitoria-terao-programacoes-especiais-para-o-dia-dos-namorados\/#primaryimage"},"thumbnailUrl":"https:\/\/comunicacaoestrategicacps.com.br\/blog\/wp-content\/uploads\/2023\/05\/vitoriasuite-scaled.jpg","datePublished":"2023-05-26T13:40:19+00:00","author":{"@id":"https:\/\/comunicacaoestrategicacps.com.br\/blog\/#\/schema\/person\/8d447568a01edd36a56dbbcb702b02fc"},"breadcrumb":{"@id":"https:\/\/comunicacaoestrategicacps.com.br\/blog\/hoteis-e-restaurantes-da-rede-vitoria-terao-programacoes-especiais-para-o-dia-dos-namorados\/#breadcrumb"},"inLanguage":"pt-BR","potentialAction":[{"@type":"ReadAction","target":["https:\/\/comunicacaoestrategicacps.com.br\/blog\/hoteis-e-restaurantes-da-rede-vitoria-terao-programacoes-especiais-para-o-dia-dos-namorados\/"]}]},{"@type":"ImageObject","inLanguage":"pt-BR","@id":"https:\/\/comunicacaoestrategicacps.com.br\/blog\/hoteis-e-restaurantes-da-rede-vitoria-terao-programacoes-especiais-para-o-dia-dos-namorados\/#primaryimage","url":"https:\/\/comunicacaoestrategicacps.com.br\/blog\/wp-content\/uploads\/2023\/05\/vitoriasuite-scaled.jpg","contentUrl":"https:\/\/comunicacaoestrategicacps.com.br\/blog\/wp-content\/uploads\/2023\/05\/vitoriasuite-scaled.jpg","width":1280,"height":780},{"@type":"BreadcrumbList","@id":"https:\/\/comunicacaoestrategicacps.com.br\/blog\/hoteis-e-restaurantes-da-rede-vitoria-terao-programacoes-especiais-para-o-dia-dos-namorados\/#breadcrumb","itemListElement":[{"@type":"ListItem","position":1,"name":"In\u00edcio","item":"https:\/\/comunicacaoestrategicacps.com.br\/blog\/"},{"@type":"ListItem","position":2,"name":"Hot\u00e9is e restaurantes da Rede Vit\u00f3ria ter\u00e3o programa\u00e7\u00f5es especiais para o Dia dos Namorados"}]},{"@type":"WebSite","@id":"https:\/\/comunicacaoestrategicacps.com.br\/blog\/#website","url":"https:\/\/comunicacaoestrategicacps.com.br\/blog\/","name":"Comunica\u00e7\u00e3o Estrat\u00e9gica","description":"Comunica\u00e7\u00e3o Estrat\u00e9gica  - Assessoria de Imprensa","potentialAction":[{"@type":"SearchAction","target":{"@type":"EntryPoint","urlTemplate":"https:\/\/comunicacaoestrategicacps.com.br\/blog\/?s={search_term_string}"},"query-input":{"@type":"PropertyValueSpecification","valueRequired":true,"valueName":"search_term_string"}}],"inLanguage":"pt-BR"},{"@type":"Person","@id":"https:\/\/comunicacaoestrategicacps.com.br\/blog\/#\/schema\/person\/8d447568a01edd36a56dbbcb702b02fc","name":"admin","image":{"@type":"ImageObject","inLanguage":"pt-BR","@id":"https:\/\/secure.gravatar.com\/avatar\/2cc026ea89b57b9d913d4ce5b90a0490046c0c9048a129e24cc44313a90d3f77?s=96&d=mm&r=g","url":"https:\/\/secure.gravatar.com\/avatar\/2cc026ea89b57b9d913d4ce5b90a0490046c0c9048a129e24cc44313a90d3f77?s=96&d=mm&r=g","contentUrl":"https:\/\/secure.gravatar.com\/avatar\/2cc026ea89b57b9d913d4ce5b90a0490046c0c9048a129e24cc44313a90d3f77?s=96&d=mm&r=g","caption":"admin"},"url":"https:\/\/comunicacaoestrategicacps.com.br\/blog\/author\/admin\/"}]}},"builder_content":"","_links":{"self":[{"href":"https:\/\/comunicacaoestrategicacps.com.br\/blog\/wp-json\/wp\/v2\/posts\/2073","targetHints":{"allow":["GET"]}}],"collection":[{"href":"https:\/\/comunicacaoestrategicacps.com.br\/blog\/wp-json\/wp\/v2\/posts"}],"about":[{"href":"https:\/\/comunicacaoestrategicacps.com.br\/blog\/wp-json\/wp\/v2\/types\/post"}],"author":[{"embeddable":true,"href":"https:\/\/comunicacaoestrategicacps.com.br\/blog\/wp-json\/wp\/v2\/users\/1"}],"replies":[{"embeddable":true,"href":"https:\/\/comunicacaoestrategicacps.com.br\/blog\/wp-json\/wp\/v2\/comments?post=2073"}],"version-history":[{"count":1,"href":"https:\/\/comunicacaoestrategicacps.com.br\/blog\/wp-json\/wp\/v2\/posts\/2073\/revisions"}],"predecessor-version":[{"id":2075,"href":"https:\/\/comunicacaoestrategicacps.com.br\/blog\/wp-json\/wp\/v2\/posts\/2073\/revisions\/2075"}],"wp:featuredmedia":[{"embeddable":true,"href":"https:\/\/comunicacaoestrategicacps.com.br\/blog\/wp-json\/wp\/v2\/media\/2074"}],"wp:attachment":[{"href":"https:\/\/comunicacaoestrategicacps.com.br\/blog\/wp-json\/wp\/v2\/media?parent=2073"}],"wp:term":[{"taxonomy":"category","embeddable":true,"href":"https:\/\/comunicacaoestrategicacps.com.br\/blog\/wp-json\/wp\/v2\/categories?post=2073"},{"taxonomy":"post_tag","embeddable":true,"href":"https:\/\/comunicacaoestrategicacps.com.br\/blog\/wp-json\/wp\/v2\/tags?post=2073"}],"curies":[{"name":"wp","href":"https:\/\/api.w.org\/{rel}","templated":true}]}}