{"id":2079,"date":"2023-05-26T10:43:12","date_gmt":"2023-05-26T13:43:12","guid":{"rendered":"https:\/\/comunicacaoestrategicacps.com.br\/blog\/?p=2079"},"modified":"2023-05-26T10:43:13","modified_gmt":"2023-05-26T13:43:13","slug":"para-reforcar-a-imagem-da-marca-horticeres-lanca-nova-campanha-de-comunicacao-para-o-mercado-nacional","status":"publish","type":"post","link":"https:\/\/comunicacaoestrategicacps.com.br\/blog\/para-reforcar-a-imagem-da-marca-horticeres-lanca-nova-campanha-de-comunicacao-para-o-mercado-nacional\/","title":{"rendered":"Para refor\u00e7ar a imagem da marca, Horticeres lan\u00e7a nova campanha de comunica\u00e7\u00e3o para o mercado nacional"},"content":{"rendered":"<!--themify_builder_content-->\n<div id=\"themify_builder_content-2079\" data-postid=\"2079\" class=\"themify_builder_content themify_builder_content-2079 themify_builder tf_clear\">\n    <\/div>\n<!--\/themify_builder_content-->\n\n\n<figure class=\"wp-block-image size-large\"><img loading=\"lazy\" decoding=\"async\" width=\"1024\" height=\"575\" src=\"https:\/\/comunicacaoestrategicacps.com.br\/blog\/wp-content\/uploads\/2023\/05\/horticeres-foto-1024x575.jpg\" alt=\"\" class=\"wp-image-2077\" srcset=\"https:\/\/comunicacaoestrategicacps.com.br\/blog\/wp-content\/uploads\/2023\/05\/horticeres-foto-1024x575.jpg 1024w, https:\/\/comunicacaoestrategicacps.com.br\/blog\/wp-content\/uploads\/2023\/05\/horticeres-foto-300x169.jpg 300w, https:\/\/comunicacaoestrategicacps.com.br\/blog\/wp-content\/uploads\/2023\/05\/horticeres-foto-768x432.jpg 768w, https:\/\/comunicacaoestrategicacps.com.br\/blog\/wp-content\/uploads\/2023\/05\/horticeres-foto-1536x863.jpg 1536w, https:\/\/comunicacaoestrategicacps.com.br\/blog\/wp-content\/uploads\/2023\/05\/horticeres-foto-scaled.jpg 1280w\" sizes=\"auto, (max-width: 1024px) 100vw, 1024px\" \/><\/figure>\n\n\n\n<p><em>Pe\u00e7as foram criadas pela ag\u00eancia Mobme, de Campinas<\/em><\/p>\n\n\n\n<p>Campinas, 23 de maio de 2023 &#8211; A Horticeres lan\u00e7a sua nova campanha no mercado nacional, com filmes, novas embalagens e comunica\u00e7\u00e3o digital com conte\u00fados curados e visual design propriet\u00e1rio para refor\u00e7ar a imagem de marca.<\/p>\n\n\n\n<p>Com 56 anos de mercado, a Horticeres \u00e9 sin\u00f4nimo de tradi\u00e7\u00e3o, qualidade e inova\u00e7\u00e3o na produ\u00e7\u00e3o de sementes de hortali\u00e7as. Uma empresa 100% brasileira com atua\u00e7\u00e3o global para produzir as melhores sementes e assegurando a mais alta performance no campo.<\/p>\n\n\n\n<p>Com foco em agregar valor ao produtor rural promovendo melhor produtividade e rentabilidade na produ\u00e7\u00e3o de hortali\u00e7as, a Horticeres traz uma s\u00e9rie de inova\u00e7\u00f5es para acompanhar a evolu\u00e7\u00e3o do mercado.<\/p>\n\n\n\n<p>A linha de produtos passa a ser \u00fanica, trazendo toda a qualidade e tecnologia em novas embalagens com projeto gr\u00e1fico clean e objetivo para garantir f\u00e1cil percep\u00e7\u00e3o e identidade dos produtos.<\/p>\n\n\n\n<p>As linhas Ouro, Platina, Verde e Chef s\u00e3o agora a Linha de Sementes Horticeres.<\/p>\n\n\n\n<p>Uma vis\u00e3o \u00fanica, para facilitar a sua vida e levar a mais alta tecnologia e qualidade com mais praticidade para o mercado.<\/p>\n\n\n\n<p>A nova linha Horticeres tem novo visual para atender a evolu\u00e7\u00e3o do mercado e do produtor rural, que passa a ter uma linha exclusiva Horticeres para promover seu crescimento com toda a tradi\u00e7\u00e3o de quem produz as melhores sementes de hortali\u00e7as com transpar\u00eancia e relacionamentos verdadeiros.<\/p>\n\n\n\n<p>Com o tema \u201cNossa qualidade \u00e9 \u00fanica, e agora as embalagens tamb\u00e9m\u201d a empresa inicia sua comunica\u00e7\u00e3o das novas embalagens com o mercado nacional.<\/p>\n\n\n\n<p>O filme traz novidades para o mercado Agrobusiness, com uma leitura t\u00e9cnica de produtividade e se aproximando do consumidor final, mostrando todo o ciclo desde a produ\u00e7\u00e3o at\u00e9 os sabores da mesa.<\/p>\n\n\n\n<p>\u201cNossa miss\u00e3o \u00e9 construir valor junto aos produtores rurais, desenvolvendo sementes com alta tecnologia e qualidade para assegurar produtividade e performance, garantindo os melhores resultados aos nossos parceiros no campo\u201d, explica o diretor executivo da Horticeres Ayrton Tullio J\u00fanior. \u201cEm contrapartida, o resultado final do ciclo vem do consumidor final que procura produtos de alta qualidade e sabores verdadeiros. Assim constru\u00edmos uma vis\u00e3o do ciclo completa, onde as nossas sementes s\u00e3o o ponto comum, levando alimentos saud\u00e1veis para a mesa do consumidor e valorizando a vida\u201d, acrescenta.<\/p>\n\n\n\n<p>Muitas novidades est\u00e3o sendo desenvolvidas com a ag\u00eancia Mobme, atrav\u00e9s de um modelo imersivo na busca de novas solu\u00e7\u00f5es e criatividade estrat\u00e9gica. &nbsp;Um formato que possibilita a cria\u00e7\u00e3o de novas dimens\u00f5es na comunica\u00e7\u00e3o, para um mercado que evolui e o universo digital est\u00e1 cada vez mais forte e presente no agro. A plataforma de Branding \u00e9 consistente e flex\u00edvel levando a evolu\u00e7\u00e3o em todos os pontos de contato da marca.<\/p>\n\n\n\n<p>\u201cCriamos a Horticeres Academy como forma de compartilhar conhecimento com nosso time e envolver os profissionais com din\u00e2micas de aprendizado e assim promover o crescimento da cultura interna da Horticeres\u201d, conta o diretor executivo da Horticeres.<\/p>\n\n\n\n<p>Ayrton Tullio J\u00fanior adianta que para 2023 a empresa tem muito trabalho pela frente, como o desenvolvimento do mercado brasileiro de hortali\u00e7as e desenvolvendo novas tend\u00eancias de consumo de produtos saud\u00e1veis que levem qualidade de vida e bem-estar aos consumidores.<\/p>","protected":false},"excerpt":{"rendered":"<p>Pe\u00e7as foram criadas pela ag\u00eancia Mobme, de Campinas Campinas, 23 de maio de 2023 &#8211; A Horticeres lan\u00e7a sua nova campanha no mercado nacional, com filmes, novas embalagens e comunica\u00e7\u00e3o digital com conte\u00fados curados e visual design propriet\u00e1rio para refor\u00e7ar a imagem de marca. Com 56 anos de mercado, a Horticeres \u00e9 sin\u00f4nimo de tradi\u00e7\u00e3o, [&hellip;]<\/p>\n","protected":false},"author":1,"featured_media":2077,"comment_status":"open","ping_status":"open","sticky":true,"template":"","format":"standard","meta":{"footnotes":""},"categories":[43],"tags":[],"class_list":["post-2079","post","type-post","status-publish","format-standard","has-post-thumbnail","hentry","category-negocios-e-economia","has-post-title","has-post-date","has-post-category","has-post-tag","has-post-comment","has-post-author",""],"yoast_head":"<!-- This site is optimized with the Yoast SEO plugin v27.4 - https:\/\/yoast.com\/product\/yoast-seo-wordpress\/ -->\n<title>Para refor\u00e7ar a imagem da marca, Horticeres lan\u00e7a nova campanha de comunica\u00e7\u00e3o para o mercado nacional - Comunica\u00e7\u00e3o Estrat\u00e9gica<\/title>\n<meta name=\"robots\" content=\"index, follow, max-snippet:-1, max-image-preview:large, max-video-preview:-1\" \/>\n<link rel=\"canonical\" href=\"https:\/\/comunicacaoestrategicacps.com.br\/blog\/para-reforcar-a-imagem-da-marca-horticeres-lanca-nova-campanha-de-comunicacao-para-o-mercado-nacional\/\" \/>\n<meta property=\"og:locale\" content=\"pt_BR\" \/>\n<meta property=\"og:type\" content=\"article\" \/>\n<meta property=\"og:title\" content=\"Para refor\u00e7ar a imagem da marca, Horticeres lan\u00e7a nova campanha de comunica\u00e7\u00e3o para o mercado nacional - Comunica\u00e7\u00e3o Estrat\u00e9gica\" \/>\n<meta property=\"og:description\" content=\"Pe\u00e7as foram criadas pela ag\u00eancia Mobme, de Campinas Campinas, 23 de maio de 2023 &#8211; A Horticeres lan\u00e7a sua nova campanha no mercado nacional, com filmes, novas embalagens e comunica\u00e7\u00e3o digital com conte\u00fados curados e visual design propriet\u00e1rio para refor\u00e7ar a imagem de marca. Com 56 anos de mercado, a Horticeres \u00e9 sin\u00f4nimo de tradi\u00e7\u00e3o, [&hellip;]\" \/>\n<meta property=\"og:url\" content=\"https:\/\/comunicacaoestrategicacps.com.br\/blog\/para-reforcar-a-imagem-da-marca-horticeres-lanca-nova-campanha-de-comunicacao-para-o-mercado-nacional\/\" \/>\n<meta property=\"og:site_name\" content=\"Comunica\u00e7\u00e3o Estrat\u00e9gica\" \/>\n<meta property=\"article:published_time\" content=\"2023-05-26T13:43:12+00:00\" \/>\n<meta property=\"article:modified_time\" content=\"2023-05-26T13:43:13+00:00\" \/>\n<meta property=\"og:image\" content=\"https:\/\/comunicacaoestrategicacps.com.br\/blog\/wp-content\/uploads\/2023\/05\/horticeres-foto-scaled.jpg\" \/>\n\t<meta property=\"og:image:width\" content=\"1280\" \/>\n\t<meta property=\"og:image:height\" content=\"719\" \/>\n\t<meta property=\"og:image:type\" content=\"image\/jpeg\" \/>\n<meta name=\"author\" content=\"admin\" \/>\n<meta name=\"twitter:card\" content=\"summary_large_image\" \/>\n<meta name=\"twitter:label1\" content=\"Escrito por\" \/>\n\t<meta name=\"twitter:data1\" content=\"admin\" \/>\n\t<meta name=\"twitter:label2\" content=\"Est. tempo de leitura\" \/>\n\t<meta name=\"twitter:data2\" content=\"4 minutos\" \/>\n<script type=\"application\/ld+json\" class=\"yoast-schema-graph\">{\"@context\":\"https:\\\/\\\/schema.org\",\"@graph\":[{\"@type\":\"Article\",\"@id\":\"https:\\\/\\\/comunicacaoestrategicacps.com.br\\\/blog\\\/para-reforcar-a-imagem-da-marca-horticeres-lanca-nova-campanha-de-comunicacao-para-o-mercado-nacional\\\/#article\",\"isPartOf\":{\"@id\":\"https:\\\/\\\/comunicacaoestrategicacps.com.br\\\/blog\\\/para-reforcar-a-imagem-da-marca-horticeres-lanca-nova-campanha-de-comunicacao-para-o-mercado-nacional\\\/\"},\"author\":{\"name\":\"admin\",\"@id\":\"https:\\\/\\\/comunicacaoestrategicacps.com.br\\\/blog\\\/#\\\/schema\\\/person\\\/8d447568a01edd36a56dbbcb702b02fc\"},\"headline\":\"Para refor\u00e7ar a imagem da marca, Horticeres lan\u00e7a nova campanha de comunica\u00e7\u00e3o para o mercado nacional\",\"datePublished\":\"2023-05-26T13:43:12+00:00\",\"dateModified\":\"2023-05-26T13:43:13+00:00\",\"mainEntityOfPage\":{\"@id\":\"https:\\\/\\\/comunicacaoestrategicacps.com.br\\\/blog\\\/para-reforcar-a-imagem-da-marca-horticeres-lanca-nova-campanha-de-comunicacao-para-o-mercado-nacional\\\/\"},\"wordCount\":579,\"commentCount\":0,\"image\":{\"@id\":\"https:\\\/\\\/comunicacaoestrategicacps.com.br\\\/blog\\\/para-reforcar-a-imagem-da-marca-horticeres-lanca-nova-campanha-de-comunicacao-para-o-mercado-nacional\\\/#primaryimage\"},\"thumbnailUrl\":\"https:\\\/\\\/comunicacaoestrategicacps.com.br\\\/blog\\\/wp-content\\\/uploads\\\/2023\\\/05\\\/horticeres-foto-scaled.jpg\",\"articleSection\":[\"Neg\u00f3cios e Economia\"],\"inLanguage\":\"pt-BR\",\"potentialAction\":[{\"@type\":\"CommentAction\",\"name\":\"Comment\",\"target\":[\"https:\\\/\\\/comunicacaoestrategicacps.com.br\\\/blog\\\/para-reforcar-a-imagem-da-marca-horticeres-lanca-nova-campanha-de-comunicacao-para-o-mercado-nacional\\\/#respond\"]}]},{\"@type\":\"WebPage\",\"@id\":\"https:\\\/\\\/comunicacaoestrategicacps.com.br\\\/blog\\\/para-reforcar-a-imagem-da-marca-horticeres-lanca-nova-campanha-de-comunicacao-para-o-mercado-nacional\\\/\",\"url\":\"https:\\\/\\\/comunicacaoestrategicacps.com.br\\\/blog\\\/para-reforcar-a-imagem-da-marca-horticeres-lanca-nova-campanha-de-comunicacao-para-o-mercado-nacional\\\/\",\"name\":\"Para refor\u00e7ar a imagem da marca, Horticeres lan\u00e7a nova campanha de comunica\u00e7\u00e3o para o mercado nacional - Comunica\u00e7\u00e3o Estrat\u00e9gica\",\"isPartOf\":{\"@id\":\"https:\\\/\\\/comunicacaoestrategicacps.com.br\\\/blog\\\/#website\"},\"primaryImageOfPage\":{\"@id\":\"https:\\\/\\\/comunicacaoestrategicacps.com.br\\\/blog\\\/para-reforcar-a-imagem-da-marca-horticeres-lanca-nova-campanha-de-comunicacao-para-o-mercado-nacional\\\/#primaryimage\"},\"image\":{\"@id\":\"https:\\\/\\\/comunicacaoestrategicacps.com.br\\\/blog\\\/para-reforcar-a-imagem-da-marca-horticeres-lanca-nova-campanha-de-comunicacao-para-o-mercado-nacional\\\/#primaryimage\"},\"thumbnailUrl\":\"https:\\\/\\\/comunicacaoestrategicacps.com.br\\\/blog\\\/wp-content\\\/uploads\\\/2023\\\/05\\\/horticeres-foto-scaled.jpg\",\"datePublished\":\"2023-05-26T13:43:12+00:00\",\"dateModified\":\"2023-05-26T13:43:13+00:00\",\"author\":{\"@id\":\"https:\\\/\\\/comunicacaoestrategicacps.com.br\\\/blog\\\/#\\\/schema\\\/person\\\/8d447568a01edd36a56dbbcb702b02fc\"},\"breadcrumb\":{\"@id\":\"https:\\\/\\\/comunicacaoestrategicacps.com.br\\\/blog\\\/para-reforcar-a-imagem-da-marca-horticeres-lanca-nova-campanha-de-comunicacao-para-o-mercado-nacional\\\/#breadcrumb\"},\"inLanguage\":\"pt-BR\",\"potentialAction\":[{\"@type\":\"ReadAction\",\"target\":[\"https:\\\/\\\/comunicacaoestrategicacps.com.br\\\/blog\\\/para-reforcar-a-imagem-da-marca-horticeres-lanca-nova-campanha-de-comunicacao-para-o-mercado-nacional\\\/\"]}]},{\"@type\":\"ImageObject\",\"inLanguage\":\"pt-BR\",\"@id\":\"https:\\\/\\\/comunicacaoestrategicacps.com.br\\\/blog\\\/para-reforcar-a-imagem-da-marca-horticeres-lanca-nova-campanha-de-comunicacao-para-o-mercado-nacional\\\/#primaryimage\",\"url\":\"https:\\\/\\\/comunicacaoestrategicacps.com.br\\\/blog\\\/wp-content\\\/uploads\\\/2023\\\/05\\\/horticeres-foto-scaled.jpg\",\"contentUrl\":\"https:\\\/\\\/comunicacaoestrategicacps.com.br\\\/blog\\\/wp-content\\\/uploads\\\/2023\\\/05\\\/horticeres-foto-scaled.jpg\",\"width\":1280,\"height\":719},{\"@type\":\"BreadcrumbList\",\"@id\":\"https:\\\/\\\/comunicacaoestrategicacps.com.br\\\/blog\\\/para-reforcar-a-imagem-da-marca-horticeres-lanca-nova-campanha-de-comunicacao-para-o-mercado-nacional\\\/#breadcrumb\",\"itemListElement\":[{\"@type\":\"ListItem\",\"position\":1,\"name\":\"In\u00edcio\",\"item\":\"https:\\\/\\\/comunicacaoestrategicacps.com.br\\\/blog\\\/\"},{\"@type\":\"ListItem\",\"position\":2,\"name\":\"Para refor\u00e7ar a imagem da marca, Horticeres lan\u00e7a nova campanha de comunica\u00e7\u00e3o para o mercado nacional\"}]},{\"@type\":\"WebSite\",\"@id\":\"https:\\\/\\\/comunicacaoestrategicacps.com.br\\\/blog\\\/#website\",\"url\":\"https:\\\/\\\/comunicacaoestrategicacps.com.br\\\/blog\\\/\",\"name\":\"Comunica\u00e7\u00e3o Estrat\u00e9gica\",\"description\":\"Comunica\u00e7\u00e3o Estrat\u00e9gica  - Assessoria de Imprensa\",\"potentialAction\":[{\"@type\":\"SearchAction\",\"target\":{\"@type\":\"EntryPoint\",\"urlTemplate\":\"https:\\\/\\\/comunicacaoestrategicacps.com.br\\\/blog\\\/?s={search_term_string}\"},\"query-input\":{\"@type\":\"PropertyValueSpecification\",\"valueRequired\":true,\"valueName\":\"search_term_string\"}}],\"inLanguage\":\"pt-BR\"},{\"@type\":\"Person\",\"@id\":\"https:\\\/\\\/comunicacaoestrategicacps.com.br\\\/blog\\\/#\\\/schema\\\/person\\\/8d447568a01edd36a56dbbcb702b02fc\",\"name\":\"admin\",\"image\":{\"@type\":\"ImageObject\",\"inLanguage\":\"pt-BR\",\"@id\":\"https:\\\/\\\/secure.gravatar.com\\\/avatar\\\/2cc026ea89b57b9d913d4ce5b90a0490046c0c9048a129e24cc44313a90d3f77?s=96&d=mm&r=g\",\"url\":\"https:\\\/\\\/secure.gravatar.com\\\/avatar\\\/2cc026ea89b57b9d913d4ce5b90a0490046c0c9048a129e24cc44313a90d3f77?s=96&d=mm&r=g\",\"contentUrl\":\"https:\\\/\\\/secure.gravatar.com\\\/avatar\\\/2cc026ea89b57b9d913d4ce5b90a0490046c0c9048a129e24cc44313a90d3f77?s=96&d=mm&r=g\",\"caption\":\"admin\"},\"url\":\"https:\\\/\\\/comunicacaoestrategicacps.com.br\\\/blog\\\/author\\\/admin\\\/\"}]}<\/script>\n<!-- \/ Yoast SEO plugin. -->","yoast_head_json":{"title":"Para refor\u00e7ar a imagem da marca, Horticeres lan\u00e7a nova campanha de comunica\u00e7\u00e3o para o mercado nacional - Comunica\u00e7\u00e3o Estrat\u00e9gica","robots":{"index":"index","follow":"follow","max-snippet":"max-snippet:-1","max-image-preview":"max-image-preview:large","max-video-preview":"max-video-preview:-1"},"canonical":"https:\/\/comunicacaoestrategicacps.com.br\/blog\/para-reforcar-a-imagem-da-marca-horticeres-lanca-nova-campanha-de-comunicacao-para-o-mercado-nacional\/","og_locale":"pt_BR","og_type":"article","og_title":"Para refor\u00e7ar a imagem da marca, Horticeres lan\u00e7a nova campanha de comunica\u00e7\u00e3o para o mercado nacional - Comunica\u00e7\u00e3o Estrat\u00e9gica","og_description":"Pe\u00e7as foram criadas pela ag\u00eancia Mobme, de Campinas Campinas, 23 de maio de 2023 &#8211; A Horticeres lan\u00e7a sua nova campanha no mercado nacional, com filmes, novas embalagens e comunica\u00e7\u00e3o digital com conte\u00fados curados e visual design propriet\u00e1rio para refor\u00e7ar a imagem de marca. Com 56 anos de mercado, a Horticeres \u00e9 sin\u00f4nimo de tradi\u00e7\u00e3o, [&hellip;]","og_url":"https:\/\/comunicacaoestrategicacps.com.br\/blog\/para-reforcar-a-imagem-da-marca-horticeres-lanca-nova-campanha-de-comunicacao-para-o-mercado-nacional\/","og_site_name":"Comunica\u00e7\u00e3o Estrat\u00e9gica","article_published_time":"2023-05-26T13:43:12+00:00","article_modified_time":"2023-05-26T13:43:13+00:00","og_image":[{"width":1280,"height":719,"url":"https:\/\/comunicacaoestrategicacps.com.br\/blog\/wp-content\/uploads\/2023\/05\/horticeres-foto-scaled.jpg","type":"image\/jpeg"}],"author":"admin","twitter_card":"summary_large_image","twitter_misc":{"Escrito por":"admin","Est. tempo de leitura":"4 minutos"},"schema":{"@context":"https:\/\/schema.org","@graph":[{"@type":"Article","@id":"https:\/\/comunicacaoestrategicacps.com.br\/blog\/para-reforcar-a-imagem-da-marca-horticeres-lanca-nova-campanha-de-comunicacao-para-o-mercado-nacional\/#article","isPartOf":{"@id":"https:\/\/comunicacaoestrategicacps.com.br\/blog\/para-reforcar-a-imagem-da-marca-horticeres-lanca-nova-campanha-de-comunicacao-para-o-mercado-nacional\/"},"author":{"name":"admin","@id":"https:\/\/comunicacaoestrategicacps.com.br\/blog\/#\/schema\/person\/8d447568a01edd36a56dbbcb702b02fc"},"headline":"Para refor\u00e7ar a imagem da marca, Horticeres lan\u00e7a nova campanha de comunica\u00e7\u00e3o para o mercado nacional","datePublished":"2023-05-26T13:43:12+00:00","dateModified":"2023-05-26T13:43:13+00:00","mainEntityOfPage":{"@id":"https:\/\/comunicacaoestrategicacps.com.br\/blog\/para-reforcar-a-imagem-da-marca-horticeres-lanca-nova-campanha-de-comunicacao-para-o-mercado-nacional\/"},"wordCount":579,"commentCount":0,"image":{"@id":"https:\/\/comunicacaoestrategicacps.com.br\/blog\/para-reforcar-a-imagem-da-marca-horticeres-lanca-nova-campanha-de-comunicacao-para-o-mercado-nacional\/#primaryimage"},"thumbnailUrl":"https:\/\/comunicacaoestrategicacps.com.br\/blog\/wp-content\/uploads\/2023\/05\/horticeres-foto-scaled.jpg","articleSection":["Neg\u00f3cios e Economia"],"inLanguage":"pt-BR","potentialAction":[{"@type":"CommentAction","name":"Comment","target":["https:\/\/comunicacaoestrategicacps.com.br\/blog\/para-reforcar-a-imagem-da-marca-horticeres-lanca-nova-campanha-de-comunicacao-para-o-mercado-nacional\/#respond"]}]},{"@type":"WebPage","@id":"https:\/\/comunicacaoestrategicacps.com.br\/blog\/para-reforcar-a-imagem-da-marca-horticeres-lanca-nova-campanha-de-comunicacao-para-o-mercado-nacional\/","url":"https:\/\/comunicacaoestrategicacps.com.br\/blog\/para-reforcar-a-imagem-da-marca-horticeres-lanca-nova-campanha-de-comunicacao-para-o-mercado-nacional\/","name":"Para refor\u00e7ar a imagem da marca, Horticeres lan\u00e7a nova campanha de comunica\u00e7\u00e3o para o mercado nacional - Comunica\u00e7\u00e3o Estrat\u00e9gica","isPartOf":{"@id":"https:\/\/comunicacaoestrategicacps.com.br\/blog\/#website"},"primaryImageOfPage":{"@id":"https:\/\/comunicacaoestrategicacps.com.br\/blog\/para-reforcar-a-imagem-da-marca-horticeres-lanca-nova-campanha-de-comunicacao-para-o-mercado-nacional\/#primaryimage"},"image":{"@id":"https:\/\/comunicacaoestrategicacps.com.br\/blog\/para-reforcar-a-imagem-da-marca-horticeres-lanca-nova-campanha-de-comunicacao-para-o-mercado-nacional\/#primaryimage"},"thumbnailUrl":"https:\/\/comunicacaoestrategicacps.com.br\/blog\/wp-content\/uploads\/2023\/05\/horticeres-foto-scaled.jpg","datePublished":"2023-05-26T13:43:12+00:00","dateModified":"2023-05-26T13:43:13+00:00","author":{"@id":"https:\/\/comunicacaoestrategicacps.com.br\/blog\/#\/schema\/person\/8d447568a01edd36a56dbbcb702b02fc"},"breadcrumb":{"@id":"https:\/\/comunicacaoestrategicacps.com.br\/blog\/para-reforcar-a-imagem-da-marca-horticeres-lanca-nova-campanha-de-comunicacao-para-o-mercado-nacional\/#breadcrumb"},"inLanguage":"pt-BR","potentialAction":[{"@type":"ReadAction","target":["https:\/\/comunicacaoestrategicacps.com.br\/blog\/para-reforcar-a-imagem-da-marca-horticeres-lanca-nova-campanha-de-comunicacao-para-o-mercado-nacional\/"]}]},{"@type":"ImageObject","inLanguage":"pt-BR","@id":"https:\/\/comunicacaoestrategicacps.com.br\/blog\/para-reforcar-a-imagem-da-marca-horticeres-lanca-nova-campanha-de-comunicacao-para-o-mercado-nacional\/#primaryimage","url":"https:\/\/comunicacaoestrategicacps.com.br\/blog\/wp-content\/uploads\/2023\/05\/horticeres-foto-scaled.jpg","contentUrl":"https:\/\/comunicacaoestrategicacps.com.br\/blog\/wp-content\/uploads\/2023\/05\/horticeres-foto-scaled.jpg","width":1280,"height":719},{"@type":"BreadcrumbList","@id":"https:\/\/comunicacaoestrategicacps.com.br\/blog\/para-reforcar-a-imagem-da-marca-horticeres-lanca-nova-campanha-de-comunicacao-para-o-mercado-nacional\/#breadcrumb","itemListElement":[{"@type":"ListItem","position":1,"name":"In\u00edcio","item":"https:\/\/comunicacaoestrategicacps.com.br\/blog\/"},{"@type":"ListItem","position":2,"name":"Para refor\u00e7ar a imagem da marca, Horticeres lan\u00e7a nova campanha de comunica\u00e7\u00e3o para o mercado nacional"}]},{"@type":"WebSite","@id":"https:\/\/comunicacaoestrategicacps.com.br\/blog\/#website","url":"https:\/\/comunicacaoestrategicacps.com.br\/blog\/","name":"Comunica\u00e7\u00e3o Estrat\u00e9gica","description":"Comunica\u00e7\u00e3o Estrat\u00e9gica  - Assessoria de Imprensa","potentialAction":[{"@type":"SearchAction","target":{"@type":"EntryPoint","urlTemplate":"https:\/\/comunicacaoestrategicacps.com.br\/blog\/?s={search_term_string}"},"query-input":{"@type":"PropertyValueSpecification","valueRequired":true,"valueName":"search_term_string"}}],"inLanguage":"pt-BR"},{"@type":"Person","@id":"https:\/\/comunicacaoestrategicacps.com.br\/blog\/#\/schema\/person\/8d447568a01edd36a56dbbcb702b02fc","name":"admin","image":{"@type":"ImageObject","inLanguage":"pt-BR","@id":"https:\/\/secure.gravatar.com\/avatar\/2cc026ea89b57b9d913d4ce5b90a0490046c0c9048a129e24cc44313a90d3f77?s=96&d=mm&r=g","url":"https:\/\/secure.gravatar.com\/avatar\/2cc026ea89b57b9d913d4ce5b90a0490046c0c9048a129e24cc44313a90d3f77?s=96&d=mm&r=g","contentUrl":"https:\/\/secure.gravatar.com\/avatar\/2cc026ea89b57b9d913d4ce5b90a0490046c0c9048a129e24cc44313a90d3f77?s=96&d=mm&r=g","caption":"admin"},"url":"https:\/\/comunicacaoestrategicacps.com.br\/blog\/author\/admin\/"}]}},"builder_content":"","_links":{"self":[{"href":"https:\/\/comunicacaoestrategicacps.com.br\/blog\/wp-json\/wp\/v2\/posts\/2079","targetHints":{"allow":["GET"]}}],"collection":[{"href":"https:\/\/comunicacaoestrategicacps.com.br\/blog\/wp-json\/wp\/v2\/posts"}],"about":[{"href":"https:\/\/comunicacaoestrategicacps.com.br\/blog\/wp-json\/wp\/v2\/types\/post"}],"author":[{"embeddable":true,"href":"https:\/\/comunicacaoestrategicacps.com.br\/blog\/wp-json\/wp\/v2\/users\/1"}],"replies":[{"embeddable":true,"href":"https:\/\/comunicacaoestrategicacps.com.br\/blog\/wp-json\/wp\/v2\/comments?post=2079"}],"version-history":[{"count":1,"href":"https:\/\/comunicacaoestrategicacps.com.br\/blog\/wp-json\/wp\/v2\/posts\/2079\/revisions"}],"predecessor-version":[{"id":2080,"href":"https:\/\/comunicacaoestrategicacps.com.br\/blog\/wp-json\/wp\/v2\/posts\/2079\/revisions\/2080"}],"wp:featuredmedia":[{"embeddable":true,"href":"https:\/\/comunicacaoestrategicacps.com.br\/blog\/wp-json\/wp\/v2\/media\/2077"}],"wp:attachment":[{"href":"https:\/\/comunicacaoestrategicacps.com.br\/blog\/wp-json\/wp\/v2\/media?parent=2079"}],"wp:term":[{"taxonomy":"category","embeddable":true,"href":"https:\/\/comunicacaoestrategicacps.com.br\/blog\/wp-json\/wp\/v2\/categories?post=2079"},{"taxonomy":"post_tag","embeddable":true,"href":"https:\/\/comunicacaoestrategicacps.com.br\/blog\/wp-json\/wp\/v2\/tags?post=2079"}],"curies":[{"name":"wp","href":"https:\/\/api.w.org\/{rel}","templated":true}]}}