{"id":2081,"date":"2023-05-26T10:45:56","date_gmt":"2023-05-26T13:45:56","guid":{"rendered":"https:\/\/comunicacaoestrategicacps.com.br\/blog\/?p=2081"},"modified":"2023-05-26T10:45:57","modified_gmt":"2023-05-26T13:45:57","slug":"setores-de-alimentacao-fora-do-lar-hotelaria-eventos-e-formatura-da-regiao-de-campinas-comemoram-a-aprovacao-do-perse-e-isencao-de-tributos","status":"publish","type":"post","link":"https:\/\/comunicacaoestrategicacps.com.br\/blog\/setores-de-alimentacao-fora-do-lar-hotelaria-eventos-e-formatura-da-regiao-de-campinas-comemoram-a-aprovacao-do-perse-e-isencao-de-tributos\/","title":{"rendered":"Setores de alimenta\u00e7\u00e3o fora do Lar, hotelaria, eventos e formatura da Regi\u00e3o de Campinas comemoram a aprova\u00e7\u00e3o do Perse e isen\u00e7\u00e3o de tributos"},"content":{"rendered":"<!--themify_builder_content-->\n<div id=\"themify_builder_content-2081\" data-postid=\"2081\" class=\"themify_builder_content themify_builder_content-2081 themify_builder tf_clear\">\n    <\/div>\n<!--\/themify_builder_content-->\n\n\n<figure class=\"wp-block-image size-large\"><img loading=\"lazy\" decoding=\"async\" width=\"1024\" height=\"576\" src=\"https:\/\/comunicacaoestrategicacps.com.br\/blog\/wp-content\/uploads\/2023\/05\/vitoria-indaiatuba-piscina-1024x576.jpeg\" alt=\"\" class=\"wp-image-2082\" srcset=\"https:\/\/comunicacaoestrategicacps.com.br\/blog\/wp-content\/uploads\/2023\/05\/vitoria-indaiatuba-piscina-1024x576.jpeg 1024w, https:\/\/comunicacaoestrategicacps.com.br\/blog\/wp-content\/uploads\/2023\/05\/vitoria-indaiatuba-piscina-300x169.jpeg 300w, https:\/\/comunicacaoestrategicacps.com.br\/blog\/wp-content\/uploads\/2023\/05\/vitoria-indaiatuba-piscina-768x432.jpeg 768w, https:\/\/comunicacaoestrategicacps.com.br\/blog\/wp-content\/uploads\/2023\/05\/vitoria-indaiatuba-piscina-1536x864.jpeg 1536w, https:\/\/comunicacaoestrategicacps.com.br\/blog\/wp-content\/uploads\/2023\/05\/vitoria-indaiatuba-piscina-2048x1152.jpeg 2048w, https:\/\/comunicacaoestrategicacps.com.br\/blog\/wp-content\/uploads\/2023\/05\/vitoria-indaiatuba-piscina-scaled.jpeg 1280w\" sizes=\"auto, (max-width: 1024px) 100vw, 1024px\" \/><\/figure>\n\n\n\n<p><em>Medida Provis\u00f3ria foi aprovada na noite desta quarta-feira e vai para san\u00e7\u00e3o presidencial<\/em><\/p>\n\n\n\n<p><strong>Campinas, 25 de maio de 2023<\/strong> &#8211; O Senado Federal aprovou na noite desta quarta-feira (24) a Medida Provis\u00f3ria 1.147\/2022 que zera os tributos pagos pelos setores e turismo e eventos e atualiza o Programa Emergencial de Retomada do Setor de Eventos (PERSE), que insere o setor de alimenta\u00e7\u00e3o fora do lar, como bares e restaurantes com ou sem entretenimento, ente os beneficiados com incentivos fiscais. O programa traz como benef\u00edcio a possibilidade de isen\u00e7\u00e3o da cobran\u00e7a do PIS, Cofins, e Imposto de Renda das Pessoas Jur\u00eddicas e Contribui\u00e7\u00e3o Social sobre o Lucro L\u00edquido \u2013 CSLL \u2013 para as empresas dos setores mencionados. A MP agora segue para san\u00e7\u00e3o presidencial<\/p>\n\n\n\n<p>Para o presidente da Associa\u00e7\u00e3o Brasileira de Bares e Restaurante (Abrasel) Regional Campinas Matheus Mason, o escopo da MP do Perse aprovado \u00e9 uma boa not\u00edcia para o setor de bares e restaurantes, abrangendo n\u00e3o apenas os eventos em si, mas tamb\u00e9m restaurantes, bares com entretenimento e bares sem entretenimento. \u201cEssa inclus\u00e3o \u00e9 de extrema import\u00e2ncia para o setor, que foi severamente impactado pelas restri\u00e7\u00f5es e pela queda na demanda durante a crise sanit\u00e1ria\u201d, comenta.<\/p>\n\n\n\n<p>Para que a lei pudesse seguir \u00e0 san\u00e7\u00e3o presidencial sem passar por nova vota\u00e7\u00e3o na C\u00e2mara, n\u00e3o foi alterada a data de inclus\u00e3o no Cadastur \u2013 hoje somente os estabelecimentos cadastrados at\u00e9 mar\u00e7o de 2022 s\u00e3o contemplados. No entanto, segundo o senador Izalci Lucas (PSDB-DF), j\u00e1 h\u00e1 um acordo para que a inclus\u00e3o no Cadastur seja reaberta por medida provis\u00f3ria logo ap\u00f3s a san\u00e7\u00e3o da lei, permitindo que mais estabelecimentos possam usufruir dos benef\u00edcios do Perse.<\/p>\n\n\n\n<p>\u201cFoi uma grande vit\u00f3ria para o nosso setor a reinclus\u00e3o dos bares e restaurantes no programa. \u00c9 um avan\u00e7o significativo, mas vamos seguir trabalhando junto \u00e0s autoridades para garantir a reabertura do cadastramento, de modo a ampliar a inclus\u00e3o de estabelecimentos do setor, al\u00e9m de acompanhar de perto implementa\u00e7\u00e3o das medidas efetivas de apoio previstas no programa\u201d, afirma o presidente-executivo da Abrasel, Paulo Solmucci.<\/p>\n\n\n\n<p>O presidente do Campinas e Regi\u00e3o Convention &amp; Visitours Bureau (CRC&amp;VB) Vanderlei Costa tamb\u00e9m celebrou a inclus\u00e3o do setor de hospedagem e de eventos no texto final. \u201cOs setores de hotelaria, eventos e restaurantes foram severamente afetados com as restri\u00e7\u00f5es da pandemia, sofrendo fortes impactos econ\u00f4micos com o fechamento dos estabelecimentos, sem contar a necessidade de dispensa de funcion\u00e1rios\u201d, lembra.<\/p>\n\n\n\n<p>Segundo Vanderlei Costa, desde o ano passado os hot\u00e9is e eventos veem recuperando o movimento e refazendo seus caixas, mas ainda com dificuldades. \u201cA isen\u00e7\u00e3o da cobran\u00e7a de impostos e possibilidade de cria\u00e7\u00e3o de modalidades dentro do Perse para renegocia\u00e7\u00e3o de d\u00edvidas, inclu\u00eddas as de natureza tribut\u00e1ria, n\u00e3o tribut\u00e1ria e para com o FGTS s\u00e3o fundamentais para dar maior seguran\u00e7a jur\u00eddica para os setores\u201d, acrescenta.<\/p>\n\n\n\n<p>Andr\u00e9 Biazzo, presidente da&nbsp;Associa\u00e7\u00e3o Brasileira de Empresas de Formatura e Afins (ABEFORM), entidade que re\u00fane mais de 140 associados em todo o pa\u00eds e que gera mais de 2 milh\u00f5es de empregos, diz que a aprova\u00e7\u00e3o no Senado da MP 1.147\/2022 sem altera\u00e7\u00f5es no texto original aprovado recentemente pelo Congresso \u201c\u00e9 uma importante conquista para o setor de formaturas.\u201d Ele destaca a posi\u00e7\u00e3o dos deputados e senadores que lutam para manter o benef\u00edcio que repara uma pequena parcela do preju\u00edzo que todo o setor de eventos sofreu com as restri\u00e7\u00f5es durante a pandemia. \u201cEstamos cientes que a conquista de ontem foi apenas mais uma batalha que enfrentaremos nos pr\u00f3ximos anos para manter nossos direitos\u201d, complementa.<\/p>\n\n\n\n<p>Pela MP aprovada ontem, as renegocia\u00e7\u00f5es das d\u00edvidas ser\u00e3o feitas com desconto de at\u00e9 70% sobre o valor total da d\u00edvida e prazo m\u00e1ximo de parcelamento de at\u00e9 145 meses, dispensados o pagamento de entrada m\u00ednima e a apresenta\u00e7\u00e3o de garantias.<\/p>","protected":false},"excerpt":{"rendered":"<p>Medida Provis\u00f3ria foi aprovada na noite desta quarta-feira e vai para san\u00e7\u00e3o presidencial Campinas, 25 de maio de 2023 &#8211; O Senado Federal aprovou na noite desta quarta-feira (24) a Medida Provis\u00f3ria 1.147\/2022 que zera os tributos pagos pelos setores e turismo e eventos e atualiza o Programa Emergencial de Retomada do Setor de Eventos [&hellip;]<\/p>\n","protected":false},"author":1,"featured_media":2082,"comment_status":"open","ping_status":"open","sticky":true,"template":"","format":"standard","meta":{"footnotes":""},"categories":[43],"tags":[],"class_list":["post-2081","post","type-post","status-publish","format-standard","has-post-thumbnail","hentry","category-negocios-e-economia","has-post-title","has-post-date","has-post-category","has-post-tag","has-post-comment","has-post-author",""],"yoast_head":"<!-- This site is optimized with the Yoast SEO plugin v27.4 - https:\/\/yoast.com\/product\/yoast-seo-wordpress\/ -->\n<title>Setores de alimenta\u00e7\u00e3o fora do Lar, hotelaria, eventos e formatura da Regi\u00e3o de Campinas comemoram a aprova\u00e7\u00e3o do Perse e isen\u00e7\u00e3o de tributos - Comunica\u00e7\u00e3o Estrat\u00e9gica<\/title>\n<meta name=\"robots\" content=\"index, follow, max-snippet:-1, max-image-preview:large, max-video-preview:-1\" \/>\n<link rel=\"canonical\" href=\"https:\/\/comunicacaoestrategicacps.com.br\/blog\/setores-de-alimentacao-fora-do-lar-hotelaria-eventos-e-formatura-da-regiao-de-campinas-comemoram-a-aprovacao-do-perse-e-isencao-de-tributos\/\" \/>\n<meta property=\"og:locale\" content=\"pt_BR\" \/>\n<meta property=\"og:type\" content=\"article\" \/>\n<meta property=\"og:title\" content=\"Setores de alimenta\u00e7\u00e3o fora do Lar, hotelaria, eventos e formatura da Regi\u00e3o de Campinas comemoram a aprova\u00e7\u00e3o do Perse e isen\u00e7\u00e3o de tributos - Comunica\u00e7\u00e3o Estrat\u00e9gica\" \/>\n<meta property=\"og:description\" content=\"Medida Provis\u00f3ria foi aprovada na noite desta quarta-feira e vai para san\u00e7\u00e3o presidencial Campinas, 25 de maio de 2023 &#8211; O Senado Federal aprovou na noite desta quarta-feira (24) a Medida Provis\u00f3ria 1.147\/2022 que zera os tributos pagos pelos setores e turismo e eventos e atualiza o Programa Emergencial de Retomada do Setor de Eventos [&hellip;]\" \/>\n<meta property=\"og:url\" content=\"https:\/\/comunicacaoestrategicacps.com.br\/blog\/setores-de-alimentacao-fora-do-lar-hotelaria-eventos-e-formatura-da-regiao-de-campinas-comemoram-a-aprovacao-do-perse-e-isencao-de-tributos\/\" \/>\n<meta property=\"og:site_name\" content=\"Comunica\u00e7\u00e3o Estrat\u00e9gica\" \/>\n<meta property=\"article:published_time\" content=\"2023-05-26T13:45:56+00:00\" \/>\n<meta property=\"article:modified_time\" content=\"2023-05-26T13:45:57+00:00\" \/>\n<meta property=\"og:image\" content=\"https:\/\/comunicacaoestrategicacps.com.br\/blog\/wp-content\/uploads\/2023\/05\/vitoria-indaiatuba-piscina-scaled.jpeg\" \/>\n\t<meta property=\"og:image:width\" content=\"1280\" \/>\n\t<meta property=\"og:image:height\" content=\"720\" \/>\n\t<meta property=\"og:image:type\" content=\"image\/jpeg\" \/>\n<meta name=\"author\" content=\"admin\" \/>\n<meta name=\"twitter:card\" content=\"summary_large_image\" \/>\n<meta name=\"twitter:label1\" content=\"Escrito por\" \/>\n\t<meta name=\"twitter:data1\" content=\"admin\" \/>\n\t<meta name=\"twitter:label2\" content=\"Est. tempo de leitura\" \/>\n\t<meta name=\"twitter:data2\" content=\"4 minutos\" \/>\n<script type=\"application\/ld+json\" class=\"yoast-schema-graph\">{\"@context\":\"https:\\\/\\\/schema.org\",\"@graph\":[{\"@type\":\"Article\",\"@id\":\"https:\\\/\\\/comunicacaoestrategicacps.com.br\\\/blog\\\/setores-de-alimentacao-fora-do-lar-hotelaria-eventos-e-formatura-da-regiao-de-campinas-comemoram-a-aprovacao-do-perse-e-isencao-de-tributos\\\/#article\",\"isPartOf\":{\"@id\":\"https:\\\/\\\/comunicacaoestrategicacps.com.br\\\/blog\\\/setores-de-alimentacao-fora-do-lar-hotelaria-eventos-e-formatura-da-regiao-de-campinas-comemoram-a-aprovacao-do-perse-e-isencao-de-tributos\\\/\"},\"author\":{\"name\":\"admin\",\"@id\":\"https:\\\/\\\/comunicacaoestrategicacps.com.br\\\/blog\\\/#\\\/schema\\\/person\\\/8d447568a01edd36a56dbbcb702b02fc\"},\"headline\":\"Setores de alimenta\u00e7\u00e3o fora do Lar, hotelaria, eventos e formatura da Regi\u00e3o de Campinas comemoram a aprova\u00e7\u00e3o do Perse e isen\u00e7\u00e3o de tributos\",\"datePublished\":\"2023-05-26T13:45:56+00:00\",\"dateModified\":\"2023-05-26T13:45:57+00:00\",\"mainEntityOfPage\":{\"@id\":\"https:\\\/\\\/comunicacaoestrategicacps.com.br\\\/blog\\\/setores-de-alimentacao-fora-do-lar-hotelaria-eventos-e-formatura-da-regiao-de-campinas-comemoram-a-aprovacao-do-perse-e-isencao-de-tributos\\\/\"},\"wordCount\":706,\"commentCount\":0,\"image\":{\"@id\":\"https:\\\/\\\/comunicacaoestrategicacps.com.br\\\/blog\\\/setores-de-alimentacao-fora-do-lar-hotelaria-eventos-e-formatura-da-regiao-de-campinas-comemoram-a-aprovacao-do-perse-e-isencao-de-tributos\\\/#primaryimage\"},\"thumbnailUrl\":\"https:\\\/\\\/comunicacaoestrategicacps.com.br\\\/blog\\\/wp-content\\\/uploads\\\/2023\\\/05\\\/vitoria-indaiatuba-piscina-scaled.jpeg\",\"articleSection\":[\"Neg\u00f3cios e Economia\"],\"inLanguage\":\"pt-BR\",\"potentialAction\":[{\"@type\":\"CommentAction\",\"name\":\"Comment\",\"target\":[\"https:\\\/\\\/comunicacaoestrategicacps.com.br\\\/blog\\\/setores-de-alimentacao-fora-do-lar-hotelaria-eventos-e-formatura-da-regiao-de-campinas-comemoram-a-aprovacao-do-perse-e-isencao-de-tributos\\\/#respond\"]}]},{\"@type\":\"WebPage\",\"@id\":\"https:\\\/\\\/comunicacaoestrategicacps.com.br\\\/blog\\\/setores-de-alimentacao-fora-do-lar-hotelaria-eventos-e-formatura-da-regiao-de-campinas-comemoram-a-aprovacao-do-perse-e-isencao-de-tributos\\\/\",\"url\":\"https:\\\/\\\/comunicacaoestrategicacps.com.br\\\/blog\\\/setores-de-alimentacao-fora-do-lar-hotelaria-eventos-e-formatura-da-regiao-de-campinas-comemoram-a-aprovacao-do-perse-e-isencao-de-tributos\\\/\",\"name\":\"Setores de alimenta\u00e7\u00e3o fora do Lar, hotelaria, eventos e formatura da Regi\u00e3o de Campinas comemoram a aprova\u00e7\u00e3o do Perse e isen\u00e7\u00e3o de tributos - Comunica\u00e7\u00e3o Estrat\u00e9gica\",\"isPartOf\":{\"@id\":\"https:\\\/\\\/comunicacaoestrategicacps.com.br\\\/blog\\\/#website\"},\"primaryImageOfPage\":{\"@id\":\"https:\\\/\\\/comunicacaoestrategicacps.com.br\\\/blog\\\/setores-de-alimentacao-fora-do-lar-hotelaria-eventos-e-formatura-da-regiao-de-campinas-comemoram-a-aprovacao-do-perse-e-isencao-de-tributos\\\/#primaryimage\"},\"image\":{\"@id\":\"https:\\\/\\\/comunicacaoestrategicacps.com.br\\\/blog\\\/setores-de-alimentacao-fora-do-lar-hotelaria-eventos-e-formatura-da-regiao-de-campinas-comemoram-a-aprovacao-do-perse-e-isencao-de-tributos\\\/#primaryimage\"},\"thumbnailUrl\":\"https:\\\/\\\/comunicacaoestrategicacps.com.br\\\/blog\\\/wp-content\\\/uploads\\\/2023\\\/05\\\/vitoria-indaiatuba-piscina-scaled.jpeg\",\"datePublished\":\"2023-05-26T13:45:56+00:00\",\"dateModified\":\"2023-05-26T13:45:57+00:00\",\"author\":{\"@id\":\"https:\\\/\\\/comunicacaoestrategicacps.com.br\\\/blog\\\/#\\\/schema\\\/person\\\/8d447568a01edd36a56dbbcb702b02fc\"},\"breadcrumb\":{\"@id\":\"https:\\\/\\\/comunicacaoestrategicacps.com.br\\\/blog\\\/setores-de-alimentacao-fora-do-lar-hotelaria-eventos-e-formatura-da-regiao-de-campinas-comemoram-a-aprovacao-do-perse-e-isencao-de-tributos\\\/#breadcrumb\"},\"inLanguage\":\"pt-BR\",\"potentialAction\":[{\"@type\":\"ReadAction\",\"target\":[\"https:\\\/\\\/comunicacaoestrategicacps.com.br\\\/blog\\\/setores-de-alimentacao-fora-do-lar-hotelaria-eventos-e-formatura-da-regiao-de-campinas-comemoram-a-aprovacao-do-perse-e-isencao-de-tributos\\\/\"]}]},{\"@type\":\"ImageObject\",\"inLanguage\":\"pt-BR\",\"@id\":\"https:\\\/\\\/comunicacaoestrategicacps.com.br\\\/blog\\\/setores-de-alimentacao-fora-do-lar-hotelaria-eventos-e-formatura-da-regiao-de-campinas-comemoram-a-aprovacao-do-perse-e-isencao-de-tributos\\\/#primaryimage\",\"url\":\"https:\\\/\\\/comunicacaoestrategicacps.com.br\\\/blog\\\/wp-content\\\/uploads\\\/2023\\\/05\\\/vitoria-indaiatuba-piscina-scaled.jpeg\",\"contentUrl\":\"https:\\\/\\\/comunicacaoestrategicacps.com.br\\\/blog\\\/wp-content\\\/uploads\\\/2023\\\/05\\\/vitoria-indaiatuba-piscina-scaled.jpeg\",\"width\":1280,\"height\":720},{\"@type\":\"BreadcrumbList\",\"@id\":\"https:\\\/\\\/comunicacaoestrategicacps.com.br\\\/blog\\\/setores-de-alimentacao-fora-do-lar-hotelaria-eventos-e-formatura-da-regiao-de-campinas-comemoram-a-aprovacao-do-perse-e-isencao-de-tributos\\\/#breadcrumb\",\"itemListElement\":[{\"@type\":\"ListItem\",\"position\":1,\"name\":\"In\u00edcio\",\"item\":\"https:\\\/\\\/comunicacaoestrategicacps.com.br\\\/blog\\\/\"},{\"@type\":\"ListItem\",\"position\":2,\"name\":\"Setores de alimenta\u00e7\u00e3o fora do Lar, hotelaria, eventos e formatura da Regi\u00e3o de Campinas comemoram a aprova\u00e7\u00e3o do Perse e isen\u00e7\u00e3o de tributos\"}]},{\"@type\":\"WebSite\",\"@id\":\"https:\\\/\\\/comunicacaoestrategicacps.com.br\\\/blog\\\/#website\",\"url\":\"https:\\\/\\\/comunicacaoestrategicacps.com.br\\\/blog\\\/\",\"name\":\"Comunica\u00e7\u00e3o Estrat\u00e9gica\",\"description\":\"Comunica\u00e7\u00e3o Estrat\u00e9gica  - Assessoria de Imprensa\",\"potentialAction\":[{\"@type\":\"SearchAction\",\"target\":{\"@type\":\"EntryPoint\",\"urlTemplate\":\"https:\\\/\\\/comunicacaoestrategicacps.com.br\\\/blog\\\/?s={search_term_string}\"},\"query-input\":{\"@type\":\"PropertyValueSpecification\",\"valueRequired\":true,\"valueName\":\"search_term_string\"}}],\"inLanguage\":\"pt-BR\"},{\"@type\":\"Person\",\"@id\":\"https:\\\/\\\/comunicacaoestrategicacps.com.br\\\/blog\\\/#\\\/schema\\\/person\\\/8d447568a01edd36a56dbbcb702b02fc\",\"name\":\"admin\",\"image\":{\"@type\":\"ImageObject\",\"inLanguage\":\"pt-BR\",\"@id\":\"https:\\\/\\\/secure.gravatar.com\\\/avatar\\\/2cc026ea89b57b9d913d4ce5b90a0490046c0c9048a129e24cc44313a90d3f77?s=96&d=mm&r=g\",\"url\":\"https:\\\/\\\/secure.gravatar.com\\\/avatar\\\/2cc026ea89b57b9d913d4ce5b90a0490046c0c9048a129e24cc44313a90d3f77?s=96&d=mm&r=g\",\"contentUrl\":\"https:\\\/\\\/secure.gravatar.com\\\/avatar\\\/2cc026ea89b57b9d913d4ce5b90a0490046c0c9048a129e24cc44313a90d3f77?s=96&d=mm&r=g\",\"caption\":\"admin\"},\"url\":\"https:\\\/\\\/comunicacaoestrategicacps.com.br\\\/blog\\\/author\\\/admin\\\/\"}]}<\/script>\n<!-- \/ Yoast SEO plugin. -->","yoast_head_json":{"title":"Setores de alimenta\u00e7\u00e3o fora do Lar, hotelaria, eventos e formatura da Regi\u00e3o de Campinas comemoram a aprova\u00e7\u00e3o do Perse e isen\u00e7\u00e3o de tributos - Comunica\u00e7\u00e3o Estrat\u00e9gica","robots":{"index":"index","follow":"follow","max-snippet":"max-snippet:-1","max-image-preview":"max-image-preview:large","max-video-preview":"max-video-preview:-1"},"canonical":"https:\/\/comunicacaoestrategicacps.com.br\/blog\/setores-de-alimentacao-fora-do-lar-hotelaria-eventos-e-formatura-da-regiao-de-campinas-comemoram-a-aprovacao-do-perse-e-isencao-de-tributos\/","og_locale":"pt_BR","og_type":"article","og_title":"Setores de alimenta\u00e7\u00e3o fora do Lar, hotelaria, eventos e formatura da Regi\u00e3o de Campinas comemoram a aprova\u00e7\u00e3o do Perse e isen\u00e7\u00e3o de tributos - Comunica\u00e7\u00e3o Estrat\u00e9gica","og_description":"Medida Provis\u00f3ria foi aprovada na noite desta quarta-feira e vai para san\u00e7\u00e3o presidencial Campinas, 25 de maio de 2023 &#8211; O Senado Federal aprovou na noite desta quarta-feira (24) a Medida Provis\u00f3ria 1.147\/2022 que zera os tributos pagos pelos setores e turismo e eventos e atualiza o Programa Emergencial de Retomada do Setor de Eventos [&hellip;]","og_url":"https:\/\/comunicacaoestrategicacps.com.br\/blog\/setores-de-alimentacao-fora-do-lar-hotelaria-eventos-e-formatura-da-regiao-de-campinas-comemoram-a-aprovacao-do-perse-e-isencao-de-tributos\/","og_site_name":"Comunica\u00e7\u00e3o Estrat\u00e9gica","article_published_time":"2023-05-26T13:45:56+00:00","article_modified_time":"2023-05-26T13:45:57+00:00","og_image":[{"width":1280,"height":720,"url":"https:\/\/comunicacaoestrategicacps.com.br\/blog\/wp-content\/uploads\/2023\/05\/vitoria-indaiatuba-piscina-scaled.jpeg","type":"image\/jpeg"}],"author":"admin","twitter_card":"summary_large_image","twitter_misc":{"Escrito por":"admin","Est. tempo de leitura":"4 minutos"},"schema":{"@context":"https:\/\/schema.org","@graph":[{"@type":"Article","@id":"https:\/\/comunicacaoestrategicacps.com.br\/blog\/setores-de-alimentacao-fora-do-lar-hotelaria-eventos-e-formatura-da-regiao-de-campinas-comemoram-a-aprovacao-do-perse-e-isencao-de-tributos\/#article","isPartOf":{"@id":"https:\/\/comunicacaoestrategicacps.com.br\/blog\/setores-de-alimentacao-fora-do-lar-hotelaria-eventos-e-formatura-da-regiao-de-campinas-comemoram-a-aprovacao-do-perse-e-isencao-de-tributos\/"},"author":{"name":"admin","@id":"https:\/\/comunicacaoestrategicacps.com.br\/blog\/#\/schema\/person\/8d447568a01edd36a56dbbcb702b02fc"},"headline":"Setores de alimenta\u00e7\u00e3o fora do Lar, hotelaria, eventos e formatura da Regi\u00e3o de Campinas comemoram a aprova\u00e7\u00e3o do Perse e isen\u00e7\u00e3o de tributos","datePublished":"2023-05-26T13:45:56+00:00","dateModified":"2023-05-26T13:45:57+00:00","mainEntityOfPage":{"@id":"https:\/\/comunicacaoestrategicacps.com.br\/blog\/setores-de-alimentacao-fora-do-lar-hotelaria-eventos-e-formatura-da-regiao-de-campinas-comemoram-a-aprovacao-do-perse-e-isencao-de-tributos\/"},"wordCount":706,"commentCount":0,"image":{"@id":"https:\/\/comunicacaoestrategicacps.com.br\/blog\/setores-de-alimentacao-fora-do-lar-hotelaria-eventos-e-formatura-da-regiao-de-campinas-comemoram-a-aprovacao-do-perse-e-isencao-de-tributos\/#primaryimage"},"thumbnailUrl":"https:\/\/comunicacaoestrategicacps.com.br\/blog\/wp-content\/uploads\/2023\/05\/vitoria-indaiatuba-piscina-scaled.jpeg","articleSection":["Neg\u00f3cios e Economia"],"inLanguage":"pt-BR","potentialAction":[{"@type":"CommentAction","name":"Comment","target":["https:\/\/comunicacaoestrategicacps.com.br\/blog\/setores-de-alimentacao-fora-do-lar-hotelaria-eventos-e-formatura-da-regiao-de-campinas-comemoram-a-aprovacao-do-perse-e-isencao-de-tributos\/#respond"]}]},{"@type":"WebPage","@id":"https:\/\/comunicacaoestrategicacps.com.br\/blog\/setores-de-alimentacao-fora-do-lar-hotelaria-eventos-e-formatura-da-regiao-de-campinas-comemoram-a-aprovacao-do-perse-e-isencao-de-tributos\/","url":"https:\/\/comunicacaoestrategicacps.com.br\/blog\/setores-de-alimentacao-fora-do-lar-hotelaria-eventos-e-formatura-da-regiao-de-campinas-comemoram-a-aprovacao-do-perse-e-isencao-de-tributos\/","name":"Setores de alimenta\u00e7\u00e3o fora do Lar, hotelaria, eventos e formatura da Regi\u00e3o de Campinas comemoram a aprova\u00e7\u00e3o do Perse e isen\u00e7\u00e3o de tributos - Comunica\u00e7\u00e3o Estrat\u00e9gica","isPartOf":{"@id":"https:\/\/comunicacaoestrategicacps.com.br\/blog\/#website"},"primaryImageOfPage":{"@id":"https:\/\/comunicacaoestrategicacps.com.br\/blog\/setores-de-alimentacao-fora-do-lar-hotelaria-eventos-e-formatura-da-regiao-de-campinas-comemoram-a-aprovacao-do-perse-e-isencao-de-tributos\/#primaryimage"},"image":{"@id":"https:\/\/comunicacaoestrategicacps.com.br\/blog\/setores-de-alimentacao-fora-do-lar-hotelaria-eventos-e-formatura-da-regiao-de-campinas-comemoram-a-aprovacao-do-perse-e-isencao-de-tributos\/#primaryimage"},"thumbnailUrl":"https:\/\/comunicacaoestrategicacps.com.br\/blog\/wp-content\/uploads\/2023\/05\/vitoria-indaiatuba-piscina-scaled.jpeg","datePublished":"2023-05-26T13:45:56+00:00","dateModified":"2023-05-26T13:45:57+00:00","author":{"@id":"https:\/\/comunicacaoestrategicacps.com.br\/blog\/#\/schema\/person\/8d447568a01edd36a56dbbcb702b02fc"},"breadcrumb":{"@id":"https:\/\/comunicacaoestrategicacps.com.br\/blog\/setores-de-alimentacao-fora-do-lar-hotelaria-eventos-e-formatura-da-regiao-de-campinas-comemoram-a-aprovacao-do-perse-e-isencao-de-tributos\/#breadcrumb"},"inLanguage":"pt-BR","potentialAction":[{"@type":"ReadAction","target":["https:\/\/comunicacaoestrategicacps.com.br\/blog\/setores-de-alimentacao-fora-do-lar-hotelaria-eventos-e-formatura-da-regiao-de-campinas-comemoram-a-aprovacao-do-perse-e-isencao-de-tributos\/"]}]},{"@type":"ImageObject","inLanguage":"pt-BR","@id":"https:\/\/comunicacaoestrategicacps.com.br\/blog\/setores-de-alimentacao-fora-do-lar-hotelaria-eventos-e-formatura-da-regiao-de-campinas-comemoram-a-aprovacao-do-perse-e-isencao-de-tributos\/#primaryimage","url":"https:\/\/comunicacaoestrategicacps.com.br\/blog\/wp-content\/uploads\/2023\/05\/vitoria-indaiatuba-piscina-scaled.jpeg","contentUrl":"https:\/\/comunicacaoestrategicacps.com.br\/blog\/wp-content\/uploads\/2023\/05\/vitoria-indaiatuba-piscina-scaled.jpeg","width":1280,"height":720},{"@type":"BreadcrumbList","@id":"https:\/\/comunicacaoestrategicacps.com.br\/blog\/setores-de-alimentacao-fora-do-lar-hotelaria-eventos-e-formatura-da-regiao-de-campinas-comemoram-a-aprovacao-do-perse-e-isencao-de-tributos\/#breadcrumb","itemListElement":[{"@type":"ListItem","position":1,"name":"In\u00edcio","item":"https:\/\/comunicacaoestrategicacps.com.br\/blog\/"},{"@type":"ListItem","position":2,"name":"Setores de alimenta\u00e7\u00e3o fora do Lar, hotelaria, eventos e formatura da Regi\u00e3o de Campinas comemoram a aprova\u00e7\u00e3o do Perse e isen\u00e7\u00e3o de tributos"}]},{"@type":"WebSite","@id":"https:\/\/comunicacaoestrategicacps.com.br\/blog\/#website","url":"https:\/\/comunicacaoestrategicacps.com.br\/blog\/","name":"Comunica\u00e7\u00e3o Estrat\u00e9gica","description":"Comunica\u00e7\u00e3o Estrat\u00e9gica  - Assessoria de Imprensa","potentialAction":[{"@type":"SearchAction","target":{"@type":"EntryPoint","urlTemplate":"https:\/\/comunicacaoestrategicacps.com.br\/blog\/?s={search_term_string}"},"query-input":{"@type":"PropertyValueSpecification","valueRequired":true,"valueName":"search_term_string"}}],"inLanguage":"pt-BR"},{"@type":"Person","@id":"https:\/\/comunicacaoestrategicacps.com.br\/blog\/#\/schema\/person\/8d447568a01edd36a56dbbcb702b02fc","name":"admin","image":{"@type":"ImageObject","inLanguage":"pt-BR","@id":"https:\/\/secure.gravatar.com\/avatar\/2cc026ea89b57b9d913d4ce5b90a0490046c0c9048a129e24cc44313a90d3f77?s=96&d=mm&r=g","url":"https:\/\/secure.gravatar.com\/avatar\/2cc026ea89b57b9d913d4ce5b90a0490046c0c9048a129e24cc44313a90d3f77?s=96&d=mm&r=g","contentUrl":"https:\/\/secure.gravatar.com\/avatar\/2cc026ea89b57b9d913d4ce5b90a0490046c0c9048a129e24cc44313a90d3f77?s=96&d=mm&r=g","caption":"admin"},"url":"https:\/\/comunicacaoestrategicacps.com.br\/blog\/author\/admin\/"}]}},"builder_content":"","_links":{"self":[{"href":"https:\/\/comunicacaoestrategicacps.com.br\/blog\/wp-json\/wp\/v2\/posts\/2081","targetHints":{"allow":["GET"]}}],"collection":[{"href":"https:\/\/comunicacaoestrategicacps.com.br\/blog\/wp-json\/wp\/v2\/posts"}],"about":[{"href":"https:\/\/comunicacaoestrategicacps.com.br\/blog\/wp-json\/wp\/v2\/types\/post"}],"author":[{"embeddable":true,"href":"https:\/\/comunicacaoestrategicacps.com.br\/blog\/wp-json\/wp\/v2\/users\/1"}],"replies":[{"embeddable":true,"href":"https:\/\/comunicacaoestrategicacps.com.br\/blog\/wp-json\/wp\/v2\/comments?post=2081"}],"version-history":[{"count":1,"href":"https:\/\/comunicacaoestrategicacps.com.br\/blog\/wp-json\/wp\/v2\/posts\/2081\/revisions"}],"predecessor-version":[{"id":2083,"href":"https:\/\/comunicacaoestrategicacps.com.br\/blog\/wp-json\/wp\/v2\/posts\/2081\/revisions\/2083"}],"wp:featuredmedia":[{"embeddable":true,"href":"https:\/\/comunicacaoestrategicacps.com.br\/blog\/wp-json\/wp\/v2\/media\/2082"}],"wp:attachment":[{"href":"https:\/\/comunicacaoestrategicacps.com.br\/blog\/wp-json\/wp\/v2\/media?parent=2081"}],"wp:term":[{"taxonomy":"category","embeddable":true,"href":"https:\/\/comunicacaoestrategicacps.com.br\/blog\/wp-json\/wp\/v2\/categories?post=2081"},{"taxonomy":"post_tag","embeddable":true,"href":"https:\/\/comunicacaoestrategicacps.com.br\/blog\/wp-json\/wp\/v2\/tags?post=2081"}],"curies":[{"name":"wp","href":"https:\/\/api.w.org\/{rel}","templated":true}]}}