{"id":2090,"date":"2023-06-02T14:23:27","date_gmt":"2023-06-02T17:23:27","guid":{"rendered":"https:\/\/comunicacaoestrategicacps.com.br\/blog\/?p=2090"},"modified":"2023-06-02T14:23:28","modified_gmt":"2023-06-02T17:23:28","slug":"rede-vitoria-hoteis-fecha-primeiro-quadrimestre-de-2023-com-ocupacao-recorde-em-20-anos","status":"publish","type":"post","link":"https:\/\/comunicacaoestrategicacps.com.br\/blog\/rede-vitoria-hoteis-fecha-primeiro-quadrimestre-de-2023-com-ocupacao-recorde-em-20-anos\/","title":{"rendered":"Rede vit\u00f3ria Hot\u00e9is fecha primeiro quadrimestre de 2023 com ocupa\u00e7\u00e3o recorde em 20 anos"},"content":{"rendered":"<!--themify_builder_content-->\n<div id=\"themify_builder_content-2090\" data-postid=\"2090\" class=\"themify_builder_content themify_builder_content-2090 themify_builder tf_clear\">\n    <\/div>\n<!--\/themify_builder_content-->\n\n\n<figure class=\"wp-block-image size-large\"><img loading=\"lazy\" decoding=\"async\" width=\"1024\" height=\"813\" src=\"https:\/\/comunicacaoestrategicacps.com.br\/blog\/wp-content\/uploads\/2022\/01\/Hotel-Concept-Campinas_18-1024x813.jpg\" alt=\"\" class=\"wp-image-1322\" srcset=\"https:\/\/comunicacaoestrategicacps.com.br\/blog\/wp-content\/uploads\/2022\/01\/Hotel-Concept-Campinas_18-1024x813.jpg 1024w, https:\/\/comunicacaoestrategicacps.com.br\/blog\/wp-content\/uploads\/2022\/01\/Hotel-Concept-Campinas_18-300x238.jpg 300w, https:\/\/comunicacaoestrategicacps.com.br\/blog\/wp-content\/uploads\/2022\/01\/Hotel-Concept-Campinas_18-768x609.jpg 768w, https:\/\/comunicacaoestrategicacps.com.br\/blog\/wp-content\/uploads\/2022\/01\/Hotel-Concept-Campinas_18.jpg 1133w\" sizes=\"auto, (max-width: 1024px) 100vw, 1024px\" \/><\/figure>\n\n\n\n<p><em>Com o aquecimento dos eventos, principalmente corporativos, taxa m\u00e9dia atingiu 55%<\/em><\/p>\n\n\n\n<p>Campinas, 1\u00ba de junho de 2023 &#8211; A retomadas dos eventos corporativos, culturais, feiras e shows tem impulsionado o setor de hotelaria da Regi\u00e3o Metropolitana de Campinas (RMC). Os n\u00fameros da Rede Vit\u00f3ria Hot\u00e9is, que opera cinco unidades na regi\u00e3o, comprovam a retomada. O grupo fechou o primeiro quadrimestre de 2023 com uma taxa m\u00e9dia de ocupa\u00e7\u00e3o de 55%, resultado hist\u00f3rico para a empresa, que adotou estrat\u00e9gias diversificadas nos \u00faltimos anos para recuperar os impactos deixados pela pandemia.<\/p>\n\n\n\n<p>Eduardo Porto, diretor Comercial e de Marketing, conta que o Vit\u00f3ria Hot\u00e9is vive um grande momento. A rede, com gest\u00e3o familiar e fundada h\u00e1 20 anos, opera cinco hot\u00e9is no interior \u2013 3 em Campinas, 1 em Indaiatuba e 1 em Paul\u00ednia -, num total de 728 acomoda\u00e7\u00f5es.<\/p>\n\n\n\n<p>\u201cNo primeiro quadrimestre registramos uma m\u00e9dia de ocupa\u00e7\u00e3o na casa dos 55%, sendo que em mar\u00e7o atingimos a taxa foi de 63%, o que mostra um crescimento de 7% em rela\u00e7\u00e3o ao mesmo m\u00eas do ano passado, um resultado hist\u00f3rico para o grupo\u201d, afirma.<\/p>\n\n\n\n<p>\u201cEm termos de di\u00e1ria m\u00e9dia da rede, comparando mar\u00e7o de 2022 X 2023, nota-se um incremento de R$ 335,00 para R$ 450,00, representando quase 35% de valoriza\u00e7\u00e3o\u201d, acrescenta Porto.<\/p>\n\n\n\n<p>Segundo ele, os eventos corporativos s\u00e3o o principal motivo desta retomada. \u201cTodos os nossos hot\u00e9is contam com uma grande infraestrutura para reuni\u00f5es, como espa\u00e7os flex\u00edveis, equipamentos, servi\u00e7os e gastronomia. Nestes primeiros 4 meses de 2023, a empresa realizou mais de 280 eventos, para mais de 4 mil pessoas\u201d.<\/p>\n\n\n\n<p>A expectativa da Rede Vit\u00f3ria Hot\u00e9is para o ano de 2023 \u00e9 otimista. \u201cNosso foco \u00e9 expandir a atua\u00e7\u00e3o da Rede al\u00e9m do interior de S\u00e3o Paulo, atrav\u00e9s de parceria com um escrit\u00f3rio de representa\u00e7\u00e3o nacional, com a inten\u00e7\u00e3o de atrair mais h\u00f3spedes de outras regi\u00f5es do pa\u00eds, al\u00e9m de S\u00e3o Paulo\u201d, conta.<\/p>\n\n\n\n<p>Al\u00e9m dos hot\u00e9is, a Rede tamb\u00e9m \u00e9 respons\u00e1vel pela opera\u00e7\u00e3o de restaurantes, bares, spa e academias, instalados nos hot\u00e9is, e que atraem moradores locais, n\u00e3o s\u00f3 h\u00f3spedes. \u201cEssas opera\u00e7\u00f5es s\u00e3o muito importantes para o fortalecimento de marca e dar visibilidade \u00e0 rede\u201d, explica o diretor Comercial e de Marketing<\/p>\n\n\n\n<p>Um dos restaurantes da Rede \u00e9 o Bellini Ristorante, de cozinha mediterr\u00e2nea, que \u00e9 uma grande refer\u00eancia na cidade de Campinas e arredores. Por 10 anos, o local ganhou como o melhor restaurante italiano na conceituada revista Veja Comer &amp; Beber. Este ano, a casa celebra seus 20 anos e est\u00e1 com um card\u00e1pio especial onde, m\u00eas a m\u00eas, faz um revival dos seus pratos de maior sucesso nestas duas d\u00e9cadas de exist\u00eancia.<\/p>\n\n\n\n<p>Se o paladar do cliente pedir algo mais ex\u00f3tico, a gastronomia asi\u00e1tica do Kindai, com seu buffet na hora do almo\u00e7o e festival na hora do jantar, h\u00e1 10 anos agrada os mais exigentes f\u00e3s da comida fusion japonesa, tendo recebido diversos pr\u00eamios ao longo de sua exist\u00eancia.<\/p>","protected":false},"excerpt":{"rendered":"<p>Com o aquecimento dos eventos, principalmente corporativos, taxa m\u00e9dia atingiu 55% Campinas, 1\u00ba de junho de 2023 &#8211; A retomadas dos eventos corporativos, culturais, feiras e shows tem impulsionado o setor de hotelaria da Regi\u00e3o Metropolitana de Campinas (RMC). Os n\u00fameros da Rede Vit\u00f3ria Hot\u00e9is, que opera cinco unidades na regi\u00e3o, comprovam a retomada. O [&hellip;]<\/p>\n","protected":false},"author":1,"featured_media":2091,"comment_status":"open","ping_status":"open","sticky":true,"template":"","format":"standard","meta":{"footnotes":""},"categories":[43],"tags":[],"class_list":["post-2090","post","type-post","status-publish","format-standard","has-post-thumbnail","hentry","category-negocios-e-economia","has-post-title","has-post-date","has-post-category","has-post-tag","has-post-comment","has-post-author",""],"yoast_head":"<!-- This site is optimized with the Yoast SEO plugin v27.4 - https:\/\/yoast.com\/product\/yoast-seo-wordpress\/ -->\n<title>Rede vit\u00f3ria Hot\u00e9is fecha primeiro quadrimestre de 2023 com ocupa\u00e7\u00e3o recorde em 20 anos - Comunica\u00e7\u00e3o Estrat\u00e9gica<\/title>\n<meta name=\"robots\" content=\"index, follow, max-snippet:-1, max-image-preview:large, max-video-preview:-1\" \/>\n<link rel=\"canonical\" href=\"https:\/\/comunicacaoestrategicacps.com.br\/blog\/rede-vitoria-hoteis-fecha-primeiro-quadrimestre-de-2023-com-ocupacao-recorde-em-20-anos\/\" \/>\n<meta property=\"og:locale\" content=\"pt_BR\" \/>\n<meta property=\"og:type\" content=\"article\" \/>\n<meta property=\"og:title\" content=\"Rede vit\u00f3ria Hot\u00e9is fecha primeiro quadrimestre de 2023 com ocupa\u00e7\u00e3o recorde em 20 anos - Comunica\u00e7\u00e3o Estrat\u00e9gica\" \/>\n<meta property=\"og:description\" content=\"Com o aquecimento dos eventos, principalmente corporativos, taxa m\u00e9dia atingiu 55% Campinas, 1\u00ba de junho de 2023 &#8211; A retomadas dos eventos corporativos, culturais, feiras e shows tem impulsionado o setor de hotelaria da Regi\u00e3o Metropolitana de Campinas (RMC). Os n\u00fameros da Rede Vit\u00f3ria Hot\u00e9is, que opera cinco unidades na regi\u00e3o, comprovam a retomada. O [&hellip;]\" \/>\n<meta property=\"og:url\" content=\"https:\/\/comunicacaoestrategicacps.com.br\/blog\/rede-vitoria-hoteis-fecha-primeiro-quadrimestre-de-2023-com-ocupacao-recorde-em-20-anos\/\" \/>\n<meta property=\"og:site_name\" content=\"Comunica\u00e7\u00e3o Estrat\u00e9gica\" \/>\n<meta property=\"article:published_time\" content=\"2023-06-02T17:23:27+00:00\" \/>\n<meta property=\"article:modified_time\" content=\"2023-06-02T17:23:28+00:00\" \/>\n<meta property=\"og:image\" content=\"https:\/\/comunicacaoestrategicacps.com.br\/blog\/wp-content\/uploads\/2023\/06\/Eduardo-Porto.jpg\" \/>\n\t<meta property=\"og:image:width\" content=\"400\" \/>\n\t<meta property=\"og:image:height\" content=\"448\" \/>\n\t<meta property=\"og:image:type\" content=\"image\/jpeg\" \/>\n<meta name=\"author\" content=\"admin\" \/>\n<meta name=\"twitter:card\" content=\"summary_large_image\" \/>\n<meta name=\"twitter:label1\" content=\"Escrito por\" \/>\n\t<meta name=\"twitter:data1\" content=\"admin\" \/>\n\t<meta name=\"twitter:label2\" content=\"Est. tempo de leitura\" \/>\n\t<meta name=\"twitter:data2\" content=\"3 minutos\" \/>\n<script type=\"application\/ld+json\" class=\"yoast-schema-graph\">{\"@context\":\"https:\\\/\\\/schema.org\",\"@graph\":[{\"@type\":\"Article\",\"@id\":\"https:\\\/\\\/comunicacaoestrategicacps.com.br\\\/blog\\\/rede-vitoria-hoteis-fecha-primeiro-quadrimestre-de-2023-com-ocupacao-recorde-em-20-anos\\\/#article\",\"isPartOf\":{\"@id\":\"https:\\\/\\\/comunicacaoestrategicacps.com.br\\\/blog\\\/rede-vitoria-hoteis-fecha-primeiro-quadrimestre-de-2023-com-ocupacao-recorde-em-20-anos\\\/\"},\"author\":{\"name\":\"admin\",\"@id\":\"https:\\\/\\\/comunicacaoestrategicacps.com.br\\\/blog\\\/#\\\/schema\\\/person\\\/8d447568a01edd36a56dbbcb702b02fc\"},\"headline\":\"Rede vit\u00f3ria Hot\u00e9is fecha primeiro quadrimestre de 2023 com ocupa\u00e7\u00e3o recorde em 20 anos\",\"datePublished\":\"2023-06-02T17:23:27+00:00\",\"dateModified\":\"2023-06-02T17:23:28+00:00\",\"mainEntityOfPage\":{\"@id\":\"https:\\\/\\\/comunicacaoestrategicacps.com.br\\\/blog\\\/rede-vitoria-hoteis-fecha-primeiro-quadrimestre-de-2023-com-ocupacao-recorde-em-20-anos\\\/\"},\"wordCount\":532,\"commentCount\":0,\"image\":{\"@id\":\"https:\\\/\\\/comunicacaoestrategicacps.com.br\\\/blog\\\/rede-vitoria-hoteis-fecha-primeiro-quadrimestre-de-2023-com-ocupacao-recorde-em-20-anos\\\/#primaryimage\"},\"thumbnailUrl\":\"https:\\\/\\\/comunicacaoestrategicacps.com.br\\\/blog\\\/wp-content\\\/uploads\\\/2023\\\/06\\\/Eduardo-Porto.jpg\",\"articleSection\":[\"Neg\u00f3cios e Economia\"],\"inLanguage\":\"pt-BR\",\"potentialAction\":[{\"@type\":\"CommentAction\",\"name\":\"Comment\",\"target\":[\"https:\\\/\\\/comunicacaoestrategicacps.com.br\\\/blog\\\/rede-vitoria-hoteis-fecha-primeiro-quadrimestre-de-2023-com-ocupacao-recorde-em-20-anos\\\/#respond\"]}]},{\"@type\":\"WebPage\",\"@id\":\"https:\\\/\\\/comunicacaoestrategicacps.com.br\\\/blog\\\/rede-vitoria-hoteis-fecha-primeiro-quadrimestre-de-2023-com-ocupacao-recorde-em-20-anos\\\/\",\"url\":\"https:\\\/\\\/comunicacaoestrategicacps.com.br\\\/blog\\\/rede-vitoria-hoteis-fecha-primeiro-quadrimestre-de-2023-com-ocupacao-recorde-em-20-anos\\\/\",\"name\":\"Rede vit\u00f3ria Hot\u00e9is fecha primeiro quadrimestre de 2023 com ocupa\u00e7\u00e3o recorde em 20 anos - Comunica\u00e7\u00e3o Estrat\u00e9gica\",\"isPartOf\":{\"@id\":\"https:\\\/\\\/comunicacaoestrategicacps.com.br\\\/blog\\\/#website\"},\"primaryImageOfPage\":{\"@id\":\"https:\\\/\\\/comunicacaoestrategicacps.com.br\\\/blog\\\/rede-vitoria-hoteis-fecha-primeiro-quadrimestre-de-2023-com-ocupacao-recorde-em-20-anos\\\/#primaryimage\"},\"image\":{\"@id\":\"https:\\\/\\\/comunicacaoestrategicacps.com.br\\\/blog\\\/rede-vitoria-hoteis-fecha-primeiro-quadrimestre-de-2023-com-ocupacao-recorde-em-20-anos\\\/#primaryimage\"},\"thumbnailUrl\":\"https:\\\/\\\/comunicacaoestrategicacps.com.br\\\/blog\\\/wp-content\\\/uploads\\\/2023\\\/06\\\/Eduardo-Porto.jpg\",\"datePublished\":\"2023-06-02T17:23:27+00:00\",\"dateModified\":\"2023-06-02T17:23:28+00:00\",\"author\":{\"@id\":\"https:\\\/\\\/comunicacaoestrategicacps.com.br\\\/blog\\\/#\\\/schema\\\/person\\\/8d447568a01edd36a56dbbcb702b02fc\"},\"breadcrumb\":{\"@id\":\"https:\\\/\\\/comunicacaoestrategicacps.com.br\\\/blog\\\/rede-vitoria-hoteis-fecha-primeiro-quadrimestre-de-2023-com-ocupacao-recorde-em-20-anos\\\/#breadcrumb\"},\"inLanguage\":\"pt-BR\",\"potentialAction\":[{\"@type\":\"ReadAction\",\"target\":[\"https:\\\/\\\/comunicacaoestrategicacps.com.br\\\/blog\\\/rede-vitoria-hoteis-fecha-primeiro-quadrimestre-de-2023-com-ocupacao-recorde-em-20-anos\\\/\"]}]},{\"@type\":\"ImageObject\",\"inLanguage\":\"pt-BR\",\"@id\":\"https:\\\/\\\/comunicacaoestrategicacps.com.br\\\/blog\\\/rede-vitoria-hoteis-fecha-primeiro-quadrimestre-de-2023-com-ocupacao-recorde-em-20-anos\\\/#primaryimage\",\"url\":\"https:\\\/\\\/comunicacaoestrategicacps.com.br\\\/blog\\\/wp-content\\\/uploads\\\/2023\\\/06\\\/Eduardo-Porto.jpg\",\"contentUrl\":\"https:\\\/\\\/comunicacaoestrategicacps.com.br\\\/blog\\\/wp-content\\\/uploads\\\/2023\\\/06\\\/Eduardo-Porto.jpg\",\"width\":400,\"height\":448},{\"@type\":\"BreadcrumbList\",\"@id\":\"https:\\\/\\\/comunicacaoestrategicacps.com.br\\\/blog\\\/rede-vitoria-hoteis-fecha-primeiro-quadrimestre-de-2023-com-ocupacao-recorde-em-20-anos\\\/#breadcrumb\",\"itemListElement\":[{\"@type\":\"ListItem\",\"position\":1,\"name\":\"In\u00edcio\",\"item\":\"https:\\\/\\\/comunicacaoestrategicacps.com.br\\\/blog\\\/\"},{\"@type\":\"ListItem\",\"position\":2,\"name\":\"Rede vit\u00f3ria Hot\u00e9is fecha primeiro quadrimestre de 2023 com ocupa\u00e7\u00e3o recorde em 20 anos\"}]},{\"@type\":\"WebSite\",\"@id\":\"https:\\\/\\\/comunicacaoestrategicacps.com.br\\\/blog\\\/#website\",\"url\":\"https:\\\/\\\/comunicacaoestrategicacps.com.br\\\/blog\\\/\",\"name\":\"Comunica\u00e7\u00e3o Estrat\u00e9gica\",\"description\":\"Comunica\u00e7\u00e3o Estrat\u00e9gica  - Assessoria de Imprensa\",\"potentialAction\":[{\"@type\":\"SearchAction\",\"target\":{\"@type\":\"EntryPoint\",\"urlTemplate\":\"https:\\\/\\\/comunicacaoestrategicacps.com.br\\\/blog\\\/?s={search_term_string}\"},\"query-input\":{\"@type\":\"PropertyValueSpecification\",\"valueRequired\":true,\"valueName\":\"search_term_string\"}}],\"inLanguage\":\"pt-BR\"},{\"@type\":\"Person\",\"@id\":\"https:\\\/\\\/comunicacaoestrategicacps.com.br\\\/blog\\\/#\\\/schema\\\/person\\\/8d447568a01edd36a56dbbcb702b02fc\",\"name\":\"admin\",\"image\":{\"@type\":\"ImageObject\",\"inLanguage\":\"pt-BR\",\"@id\":\"https:\\\/\\\/secure.gravatar.com\\\/avatar\\\/2cc026ea89b57b9d913d4ce5b90a0490046c0c9048a129e24cc44313a90d3f77?s=96&d=mm&r=g\",\"url\":\"https:\\\/\\\/secure.gravatar.com\\\/avatar\\\/2cc026ea89b57b9d913d4ce5b90a0490046c0c9048a129e24cc44313a90d3f77?s=96&d=mm&r=g\",\"contentUrl\":\"https:\\\/\\\/secure.gravatar.com\\\/avatar\\\/2cc026ea89b57b9d913d4ce5b90a0490046c0c9048a129e24cc44313a90d3f77?s=96&d=mm&r=g\",\"caption\":\"admin\"},\"url\":\"https:\\\/\\\/comunicacaoestrategicacps.com.br\\\/blog\\\/author\\\/admin\\\/\"}]}<\/script>\n<!-- \/ Yoast SEO plugin. -->","yoast_head_json":{"title":"Rede vit\u00f3ria Hot\u00e9is fecha primeiro quadrimestre de 2023 com ocupa\u00e7\u00e3o recorde em 20 anos - Comunica\u00e7\u00e3o Estrat\u00e9gica","robots":{"index":"index","follow":"follow","max-snippet":"max-snippet:-1","max-image-preview":"max-image-preview:large","max-video-preview":"max-video-preview:-1"},"canonical":"https:\/\/comunicacaoestrategicacps.com.br\/blog\/rede-vitoria-hoteis-fecha-primeiro-quadrimestre-de-2023-com-ocupacao-recorde-em-20-anos\/","og_locale":"pt_BR","og_type":"article","og_title":"Rede vit\u00f3ria Hot\u00e9is fecha primeiro quadrimestre de 2023 com ocupa\u00e7\u00e3o recorde em 20 anos - Comunica\u00e7\u00e3o Estrat\u00e9gica","og_description":"Com o aquecimento dos eventos, principalmente corporativos, taxa m\u00e9dia atingiu 55% Campinas, 1\u00ba de junho de 2023 &#8211; A retomadas dos eventos corporativos, culturais, feiras e shows tem impulsionado o setor de hotelaria da Regi\u00e3o Metropolitana de Campinas (RMC). Os n\u00fameros da Rede Vit\u00f3ria Hot\u00e9is, que opera cinco unidades na regi\u00e3o, comprovam a retomada. O [&hellip;]","og_url":"https:\/\/comunicacaoestrategicacps.com.br\/blog\/rede-vitoria-hoteis-fecha-primeiro-quadrimestre-de-2023-com-ocupacao-recorde-em-20-anos\/","og_site_name":"Comunica\u00e7\u00e3o Estrat\u00e9gica","article_published_time":"2023-06-02T17:23:27+00:00","article_modified_time":"2023-06-02T17:23:28+00:00","og_image":[{"width":400,"height":448,"url":"https:\/\/comunicacaoestrategicacps.com.br\/blog\/wp-content\/uploads\/2023\/06\/Eduardo-Porto.jpg","type":"image\/jpeg"}],"author":"admin","twitter_card":"summary_large_image","twitter_misc":{"Escrito por":"admin","Est. tempo de leitura":"3 minutos"},"schema":{"@context":"https:\/\/schema.org","@graph":[{"@type":"Article","@id":"https:\/\/comunicacaoestrategicacps.com.br\/blog\/rede-vitoria-hoteis-fecha-primeiro-quadrimestre-de-2023-com-ocupacao-recorde-em-20-anos\/#article","isPartOf":{"@id":"https:\/\/comunicacaoestrategicacps.com.br\/blog\/rede-vitoria-hoteis-fecha-primeiro-quadrimestre-de-2023-com-ocupacao-recorde-em-20-anos\/"},"author":{"name":"admin","@id":"https:\/\/comunicacaoestrategicacps.com.br\/blog\/#\/schema\/person\/8d447568a01edd36a56dbbcb702b02fc"},"headline":"Rede vit\u00f3ria Hot\u00e9is fecha primeiro quadrimestre de 2023 com ocupa\u00e7\u00e3o recorde em 20 anos","datePublished":"2023-06-02T17:23:27+00:00","dateModified":"2023-06-02T17:23:28+00:00","mainEntityOfPage":{"@id":"https:\/\/comunicacaoestrategicacps.com.br\/blog\/rede-vitoria-hoteis-fecha-primeiro-quadrimestre-de-2023-com-ocupacao-recorde-em-20-anos\/"},"wordCount":532,"commentCount":0,"image":{"@id":"https:\/\/comunicacaoestrategicacps.com.br\/blog\/rede-vitoria-hoteis-fecha-primeiro-quadrimestre-de-2023-com-ocupacao-recorde-em-20-anos\/#primaryimage"},"thumbnailUrl":"https:\/\/comunicacaoestrategicacps.com.br\/blog\/wp-content\/uploads\/2023\/06\/Eduardo-Porto.jpg","articleSection":["Neg\u00f3cios e Economia"],"inLanguage":"pt-BR","potentialAction":[{"@type":"CommentAction","name":"Comment","target":["https:\/\/comunicacaoestrategicacps.com.br\/blog\/rede-vitoria-hoteis-fecha-primeiro-quadrimestre-de-2023-com-ocupacao-recorde-em-20-anos\/#respond"]}]},{"@type":"WebPage","@id":"https:\/\/comunicacaoestrategicacps.com.br\/blog\/rede-vitoria-hoteis-fecha-primeiro-quadrimestre-de-2023-com-ocupacao-recorde-em-20-anos\/","url":"https:\/\/comunicacaoestrategicacps.com.br\/blog\/rede-vitoria-hoteis-fecha-primeiro-quadrimestre-de-2023-com-ocupacao-recorde-em-20-anos\/","name":"Rede vit\u00f3ria Hot\u00e9is fecha primeiro quadrimestre de 2023 com ocupa\u00e7\u00e3o recorde em 20 anos - Comunica\u00e7\u00e3o Estrat\u00e9gica","isPartOf":{"@id":"https:\/\/comunicacaoestrategicacps.com.br\/blog\/#website"},"primaryImageOfPage":{"@id":"https:\/\/comunicacaoestrategicacps.com.br\/blog\/rede-vitoria-hoteis-fecha-primeiro-quadrimestre-de-2023-com-ocupacao-recorde-em-20-anos\/#primaryimage"},"image":{"@id":"https:\/\/comunicacaoestrategicacps.com.br\/blog\/rede-vitoria-hoteis-fecha-primeiro-quadrimestre-de-2023-com-ocupacao-recorde-em-20-anos\/#primaryimage"},"thumbnailUrl":"https:\/\/comunicacaoestrategicacps.com.br\/blog\/wp-content\/uploads\/2023\/06\/Eduardo-Porto.jpg","datePublished":"2023-06-02T17:23:27+00:00","dateModified":"2023-06-02T17:23:28+00:00","author":{"@id":"https:\/\/comunicacaoestrategicacps.com.br\/blog\/#\/schema\/person\/8d447568a01edd36a56dbbcb702b02fc"},"breadcrumb":{"@id":"https:\/\/comunicacaoestrategicacps.com.br\/blog\/rede-vitoria-hoteis-fecha-primeiro-quadrimestre-de-2023-com-ocupacao-recorde-em-20-anos\/#breadcrumb"},"inLanguage":"pt-BR","potentialAction":[{"@type":"ReadAction","target":["https:\/\/comunicacaoestrategicacps.com.br\/blog\/rede-vitoria-hoteis-fecha-primeiro-quadrimestre-de-2023-com-ocupacao-recorde-em-20-anos\/"]}]},{"@type":"ImageObject","inLanguage":"pt-BR","@id":"https:\/\/comunicacaoestrategicacps.com.br\/blog\/rede-vitoria-hoteis-fecha-primeiro-quadrimestre-de-2023-com-ocupacao-recorde-em-20-anos\/#primaryimage","url":"https:\/\/comunicacaoestrategicacps.com.br\/blog\/wp-content\/uploads\/2023\/06\/Eduardo-Porto.jpg","contentUrl":"https:\/\/comunicacaoestrategicacps.com.br\/blog\/wp-content\/uploads\/2023\/06\/Eduardo-Porto.jpg","width":400,"height":448},{"@type":"BreadcrumbList","@id":"https:\/\/comunicacaoestrategicacps.com.br\/blog\/rede-vitoria-hoteis-fecha-primeiro-quadrimestre-de-2023-com-ocupacao-recorde-em-20-anos\/#breadcrumb","itemListElement":[{"@type":"ListItem","position":1,"name":"In\u00edcio","item":"https:\/\/comunicacaoestrategicacps.com.br\/blog\/"},{"@type":"ListItem","position":2,"name":"Rede vit\u00f3ria Hot\u00e9is fecha primeiro quadrimestre de 2023 com ocupa\u00e7\u00e3o recorde em 20 anos"}]},{"@type":"WebSite","@id":"https:\/\/comunicacaoestrategicacps.com.br\/blog\/#website","url":"https:\/\/comunicacaoestrategicacps.com.br\/blog\/","name":"Comunica\u00e7\u00e3o Estrat\u00e9gica","description":"Comunica\u00e7\u00e3o Estrat\u00e9gica  - Assessoria de Imprensa","potentialAction":[{"@type":"SearchAction","target":{"@type":"EntryPoint","urlTemplate":"https:\/\/comunicacaoestrategicacps.com.br\/blog\/?s={search_term_string}"},"query-input":{"@type":"PropertyValueSpecification","valueRequired":true,"valueName":"search_term_string"}}],"inLanguage":"pt-BR"},{"@type":"Person","@id":"https:\/\/comunicacaoestrategicacps.com.br\/blog\/#\/schema\/person\/8d447568a01edd36a56dbbcb702b02fc","name":"admin","image":{"@type":"ImageObject","inLanguage":"pt-BR","@id":"https:\/\/secure.gravatar.com\/avatar\/2cc026ea89b57b9d913d4ce5b90a0490046c0c9048a129e24cc44313a90d3f77?s=96&d=mm&r=g","url":"https:\/\/secure.gravatar.com\/avatar\/2cc026ea89b57b9d913d4ce5b90a0490046c0c9048a129e24cc44313a90d3f77?s=96&d=mm&r=g","contentUrl":"https:\/\/secure.gravatar.com\/avatar\/2cc026ea89b57b9d913d4ce5b90a0490046c0c9048a129e24cc44313a90d3f77?s=96&d=mm&r=g","caption":"admin"},"url":"https:\/\/comunicacaoestrategicacps.com.br\/blog\/author\/admin\/"}]}},"builder_content":"","_links":{"self":[{"href":"https:\/\/comunicacaoestrategicacps.com.br\/blog\/wp-json\/wp\/v2\/posts\/2090","targetHints":{"allow":["GET"]}}],"collection":[{"href":"https:\/\/comunicacaoestrategicacps.com.br\/blog\/wp-json\/wp\/v2\/posts"}],"about":[{"href":"https:\/\/comunicacaoestrategicacps.com.br\/blog\/wp-json\/wp\/v2\/types\/post"}],"author":[{"embeddable":true,"href":"https:\/\/comunicacaoestrategicacps.com.br\/blog\/wp-json\/wp\/v2\/users\/1"}],"replies":[{"embeddable":true,"href":"https:\/\/comunicacaoestrategicacps.com.br\/blog\/wp-json\/wp\/v2\/comments?post=2090"}],"version-history":[{"count":1,"href":"https:\/\/comunicacaoestrategicacps.com.br\/blog\/wp-json\/wp\/v2\/posts\/2090\/revisions"}],"predecessor-version":[{"id":2092,"href":"https:\/\/comunicacaoestrategicacps.com.br\/blog\/wp-json\/wp\/v2\/posts\/2090\/revisions\/2092"}],"wp:featuredmedia":[{"embeddable":true,"href":"https:\/\/comunicacaoestrategicacps.com.br\/blog\/wp-json\/wp\/v2\/media\/2091"}],"wp:attachment":[{"href":"https:\/\/comunicacaoestrategicacps.com.br\/blog\/wp-json\/wp\/v2\/media?parent=2090"}],"wp:term":[{"taxonomy":"category","embeddable":true,"href":"https:\/\/comunicacaoestrategicacps.com.br\/blog\/wp-json\/wp\/v2\/categories?post=2090"},{"taxonomy":"post_tag","embeddable":true,"href":"https:\/\/comunicacaoestrategicacps.com.br\/blog\/wp-json\/wp\/v2\/tags?post=2090"}],"curies":[{"name":"wp","href":"https:\/\/api.w.org\/{rel}","templated":true}]}}