{"id":2093,"date":"2023-06-02T14:27:29","date_gmt":"2023-06-02T17:27:29","guid":{"rendered":"https:\/\/comunicacaoestrategicacps.com.br\/blog\/?p=2093"},"modified":"2023-06-02T14:27:29","modified_gmt":"2023-06-02T17:27:29","slug":"setores-de-alimentacao-fora-do-lar-e-hotelaria-criam-369-empregos-em-abril-na-rmc-mas-sofrem-com-escassez-de-mao-de-obra","status":"publish","type":"post","link":"https:\/\/comunicacaoestrategicacps.com.br\/blog\/setores-de-alimentacao-fora-do-lar-e-hotelaria-criam-369-empregos-em-abril-na-rmc-mas-sofrem-com-escassez-de-mao-de-obra\/","title":{"rendered":"Setores de alimenta\u00e7\u00e3o fora do lar e hotelaria criam 369 empregos em abril na RMC, mas sofrem com escassez de m\u00e3o de obra"},"content":{"rendered":"<!--themify_builder_content-->\n<div id=\"themify_builder_content-2093\" data-postid=\"2093\" class=\"themify_builder_content themify_builder_content-2093 themify_builder tf_clear\">\n    <\/div>\n<!--\/themify_builder_content-->\n\n\n<figure class=\"wp-block-image size-full\"><img loading=\"lazy\" decoding=\"async\" width=\"626\" height=\"417\" src=\"https:\/\/comunicacaoestrategicacps.com.br\/blog\/wp-content\/uploads\/2023\/03\/mulheres.jpg\" alt=\"\" class=\"wp-image-1846\" srcset=\"https:\/\/comunicacaoestrategicacps.com.br\/blog\/wp-content\/uploads\/2023\/03\/mulheres.jpg 626w, https:\/\/comunicacaoestrategicacps.com.br\/blog\/wp-content\/uploads\/2023\/03\/mulheres-300x200.jpg 300w\" sizes=\"auto, (max-width: 626px) 100vw, 626px\" \/><\/figure>\n\n\n\n<p><em>Foi o quarto m\u00eas seguido de contrata\u00e7\u00f5es, com saldo acumulado de 2.784 empregos no ano<\/em><\/p>\n\n\n\n<p>Campinas, 1\u00ba de junho de 2023 &#8211; Os setores de alimenta\u00e7\u00e3o (restaurantes, bares, padarias) e alojamento (hot\u00e9is) criaram 369 empregos na Regi\u00e3o Metropolitana de Campinas (RMC) em abril, segundo dados do Cadastro Geral de Empregados e Desempregados (<em>CAGED, do Minist\u00e9rio do Trabalho e Emprego, divulgados nesta quarta-feira (31). Foi o quarto m\u00eas seguido de contrata\u00e7\u00f5es nos setores, que j\u00e1 acumulam 2.784 postos criados no ano. Apesar do ritmo positivo, os dois segmentos sofrem com a escassez de m\u00e3o de obra qualificada para ocupar as vagas dispon\u00edveis.<\/em><\/p>\n\n\n\n<p>Campinas foi o munic\u00edpio onde mais foram gerados novos empregos com carteira assinada tanto em abril (252) como no acumulado de quatro meses (1.788). Americana, com 41 registros, vem na segunda posi\u00e7\u00e3o, seguida por Indaiatuba (42) e Holambra (33). Vinhedo, por outro lado, lidera a lista das cidades que mais fecharam postos nos setores de alimenta\u00e7\u00e3o e hospedagem (saldo negativo de 19) e Monte Mor (saldo de dez vagas fechadas).<\/p>\n\n\n\n<p>O presidente da Associa\u00e7\u00e3o Brasileira de Bares e Restaurantes (Abrasel) Regional Campinas Matheus Mason diz que os n\u00fameros positivos refor\u00e7am a import\u00e2ncia do setor de alimenta\u00e7\u00e3o fora do lar na economia e, principalmente, na gera\u00e7\u00e3o de empregos e renda. \u201cOs bares, restaurantes e estabelecimentos que est\u00e3o dentro do segmento de alimenta\u00e7\u00e3o fora do lar s\u00e3o fortes geradores de empregos, ajudando a girar a economia como um todo, al\u00e9m de porta de entrada para muitos trabalhadores\u201d, explica.<\/p>\n\n\n\n<p>Vanderlei Costa, presidente do Campinas e Regi\u00e3o Convention &amp; Visitors Bureau (CRC&amp;VB), salientou que a abertura de vagas no setor de hotelaria (hospedagem) \u00e9 resultado da retomada, especialmente, dos eventos de neg\u00f3cios, corporativos e culturais, desde janeiro do ano passado. \u201cAp\u00f3s a pandemia, os hot\u00e9is da regi\u00e3o tiveram que intensificar as contrata\u00e7\u00f5es de profissionais em diversas \u00e1reas para atender a alta demanda de viajantes e turistas, tanto que no primeiro trimestre deste ano tivemos 54,42% de taxa de ocupa\u00e7\u00e3o\u201d, afirma.<\/p>\n\n\n\n<p>FALTA M\u00c3O DE OBRA<\/p>\n\n\n\n<p>O presidente do CRC&amp;VB, conta que o setor hoteleiro, assim como de eventos,<\/p>\n\n\n\n<p>Sofrem com a falta de m\u00e3o de obra para preencher as vagas dispon\u00edveis. \u201c\u00c9 importante lembrar que v\u00e1rias entidades da regi\u00e3o de Campinas oferecem cursos de qualifica\u00e7\u00e3o para pessoas interessadas em trabalhar com turismo, hotelaria e eventos.<\/p>\n\n\n\n<p>Mesmo mantendo o ritmo positivo de vaga criadas, Mason lembra que o setor de alimenta\u00e7\u00e3o fora do lar vem encontrando grande dificuldade para encontrar pessoas qualificadas. \u201cSomos altamente contratante e nosso maior desafio, desde a retomada das atividades, tem sido encontrar m\u00e3o de obra e trein\u00e1-la, j\u00e1 que existem centenas de vagas dispon\u00edveis \u00e0 espera de candidatos na regi\u00e3o\u201d, completa.<\/p>\n\n\n\n<p>Dados de empregos por cidade em abril e no ano<\/p>\n\n\n\n<figure class=\"wp-block-table\"><table><tbody><tr><td>CIDADES<\/td><td>JANEIRO<\/td><td>FEVEREIRO<\/td><td>MAR\u00c7O&nbsp;&nbsp;&nbsp;&nbsp;&nbsp;&nbsp;&nbsp;&nbsp;&nbsp;&nbsp;&nbsp;<\/td><td>ABRIL<\/td><td>&nbsp;<\/td><td>TOTAL<\/td><\/tr><tr><td>AMERICANA<\/td><td>&#8211; 04<\/td><td>88<\/td><td>55<\/td><td>41 &nbsp;<\/td><td>&nbsp;<\/td><td>&nbsp; 180<\/td><\/tr><tr><td>ARTUR NOGUEIRA<\/td><td>&#8211; 11<\/td><td>02<\/td><td>08<\/td><td>02 &nbsp;<\/td><td>&nbsp;<\/td><td>&nbsp;&nbsp;&nbsp;&nbsp; 01<\/td><\/tr><tr><td>CAMPINAS<\/td><td>1200<\/td><td>193<\/td><td>143&nbsp;&nbsp;&nbsp;&nbsp;&nbsp;&nbsp;&nbsp;&nbsp;&nbsp;&nbsp;<\/td><td>252 &nbsp;<\/td><td>&nbsp;<\/td><td>1.788<\/td><\/tr><tr><td>COSM\u00d3POLIS<\/td><td>&#8211; 01<\/td><td>&#8211; 01<\/td><td>01&nbsp;&nbsp;&nbsp;&nbsp;&nbsp;&nbsp;&nbsp;&nbsp;&nbsp;&nbsp;&nbsp;&nbsp;&nbsp;&nbsp;&nbsp;&nbsp;<\/td><td>&#8211; 01<\/td><td>&nbsp;<\/td><td>&#8211;&nbsp;&nbsp;&nbsp; 02<\/td><\/tr><tr><td>ENGENHEIRO COELHO<\/td><td>&#8211; 01<\/td><td>&#8211; 04<\/td><td>&#8211; 02&nbsp;&nbsp;&nbsp;&nbsp;&nbsp;&nbsp;&nbsp;&nbsp;&nbsp;&nbsp;&nbsp;&nbsp;&nbsp;&nbsp;<\/td><td>03<\/td><td>&nbsp;<\/td><td>&#8211;&nbsp;&nbsp;&nbsp; 04<\/td><\/tr><tr><td>HOLAMBRA<\/td><td>&#8211; 54<\/td><td>10<\/td><td>19&nbsp;&nbsp;&nbsp;&nbsp;&nbsp;&nbsp;&nbsp;&nbsp;&nbsp;&nbsp;&nbsp;&nbsp;&nbsp;&nbsp;&nbsp;&nbsp;<\/td><td>33<\/td><td>&nbsp;<\/td><td>&nbsp;&nbsp;&nbsp;&nbsp; 08<\/td><\/tr><tr><td>HORTOLANDIA<\/td><td>&#8211; 01<\/td><td>93<\/td><td>07&nbsp;&nbsp;&nbsp;&nbsp;&nbsp;&nbsp;&nbsp;&nbsp;&nbsp;&nbsp;&nbsp;&nbsp;&nbsp;&nbsp;&nbsp;&nbsp;&nbsp;&nbsp;<\/td><td>01 &nbsp;<\/td><td>&nbsp;<\/td><td>&nbsp;&nbsp; 100<\/td><\/tr><tr><td>INDAITUTUBA<\/td><td>18<\/td><td>100<\/td><td>07&nbsp;&nbsp;&nbsp;&nbsp;&nbsp;&nbsp;&nbsp;&nbsp;&nbsp;&nbsp;&nbsp;&nbsp;&nbsp;&nbsp;&nbsp;&nbsp;<\/td><td>43<\/td><td>&nbsp;<\/td><td>&nbsp;&nbsp; 168<\/td><\/tr><tr><td>ITATIBA<\/td><td>&#8211; 43<\/td><td>31<\/td><td>&#8211; 07&nbsp;&nbsp;&nbsp;&nbsp;&nbsp;&nbsp;&nbsp;&nbsp;&nbsp;&nbsp;&nbsp;&nbsp;&nbsp;<\/td><td>21<\/td><td>&nbsp;<\/td><td>&nbsp;&nbsp;&nbsp;&nbsp; 02<\/td><\/tr><tr><td>JAGUARIUNA<\/td><td>&#8211; 19<\/td><td>05<\/td><td>11&nbsp;&nbsp;&nbsp;&nbsp;&nbsp;&nbsp;&nbsp;&nbsp;&nbsp;&nbsp;&nbsp;&nbsp;&nbsp;&nbsp;&nbsp;<\/td><td>11<\/td><td>&nbsp;<\/td><td>&nbsp;&nbsp;&nbsp;&nbsp; 08<\/td><\/tr><tr><td>MONTE MOR<\/td><td>04<\/td><td>10<\/td><td>05&nbsp;&nbsp;&nbsp;&nbsp;&nbsp;&nbsp;&nbsp;&nbsp;&nbsp;&nbsp;&nbsp;&nbsp;&nbsp;&nbsp;&nbsp;&nbsp;&nbsp;<\/td><td>&#8211; 10<\/td><td>&nbsp;<\/td><td>&nbsp;&nbsp;&nbsp;&nbsp; 09<\/td><\/tr><tr><td>MORUNGABA<\/td><td>&#8211; 01<\/td><td>01<\/td><td>02&nbsp;&nbsp;&nbsp;&nbsp;&nbsp;&nbsp;&nbsp;&nbsp;&nbsp;&nbsp;&nbsp;&nbsp;&nbsp;&nbsp;&nbsp;&nbsp;&nbsp;<\/td><td>0<\/td><td>&nbsp;<\/td><td>&nbsp;&nbsp;&nbsp;&nbsp; 02<\/td><\/tr><tr><td>NOVA ODESSA<\/td><td>09<\/td><td>&#8211; 09<\/td><td>03&nbsp;&nbsp;&nbsp;&nbsp;&nbsp;&nbsp;&nbsp;&nbsp;&nbsp;&nbsp;&nbsp;&nbsp;&nbsp;&nbsp;&nbsp;&nbsp;&nbsp;<\/td><td>6<\/td><td>&nbsp;<\/td><td>&nbsp;&nbsp;&nbsp;&nbsp; 09<\/td><\/tr><tr><td>PAUL\u00cdNIA<\/td><td>03<\/td><td>20<\/td><td>-04&nbsp;&nbsp;&nbsp;&nbsp;&nbsp;&nbsp;&nbsp;&nbsp;&nbsp;&nbsp;&nbsp;&nbsp;&nbsp;&nbsp;&nbsp;<\/td><td>0<\/td><td>&nbsp;<\/td><td>&nbsp;&nbsp;&nbsp;&nbsp; 19<\/td><\/tr><tr><td>PEDREIRA<\/td><td>11<\/td><td>05<\/td><td>02&nbsp;&nbsp;&nbsp;&nbsp;&nbsp;&nbsp;&nbsp;&nbsp;&nbsp;&nbsp;&nbsp;&nbsp;&nbsp;&nbsp;&nbsp;&nbsp;<\/td><td>&#8211; 8<\/td><td>&nbsp;<\/td><td>&nbsp;&nbsp;&nbsp;&nbsp; 10<\/td><\/tr><tr><td>SANTA B\u00e1rbara<\/td><td>&#8211; 08<\/td><td>48<\/td><td>09&nbsp;&nbsp;&nbsp;&nbsp;&nbsp;&nbsp;&nbsp;&nbsp;&nbsp;&nbsp;&nbsp;&nbsp;&nbsp;&nbsp;&nbsp;&nbsp;<\/td><td>07<\/td><td>&nbsp;<\/td><td>&nbsp;&nbsp;&nbsp;&nbsp; 53<\/td><\/tr><tr><td>Santo A. Posse<\/td><td>&#8211; 06<\/td><td>01<\/td><td>00&nbsp;&nbsp;&nbsp;&nbsp;&nbsp;&nbsp;&nbsp;&nbsp;&nbsp;&nbsp;&nbsp;&nbsp;&nbsp;&nbsp;<\/td><td>&#8211; 11<\/td><td>&nbsp;<\/td><td>&nbsp;&nbsp; &#8211; 16<\/td><\/tr><tr><td>Sumar\u00e9<\/td><td>63<\/td><td>170<\/td><td>140&nbsp;&nbsp;&nbsp;&nbsp;&nbsp;&nbsp;&nbsp;&nbsp;&nbsp;&nbsp;&nbsp;&nbsp;<\/td><td>05<\/td><td>&nbsp;<\/td><td>&nbsp;&nbsp; 378<\/td><\/tr><tr><td>VALINHOS<\/td><td>&#8211; 13<\/td><td>&#8211; 01<\/td><td>14&nbsp;&nbsp;&nbsp;&nbsp;&nbsp;&nbsp;&nbsp;&nbsp;&nbsp;&nbsp;&nbsp;&nbsp;&nbsp;&nbsp;&nbsp;&nbsp;<\/td><td>&#8211; 07<\/td><td>&nbsp;<\/td><td>&nbsp; &#8211;&nbsp; 07<\/td><\/tr><tr><td>VINHEDO<\/td><td>&#8211; 10<\/td><td>19<\/td><td>&#8211; 05&nbsp;&nbsp;&nbsp;&nbsp;&nbsp;&nbsp;&nbsp;&nbsp;&nbsp;&nbsp;&nbsp;&nbsp;&nbsp;&nbsp;<\/td><td>&#8211; 19<\/td><td>&nbsp;<\/td><td>&nbsp;&nbsp; &#8211; 15<\/td><\/tr><tr><td><strong>Total empregos gerados<\/strong><\/td><td><strong>1.136<\/strong><\/td><td><strong>871<\/strong><\/td><td><strong>408<\/strong><\/td><td>369 &nbsp;<\/td><td>&nbsp;<\/td><td>2.784<\/td><\/tr><\/tbody><\/table><\/figure>\n\n\n\n<p>Fonte: Caged<\/p>","protected":false},"excerpt":{"rendered":"<p>Foi o quarto m\u00eas seguido de contrata\u00e7\u00f5es, com saldo acumulado de 2.784 empregos no ano Campinas, 1\u00ba de junho de 2023 &#8211; Os setores de alimenta\u00e7\u00e3o (restaurantes, bares, padarias) e alojamento (hot\u00e9is) criaram 369 empregos na Regi\u00e3o Metropolitana de Campinas (RMC) em abril, segundo dados do Cadastro Geral de Empregados e Desempregados (CAGED, do Minist\u00e9rio [&hellip;]<\/p>\n","protected":false},"author":1,"featured_media":2094,"comment_status":"open","ping_status":"open","sticky":true,"template":"","format":"standard","meta":{"footnotes":""},"categories":[43],"tags":[],"class_list":["post-2093","post","type-post","status-publish","format-standard","has-post-thumbnail","hentry","category-negocios-e-economia","has-post-title","has-post-date","has-post-category","has-post-tag","has-post-comment","has-post-author",""],"yoast_head":"<!-- This site is optimized with the Yoast SEO plugin v27.4 - https:\/\/yoast.com\/product\/yoast-seo-wordpress\/ -->\n<title>Setores de alimenta\u00e7\u00e3o fora do lar e hotelaria criam 369 empregos em abril na RMC, mas sofrem com escassez de m\u00e3o de obra - Comunica\u00e7\u00e3o Estrat\u00e9gica<\/title>\n<meta name=\"robots\" content=\"index, follow, max-snippet:-1, max-image-preview:large, max-video-preview:-1\" \/>\n<link rel=\"canonical\" href=\"https:\/\/comunicacaoestrategicacps.com.br\/blog\/setores-de-alimentacao-fora-do-lar-e-hotelaria-criam-369-empregos-em-abril-na-rmc-mas-sofrem-com-escassez-de-mao-de-obra\/\" \/>\n<meta property=\"og:locale\" content=\"pt_BR\" \/>\n<meta property=\"og:type\" content=\"article\" \/>\n<meta property=\"og:title\" content=\"Setores de alimenta\u00e7\u00e3o fora do lar e hotelaria criam 369 empregos em abril na RMC, mas sofrem com escassez de m\u00e3o de obra - Comunica\u00e7\u00e3o Estrat\u00e9gica\" \/>\n<meta property=\"og:description\" content=\"Foi o quarto m\u00eas seguido de contrata\u00e7\u00f5es, com saldo acumulado de 2.784 empregos no ano Campinas, 1\u00ba de junho de 2023 &#8211; Os setores de alimenta\u00e7\u00e3o (restaurantes, bares, padarias) e alojamento (hot\u00e9is) criaram 369 empregos na Regi\u00e3o Metropolitana de Campinas (RMC) em abril, segundo dados do Cadastro Geral de Empregados e Desempregados (CAGED, do Minist\u00e9rio [&hellip;]\" \/>\n<meta property=\"og:url\" content=\"https:\/\/comunicacaoestrategicacps.com.br\/blog\/setores-de-alimentacao-fora-do-lar-e-hotelaria-criam-369-empregos-em-abril-na-rmc-mas-sofrem-com-escassez-de-mao-de-obra\/\" \/>\n<meta property=\"og:site_name\" content=\"Comunica\u00e7\u00e3o Estrat\u00e9gica\" \/>\n<meta property=\"article:published_time\" content=\"2023-06-02T17:27:29+00:00\" \/>\n<meta property=\"og:image\" content=\"https:\/\/comunicacaoestrategicacps.com.br\/blog\/wp-content\/uploads\/2023\/06\/vila-ambiente.jpg\" \/>\n\t<meta property=\"og:image:width\" content=\"550\" \/>\n\t<meta property=\"og:image:height\" content=\"367\" \/>\n\t<meta property=\"og:image:type\" content=\"image\/jpeg\" \/>\n<meta name=\"author\" content=\"admin\" \/>\n<meta name=\"twitter:card\" content=\"summary_large_image\" \/>\n<meta name=\"twitter:label1\" content=\"Escrito por\" \/>\n\t<meta name=\"twitter:data1\" content=\"admin\" \/>\n\t<meta name=\"twitter:label2\" content=\"Est. tempo de leitura\" \/>\n\t<meta name=\"twitter:data2\" content=\"4 minutos\" \/>\n<script type=\"application\/ld+json\" class=\"yoast-schema-graph\">{\"@context\":\"https:\\\/\\\/schema.org\",\"@graph\":[{\"@type\":\"Article\",\"@id\":\"https:\\\/\\\/comunicacaoestrategicacps.com.br\\\/blog\\\/setores-de-alimentacao-fora-do-lar-e-hotelaria-criam-369-empregos-em-abril-na-rmc-mas-sofrem-com-escassez-de-mao-de-obra\\\/#article\",\"isPartOf\":{\"@id\":\"https:\\\/\\\/comunicacaoestrategicacps.com.br\\\/blog\\\/setores-de-alimentacao-fora-do-lar-e-hotelaria-criam-369-empregos-em-abril-na-rmc-mas-sofrem-com-escassez-de-mao-de-obra\\\/\"},\"author\":{\"name\":\"admin\",\"@id\":\"https:\\\/\\\/comunicacaoestrategicacps.com.br\\\/blog\\\/#\\\/schema\\\/person\\\/8d447568a01edd36a56dbbcb702b02fc\"},\"headline\":\"Setores de alimenta\u00e7\u00e3o fora do lar e hotelaria criam 369 empregos em abril na RMC, mas sofrem com escassez de m\u00e3o de obra\",\"datePublished\":\"2023-06-02T17:27:29+00:00\",\"mainEntityOfPage\":{\"@id\":\"https:\\\/\\\/comunicacaoestrategicacps.com.br\\\/blog\\\/setores-de-alimentacao-fora-do-lar-e-hotelaria-criam-369-empregos-em-abril-na-rmc-mas-sofrem-com-escassez-de-mao-de-obra\\\/\"},\"wordCount\":947,\"commentCount\":0,\"image\":{\"@id\":\"https:\\\/\\\/comunicacaoestrategicacps.com.br\\\/blog\\\/setores-de-alimentacao-fora-do-lar-e-hotelaria-criam-369-empregos-em-abril-na-rmc-mas-sofrem-com-escassez-de-mao-de-obra\\\/#primaryimage\"},\"thumbnailUrl\":\"https:\\\/\\\/comunicacaoestrategicacps.com.br\\\/blog\\\/wp-content\\\/uploads\\\/2023\\\/06\\\/vila-ambiente.jpg\",\"articleSection\":[\"Neg\u00f3cios e Economia\"],\"inLanguage\":\"pt-BR\",\"potentialAction\":[{\"@type\":\"CommentAction\",\"name\":\"Comment\",\"target\":[\"https:\\\/\\\/comunicacaoestrategicacps.com.br\\\/blog\\\/setores-de-alimentacao-fora-do-lar-e-hotelaria-criam-369-empregos-em-abril-na-rmc-mas-sofrem-com-escassez-de-mao-de-obra\\\/#respond\"]}]},{\"@type\":\"WebPage\",\"@id\":\"https:\\\/\\\/comunicacaoestrategicacps.com.br\\\/blog\\\/setores-de-alimentacao-fora-do-lar-e-hotelaria-criam-369-empregos-em-abril-na-rmc-mas-sofrem-com-escassez-de-mao-de-obra\\\/\",\"url\":\"https:\\\/\\\/comunicacaoestrategicacps.com.br\\\/blog\\\/setores-de-alimentacao-fora-do-lar-e-hotelaria-criam-369-empregos-em-abril-na-rmc-mas-sofrem-com-escassez-de-mao-de-obra\\\/\",\"name\":\"Setores de alimenta\u00e7\u00e3o fora do lar e hotelaria criam 369 empregos em abril na RMC, mas sofrem com escassez de m\u00e3o de obra - Comunica\u00e7\u00e3o Estrat\u00e9gica\",\"isPartOf\":{\"@id\":\"https:\\\/\\\/comunicacaoestrategicacps.com.br\\\/blog\\\/#website\"},\"primaryImageOfPage\":{\"@id\":\"https:\\\/\\\/comunicacaoestrategicacps.com.br\\\/blog\\\/setores-de-alimentacao-fora-do-lar-e-hotelaria-criam-369-empregos-em-abril-na-rmc-mas-sofrem-com-escassez-de-mao-de-obra\\\/#primaryimage\"},\"image\":{\"@id\":\"https:\\\/\\\/comunicacaoestrategicacps.com.br\\\/blog\\\/setores-de-alimentacao-fora-do-lar-e-hotelaria-criam-369-empregos-em-abril-na-rmc-mas-sofrem-com-escassez-de-mao-de-obra\\\/#primaryimage\"},\"thumbnailUrl\":\"https:\\\/\\\/comunicacaoestrategicacps.com.br\\\/blog\\\/wp-content\\\/uploads\\\/2023\\\/06\\\/vila-ambiente.jpg\",\"datePublished\":\"2023-06-02T17:27:29+00:00\",\"author\":{\"@id\":\"https:\\\/\\\/comunicacaoestrategicacps.com.br\\\/blog\\\/#\\\/schema\\\/person\\\/8d447568a01edd36a56dbbcb702b02fc\"},\"breadcrumb\":{\"@id\":\"https:\\\/\\\/comunicacaoestrategicacps.com.br\\\/blog\\\/setores-de-alimentacao-fora-do-lar-e-hotelaria-criam-369-empregos-em-abril-na-rmc-mas-sofrem-com-escassez-de-mao-de-obra\\\/#breadcrumb\"},\"inLanguage\":\"pt-BR\",\"potentialAction\":[{\"@type\":\"ReadAction\",\"target\":[\"https:\\\/\\\/comunicacaoestrategicacps.com.br\\\/blog\\\/setores-de-alimentacao-fora-do-lar-e-hotelaria-criam-369-empregos-em-abril-na-rmc-mas-sofrem-com-escassez-de-mao-de-obra\\\/\"]}]},{\"@type\":\"ImageObject\",\"inLanguage\":\"pt-BR\",\"@id\":\"https:\\\/\\\/comunicacaoestrategicacps.com.br\\\/blog\\\/setores-de-alimentacao-fora-do-lar-e-hotelaria-criam-369-empregos-em-abril-na-rmc-mas-sofrem-com-escassez-de-mao-de-obra\\\/#primaryimage\",\"url\":\"https:\\\/\\\/comunicacaoestrategicacps.com.br\\\/blog\\\/wp-content\\\/uploads\\\/2023\\\/06\\\/vila-ambiente.jpg\",\"contentUrl\":\"https:\\\/\\\/comunicacaoestrategicacps.com.br\\\/blog\\\/wp-content\\\/uploads\\\/2023\\\/06\\\/vila-ambiente.jpg\",\"width\":550,\"height\":367},{\"@type\":\"BreadcrumbList\",\"@id\":\"https:\\\/\\\/comunicacaoestrategicacps.com.br\\\/blog\\\/setores-de-alimentacao-fora-do-lar-e-hotelaria-criam-369-empregos-em-abril-na-rmc-mas-sofrem-com-escassez-de-mao-de-obra\\\/#breadcrumb\",\"itemListElement\":[{\"@type\":\"ListItem\",\"position\":1,\"name\":\"In\u00edcio\",\"item\":\"https:\\\/\\\/comunicacaoestrategicacps.com.br\\\/blog\\\/\"},{\"@type\":\"ListItem\",\"position\":2,\"name\":\"Setores de alimenta\u00e7\u00e3o fora do lar e hotelaria criam 369 empregos em abril na RMC, mas sofrem com escassez de m\u00e3o de obra\"}]},{\"@type\":\"WebSite\",\"@id\":\"https:\\\/\\\/comunicacaoestrategicacps.com.br\\\/blog\\\/#website\",\"url\":\"https:\\\/\\\/comunicacaoestrategicacps.com.br\\\/blog\\\/\",\"name\":\"Comunica\u00e7\u00e3o Estrat\u00e9gica\",\"description\":\"Comunica\u00e7\u00e3o Estrat\u00e9gica  - Assessoria de Imprensa\",\"potentialAction\":[{\"@type\":\"SearchAction\",\"target\":{\"@type\":\"EntryPoint\",\"urlTemplate\":\"https:\\\/\\\/comunicacaoestrategicacps.com.br\\\/blog\\\/?s={search_term_string}\"},\"query-input\":{\"@type\":\"PropertyValueSpecification\",\"valueRequired\":true,\"valueName\":\"search_term_string\"}}],\"inLanguage\":\"pt-BR\"},{\"@type\":\"Person\",\"@id\":\"https:\\\/\\\/comunicacaoestrategicacps.com.br\\\/blog\\\/#\\\/schema\\\/person\\\/8d447568a01edd36a56dbbcb702b02fc\",\"name\":\"admin\",\"image\":{\"@type\":\"ImageObject\",\"inLanguage\":\"pt-BR\",\"@id\":\"https:\\\/\\\/secure.gravatar.com\\\/avatar\\\/2cc026ea89b57b9d913d4ce5b90a0490046c0c9048a129e24cc44313a90d3f77?s=96&d=mm&r=g\",\"url\":\"https:\\\/\\\/secure.gravatar.com\\\/avatar\\\/2cc026ea89b57b9d913d4ce5b90a0490046c0c9048a129e24cc44313a90d3f77?s=96&d=mm&r=g\",\"contentUrl\":\"https:\\\/\\\/secure.gravatar.com\\\/avatar\\\/2cc026ea89b57b9d913d4ce5b90a0490046c0c9048a129e24cc44313a90d3f77?s=96&d=mm&r=g\",\"caption\":\"admin\"},\"url\":\"https:\\\/\\\/comunicacaoestrategicacps.com.br\\\/blog\\\/author\\\/admin\\\/\"}]}<\/script>\n<!-- \/ Yoast SEO plugin. -->","yoast_head_json":{"title":"Setores de alimenta\u00e7\u00e3o fora do lar e hotelaria criam 369 empregos em abril na RMC, mas sofrem com escassez de m\u00e3o de obra - Comunica\u00e7\u00e3o Estrat\u00e9gica","robots":{"index":"index","follow":"follow","max-snippet":"max-snippet:-1","max-image-preview":"max-image-preview:large","max-video-preview":"max-video-preview:-1"},"canonical":"https:\/\/comunicacaoestrategicacps.com.br\/blog\/setores-de-alimentacao-fora-do-lar-e-hotelaria-criam-369-empregos-em-abril-na-rmc-mas-sofrem-com-escassez-de-mao-de-obra\/","og_locale":"pt_BR","og_type":"article","og_title":"Setores de alimenta\u00e7\u00e3o fora do lar e hotelaria criam 369 empregos em abril na RMC, mas sofrem com escassez de m\u00e3o de obra - Comunica\u00e7\u00e3o Estrat\u00e9gica","og_description":"Foi o quarto m\u00eas seguido de contrata\u00e7\u00f5es, com saldo acumulado de 2.784 empregos no ano Campinas, 1\u00ba de junho de 2023 &#8211; Os setores de alimenta\u00e7\u00e3o (restaurantes, bares, padarias) e alojamento (hot\u00e9is) criaram 369 empregos na Regi\u00e3o Metropolitana de Campinas (RMC) em abril, segundo dados do Cadastro Geral de Empregados e Desempregados (CAGED, do Minist\u00e9rio [&hellip;]","og_url":"https:\/\/comunicacaoestrategicacps.com.br\/blog\/setores-de-alimentacao-fora-do-lar-e-hotelaria-criam-369-empregos-em-abril-na-rmc-mas-sofrem-com-escassez-de-mao-de-obra\/","og_site_name":"Comunica\u00e7\u00e3o Estrat\u00e9gica","article_published_time":"2023-06-02T17:27:29+00:00","og_image":[{"width":550,"height":367,"url":"https:\/\/comunicacaoestrategicacps.com.br\/blog\/wp-content\/uploads\/2023\/06\/vila-ambiente.jpg","type":"image\/jpeg"}],"author":"admin","twitter_card":"summary_large_image","twitter_misc":{"Escrito por":"admin","Est. tempo de leitura":"4 minutos"},"schema":{"@context":"https:\/\/schema.org","@graph":[{"@type":"Article","@id":"https:\/\/comunicacaoestrategicacps.com.br\/blog\/setores-de-alimentacao-fora-do-lar-e-hotelaria-criam-369-empregos-em-abril-na-rmc-mas-sofrem-com-escassez-de-mao-de-obra\/#article","isPartOf":{"@id":"https:\/\/comunicacaoestrategicacps.com.br\/blog\/setores-de-alimentacao-fora-do-lar-e-hotelaria-criam-369-empregos-em-abril-na-rmc-mas-sofrem-com-escassez-de-mao-de-obra\/"},"author":{"name":"admin","@id":"https:\/\/comunicacaoestrategicacps.com.br\/blog\/#\/schema\/person\/8d447568a01edd36a56dbbcb702b02fc"},"headline":"Setores de alimenta\u00e7\u00e3o fora do lar e hotelaria criam 369 empregos em abril na RMC, mas sofrem com escassez de m\u00e3o de obra","datePublished":"2023-06-02T17:27:29+00:00","mainEntityOfPage":{"@id":"https:\/\/comunicacaoestrategicacps.com.br\/blog\/setores-de-alimentacao-fora-do-lar-e-hotelaria-criam-369-empregos-em-abril-na-rmc-mas-sofrem-com-escassez-de-mao-de-obra\/"},"wordCount":947,"commentCount":0,"image":{"@id":"https:\/\/comunicacaoestrategicacps.com.br\/blog\/setores-de-alimentacao-fora-do-lar-e-hotelaria-criam-369-empregos-em-abril-na-rmc-mas-sofrem-com-escassez-de-mao-de-obra\/#primaryimage"},"thumbnailUrl":"https:\/\/comunicacaoestrategicacps.com.br\/blog\/wp-content\/uploads\/2023\/06\/vila-ambiente.jpg","articleSection":["Neg\u00f3cios e Economia"],"inLanguage":"pt-BR","potentialAction":[{"@type":"CommentAction","name":"Comment","target":["https:\/\/comunicacaoestrategicacps.com.br\/blog\/setores-de-alimentacao-fora-do-lar-e-hotelaria-criam-369-empregos-em-abril-na-rmc-mas-sofrem-com-escassez-de-mao-de-obra\/#respond"]}]},{"@type":"WebPage","@id":"https:\/\/comunicacaoestrategicacps.com.br\/blog\/setores-de-alimentacao-fora-do-lar-e-hotelaria-criam-369-empregos-em-abril-na-rmc-mas-sofrem-com-escassez-de-mao-de-obra\/","url":"https:\/\/comunicacaoestrategicacps.com.br\/blog\/setores-de-alimentacao-fora-do-lar-e-hotelaria-criam-369-empregos-em-abril-na-rmc-mas-sofrem-com-escassez-de-mao-de-obra\/","name":"Setores de alimenta\u00e7\u00e3o fora do lar e hotelaria criam 369 empregos em abril na RMC, mas sofrem com escassez de m\u00e3o de obra - Comunica\u00e7\u00e3o Estrat\u00e9gica","isPartOf":{"@id":"https:\/\/comunicacaoestrategicacps.com.br\/blog\/#website"},"primaryImageOfPage":{"@id":"https:\/\/comunicacaoestrategicacps.com.br\/blog\/setores-de-alimentacao-fora-do-lar-e-hotelaria-criam-369-empregos-em-abril-na-rmc-mas-sofrem-com-escassez-de-mao-de-obra\/#primaryimage"},"image":{"@id":"https:\/\/comunicacaoestrategicacps.com.br\/blog\/setores-de-alimentacao-fora-do-lar-e-hotelaria-criam-369-empregos-em-abril-na-rmc-mas-sofrem-com-escassez-de-mao-de-obra\/#primaryimage"},"thumbnailUrl":"https:\/\/comunicacaoestrategicacps.com.br\/blog\/wp-content\/uploads\/2023\/06\/vila-ambiente.jpg","datePublished":"2023-06-02T17:27:29+00:00","author":{"@id":"https:\/\/comunicacaoestrategicacps.com.br\/blog\/#\/schema\/person\/8d447568a01edd36a56dbbcb702b02fc"},"breadcrumb":{"@id":"https:\/\/comunicacaoestrategicacps.com.br\/blog\/setores-de-alimentacao-fora-do-lar-e-hotelaria-criam-369-empregos-em-abril-na-rmc-mas-sofrem-com-escassez-de-mao-de-obra\/#breadcrumb"},"inLanguage":"pt-BR","potentialAction":[{"@type":"ReadAction","target":["https:\/\/comunicacaoestrategicacps.com.br\/blog\/setores-de-alimentacao-fora-do-lar-e-hotelaria-criam-369-empregos-em-abril-na-rmc-mas-sofrem-com-escassez-de-mao-de-obra\/"]}]},{"@type":"ImageObject","inLanguage":"pt-BR","@id":"https:\/\/comunicacaoestrategicacps.com.br\/blog\/setores-de-alimentacao-fora-do-lar-e-hotelaria-criam-369-empregos-em-abril-na-rmc-mas-sofrem-com-escassez-de-mao-de-obra\/#primaryimage","url":"https:\/\/comunicacaoestrategicacps.com.br\/blog\/wp-content\/uploads\/2023\/06\/vila-ambiente.jpg","contentUrl":"https:\/\/comunicacaoestrategicacps.com.br\/blog\/wp-content\/uploads\/2023\/06\/vila-ambiente.jpg","width":550,"height":367},{"@type":"BreadcrumbList","@id":"https:\/\/comunicacaoestrategicacps.com.br\/blog\/setores-de-alimentacao-fora-do-lar-e-hotelaria-criam-369-empregos-em-abril-na-rmc-mas-sofrem-com-escassez-de-mao-de-obra\/#breadcrumb","itemListElement":[{"@type":"ListItem","position":1,"name":"In\u00edcio","item":"https:\/\/comunicacaoestrategicacps.com.br\/blog\/"},{"@type":"ListItem","position":2,"name":"Setores de alimenta\u00e7\u00e3o fora do lar e hotelaria criam 369 empregos em abril na RMC, mas sofrem com escassez de m\u00e3o de obra"}]},{"@type":"WebSite","@id":"https:\/\/comunicacaoestrategicacps.com.br\/blog\/#website","url":"https:\/\/comunicacaoestrategicacps.com.br\/blog\/","name":"Comunica\u00e7\u00e3o Estrat\u00e9gica","description":"Comunica\u00e7\u00e3o Estrat\u00e9gica  - Assessoria de Imprensa","potentialAction":[{"@type":"SearchAction","target":{"@type":"EntryPoint","urlTemplate":"https:\/\/comunicacaoestrategicacps.com.br\/blog\/?s={search_term_string}"},"query-input":{"@type":"PropertyValueSpecification","valueRequired":true,"valueName":"search_term_string"}}],"inLanguage":"pt-BR"},{"@type":"Person","@id":"https:\/\/comunicacaoestrategicacps.com.br\/blog\/#\/schema\/person\/8d447568a01edd36a56dbbcb702b02fc","name":"admin","image":{"@type":"ImageObject","inLanguage":"pt-BR","@id":"https:\/\/secure.gravatar.com\/avatar\/2cc026ea89b57b9d913d4ce5b90a0490046c0c9048a129e24cc44313a90d3f77?s=96&d=mm&r=g","url":"https:\/\/secure.gravatar.com\/avatar\/2cc026ea89b57b9d913d4ce5b90a0490046c0c9048a129e24cc44313a90d3f77?s=96&d=mm&r=g","contentUrl":"https:\/\/secure.gravatar.com\/avatar\/2cc026ea89b57b9d913d4ce5b90a0490046c0c9048a129e24cc44313a90d3f77?s=96&d=mm&r=g","caption":"admin"},"url":"https:\/\/comunicacaoestrategicacps.com.br\/blog\/author\/admin\/"}]}},"builder_content":"","_links":{"self":[{"href":"https:\/\/comunicacaoestrategicacps.com.br\/blog\/wp-json\/wp\/v2\/posts\/2093","targetHints":{"allow":["GET"]}}],"collection":[{"href":"https:\/\/comunicacaoestrategicacps.com.br\/blog\/wp-json\/wp\/v2\/posts"}],"about":[{"href":"https:\/\/comunicacaoestrategicacps.com.br\/blog\/wp-json\/wp\/v2\/types\/post"}],"author":[{"embeddable":true,"href":"https:\/\/comunicacaoestrategicacps.com.br\/blog\/wp-json\/wp\/v2\/users\/1"}],"replies":[{"embeddable":true,"href":"https:\/\/comunicacaoestrategicacps.com.br\/blog\/wp-json\/wp\/v2\/comments?post=2093"}],"version-history":[{"count":1,"href":"https:\/\/comunicacaoestrategicacps.com.br\/blog\/wp-json\/wp\/v2\/posts\/2093\/revisions"}],"predecessor-version":[{"id":2095,"href":"https:\/\/comunicacaoestrategicacps.com.br\/blog\/wp-json\/wp\/v2\/posts\/2093\/revisions\/2095"}],"wp:featuredmedia":[{"embeddable":true,"href":"https:\/\/comunicacaoestrategicacps.com.br\/blog\/wp-json\/wp\/v2\/media\/2094"}],"wp:attachment":[{"href":"https:\/\/comunicacaoestrategicacps.com.br\/blog\/wp-json\/wp\/v2\/media?parent=2093"}],"wp:term":[{"taxonomy":"category","embeddable":true,"href":"https:\/\/comunicacaoestrategicacps.com.br\/blog\/wp-json\/wp\/v2\/categories?post=2093"},{"taxonomy":"post_tag","embeddable":true,"href":"https:\/\/comunicacaoestrategicacps.com.br\/blog\/wp-json\/wp\/v2\/tags?post=2093"}],"curies":[{"name":"wp","href":"https:\/\/api.w.org\/{rel}","templated":true}]}}