{"id":2113,"date":"2023-06-16T09:56:28","date_gmt":"2023-06-16T12:56:28","guid":{"rendered":"https:\/\/comunicacaoestrategicacps.com.br\/blog\/?p=2113"},"modified":"2023-06-16T09:56:29","modified_gmt":"2023-06-16T12:56:29","slug":"hotelaria-da-regiao-metropolitana-de-campinas-rmc-teve-5784-de-ocupacao-em-maio","status":"publish","type":"post","link":"https:\/\/comunicacaoestrategicacps.com.br\/blog\/hotelaria-da-regiao-metropolitana-de-campinas-rmc-teve-5784-de-ocupacao-em-maio\/","title":{"rendered":"Hotelaria da Regi\u00e3o Metropolitana de Campinas (RMC) teve 57,84% de ocupa\u00e7\u00e3o em maio"},"content":{"rendered":"<!--themify_builder_content-->\n<div id=\"themify_builder_content-2113\" data-postid=\"2113\" class=\"themify_builder_content themify_builder_content-2113 themify_builder tf_clear\">\n    <\/div>\n<!--\/themify_builder_content-->\n\n\n<figure class=\"wp-block-image size-large\"><img loading=\"lazy\" decoding=\"async\" width=\"683\" height=\"1024\" src=\"https:\/\/comunicacaoestrategicacps.com.br\/blog\/wp-content\/uploads\/2023\/05\/Vanderlei-Costa-683x1024.jpg\" alt=\"\" class=\"wp-image-2035\" srcset=\"https:\/\/comunicacaoestrategicacps.com.br\/blog\/wp-content\/uploads\/2023\/05\/Vanderlei-Costa-683x1024.jpg 683w, https:\/\/comunicacaoestrategicacps.com.br\/blog\/wp-content\/uploads\/2023\/05\/Vanderlei-Costa-200x300.jpg 200w, https:\/\/comunicacaoestrategicacps.com.br\/blog\/wp-content\/uploads\/2023\/05\/Vanderlei-Costa-768x1152.jpg 768w, https:\/\/comunicacaoestrategicacps.com.br\/blog\/wp-content\/uploads\/2023\/05\/Vanderlei-Costa-1024x1536.jpg 1024w, https:\/\/comunicacaoestrategicacps.com.br\/blog\/wp-content\/uploads\/2023\/05\/Vanderlei-Costa-1365x2048.jpg 1365w, https:\/\/comunicacaoestrategicacps.com.br\/blog\/wp-content\/uploads\/2023\/05\/Vanderlei-Costa-scaled.jpg 853w\" sizes=\"auto, (max-width: 683px) 100vw, 683px\" \/><\/figure>\n\n\n\n<p><em>Estabilidade aumenta n\u00famero de vagas de empregos, mas setor sofre com a falta de m\u00e3o de obra especializada<\/em><\/p>\n\n\n\n<p><strong>Campinas, 12 de junho de 2023<\/strong> \u2013 Os hot\u00e9is da Regi\u00e3o Metropolitana de Campinas (RMC) fecharam maio com 57,84% de ocupa\u00e7\u00e3o \u2013 \u00edndice ligeiramente superior ao m\u00eas de abril (57,58%). A tarifa m\u00e9dia da di\u00e1ria tamb\u00e9m registrou ligeiro aumento sobre abril (passando de R$ 327,78 para R$ 333,68), enquanto o RevPar atingiu R$ 192,39. Com a estabilidade, o setor tamb\u00e9m tem aumentado a abertura de postos de trabalho, mas esbarra na falta de m\u00e3o de obra especializada para preencher as vagas.<\/p>\n\n\n\n<p>Os n\u00fameros s\u00e3o da pesquisa mensal realizada pelo Campinas e Regi\u00e3o Convention e Visitors Bureau (CRC&amp;VB) junto aos associados. A RMC forma a Regi\u00e3o Tur\u00edstica Entrada e Bandeiras Polo Corporativo, onde est\u00e3o instalados 173 hot\u00e9is, com uma oferta de 18.062 quartos, correspondentes a 10,15% de todo o Estado de S\u00e3o Paulo.<\/p>\n\n\n\n<p>Douglas Marcondes, Diretor de Hotelaria do Campinas e Regi\u00e3o Convention e Visitors Bureau, explica que a taxa m\u00e9dia de ocupa\u00e7\u00e3o voltou a registrar eleva\u00e7\u00e3o em rela\u00e7\u00e3o abril, o que j\u00e1 era previsto pelo setor. \u201cTivemos em abril um m\u00eas prejudicado pelos feriados e a consequente queda dos eventos corporativos, que representam cerca de 80% do faturamento dos hot\u00e9is\u201d, explica.<\/p>\n\n\n\n<p>As contrata\u00e7\u00f5es \u00e9 outro indicador que refor\u00e7a o crescimento do setor hoteleiro. De janeiro a abril, os setores de hotelaria e alimenta\u00e7\u00e3o fora do lar da RMC geram 2.784 novos empregos. O n\u00famero de contrata\u00e7\u00f5es na hotelaria, por\u00e9m, poderia ser ainda melhor. \u201cAssim como a gastronomia e eventos que est\u00e3o diretamente ligadas, a hotelaria sofre com a falta de m\u00e3o de obra qualificada\u201d, afirma o presidente do Campinas e Regi\u00e3o Convention e Visitors Bureau, Vanderlei Costa.<\/p>\n\n\n\n<p>A abertura de vagas no setor \u00e9 resultado da retomada, especialmente, dos eventos de neg\u00f3cios, corporativos e culturais, desde janeiro do ano passado. \u201cAp\u00f3s a pandemia, os hot\u00e9is da regi\u00e3o tiveram que intensificar as contrata\u00e7\u00f5es de profissionais em diversas \u00e1reas para atender a alta demanda de viajantes e turistas\u201d, lembra.<\/p>\n\n\n\n<p><strong>EST\u00cdMULOS<\/strong><\/p>\n\n\n\n<p>Apesar dos bons n\u00fameros, Costa destaca tamb\u00e9m a import\u00e2ncia da Hotelaria e do turismo dentro da economia na RMC. \u201cDesde o final da pandemia, \u00e9 significativo a expans\u00e3o dos neg\u00f3cios desses setores regionalmente. O setor de eventos corporativos, carro-chefe na RMC e respons\u00e1vel por 80% da taxa de ocupa\u00e7\u00e3o dos hot\u00e9is, retomou com for\u00e7a desde o in\u00edcio de 2022\u201d, diz.<\/p>\n\n\n\n<p>\u201cAl\u00e9m do turismo de evento, j\u00e1 consolidado, precisamos que as prefeituras criem planos de incentivo ao turismo regional, com o fomento de shows, eventos culturais, rodeios e feiras de forma constante, o que trar\u00e1 impactos significativos na gera\u00e7\u00e3o de empregos em mais de 50 segmentos que est\u00e3o diretamente ligados a eles. A atra\u00e7\u00e3o de turistas e visitantes para as cidades tamb\u00e9m beneficiar\u00e1 o com\u00e9rcio, hot\u00e9is e a gastronomia regional, aumentando o movimento, a renda e arrecada\u00e7\u00e3o de tributos\u201d.<\/p>\n\n\n\n<p>O diretor de Hotelaria do CRC&amp;VB explica que o setor regional, a exemplo de outras regi\u00f5es brasileiras, est\u00e1 em um patamar de estabilidade, com vi\u00e9s de crescimento. \u201cSe olharmos para a ocupa\u00e7\u00e3o acumulada no per\u00edodo de janeiro a abril, temos uma taxa de 54,42%, contra as m\u00e9dias anuais de 50,51%, em 2019, 20,98%, em 2020, 30,77%, em 2021 e 57,99%, em 2022\u201d.<\/p>\n\n\n\n<p>Por outro lado, ele ressalta a import\u00e2ncia se se buscar, em conjunto com os setores p\u00fablicos e privados, equipamentos que reduzam a taxa de ociosidade ainda existente, entre 42% e 45%, da taxa de ocupa\u00e7\u00e3o. \u201cO setor hoteleiro s\u00f3 vai conseguir atacar essa taxa de ociosidade com a atra\u00e7\u00e3o de grandes eventos esportivos e culturais para a nossa regi\u00e3o\u201d, afirma. \u201cBasta pegar o exemplo da Festa do Pe\u00e3o de Americana, que fez com que a ocupa\u00e7\u00e3o nos finais de semana lotasse os hot\u00e9is n\u00e3o somente locais, mas como cidades no entorno, como Nova Odessa, Sumar\u00e9, Santa B\u00e1rbara D\u00b4Oeste, Paul\u00ednia e Limeira\u201d, completa.<\/p>","protected":false},"excerpt":{"rendered":"<p>Estabilidade aumenta n\u00famero de vagas de empregos, mas setor sofre com a falta de m\u00e3o de obra especializada Campinas, 12 de junho de 2023 \u2013 Os hot\u00e9is da Regi\u00e3o Metropolitana de Campinas (RMC) fecharam maio com 57,84% de ocupa\u00e7\u00e3o \u2013 \u00edndice ligeiramente superior ao m\u00eas de abril (57,58%). A tarifa m\u00e9dia da di\u00e1ria tamb\u00e9m registrou [&hellip;]<\/p>\n","protected":false},"author":1,"featured_media":2035,"comment_status":"open","ping_status":"open","sticky":true,"template":"","format":"standard","meta":{"footnotes":""},"categories":[43],"tags":[],"class_list":["post-2113","post","type-post","status-publish","format-standard","has-post-thumbnail","hentry","category-negocios-e-economia","has-post-title","has-post-date","has-post-category","has-post-tag","has-post-comment","has-post-author",""],"yoast_head":"<!-- This site is optimized with the Yoast SEO plugin v27.4 - https:\/\/yoast.com\/product\/yoast-seo-wordpress\/ -->\n<title>Hotelaria da Regi\u00e3o Metropolitana de Campinas (RMC) teve 57,84% de ocupa\u00e7\u00e3o em maio - Comunica\u00e7\u00e3o Estrat\u00e9gica<\/title>\n<meta name=\"robots\" content=\"index, follow, max-snippet:-1, max-image-preview:large, max-video-preview:-1\" \/>\n<link rel=\"canonical\" href=\"https:\/\/comunicacaoestrategicacps.com.br\/blog\/hotelaria-da-regiao-metropolitana-de-campinas-rmc-teve-5784-de-ocupacao-em-maio\/\" \/>\n<meta property=\"og:locale\" content=\"pt_BR\" \/>\n<meta property=\"og:type\" content=\"article\" \/>\n<meta property=\"og:title\" content=\"Hotelaria da Regi\u00e3o Metropolitana de Campinas (RMC) teve 57,84% de ocupa\u00e7\u00e3o em maio - Comunica\u00e7\u00e3o Estrat\u00e9gica\" \/>\n<meta property=\"og:description\" content=\"Estabilidade aumenta n\u00famero de vagas de empregos, mas setor sofre com a falta de m\u00e3o de obra especializada Campinas, 12 de junho de 2023 \u2013 Os hot\u00e9is da Regi\u00e3o Metropolitana de Campinas (RMC) fecharam maio com 57,84% de ocupa\u00e7\u00e3o \u2013 \u00edndice ligeiramente superior ao m\u00eas de abril (57,58%). A tarifa m\u00e9dia da di\u00e1ria tamb\u00e9m registrou [&hellip;]\" \/>\n<meta property=\"og:url\" content=\"https:\/\/comunicacaoestrategicacps.com.br\/blog\/hotelaria-da-regiao-metropolitana-de-campinas-rmc-teve-5784-de-ocupacao-em-maio\/\" \/>\n<meta property=\"og:site_name\" content=\"Comunica\u00e7\u00e3o Estrat\u00e9gica\" \/>\n<meta property=\"article:published_time\" content=\"2023-06-16T12:56:28+00:00\" \/>\n<meta property=\"article:modified_time\" content=\"2023-06-16T12:56:29+00:00\" \/>\n<meta property=\"og:image\" content=\"https:\/\/comunicacaoestrategicacps.com.br\/blog\/wp-content\/uploads\/2023\/05\/Vanderlei-Costa-scaled.jpg\" \/>\n\t<meta property=\"og:image:width\" content=\"853\" \/>\n\t<meta property=\"og:image:height\" content=\"1280\" \/>\n\t<meta property=\"og:image:type\" content=\"image\/jpeg\" \/>\n<meta name=\"author\" content=\"admin\" \/>\n<meta name=\"twitter:card\" content=\"summary_large_image\" \/>\n<meta name=\"twitter:label1\" content=\"Escrito por\" \/>\n\t<meta name=\"twitter:data1\" content=\"admin\" \/>\n\t<meta name=\"twitter:label2\" content=\"Est. tempo de leitura\" \/>\n\t<meta name=\"twitter:data2\" content=\"4 minutos\" \/>\n<script type=\"application\/ld+json\" class=\"yoast-schema-graph\">{\"@context\":\"https:\\\/\\\/schema.org\",\"@graph\":[{\"@type\":\"Article\",\"@id\":\"https:\\\/\\\/comunicacaoestrategicacps.com.br\\\/blog\\\/hotelaria-da-regiao-metropolitana-de-campinas-rmc-teve-5784-de-ocupacao-em-maio\\\/#article\",\"isPartOf\":{\"@id\":\"https:\\\/\\\/comunicacaoestrategicacps.com.br\\\/blog\\\/hotelaria-da-regiao-metropolitana-de-campinas-rmc-teve-5784-de-ocupacao-em-maio\\\/\"},\"author\":{\"name\":\"admin\",\"@id\":\"https:\\\/\\\/comunicacaoestrategicacps.com.br\\\/blog\\\/#\\\/schema\\\/person\\\/8d447568a01edd36a56dbbcb702b02fc\"},\"headline\":\"Hotelaria da Regi\u00e3o Metropolitana de Campinas (RMC) teve 57,84% de ocupa\u00e7\u00e3o em maio\",\"datePublished\":\"2023-06-16T12:56:28+00:00\",\"dateModified\":\"2023-06-16T12:56:29+00:00\",\"mainEntityOfPage\":{\"@id\":\"https:\\\/\\\/comunicacaoestrategicacps.com.br\\\/blog\\\/hotelaria-da-regiao-metropolitana-de-campinas-rmc-teve-5784-de-ocupacao-em-maio\\\/\"},\"wordCount\":701,\"commentCount\":0,\"image\":{\"@id\":\"https:\\\/\\\/comunicacaoestrategicacps.com.br\\\/blog\\\/hotelaria-da-regiao-metropolitana-de-campinas-rmc-teve-5784-de-ocupacao-em-maio\\\/#primaryimage\"},\"thumbnailUrl\":\"https:\\\/\\\/comunicacaoestrategicacps.com.br\\\/blog\\\/wp-content\\\/uploads\\\/2023\\\/05\\\/Vanderlei-Costa-scaled.jpg\",\"articleSection\":[\"Neg\u00f3cios e Economia\"],\"inLanguage\":\"pt-BR\",\"potentialAction\":[{\"@type\":\"CommentAction\",\"name\":\"Comment\",\"target\":[\"https:\\\/\\\/comunicacaoestrategicacps.com.br\\\/blog\\\/hotelaria-da-regiao-metropolitana-de-campinas-rmc-teve-5784-de-ocupacao-em-maio\\\/#respond\"]}]},{\"@type\":\"WebPage\",\"@id\":\"https:\\\/\\\/comunicacaoestrategicacps.com.br\\\/blog\\\/hotelaria-da-regiao-metropolitana-de-campinas-rmc-teve-5784-de-ocupacao-em-maio\\\/\",\"url\":\"https:\\\/\\\/comunicacaoestrategicacps.com.br\\\/blog\\\/hotelaria-da-regiao-metropolitana-de-campinas-rmc-teve-5784-de-ocupacao-em-maio\\\/\",\"name\":\"Hotelaria da Regi\u00e3o Metropolitana de Campinas (RMC) teve 57,84% de ocupa\u00e7\u00e3o em maio - Comunica\u00e7\u00e3o Estrat\u00e9gica\",\"isPartOf\":{\"@id\":\"https:\\\/\\\/comunicacaoestrategicacps.com.br\\\/blog\\\/#website\"},\"primaryImageOfPage\":{\"@id\":\"https:\\\/\\\/comunicacaoestrategicacps.com.br\\\/blog\\\/hotelaria-da-regiao-metropolitana-de-campinas-rmc-teve-5784-de-ocupacao-em-maio\\\/#primaryimage\"},\"image\":{\"@id\":\"https:\\\/\\\/comunicacaoestrategicacps.com.br\\\/blog\\\/hotelaria-da-regiao-metropolitana-de-campinas-rmc-teve-5784-de-ocupacao-em-maio\\\/#primaryimage\"},\"thumbnailUrl\":\"https:\\\/\\\/comunicacaoestrategicacps.com.br\\\/blog\\\/wp-content\\\/uploads\\\/2023\\\/05\\\/Vanderlei-Costa-scaled.jpg\",\"datePublished\":\"2023-06-16T12:56:28+00:00\",\"dateModified\":\"2023-06-16T12:56:29+00:00\",\"author\":{\"@id\":\"https:\\\/\\\/comunicacaoestrategicacps.com.br\\\/blog\\\/#\\\/schema\\\/person\\\/8d447568a01edd36a56dbbcb702b02fc\"},\"breadcrumb\":{\"@id\":\"https:\\\/\\\/comunicacaoestrategicacps.com.br\\\/blog\\\/hotelaria-da-regiao-metropolitana-de-campinas-rmc-teve-5784-de-ocupacao-em-maio\\\/#breadcrumb\"},\"inLanguage\":\"pt-BR\",\"potentialAction\":[{\"@type\":\"ReadAction\",\"target\":[\"https:\\\/\\\/comunicacaoestrategicacps.com.br\\\/blog\\\/hotelaria-da-regiao-metropolitana-de-campinas-rmc-teve-5784-de-ocupacao-em-maio\\\/\"]}]},{\"@type\":\"ImageObject\",\"inLanguage\":\"pt-BR\",\"@id\":\"https:\\\/\\\/comunicacaoestrategicacps.com.br\\\/blog\\\/hotelaria-da-regiao-metropolitana-de-campinas-rmc-teve-5784-de-ocupacao-em-maio\\\/#primaryimage\",\"url\":\"https:\\\/\\\/comunicacaoestrategicacps.com.br\\\/blog\\\/wp-content\\\/uploads\\\/2023\\\/05\\\/Vanderlei-Costa-scaled.jpg\",\"contentUrl\":\"https:\\\/\\\/comunicacaoestrategicacps.com.br\\\/blog\\\/wp-content\\\/uploads\\\/2023\\\/05\\\/Vanderlei-Costa-scaled.jpg\",\"width\":853,\"height\":1280},{\"@type\":\"BreadcrumbList\",\"@id\":\"https:\\\/\\\/comunicacaoestrategicacps.com.br\\\/blog\\\/hotelaria-da-regiao-metropolitana-de-campinas-rmc-teve-5784-de-ocupacao-em-maio\\\/#breadcrumb\",\"itemListElement\":[{\"@type\":\"ListItem\",\"position\":1,\"name\":\"In\u00edcio\",\"item\":\"https:\\\/\\\/comunicacaoestrategicacps.com.br\\\/blog\\\/\"},{\"@type\":\"ListItem\",\"position\":2,\"name\":\"Hotelaria da Regi\u00e3o Metropolitana de Campinas (RMC) teve 57,84% de ocupa\u00e7\u00e3o em maio\"}]},{\"@type\":\"WebSite\",\"@id\":\"https:\\\/\\\/comunicacaoestrategicacps.com.br\\\/blog\\\/#website\",\"url\":\"https:\\\/\\\/comunicacaoestrategicacps.com.br\\\/blog\\\/\",\"name\":\"Comunica\u00e7\u00e3o Estrat\u00e9gica\",\"description\":\"Comunica\u00e7\u00e3o Estrat\u00e9gica  - Assessoria de Imprensa\",\"potentialAction\":[{\"@type\":\"SearchAction\",\"target\":{\"@type\":\"EntryPoint\",\"urlTemplate\":\"https:\\\/\\\/comunicacaoestrategicacps.com.br\\\/blog\\\/?s={search_term_string}\"},\"query-input\":{\"@type\":\"PropertyValueSpecification\",\"valueRequired\":true,\"valueName\":\"search_term_string\"}}],\"inLanguage\":\"pt-BR\"},{\"@type\":\"Person\",\"@id\":\"https:\\\/\\\/comunicacaoestrategicacps.com.br\\\/blog\\\/#\\\/schema\\\/person\\\/8d447568a01edd36a56dbbcb702b02fc\",\"name\":\"admin\",\"image\":{\"@type\":\"ImageObject\",\"inLanguage\":\"pt-BR\",\"@id\":\"https:\\\/\\\/secure.gravatar.com\\\/avatar\\\/2cc026ea89b57b9d913d4ce5b90a0490046c0c9048a129e24cc44313a90d3f77?s=96&d=mm&r=g\",\"url\":\"https:\\\/\\\/secure.gravatar.com\\\/avatar\\\/2cc026ea89b57b9d913d4ce5b90a0490046c0c9048a129e24cc44313a90d3f77?s=96&d=mm&r=g\",\"contentUrl\":\"https:\\\/\\\/secure.gravatar.com\\\/avatar\\\/2cc026ea89b57b9d913d4ce5b90a0490046c0c9048a129e24cc44313a90d3f77?s=96&d=mm&r=g\",\"caption\":\"admin\"},\"url\":\"https:\\\/\\\/comunicacaoestrategicacps.com.br\\\/blog\\\/author\\\/admin\\\/\"}]}<\/script>\n<!-- \/ Yoast SEO plugin. -->","yoast_head_json":{"title":"Hotelaria da Regi\u00e3o Metropolitana de Campinas (RMC) teve 57,84% de ocupa\u00e7\u00e3o em maio - Comunica\u00e7\u00e3o Estrat\u00e9gica","robots":{"index":"index","follow":"follow","max-snippet":"max-snippet:-1","max-image-preview":"max-image-preview:large","max-video-preview":"max-video-preview:-1"},"canonical":"https:\/\/comunicacaoestrategicacps.com.br\/blog\/hotelaria-da-regiao-metropolitana-de-campinas-rmc-teve-5784-de-ocupacao-em-maio\/","og_locale":"pt_BR","og_type":"article","og_title":"Hotelaria da Regi\u00e3o Metropolitana de Campinas (RMC) teve 57,84% de ocupa\u00e7\u00e3o em maio - Comunica\u00e7\u00e3o Estrat\u00e9gica","og_description":"Estabilidade aumenta n\u00famero de vagas de empregos, mas setor sofre com a falta de m\u00e3o de obra especializada Campinas, 12 de junho de 2023 \u2013 Os hot\u00e9is da Regi\u00e3o Metropolitana de Campinas (RMC) fecharam maio com 57,84% de ocupa\u00e7\u00e3o \u2013 \u00edndice ligeiramente superior ao m\u00eas de abril (57,58%). A tarifa m\u00e9dia da di\u00e1ria tamb\u00e9m registrou [&hellip;]","og_url":"https:\/\/comunicacaoestrategicacps.com.br\/blog\/hotelaria-da-regiao-metropolitana-de-campinas-rmc-teve-5784-de-ocupacao-em-maio\/","og_site_name":"Comunica\u00e7\u00e3o Estrat\u00e9gica","article_published_time":"2023-06-16T12:56:28+00:00","article_modified_time":"2023-06-16T12:56:29+00:00","og_image":[{"width":853,"height":1280,"url":"https:\/\/comunicacaoestrategicacps.com.br\/blog\/wp-content\/uploads\/2023\/05\/Vanderlei-Costa-scaled.jpg","type":"image\/jpeg"}],"author":"admin","twitter_card":"summary_large_image","twitter_misc":{"Escrito por":"admin","Est. tempo de leitura":"4 minutos"},"schema":{"@context":"https:\/\/schema.org","@graph":[{"@type":"Article","@id":"https:\/\/comunicacaoestrategicacps.com.br\/blog\/hotelaria-da-regiao-metropolitana-de-campinas-rmc-teve-5784-de-ocupacao-em-maio\/#article","isPartOf":{"@id":"https:\/\/comunicacaoestrategicacps.com.br\/blog\/hotelaria-da-regiao-metropolitana-de-campinas-rmc-teve-5784-de-ocupacao-em-maio\/"},"author":{"name":"admin","@id":"https:\/\/comunicacaoestrategicacps.com.br\/blog\/#\/schema\/person\/8d447568a01edd36a56dbbcb702b02fc"},"headline":"Hotelaria da Regi\u00e3o Metropolitana de Campinas (RMC) teve 57,84% de ocupa\u00e7\u00e3o em maio","datePublished":"2023-06-16T12:56:28+00:00","dateModified":"2023-06-16T12:56:29+00:00","mainEntityOfPage":{"@id":"https:\/\/comunicacaoestrategicacps.com.br\/blog\/hotelaria-da-regiao-metropolitana-de-campinas-rmc-teve-5784-de-ocupacao-em-maio\/"},"wordCount":701,"commentCount":0,"image":{"@id":"https:\/\/comunicacaoestrategicacps.com.br\/blog\/hotelaria-da-regiao-metropolitana-de-campinas-rmc-teve-5784-de-ocupacao-em-maio\/#primaryimage"},"thumbnailUrl":"https:\/\/comunicacaoestrategicacps.com.br\/blog\/wp-content\/uploads\/2023\/05\/Vanderlei-Costa-scaled.jpg","articleSection":["Neg\u00f3cios e Economia"],"inLanguage":"pt-BR","potentialAction":[{"@type":"CommentAction","name":"Comment","target":["https:\/\/comunicacaoestrategicacps.com.br\/blog\/hotelaria-da-regiao-metropolitana-de-campinas-rmc-teve-5784-de-ocupacao-em-maio\/#respond"]}]},{"@type":"WebPage","@id":"https:\/\/comunicacaoestrategicacps.com.br\/blog\/hotelaria-da-regiao-metropolitana-de-campinas-rmc-teve-5784-de-ocupacao-em-maio\/","url":"https:\/\/comunicacaoestrategicacps.com.br\/blog\/hotelaria-da-regiao-metropolitana-de-campinas-rmc-teve-5784-de-ocupacao-em-maio\/","name":"Hotelaria da Regi\u00e3o Metropolitana de Campinas (RMC) teve 57,84% de ocupa\u00e7\u00e3o em maio - Comunica\u00e7\u00e3o Estrat\u00e9gica","isPartOf":{"@id":"https:\/\/comunicacaoestrategicacps.com.br\/blog\/#website"},"primaryImageOfPage":{"@id":"https:\/\/comunicacaoestrategicacps.com.br\/blog\/hotelaria-da-regiao-metropolitana-de-campinas-rmc-teve-5784-de-ocupacao-em-maio\/#primaryimage"},"image":{"@id":"https:\/\/comunicacaoestrategicacps.com.br\/blog\/hotelaria-da-regiao-metropolitana-de-campinas-rmc-teve-5784-de-ocupacao-em-maio\/#primaryimage"},"thumbnailUrl":"https:\/\/comunicacaoestrategicacps.com.br\/blog\/wp-content\/uploads\/2023\/05\/Vanderlei-Costa-scaled.jpg","datePublished":"2023-06-16T12:56:28+00:00","dateModified":"2023-06-16T12:56:29+00:00","author":{"@id":"https:\/\/comunicacaoestrategicacps.com.br\/blog\/#\/schema\/person\/8d447568a01edd36a56dbbcb702b02fc"},"breadcrumb":{"@id":"https:\/\/comunicacaoestrategicacps.com.br\/blog\/hotelaria-da-regiao-metropolitana-de-campinas-rmc-teve-5784-de-ocupacao-em-maio\/#breadcrumb"},"inLanguage":"pt-BR","potentialAction":[{"@type":"ReadAction","target":["https:\/\/comunicacaoestrategicacps.com.br\/blog\/hotelaria-da-regiao-metropolitana-de-campinas-rmc-teve-5784-de-ocupacao-em-maio\/"]}]},{"@type":"ImageObject","inLanguage":"pt-BR","@id":"https:\/\/comunicacaoestrategicacps.com.br\/blog\/hotelaria-da-regiao-metropolitana-de-campinas-rmc-teve-5784-de-ocupacao-em-maio\/#primaryimage","url":"https:\/\/comunicacaoestrategicacps.com.br\/blog\/wp-content\/uploads\/2023\/05\/Vanderlei-Costa-scaled.jpg","contentUrl":"https:\/\/comunicacaoestrategicacps.com.br\/blog\/wp-content\/uploads\/2023\/05\/Vanderlei-Costa-scaled.jpg","width":853,"height":1280},{"@type":"BreadcrumbList","@id":"https:\/\/comunicacaoestrategicacps.com.br\/blog\/hotelaria-da-regiao-metropolitana-de-campinas-rmc-teve-5784-de-ocupacao-em-maio\/#breadcrumb","itemListElement":[{"@type":"ListItem","position":1,"name":"In\u00edcio","item":"https:\/\/comunicacaoestrategicacps.com.br\/blog\/"},{"@type":"ListItem","position":2,"name":"Hotelaria da Regi\u00e3o Metropolitana de Campinas (RMC) teve 57,84% de ocupa\u00e7\u00e3o em maio"}]},{"@type":"WebSite","@id":"https:\/\/comunicacaoestrategicacps.com.br\/blog\/#website","url":"https:\/\/comunicacaoestrategicacps.com.br\/blog\/","name":"Comunica\u00e7\u00e3o Estrat\u00e9gica","description":"Comunica\u00e7\u00e3o Estrat\u00e9gica  - Assessoria de Imprensa","potentialAction":[{"@type":"SearchAction","target":{"@type":"EntryPoint","urlTemplate":"https:\/\/comunicacaoestrategicacps.com.br\/blog\/?s={search_term_string}"},"query-input":{"@type":"PropertyValueSpecification","valueRequired":true,"valueName":"search_term_string"}}],"inLanguage":"pt-BR"},{"@type":"Person","@id":"https:\/\/comunicacaoestrategicacps.com.br\/blog\/#\/schema\/person\/8d447568a01edd36a56dbbcb702b02fc","name":"admin","image":{"@type":"ImageObject","inLanguage":"pt-BR","@id":"https:\/\/secure.gravatar.com\/avatar\/2cc026ea89b57b9d913d4ce5b90a0490046c0c9048a129e24cc44313a90d3f77?s=96&d=mm&r=g","url":"https:\/\/secure.gravatar.com\/avatar\/2cc026ea89b57b9d913d4ce5b90a0490046c0c9048a129e24cc44313a90d3f77?s=96&d=mm&r=g","contentUrl":"https:\/\/secure.gravatar.com\/avatar\/2cc026ea89b57b9d913d4ce5b90a0490046c0c9048a129e24cc44313a90d3f77?s=96&d=mm&r=g","caption":"admin"},"url":"https:\/\/comunicacaoestrategicacps.com.br\/blog\/author\/admin\/"}]}},"builder_content":"","_links":{"self":[{"href":"https:\/\/comunicacaoestrategicacps.com.br\/blog\/wp-json\/wp\/v2\/posts\/2113","targetHints":{"allow":["GET"]}}],"collection":[{"href":"https:\/\/comunicacaoestrategicacps.com.br\/blog\/wp-json\/wp\/v2\/posts"}],"about":[{"href":"https:\/\/comunicacaoestrategicacps.com.br\/blog\/wp-json\/wp\/v2\/types\/post"}],"author":[{"embeddable":true,"href":"https:\/\/comunicacaoestrategicacps.com.br\/blog\/wp-json\/wp\/v2\/users\/1"}],"replies":[{"embeddable":true,"href":"https:\/\/comunicacaoestrategicacps.com.br\/blog\/wp-json\/wp\/v2\/comments?post=2113"}],"version-history":[{"count":2,"href":"https:\/\/comunicacaoestrategicacps.com.br\/blog\/wp-json\/wp\/v2\/posts\/2113\/revisions"}],"predecessor-version":[{"id":2115,"href":"https:\/\/comunicacaoestrategicacps.com.br\/blog\/wp-json\/wp\/v2\/posts\/2113\/revisions\/2115"}],"wp:featuredmedia":[{"embeddable":true,"href":"https:\/\/comunicacaoestrategicacps.com.br\/blog\/wp-json\/wp\/v2\/media\/2035"}],"wp:attachment":[{"href":"https:\/\/comunicacaoestrategicacps.com.br\/blog\/wp-json\/wp\/v2\/media?parent=2113"}],"wp:term":[{"taxonomy":"category","embeddable":true,"href":"https:\/\/comunicacaoestrategicacps.com.br\/blog\/wp-json\/wp\/v2\/categories?post=2113"},{"taxonomy":"post_tag","embeddable":true,"href":"https:\/\/comunicacaoestrategicacps.com.br\/blog\/wp-json\/wp\/v2\/tags?post=2113"}],"curies":[{"name":"wp","href":"https:\/\/api.w.org\/{rel}","templated":true}]}}