{"id":2119,"date":"2023-06-16T10:00:44","date_gmt":"2023-06-16T13:00:44","guid":{"rendered":"https:\/\/comunicacaoestrategicacps.com.br\/blog\/?p=2119"},"modified":"2023-06-16T10:00:44","modified_gmt":"2023-06-16T13:00:44","slug":"campinas-recebe-edicao-do-ceo-forum-interior-de-sao-paulo-da-amcham-brasil-no-proximo-dia-21-de-junho-com-500-executivos","status":"publish","type":"post","link":"https:\/\/comunicacaoestrategicacps.com.br\/blog\/campinas-recebe-edicao-do-ceo-forum-interior-de-sao-paulo-da-amcham-brasil-no-proximo-dia-21-de-junho-com-500-executivos\/","title":{"rendered":"Campinas recebe edi\u00e7\u00e3o do CEO F\u00f3rum Interior de S\u00e3o Paulo da Amcham Brasil no pr\u00f3ximo dia 21 de junho, com 500 executivos"},"content":{"rendered":"<!--themify_builder_content-->\n<div id=\"themify_builder_content-2119\" data-postid=\"2119\" class=\"themify_builder_content themify_builder_content-2119 themify_builder tf_clear\">\n    <\/div>\n<!--\/themify_builder_content-->\n\n\n<figure class=\"wp-block-image size-full\"><img loading=\"lazy\" decoding=\"async\" width=\"1024\" height=\"682\" src=\"https:\/\/comunicacaoestrategicacps.com.br\/blog\/wp-content\/uploads\/2023\/06\/CEO-Forum-Campinas.jpg\" alt=\"\" class=\"wp-image-2120\" srcset=\"https:\/\/comunicacaoestrategicacps.com.br\/blog\/wp-content\/uploads\/2023\/06\/CEO-Forum-Campinas.jpg 1024w, https:\/\/comunicacaoestrategicacps.com.br\/blog\/wp-content\/uploads\/2023\/06\/CEO-Forum-Campinas-300x200.jpg 300w, https:\/\/comunicacaoestrategicacps.com.br\/blog\/wp-content\/uploads\/2023\/06\/CEO-Forum-Campinas-768x512.jpg 768w\" sizes=\"auto, (max-width: 1024px) 100vw, 1024px\" \/><\/figure>\n\n\n\n<p><em>Principal encontro de l\u00edderes empresariais do Interior, o evento desse ano ter\u00e1 como tema Lideran\u00e7a Consciente e palestra internacional com Ravin Jesuthasan, L\u00edder de Transforma\u00e7\u00e3o Global, Mercer e autor de Best-seller do Wall Street Journal Trabalhe sem empregos<\/em><\/p>\n\n\n\n<p>Campinas, 14 de junho de 2023 &#8211; A Amcham Brasil promove, em Campinas, no pr\u00f3ximo dia 21 de junho, a edi\u00e7\u00e3o 2023 do CEO F\u00f3rum Interior de S\u00e3o Paulo, o principal encontro de l\u00edderes empresariais do Interior do Estado. O encontro, que acontece no Iguatemi Campinas, reunir\u00e1 500 executivos. Neste ano, o tema do CEO F\u00f3rum Interior de S\u00e3o Paulo ser\u00e1 Lideran\u00e7a Consciente, com palestras e pain\u00e9is com participa\u00e7\u00f5es de CEO de empresas nacional e multinacionais, al\u00e9m da presen\u00e7a internacional de Ravin Jesuthasan, L\u00edder de Transforma\u00e7\u00e3o Global, Mercer e autor de Best-seller do Wall Street Journal Trabalhe sem empregos, e que foi um dos Speaker no WEF deste ano em Davos.&nbsp;<\/p>\n\n\n\n<p>O objetivo do encontro ser\u00e1 debater o tema \u201cLideran\u00e7a Consciente\u201d, novo modelo de gest\u00e3o que busca unir aspectos como prop\u00f3sito, transpar\u00eancia, responsabilidade, inova\u00e7\u00e3o, vis\u00e3o a longo prazo e valoriza\u00e7\u00e3o do time.<\/p>\n\n\n\n<p>Pesquisa in\u00e9dita da Amcham Brasil com mais de 763 respondentes, maioria altas lideran\u00e7as de grandes e empresas, identificou que os executivos brasileiros precisar\u00e3o transformar seu estilo de gest\u00e3o, incorporando atributos humanos de maior flexibilidade, colabora\u00e7\u00e3o e criatividade.<\/p>\n\n\n\n<p>Segundo 54% dos executivos brasileiros, a prioridade n\u00famero 1 para a lideran\u00e7a do futuro ser\u00e1 o desenvolvimento de pessoas. Seguida pelo fortalecimento dos relacionamentos com clientes, fornecedores e demais stakeholders (44%), e a ado\u00e7\u00e3o de novas tecnologias e m\u00e9todos de trabalho (39%).<\/p>\n\n\n\n<p>Entre os aspectos apontados como necess\u00e1rios para o aprimoramento desses l\u00edderes, destacam-se: capacidade de adapta\u00e7\u00e3o e flexibilidade (40%), inova\u00e7\u00e3o e criatividade na resolu\u00e7\u00e3o de problemas (39%) e ainda o alinhamento entre prop\u00f3sito, valores e cultura (37%). Moldando assim, um ambiente de maior flexibilidade, colabora\u00e7\u00e3o e criatividade. Os dados completos ser\u00e3o apresentados e disponibilizados na abertura do CEO F\u00d3RUM Interior de S\u00e3o Paulo<\/p>\n\n\n\n<p>AGENDA<\/p>\n\n\n\n<p>13h30 &#8211; Credenciamento<\/p>\n\n\n\n<p>14h30 &#8211; Abertura Amcham Panorama da Lideran\u00e7a<\/p>\n\n\n\n<p>14h50 &#8211; Palestrante: Leon Kaiser, S\u00f3cio Fundador, Flowin3 e ex vice-presidente s\u00eanior de ferramentas el\u00e9tricas na Bosch<\/p>\n\n\n\n<p><strong>15h &#8211; Painel | Despertando a Consci\u00eancia na Lideran\u00e7a: Como Liderar com Empatia, Prop\u00f3sito e Impacto Positivo<\/strong><\/p>\n\n\n\n<p>Painelista:<br>Paulo Sales, Presidente do Conselho, Rede Moura<\/p>\n\n\n\n<p>Ana Oliva Bologna, Presidente do Conselho, Astra<\/p>\n\n\n\n<p>Marco Tulio, Founder, Raccoon Digital Marketing&nbsp;<\/p>\n\n\n\n<p>Abr\u00e3o Neto, CEO, Amcham Brasil<\/p>\n\n\n\n<p><strong>16h50 &#8211; Painel | Construindo um Futuro do Trabalho Mais Humano: O Papel Da Lideran\u00e7a Consciente na Transforma\u00e7\u00e3o das Organiza\u00e7\u00f5es<\/strong><\/p>\n\n\n\n<p>Moderador:<br>Ravin Jesuthasan, L\u00edder de Transforma\u00e7\u00e3o Global, Mercer e autor de Best-seller do Wall Street Journal Trabalhe sem empregos. Speaker no WEF deste ano em Davos<\/p>\n\n\n\n<p>Painelista:<br>Viveka Kaitila, Presidente GE Brasil<\/p>\n\n\n\n<p>Javier Consante, LLA Presidente Dow<\/p>\n\n\n\n<p><strong>17h40 &#8211; Palestra Especial de Encerramento | Transforming For The Future Of Work.<\/strong><\/p>\n\n\n\n<p>Palestrante:<br>Ravin Jesuthasan, L\u00edder de Transforma\u00e7\u00e3o Global, Mercer e autor de Best-seller do Wall Street Journal Trabalhe sem empregos. Speaker no WEF deste ano em Davos.&nbsp;<\/p>\n\n\n\n<p><strong>SOBRE A AMCHAM CAMPINAS<\/strong><\/p>\n\n\n\n<p>Inaugurada em 2001, a Amcham Campinas foi a primeira unidade regional da Amcham Brasil no interior paulista. O escrit\u00f3rio hoje conta com um quadro de 660 empresas associadas, na maior parte atuantes nos setores automotivo, industrial e de servi\u00e7os. No ano, s\u00e3o mais de 250 atividades com um p\u00fablico total de quase 11 mil executivos.<\/p>","protected":false},"excerpt":{"rendered":"<p>Principal encontro de l\u00edderes empresariais do Interior, o evento desse ano ter\u00e1 como tema Lideran\u00e7a Consciente e palestra internacional com Ravin Jesuthasan, L\u00edder de Transforma\u00e7\u00e3o Global, Mercer e autor de Best-seller do Wall Street Journal Trabalhe sem empregos Campinas, 14 de junho de 2023 &#8211; A Amcham Brasil promove, em Campinas, no pr\u00f3ximo dia 21 [&hellip;]<\/p>\n","protected":false},"author":1,"featured_media":2121,"comment_status":"open","ping_status":"open","sticky":true,"template":"","format":"standard","meta":{"footnotes":""},"categories":[43],"tags":[],"class_list":["post-2119","post","type-post","status-publish","format-standard","has-post-thumbnail","hentry","category-negocios-e-economia","has-post-title","has-post-date","has-post-category","has-post-tag","has-post-comment","has-post-author",""],"yoast_head":"<!-- This site is optimized with the Yoast SEO plugin v27.4 - https:\/\/yoast.com\/product\/yoast-seo-wordpress\/ -->\n<title>Campinas recebe edi\u00e7\u00e3o do CEO F\u00f3rum Interior de S\u00e3o Paulo da Amcham Brasil no pr\u00f3ximo dia 21 de junho, com 500 executivos - Comunica\u00e7\u00e3o Estrat\u00e9gica<\/title>\n<meta name=\"robots\" content=\"index, follow, max-snippet:-1, max-image-preview:large, max-video-preview:-1\" \/>\n<link rel=\"canonical\" href=\"https:\/\/comunicacaoestrategicacps.com.br\/blog\/campinas-recebe-edicao-do-ceo-forum-interior-de-sao-paulo-da-amcham-brasil-no-proximo-dia-21-de-junho-com-500-executivos\/\" \/>\n<meta property=\"og:locale\" content=\"pt_BR\" \/>\n<meta property=\"og:type\" content=\"article\" \/>\n<meta property=\"og:title\" content=\"Campinas recebe edi\u00e7\u00e3o do CEO F\u00f3rum Interior de S\u00e3o Paulo da Amcham Brasil no pr\u00f3ximo dia 21 de junho, com 500 executivos - Comunica\u00e7\u00e3o Estrat\u00e9gica\" \/>\n<meta property=\"og:description\" content=\"Principal encontro de l\u00edderes empresariais do Interior, o evento desse ano ter\u00e1 como tema Lideran\u00e7a Consciente e palestra internacional com Ravin Jesuthasan, L\u00edder de Transforma\u00e7\u00e3o Global, Mercer e autor de Best-seller do Wall Street Journal Trabalhe sem empregos Campinas, 14 de junho de 2023 &#8211; A Amcham Brasil promove, em Campinas, no pr\u00f3ximo dia 21 [&hellip;]\" \/>\n<meta property=\"og:url\" content=\"https:\/\/comunicacaoestrategicacps.com.br\/blog\/campinas-recebe-edicao-do-ceo-forum-interior-de-sao-paulo-da-amcham-brasil-no-proximo-dia-21-de-junho-com-500-executivos\/\" \/>\n<meta property=\"og:site_name\" content=\"Comunica\u00e7\u00e3o Estrat\u00e9gica\" \/>\n<meta property=\"article:published_time\" content=\"2023-06-16T13:00:44+00:00\" \/>\n<meta property=\"og:image\" content=\"https:\/\/comunicacaoestrategicacps.com.br\/blog\/wp-content\/uploads\/2023\/06\/ravin.jpg\" \/>\n\t<meta property=\"og:image:width\" content=\"800\" \/>\n\t<meta property=\"og:image:height\" content=\"386\" \/>\n\t<meta property=\"og:image:type\" content=\"image\/jpeg\" \/>\n<meta name=\"author\" content=\"admin\" \/>\n<meta name=\"twitter:card\" content=\"summary_large_image\" \/>\n<meta name=\"twitter:label1\" content=\"Escrito por\" \/>\n\t<meta name=\"twitter:data1\" content=\"admin\" \/>\n\t<meta name=\"twitter:label2\" content=\"Est. tempo de leitura\" \/>\n\t<meta name=\"twitter:data2\" content=\"4 minutos\" \/>\n<script type=\"application\/ld+json\" class=\"yoast-schema-graph\">{\"@context\":\"https:\\\/\\\/schema.org\",\"@graph\":[{\"@type\":\"Article\",\"@id\":\"https:\\\/\\\/comunicacaoestrategicacps.com.br\\\/blog\\\/campinas-recebe-edicao-do-ceo-forum-interior-de-sao-paulo-da-amcham-brasil-no-proximo-dia-21-de-junho-com-500-executivos\\\/#article\",\"isPartOf\":{\"@id\":\"https:\\\/\\\/comunicacaoestrategicacps.com.br\\\/blog\\\/campinas-recebe-edicao-do-ceo-forum-interior-de-sao-paulo-da-amcham-brasil-no-proximo-dia-21-de-junho-com-500-executivos\\\/\"},\"author\":{\"name\":\"admin\",\"@id\":\"https:\\\/\\\/comunicacaoestrategicacps.com.br\\\/blog\\\/#\\\/schema\\\/person\\\/8d447568a01edd36a56dbbcb702b02fc\"},\"headline\":\"Campinas recebe edi\u00e7\u00e3o do CEO F\u00f3rum Interior de S\u00e3o Paulo da Amcham Brasil no pr\u00f3ximo dia 21 de junho, com 500 executivos\",\"datePublished\":\"2023-06-16T13:00:44+00:00\",\"mainEntityOfPage\":{\"@id\":\"https:\\\/\\\/comunicacaoestrategicacps.com.br\\\/blog\\\/campinas-recebe-edicao-do-ceo-forum-interior-de-sao-paulo-da-amcham-brasil-no-proximo-dia-21-de-junho-com-500-executivos\\\/\"},\"wordCount\":617,\"commentCount\":0,\"image\":{\"@id\":\"https:\\\/\\\/comunicacaoestrategicacps.com.br\\\/blog\\\/campinas-recebe-edicao-do-ceo-forum-interior-de-sao-paulo-da-amcham-brasil-no-proximo-dia-21-de-junho-com-500-executivos\\\/#primaryimage\"},\"thumbnailUrl\":\"https:\\\/\\\/comunicacaoestrategicacps.com.br\\\/blog\\\/wp-content\\\/uploads\\\/2023\\\/06\\\/ravin.jpg\",\"articleSection\":[\"Neg\u00f3cios e Economia\"],\"inLanguage\":\"pt-BR\",\"potentialAction\":[{\"@type\":\"CommentAction\",\"name\":\"Comment\",\"target\":[\"https:\\\/\\\/comunicacaoestrategicacps.com.br\\\/blog\\\/campinas-recebe-edicao-do-ceo-forum-interior-de-sao-paulo-da-amcham-brasil-no-proximo-dia-21-de-junho-com-500-executivos\\\/#respond\"]}]},{\"@type\":\"WebPage\",\"@id\":\"https:\\\/\\\/comunicacaoestrategicacps.com.br\\\/blog\\\/campinas-recebe-edicao-do-ceo-forum-interior-de-sao-paulo-da-amcham-brasil-no-proximo-dia-21-de-junho-com-500-executivos\\\/\",\"url\":\"https:\\\/\\\/comunicacaoestrategicacps.com.br\\\/blog\\\/campinas-recebe-edicao-do-ceo-forum-interior-de-sao-paulo-da-amcham-brasil-no-proximo-dia-21-de-junho-com-500-executivos\\\/\",\"name\":\"Campinas recebe edi\u00e7\u00e3o do CEO F\u00f3rum Interior de S\u00e3o Paulo da Amcham Brasil no pr\u00f3ximo dia 21 de junho, com 500 executivos - Comunica\u00e7\u00e3o Estrat\u00e9gica\",\"isPartOf\":{\"@id\":\"https:\\\/\\\/comunicacaoestrategicacps.com.br\\\/blog\\\/#website\"},\"primaryImageOfPage\":{\"@id\":\"https:\\\/\\\/comunicacaoestrategicacps.com.br\\\/blog\\\/campinas-recebe-edicao-do-ceo-forum-interior-de-sao-paulo-da-amcham-brasil-no-proximo-dia-21-de-junho-com-500-executivos\\\/#primaryimage\"},\"image\":{\"@id\":\"https:\\\/\\\/comunicacaoestrategicacps.com.br\\\/blog\\\/campinas-recebe-edicao-do-ceo-forum-interior-de-sao-paulo-da-amcham-brasil-no-proximo-dia-21-de-junho-com-500-executivos\\\/#primaryimage\"},\"thumbnailUrl\":\"https:\\\/\\\/comunicacaoestrategicacps.com.br\\\/blog\\\/wp-content\\\/uploads\\\/2023\\\/06\\\/ravin.jpg\",\"datePublished\":\"2023-06-16T13:00:44+00:00\",\"author\":{\"@id\":\"https:\\\/\\\/comunicacaoestrategicacps.com.br\\\/blog\\\/#\\\/schema\\\/person\\\/8d447568a01edd36a56dbbcb702b02fc\"},\"breadcrumb\":{\"@id\":\"https:\\\/\\\/comunicacaoestrategicacps.com.br\\\/blog\\\/campinas-recebe-edicao-do-ceo-forum-interior-de-sao-paulo-da-amcham-brasil-no-proximo-dia-21-de-junho-com-500-executivos\\\/#breadcrumb\"},\"inLanguage\":\"pt-BR\",\"potentialAction\":[{\"@type\":\"ReadAction\",\"target\":[\"https:\\\/\\\/comunicacaoestrategicacps.com.br\\\/blog\\\/campinas-recebe-edicao-do-ceo-forum-interior-de-sao-paulo-da-amcham-brasil-no-proximo-dia-21-de-junho-com-500-executivos\\\/\"]}]},{\"@type\":\"ImageObject\",\"inLanguage\":\"pt-BR\",\"@id\":\"https:\\\/\\\/comunicacaoestrategicacps.com.br\\\/blog\\\/campinas-recebe-edicao-do-ceo-forum-interior-de-sao-paulo-da-amcham-brasil-no-proximo-dia-21-de-junho-com-500-executivos\\\/#primaryimage\",\"url\":\"https:\\\/\\\/comunicacaoestrategicacps.com.br\\\/blog\\\/wp-content\\\/uploads\\\/2023\\\/06\\\/ravin.jpg\",\"contentUrl\":\"https:\\\/\\\/comunicacaoestrategicacps.com.br\\\/blog\\\/wp-content\\\/uploads\\\/2023\\\/06\\\/ravin.jpg\",\"width\":800,\"height\":386},{\"@type\":\"BreadcrumbList\",\"@id\":\"https:\\\/\\\/comunicacaoestrategicacps.com.br\\\/blog\\\/campinas-recebe-edicao-do-ceo-forum-interior-de-sao-paulo-da-amcham-brasil-no-proximo-dia-21-de-junho-com-500-executivos\\\/#breadcrumb\",\"itemListElement\":[{\"@type\":\"ListItem\",\"position\":1,\"name\":\"In\u00edcio\",\"item\":\"https:\\\/\\\/comunicacaoestrategicacps.com.br\\\/blog\\\/\"},{\"@type\":\"ListItem\",\"position\":2,\"name\":\"Campinas recebe edi\u00e7\u00e3o do CEO F\u00f3rum Interior de S\u00e3o Paulo da Amcham Brasil no pr\u00f3ximo dia 21 de junho, com 500 executivos\"}]},{\"@type\":\"WebSite\",\"@id\":\"https:\\\/\\\/comunicacaoestrategicacps.com.br\\\/blog\\\/#website\",\"url\":\"https:\\\/\\\/comunicacaoestrategicacps.com.br\\\/blog\\\/\",\"name\":\"Comunica\u00e7\u00e3o Estrat\u00e9gica\",\"description\":\"Comunica\u00e7\u00e3o Estrat\u00e9gica  - Assessoria de Imprensa\",\"potentialAction\":[{\"@type\":\"SearchAction\",\"target\":{\"@type\":\"EntryPoint\",\"urlTemplate\":\"https:\\\/\\\/comunicacaoestrategicacps.com.br\\\/blog\\\/?s={search_term_string}\"},\"query-input\":{\"@type\":\"PropertyValueSpecification\",\"valueRequired\":true,\"valueName\":\"search_term_string\"}}],\"inLanguage\":\"pt-BR\"},{\"@type\":\"Person\",\"@id\":\"https:\\\/\\\/comunicacaoestrategicacps.com.br\\\/blog\\\/#\\\/schema\\\/person\\\/8d447568a01edd36a56dbbcb702b02fc\",\"name\":\"admin\",\"image\":{\"@type\":\"ImageObject\",\"inLanguage\":\"pt-BR\",\"@id\":\"https:\\\/\\\/secure.gravatar.com\\\/avatar\\\/2cc026ea89b57b9d913d4ce5b90a0490046c0c9048a129e24cc44313a90d3f77?s=96&d=mm&r=g\",\"url\":\"https:\\\/\\\/secure.gravatar.com\\\/avatar\\\/2cc026ea89b57b9d913d4ce5b90a0490046c0c9048a129e24cc44313a90d3f77?s=96&d=mm&r=g\",\"contentUrl\":\"https:\\\/\\\/secure.gravatar.com\\\/avatar\\\/2cc026ea89b57b9d913d4ce5b90a0490046c0c9048a129e24cc44313a90d3f77?s=96&d=mm&r=g\",\"caption\":\"admin\"},\"url\":\"https:\\\/\\\/comunicacaoestrategicacps.com.br\\\/blog\\\/author\\\/admin\\\/\"}]}<\/script>\n<!-- \/ Yoast SEO plugin. -->","yoast_head_json":{"title":"Campinas recebe edi\u00e7\u00e3o do CEO F\u00f3rum Interior de S\u00e3o Paulo da Amcham Brasil no pr\u00f3ximo dia 21 de junho, com 500 executivos - Comunica\u00e7\u00e3o Estrat\u00e9gica","robots":{"index":"index","follow":"follow","max-snippet":"max-snippet:-1","max-image-preview":"max-image-preview:large","max-video-preview":"max-video-preview:-1"},"canonical":"https:\/\/comunicacaoestrategicacps.com.br\/blog\/campinas-recebe-edicao-do-ceo-forum-interior-de-sao-paulo-da-amcham-brasil-no-proximo-dia-21-de-junho-com-500-executivos\/","og_locale":"pt_BR","og_type":"article","og_title":"Campinas recebe edi\u00e7\u00e3o do CEO F\u00f3rum Interior de S\u00e3o Paulo da Amcham Brasil no pr\u00f3ximo dia 21 de junho, com 500 executivos - Comunica\u00e7\u00e3o Estrat\u00e9gica","og_description":"Principal encontro de l\u00edderes empresariais do Interior, o evento desse ano ter\u00e1 como tema Lideran\u00e7a Consciente e palestra internacional com Ravin Jesuthasan, L\u00edder de Transforma\u00e7\u00e3o Global, Mercer e autor de Best-seller do Wall Street Journal Trabalhe sem empregos Campinas, 14 de junho de 2023 &#8211; A Amcham Brasil promove, em Campinas, no pr\u00f3ximo dia 21 [&hellip;]","og_url":"https:\/\/comunicacaoestrategicacps.com.br\/blog\/campinas-recebe-edicao-do-ceo-forum-interior-de-sao-paulo-da-amcham-brasil-no-proximo-dia-21-de-junho-com-500-executivos\/","og_site_name":"Comunica\u00e7\u00e3o Estrat\u00e9gica","article_published_time":"2023-06-16T13:00:44+00:00","og_image":[{"width":800,"height":386,"url":"https:\/\/comunicacaoestrategicacps.com.br\/blog\/wp-content\/uploads\/2023\/06\/ravin.jpg","type":"image\/jpeg"}],"author":"admin","twitter_card":"summary_large_image","twitter_misc":{"Escrito por":"admin","Est. tempo de leitura":"4 minutos"},"schema":{"@context":"https:\/\/schema.org","@graph":[{"@type":"Article","@id":"https:\/\/comunicacaoestrategicacps.com.br\/blog\/campinas-recebe-edicao-do-ceo-forum-interior-de-sao-paulo-da-amcham-brasil-no-proximo-dia-21-de-junho-com-500-executivos\/#article","isPartOf":{"@id":"https:\/\/comunicacaoestrategicacps.com.br\/blog\/campinas-recebe-edicao-do-ceo-forum-interior-de-sao-paulo-da-amcham-brasil-no-proximo-dia-21-de-junho-com-500-executivos\/"},"author":{"name":"admin","@id":"https:\/\/comunicacaoestrategicacps.com.br\/blog\/#\/schema\/person\/8d447568a01edd36a56dbbcb702b02fc"},"headline":"Campinas recebe edi\u00e7\u00e3o do CEO F\u00f3rum Interior de S\u00e3o Paulo da Amcham Brasil no pr\u00f3ximo dia 21 de junho, com 500 executivos","datePublished":"2023-06-16T13:00:44+00:00","mainEntityOfPage":{"@id":"https:\/\/comunicacaoestrategicacps.com.br\/blog\/campinas-recebe-edicao-do-ceo-forum-interior-de-sao-paulo-da-amcham-brasil-no-proximo-dia-21-de-junho-com-500-executivos\/"},"wordCount":617,"commentCount":0,"image":{"@id":"https:\/\/comunicacaoestrategicacps.com.br\/blog\/campinas-recebe-edicao-do-ceo-forum-interior-de-sao-paulo-da-amcham-brasil-no-proximo-dia-21-de-junho-com-500-executivos\/#primaryimage"},"thumbnailUrl":"https:\/\/comunicacaoestrategicacps.com.br\/blog\/wp-content\/uploads\/2023\/06\/ravin.jpg","articleSection":["Neg\u00f3cios e Economia"],"inLanguage":"pt-BR","potentialAction":[{"@type":"CommentAction","name":"Comment","target":["https:\/\/comunicacaoestrategicacps.com.br\/blog\/campinas-recebe-edicao-do-ceo-forum-interior-de-sao-paulo-da-amcham-brasil-no-proximo-dia-21-de-junho-com-500-executivos\/#respond"]}]},{"@type":"WebPage","@id":"https:\/\/comunicacaoestrategicacps.com.br\/blog\/campinas-recebe-edicao-do-ceo-forum-interior-de-sao-paulo-da-amcham-brasil-no-proximo-dia-21-de-junho-com-500-executivos\/","url":"https:\/\/comunicacaoestrategicacps.com.br\/blog\/campinas-recebe-edicao-do-ceo-forum-interior-de-sao-paulo-da-amcham-brasil-no-proximo-dia-21-de-junho-com-500-executivos\/","name":"Campinas recebe edi\u00e7\u00e3o do CEO F\u00f3rum Interior de S\u00e3o Paulo da Amcham Brasil no pr\u00f3ximo dia 21 de junho, com 500 executivos - Comunica\u00e7\u00e3o Estrat\u00e9gica","isPartOf":{"@id":"https:\/\/comunicacaoestrategicacps.com.br\/blog\/#website"},"primaryImageOfPage":{"@id":"https:\/\/comunicacaoestrategicacps.com.br\/blog\/campinas-recebe-edicao-do-ceo-forum-interior-de-sao-paulo-da-amcham-brasil-no-proximo-dia-21-de-junho-com-500-executivos\/#primaryimage"},"image":{"@id":"https:\/\/comunicacaoestrategicacps.com.br\/blog\/campinas-recebe-edicao-do-ceo-forum-interior-de-sao-paulo-da-amcham-brasil-no-proximo-dia-21-de-junho-com-500-executivos\/#primaryimage"},"thumbnailUrl":"https:\/\/comunicacaoestrategicacps.com.br\/blog\/wp-content\/uploads\/2023\/06\/ravin.jpg","datePublished":"2023-06-16T13:00:44+00:00","author":{"@id":"https:\/\/comunicacaoestrategicacps.com.br\/blog\/#\/schema\/person\/8d447568a01edd36a56dbbcb702b02fc"},"breadcrumb":{"@id":"https:\/\/comunicacaoestrategicacps.com.br\/blog\/campinas-recebe-edicao-do-ceo-forum-interior-de-sao-paulo-da-amcham-brasil-no-proximo-dia-21-de-junho-com-500-executivos\/#breadcrumb"},"inLanguage":"pt-BR","potentialAction":[{"@type":"ReadAction","target":["https:\/\/comunicacaoestrategicacps.com.br\/blog\/campinas-recebe-edicao-do-ceo-forum-interior-de-sao-paulo-da-amcham-brasil-no-proximo-dia-21-de-junho-com-500-executivos\/"]}]},{"@type":"ImageObject","inLanguage":"pt-BR","@id":"https:\/\/comunicacaoestrategicacps.com.br\/blog\/campinas-recebe-edicao-do-ceo-forum-interior-de-sao-paulo-da-amcham-brasil-no-proximo-dia-21-de-junho-com-500-executivos\/#primaryimage","url":"https:\/\/comunicacaoestrategicacps.com.br\/blog\/wp-content\/uploads\/2023\/06\/ravin.jpg","contentUrl":"https:\/\/comunicacaoestrategicacps.com.br\/blog\/wp-content\/uploads\/2023\/06\/ravin.jpg","width":800,"height":386},{"@type":"BreadcrumbList","@id":"https:\/\/comunicacaoestrategicacps.com.br\/blog\/campinas-recebe-edicao-do-ceo-forum-interior-de-sao-paulo-da-amcham-brasil-no-proximo-dia-21-de-junho-com-500-executivos\/#breadcrumb","itemListElement":[{"@type":"ListItem","position":1,"name":"In\u00edcio","item":"https:\/\/comunicacaoestrategicacps.com.br\/blog\/"},{"@type":"ListItem","position":2,"name":"Campinas recebe edi\u00e7\u00e3o do CEO F\u00f3rum Interior de S\u00e3o Paulo da Amcham Brasil no pr\u00f3ximo dia 21 de junho, com 500 executivos"}]},{"@type":"WebSite","@id":"https:\/\/comunicacaoestrategicacps.com.br\/blog\/#website","url":"https:\/\/comunicacaoestrategicacps.com.br\/blog\/","name":"Comunica\u00e7\u00e3o Estrat\u00e9gica","description":"Comunica\u00e7\u00e3o Estrat\u00e9gica  - Assessoria de Imprensa","potentialAction":[{"@type":"SearchAction","target":{"@type":"EntryPoint","urlTemplate":"https:\/\/comunicacaoestrategicacps.com.br\/blog\/?s={search_term_string}"},"query-input":{"@type":"PropertyValueSpecification","valueRequired":true,"valueName":"search_term_string"}}],"inLanguage":"pt-BR"},{"@type":"Person","@id":"https:\/\/comunicacaoestrategicacps.com.br\/blog\/#\/schema\/person\/8d447568a01edd36a56dbbcb702b02fc","name":"admin","image":{"@type":"ImageObject","inLanguage":"pt-BR","@id":"https:\/\/secure.gravatar.com\/avatar\/2cc026ea89b57b9d913d4ce5b90a0490046c0c9048a129e24cc44313a90d3f77?s=96&d=mm&r=g","url":"https:\/\/secure.gravatar.com\/avatar\/2cc026ea89b57b9d913d4ce5b90a0490046c0c9048a129e24cc44313a90d3f77?s=96&d=mm&r=g","contentUrl":"https:\/\/secure.gravatar.com\/avatar\/2cc026ea89b57b9d913d4ce5b90a0490046c0c9048a129e24cc44313a90d3f77?s=96&d=mm&r=g","caption":"admin"},"url":"https:\/\/comunicacaoestrategicacps.com.br\/blog\/author\/admin\/"}]}},"builder_content":"","_links":{"self":[{"href":"https:\/\/comunicacaoestrategicacps.com.br\/blog\/wp-json\/wp\/v2\/posts\/2119","targetHints":{"allow":["GET"]}}],"collection":[{"href":"https:\/\/comunicacaoestrategicacps.com.br\/blog\/wp-json\/wp\/v2\/posts"}],"about":[{"href":"https:\/\/comunicacaoestrategicacps.com.br\/blog\/wp-json\/wp\/v2\/types\/post"}],"author":[{"embeddable":true,"href":"https:\/\/comunicacaoestrategicacps.com.br\/blog\/wp-json\/wp\/v2\/users\/1"}],"replies":[{"embeddable":true,"href":"https:\/\/comunicacaoestrategicacps.com.br\/blog\/wp-json\/wp\/v2\/comments?post=2119"}],"version-history":[{"count":2,"href":"https:\/\/comunicacaoestrategicacps.com.br\/blog\/wp-json\/wp\/v2\/posts\/2119\/revisions"}],"predecessor-version":[{"id":2123,"href":"https:\/\/comunicacaoestrategicacps.com.br\/blog\/wp-json\/wp\/v2\/posts\/2119\/revisions\/2123"}],"wp:featuredmedia":[{"embeddable":true,"href":"https:\/\/comunicacaoestrategicacps.com.br\/blog\/wp-json\/wp\/v2\/media\/2121"}],"wp:attachment":[{"href":"https:\/\/comunicacaoestrategicacps.com.br\/blog\/wp-json\/wp\/v2\/media?parent=2119"}],"wp:term":[{"taxonomy":"category","embeddable":true,"href":"https:\/\/comunicacaoestrategicacps.com.br\/blog\/wp-json\/wp\/v2\/categories?post=2119"},{"taxonomy":"post_tag","embeddable":true,"href":"https:\/\/comunicacaoestrategicacps.com.br\/blog\/wp-json\/wp\/v2\/tags?post=2119"}],"curies":[{"name":"wp","href":"https:\/\/api.w.org\/{rel}","templated":true}]}}