{"id":2160,"date":"2023-06-30T09:39:42","date_gmt":"2023-06-30T12:39:42","guid":{"rendered":"https:\/\/comunicacaoestrategicacps.com.br\/blog\/?p=2160"},"modified":"2023-06-30T09:39:42","modified_gmt":"2023-06-30T12:39:42","slug":"rede-vitoria-hoteis-fecha-parcerias-para-atracoes-e-passeios-na-regiao-nas-ferias-de-julho","status":"publish","type":"post","link":"https:\/\/comunicacaoestrategicacps.com.br\/blog\/rede-vitoria-hoteis-fecha-parcerias-para-atracoes-e-passeios-na-regiao-nas-ferias-de-julho\/","title":{"rendered":"Rede Vit\u00f3ria Hot\u00e9is fecha parcerias para atra\u00e7\u00f5es e passeios na regi\u00e3o nas f\u00e9rias de julho"},"content":{"rendered":"<!--themify_builder_content-->\n<div id=\"themify_builder_content-2160\" data-postid=\"2160\" class=\"themify_builder_content themify_builder_content-2160 themify_builder tf_clear\">\n    <\/div>\n<!--\/themify_builder_content-->\n\n\n<figure class=\"wp-block-image size-large\"><img loading=\"lazy\" decoding=\"async\" width=\"1024\" height=\"813\" src=\"https:\/\/comunicacaoestrategicacps.com.br\/blog\/wp-content\/uploads\/2023\/06\/Hotel-Concept-Campinas_18-1024x813.jpg\" alt=\"\" class=\"wp-image-2161\" srcset=\"https:\/\/comunicacaoestrategicacps.com.br\/blog\/wp-content\/uploads\/2023\/06\/Hotel-Concept-Campinas_18-1024x813.jpg 1024w, https:\/\/comunicacaoestrategicacps.com.br\/blog\/wp-content\/uploads\/2023\/06\/Hotel-Concept-Campinas_18-300x238.jpg 300w, https:\/\/comunicacaoestrategicacps.com.br\/blog\/wp-content\/uploads\/2023\/06\/Hotel-Concept-Campinas_18-768x609.jpg 768w, https:\/\/comunicacaoestrategicacps.com.br\/blog\/wp-content\/uploads\/2023\/06\/Hotel-Concept-Campinas_18.jpg 1133w\" sizes=\"auto, (max-width: 1024px) 100vw, 1024px\" \/><\/figure>\n\n\n\n<p><em>Op\u00e7\u00f5es d\u00e3o aos h\u00f3spedes a possibilidade de fazer v\u00e1rias experi\u00eancias na regi\u00e3o. Em julho, as tarifas para hospedagem s\u00e3o as mais atrativas do ano<\/em><\/p>\n\n\n\n<p>Campinas, 29 de julho de 2023 &#8211; N\u00e3o \u00e9 preciso sair da regi\u00e3o de Campinas para curtir das f\u00e9rias escolares de julho, com atrativos para todas as idades: a regi\u00e3o \u00e9 uma excelente alternativa para uma viagem curta com a fam\u00edlia ou mesmo para quem mora na cidade. A <strong>Rede Vit\u00f3ria Hot\u00e9is<\/strong>, que opera cinco hot\u00e9is na regi\u00e3o &#8211; tr\u00eas em Campinas (Vit\u00f3ria Hotel Concept Campinas, Residence NewPort e Vit\u00f3ria Hotel Express Dom Pedro), um em Indaiatuba, (Vit\u00f3ria Hotel Convention Indaiatuba) e outro em Paul\u00ednia (Vit\u00f3ria Hotel Convention Paul\u00ednia) \u2013 mapeou alguns pontos tur\u00edsticos e fez algumas parcerias que d\u00e3o aos h\u00f3spedes a possibilidade de fazer v\u00e1rios tipos de passeios como caminhadas e trilhas, visitas a parques tem\u00e1ticos e a produtores locais com degusta\u00e7\u00f5es, dentre outros.<\/p>\n\n\n\n<p>Al\u00e9m disso, a pr\u00f3pria rede tem pacotes com foco em experi\u00eancias. No Vit\u00f3ria Concept, por exemplo, d\u00e1 para comprar uma hospedagem com um tratamento no Spa, ou com um jantar nos premiados Bellini (culin\u00e1ria contempor\u00e2nea) ou no Kindai (cozinha japonesa); neste per\u00edodo de f\u00e9rias, tamb\u00e9m \u00e9 poss\u00edvel solicitar a instala\u00e7\u00e3o de cabanas tem\u00e1ticas na acomoda\u00e7\u00e3o para as crian\u00e7as se divertirem. J\u00e1 para quem optar por ficar no Vit\u00f3ria Hotel Convention, em Paul\u00ednia, pode se deliciar com o tradicional Festival de Foudue que acontece todos os s\u00e1bados no m\u00eas de julho. Tudo isso, aproveitando a \u00e9poca em que as tarifas s\u00e3o as mais atrativas do ano.<\/p>\n\n\n\n<p>Veja algumas atra\u00e7\u00f5es de Campinas e arredores:<\/p>\n\n\n\n<p><strong>Altitude Trampolim Park<\/strong><\/p>\n\n\n\n<p>Mega parque indoor de trampolins, camas el\u00e1sticas, espumas, para a pr\u00e1tica de Free Jump, Crazy Bubble, Twister etc, numa ambiente colorido.<\/p>\n\n\n\n<figure class=\"wp-block-embed\"><div class=\"wp-block-embed__wrapper\">\nhttps:\/\/altitudepark.com.br\/\n<\/div><\/figure>\n\n\n\n<p><strong>Maria Fuma\u00e7a de Campinas<\/strong><br>Tradicional passeio de Maria Fuma\u00e7a entre Campinas e Jaguari\u00fana, passando por esta\u00e7\u00f5es hist\u00f3ricas. Tem op\u00e7\u00f5es de pacotes especiais com refei\u00e7\u00f5es nos vag\u00f5es.<br><a href=\"https:\/\/www.mariafumacacampinas.com.br\/\">https:\/\/www.mariafumacacampinas.com.br\/<\/a><\/p>\n\n\n\n<p><strong>Floresta Park<\/strong><br>Localizado em Sousas, o lugar ocupa a \u00e1rea de uma fazenda de 1830 e oferece visita guiada ao mini s\u00edtio, oficinas, tirolesa, passeio de cavalo, pesca, cama el\u00e1stica, passeio de trator, parede de escalada e muito mais, al\u00e9m de um restaurante.<br><a href=\"https:\/\/fazendafloresta.com.br\/\">https:\/\/fazendafloresta.com.br\/<\/a><\/p>\n\n\n\n<p><br><strong>Pico das Cabras \/ Museu Aberto de Astronomia (MAAS)<\/strong><br>Localizados em Joaquim Eg\u00eddio e a 1.080 metros de altitude, o Parque tem como objetivo ser um propulsor para o conhecimento e desenvolvimento humano.<br><a href=\"https:\/\/picodascabras.com.br\/\">https:\/\/picodascabras.com.br\/<\/a><\/p>\n\n\n\n<p><strong>Vin\u00edcola Guaspari<\/strong> (Esp\u00edrito Santo do Pinhal)<br>Enoturismo, experi\u00eancia exclusiva em um passeio guiado, desde o manejo dos vinhedos, passando pela \u00e1rea de produ\u00e7\u00e3o e cave de barricas, e finalizando com a degusta\u00e7\u00e3o de 4 vinhos.<br><a href=\"https:\/\/loja.vinicolaguaspari.com.br\/enotour\/\">https:\/\/loja.vinicolaguaspari.com.br\/enotour\/<\/a><\/p>\n\n\n\n<p><br><strong>Fazenda Atalaia<\/strong> (Amparo)<br>\u00c9 internacionalmente reconhecida por produzir um tipo de queijo chamado &#8220;Queijo Tulha&#8221;, ganhador do World Cheese Awards em 2016. Faz visita guiada com degusta\u00e7\u00e3o, caf\u00e9 da manh\u00e3, almo\u00e7o e loja.<br><a href=\"https:\/\/fazendaatalaiaamparo.com.br\/\">https:\/\/fazendaatalaiaamparo.com.br\/<\/a><\/p>\n\n\n\n<p><strong>Fazenda Tozan<\/strong><br>Patrim\u00f4nio hist\u00f3rico e cultural datado de 1798, tendo o caf\u00e9 como seu principal produto, \u00e9 considerada uma das mais bem cuidadas propriedades hist\u00f3ricas do Brasil.<br><a href=\"https:\/\/www.fazendatozan.com.br\/roteiros\">https:\/\/www.fazendatozan.com.br\/roteiros<\/a><\/p>\n\n\n\n<p><strong>Beg Gin <\/strong>(Sousas)<br>Localizada no distrito de Joaquim Eg\u00eddio, a marca premiada de Gin oferece um tour em sua destilaria, onde os visitantes v\u00e3o conhecer a hist\u00f3ria da bebida, todo o processo de fabrica\u00e7\u00e3o e at\u00e9 fazer a sua pr\u00f3prio receita.<br><a href=\"https:\/\/beggin.com.br\/begexperience\/\">https:\/\/beggin.com.br\/begexperience\/<\/a><\/p>\n\n\n\n<p><strong>Mr. Bowling<\/strong><\/p>\n\n\n\n<p>\u00c9 o maior boliche de Campinas, com 10 pistas, mais fliperama e sinuca. Tem restaurante e drinques no local.<br><a href=\"https:\/\/www.instagram.com\/mr.bowling_\/\">https:\/\/www.instagram.com\/mr.bowling_\/<\/a><\/p>\n\n\n\n<p><br><strong>Shopping Iguatemi Campinas<\/strong><\/p>\n\n\n\n<p>Em comemora\u00e7\u00e3o ao anivers\u00e1rio de 30 anos do Jurrasic Park, o shopping est\u00e1 recebendo at\u00e9 07 de julho uma experi\u00eancia in\u00e9dita e exclusiva que leva ao p\u00fablico de todas as idades a mergulhar no universo do filme e descobrir detalhes da produ\u00e7\u00e3o que encantou gera\u00e7\u00f5es. Evento gratuito.<br><a href=\"https:\/\/iguatemi.com.br\/campinas\/eventos\/jurassic-park-30o-aniversario\">https:\/\/iguatemi.com.br\/campinas\/eventos\/jurassic-park-30o-aniversario<\/a><br><br><strong>Wet\u2019n Wild<\/strong> (Itupeva)<br>O parque aqu\u00e1tico, que fica em Itupeva, tem tobo\u00e1guas, piscinas de ondas e v\u00e1rios atrativos para a familia. Nesta \u00e9poca do ano, a \u00e1gua \u00e9 aquecida. Durante o m\u00eas de julho, haver\u00e1 um evento especial durante a noite.<\/p>\n\n\n\n<figure class=\"wp-block-embed\"><div class=\"wp-block-embed__wrapper\">\nhttps:\/\/www.wetnwild.com.br\/\n<\/div><\/figure>\n\n\n\n<p><br><strong>Zoo Park Itatiba<\/strong><br>Conta com animais de diversos ecossistemas, s\u00e3o mais de 1.200 indiv\u00edduos de 180 esp\u00e9cies, inserido em um fragmento de Mata Atl\u00e2ntica e aqui os animais vivem em amplos ambientes naturais.<br><a href=\"https:\/\/zooparque.com.br\/\">https:\/\/zooparque.com.br\/<\/a><\/p>\n\n\n\n<p><strong>Servi\u00e7o<\/strong><\/p>\n\n\n\n<p>Rede Vit\u00f3ria Hot\u00e9is<\/p>\n\n\n\n<p>Reservas e informa\u00e7\u00f5es:<\/p>\n\n\n\n<p>Telefone: (19) 3755-8001<\/p>\n\n\n\n<p>E-mail: <a href=\"mailto:vendas.campinas@vitoriahoteis.com.br\">vendas.campinas@vitoriahoteis.com.br<\/a><\/p>\n\n\n\n<figure class=\"wp-block-embed\"><div class=\"wp-block-embed__wrapper\">\nhttps:\/\/www.vitoriahoteis.com.br\/\n<\/div><\/figure>","protected":false},"excerpt":{"rendered":"<p>Op\u00e7\u00f5es d\u00e3o aos h\u00f3spedes a possibilidade de fazer v\u00e1rias experi\u00eancias na regi\u00e3o. Em julho, as tarifas para hospedagem s\u00e3o as mais atrativas do ano Campinas, 29 de julho de 2023 &#8211; N\u00e3o \u00e9 preciso sair da regi\u00e3o de Campinas para curtir das f\u00e9rias escolares de julho, com atrativos para todas as idades: a regi\u00e3o \u00e9 [&hellip;]<\/p>\n","protected":false},"author":1,"featured_media":2161,"comment_status":"open","ping_status":"open","sticky":true,"template":"","format":"standard","meta":{"footnotes":""},"categories":[43],"tags":[],"class_list":["post-2160","post","type-post","status-publish","format-standard","has-post-thumbnail","hentry","category-negocios-e-economia","has-post-title","has-post-date","has-post-category","has-post-tag","has-post-comment","has-post-author",""],"yoast_head":"<!-- This site is optimized with the Yoast SEO plugin v27.4 - https:\/\/yoast.com\/product\/yoast-seo-wordpress\/ -->\n<title>Rede Vit\u00f3ria Hot\u00e9is fecha parcerias para atra\u00e7\u00f5es e passeios na regi\u00e3o nas f\u00e9rias de julho - Comunica\u00e7\u00e3o Estrat\u00e9gica<\/title>\n<meta name=\"robots\" content=\"index, follow, max-snippet:-1, max-image-preview:large, max-video-preview:-1\" \/>\n<link rel=\"canonical\" href=\"https:\/\/comunicacaoestrategicacps.com.br\/blog\/rede-vitoria-hoteis-fecha-parcerias-para-atracoes-e-passeios-na-regiao-nas-ferias-de-julho\/\" \/>\n<meta property=\"og:locale\" content=\"pt_BR\" \/>\n<meta property=\"og:type\" content=\"article\" \/>\n<meta property=\"og:title\" content=\"Rede Vit\u00f3ria Hot\u00e9is fecha parcerias para atra\u00e7\u00f5es e passeios na regi\u00e3o nas f\u00e9rias de julho - Comunica\u00e7\u00e3o Estrat\u00e9gica\" \/>\n<meta property=\"og:description\" content=\"Op\u00e7\u00f5es d\u00e3o aos h\u00f3spedes a possibilidade de fazer v\u00e1rias experi\u00eancias na regi\u00e3o. Em julho, as tarifas para hospedagem s\u00e3o as mais atrativas do ano Campinas, 29 de julho de 2023 &#8211; N\u00e3o \u00e9 preciso sair da regi\u00e3o de Campinas para curtir das f\u00e9rias escolares de julho, com atrativos para todas as idades: a regi\u00e3o \u00e9 [&hellip;]\" \/>\n<meta property=\"og:url\" content=\"https:\/\/comunicacaoestrategicacps.com.br\/blog\/rede-vitoria-hoteis-fecha-parcerias-para-atracoes-e-passeios-na-regiao-nas-ferias-de-julho\/\" \/>\n<meta property=\"og:site_name\" content=\"Comunica\u00e7\u00e3o Estrat\u00e9gica\" \/>\n<meta property=\"article:published_time\" content=\"2023-06-30T12:39:42+00:00\" \/>\n<meta property=\"og:image\" content=\"https:\/\/comunicacaoestrategicacps.com.br\/blog\/wp-content\/uploads\/2023\/06\/Hotel-Concept-Campinas_18.jpg\" \/>\n\t<meta property=\"og:image:width\" content=\"1133\" \/>\n\t<meta property=\"og:image:height\" content=\"899\" \/>\n\t<meta property=\"og:image:type\" content=\"image\/jpeg\" \/>\n<meta name=\"author\" content=\"admin\" \/>\n<meta name=\"twitter:card\" content=\"summary_large_image\" \/>\n<meta name=\"twitter:label1\" content=\"Escrito por\" \/>\n\t<meta name=\"twitter:data1\" content=\"admin\" \/>\n\t<meta name=\"twitter:label2\" content=\"Est. tempo de leitura\" \/>\n\t<meta name=\"twitter:data2\" content=\"5 minutos\" \/>\n<script type=\"application\/ld+json\" class=\"yoast-schema-graph\">{\"@context\":\"https:\\\/\\\/schema.org\",\"@graph\":[{\"@type\":\"Article\",\"@id\":\"https:\\\/\\\/comunicacaoestrategicacps.com.br\\\/blog\\\/rede-vitoria-hoteis-fecha-parcerias-para-atracoes-e-passeios-na-regiao-nas-ferias-de-julho\\\/#article\",\"isPartOf\":{\"@id\":\"https:\\\/\\\/comunicacaoestrategicacps.com.br\\\/blog\\\/rede-vitoria-hoteis-fecha-parcerias-para-atracoes-e-passeios-na-regiao-nas-ferias-de-julho\\\/\"},\"author\":{\"name\":\"admin\",\"@id\":\"https:\\\/\\\/comunicacaoestrategicacps.com.br\\\/blog\\\/#\\\/schema\\\/person\\\/8d447568a01edd36a56dbbcb702b02fc\"},\"headline\":\"Rede Vit\u00f3ria Hot\u00e9is fecha parcerias para atra\u00e7\u00f5es e passeios na regi\u00e3o nas f\u00e9rias de julho\",\"datePublished\":\"2023-06-30T12:39:42+00:00\",\"mainEntityOfPage\":{\"@id\":\"https:\\\/\\\/comunicacaoestrategicacps.com.br\\\/blog\\\/rede-vitoria-hoteis-fecha-parcerias-para-atracoes-e-passeios-na-regiao-nas-ferias-de-julho\\\/\"},\"wordCount\":847,\"commentCount\":0,\"image\":{\"@id\":\"https:\\\/\\\/comunicacaoestrategicacps.com.br\\\/blog\\\/rede-vitoria-hoteis-fecha-parcerias-para-atracoes-e-passeios-na-regiao-nas-ferias-de-julho\\\/#primaryimage\"},\"thumbnailUrl\":\"https:\\\/\\\/comunicacaoestrategicacps.com.br\\\/blog\\\/wp-content\\\/uploads\\\/2023\\\/06\\\/Hotel-Concept-Campinas_18.jpg\",\"articleSection\":[\"Neg\u00f3cios e Economia\"],\"inLanguage\":\"pt-BR\",\"potentialAction\":[{\"@type\":\"CommentAction\",\"name\":\"Comment\",\"target\":[\"https:\\\/\\\/comunicacaoestrategicacps.com.br\\\/blog\\\/rede-vitoria-hoteis-fecha-parcerias-para-atracoes-e-passeios-na-regiao-nas-ferias-de-julho\\\/#respond\"]}]},{\"@type\":\"WebPage\",\"@id\":\"https:\\\/\\\/comunicacaoestrategicacps.com.br\\\/blog\\\/rede-vitoria-hoteis-fecha-parcerias-para-atracoes-e-passeios-na-regiao-nas-ferias-de-julho\\\/\",\"url\":\"https:\\\/\\\/comunicacaoestrategicacps.com.br\\\/blog\\\/rede-vitoria-hoteis-fecha-parcerias-para-atracoes-e-passeios-na-regiao-nas-ferias-de-julho\\\/\",\"name\":\"Rede Vit\u00f3ria Hot\u00e9is fecha parcerias para atra\u00e7\u00f5es e passeios na regi\u00e3o nas f\u00e9rias de julho - Comunica\u00e7\u00e3o Estrat\u00e9gica\",\"isPartOf\":{\"@id\":\"https:\\\/\\\/comunicacaoestrategicacps.com.br\\\/blog\\\/#website\"},\"primaryImageOfPage\":{\"@id\":\"https:\\\/\\\/comunicacaoestrategicacps.com.br\\\/blog\\\/rede-vitoria-hoteis-fecha-parcerias-para-atracoes-e-passeios-na-regiao-nas-ferias-de-julho\\\/#primaryimage\"},\"image\":{\"@id\":\"https:\\\/\\\/comunicacaoestrategicacps.com.br\\\/blog\\\/rede-vitoria-hoteis-fecha-parcerias-para-atracoes-e-passeios-na-regiao-nas-ferias-de-julho\\\/#primaryimage\"},\"thumbnailUrl\":\"https:\\\/\\\/comunicacaoestrategicacps.com.br\\\/blog\\\/wp-content\\\/uploads\\\/2023\\\/06\\\/Hotel-Concept-Campinas_18.jpg\",\"datePublished\":\"2023-06-30T12:39:42+00:00\",\"author\":{\"@id\":\"https:\\\/\\\/comunicacaoestrategicacps.com.br\\\/blog\\\/#\\\/schema\\\/person\\\/8d447568a01edd36a56dbbcb702b02fc\"},\"breadcrumb\":{\"@id\":\"https:\\\/\\\/comunicacaoestrategicacps.com.br\\\/blog\\\/rede-vitoria-hoteis-fecha-parcerias-para-atracoes-e-passeios-na-regiao-nas-ferias-de-julho\\\/#breadcrumb\"},\"inLanguage\":\"pt-BR\",\"potentialAction\":[{\"@type\":\"ReadAction\",\"target\":[\"https:\\\/\\\/comunicacaoestrategicacps.com.br\\\/blog\\\/rede-vitoria-hoteis-fecha-parcerias-para-atracoes-e-passeios-na-regiao-nas-ferias-de-julho\\\/\"]}]},{\"@type\":\"ImageObject\",\"inLanguage\":\"pt-BR\",\"@id\":\"https:\\\/\\\/comunicacaoestrategicacps.com.br\\\/blog\\\/rede-vitoria-hoteis-fecha-parcerias-para-atracoes-e-passeios-na-regiao-nas-ferias-de-julho\\\/#primaryimage\",\"url\":\"https:\\\/\\\/comunicacaoestrategicacps.com.br\\\/blog\\\/wp-content\\\/uploads\\\/2023\\\/06\\\/Hotel-Concept-Campinas_18.jpg\",\"contentUrl\":\"https:\\\/\\\/comunicacaoestrategicacps.com.br\\\/blog\\\/wp-content\\\/uploads\\\/2023\\\/06\\\/Hotel-Concept-Campinas_18.jpg\",\"width\":1133,\"height\":899},{\"@type\":\"BreadcrumbList\",\"@id\":\"https:\\\/\\\/comunicacaoestrategicacps.com.br\\\/blog\\\/rede-vitoria-hoteis-fecha-parcerias-para-atracoes-e-passeios-na-regiao-nas-ferias-de-julho\\\/#breadcrumb\",\"itemListElement\":[{\"@type\":\"ListItem\",\"position\":1,\"name\":\"In\u00edcio\",\"item\":\"https:\\\/\\\/comunicacaoestrategicacps.com.br\\\/blog\\\/\"},{\"@type\":\"ListItem\",\"position\":2,\"name\":\"Rede Vit\u00f3ria Hot\u00e9is fecha parcerias para atra\u00e7\u00f5es e passeios na regi\u00e3o nas f\u00e9rias de julho\"}]},{\"@type\":\"WebSite\",\"@id\":\"https:\\\/\\\/comunicacaoestrategicacps.com.br\\\/blog\\\/#website\",\"url\":\"https:\\\/\\\/comunicacaoestrategicacps.com.br\\\/blog\\\/\",\"name\":\"Comunica\u00e7\u00e3o Estrat\u00e9gica\",\"description\":\"Comunica\u00e7\u00e3o Estrat\u00e9gica  - Assessoria de Imprensa\",\"potentialAction\":[{\"@type\":\"SearchAction\",\"target\":{\"@type\":\"EntryPoint\",\"urlTemplate\":\"https:\\\/\\\/comunicacaoestrategicacps.com.br\\\/blog\\\/?s={search_term_string}\"},\"query-input\":{\"@type\":\"PropertyValueSpecification\",\"valueRequired\":true,\"valueName\":\"search_term_string\"}}],\"inLanguage\":\"pt-BR\"},{\"@type\":\"Person\",\"@id\":\"https:\\\/\\\/comunicacaoestrategicacps.com.br\\\/blog\\\/#\\\/schema\\\/person\\\/8d447568a01edd36a56dbbcb702b02fc\",\"name\":\"admin\",\"image\":{\"@type\":\"ImageObject\",\"inLanguage\":\"pt-BR\",\"@id\":\"https:\\\/\\\/secure.gravatar.com\\\/avatar\\\/2cc026ea89b57b9d913d4ce5b90a0490046c0c9048a129e24cc44313a90d3f77?s=96&d=mm&r=g\",\"url\":\"https:\\\/\\\/secure.gravatar.com\\\/avatar\\\/2cc026ea89b57b9d913d4ce5b90a0490046c0c9048a129e24cc44313a90d3f77?s=96&d=mm&r=g\",\"contentUrl\":\"https:\\\/\\\/secure.gravatar.com\\\/avatar\\\/2cc026ea89b57b9d913d4ce5b90a0490046c0c9048a129e24cc44313a90d3f77?s=96&d=mm&r=g\",\"caption\":\"admin\"},\"url\":\"https:\\\/\\\/comunicacaoestrategicacps.com.br\\\/blog\\\/author\\\/admin\\\/\"}]}<\/script>\n<!-- \/ Yoast SEO plugin. -->","yoast_head_json":{"title":"Rede Vit\u00f3ria Hot\u00e9is fecha parcerias para atra\u00e7\u00f5es e passeios na regi\u00e3o nas f\u00e9rias de julho - Comunica\u00e7\u00e3o Estrat\u00e9gica","robots":{"index":"index","follow":"follow","max-snippet":"max-snippet:-1","max-image-preview":"max-image-preview:large","max-video-preview":"max-video-preview:-1"},"canonical":"https:\/\/comunicacaoestrategicacps.com.br\/blog\/rede-vitoria-hoteis-fecha-parcerias-para-atracoes-e-passeios-na-regiao-nas-ferias-de-julho\/","og_locale":"pt_BR","og_type":"article","og_title":"Rede Vit\u00f3ria Hot\u00e9is fecha parcerias para atra\u00e7\u00f5es e passeios na regi\u00e3o nas f\u00e9rias de julho - Comunica\u00e7\u00e3o Estrat\u00e9gica","og_description":"Op\u00e7\u00f5es d\u00e3o aos h\u00f3spedes a possibilidade de fazer v\u00e1rias experi\u00eancias na regi\u00e3o. Em julho, as tarifas para hospedagem s\u00e3o as mais atrativas do ano Campinas, 29 de julho de 2023 &#8211; N\u00e3o \u00e9 preciso sair da regi\u00e3o de Campinas para curtir das f\u00e9rias escolares de julho, com atrativos para todas as idades: a regi\u00e3o \u00e9 [&hellip;]","og_url":"https:\/\/comunicacaoestrategicacps.com.br\/blog\/rede-vitoria-hoteis-fecha-parcerias-para-atracoes-e-passeios-na-regiao-nas-ferias-de-julho\/","og_site_name":"Comunica\u00e7\u00e3o Estrat\u00e9gica","article_published_time":"2023-06-30T12:39:42+00:00","og_image":[{"width":1133,"height":899,"url":"https:\/\/comunicacaoestrategicacps.com.br\/blog\/wp-content\/uploads\/2023\/06\/Hotel-Concept-Campinas_18.jpg","type":"image\/jpeg"}],"author":"admin","twitter_card":"summary_large_image","twitter_misc":{"Escrito por":"admin","Est. tempo de leitura":"5 minutos"},"schema":{"@context":"https:\/\/schema.org","@graph":[{"@type":"Article","@id":"https:\/\/comunicacaoestrategicacps.com.br\/blog\/rede-vitoria-hoteis-fecha-parcerias-para-atracoes-e-passeios-na-regiao-nas-ferias-de-julho\/#article","isPartOf":{"@id":"https:\/\/comunicacaoestrategicacps.com.br\/blog\/rede-vitoria-hoteis-fecha-parcerias-para-atracoes-e-passeios-na-regiao-nas-ferias-de-julho\/"},"author":{"name":"admin","@id":"https:\/\/comunicacaoestrategicacps.com.br\/blog\/#\/schema\/person\/8d447568a01edd36a56dbbcb702b02fc"},"headline":"Rede Vit\u00f3ria Hot\u00e9is fecha parcerias para atra\u00e7\u00f5es e passeios na regi\u00e3o nas f\u00e9rias de julho","datePublished":"2023-06-30T12:39:42+00:00","mainEntityOfPage":{"@id":"https:\/\/comunicacaoestrategicacps.com.br\/blog\/rede-vitoria-hoteis-fecha-parcerias-para-atracoes-e-passeios-na-regiao-nas-ferias-de-julho\/"},"wordCount":847,"commentCount":0,"image":{"@id":"https:\/\/comunicacaoestrategicacps.com.br\/blog\/rede-vitoria-hoteis-fecha-parcerias-para-atracoes-e-passeios-na-regiao-nas-ferias-de-julho\/#primaryimage"},"thumbnailUrl":"https:\/\/comunicacaoestrategicacps.com.br\/blog\/wp-content\/uploads\/2023\/06\/Hotel-Concept-Campinas_18.jpg","articleSection":["Neg\u00f3cios e Economia"],"inLanguage":"pt-BR","potentialAction":[{"@type":"CommentAction","name":"Comment","target":["https:\/\/comunicacaoestrategicacps.com.br\/blog\/rede-vitoria-hoteis-fecha-parcerias-para-atracoes-e-passeios-na-regiao-nas-ferias-de-julho\/#respond"]}]},{"@type":"WebPage","@id":"https:\/\/comunicacaoestrategicacps.com.br\/blog\/rede-vitoria-hoteis-fecha-parcerias-para-atracoes-e-passeios-na-regiao-nas-ferias-de-julho\/","url":"https:\/\/comunicacaoestrategicacps.com.br\/blog\/rede-vitoria-hoteis-fecha-parcerias-para-atracoes-e-passeios-na-regiao-nas-ferias-de-julho\/","name":"Rede Vit\u00f3ria Hot\u00e9is fecha parcerias para atra\u00e7\u00f5es e passeios na regi\u00e3o nas f\u00e9rias de julho - Comunica\u00e7\u00e3o Estrat\u00e9gica","isPartOf":{"@id":"https:\/\/comunicacaoestrategicacps.com.br\/blog\/#website"},"primaryImageOfPage":{"@id":"https:\/\/comunicacaoestrategicacps.com.br\/blog\/rede-vitoria-hoteis-fecha-parcerias-para-atracoes-e-passeios-na-regiao-nas-ferias-de-julho\/#primaryimage"},"image":{"@id":"https:\/\/comunicacaoestrategicacps.com.br\/blog\/rede-vitoria-hoteis-fecha-parcerias-para-atracoes-e-passeios-na-regiao-nas-ferias-de-julho\/#primaryimage"},"thumbnailUrl":"https:\/\/comunicacaoestrategicacps.com.br\/blog\/wp-content\/uploads\/2023\/06\/Hotel-Concept-Campinas_18.jpg","datePublished":"2023-06-30T12:39:42+00:00","author":{"@id":"https:\/\/comunicacaoestrategicacps.com.br\/blog\/#\/schema\/person\/8d447568a01edd36a56dbbcb702b02fc"},"breadcrumb":{"@id":"https:\/\/comunicacaoestrategicacps.com.br\/blog\/rede-vitoria-hoteis-fecha-parcerias-para-atracoes-e-passeios-na-regiao-nas-ferias-de-julho\/#breadcrumb"},"inLanguage":"pt-BR","potentialAction":[{"@type":"ReadAction","target":["https:\/\/comunicacaoestrategicacps.com.br\/blog\/rede-vitoria-hoteis-fecha-parcerias-para-atracoes-e-passeios-na-regiao-nas-ferias-de-julho\/"]}]},{"@type":"ImageObject","inLanguage":"pt-BR","@id":"https:\/\/comunicacaoestrategicacps.com.br\/blog\/rede-vitoria-hoteis-fecha-parcerias-para-atracoes-e-passeios-na-regiao-nas-ferias-de-julho\/#primaryimage","url":"https:\/\/comunicacaoestrategicacps.com.br\/blog\/wp-content\/uploads\/2023\/06\/Hotel-Concept-Campinas_18.jpg","contentUrl":"https:\/\/comunicacaoestrategicacps.com.br\/blog\/wp-content\/uploads\/2023\/06\/Hotel-Concept-Campinas_18.jpg","width":1133,"height":899},{"@type":"BreadcrumbList","@id":"https:\/\/comunicacaoestrategicacps.com.br\/blog\/rede-vitoria-hoteis-fecha-parcerias-para-atracoes-e-passeios-na-regiao-nas-ferias-de-julho\/#breadcrumb","itemListElement":[{"@type":"ListItem","position":1,"name":"In\u00edcio","item":"https:\/\/comunicacaoestrategicacps.com.br\/blog\/"},{"@type":"ListItem","position":2,"name":"Rede Vit\u00f3ria Hot\u00e9is fecha parcerias para atra\u00e7\u00f5es e passeios na regi\u00e3o nas f\u00e9rias de julho"}]},{"@type":"WebSite","@id":"https:\/\/comunicacaoestrategicacps.com.br\/blog\/#website","url":"https:\/\/comunicacaoestrategicacps.com.br\/blog\/","name":"Comunica\u00e7\u00e3o Estrat\u00e9gica","description":"Comunica\u00e7\u00e3o Estrat\u00e9gica  - Assessoria de Imprensa","potentialAction":[{"@type":"SearchAction","target":{"@type":"EntryPoint","urlTemplate":"https:\/\/comunicacaoestrategicacps.com.br\/blog\/?s={search_term_string}"},"query-input":{"@type":"PropertyValueSpecification","valueRequired":true,"valueName":"search_term_string"}}],"inLanguage":"pt-BR"},{"@type":"Person","@id":"https:\/\/comunicacaoestrategicacps.com.br\/blog\/#\/schema\/person\/8d447568a01edd36a56dbbcb702b02fc","name":"admin","image":{"@type":"ImageObject","inLanguage":"pt-BR","@id":"https:\/\/secure.gravatar.com\/avatar\/2cc026ea89b57b9d913d4ce5b90a0490046c0c9048a129e24cc44313a90d3f77?s=96&d=mm&r=g","url":"https:\/\/secure.gravatar.com\/avatar\/2cc026ea89b57b9d913d4ce5b90a0490046c0c9048a129e24cc44313a90d3f77?s=96&d=mm&r=g","contentUrl":"https:\/\/secure.gravatar.com\/avatar\/2cc026ea89b57b9d913d4ce5b90a0490046c0c9048a129e24cc44313a90d3f77?s=96&d=mm&r=g","caption":"admin"},"url":"https:\/\/comunicacaoestrategicacps.com.br\/blog\/author\/admin\/"}]}},"builder_content":"","_links":{"self":[{"href":"https:\/\/comunicacaoestrategicacps.com.br\/blog\/wp-json\/wp\/v2\/posts\/2160","targetHints":{"allow":["GET"]}}],"collection":[{"href":"https:\/\/comunicacaoestrategicacps.com.br\/blog\/wp-json\/wp\/v2\/posts"}],"about":[{"href":"https:\/\/comunicacaoestrategicacps.com.br\/blog\/wp-json\/wp\/v2\/types\/post"}],"author":[{"embeddable":true,"href":"https:\/\/comunicacaoestrategicacps.com.br\/blog\/wp-json\/wp\/v2\/users\/1"}],"replies":[{"embeddable":true,"href":"https:\/\/comunicacaoestrategicacps.com.br\/blog\/wp-json\/wp\/v2\/comments?post=2160"}],"version-history":[{"count":1,"href":"https:\/\/comunicacaoestrategicacps.com.br\/blog\/wp-json\/wp\/v2\/posts\/2160\/revisions"}],"predecessor-version":[{"id":2162,"href":"https:\/\/comunicacaoestrategicacps.com.br\/blog\/wp-json\/wp\/v2\/posts\/2160\/revisions\/2162"}],"wp:featuredmedia":[{"embeddable":true,"href":"https:\/\/comunicacaoestrategicacps.com.br\/blog\/wp-json\/wp\/v2\/media\/2161"}],"wp:attachment":[{"href":"https:\/\/comunicacaoestrategicacps.com.br\/blog\/wp-json\/wp\/v2\/media?parent=2160"}],"wp:term":[{"taxonomy":"category","embeddable":true,"href":"https:\/\/comunicacaoestrategicacps.com.br\/blog\/wp-json\/wp\/v2\/categories?post=2160"},{"taxonomy":"post_tag","embeddable":true,"href":"https:\/\/comunicacaoestrategicacps.com.br\/blog\/wp-json\/wp\/v2\/tags?post=2160"}],"curies":[{"name":"wp","href":"https:\/\/api.w.org\/{rel}","templated":true}]}}