{"id":2167,"date":"2023-07-11T09:46:10","date_gmt":"2023-07-11T12:46:10","guid":{"rendered":"https:\/\/comunicacaoestrategicacps.com.br\/blog\/?p=2167"},"modified":"2023-07-11T09:46:10","modified_gmt":"2023-07-11T12:46:10","slug":"moradores-da-rmc-devem-gastar-98-a-mais-neste-ano-com-viagens-turismo-e-hospedagens-aponta-estudo-do-ipc-maps","status":"publish","type":"post","link":"https:\/\/comunicacaoestrategicacps.com.br\/blog\/moradores-da-rmc-devem-gastar-98-a-mais-neste-ano-com-viagens-turismo-e-hospedagens-aponta-estudo-do-ipc-maps\/","title":{"rendered":"Moradores da RMC devem gastar 9,8% a mais neste ano com viagens, turismo e hospedagens, aponta estudo do IPC Maps"},"content":{"rendered":"<!--themify_builder_content-->\n<div id=\"themify_builder_content-2167\" data-postid=\"2167\" class=\"themify_builder_content themify_builder_content-2167 themify_builder tf_clear\">\n    <\/div>\n<!--\/themify_builder_content-->\n\n\n<figure class=\"wp-block-image size-large\"><img loading=\"lazy\" decoding=\"async\" width=\"1024\" height=\"813\" src=\"https:\/\/comunicacaoestrategicacps.com.br\/blog\/wp-content\/uploads\/2023\/06\/Hotel-Concept-Campinas_18-1024x813.jpg\" alt=\"\" class=\"wp-image-2161\" srcset=\"https:\/\/comunicacaoestrategicacps.com.br\/blog\/wp-content\/uploads\/2023\/06\/Hotel-Concept-Campinas_18-1024x813.jpg 1024w, https:\/\/comunicacaoestrategicacps.com.br\/blog\/wp-content\/uploads\/2023\/06\/Hotel-Concept-Campinas_18-300x238.jpg 300w, https:\/\/comunicacaoestrategicacps.com.br\/blog\/wp-content\/uploads\/2023\/06\/Hotel-Concept-Campinas_18-768x609.jpg 768w, https:\/\/comunicacaoestrategicacps.com.br\/blog\/wp-content\/uploads\/2023\/06\/Hotel-Concept-Campinas_18.jpg 1133w\" sizes=\"auto, (max-width: 1024px) 100vw, 1024px\" \/><\/figure>\n\n\n\n<p><strong>Campinas, 03 de julho de 2023<\/strong> &#8211; As viagens de passeios, turismo, hospedagens, alimenta\u00e7\u00e3o e passagens est\u00e1 entre as prioridades para este ano entre os moradores da Regi\u00e3o Metropolitana de Campinas (RMC). Os gastos com esses itens para 2023 devem somar R$ 2.163 bilh\u00f5es, contra R$ 1.970 bilh\u00e3o gasto no ano passado, o que representa uma alta de 9,8%. Os n\u00fameros s\u00e3o do estudo anual sobre Inten\u00e7\u00e3o de Consumo realizado pela consultoria IPC Maps. O levantamento tamb\u00e9m aponta para expans\u00e3o de empresas de alojamento.<\/p>\n\n\n\n<p>Segundo o estudo, o maior volume de gastos com viagens hot\u00e9is dever\u00e1 se concentrar entre as fam\u00edlias de classe B, com R$ 1.014 bilh\u00e3o at\u00e9 o final do ano. A classe C aparece na segunda coloca\u00e7\u00e3o de inten\u00e7\u00e3o de gastos, com R$ 496,566s milh\u00f5es, seguida pela Classe A, R$ 428,224 milh\u00f5es, e a trabalhadores da Classe D\/E 31.514 milh\u00f5es.<\/p>\n\n\n\n<p>O movimento do turismo regional, tanto de neg\u00f3cios como de passeios, tamb\u00e9m est\u00e1 impactando nos neg\u00f3cios do setor hoteleiro. Segundo o IPC Maps, a regi\u00e3o de Campinas conta com 613 empresas enquadradas como Alojamento, 2,5% maior que o n\u00famero de 2022.<\/p>\n\n\n\n<p>Vanderlei Costa, presidente do Campinas e Regi\u00e3o Convention &amp; Visitors Bureau (CRC&amp;VB), entidade que trabalha pelo fomento da hotelaria e do turismo na regi\u00e3o, ressalta que o setor de hospedagem da RMC j\u00e1 vem uma linha ascendente desde janeiro do ano passado, com a retomada dos eventos corporativos e a volta de diversos shows presenciais, o que levou os hot\u00e9is a estarem com mais de 60% de sua capacidade de ocupa\u00e7\u00e3o, \u00edndice que vem se mantendo em estabilidade ao longo do ano.<\/p>\n\n\n\n<p>Para ele, o turismo e eventos ainda representam 20% do movimento regional, o que poderia ser ampliado com atra\u00e7\u00f5es de show e maior divulga\u00e7\u00e3o das atra\u00e7\u00f5es tur\u00edsticas na regi\u00e3o. \u201cEmbora uma parcela significativa dos moradores desconhe\u00e7a, nossa regi\u00e3o tem diversas atra\u00e7\u00f5es e pontos tur\u00edsticos que podem ser melhor aproveitados e desfrutados nos finais de semana, o que elevaria ainda mais os gastos\u201d, comenta.<\/p>\n\n\n\n<p>O potencial de consumo na regi\u00e3o com viagens em forte expans\u00e3o, levou os empres\u00e1rios Eduardo Porto, Yandra Gon\u00e7alves e Augusto D\u2019Otaviano a criarem a ag\u00eancia Sports Trip neste ano, com foco em turismo esportivo, gastron\u00f4mico e de experi\u00eancia. \u201cDez dos maiores Produto Interno Bruto (PIBs) do Estado est\u00e3o na RMC, que por si s\u00f3 j\u00e1 mostra o grande potencial de consumo da regi\u00e3o para os pr\u00f3ximos anos\u201d, explica Porto.<\/p>","protected":false},"excerpt":{"rendered":"<p>Campinas, 03 de julho de 2023 &#8211; As viagens de passeios, turismo, hospedagens, alimenta\u00e7\u00e3o e passagens est\u00e1 entre as prioridades para este ano entre os moradores da Regi\u00e3o Metropolitana de Campinas (RMC). Os gastos com esses itens para 2023 devem somar R$ 2.163 bilh\u00f5es, contra R$ 1.970 bilh\u00e3o gasto no ano passado, o que representa [&hellip;]<\/p>\n","protected":false},"author":1,"featured_media":2161,"comment_status":"open","ping_status":"open","sticky":true,"template":"","format":"standard","meta":{"footnotes":""},"categories":[43],"tags":[],"class_list":["post-2167","post","type-post","status-publish","format-standard","has-post-thumbnail","hentry","category-negocios-e-economia","has-post-title","has-post-date","has-post-category","has-post-tag","has-post-comment","has-post-author",""],"yoast_head":"<!-- This site is optimized with the Yoast SEO plugin v27.4 - https:\/\/yoast.com\/product\/yoast-seo-wordpress\/ -->\n<title>Moradores da RMC devem gastar 9,8% a mais neste ano com viagens, turismo e hospedagens, aponta estudo do IPC Maps - Comunica\u00e7\u00e3o Estrat\u00e9gica<\/title>\n<meta name=\"robots\" content=\"index, follow, max-snippet:-1, max-image-preview:large, max-video-preview:-1\" \/>\n<link rel=\"canonical\" href=\"https:\/\/comunicacaoestrategicacps.com.br\/blog\/moradores-da-rmc-devem-gastar-98-a-mais-neste-ano-com-viagens-turismo-e-hospedagens-aponta-estudo-do-ipc-maps\/\" \/>\n<meta property=\"og:locale\" content=\"pt_BR\" \/>\n<meta property=\"og:type\" content=\"article\" \/>\n<meta property=\"og:title\" content=\"Moradores da RMC devem gastar 9,8% a mais neste ano com viagens, turismo e hospedagens, aponta estudo do IPC Maps - Comunica\u00e7\u00e3o Estrat\u00e9gica\" \/>\n<meta property=\"og:description\" content=\"Campinas, 03 de julho de 2023 &#8211; As viagens de passeios, turismo, hospedagens, alimenta\u00e7\u00e3o e passagens est\u00e1 entre as prioridades para este ano entre os moradores da Regi\u00e3o Metropolitana de Campinas (RMC). Os gastos com esses itens para 2023 devem somar R$ 2.163 bilh\u00f5es, contra R$ 1.970 bilh\u00e3o gasto no ano passado, o que representa [&hellip;]\" \/>\n<meta property=\"og:url\" content=\"https:\/\/comunicacaoestrategicacps.com.br\/blog\/moradores-da-rmc-devem-gastar-98-a-mais-neste-ano-com-viagens-turismo-e-hospedagens-aponta-estudo-do-ipc-maps\/\" \/>\n<meta property=\"og:site_name\" content=\"Comunica\u00e7\u00e3o Estrat\u00e9gica\" \/>\n<meta property=\"article:published_time\" content=\"2023-07-11T12:46:10+00:00\" \/>\n<meta property=\"og:image\" content=\"https:\/\/comunicacaoestrategicacps.com.br\/blog\/wp-content\/uploads\/2023\/06\/Hotel-Concept-Campinas_18.jpg\" \/>\n\t<meta property=\"og:image:width\" content=\"1133\" \/>\n\t<meta property=\"og:image:height\" content=\"899\" \/>\n\t<meta property=\"og:image:type\" content=\"image\/jpeg\" \/>\n<meta name=\"author\" content=\"admin\" \/>\n<meta name=\"twitter:card\" content=\"summary_large_image\" \/>\n<meta name=\"twitter:label1\" content=\"Escrito por\" \/>\n\t<meta name=\"twitter:data1\" content=\"admin\" \/>\n\t<meta name=\"twitter:label2\" content=\"Est. tempo de leitura\" \/>\n\t<meta name=\"twitter:data2\" content=\"3 minutos\" \/>\n<script type=\"application\/ld+json\" class=\"yoast-schema-graph\">{\"@context\":\"https:\\\/\\\/schema.org\",\"@graph\":[{\"@type\":\"Article\",\"@id\":\"https:\\\/\\\/comunicacaoestrategicacps.com.br\\\/blog\\\/moradores-da-rmc-devem-gastar-98-a-mais-neste-ano-com-viagens-turismo-e-hospedagens-aponta-estudo-do-ipc-maps\\\/#article\",\"isPartOf\":{\"@id\":\"https:\\\/\\\/comunicacaoestrategicacps.com.br\\\/blog\\\/moradores-da-rmc-devem-gastar-98-a-mais-neste-ano-com-viagens-turismo-e-hospedagens-aponta-estudo-do-ipc-maps\\\/\"},\"author\":{\"name\":\"admin\",\"@id\":\"https:\\\/\\\/comunicacaoestrategicacps.com.br\\\/blog\\\/#\\\/schema\\\/person\\\/8d447568a01edd36a56dbbcb702b02fc\"},\"headline\":\"Moradores da RMC devem gastar 9,8% a mais neste ano com viagens, turismo e hospedagens, aponta estudo do IPC Maps\",\"datePublished\":\"2023-07-11T12:46:10+00:00\",\"mainEntityOfPage\":{\"@id\":\"https:\\\/\\\/comunicacaoestrategicacps.com.br\\\/blog\\\/moradores-da-rmc-devem-gastar-98-a-mais-neste-ano-com-viagens-turismo-e-hospedagens-aponta-estudo-do-ipc-maps\\\/\"},\"wordCount\":452,\"commentCount\":0,\"image\":{\"@id\":\"https:\\\/\\\/comunicacaoestrategicacps.com.br\\\/blog\\\/moradores-da-rmc-devem-gastar-98-a-mais-neste-ano-com-viagens-turismo-e-hospedagens-aponta-estudo-do-ipc-maps\\\/#primaryimage\"},\"thumbnailUrl\":\"https:\\\/\\\/comunicacaoestrategicacps.com.br\\\/blog\\\/wp-content\\\/uploads\\\/2023\\\/06\\\/Hotel-Concept-Campinas_18.jpg\",\"articleSection\":[\"Neg\u00f3cios e Economia\"],\"inLanguage\":\"pt-BR\",\"potentialAction\":[{\"@type\":\"CommentAction\",\"name\":\"Comment\",\"target\":[\"https:\\\/\\\/comunicacaoestrategicacps.com.br\\\/blog\\\/moradores-da-rmc-devem-gastar-98-a-mais-neste-ano-com-viagens-turismo-e-hospedagens-aponta-estudo-do-ipc-maps\\\/#respond\"]}]},{\"@type\":\"WebPage\",\"@id\":\"https:\\\/\\\/comunicacaoestrategicacps.com.br\\\/blog\\\/moradores-da-rmc-devem-gastar-98-a-mais-neste-ano-com-viagens-turismo-e-hospedagens-aponta-estudo-do-ipc-maps\\\/\",\"url\":\"https:\\\/\\\/comunicacaoestrategicacps.com.br\\\/blog\\\/moradores-da-rmc-devem-gastar-98-a-mais-neste-ano-com-viagens-turismo-e-hospedagens-aponta-estudo-do-ipc-maps\\\/\",\"name\":\"Moradores da RMC devem gastar 9,8% a mais neste ano com viagens, turismo e hospedagens, aponta estudo do IPC Maps - Comunica\u00e7\u00e3o Estrat\u00e9gica\",\"isPartOf\":{\"@id\":\"https:\\\/\\\/comunicacaoestrategicacps.com.br\\\/blog\\\/#website\"},\"primaryImageOfPage\":{\"@id\":\"https:\\\/\\\/comunicacaoestrategicacps.com.br\\\/blog\\\/moradores-da-rmc-devem-gastar-98-a-mais-neste-ano-com-viagens-turismo-e-hospedagens-aponta-estudo-do-ipc-maps\\\/#primaryimage\"},\"image\":{\"@id\":\"https:\\\/\\\/comunicacaoestrategicacps.com.br\\\/blog\\\/moradores-da-rmc-devem-gastar-98-a-mais-neste-ano-com-viagens-turismo-e-hospedagens-aponta-estudo-do-ipc-maps\\\/#primaryimage\"},\"thumbnailUrl\":\"https:\\\/\\\/comunicacaoestrategicacps.com.br\\\/blog\\\/wp-content\\\/uploads\\\/2023\\\/06\\\/Hotel-Concept-Campinas_18.jpg\",\"datePublished\":\"2023-07-11T12:46:10+00:00\",\"author\":{\"@id\":\"https:\\\/\\\/comunicacaoestrategicacps.com.br\\\/blog\\\/#\\\/schema\\\/person\\\/8d447568a01edd36a56dbbcb702b02fc\"},\"breadcrumb\":{\"@id\":\"https:\\\/\\\/comunicacaoestrategicacps.com.br\\\/blog\\\/moradores-da-rmc-devem-gastar-98-a-mais-neste-ano-com-viagens-turismo-e-hospedagens-aponta-estudo-do-ipc-maps\\\/#breadcrumb\"},\"inLanguage\":\"pt-BR\",\"potentialAction\":[{\"@type\":\"ReadAction\",\"target\":[\"https:\\\/\\\/comunicacaoestrategicacps.com.br\\\/blog\\\/moradores-da-rmc-devem-gastar-98-a-mais-neste-ano-com-viagens-turismo-e-hospedagens-aponta-estudo-do-ipc-maps\\\/\"]}]},{\"@type\":\"ImageObject\",\"inLanguage\":\"pt-BR\",\"@id\":\"https:\\\/\\\/comunicacaoestrategicacps.com.br\\\/blog\\\/moradores-da-rmc-devem-gastar-98-a-mais-neste-ano-com-viagens-turismo-e-hospedagens-aponta-estudo-do-ipc-maps\\\/#primaryimage\",\"url\":\"https:\\\/\\\/comunicacaoestrategicacps.com.br\\\/blog\\\/wp-content\\\/uploads\\\/2023\\\/06\\\/Hotel-Concept-Campinas_18.jpg\",\"contentUrl\":\"https:\\\/\\\/comunicacaoestrategicacps.com.br\\\/blog\\\/wp-content\\\/uploads\\\/2023\\\/06\\\/Hotel-Concept-Campinas_18.jpg\",\"width\":1133,\"height\":899},{\"@type\":\"BreadcrumbList\",\"@id\":\"https:\\\/\\\/comunicacaoestrategicacps.com.br\\\/blog\\\/moradores-da-rmc-devem-gastar-98-a-mais-neste-ano-com-viagens-turismo-e-hospedagens-aponta-estudo-do-ipc-maps\\\/#breadcrumb\",\"itemListElement\":[{\"@type\":\"ListItem\",\"position\":1,\"name\":\"In\u00edcio\",\"item\":\"https:\\\/\\\/comunicacaoestrategicacps.com.br\\\/blog\\\/\"},{\"@type\":\"ListItem\",\"position\":2,\"name\":\"Moradores da RMC devem gastar 9,8% a mais neste ano com viagens, turismo e hospedagens, aponta estudo do IPC Maps\"}]},{\"@type\":\"WebSite\",\"@id\":\"https:\\\/\\\/comunicacaoestrategicacps.com.br\\\/blog\\\/#website\",\"url\":\"https:\\\/\\\/comunicacaoestrategicacps.com.br\\\/blog\\\/\",\"name\":\"Comunica\u00e7\u00e3o Estrat\u00e9gica\",\"description\":\"Comunica\u00e7\u00e3o Estrat\u00e9gica  - Assessoria de Imprensa\",\"potentialAction\":[{\"@type\":\"SearchAction\",\"target\":{\"@type\":\"EntryPoint\",\"urlTemplate\":\"https:\\\/\\\/comunicacaoestrategicacps.com.br\\\/blog\\\/?s={search_term_string}\"},\"query-input\":{\"@type\":\"PropertyValueSpecification\",\"valueRequired\":true,\"valueName\":\"search_term_string\"}}],\"inLanguage\":\"pt-BR\"},{\"@type\":\"Person\",\"@id\":\"https:\\\/\\\/comunicacaoestrategicacps.com.br\\\/blog\\\/#\\\/schema\\\/person\\\/8d447568a01edd36a56dbbcb702b02fc\",\"name\":\"admin\",\"image\":{\"@type\":\"ImageObject\",\"inLanguage\":\"pt-BR\",\"@id\":\"https:\\\/\\\/secure.gravatar.com\\\/avatar\\\/2cc026ea89b57b9d913d4ce5b90a0490046c0c9048a129e24cc44313a90d3f77?s=96&d=mm&r=g\",\"url\":\"https:\\\/\\\/secure.gravatar.com\\\/avatar\\\/2cc026ea89b57b9d913d4ce5b90a0490046c0c9048a129e24cc44313a90d3f77?s=96&d=mm&r=g\",\"contentUrl\":\"https:\\\/\\\/secure.gravatar.com\\\/avatar\\\/2cc026ea89b57b9d913d4ce5b90a0490046c0c9048a129e24cc44313a90d3f77?s=96&d=mm&r=g\",\"caption\":\"admin\"},\"url\":\"https:\\\/\\\/comunicacaoestrategicacps.com.br\\\/blog\\\/author\\\/admin\\\/\"}]}<\/script>\n<!-- \/ Yoast SEO plugin. -->","yoast_head_json":{"title":"Moradores da RMC devem gastar 9,8% a mais neste ano com viagens, turismo e hospedagens, aponta estudo do IPC Maps - Comunica\u00e7\u00e3o Estrat\u00e9gica","robots":{"index":"index","follow":"follow","max-snippet":"max-snippet:-1","max-image-preview":"max-image-preview:large","max-video-preview":"max-video-preview:-1"},"canonical":"https:\/\/comunicacaoestrategicacps.com.br\/blog\/moradores-da-rmc-devem-gastar-98-a-mais-neste-ano-com-viagens-turismo-e-hospedagens-aponta-estudo-do-ipc-maps\/","og_locale":"pt_BR","og_type":"article","og_title":"Moradores da RMC devem gastar 9,8% a mais neste ano com viagens, turismo e hospedagens, aponta estudo do IPC Maps - Comunica\u00e7\u00e3o Estrat\u00e9gica","og_description":"Campinas, 03 de julho de 2023 &#8211; As viagens de passeios, turismo, hospedagens, alimenta\u00e7\u00e3o e passagens est\u00e1 entre as prioridades para este ano entre os moradores da Regi\u00e3o Metropolitana de Campinas (RMC). Os gastos com esses itens para 2023 devem somar R$ 2.163 bilh\u00f5es, contra R$ 1.970 bilh\u00e3o gasto no ano passado, o que representa [&hellip;]","og_url":"https:\/\/comunicacaoestrategicacps.com.br\/blog\/moradores-da-rmc-devem-gastar-98-a-mais-neste-ano-com-viagens-turismo-e-hospedagens-aponta-estudo-do-ipc-maps\/","og_site_name":"Comunica\u00e7\u00e3o Estrat\u00e9gica","article_published_time":"2023-07-11T12:46:10+00:00","og_image":[{"width":1133,"height":899,"url":"https:\/\/comunicacaoestrategicacps.com.br\/blog\/wp-content\/uploads\/2023\/06\/Hotel-Concept-Campinas_18.jpg","type":"image\/jpeg"}],"author":"admin","twitter_card":"summary_large_image","twitter_misc":{"Escrito por":"admin","Est. tempo de leitura":"3 minutos"},"schema":{"@context":"https:\/\/schema.org","@graph":[{"@type":"Article","@id":"https:\/\/comunicacaoestrategicacps.com.br\/blog\/moradores-da-rmc-devem-gastar-98-a-mais-neste-ano-com-viagens-turismo-e-hospedagens-aponta-estudo-do-ipc-maps\/#article","isPartOf":{"@id":"https:\/\/comunicacaoestrategicacps.com.br\/blog\/moradores-da-rmc-devem-gastar-98-a-mais-neste-ano-com-viagens-turismo-e-hospedagens-aponta-estudo-do-ipc-maps\/"},"author":{"name":"admin","@id":"https:\/\/comunicacaoestrategicacps.com.br\/blog\/#\/schema\/person\/8d447568a01edd36a56dbbcb702b02fc"},"headline":"Moradores da RMC devem gastar 9,8% a mais neste ano com viagens, turismo e hospedagens, aponta estudo do IPC Maps","datePublished":"2023-07-11T12:46:10+00:00","mainEntityOfPage":{"@id":"https:\/\/comunicacaoestrategicacps.com.br\/blog\/moradores-da-rmc-devem-gastar-98-a-mais-neste-ano-com-viagens-turismo-e-hospedagens-aponta-estudo-do-ipc-maps\/"},"wordCount":452,"commentCount":0,"image":{"@id":"https:\/\/comunicacaoestrategicacps.com.br\/blog\/moradores-da-rmc-devem-gastar-98-a-mais-neste-ano-com-viagens-turismo-e-hospedagens-aponta-estudo-do-ipc-maps\/#primaryimage"},"thumbnailUrl":"https:\/\/comunicacaoestrategicacps.com.br\/blog\/wp-content\/uploads\/2023\/06\/Hotel-Concept-Campinas_18.jpg","articleSection":["Neg\u00f3cios e Economia"],"inLanguage":"pt-BR","potentialAction":[{"@type":"CommentAction","name":"Comment","target":["https:\/\/comunicacaoestrategicacps.com.br\/blog\/moradores-da-rmc-devem-gastar-98-a-mais-neste-ano-com-viagens-turismo-e-hospedagens-aponta-estudo-do-ipc-maps\/#respond"]}]},{"@type":"WebPage","@id":"https:\/\/comunicacaoestrategicacps.com.br\/blog\/moradores-da-rmc-devem-gastar-98-a-mais-neste-ano-com-viagens-turismo-e-hospedagens-aponta-estudo-do-ipc-maps\/","url":"https:\/\/comunicacaoestrategicacps.com.br\/blog\/moradores-da-rmc-devem-gastar-98-a-mais-neste-ano-com-viagens-turismo-e-hospedagens-aponta-estudo-do-ipc-maps\/","name":"Moradores da RMC devem gastar 9,8% a mais neste ano com viagens, turismo e hospedagens, aponta estudo do IPC Maps - Comunica\u00e7\u00e3o Estrat\u00e9gica","isPartOf":{"@id":"https:\/\/comunicacaoestrategicacps.com.br\/blog\/#website"},"primaryImageOfPage":{"@id":"https:\/\/comunicacaoestrategicacps.com.br\/blog\/moradores-da-rmc-devem-gastar-98-a-mais-neste-ano-com-viagens-turismo-e-hospedagens-aponta-estudo-do-ipc-maps\/#primaryimage"},"image":{"@id":"https:\/\/comunicacaoestrategicacps.com.br\/blog\/moradores-da-rmc-devem-gastar-98-a-mais-neste-ano-com-viagens-turismo-e-hospedagens-aponta-estudo-do-ipc-maps\/#primaryimage"},"thumbnailUrl":"https:\/\/comunicacaoestrategicacps.com.br\/blog\/wp-content\/uploads\/2023\/06\/Hotel-Concept-Campinas_18.jpg","datePublished":"2023-07-11T12:46:10+00:00","author":{"@id":"https:\/\/comunicacaoestrategicacps.com.br\/blog\/#\/schema\/person\/8d447568a01edd36a56dbbcb702b02fc"},"breadcrumb":{"@id":"https:\/\/comunicacaoestrategicacps.com.br\/blog\/moradores-da-rmc-devem-gastar-98-a-mais-neste-ano-com-viagens-turismo-e-hospedagens-aponta-estudo-do-ipc-maps\/#breadcrumb"},"inLanguage":"pt-BR","potentialAction":[{"@type":"ReadAction","target":["https:\/\/comunicacaoestrategicacps.com.br\/blog\/moradores-da-rmc-devem-gastar-98-a-mais-neste-ano-com-viagens-turismo-e-hospedagens-aponta-estudo-do-ipc-maps\/"]}]},{"@type":"ImageObject","inLanguage":"pt-BR","@id":"https:\/\/comunicacaoestrategicacps.com.br\/blog\/moradores-da-rmc-devem-gastar-98-a-mais-neste-ano-com-viagens-turismo-e-hospedagens-aponta-estudo-do-ipc-maps\/#primaryimage","url":"https:\/\/comunicacaoestrategicacps.com.br\/blog\/wp-content\/uploads\/2023\/06\/Hotel-Concept-Campinas_18.jpg","contentUrl":"https:\/\/comunicacaoestrategicacps.com.br\/blog\/wp-content\/uploads\/2023\/06\/Hotel-Concept-Campinas_18.jpg","width":1133,"height":899},{"@type":"BreadcrumbList","@id":"https:\/\/comunicacaoestrategicacps.com.br\/blog\/moradores-da-rmc-devem-gastar-98-a-mais-neste-ano-com-viagens-turismo-e-hospedagens-aponta-estudo-do-ipc-maps\/#breadcrumb","itemListElement":[{"@type":"ListItem","position":1,"name":"In\u00edcio","item":"https:\/\/comunicacaoestrategicacps.com.br\/blog\/"},{"@type":"ListItem","position":2,"name":"Moradores da RMC devem gastar 9,8% a mais neste ano com viagens, turismo e hospedagens, aponta estudo do IPC Maps"}]},{"@type":"WebSite","@id":"https:\/\/comunicacaoestrategicacps.com.br\/blog\/#website","url":"https:\/\/comunicacaoestrategicacps.com.br\/blog\/","name":"Comunica\u00e7\u00e3o Estrat\u00e9gica","description":"Comunica\u00e7\u00e3o Estrat\u00e9gica  - Assessoria de Imprensa","potentialAction":[{"@type":"SearchAction","target":{"@type":"EntryPoint","urlTemplate":"https:\/\/comunicacaoestrategicacps.com.br\/blog\/?s={search_term_string}"},"query-input":{"@type":"PropertyValueSpecification","valueRequired":true,"valueName":"search_term_string"}}],"inLanguage":"pt-BR"},{"@type":"Person","@id":"https:\/\/comunicacaoestrategicacps.com.br\/blog\/#\/schema\/person\/8d447568a01edd36a56dbbcb702b02fc","name":"admin","image":{"@type":"ImageObject","inLanguage":"pt-BR","@id":"https:\/\/secure.gravatar.com\/avatar\/2cc026ea89b57b9d913d4ce5b90a0490046c0c9048a129e24cc44313a90d3f77?s=96&d=mm&r=g","url":"https:\/\/secure.gravatar.com\/avatar\/2cc026ea89b57b9d913d4ce5b90a0490046c0c9048a129e24cc44313a90d3f77?s=96&d=mm&r=g","contentUrl":"https:\/\/secure.gravatar.com\/avatar\/2cc026ea89b57b9d913d4ce5b90a0490046c0c9048a129e24cc44313a90d3f77?s=96&d=mm&r=g","caption":"admin"},"url":"https:\/\/comunicacaoestrategicacps.com.br\/blog\/author\/admin\/"}]}},"builder_content":"","_links":{"self":[{"href":"https:\/\/comunicacaoestrategicacps.com.br\/blog\/wp-json\/wp\/v2\/posts\/2167","targetHints":{"allow":["GET"]}}],"collection":[{"href":"https:\/\/comunicacaoestrategicacps.com.br\/blog\/wp-json\/wp\/v2\/posts"}],"about":[{"href":"https:\/\/comunicacaoestrategicacps.com.br\/blog\/wp-json\/wp\/v2\/types\/post"}],"author":[{"embeddable":true,"href":"https:\/\/comunicacaoestrategicacps.com.br\/blog\/wp-json\/wp\/v2\/users\/1"}],"replies":[{"embeddable":true,"href":"https:\/\/comunicacaoestrategicacps.com.br\/blog\/wp-json\/wp\/v2\/comments?post=2167"}],"version-history":[{"count":1,"href":"https:\/\/comunicacaoestrategicacps.com.br\/blog\/wp-json\/wp\/v2\/posts\/2167\/revisions"}],"predecessor-version":[{"id":2168,"href":"https:\/\/comunicacaoestrategicacps.com.br\/blog\/wp-json\/wp\/v2\/posts\/2167\/revisions\/2168"}],"wp:featuredmedia":[{"embeddable":true,"href":"https:\/\/comunicacaoestrategicacps.com.br\/blog\/wp-json\/wp\/v2\/media\/2161"}],"wp:attachment":[{"href":"https:\/\/comunicacaoestrategicacps.com.br\/blog\/wp-json\/wp\/v2\/media?parent=2167"}],"wp:term":[{"taxonomy":"category","embeddable":true,"href":"https:\/\/comunicacaoestrategicacps.com.br\/blog\/wp-json\/wp\/v2\/categories?post=2167"},{"taxonomy":"post_tag","embeddable":true,"href":"https:\/\/comunicacaoestrategicacps.com.br\/blog\/wp-json\/wp\/v2\/tags?post=2167"}],"curies":[{"name":"wp","href":"https:\/\/api.w.org\/{rel}","templated":true}]}}