{"id":2181,"date":"2023-07-11T09:58:48","date_gmt":"2023-07-11T12:58:48","guid":{"rendered":"https:\/\/comunicacaoestrategicacps.com.br\/blog\/?p=2181"},"modified":"2023-07-11T09:58:48","modified_gmt":"2023-07-11T12:58:48","slug":"abrasel-comemora-aliquota-especial-para-bares-e-restaurantes-na-reforma-tributaria","status":"publish","type":"post","link":"https:\/\/comunicacaoestrategicacps.com.br\/blog\/abrasel-comemora-aliquota-especial-para-bares-e-restaurantes-na-reforma-tributaria\/","title":{"rendered":"Abrasel comemora al\u00edquota especial para bares e restaurantes na reforma tribut\u00e1ria"},"content":{"rendered":"<!--themify_builder_content-->\n<div id=\"themify_builder_content-2181\" data-postid=\"2181\" class=\"themify_builder_content themify_builder_content-2181 themify_builder tf_clear\">\n    <\/div>\n<!--\/themify_builder_content-->\n\n\n<figure class=\"wp-block-image size-large\"><img loading=\"lazy\" decoding=\"async\" width=\"1024\" height=\"682\" src=\"https:\/\/comunicacaoestrategicacps.com.br\/blog\/wp-content\/uploads\/2023\/06\/Matheus-mason-01-1024x682.jpg\" alt=\"\" class=\"wp-image-2107\" srcset=\"https:\/\/comunicacaoestrategicacps.com.br\/blog\/wp-content\/uploads\/2023\/06\/Matheus-mason-01-1024x682.jpg 1024w, https:\/\/comunicacaoestrategicacps.com.br\/blog\/wp-content\/uploads\/2023\/06\/Matheus-mason-01-300x200.jpg 300w, https:\/\/comunicacaoestrategicacps.com.br\/blog\/wp-content\/uploads\/2023\/06\/Matheus-mason-01-768x512.jpg 768w, https:\/\/comunicacaoestrategicacps.com.br\/blog\/wp-content\/uploads\/2023\/06\/Matheus-mason-01.jpg 1280w\" sizes=\"auto, (max-width: 1024px) 100vw, 1024px\" \/><\/figure>\n\n\n\n<p><em>Acordo permite que setor esteja entre os que ter\u00e3o tratamento especial, com al\u00edquota definida em 2024 por lei complementar<\/em><\/p>\n\n\n\n<p><strong>Campinas, 07 de julho de 2023<\/strong> &#8211; A Proposta de Emenda \u00e0 Constitui\u00e7\u00e3o que trata da reforma tribut\u00e1ria no Congresso trar\u00e1 no texto um tratamento diferenciado aos bares e restaurantes, com uma al\u00edquota especial \u00e0s empresas do setor que est\u00e3o no regime de lucro real ou de lucro presumido. O acordo foi costurado nesta quinta-feira (06) pela Abrasel com o apoio de parlamentares da Frente de Com\u00e9rcio e Servi\u00e7os, de integrantes do grupo de trabalho da reforma tribut\u00e1ria e de representantes do governo federal. A decis\u00e3o traz al\u00edvio ao setor, que corria o risco de ter um aumento de mais de 100% na carga tribut\u00e1ria para os optantes desses dois regimes. A al\u00edquota diferenciada ser\u00e1 estabelecida em 2024.<\/p>\n\n\n\n<p>Segundo o presidente da Abrasel, Paulo Solmucci, \u201cpara quem est\u00e1 no Simples, nada muda. Por\u00e9m, se fosse aplicada a al\u00edquota cheia, de 25%, haveria um aumento estimado de mais de 100% para quem est\u00e1 nos regimes tribut\u00e1rios de lucro real e lucro presumido, algo inadmiss\u00edvel. Com o acordo, o nosso setor estar\u00e1 entre aqueles, como educa\u00e7\u00e3o e sa\u00fade, que ter\u00e3o uma al\u00edquota diferenciada, a ser estabelecida no ano que vem. Foi uma vit\u00f3ria importante, e vale destacar o trabalho do deputado Domingos S\u00e1vio (PL-MG), que lidera a Frente de Com\u00e9rcio e Servi\u00e7os, do deputado Luiz Gast\u00e3o (PSD-CE), do deputado Reginaldo Lopes (PT-MG), que coordenou o grupo da reforma, com o apoio do ministro Fernando Haddad. \u00c9 uma vit\u00f3ria que nos permite respirar, com a certeza de que o texto est\u00e1 mais de acordo com a import\u00e2ncia do nosso setor para o pa\u00eds\u201d.<\/p>\n\n\n\n<p>Ele completa: \u201ca nossa certeza \u00e9 de que a reforma \u00e9 necess\u00e1ria para simplificar o empreender, facilitar a vida do cidad\u00e3o e acabar coma guerra fiscal. Feita de modo equilibrado, ir\u00e1 trazer mais produtividade e efici\u00eancia a todos\u201d.<\/p>\n\n\n\n<p>O presidente da Abrasel Regional Campinas, Matheus Mason, ressalta que todo o setor estava muito preocupado com a Reforma Tribut\u00e1ria, j\u00e1 que havia a expectativa de um aumento ainda maior na carga dos servi\u00e7os, que poderia causar \u201cenormes preju\u00edzos\u201d, com fechamento de estabelecimentos e perda de postos de trabalho. \u201cApesar de estarmos em um per\u00edodo de franca recupera\u00e7\u00e3o, mas ainda com um n\u00famero elevado de empresas performando em preju\u00edzo, a preocupa\u00e7\u00e3o era enorme\u201d, conta.<\/p>\n\n\n\n<p>\u201cO setor de alimenta\u00e7\u00e3o fora do lar \u00e9 um segmento de grande import\u00e2ncia n\u00e3o apenas para o consumidor, mas para toda a economia por ser o maior empregador, com gera\u00e7\u00e3o de impostos, emprego e renda para milhares de fam\u00edlias, o que n\u00e3o fazia sentido um aumento ainda maior da carga tribut\u00e1ria\u201d, completa Mason.<\/p>","protected":false},"excerpt":{"rendered":"<p>Acordo permite que setor esteja entre os que ter\u00e3o tratamento especial, com al\u00edquota definida em 2024 por lei complementar Campinas, 07 de julho de 2023 &#8211; A Proposta de Emenda \u00e0 Constitui\u00e7\u00e3o que trata da reforma tribut\u00e1ria no Congresso trar\u00e1 no texto um tratamento diferenciado aos bares e restaurantes, com uma al\u00edquota especial \u00e0s empresas [&hellip;]<\/p>\n","protected":false},"author":1,"featured_media":2107,"comment_status":"open","ping_status":"open","sticky":true,"template":"","format":"standard","meta":{"footnotes":""},"categories":[43],"tags":[],"class_list":["post-2181","post","type-post","status-publish","format-standard","has-post-thumbnail","hentry","category-negocios-e-economia","has-post-title","has-post-date","has-post-category","has-post-tag","has-post-comment","has-post-author",""],"yoast_head":"<!-- This site is optimized with the Yoast SEO plugin v27.4 - https:\/\/yoast.com\/product\/yoast-seo-wordpress\/ -->\n<title>Abrasel comemora al\u00edquota especial para bares e restaurantes na reforma tribut\u00e1ria - Comunica\u00e7\u00e3o Estrat\u00e9gica<\/title>\n<meta name=\"robots\" content=\"index, follow, max-snippet:-1, max-image-preview:large, max-video-preview:-1\" \/>\n<link rel=\"canonical\" href=\"https:\/\/comunicacaoestrategicacps.com.br\/blog\/abrasel-comemora-aliquota-especial-para-bares-e-restaurantes-na-reforma-tributaria\/\" \/>\n<meta property=\"og:locale\" content=\"pt_BR\" \/>\n<meta property=\"og:type\" content=\"article\" \/>\n<meta property=\"og:title\" content=\"Abrasel comemora al\u00edquota especial para bares e restaurantes na reforma tribut\u00e1ria - Comunica\u00e7\u00e3o Estrat\u00e9gica\" \/>\n<meta property=\"og:description\" content=\"Acordo permite que setor esteja entre os que ter\u00e3o tratamento especial, com al\u00edquota definida em 2024 por lei complementar Campinas, 07 de julho de 2023 &#8211; A Proposta de Emenda \u00e0 Constitui\u00e7\u00e3o que trata da reforma tribut\u00e1ria no Congresso trar\u00e1 no texto um tratamento diferenciado aos bares e restaurantes, com uma al\u00edquota especial \u00e0s empresas [&hellip;]\" \/>\n<meta property=\"og:url\" content=\"https:\/\/comunicacaoestrategicacps.com.br\/blog\/abrasel-comemora-aliquota-especial-para-bares-e-restaurantes-na-reforma-tributaria\/\" \/>\n<meta property=\"og:site_name\" content=\"Comunica\u00e7\u00e3o Estrat\u00e9gica\" \/>\n<meta property=\"article:published_time\" content=\"2023-07-11T12:58:48+00:00\" \/>\n<meta property=\"og:image\" content=\"https:\/\/comunicacaoestrategicacps.com.br\/blog\/wp-content\/uploads\/2023\/06\/Matheus-mason-01.jpg\" \/>\n\t<meta property=\"og:image:width\" content=\"1280\" \/>\n\t<meta property=\"og:image:height\" content=\"853\" \/>\n\t<meta property=\"og:image:type\" content=\"image\/jpeg\" \/>\n<meta name=\"author\" content=\"admin\" \/>\n<meta name=\"twitter:card\" content=\"summary_large_image\" \/>\n<meta name=\"twitter:label1\" content=\"Escrito por\" \/>\n\t<meta name=\"twitter:data1\" content=\"admin\" \/>\n\t<meta name=\"twitter:label2\" content=\"Est. tempo de leitura\" \/>\n\t<meta name=\"twitter:data2\" content=\"3 minutos\" \/>\n<script type=\"application\/ld+json\" class=\"yoast-schema-graph\">{\"@context\":\"https:\\\/\\\/schema.org\",\"@graph\":[{\"@type\":\"Article\",\"@id\":\"https:\\\/\\\/comunicacaoestrategicacps.com.br\\\/blog\\\/abrasel-comemora-aliquota-especial-para-bares-e-restaurantes-na-reforma-tributaria\\\/#article\",\"isPartOf\":{\"@id\":\"https:\\\/\\\/comunicacaoestrategicacps.com.br\\\/blog\\\/abrasel-comemora-aliquota-especial-para-bares-e-restaurantes-na-reforma-tributaria\\\/\"},\"author\":{\"name\":\"admin\",\"@id\":\"https:\\\/\\\/comunicacaoestrategicacps.com.br\\\/blog\\\/#\\\/schema\\\/person\\\/8d447568a01edd36a56dbbcb702b02fc\"},\"headline\":\"Abrasel comemora al\u00edquota especial para bares e restaurantes na reforma tribut\u00e1ria\",\"datePublished\":\"2023-07-11T12:58:48+00:00\",\"mainEntityOfPage\":{\"@id\":\"https:\\\/\\\/comunicacaoestrategicacps.com.br\\\/blog\\\/abrasel-comemora-aliquota-especial-para-bares-e-restaurantes-na-reforma-tributaria\\\/\"},\"wordCount\":491,\"commentCount\":0,\"image\":{\"@id\":\"https:\\\/\\\/comunicacaoestrategicacps.com.br\\\/blog\\\/abrasel-comemora-aliquota-especial-para-bares-e-restaurantes-na-reforma-tributaria\\\/#primaryimage\"},\"thumbnailUrl\":\"https:\\\/\\\/comunicacaoestrategicacps.com.br\\\/blog\\\/wp-content\\\/uploads\\\/2023\\\/06\\\/Matheus-mason-01.jpg\",\"articleSection\":[\"Neg\u00f3cios e Economia\"],\"inLanguage\":\"pt-BR\",\"potentialAction\":[{\"@type\":\"CommentAction\",\"name\":\"Comment\",\"target\":[\"https:\\\/\\\/comunicacaoestrategicacps.com.br\\\/blog\\\/abrasel-comemora-aliquota-especial-para-bares-e-restaurantes-na-reforma-tributaria\\\/#respond\"]}]},{\"@type\":\"WebPage\",\"@id\":\"https:\\\/\\\/comunicacaoestrategicacps.com.br\\\/blog\\\/abrasel-comemora-aliquota-especial-para-bares-e-restaurantes-na-reforma-tributaria\\\/\",\"url\":\"https:\\\/\\\/comunicacaoestrategicacps.com.br\\\/blog\\\/abrasel-comemora-aliquota-especial-para-bares-e-restaurantes-na-reforma-tributaria\\\/\",\"name\":\"Abrasel comemora al\u00edquota especial para bares e restaurantes na reforma tribut\u00e1ria - Comunica\u00e7\u00e3o Estrat\u00e9gica\",\"isPartOf\":{\"@id\":\"https:\\\/\\\/comunicacaoestrategicacps.com.br\\\/blog\\\/#website\"},\"primaryImageOfPage\":{\"@id\":\"https:\\\/\\\/comunicacaoestrategicacps.com.br\\\/blog\\\/abrasel-comemora-aliquota-especial-para-bares-e-restaurantes-na-reforma-tributaria\\\/#primaryimage\"},\"image\":{\"@id\":\"https:\\\/\\\/comunicacaoestrategicacps.com.br\\\/blog\\\/abrasel-comemora-aliquota-especial-para-bares-e-restaurantes-na-reforma-tributaria\\\/#primaryimage\"},\"thumbnailUrl\":\"https:\\\/\\\/comunicacaoestrategicacps.com.br\\\/blog\\\/wp-content\\\/uploads\\\/2023\\\/06\\\/Matheus-mason-01.jpg\",\"datePublished\":\"2023-07-11T12:58:48+00:00\",\"author\":{\"@id\":\"https:\\\/\\\/comunicacaoestrategicacps.com.br\\\/blog\\\/#\\\/schema\\\/person\\\/8d447568a01edd36a56dbbcb702b02fc\"},\"breadcrumb\":{\"@id\":\"https:\\\/\\\/comunicacaoestrategicacps.com.br\\\/blog\\\/abrasel-comemora-aliquota-especial-para-bares-e-restaurantes-na-reforma-tributaria\\\/#breadcrumb\"},\"inLanguage\":\"pt-BR\",\"potentialAction\":[{\"@type\":\"ReadAction\",\"target\":[\"https:\\\/\\\/comunicacaoestrategicacps.com.br\\\/blog\\\/abrasel-comemora-aliquota-especial-para-bares-e-restaurantes-na-reforma-tributaria\\\/\"]}]},{\"@type\":\"ImageObject\",\"inLanguage\":\"pt-BR\",\"@id\":\"https:\\\/\\\/comunicacaoestrategicacps.com.br\\\/blog\\\/abrasel-comemora-aliquota-especial-para-bares-e-restaurantes-na-reforma-tributaria\\\/#primaryimage\",\"url\":\"https:\\\/\\\/comunicacaoestrategicacps.com.br\\\/blog\\\/wp-content\\\/uploads\\\/2023\\\/06\\\/Matheus-mason-01.jpg\",\"contentUrl\":\"https:\\\/\\\/comunicacaoestrategicacps.com.br\\\/blog\\\/wp-content\\\/uploads\\\/2023\\\/06\\\/Matheus-mason-01.jpg\",\"width\":1280,\"height\":853},{\"@type\":\"BreadcrumbList\",\"@id\":\"https:\\\/\\\/comunicacaoestrategicacps.com.br\\\/blog\\\/abrasel-comemora-aliquota-especial-para-bares-e-restaurantes-na-reforma-tributaria\\\/#breadcrumb\",\"itemListElement\":[{\"@type\":\"ListItem\",\"position\":1,\"name\":\"In\u00edcio\",\"item\":\"https:\\\/\\\/comunicacaoestrategicacps.com.br\\\/blog\\\/\"},{\"@type\":\"ListItem\",\"position\":2,\"name\":\"Abrasel comemora al\u00edquota especial para bares e restaurantes na reforma tribut\u00e1ria\"}]},{\"@type\":\"WebSite\",\"@id\":\"https:\\\/\\\/comunicacaoestrategicacps.com.br\\\/blog\\\/#website\",\"url\":\"https:\\\/\\\/comunicacaoestrategicacps.com.br\\\/blog\\\/\",\"name\":\"Comunica\u00e7\u00e3o Estrat\u00e9gica\",\"description\":\"Comunica\u00e7\u00e3o Estrat\u00e9gica  - Assessoria de Imprensa\",\"potentialAction\":[{\"@type\":\"SearchAction\",\"target\":{\"@type\":\"EntryPoint\",\"urlTemplate\":\"https:\\\/\\\/comunicacaoestrategicacps.com.br\\\/blog\\\/?s={search_term_string}\"},\"query-input\":{\"@type\":\"PropertyValueSpecification\",\"valueRequired\":true,\"valueName\":\"search_term_string\"}}],\"inLanguage\":\"pt-BR\"},{\"@type\":\"Person\",\"@id\":\"https:\\\/\\\/comunicacaoestrategicacps.com.br\\\/blog\\\/#\\\/schema\\\/person\\\/8d447568a01edd36a56dbbcb702b02fc\",\"name\":\"admin\",\"image\":{\"@type\":\"ImageObject\",\"inLanguage\":\"pt-BR\",\"@id\":\"https:\\\/\\\/secure.gravatar.com\\\/avatar\\\/2cc026ea89b57b9d913d4ce5b90a0490046c0c9048a129e24cc44313a90d3f77?s=96&d=mm&r=g\",\"url\":\"https:\\\/\\\/secure.gravatar.com\\\/avatar\\\/2cc026ea89b57b9d913d4ce5b90a0490046c0c9048a129e24cc44313a90d3f77?s=96&d=mm&r=g\",\"contentUrl\":\"https:\\\/\\\/secure.gravatar.com\\\/avatar\\\/2cc026ea89b57b9d913d4ce5b90a0490046c0c9048a129e24cc44313a90d3f77?s=96&d=mm&r=g\",\"caption\":\"admin\"},\"url\":\"https:\\\/\\\/comunicacaoestrategicacps.com.br\\\/blog\\\/author\\\/admin\\\/\"}]}<\/script>\n<!-- \/ Yoast SEO plugin. -->","yoast_head_json":{"title":"Abrasel comemora al\u00edquota especial para bares e restaurantes na reforma tribut\u00e1ria - Comunica\u00e7\u00e3o Estrat\u00e9gica","robots":{"index":"index","follow":"follow","max-snippet":"max-snippet:-1","max-image-preview":"max-image-preview:large","max-video-preview":"max-video-preview:-1"},"canonical":"https:\/\/comunicacaoestrategicacps.com.br\/blog\/abrasel-comemora-aliquota-especial-para-bares-e-restaurantes-na-reforma-tributaria\/","og_locale":"pt_BR","og_type":"article","og_title":"Abrasel comemora al\u00edquota especial para bares e restaurantes na reforma tribut\u00e1ria - Comunica\u00e7\u00e3o Estrat\u00e9gica","og_description":"Acordo permite que setor esteja entre os que ter\u00e3o tratamento especial, com al\u00edquota definida em 2024 por lei complementar Campinas, 07 de julho de 2023 &#8211; A Proposta de Emenda \u00e0 Constitui\u00e7\u00e3o que trata da reforma tribut\u00e1ria no Congresso trar\u00e1 no texto um tratamento diferenciado aos bares e restaurantes, com uma al\u00edquota especial \u00e0s empresas [&hellip;]","og_url":"https:\/\/comunicacaoestrategicacps.com.br\/blog\/abrasel-comemora-aliquota-especial-para-bares-e-restaurantes-na-reforma-tributaria\/","og_site_name":"Comunica\u00e7\u00e3o Estrat\u00e9gica","article_published_time":"2023-07-11T12:58:48+00:00","og_image":[{"width":1280,"height":853,"url":"https:\/\/comunicacaoestrategicacps.com.br\/blog\/wp-content\/uploads\/2023\/06\/Matheus-mason-01.jpg","type":"image\/jpeg"}],"author":"admin","twitter_card":"summary_large_image","twitter_misc":{"Escrito por":"admin","Est. tempo de leitura":"3 minutos"},"schema":{"@context":"https:\/\/schema.org","@graph":[{"@type":"Article","@id":"https:\/\/comunicacaoestrategicacps.com.br\/blog\/abrasel-comemora-aliquota-especial-para-bares-e-restaurantes-na-reforma-tributaria\/#article","isPartOf":{"@id":"https:\/\/comunicacaoestrategicacps.com.br\/blog\/abrasel-comemora-aliquota-especial-para-bares-e-restaurantes-na-reforma-tributaria\/"},"author":{"name":"admin","@id":"https:\/\/comunicacaoestrategicacps.com.br\/blog\/#\/schema\/person\/8d447568a01edd36a56dbbcb702b02fc"},"headline":"Abrasel comemora al\u00edquota especial para bares e restaurantes na reforma tribut\u00e1ria","datePublished":"2023-07-11T12:58:48+00:00","mainEntityOfPage":{"@id":"https:\/\/comunicacaoestrategicacps.com.br\/blog\/abrasel-comemora-aliquota-especial-para-bares-e-restaurantes-na-reforma-tributaria\/"},"wordCount":491,"commentCount":0,"image":{"@id":"https:\/\/comunicacaoestrategicacps.com.br\/blog\/abrasel-comemora-aliquota-especial-para-bares-e-restaurantes-na-reforma-tributaria\/#primaryimage"},"thumbnailUrl":"https:\/\/comunicacaoestrategicacps.com.br\/blog\/wp-content\/uploads\/2023\/06\/Matheus-mason-01.jpg","articleSection":["Neg\u00f3cios e Economia"],"inLanguage":"pt-BR","potentialAction":[{"@type":"CommentAction","name":"Comment","target":["https:\/\/comunicacaoestrategicacps.com.br\/blog\/abrasel-comemora-aliquota-especial-para-bares-e-restaurantes-na-reforma-tributaria\/#respond"]}]},{"@type":"WebPage","@id":"https:\/\/comunicacaoestrategicacps.com.br\/blog\/abrasel-comemora-aliquota-especial-para-bares-e-restaurantes-na-reforma-tributaria\/","url":"https:\/\/comunicacaoestrategicacps.com.br\/blog\/abrasel-comemora-aliquota-especial-para-bares-e-restaurantes-na-reforma-tributaria\/","name":"Abrasel comemora al\u00edquota especial para bares e restaurantes na reforma tribut\u00e1ria - Comunica\u00e7\u00e3o Estrat\u00e9gica","isPartOf":{"@id":"https:\/\/comunicacaoestrategicacps.com.br\/blog\/#website"},"primaryImageOfPage":{"@id":"https:\/\/comunicacaoestrategicacps.com.br\/blog\/abrasel-comemora-aliquota-especial-para-bares-e-restaurantes-na-reforma-tributaria\/#primaryimage"},"image":{"@id":"https:\/\/comunicacaoestrategicacps.com.br\/blog\/abrasel-comemora-aliquota-especial-para-bares-e-restaurantes-na-reforma-tributaria\/#primaryimage"},"thumbnailUrl":"https:\/\/comunicacaoestrategicacps.com.br\/blog\/wp-content\/uploads\/2023\/06\/Matheus-mason-01.jpg","datePublished":"2023-07-11T12:58:48+00:00","author":{"@id":"https:\/\/comunicacaoestrategicacps.com.br\/blog\/#\/schema\/person\/8d447568a01edd36a56dbbcb702b02fc"},"breadcrumb":{"@id":"https:\/\/comunicacaoestrategicacps.com.br\/blog\/abrasel-comemora-aliquota-especial-para-bares-e-restaurantes-na-reforma-tributaria\/#breadcrumb"},"inLanguage":"pt-BR","potentialAction":[{"@type":"ReadAction","target":["https:\/\/comunicacaoestrategicacps.com.br\/blog\/abrasel-comemora-aliquota-especial-para-bares-e-restaurantes-na-reforma-tributaria\/"]}]},{"@type":"ImageObject","inLanguage":"pt-BR","@id":"https:\/\/comunicacaoestrategicacps.com.br\/blog\/abrasel-comemora-aliquota-especial-para-bares-e-restaurantes-na-reforma-tributaria\/#primaryimage","url":"https:\/\/comunicacaoestrategicacps.com.br\/blog\/wp-content\/uploads\/2023\/06\/Matheus-mason-01.jpg","contentUrl":"https:\/\/comunicacaoestrategicacps.com.br\/blog\/wp-content\/uploads\/2023\/06\/Matheus-mason-01.jpg","width":1280,"height":853},{"@type":"BreadcrumbList","@id":"https:\/\/comunicacaoestrategicacps.com.br\/blog\/abrasel-comemora-aliquota-especial-para-bares-e-restaurantes-na-reforma-tributaria\/#breadcrumb","itemListElement":[{"@type":"ListItem","position":1,"name":"In\u00edcio","item":"https:\/\/comunicacaoestrategicacps.com.br\/blog\/"},{"@type":"ListItem","position":2,"name":"Abrasel comemora al\u00edquota especial para bares e restaurantes na reforma tribut\u00e1ria"}]},{"@type":"WebSite","@id":"https:\/\/comunicacaoestrategicacps.com.br\/blog\/#website","url":"https:\/\/comunicacaoestrategicacps.com.br\/blog\/","name":"Comunica\u00e7\u00e3o Estrat\u00e9gica","description":"Comunica\u00e7\u00e3o Estrat\u00e9gica  - Assessoria de Imprensa","potentialAction":[{"@type":"SearchAction","target":{"@type":"EntryPoint","urlTemplate":"https:\/\/comunicacaoestrategicacps.com.br\/blog\/?s={search_term_string}"},"query-input":{"@type":"PropertyValueSpecification","valueRequired":true,"valueName":"search_term_string"}}],"inLanguage":"pt-BR"},{"@type":"Person","@id":"https:\/\/comunicacaoestrategicacps.com.br\/blog\/#\/schema\/person\/8d447568a01edd36a56dbbcb702b02fc","name":"admin","image":{"@type":"ImageObject","inLanguage":"pt-BR","@id":"https:\/\/secure.gravatar.com\/avatar\/2cc026ea89b57b9d913d4ce5b90a0490046c0c9048a129e24cc44313a90d3f77?s=96&d=mm&r=g","url":"https:\/\/secure.gravatar.com\/avatar\/2cc026ea89b57b9d913d4ce5b90a0490046c0c9048a129e24cc44313a90d3f77?s=96&d=mm&r=g","contentUrl":"https:\/\/secure.gravatar.com\/avatar\/2cc026ea89b57b9d913d4ce5b90a0490046c0c9048a129e24cc44313a90d3f77?s=96&d=mm&r=g","caption":"admin"},"url":"https:\/\/comunicacaoestrategicacps.com.br\/blog\/author\/admin\/"}]}},"builder_content":"","_links":{"self":[{"href":"https:\/\/comunicacaoestrategicacps.com.br\/blog\/wp-json\/wp\/v2\/posts\/2181","targetHints":{"allow":["GET"]}}],"collection":[{"href":"https:\/\/comunicacaoestrategicacps.com.br\/blog\/wp-json\/wp\/v2\/posts"}],"about":[{"href":"https:\/\/comunicacaoestrategicacps.com.br\/blog\/wp-json\/wp\/v2\/types\/post"}],"author":[{"embeddable":true,"href":"https:\/\/comunicacaoestrategicacps.com.br\/blog\/wp-json\/wp\/v2\/users\/1"}],"replies":[{"embeddable":true,"href":"https:\/\/comunicacaoestrategicacps.com.br\/blog\/wp-json\/wp\/v2\/comments?post=2181"}],"version-history":[{"count":1,"href":"https:\/\/comunicacaoestrategicacps.com.br\/blog\/wp-json\/wp\/v2\/posts\/2181\/revisions"}],"predecessor-version":[{"id":2182,"href":"https:\/\/comunicacaoestrategicacps.com.br\/blog\/wp-json\/wp\/v2\/posts\/2181\/revisions\/2182"}],"wp:featuredmedia":[{"embeddable":true,"href":"https:\/\/comunicacaoestrategicacps.com.br\/blog\/wp-json\/wp\/v2\/media\/2107"}],"wp:attachment":[{"href":"https:\/\/comunicacaoestrategicacps.com.br\/blog\/wp-json\/wp\/v2\/media?parent=2181"}],"wp:term":[{"taxonomy":"category","embeddable":true,"href":"https:\/\/comunicacaoestrategicacps.com.br\/blog\/wp-json\/wp\/v2\/categories?post=2181"},{"taxonomy":"post_tag","embeddable":true,"href":"https:\/\/comunicacaoestrategicacps.com.br\/blog\/wp-json\/wp\/v2\/tags?post=2181"}],"curies":[{"name":"wp","href":"https:\/\/api.w.org\/{rel}","templated":true}]}}