{"id":2210,"date":"2023-07-24T12:35:26","date_gmt":"2023-07-24T15:35:26","guid":{"rendered":"https:\/\/comunicacaoestrategicacps.com.br\/blog\/?p=2210"},"modified":"2023-07-24T12:35:27","modified_gmt":"2023-07-24T15:35:27","slug":"exportacoes-industriais-para-os-eua-batem-recorde-no-1o-semestre-viracopos-foi-5o-ponto-de-exportacoes-e-2o-de-importacoes-no-pais","status":"publish","type":"post","link":"https:\/\/comunicacaoestrategicacps.com.br\/blog\/exportacoes-industriais-para-os-eua-batem-recorde-no-1o-semestre-viracopos-foi-5o-ponto-de-exportacoes-e-2o-de-importacoes-no-pais\/","title":{"rendered":"Exporta\u00e7\u00f5es industriais para os EUA batem recorde no 1\u00ba semestre; Viracopos foi 5\u00ba ponto de exporta\u00e7\u00f5es e 2\u00ba de importa\u00e7\u00f5es no Pa\u00eds"},"content":{"rendered":"<!--themify_builder_content-->\n<div id=\"themify_builder_content-2210\" data-postid=\"2210\" class=\"themify_builder_content themify_builder_content-2210 themify_builder tf_clear\">\n    <\/div>\n<!--\/themify_builder_content-->\n\n\n<figure class=\"wp-block-image size-full\"><img loading=\"lazy\" decoding=\"async\" width=\"800\" height=\"400\" src=\"https:\/\/comunicacaoestrategicacps.com.br\/blog\/wp-content\/uploads\/2023\/04\/BALANCA.jpeg\" alt=\"\" class=\"wp-image-1968\" srcset=\"https:\/\/comunicacaoestrategicacps.com.br\/blog\/wp-content\/uploads\/2023\/04\/BALANCA.jpeg 800w, https:\/\/comunicacaoestrategicacps.com.br\/blog\/wp-content\/uploads\/2023\/04\/BALANCA-300x150.jpeg 300w, https:\/\/comunicacaoestrategicacps.com.br\/blog\/wp-content\/uploads\/2023\/04\/BALANCA-768x384.jpeg 768w\" sizes=\"auto, (max-width: 800px) 100vw, 800px\" \/><\/figure>\n\n\n\n<p><em>Enquanto as vendas do Brasil para o mundo de bens industriais ca\u00edram 0,1% nesse per\u00edodo, elas cresceram 4% para os Estados Unidos<\/em><\/p>\n\n\n\n<p><strong>Campinas, 18 de julho de 2023<\/strong> &#8211; As exporta\u00e7\u00f5es industriais brasileiras para os Estados Unidos atingiram o recorde de US$ 14,5 bilh\u00f5es no 1\u00ba semestre de 2023, revela a mais recente edi\u00e7\u00e3o do Monitor do Com\u00e9rcio Brasil-EUA, elaborado pela&nbsp;Amcham Brasil. Em compara\u00e7\u00e3o com o 1\u00ba semestre do ano passado, o aumento foi de 4%, consolidando o mercado norte-americano como o principal destino das vendas externas brasileiras de bens industriais (17% do total exportado pelo Brasil). No mesmo per\u00edodo, os embarques desses itens do Brasil para o mundo ca\u00edram 0,1%.<\/p>\n\n\n\n<p>O Monitor tamb\u00e9m apontou a importante participa\u00e7\u00e3o do Aeroporto Internacional de Viracopos dentro das movimenta\u00e7\u00f5es, por estar localiza\u00e7\u00e3o em regi\u00e3o privilegiada do Estado. Viracopos foi o 5\u00ba ponto de destino das exporta\u00e7\u00f5es no Pa\u00eds, com 4,5% das cargas enviadas para os EUA no per\u00edodo, e 2\u00ba ponto de entrada das importa\u00e7\u00f5es vinda daquele pa\u00eds (16,1%) atr\u00e1s somente do Porto de Santos (24,7%).<\/p>\n\n\n\n<p>\u201cO desempenho das exporta\u00e7\u00f5es industriais do Brasil para os Estados Unidos segue evoluindo em agrega\u00e7\u00e3o de valor e volume, o que evidencia a import\u00e2ncia da rela\u00e7\u00e3o bilateral para a economia e para o setor produtivo brasileiros. Oito dos dez principais produtos exportados para os Estados Unidos s\u00e3o da ind\u00fastria de transforma\u00e7\u00e3o, em setores estrat\u00e9gicos como o sider\u00fargico, aeron\u00e1utico e de m\u00e1quinas e equipamentos\u201d, afirma&nbsp;Abr\u00e3o Neto, CEO da Amcham Brasil, que re\u00fane 3.500 empresas.<\/p>\n\n\n\n<p>No total, as exporta\u00e7\u00f5es brasileiras para os Estados Unidos no 1\u00ba semestre de 2023 foram de US$ 17,2 bilh\u00f5es, resultando em uma ligeira retra\u00e7\u00e3o de 2,1% em rela\u00e7\u00e3o ao ano anterior, muito influenciada pela queda das cota\u00e7\u00f5es internacionais de petr\u00f3leo. Houve&nbsp;crescimento em valor de bens&nbsp;como semiacabados de ferro e a\u00e7o (14,2%), aeronaves e suas partes (6%), equipamentos de engenharia civil (37,4%), celulose (20%) e sucos de frutas e vegetais (69,3%). Por outro lado, houve queda nas vendas de petr\u00f3leo bruto (-54%), caf\u00e9 n\u00e3o torrado (-32,3%) e madeira parcialmente trabalhada (-36,3%).<\/p>\n\n\n\n<p>Redu\u00e7\u00e3o das compras de&nbsp;petr\u00f3leo&nbsp;e derivados impactam as&nbsp;importa\u00e7\u00f5es&nbsp;&nbsp;<\/p>\n\n\n\n<p>As compras brasileiras oriundas dos Estados Unidos tiveram redu\u00e7\u00e3o de 21,5% no 1\u00ba semestre de 2023, comparado ao mesmo per\u00edodo de 2022. Em valores totais, o resultado foi menor em US$ 5,3 bilh\u00f5es,&nbsp;o que se explica preponderantemente pela redu\u00e7\u00e3o nas compras de petr\u00f3leo e derivados.<\/p>\n\n\n\n<p>\u201cA desacelera\u00e7\u00e3o das importa\u00e7\u00f5es brasileiras vindas dos Estados Unidos esteve concentrada em tr\u00eas itens. Combust\u00edveis, g\u00e1s natural e petr\u00f3leo bruto responderam pela diminui\u00e7\u00e3o em mais de US$ 6 bilh\u00f5es de nossas compras. Fatores como a supera\u00e7\u00e3o da crise h\u00eddrica no Brasil, que reduziu drasticamente a demanda por g\u00e1s natural usado nas termel\u00e9tricas, bem como os pre\u00e7os mais baixos de petr\u00f3leo e derivados, justificam esse desempenho\u201d, comenta Abr\u00e3o Neto. Importa ressaltar que as vendas norte-americanas desses produtos ca\u00edram n\u00e3o apenas para o Brasil, mas no geral (-9% entre janeiro e maio, com queda entre sete dos dez principais destinos de exporta\u00e7\u00e3o).<\/p>\n\n\n\n<p>Cinco entre os dez principais produtos importados pelo Brasil dos Estados Unidos tiveram alta no primeiro semestre, incluindo motores e m\u00e1quinas n\u00e3o el\u00e9tricos (20,8%), pol\u00edmeros de etileno (23,5%), aeronaves (7,2%), instrumentos e aparelhos de medi\u00e7\u00e3o (24,8%) e elementos qu\u00edmicos inorg\u00e2nicos (4,5%). A alta nas importa\u00e7\u00f5es desses bens demonstra a import\u00e2ncia em fortalecer as cadeias de fornecimento bilateral.<\/p>\n\n\n\n<p>Corrente de com\u00e9rcio \u00e9 a 2\u00aa maior da s\u00e9rie hist\u00f3rica<\/p>\n\n\n\n<p>A corrente de com\u00e9rcio de bens entre Brasil e Estados Unidos no primeiro semestre de 2023 atingiu a segunda maior marca da s\u00e9rie hist\u00f3rica, no total de US$ 36,9 bilh\u00f5es, atr\u00e1s apenas do valor alcan\u00e7ado no mesmo intervalo do ano passado (US$ 42,6 bilh\u00f5es).<\/p>\n\n\n\n<p>Download gratuito da publica\u00e7\u00e3o &nbsp;<\/p>\n\n\n\n<p>O Monitor de Com\u00e9rcio Brasil-EUA da Amcham Brasil est\u00e1 dispon\u00edvel de forma gratuita.&nbsp;<a href=\"http:\/\/amcham.com.br\/monitor\">Clique aqui para fazer o download<\/a>.<\/p>","protected":false},"excerpt":{"rendered":"<p>Enquanto as vendas do Brasil para o mundo de bens industriais ca\u00edram 0,1% nesse per\u00edodo, elas cresceram 4% para os Estados Unidos Campinas, 18 de julho de 2023 &#8211; As exporta\u00e7\u00f5es industriais brasileiras para os Estados Unidos atingiram o recorde de US$ 14,5 bilh\u00f5es no 1\u00ba semestre de 2023, revela a mais recente edi\u00e7\u00e3o do [&hellip;]<\/p>\n","protected":false},"author":1,"featured_media":1968,"comment_status":"open","ping_status":"open","sticky":true,"template":"","format":"standard","meta":{"footnotes":""},"categories":[43],"tags":[],"class_list":["post-2210","post","type-post","status-publish","format-standard","has-post-thumbnail","hentry","category-negocios-e-economia","has-post-title","has-post-date","has-post-category","has-post-tag","has-post-comment","has-post-author",""],"yoast_head":"<!-- This site is optimized with the Yoast SEO plugin v27.4 - https:\/\/yoast.com\/product\/yoast-seo-wordpress\/ -->\n<title>Exporta\u00e7\u00f5es industriais para os EUA batem recorde no 1\u00ba semestre; Viracopos foi 5\u00ba ponto de exporta\u00e7\u00f5es e 2\u00ba de importa\u00e7\u00f5es no Pa\u00eds - Comunica\u00e7\u00e3o Estrat\u00e9gica<\/title>\n<meta name=\"robots\" content=\"index, follow, max-snippet:-1, max-image-preview:large, max-video-preview:-1\" \/>\n<link rel=\"canonical\" href=\"https:\/\/comunicacaoestrategicacps.com.br\/blog\/exportacoes-industriais-para-os-eua-batem-recorde-no-1o-semestre-viracopos-foi-5o-ponto-de-exportacoes-e-2o-de-importacoes-no-pais\/\" \/>\n<meta property=\"og:locale\" content=\"pt_BR\" \/>\n<meta property=\"og:type\" content=\"article\" \/>\n<meta property=\"og:title\" content=\"Exporta\u00e7\u00f5es industriais para os EUA batem recorde no 1\u00ba semestre; Viracopos foi 5\u00ba ponto de exporta\u00e7\u00f5es e 2\u00ba de importa\u00e7\u00f5es no Pa\u00eds - Comunica\u00e7\u00e3o Estrat\u00e9gica\" \/>\n<meta property=\"og:description\" content=\"Enquanto as vendas do Brasil para o mundo de bens industriais ca\u00edram 0,1% nesse per\u00edodo, elas cresceram 4% para os Estados Unidos Campinas, 18 de julho de 2023 &#8211; As exporta\u00e7\u00f5es industriais brasileiras para os Estados Unidos atingiram o recorde de US$ 14,5 bilh\u00f5es no 1\u00ba semestre de 2023, revela a mais recente edi\u00e7\u00e3o do [&hellip;]\" \/>\n<meta property=\"og:url\" content=\"https:\/\/comunicacaoestrategicacps.com.br\/blog\/exportacoes-industriais-para-os-eua-batem-recorde-no-1o-semestre-viracopos-foi-5o-ponto-de-exportacoes-e-2o-de-importacoes-no-pais\/\" \/>\n<meta property=\"og:site_name\" content=\"Comunica\u00e7\u00e3o Estrat\u00e9gica\" \/>\n<meta property=\"article:published_time\" content=\"2023-07-24T15:35:26+00:00\" \/>\n<meta property=\"article:modified_time\" content=\"2023-07-24T15:35:27+00:00\" \/>\n<meta property=\"og:image\" content=\"https:\/\/comunicacaoestrategicacps.com.br\/blog\/wp-content\/uploads\/2023\/04\/BALANCA.jpeg\" \/>\n\t<meta property=\"og:image:width\" content=\"800\" \/>\n\t<meta property=\"og:image:height\" content=\"400\" \/>\n\t<meta property=\"og:image:type\" content=\"image\/jpeg\" \/>\n<meta name=\"author\" content=\"admin\" \/>\n<meta name=\"twitter:card\" content=\"summary_large_image\" \/>\n<meta name=\"twitter:label1\" content=\"Escrito por\" \/>\n\t<meta name=\"twitter:data1\" content=\"admin\" \/>\n\t<meta name=\"twitter:label2\" content=\"Est. tempo de leitura\" \/>\n\t<meta name=\"twitter:data2\" content=\"4 minutos\" \/>\n<script type=\"application\/ld+json\" class=\"yoast-schema-graph\">{\"@context\":\"https:\\\/\\\/schema.org\",\"@graph\":[{\"@type\":\"Article\",\"@id\":\"https:\\\/\\\/comunicacaoestrategicacps.com.br\\\/blog\\\/exportacoes-industriais-para-os-eua-batem-recorde-no-1o-semestre-viracopos-foi-5o-ponto-de-exportacoes-e-2o-de-importacoes-no-pais\\\/#article\",\"isPartOf\":{\"@id\":\"https:\\\/\\\/comunicacaoestrategicacps.com.br\\\/blog\\\/exportacoes-industriais-para-os-eua-batem-recorde-no-1o-semestre-viracopos-foi-5o-ponto-de-exportacoes-e-2o-de-importacoes-no-pais\\\/\"},\"author\":{\"name\":\"admin\",\"@id\":\"https:\\\/\\\/comunicacaoestrategicacps.com.br\\\/blog\\\/#\\\/schema\\\/person\\\/8d447568a01edd36a56dbbcb702b02fc\"},\"headline\":\"Exporta\u00e7\u00f5es industriais para os EUA batem recorde no 1\u00ba semestre; Viracopos foi 5\u00ba ponto de exporta\u00e7\u00f5es e 2\u00ba de importa\u00e7\u00f5es no Pa\u00eds\",\"datePublished\":\"2023-07-24T15:35:26+00:00\",\"dateModified\":\"2023-07-24T15:35:27+00:00\",\"mainEntityOfPage\":{\"@id\":\"https:\\\/\\\/comunicacaoestrategicacps.com.br\\\/blog\\\/exportacoes-industriais-para-os-eua-batem-recorde-no-1o-semestre-viracopos-foi-5o-ponto-de-exportacoes-e-2o-de-importacoes-no-pais\\\/\"},\"wordCount\":713,\"commentCount\":0,\"image\":{\"@id\":\"https:\\\/\\\/comunicacaoestrategicacps.com.br\\\/blog\\\/exportacoes-industriais-para-os-eua-batem-recorde-no-1o-semestre-viracopos-foi-5o-ponto-de-exportacoes-e-2o-de-importacoes-no-pais\\\/#primaryimage\"},\"thumbnailUrl\":\"https:\\\/\\\/comunicacaoestrategicacps.com.br\\\/blog\\\/wp-content\\\/uploads\\\/2023\\\/04\\\/BALANCA.jpeg\",\"articleSection\":[\"Neg\u00f3cios e Economia\"],\"inLanguage\":\"pt-BR\",\"potentialAction\":[{\"@type\":\"CommentAction\",\"name\":\"Comment\",\"target\":[\"https:\\\/\\\/comunicacaoestrategicacps.com.br\\\/blog\\\/exportacoes-industriais-para-os-eua-batem-recorde-no-1o-semestre-viracopos-foi-5o-ponto-de-exportacoes-e-2o-de-importacoes-no-pais\\\/#respond\"]}]},{\"@type\":\"WebPage\",\"@id\":\"https:\\\/\\\/comunicacaoestrategicacps.com.br\\\/blog\\\/exportacoes-industriais-para-os-eua-batem-recorde-no-1o-semestre-viracopos-foi-5o-ponto-de-exportacoes-e-2o-de-importacoes-no-pais\\\/\",\"url\":\"https:\\\/\\\/comunicacaoestrategicacps.com.br\\\/blog\\\/exportacoes-industriais-para-os-eua-batem-recorde-no-1o-semestre-viracopos-foi-5o-ponto-de-exportacoes-e-2o-de-importacoes-no-pais\\\/\",\"name\":\"Exporta\u00e7\u00f5es industriais para os EUA batem recorde no 1\u00ba semestre; Viracopos foi 5\u00ba ponto de exporta\u00e7\u00f5es e 2\u00ba de importa\u00e7\u00f5es no Pa\u00eds - Comunica\u00e7\u00e3o Estrat\u00e9gica\",\"isPartOf\":{\"@id\":\"https:\\\/\\\/comunicacaoestrategicacps.com.br\\\/blog\\\/#website\"},\"primaryImageOfPage\":{\"@id\":\"https:\\\/\\\/comunicacaoestrategicacps.com.br\\\/blog\\\/exportacoes-industriais-para-os-eua-batem-recorde-no-1o-semestre-viracopos-foi-5o-ponto-de-exportacoes-e-2o-de-importacoes-no-pais\\\/#primaryimage\"},\"image\":{\"@id\":\"https:\\\/\\\/comunicacaoestrategicacps.com.br\\\/blog\\\/exportacoes-industriais-para-os-eua-batem-recorde-no-1o-semestre-viracopos-foi-5o-ponto-de-exportacoes-e-2o-de-importacoes-no-pais\\\/#primaryimage\"},\"thumbnailUrl\":\"https:\\\/\\\/comunicacaoestrategicacps.com.br\\\/blog\\\/wp-content\\\/uploads\\\/2023\\\/04\\\/BALANCA.jpeg\",\"datePublished\":\"2023-07-24T15:35:26+00:00\",\"dateModified\":\"2023-07-24T15:35:27+00:00\",\"author\":{\"@id\":\"https:\\\/\\\/comunicacaoestrategicacps.com.br\\\/blog\\\/#\\\/schema\\\/person\\\/8d447568a01edd36a56dbbcb702b02fc\"},\"breadcrumb\":{\"@id\":\"https:\\\/\\\/comunicacaoestrategicacps.com.br\\\/blog\\\/exportacoes-industriais-para-os-eua-batem-recorde-no-1o-semestre-viracopos-foi-5o-ponto-de-exportacoes-e-2o-de-importacoes-no-pais\\\/#breadcrumb\"},\"inLanguage\":\"pt-BR\",\"potentialAction\":[{\"@type\":\"ReadAction\",\"target\":[\"https:\\\/\\\/comunicacaoestrategicacps.com.br\\\/blog\\\/exportacoes-industriais-para-os-eua-batem-recorde-no-1o-semestre-viracopos-foi-5o-ponto-de-exportacoes-e-2o-de-importacoes-no-pais\\\/\"]}]},{\"@type\":\"ImageObject\",\"inLanguage\":\"pt-BR\",\"@id\":\"https:\\\/\\\/comunicacaoestrategicacps.com.br\\\/blog\\\/exportacoes-industriais-para-os-eua-batem-recorde-no-1o-semestre-viracopos-foi-5o-ponto-de-exportacoes-e-2o-de-importacoes-no-pais\\\/#primaryimage\",\"url\":\"https:\\\/\\\/comunicacaoestrategicacps.com.br\\\/blog\\\/wp-content\\\/uploads\\\/2023\\\/04\\\/BALANCA.jpeg\",\"contentUrl\":\"https:\\\/\\\/comunicacaoestrategicacps.com.br\\\/blog\\\/wp-content\\\/uploads\\\/2023\\\/04\\\/BALANCA.jpeg\",\"width\":800,\"height\":400},{\"@type\":\"BreadcrumbList\",\"@id\":\"https:\\\/\\\/comunicacaoestrategicacps.com.br\\\/blog\\\/exportacoes-industriais-para-os-eua-batem-recorde-no-1o-semestre-viracopos-foi-5o-ponto-de-exportacoes-e-2o-de-importacoes-no-pais\\\/#breadcrumb\",\"itemListElement\":[{\"@type\":\"ListItem\",\"position\":1,\"name\":\"In\u00edcio\",\"item\":\"https:\\\/\\\/comunicacaoestrategicacps.com.br\\\/blog\\\/\"},{\"@type\":\"ListItem\",\"position\":2,\"name\":\"Exporta\u00e7\u00f5es industriais para os EUA batem recorde no 1\u00ba semestre; Viracopos foi 5\u00ba ponto de exporta\u00e7\u00f5es e 2\u00ba de importa\u00e7\u00f5es no Pa\u00eds\"}]},{\"@type\":\"WebSite\",\"@id\":\"https:\\\/\\\/comunicacaoestrategicacps.com.br\\\/blog\\\/#website\",\"url\":\"https:\\\/\\\/comunicacaoestrategicacps.com.br\\\/blog\\\/\",\"name\":\"Comunica\u00e7\u00e3o Estrat\u00e9gica\",\"description\":\"Comunica\u00e7\u00e3o Estrat\u00e9gica  - Assessoria de Imprensa\",\"potentialAction\":[{\"@type\":\"SearchAction\",\"target\":{\"@type\":\"EntryPoint\",\"urlTemplate\":\"https:\\\/\\\/comunicacaoestrategicacps.com.br\\\/blog\\\/?s={search_term_string}\"},\"query-input\":{\"@type\":\"PropertyValueSpecification\",\"valueRequired\":true,\"valueName\":\"search_term_string\"}}],\"inLanguage\":\"pt-BR\"},{\"@type\":\"Person\",\"@id\":\"https:\\\/\\\/comunicacaoestrategicacps.com.br\\\/blog\\\/#\\\/schema\\\/person\\\/8d447568a01edd36a56dbbcb702b02fc\",\"name\":\"admin\",\"image\":{\"@type\":\"ImageObject\",\"inLanguage\":\"pt-BR\",\"@id\":\"https:\\\/\\\/secure.gravatar.com\\\/avatar\\\/2cc026ea89b57b9d913d4ce5b90a0490046c0c9048a129e24cc44313a90d3f77?s=96&d=mm&r=g\",\"url\":\"https:\\\/\\\/secure.gravatar.com\\\/avatar\\\/2cc026ea89b57b9d913d4ce5b90a0490046c0c9048a129e24cc44313a90d3f77?s=96&d=mm&r=g\",\"contentUrl\":\"https:\\\/\\\/secure.gravatar.com\\\/avatar\\\/2cc026ea89b57b9d913d4ce5b90a0490046c0c9048a129e24cc44313a90d3f77?s=96&d=mm&r=g\",\"caption\":\"admin\"},\"url\":\"https:\\\/\\\/comunicacaoestrategicacps.com.br\\\/blog\\\/author\\\/admin\\\/\"}]}<\/script>\n<!-- \/ Yoast SEO plugin. -->","yoast_head_json":{"title":"Exporta\u00e7\u00f5es industriais para os EUA batem recorde no 1\u00ba semestre; Viracopos foi 5\u00ba ponto de exporta\u00e7\u00f5es e 2\u00ba de importa\u00e7\u00f5es no Pa\u00eds - Comunica\u00e7\u00e3o Estrat\u00e9gica","robots":{"index":"index","follow":"follow","max-snippet":"max-snippet:-1","max-image-preview":"max-image-preview:large","max-video-preview":"max-video-preview:-1"},"canonical":"https:\/\/comunicacaoestrategicacps.com.br\/blog\/exportacoes-industriais-para-os-eua-batem-recorde-no-1o-semestre-viracopos-foi-5o-ponto-de-exportacoes-e-2o-de-importacoes-no-pais\/","og_locale":"pt_BR","og_type":"article","og_title":"Exporta\u00e7\u00f5es industriais para os EUA batem recorde no 1\u00ba semestre; Viracopos foi 5\u00ba ponto de exporta\u00e7\u00f5es e 2\u00ba de importa\u00e7\u00f5es no Pa\u00eds - Comunica\u00e7\u00e3o Estrat\u00e9gica","og_description":"Enquanto as vendas do Brasil para o mundo de bens industriais ca\u00edram 0,1% nesse per\u00edodo, elas cresceram 4% para os Estados Unidos Campinas, 18 de julho de 2023 &#8211; As exporta\u00e7\u00f5es industriais brasileiras para os Estados Unidos atingiram o recorde de US$ 14,5 bilh\u00f5es no 1\u00ba semestre de 2023, revela a mais recente edi\u00e7\u00e3o do [&hellip;]","og_url":"https:\/\/comunicacaoestrategicacps.com.br\/blog\/exportacoes-industriais-para-os-eua-batem-recorde-no-1o-semestre-viracopos-foi-5o-ponto-de-exportacoes-e-2o-de-importacoes-no-pais\/","og_site_name":"Comunica\u00e7\u00e3o Estrat\u00e9gica","article_published_time":"2023-07-24T15:35:26+00:00","article_modified_time":"2023-07-24T15:35:27+00:00","og_image":[{"width":800,"height":400,"url":"https:\/\/comunicacaoestrategicacps.com.br\/blog\/wp-content\/uploads\/2023\/04\/BALANCA.jpeg","type":"image\/jpeg"}],"author":"admin","twitter_card":"summary_large_image","twitter_misc":{"Escrito por":"admin","Est. tempo de leitura":"4 minutos"},"schema":{"@context":"https:\/\/schema.org","@graph":[{"@type":"Article","@id":"https:\/\/comunicacaoestrategicacps.com.br\/blog\/exportacoes-industriais-para-os-eua-batem-recorde-no-1o-semestre-viracopos-foi-5o-ponto-de-exportacoes-e-2o-de-importacoes-no-pais\/#article","isPartOf":{"@id":"https:\/\/comunicacaoestrategicacps.com.br\/blog\/exportacoes-industriais-para-os-eua-batem-recorde-no-1o-semestre-viracopos-foi-5o-ponto-de-exportacoes-e-2o-de-importacoes-no-pais\/"},"author":{"name":"admin","@id":"https:\/\/comunicacaoestrategicacps.com.br\/blog\/#\/schema\/person\/8d447568a01edd36a56dbbcb702b02fc"},"headline":"Exporta\u00e7\u00f5es industriais para os EUA batem recorde no 1\u00ba semestre; Viracopos foi 5\u00ba ponto de exporta\u00e7\u00f5es e 2\u00ba de importa\u00e7\u00f5es no Pa\u00eds","datePublished":"2023-07-24T15:35:26+00:00","dateModified":"2023-07-24T15:35:27+00:00","mainEntityOfPage":{"@id":"https:\/\/comunicacaoestrategicacps.com.br\/blog\/exportacoes-industriais-para-os-eua-batem-recorde-no-1o-semestre-viracopos-foi-5o-ponto-de-exportacoes-e-2o-de-importacoes-no-pais\/"},"wordCount":713,"commentCount":0,"image":{"@id":"https:\/\/comunicacaoestrategicacps.com.br\/blog\/exportacoes-industriais-para-os-eua-batem-recorde-no-1o-semestre-viracopos-foi-5o-ponto-de-exportacoes-e-2o-de-importacoes-no-pais\/#primaryimage"},"thumbnailUrl":"https:\/\/comunicacaoestrategicacps.com.br\/blog\/wp-content\/uploads\/2023\/04\/BALANCA.jpeg","articleSection":["Neg\u00f3cios e Economia"],"inLanguage":"pt-BR","potentialAction":[{"@type":"CommentAction","name":"Comment","target":["https:\/\/comunicacaoestrategicacps.com.br\/blog\/exportacoes-industriais-para-os-eua-batem-recorde-no-1o-semestre-viracopos-foi-5o-ponto-de-exportacoes-e-2o-de-importacoes-no-pais\/#respond"]}]},{"@type":"WebPage","@id":"https:\/\/comunicacaoestrategicacps.com.br\/blog\/exportacoes-industriais-para-os-eua-batem-recorde-no-1o-semestre-viracopos-foi-5o-ponto-de-exportacoes-e-2o-de-importacoes-no-pais\/","url":"https:\/\/comunicacaoestrategicacps.com.br\/blog\/exportacoes-industriais-para-os-eua-batem-recorde-no-1o-semestre-viracopos-foi-5o-ponto-de-exportacoes-e-2o-de-importacoes-no-pais\/","name":"Exporta\u00e7\u00f5es industriais para os EUA batem recorde no 1\u00ba semestre; Viracopos foi 5\u00ba ponto de exporta\u00e7\u00f5es e 2\u00ba de importa\u00e7\u00f5es no Pa\u00eds - Comunica\u00e7\u00e3o Estrat\u00e9gica","isPartOf":{"@id":"https:\/\/comunicacaoestrategicacps.com.br\/blog\/#website"},"primaryImageOfPage":{"@id":"https:\/\/comunicacaoestrategicacps.com.br\/blog\/exportacoes-industriais-para-os-eua-batem-recorde-no-1o-semestre-viracopos-foi-5o-ponto-de-exportacoes-e-2o-de-importacoes-no-pais\/#primaryimage"},"image":{"@id":"https:\/\/comunicacaoestrategicacps.com.br\/blog\/exportacoes-industriais-para-os-eua-batem-recorde-no-1o-semestre-viracopos-foi-5o-ponto-de-exportacoes-e-2o-de-importacoes-no-pais\/#primaryimage"},"thumbnailUrl":"https:\/\/comunicacaoestrategicacps.com.br\/blog\/wp-content\/uploads\/2023\/04\/BALANCA.jpeg","datePublished":"2023-07-24T15:35:26+00:00","dateModified":"2023-07-24T15:35:27+00:00","author":{"@id":"https:\/\/comunicacaoestrategicacps.com.br\/blog\/#\/schema\/person\/8d447568a01edd36a56dbbcb702b02fc"},"breadcrumb":{"@id":"https:\/\/comunicacaoestrategicacps.com.br\/blog\/exportacoes-industriais-para-os-eua-batem-recorde-no-1o-semestre-viracopos-foi-5o-ponto-de-exportacoes-e-2o-de-importacoes-no-pais\/#breadcrumb"},"inLanguage":"pt-BR","potentialAction":[{"@type":"ReadAction","target":["https:\/\/comunicacaoestrategicacps.com.br\/blog\/exportacoes-industriais-para-os-eua-batem-recorde-no-1o-semestre-viracopos-foi-5o-ponto-de-exportacoes-e-2o-de-importacoes-no-pais\/"]}]},{"@type":"ImageObject","inLanguage":"pt-BR","@id":"https:\/\/comunicacaoestrategicacps.com.br\/blog\/exportacoes-industriais-para-os-eua-batem-recorde-no-1o-semestre-viracopos-foi-5o-ponto-de-exportacoes-e-2o-de-importacoes-no-pais\/#primaryimage","url":"https:\/\/comunicacaoestrategicacps.com.br\/blog\/wp-content\/uploads\/2023\/04\/BALANCA.jpeg","contentUrl":"https:\/\/comunicacaoestrategicacps.com.br\/blog\/wp-content\/uploads\/2023\/04\/BALANCA.jpeg","width":800,"height":400},{"@type":"BreadcrumbList","@id":"https:\/\/comunicacaoestrategicacps.com.br\/blog\/exportacoes-industriais-para-os-eua-batem-recorde-no-1o-semestre-viracopos-foi-5o-ponto-de-exportacoes-e-2o-de-importacoes-no-pais\/#breadcrumb","itemListElement":[{"@type":"ListItem","position":1,"name":"In\u00edcio","item":"https:\/\/comunicacaoestrategicacps.com.br\/blog\/"},{"@type":"ListItem","position":2,"name":"Exporta\u00e7\u00f5es industriais para os EUA batem recorde no 1\u00ba semestre; Viracopos foi 5\u00ba ponto de exporta\u00e7\u00f5es e 2\u00ba de importa\u00e7\u00f5es no Pa\u00eds"}]},{"@type":"WebSite","@id":"https:\/\/comunicacaoestrategicacps.com.br\/blog\/#website","url":"https:\/\/comunicacaoestrategicacps.com.br\/blog\/","name":"Comunica\u00e7\u00e3o Estrat\u00e9gica","description":"Comunica\u00e7\u00e3o Estrat\u00e9gica  - Assessoria de Imprensa","potentialAction":[{"@type":"SearchAction","target":{"@type":"EntryPoint","urlTemplate":"https:\/\/comunicacaoestrategicacps.com.br\/blog\/?s={search_term_string}"},"query-input":{"@type":"PropertyValueSpecification","valueRequired":true,"valueName":"search_term_string"}}],"inLanguage":"pt-BR"},{"@type":"Person","@id":"https:\/\/comunicacaoestrategicacps.com.br\/blog\/#\/schema\/person\/8d447568a01edd36a56dbbcb702b02fc","name":"admin","image":{"@type":"ImageObject","inLanguage":"pt-BR","@id":"https:\/\/secure.gravatar.com\/avatar\/2cc026ea89b57b9d913d4ce5b90a0490046c0c9048a129e24cc44313a90d3f77?s=96&d=mm&r=g","url":"https:\/\/secure.gravatar.com\/avatar\/2cc026ea89b57b9d913d4ce5b90a0490046c0c9048a129e24cc44313a90d3f77?s=96&d=mm&r=g","contentUrl":"https:\/\/secure.gravatar.com\/avatar\/2cc026ea89b57b9d913d4ce5b90a0490046c0c9048a129e24cc44313a90d3f77?s=96&d=mm&r=g","caption":"admin"},"url":"https:\/\/comunicacaoestrategicacps.com.br\/blog\/author\/admin\/"}]}},"builder_content":"","_links":{"self":[{"href":"https:\/\/comunicacaoestrategicacps.com.br\/blog\/wp-json\/wp\/v2\/posts\/2210","targetHints":{"allow":["GET"]}}],"collection":[{"href":"https:\/\/comunicacaoestrategicacps.com.br\/blog\/wp-json\/wp\/v2\/posts"}],"about":[{"href":"https:\/\/comunicacaoestrategicacps.com.br\/blog\/wp-json\/wp\/v2\/types\/post"}],"author":[{"embeddable":true,"href":"https:\/\/comunicacaoestrategicacps.com.br\/blog\/wp-json\/wp\/v2\/users\/1"}],"replies":[{"embeddable":true,"href":"https:\/\/comunicacaoestrategicacps.com.br\/blog\/wp-json\/wp\/v2\/comments?post=2210"}],"version-history":[{"count":1,"href":"https:\/\/comunicacaoestrategicacps.com.br\/blog\/wp-json\/wp\/v2\/posts\/2210\/revisions"}],"predecessor-version":[{"id":2211,"href":"https:\/\/comunicacaoestrategicacps.com.br\/blog\/wp-json\/wp\/v2\/posts\/2210\/revisions\/2211"}],"wp:featuredmedia":[{"embeddable":true,"href":"https:\/\/comunicacaoestrategicacps.com.br\/blog\/wp-json\/wp\/v2\/media\/1968"}],"wp:attachment":[{"href":"https:\/\/comunicacaoestrategicacps.com.br\/blog\/wp-json\/wp\/v2\/media?parent=2210"}],"wp:term":[{"taxonomy":"category","embeddable":true,"href":"https:\/\/comunicacaoestrategicacps.com.br\/blog\/wp-json\/wp\/v2\/categories?post=2210"},{"taxonomy":"post_tag","embeddable":true,"href":"https:\/\/comunicacaoestrategicacps.com.br\/blog\/wp-json\/wp\/v2\/tags?post=2210"}],"curies":[{"name":"wp","href":"https:\/\/api.w.org\/{rel}","templated":true}]}}