{"id":3865,"date":"2026-03-08T11:20:48","date_gmt":"2026-03-08T14:20:48","guid":{"rendered":"https:\/\/comunicacaoestrategicacps.com.br\/blog\/?p=3865"},"modified":"2026-03-08T11:20:48","modified_gmt":"2026-03-08T14:20:48","slug":"pesquisa-plano-de-voo-2026-da-amcham-revela-otimismo-cauteloso-na-economia-e-no-setor-empresarial","status":"publish","type":"post","link":"https:\/\/comunicacaoestrategicacps.com.br\/blog\/pesquisa-plano-de-voo-2026-da-amcham-revela-otimismo-cauteloso-na-economia-e-no-setor-empresarial\/","title":{"rendered":"Pesquisa Plano de Voo 2026 da Amcham revela otimismo cauteloso na economia e no setor empresarial"},"content":{"rendered":"<!--themify_builder_content-->\n<div id=\"themify_builder_content-3865\" data-postid=\"3865\" class=\"themify_builder_content themify_builder_content-3865 themify_builder tf_clear\">\n    <\/div>\n<!--\/themify_builder_content-->\n\n\n<figure class=\"wp-block-image size-large\"><img loading=\"lazy\" decoding=\"async\" width=\"1024\" height=\"602\" src=\"https:\/\/comunicacaoestrategicacps.com.br\/blog\/wp-content\/uploads\/2026\/03\/pLANO-DE-VOO-2026-2-1024x602.jpg\" alt=\"\" class=\"wp-image-3866\" srcset=\"https:\/\/comunicacaoestrategicacps.com.br\/blog\/wp-content\/uploads\/2026\/03\/pLANO-DE-VOO-2026-2-1024x602.jpg 1024w, https:\/\/comunicacaoestrategicacps.com.br\/blog\/wp-content\/uploads\/2026\/03\/pLANO-DE-VOO-2026-2-300x176.jpg 300w, https:\/\/comunicacaoestrategicacps.com.br\/blog\/wp-content\/uploads\/2026\/03\/pLANO-DE-VOO-2026-2-768x452.jpg 768w, https:\/\/comunicacaoestrategicacps.com.br\/blog\/wp-content\/uploads\/2026\/03\/pLANO-DE-VOO-2026-2-1536x904.jpg 1536w, https:\/\/comunicacaoestrategicacps.com.br\/blog\/wp-content\/uploads\/2026\/03\/pLANO-DE-VOO-2026-2-2048x1205.jpg 2048w, https:\/\/comunicacaoestrategicacps.com.br\/blog\/wp-content\/uploads\/2026\/03\/pLANO-DE-VOO-2026-2-scaled.jpg 1280w\" sizes=\"auto, (max-width: 1024px) 100vw, 1024px\" \/><\/figure>\n\n\n\n<p>Campinas, mar\u00e7o de 2026 &#8211; O ano de 2026 se desenha como um per\u00edodo de intensas movimenta\u00e7\u00f5es na economia brasileira e necessidade de decis\u00f5es cr\u00edticas para o setor empresarial. No contexto de elei\u00e7\u00f5es, juros elevados e incertezas geopol\u00edticas, lideran\u00e7as empresariais e especialistas reunidos no Plano de Voo 2026, evento realizado pela Amcham Interior de S\u00e3o Paulo nesta quarta-feira, 25, em Campinas, apontaram riscos relevantes e vetores de oportunidade para o pa\u00eds e ambiente de neg\u00f3cios, al\u00e9m de uma vis\u00e3o regional sobre o interior de S\u00e3o Paulo.<\/p>\n\n\n\n<p>A edi\u00e7\u00e3o Campinas do Plano de Voo 2026, com participa\u00e7\u00e3o de 400 empres\u00e1rios do Interior de S\u00e3o Paulo, teve a abertura com a apresenta\u00e7\u00e3o da pesquisa exclusiva que ouviu 732 executivos de m\u00e9dias e grandes empresas. Os dados&nbsp;mostram&nbsp;um empresariado cauteloso, mas ainda disposto a investir,&nbsp;principalmente em&nbsp;efici\u00eancia operacional, tecnologia e intelig\u00eancia artificial, al\u00e9m de iniciativas voltadas ao&nbsp;mercado interno, com menor apetite para projetos de longo prazo altamente dependentes de previsibilidade fiscal e regulat\u00f3ria.<\/p>\n\n\n\n<p>Mesmo com olhares cautelosos, quase 90% das companhias pretendem manter ou ampliar investimentos neste ano, mesmo com o ambiente pol\u00edtico dom\u00e9stico liderando a lista de preocupa\u00e7\u00f5es.&nbsp;<\/p>\n\n\n\n<p>Maria Carolina Tiengo, Gerente Regional na Amcham, destacou que \u201ca pesquisa avaliou cen\u00e1rios para este ano, com a participa\u00e7\u00e3o de 732 lideran\u00e7as, que juntas mant\u00e9m 389 mil empregos, um universo baste significativo e qualificado do cen\u00e1rio brasileiro\u201d.<\/p>\n\n\n\n<p>Adriana Flosi, Secret\u00e1ria de Desenvolvimento Econ\u00f4mico, Tecnologia e Inova\u00e7\u00e3o, Prefeitura de Campinas. Lembrou que Campinas est\u00e1 inserida em um importante hub econ\u00f4mico e destacou a parceria com as entidades e institui\u00e7\u00f5es para atrair novos investimentos para a cidade,<\/p>\n\n\n\n<p>O debate do Plano de Voo em Campinas contou com participa\u00e7\u00f5es de CEOS de grandes companhias, que abordaram cen\u00e1rios em seus segmentos de neg\u00f3cios, e indicou que o ambiente pol\u00edtico dom\u00e9stico segue como o principal vetor de volatilidade para as decis\u00f5es empresariais.<\/p>\n\n\n\n<p>Juros elevados, perspectivas de desacelera\u00e7\u00e3o econ\u00f4mica e preocupa\u00e7\u00f5es com seguran\u00e7a jur\u00eddica tamb\u00e9m aparecem de forma recorrente, tanto nas falas dos especialistas quanto na percep\u00e7\u00e3o captada pelo levantamento. Ainda assim, o conjunto das discuss\u00f5es aponta para um otimismo cauteloso. As empresas demonstram disposi\u00e7\u00e3o para crescer, desde que apoiadas em ganhos de efici\u00eancia operacional, fortalecimento do mercado interno e uso mais estrat\u00e9gico da tecnologia.&nbsp;<\/p>\n\n\n\n<p>Dessa forma, o empresariado sinaliza uma postura de adapta\u00e7\u00e3o ativa, com decis\u00f5es orientadas por produtividade, foco no longo prazo e maior disciplina na aloca\u00e7\u00e3o de recursos.&nbsp;<\/p>\n\n\n\n<p>Os convidados para o debate do Plano de Voo 2026&nbsp;mostram que&nbsp;o ambiente de 2026 ser\u00e1 exigente, mas n\u00e3o paralisante. O Brasil enfrenta desafios fiscais relevantes, mas mant\u00e9m ativos econ\u00f4micos e estrat\u00e9gicos que o diferenciam em um cen\u00e1rio global mais inst\u00e1vel.<\/p>\n\n\n\n<p>Para empresas, o foco estar\u00e1 menos em previs\u00f5es de curto prazo e mais na capacidade de tomar decis\u00f5es consistentes sobre efici\u00eancia, pessoas, tecnologia e posicionamento estrat\u00e9gico. Em um contexto de juros altos, elei\u00e7\u00f5es e incertezas externas, navegar bem exige leitura de cen\u00e1rio, disciplina e vis\u00e3o de longo prazo.<\/p>\n\n\n\n<p>Os dados completos da Pesquisa Plano de Voo 2026 podem ser acessado pelo site <a href=\"https:\/\/liga.amcham.com.br\/pesquisa-plano-de-voo-2026\/\">https:\/\/liga.amcham.com.br\/pesquisa-plano-de-voo-2026\/<\/a><\/p>","protected":false},"excerpt":{"rendered":"<p>Campinas, mar\u00e7o de 2026 &#8211; O ano de 2026 se desenha como um per\u00edodo de intensas movimenta\u00e7\u00f5es na economia brasileira e necessidade de decis\u00f5es cr\u00edticas para o setor empresarial. No contexto de elei\u00e7\u00f5es, juros elevados e incertezas geopol\u00edticas, lideran\u00e7as empresariais e especialistas reunidos no Plano de Voo 2026, evento realizado pela Amcham Interior de S\u00e3o [&hellip;]<\/p>\n","protected":false},"author":1,"featured_media":3866,"comment_status":"open","ping_status":"open","sticky":false,"template":"","format":"standard","meta":{"footnotes":""},"categories":[43],"tags":[],"class_list":["post-3865","post","type-post","status-publish","format-standard","has-post-thumbnail","hentry","category-negocios-e-economia","has-post-title","has-post-date","has-post-category","has-post-tag","has-post-comment","has-post-author",""],"yoast_head":"<!-- This site is optimized with the Yoast SEO plugin v27.5 - https:\/\/yoast.com\/product\/yoast-seo-wordpress\/ -->\n<title>Pesquisa Plano de Voo 2026 da Amcham revela otimismo cauteloso na economia e no setor empresarial - Comunica\u00e7\u00e3o Estrat\u00e9gica<\/title>\n<meta name=\"robots\" content=\"index, follow, max-snippet:-1, max-image-preview:large, max-video-preview:-1\" \/>\n<link rel=\"canonical\" href=\"https:\/\/comunicacaoestrategicacps.com.br\/blog\/pesquisa-plano-de-voo-2026-da-amcham-revela-otimismo-cauteloso-na-economia-e-no-setor-empresarial\/\" \/>\n<meta property=\"og:locale\" content=\"pt_BR\" \/>\n<meta property=\"og:type\" content=\"article\" \/>\n<meta property=\"og:title\" content=\"Pesquisa Plano de Voo 2026 da Amcham revela otimismo cauteloso na economia e no setor empresarial - Comunica\u00e7\u00e3o Estrat\u00e9gica\" \/>\n<meta property=\"og:description\" content=\"Campinas, mar\u00e7o de 2026 &#8211; O ano de 2026 se desenha como um per\u00edodo de intensas movimenta\u00e7\u00f5es na economia brasileira e necessidade de decis\u00f5es cr\u00edticas para o setor empresarial. No contexto de elei\u00e7\u00f5es, juros elevados e incertezas geopol\u00edticas, lideran\u00e7as empresariais e especialistas reunidos no Plano de Voo 2026, evento realizado pela Amcham Interior de S\u00e3o [&hellip;]\" \/>\n<meta property=\"og:url\" content=\"https:\/\/comunicacaoestrategicacps.com.br\/blog\/pesquisa-plano-de-voo-2026-da-amcham-revela-otimismo-cauteloso-na-economia-e-no-setor-empresarial\/\" \/>\n<meta property=\"og:site_name\" content=\"Comunica\u00e7\u00e3o Estrat\u00e9gica\" \/>\n<meta property=\"article:published_time\" content=\"2026-03-08T14:20:48+00:00\" \/>\n<meta property=\"og:image\" content=\"https:\/\/comunicacaoestrategicacps.com.br\/blog\/wp-content\/uploads\/2026\/03\/pLANO-DE-VOO-2026-2-scaled.jpg\" \/>\n\t<meta property=\"og:image:width\" content=\"1280\" \/>\n\t<meta property=\"og:image:height\" content=\"753\" \/>\n\t<meta property=\"og:image:type\" content=\"image\/jpeg\" \/>\n<meta name=\"author\" content=\"admin\" \/>\n<meta name=\"twitter:card\" content=\"summary_large_image\" \/>\n<meta name=\"twitter:label1\" content=\"Escrito por\" \/>\n\t<meta name=\"twitter:data1\" content=\"admin\" \/>\n\t<meta name=\"twitter:label2\" content=\"Est. tempo de leitura\" \/>\n\t<meta name=\"twitter:data2\" content=\"4 minutos\" \/>\n<script type=\"application\/ld+json\" class=\"yoast-schema-graph\">{\"@context\":\"https:\\\/\\\/schema.org\",\"@graph\":[{\"@type\":\"Article\",\"@id\":\"https:\\\/\\\/comunicacaoestrategicacps.com.br\\\/blog\\\/pesquisa-plano-de-voo-2026-da-amcham-revela-otimismo-cauteloso-na-economia-e-no-setor-empresarial\\\/#article\",\"isPartOf\":{\"@id\":\"https:\\\/\\\/comunicacaoestrategicacps.com.br\\\/blog\\\/pesquisa-plano-de-voo-2026-da-amcham-revela-otimismo-cauteloso-na-economia-e-no-setor-empresarial\\\/\"},\"author\":{\"name\":\"admin\",\"@id\":\"https:\\\/\\\/comunicacaoestrategicacps.com.br\\\/blog\\\/#\\\/schema\\\/person\\\/8d447568a01edd36a56dbbcb702b02fc\"},\"headline\":\"Pesquisa Plano de Voo 2026 da Amcham revela otimismo cauteloso na economia e no setor empresarial\",\"datePublished\":\"2026-03-08T14:20:48+00:00\",\"mainEntityOfPage\":{\"@id\":\"https:\\\/\\\/comunicacaoestrategicacps.com.br\\\/blog\\\/pesquisa-plano-de-voo-2026-da-amcham-revela-otimismo-cauteloso-na-economia-e-no-setor-empresarial\\\/\"},\"wordCount\":586,\"commentCount\":0,\"image\":{\"@id\":\"https:\\\/\\\/comunicacaoestrategicacps.com.br\\\/blog\\\/pesquisa-plano-de-voo-2026-da-amcham-revela-otimismo-cauteloso-na-economia-e-no-setor-empresarial\\\/#primaryimage\"},\"thumbnailUrl\":\"https:\\\/\\\/comunicacaoestrategicacps.com.br\\\/blog\\\/wp-content\\\/uploads\\\/2026\\\/03\\\/pLANO-DE-VOO-2026-2-scaled.jpg\",\"articleSection\":[\"Neg\u00f3cios e Economia\"],\"inLanguage\":\"pt-BR\",\"potentialAction\":[{\"@type\":\"CommentAction\",\"name\":\"Comment\",\"target\":[\"https:\\\/\\\/comunicacaoestrategicacps.com.br\\\/blog\\\/pesquisa-plano-de-voo-2026-da-amcham-revela-otimismo-cauteloso-na-economia-e-no-setor-empresarial\\\/#respond\"]}]},{\"@type\":\"WebPage\",\"@id\":\"https:\\\/\\\/comunicacaoestrategicacps.com.br\\\/blog\\\/pesquisa-plano-de-voo-2026-da-amcham-revela-otimismo-cauteloso-na-economia-e-no-setor-empresarial\\\/\",\"url\":\"https:\\\/\\\/comunicacaoestrategicacps.com.br\\\/blog\\\/pesquisa-plano-de-voo-2026-da-amcham-revela-otimismo-cauteloso-na-economia-e-no-setor-empresarial\\\/\",\"name\":\"Pesquisa Plano de Voo 2026 da Amcham revela otimismo cauteloso na economia e no setor empresarial - Comunica\u00e7\u00e3o Estrat\u00e9gica\",\"isPartOf\":{\"@id\":\"https:\\\/\\\/comunicacaoestrategicacps.com.br\\\/blog\\\/#website\"},\"primaryImageOfPage\":{\"@id\":\"https:\\\/\\\/comunicacaoestrategicacps.com.br\\\/blog\\\/pesquisa-plano-de-voo-2026-da-amcham-revela-otimismo-cauteloso-na-economia-e-no-setor-empresarial\\\/#primaryimage\"},\"image\":{\"@id\":\"https:\\\/\\\/comunicacaoestrategicacps.com.br\\\/blog\\\/pesquisa-plano-de-voo-2026-da-amcham-revela-otimismo-cauteloso-na-economia-e-no-setor-empresarial\\\/#primaryimage\"},\"thumbnailUrl\":\"https:\\\/\\\/comunicacaoestrategicacps.com.br\\\/blog\\\/wp-content\\\/uploads\\\/2026\\\/03\\\/pLANO-DE-VOO-2026-2-scaled.jpg\",\"datePublished\":\"2026-03-08T14:20:48+00:00\",\"author\":{\"@id\":\"https:\\\/\\\/comunicacaoestrategicacps.com.br\\\/blog\\\/#\\\/schema\\\/person\\\/8d447568a01edd36a56dbbcb702b02fc\"},\"breadcrumb\":{\"@id\":\"https:\\\/\\\/comunicacaoestrategicacps.com.br\\\/blog\\\/pesquisa-plano-de-voo-2026-da-amcham-revela-otimismo-cauteloso-na-economia-e-no-setor-empresarial\\\/#breadcrumb\"},\"inLanguage\":\"pt-BR\",\"potentialAction\":[{\"@type\":\"ReadAction\",\"target\":[\"https:\\\/\\\/comunicacaoestrategicacps.com.br\\\/blog\\\/pesquisa-plano-de-voo-2026-da-amcham-revela-otimismo-cauteloso-na-economia-e-no-setor-empresarial\\\/\"]}]},{\"@type\":\"ImageObject\",\"inLanguage\":\"pt-BR\",\"@id\":\"https:\\\/\\\/comunicacaoestrategicacps.com.br\\\/blog\\\/pesquisa-plano-de-voo-2026-da-amcham-revela-otimismo-cauteloso-na-economia-e-no-setor-empresarial\\\/#primaryimage\",\"url\":\"https:\\\/\\\/comunicacaoestrategicacps.com.br\\\/blog\\\/wp-content\\\/uploads\\\/2026\\\/03\\\/pLANO-DE-VOO-2026-2-scaled.jpg\",\"contentUrl\":\"https:\\\/\\\/comunicacaoestrategicacps.com.br\\\/blog\\\/wp-content\\\/uploads\\\/2026\\\/03\\\/pLANO-DE-VOO-2026-2-scaled.jpg\",\"width\":1280,\"height\":753},{\"@type\":\"BreadcrumbList\",\"@id\":\"https:\\\/\\\/comunicacaoestrategicacps.com.br\\\/blog\\\/pesquisa-plano-de-voo-2026-da-amcham-revela-otimismo-cauteloso-na-economia-e-no-setor-empresarial\\\/#breadcrumb\",\"itemListElement\":[{\"@type\":\"ListItem\",\"position\":1,\"name\":\"In\u00edcio\",\"item\":\"https:\\\/\\\/comunicacaoestrategicacps.com.br\\\/blog\\\/\"},{\"@type\":\"ListItem\",\"position\":2,\"name\":\"Pesquisa Plano de Voo 2026 da Amcham revela otimismo cauteloso na economia e no setor empresarial\"}]},{\"@type\":\"WebSite\",\"@id\":\"https:\\\/\\\/comunicacaoestrategicacps.com.br\\\/blog\\\/#website\",\"url\":\"https:\\\/\\\/comunicacaoestrategicacps.com.br\\\/blog\\\/\",\"name\":\"Comunica\u00e7\u00e3o Estrat\u00e9gica\",\"description\":\"Comunica\u00e7\u00e3o Estrat\u00e9gica  - Assessoria de Imprensa\",\"potentialAction\":[{\"@type\":\"SearchAction\",\"target\":{\"@type\":\"EntryPoint\",\"urlTemplate\":\"https:\\\/\\\/comunicacaoestrategicacps.com.br\\\/blog\\\/?s={search_term_string}\"},\"query-input\":{\"@type\":\"PropertyValueSpecification\",\"valueRequired\":true,\"valueName\":\"search_term_string\"}}],\"inLanguage\":\"pt-BR\"},{\"@type\":\"Person\",\"@id\":\"https:\\\/\\\/comunicacaoestrategicacps.com.br\\\/blog\\\/#\\\/schema\\\/person\\\/8d447568a01edd36a56dbbcb702b02fc\",\"name\":\"admin\",\"image\":{\"@type\":\"ImageObject\",\"inLanguage\":\"pt-BR\",\"@id\":\"https:\\\/\\\/secure.gravatar.com\\\/avatar\\\/2cc026ea89b57b9d913d4ce5b90a0490046c0c9048a129e24cc44313a90d3f77?s=96&d=mm&r=g\",\"url\":\"https:\\\/\\\/secure.gravatar.com\\\/avatar\\\/2cc026ea89b57b9d913d4ce5b90a0490046c0c9048a129e24cc44313a90d3f77?s=96&d=mm&r=g\",\"contentUrl\":\"https:\\\/\\\/secure.gravatar.com\\\/avatar\\\/2cc026ea89b57b9d913d4ce5b90a0490046c0c9048a129e24cc44313a90d3f77?s=96&d=mm&r=g\",\"caption\":\"admin\"},\"url\":\"https:\\\/\\\/comunicacaoestrategicacps.com.br\\\/blog\\\/author\\\/admin\\\/\"}]}<\/script>\n<!-- \/ Yoast SEO plugin. -->","yoast_head_json":{"title":"Pesquisa Plano de Voo 2026 da Amcham revela otimismo cauteloso na economia e no setor empresarial - Comunica\u00e7\u00e3o Estrat\u00e9gica","robots":{"index":"index","follow":"follow","max-snippet":"max-snippet:-1","max-image-preview":"max-image-preview:large","max-video-preview":"max-video-preview:-1"},"canonical":"https:\/\/comunicacaoestrategicacps.com.br\/blog\/pesquisa-plano-de-voo-2026-da-amcham-revela-otimismo-cauteloso-na-economia-e-no-setor-empresarial\/","og_locale":"pt_BR","og_type":"article","og_title":"Pesquisa Plano de Voo 2026 da Amcham revela otimismo cauteloso na economia e no setor empresarial - Comunica\u00e7\u00e3o Estrat\u00e9gica","og_description":"Campinas, mar\u00e7o de 2026 &#8211; O ano de 2026 se desenha como um per\u00edodo de intensas movimenta\u00e7\u00f5es na economia brasileira e necessidade de decis\u00f5es cr\u00edticas para o setor empresarial. No contexto de elei\u00e7\u00f5es, juros elevados e incertezas geopol\u00edticas, lideran\u00e7as empresariais e especialistas reunidos no Plano de Voo 2026, evento realizado pela Amcham Interior de S\u00e3o [&hellip;]","og_url":"https:\/\/comunicacaoestrategicacps.com.br\/blog\/pesquisa-plano-de-voo-2026-da-amcham-revela-otimismo-cauteloso-na-economia-e-no-setor-empresarial\/","og_site_name":"Comunica\u00e7\u00e3o Estrat\u00e9gica","article_published_time":"2026-03-08T14:20:48+00:00","og_image":[{"width":1280,"height":753,"url":"https:\/\/comunicacaoestrategicacps.com.br\/blog\/wp-content\/uploads\/2026\/03\/pLANO-DE-VOO-2026-2-scaled.jpg","type":"image\/jpeg"}],"author":"admin","twitter_card":"summary_large_image","twitter_misc":{"Escrito por":"admin","Est. tempo de leitura":"4 minutos"},"schema":{"@context":"https:\/\/schema.org","@graph":[{"@type":"Article","@id":"https:\/\/comunicacaoestrategicacps.com.br\/blog\/pesquisa-plano-de-voo-2026-da-amcham-revela-otimismo-cauteloso-na-economia-e-no-setor-empresarial\/#article","isPartOf":{"@id":"https:\/\/comunicacaoestrategicacps.com.br\/blog\/pesquisa-plano-de-voo-2026-da-amcham-revela-otimismo-cauteloso-na-economia-e-no-setor-empresarial\/"},"author":{"name":"admin","@id":"https:\/\/comunicacaoestrategicacps.com.br\/blog\/#\/schema\/person\/8d447568a01edd36a56dbbcb702b02fc"},"headline":"Pesquisa Plano de Voo 2026 da Amcham revela otimismo cauteloso na economia e no setor empresarial","datePublished":"2026-03-08T14:20:48+00:00","mainEntityOfPage":{"@id":"https:\/\/comunicacaoestrategicacps.com.br\/blog\/pesquisa-plano-de-voo-2026-da-amcham-revela-otimismo-cauteloso-na-economia-e-no-setor-empresarial\/"},"wordCount":586,"commentCount":0,"image":{"@id":"https:\/\/comunicacaoestrategicacps.com.br\/blog\/pesquisa-plano-de-voo-2026-da-amcham-revela-otimismo-cauteloso-na-economia-e-no-setor-empresarial\/#primaryimage"},"thumbnailUrl":"https:\/\/comunicacaoestrategicacps.com.br\/blog\/wp-content\/uploads\/2026\/03\/pLANO-DE-VOO-2026-2-scaled.jpg","articleSection":["Neg\u00f3cios e Economia"],"inLanguage":"pt-BR","potentialAction":[{"@type":"CommentAction","name":"Comment","target":["https:\/\/comunicacaoestrategicacps.com.br\/blog\/pesquisa-plano-de-voo-2026-da-amcham-revela-otimismo-cauteloso-na-economia-e-no-setor-empresarial\/#respond"]}]},{"@type":"WebPage","@id":"https:\/\/comunicacaoestrategicacps.com.br\/blog\/pesquisa-plano-de-voo-2026-da-amcham-revela-otimismo-cauteloso-na-economia-e-no-setor-empresarial\/","url":"https:\/\/comunicacaoestrategicacps.com.br\/blog\/pesquisa-plano-de-voo-2026-da-amcham-revela-otimismo-cauteloso-na-economia-e-no-setor-empresarial\/","name":"Pesquisa Plano de Voo 2026 da Amcham revela otimismo cauteloso na economia e no setor empresarial - Comunica\u00e7\u00e3o Estrat\u00e9gica","isPartOf":{"@id":"https:\/\/comunicacaoestrategicacps.com.br\/blog\/#website"},"primaryImageOfPage":{"@id":"https:\/\/comunicacaoestrategicacps.com.br\/blog\/pesquisa-plano-de-voo-2026-da-amcham-revela-otimismo-cauteloso-na-economia-e-no-setor-empresarial\/#primaryimage"},"image":{"@id":"https:\/\/comunicacaoestrategicacps.com.br\/blog\/pesquisa-plano-de-voo-2026-da-amcham-revela-otimismo-cauteloso-na-economia-e-no-setor-empresarial\/#primaryimage"},"thumbnailUrl":"https:\/\/comunicacaoestrategicacps.com.br\/blog\/wp-content\/uploads\/2026\/03\/pLANO-DE-VOO-2026-2-scaled.jpg","datePublished":"2026-03-08T14:20:48+00:00","author":{"@id":"https:\/\/comunicacaoestrategicacps.com.br\/blog\/#\/schema\/person\/8d447568a01edd36a56dbbcb702b02fc"},"breadcrumb":{"@id":"https:\/\/comunicacaoestrategicacps.com.br\/blog\/pesquisa-plano-de-voo-2026-da-amcham-revela-otimismo-cauteloso-na-economia-e-no-setor-empresarial\/#breadcrumb"},"inLanguage":"pt-BR","potentialAction":[{"@type":"ReadAction","target":["https:\/\/comunicacaoestrategicacps.com.br\/blog\/pesquisa-plano-de-voo-2026-da-amcham-revela-otimismo-cauteloso-na-economia-e-no-setor-empresarial\/"]}]},{"@type":"ImageObject","inLanguage":"pt-BR","@id":"https:\/\/comunicacaoestrategicacps.com.br\/blog\/pesquisa-plano-de-voo-2026-da-amcham-revela-otimismo-cauteloso-na-economia-e-no-setor-empresarial\/#primaryimage","url":"https:\/\/comunicacaoestrategicacps.com.br\/blog\/wp-content\/uploads\/2026\/03\/pLANO-DE-VOO-2026-2-scaled.jpg","contentUrl":"https:\/\/comunicacaoestrategicacps.com.br\/blog\/wp-content\/uploads\/2026\/03\/pLANO-DE-VOO-2026-2-scaled.jpg","width":1280,"height":753},{"@type":"BreadcrumbList","@id":"https:\/\/comunicacaoestrategicacps.com.br\/blog\/pesquisa-plano-de-voo-2026-da-amcham-revela-otimismo-cauteloso-na-economia-e-no-setor-empresarial\/#breadcrumb","itemListElement":[{"@type":"ListItem","position":1,"name":"In\u00edcio","item":"https:\/\/comunicacaoestrategicacps.com.br\/blog\/"},{"@type":"ListItem","position":2,"name":"Pesquisa Plano de Voo 2026 da Amcham revela otimismo cauteloso na economia e no setor empresarial"}]},{"@type":"WebSite","@id":"https:\/\/comunicacaoestrategicacps.com.br\/blog\/#website","url":"https:\/\/comunicacaoestrategicacps.com.br\/blog\/","name":"Comunica\u00e7\u00e3o Estrat\u00e9gica","description":"Comunica\u00e7\u00e3o Estrat\u00e9gica  - Assessoria de Imprensa","potentialAction":[{"@type":"SearchAction","target":{"@type":"EntryPoint","urlTemplate":"https:\/\/comunicacaoestrategicacps.com.br\/blog\/?s={search_term_string}"},"query-input":{"@type":"PropertyValueSpecification","valueRequired":true,"valueName":"search_term_string"}}],"inLanguage":"pt-BR"},{"@type":"Person","@id":"https:\/\/comunicacaoestrategicacps.com.br\/blog\/#\/schema\/person\/8d447568a01edd36a56dbbcb702b02fc","name":"admin","image":{"@type":"ImageObject","inLanguage":"pt-BR","@id":"https:\/\/secure.gravatar.com\/avatar\/2cc026ea89b57b9d913d4ce5b90a0490046c0c9048a129e24cc44313a90d3f77?s=96&d=mm&r=g","url":"https:\/\/secure.gravatar.com\/avatar\/2cc026ea89b57b9d913d4ce5b90a0490046c0c9048a129e24cc44313a90d3f77?s=96&d=mm&r=g","contentUrl":"https:\/\/secure.gravatar.com\/avatar\/2cc026ea89b57b9d913d4ce5b90a0490046c0c9048a129e24cc44313a90d3f77?s=96&d=mm&r=g","caption":"admin"},"url":"https:\/\/comunicacaoestrategicacps.com.br\/blog\/author\/admin\/"}]}},"builder_content":"","_links":{"self":[{"href":"https:\/\/comunicacaoestrategicacps.com.br\/blog\/wp-json\/wp\/v2\/posts\/3865","targetHints":{"allow":["GET"]}}],"collection":[{"href":"https:\/\/comunicacaoestrategicacps.com.br\/blog\/wp-json\/wp\/v2\/posts"}],"about":[{"href":"https:\/\/comunicacaoestrategicacps.com.br\/blog\/wp-json\/wp\/v2\/types\/post"}],"author":[{"embeddable":true,"href":"https:\/\/comunicacaoestrategicacps.com.br\/blog\/wp-json\/wp\/v2\/users\/1"}],"replies":[{"embeddable":true,"href":"https:\/\/comunicacaoestrategicacps.com.br\/blog\/wp-json\/wp\/v2\/comments?post=3865"}],"version-history":[{"count":1,"href":"https:\/\/comunicacaoestrategicacps.com.br\/blog\/wp-json\/wp\/v2\/posts\/3865\/revisions"}],"predecessor-version":[{"id":3867,"href":"https:\/\/comunicacaoestrategicacps.com.br\/blog\/wp-json\/wp\/v2\/posts\/3865\/revisions\/3867"}],"wp:featuredmedia":[{"embeddable":true,"href":"https:\/\/comunicacaoestrategicacps.com.br\/blog\/wp-json\/wp\/v2\/media\/3866"}],"wp:attachment":[{"href":"https:\/\/comunicacaoestrategicacps.com.br\/blog\/wp-json\/wp\/v2\/media?parent=3865"}],"wp:term":[{"taxonomy":"category","embeddable":true,"href":"https:\/\/comunicacaoestrategicacps.com.br\/blog\/wp-json\/wp\/v2\/categories?post=3865"},{"taxonomy":"post_tag","embeddable":true,"href":"https:\/\/comunicacaoestrategicacps.com.br\/blog\/wp-json\/wp\/v2\/tags?post=3865"}],"curies":[{"name":"wp","href":"https:\/\/api.w.org\/{rel}","templated":true}]}}