{"id":3868,"date":"2026-03-08T11:22:25","date_gmt":"2026-03-08T14:22:25","guid":{"rendered":"https:\/\/comunicacaoestrategicacps.com.br\/blog\/?p=3868"},"modified":"2026-03-08T11:22:26","modified_gmt":"2026-03-08T14:22:26","slug":"royal-palm-plaza-resort-em-campinas-tera-pacotes-e-programacao-especiais-para-a-pascoa","status":"publish","type":"post","link":"https:\/\/comunicacaoestrategicacps.com.br\/blog\/royal-palm-plaza-resort-em-campinas-tera-pacotes-e-programacao-especiais-para-a-pascoa\/","title":{"rendered":"Royal Palm Plaza Resort, em Campinas, ter\u00e1 pacotes e programa\u00e7\u00e3o especiais para a P\u00e1scoa"},"content":{"rendered":"<!--themify_builder_content-->\n<div id=\"themify_builder_content-3868\" data-postid=\"3868\" class=\"themify_builder_content themify_builder_content-3868 themify_builder tf_clear\">\n    <\/div>\n<!--\/themify_builder_content-->\n\n\n<figure class=\"wp-block-image size-large\"><img loading=\"lazy\" decoding=\"async\" width=\"1024\" height=\"682\" src=\"https:\/\/comunicacaoestrategicacps.com.br\/blog\/wp-content\/uploads\/2026\/03\/royal-pascoa-1024x682.jpeg\" alt=\"\" class=\"wp-image-3869\" srcset=\"https:\/\/comunicacaoestrategicacps.com.br\/blog\/wp-content\/uploads\/2026\/03\/royal-pascoa-1024x682.jpeg 1024w, https:\/\/comunicacaoestrategicacps.com.br\/blog\/wp-content\/uploads\/2026\/03\/royal-pascoa-300x200.jpeg 300w, https:\/\/comunicacaoestrategicacps.com.br\/blog\/wp-content\/uploads\/2026\/03\/royal-pascoa-768x512.jpeg 768w, https:\/\/comunicacaoestrategicacps.com.br\/blog\/wp-content\/uploads\/2026\/03\/royal-pascoa-1536x1023.jpeg 1536w, https:\/\/comunicacaoestrategicacps.com.br\/blog\/wp-content\/uploads\/2026\/03\/royal-pascoa-scaled.jpeg 1280w\" sizes=\"auto, (max-width: 1024px) 100vw, 1024px\" \/><\/figure>\n\n\n\n<p>Campinas, mar\u00e7o de 2026. Localizado em Campinas, a cerca de 90 minutos da Capital paulista, o Royal Palm Plaza Resort \u00e9 uma das op\u00e7\u00f5es para fam\u00edlias no feriado de P\u00e1scoa, de 2 a 5 de abril. O empreendimento re\u00fane complexo aqu\u00e1tico com piscinas externas climatizadas, \u00e1reas tem\u00e1ticas dedicadas ao p\u00fablico infantil, quadras esportivas, academia, spa e recrea\u00e7\u00e3o monitorada para diferentes faixas et\u00e1rias. A oferta gastron\u00f4mica contempla diferentes propostas, do buffet completo \u00e0s especialidades \u00e0 la carte.<\/p>\n\n\n\n<p>Para a data, o resort organiza uma agenda especial que combina entretenimento e experi\u00eancias gastron\u00f4micas inspiradas na P\u00e1scoa. A programa\u00e7\u00e3o infantil \u00e9 um dos destaques, com ca\u00e7a aos chocolates, oficinas gastron\u00f4micas tem\u00e1ticas e espet\u00e1culo teatral preparado para o per\u00edodo. Na manh\u00e3 de domingo, as crian\u00e7as recebem a visita da Fofa Flor, coelhinha do Royal Palm Plaza, que realiza a entrega dos ovos de P\u00e1scoa diretamente nos quartos, em um momento reservado \u00e0s fam\u00edlias.<\/p>\n\n\n\n<p>Al\u00e9m das atividades sazonais, as crian\u00e7as t\u00eam acesso aos espa\u00e7os dedicados ao lazer infantil. O Miniville oferece ambienta\u00e7\u00e3o cenogr\u00e1fica voltada ao universo l\u00fadico da imagina\u00e7\u00e3o; o Kata Kuka Game re\u00fane arvorismo, parede de escalada e tirolesa; e a Arena do Caco funciona como kids club com brinquedos eletr\u00f4nicos, desafios a\u00e9reos e palco para apresenta\u00e7\u00f5es recreativas. Os personagens do resort \u2014 Fofa Flor, Macaco Caco e Capit\u00e3o Currupaco Paco \u2014 participam das intera\u00e7\u00f5es com as fam\u00edlias durante o per\u00edodo.<\/p>\n\n\n\n<p>Para pais e casais, a programa\u00e7\u00e3o inclui cl\u00ednicas esportivas de t\u00eanis e beach tennis, m\u00fasica ao vivo e a possibilidade de vivenciar as experi\u00eancias gastron\u00f4micas dos sete restaurantes e bares do resort, entre eles o Bistr\u00f4 La Palette, de culin\u00e1ria francesa, e o Bar Pessoa, com apresenta\u00e7\u00f5es musicais \u00e0s sextas, s\u00e1bados e feriados.<\/p>\n\n\n\n<p>Os pacotes de P\u00e1scoa incluem pens\u00e3o completa e t\u00eam valores a partir de R$ 1.244,50 por adulto em apartamento Luxo Fam\u00edlia, para dois adultos e duas crian\u00e7as de at\u00e9 6 anos, com m\u00ednimo de 3 noites. Mais informa\u00e7\u00f5es est\u00e3o dispon\u00edveis em: <a href=\"https:\/\/royalpalmplazaresort.com.br\/pacote-promo-pascoa-2026\/\"><em>https:\/\/royalpalmplazaresort.com.br\/pacote-promo-pascoa-2026\/<\/em><\/a><\/p>\n\n\n\n<p><strong>SOBRE O ROYAL PALM PLAZA RESORT<\/strong><\/p>\n\n\n\n<p>O Royal Palm Plaza Resort \u00e9 um destino cinco estrelas que combina conforto, lazer, esportes e gastronomia no interior de SP. O resort oferece uma infraestrutura completa para todas as idades, incluindo 7 piscinas externas climatizadas, quadras de t\u00eanis e beach tennis, campo de futebol, gin\u00e1sio esportivo, arco e flecha, espa\u00e7os infantis tem\u00e1ticos e academia moderna e completa. Al\u00e9m disso, para o bem-estar dos h\u00f3spedes, h\u00e1 um Spa com servi\u00e7os de beleza e relaxamento.<\/p>\n\n\n\n<p>Reservas:<\/p>\n\n\n\n<p><a href=\"http:\/\/www.royalpalm.com.br\"><em>www.royalpalm.com.br<\/em><\/a><br>19 2117 8002<br>19 97141-9260<\/p>","protected":false},"excerpt":{"rendered":"<p>Campinas, mar\u00e7o de 2026. Localizado em Campinas, a cerca de 90 minutos da Capital paulista, o Royal Palm Plaza Resort \u00e9 uma das op\u00e7\u00f5es para fam\u00edlias no feriado de P\u00e1scoa, de 2 a 5 de abril. O empreendimento re\u00fane complexo aqu\u00e1tico com piscinas externas climatizadas, \u00e1reas tem\u00e1ticas dedicadas ao p\u00fablico infantil, quadras esportivas, academia, spa [&hellip;]<\/p>\n","protected":false},"author":1,"featured_media":3869,"comment_status":"open","ping_status":"open","sticky":false,"template":"","format":"standard","meta":{"footnotes":""},"categories":[43],"tags":[],"class_list":["post-3868","post","type-post","status-publish","format-standard","has-post-thumbnail","hentry","category-negocios-e-economia","has-post-title","has-post-date","has-post-category","has-post-tag","has-post-comment","has-post-author",""],"yoast_head":"<!-- This site is optimized with the Yoast SEO plugin v27.5 - https:\/\/yoast.com\/product\/yoast-seo-wordpress\/ -->\n<title>Royal Palm Plaza Resort, em Campinas, ter\u00e1 pacotes e programa\u00e7\u00e3o especiais para a P\u00e1scoa - Comunica\u00e7\u00e3o Estrat\u00e9gica<\/title>\n<meta name=\"robots\" content=\"index, follow, max-snippet:-1, max-image-preview:large, max-video-preview:-1\" \/>\n<link rel=\"canonical\" href=\"https:\/\/comunicacaoestrategicacps.com.br\/blog\/royal-palm-plaza-resort-em-campinas-tera-pacotes-e-programacao-especiais-para-a-pascoa\/\" \/>\n<meta property=\"og:locale\" content=\"pt_BR\" \/>\n<meta property=\"og:type\" content=\"article\" \/>\n<meta property=\"og:title\" content=\"Royal Palm Plaza Resort, em Campinas, ter\u00e1 pacotes e programa\u00e7\u00e3o especiais para a P\u00e1scoa - Comunica\u00e7\u00e3o Estrat\u00e9gica\" \/>\n<meta property=\"og:description\" content=\"Campinas, mar\u00e7o de 2026. Localizado em Campinas, a cerca de 90 minutos da Capital paulista, o Royal Palm Plaza Resort \u00e9 uma das op\u00e7\u00f5es para fam\u00edlias no feriado de P\u00e1scoa, de 2 a 5 de abril. O empreendimento re\u00fane complexo aqu\u00e1tico com piscinas externas climatizadas, \u00e1reas tem\u00e1ticas dedicadas ao p\u00fablico infantil, quadras esportivas, academia, spa [&hellip;]\" \/>\n<meta property=\"og:url\" content=\"https:\/\/comunicacaoestrategicacps.com.br\/blog\/royal-palm-plaza-resort-em-campinas-tera-pacotes-e-programacao-especiais-para-a-pascoa\/\" \/>\n<meta property=\"og:site_name\" content=\"Comunica\u00e7\u00e3o Estrat\u00e9gica\" \/>\n<meta property=\"article:published_time\" content=\"2026-03-08T14:22:25+00:00\" \/>\n<meta property=\"article:modified_time\" content=\"2026-03-08T14:22:26+00:00\" \/>\n<meta property=\"og:image\" content=\"https:\/\/comunicacaoestrategicacps.com.br\/blog\/wp-content\/uploads\/2026\/03\/royal-pascoa-scaled.jpeg\" \/>\n\t<meta property=\"og:image:width\" content=\"1280\" \/>\n\t<meta property=\"og:image:height\" content=\"853\" \/>\n\t<meta property=\"og:image:type\" content=\"image\/jpeg\" \/>\n<meta name=\"author\" content=\"admin\" \/>\n<meta name=\"twitter:card\" content=\"summary_large_image\" \/>\n<meta name=\"twitter:label1\" content=\"Escrito por\" \/>\n\t<meta name=\"twitter:data1\" content=\"admin\" \/>\n\t<meta name=\"twitter:label2\" content=\"Est. tempo de leitura\" \/>\n\t<meta name=\"twitter:data2\" content=\"3 minutos\" \/>\n<script type=\"application\/ld+json\" class=\"yoast-schema-graph\">{\"@context\":\"https:\\\/\\\/schema.org\",\"@graph\":[{\"@type\":\"Article\",\"@id\":\"https:\\\/\\\/comunicacaoestrategicacps.com.br\\\/blog\\\/royal-palm-plaza-resort-em-campinas-tera-pacotes-e-programacao-especiais-para-a-pascoa\\\/#article\",\"isPartOf\":{\"@id\":\"https:\\\/\\\/comunicacaoestrategicacps.com.br\\\/blog\\\/royal-palm-plaza-resort-em-campinas-tera-pacotes-e-programacao-especiais-para-a-pascoa\\\/\"},\"author\":{\"name\":\"admin\",\"@id\":\"https:\\\/\\\/comunicacaoestrategicacps.com.br\\\/blog\\\/#\\\/schema\\\/person\\\/8d447568a01edd36a56dbbcb702b02fc\"},\"headline\":\"Royal Palm Plaza Resort, em Campinas, ter\u00e1 pacotes e programa\u00e7\u00e3o especiais para a P\u00e1scoa\",\"datePublished\":\"2026-03-08T14:22:25+00:00\",\"dateModified\":\"2026-03-08T14:22:26+00:00\",\"mainEntityOfPage\":{\"@id\":\"https:\\\/\\\/comunicacaoestrategicacps.com.br\\\/blog\\\/royal-palm-plaza-resort-em-campinas-tera-pacotes-e-programacao-especiais-para-a-pascoa\\\/\"},\"wordCount\":478,\"commentCount\":0,\"image\":{\"@id\":\"https:\\\/\\\/comunicacaoestrategicacps.com.br\\\/blog\\\/royal-palm-plaza-resort-em-campinas-tera-pacotes-e-programacao-especiais-para-a-pascoa\\\/#primaryimage\"},\"thumbnailUrl\":\"https:\\\/\\\/comunicacaoestrategicacps.com.br\\\/blog\\\/wp-content\\\/uploads\\\/2026\\\/03\\\/royal-pascoa-scaled.jpeg\",\"articleSection\":[\"Neg\u00f3cios e Economia\"],\"inLanguage\":\"pt-BR\",\"potentialAction\":[{\"@type\":\"CommentAction\",\"name\":\"Comment\",\"target\":[\"https:\\\/\\\/comunicacaoestrategicacps.com.br\\\/blog\\\/royal-palm-plaza-resort-em-campinas-tera-pacotes-e-programacao-especiais-para-a-pascoa\\\/#respond\"]}]},{\"@type\":\"WebPage\",\"@id\":\"https:\\\/\\\/comunicacaoestrategicacps.com.br\\\/blog\\\/royal-palm-plaza-resort-em-campinas-tera-pacotes-e-programacao-especiais-para-a-pascoa\\\/\",\"url\":\"https:\\\/\\\/comunicacaoestrategicacps.com.br\\\/blog\\\/royal-palm-plaza-resort-em-campinas-tera-pacotes-e-programacao-especiais-para-a-pascoa\\\/\",\"name\":\"Royal Palm Plaza Resort, em Campinas, ter\u00e1 pacotes e programa\u00e7\u00e3o especiais para a P\u00e1scoa - Comunica\u00e7\u00e3o Estrat\u00e9gica\",\"isPartOf\":{\"@id\":\"https:\\\/\\\/comunicacaoestrategicacps.com.br\\\/blog\\\/#website\"},\"primaryImageOfPage\":{\"@id\":\"https:\\\/\\\/comunicacaoestrategicacps.com.br\\\/blog\\\/royal-palm-plaza-resort-em-campinas-tera-pacotes-e-programacao-especiais-para-a-pascoa\\\/#primaryimage\"},\"image\":{\"@id\":\"https:\\\/\\\/comunicacaoestrategicacps.com.br\\\/blog\\\/royal-palm-plaza-resort-em-campinas-tera-pacotes-e-programacao-especiais-para-a-pascoa\\\/#primaryimage\"},\"thumbnailUrl\":\"https:\\\/\\\/comunicacaoestrategicacps.com.br\\\/blog\\\/wp-content\\\/uploads\\\/2026\\\/03\\\/royal-pascoa-scaled.jpeg\",\"datePublished\":\"2026-03-08T14:22:25+00:00\",\"dateModified\":\"2026-03-08T14:22:26+00:00\",\"author\":{\"@id\":\"https:\\\/\\\/comunicacaoestrategicacps.com.br\\\/blog\\\/#\\\/schema\\\/person\\\/8d447568a01edd36a56dbbcb702b02fc\"},\"breadcrumb\":{\"@id\":\"https:\\\/\\\/comunicacaoestrategicacps.com.br\\\/blog\\\/royal-palm-plaza-resort-em-campinas-tera-pacotes-e-programacao-especiais-para-a-pascoa\\\/#breadcrumb\"},\"inLanguage\":\"pt-BR\",\"potentialAction\":[{\"@type\":\"ReadAction\",\"target\":[\"https:\\\/\\\/comunicacaoestrategicacps.com.br\\\/blog\\\/royal-palm-plaza-resort-em-campinas-tera-pacotes-e-programacao-especiais-para-a-pascoa\\\/\"]}]},{\"@type\":\"ImageObject\",\"inLanguage\":\"pt-BR\",\"@id\":\"https:\\\/\\\/comunicacaoestrategicacps.com.br\\\/blog\\\/royal-palm-plaza-resort-em-campinas-tera-pacotes-e-programacao-especiais-para-a-pascoa\\\/#primaryimage\",\"url\":\"https:\\\/\\\/comunicacaoestrategicacps.com.br\\\/blog\\\/wp-content\\\/uploads\\\/2026\\\/03\\\/royal-pascoa-scaled.jpeg\",\"contentUrl\":\"https:\\\/\\\/comunicacaoestrategicacps.com.br\\\/blog\\\/wp-content\\\/uploads\\\/2026\\\/03\\\/royal-pascoa-scaled.jpeg\",\"width\":1280,\"height\":853},{\"@type\":\"BreadcrumbList\",\"@id\":\"https:\\\/\\\/comunicacaoestrategicacps.com.br\\\/blog\\\/royal-palm-plaza-resort-em-campinas-tera-pacotes-e-programacao-especiais-para-a-pascoa\\\/#breadcrumb\",\"itemListElement\":[{\"@type\":\"ListItem\",\"position\":1,\"name\":\"In\u00edcio\",\"item\":\"https:\\\/\\\/comunicacaoestrategicacps.com.br\\\/blog\\\/\"},{\"@type\":\"ListItem\",\"position\":2,\"name\":\"Royal Palm Plaza Resort, em Campinas, ter\u00e1 pacotes e programa\u00e7\u00e3o especiais para a P\u00e1scoa\"}]},{\"@type\":\"WebSite\",\"@id\":\"https:\\\/\\\/comunicacaoestrategicacps.com.br\\\/blog\\\/#website\",\"url\":\"https:\\\/\\\/comunicacaoestrategicacps.com.br\\\/blog\\\/\",\"name\":\"Comunica\u00e7\u00e3o Estrat\u00e9gica\",\"description\":\"Comunica\u00e7\u00e3o Estrat\u00e9gica  - Assessoria de Imprensa\",\"potentialAction\":[{\"@type\":\"SearchAction\",\"target\":{\"@type\":\"EntryPoint\",\"urlTemplate\":\"https:\\\/\\\/comunicacaoestrategicacps.com.br\\\/blog\\\/?s={search_term_string}\"},\"query-input\":{\"@type\":\"PropertyValueSpecification\",\"valueRequired\":true,\"valueName\":\"search_term_string\"}}],\"inLanguage\":\"pt-BR\"},{\"@type\":\"Person\",\"@id\":\"https:\\\/\\\/comunicacaoestrategicacps.com.br\\\/blog\\\/#\\\/schema\\\/person\\\/8d447568a01edd36a56dbbcb702b02fc\",\"name\":\"admin\",\"image\":{\"@type\":\"ImageObject\",\"inLanguage\":\"pt-BR\",\"@id\":\"https:\\\/\\\/secure.gravatar.com\\\/avatar\\\/2cc026ea89b57b9d913d4ce5b90a0490046c0c9048a129e24cc44313a90d3f77?s=96&d=mm&r=g\",\"url\":\"https:\\\/\\\/secure.gravatar.com\\\/avatar\\\/2cc026ea89b57b9d913d4ce5b90a0490046c0c9048a129e24cc44313a90d3f77?s=96&d=mm&r=g\",\"contentUrl\":\"https:\\\/\\\/secure.gravatar.com\\\/avatar\\\/2cc026ea89b57b9d913d4ce5b90a0490046c0c9048a129e24cc44313a90d3f77?s=96&d=mm&r=g\",\"caption\":\"admin\"},\"url\":\"https:\\\/\\\/comunicacaoestrategicacps.com.br\\\/blog\\\/author\\\/admin\\\/\"}]}<\/script>\n<!-- \/ Yoast SEO plugin. -->","yoast_head_json":{"title":"Royal Palm Plaza Resort, em Campinas, ter\u00e1 pacotes e programa\u00e7\u00e3o especiais para a P\u00e1scoa - Comunica\u00e7\u00e3o Estrat\u00e9gica","robots":{"index":"index","follow":"follow","max-snippet":"max-snippet:-1","max-image-preview":"max-image-preview:large","max-video-preview":"max-video-preview:-1"},"canonical":"https:\/\/comunicacaoestrategicacps.com.br\/blog\/royal-palm-plaza-resort-em-campinas-tera-pacotes-e-programacao-especiais-para-a-pascoa\/","og_locale":"pt_BR","og_type":"article","og_title":"Royal Palm Plaza Resort, em Campinas, ter\u00e1 pacotes e programa\u00e7\u00e3o especiais para a P\u00e1scoa - Comunica\u00e7\u00e3o Estrat\u00e9gica","og_description":"Campinas, mar\u00e7o de 2026. Localizado em Campinas, a cerca de 90 minutos da Capital paulista, o Royal Palm Plaza Resort \u00e9 uma das op\u00e7\u00f5es para fam\u00edlias no feriado de P\u00e1scoa, de 2 a 5 de abril. O empreendimento re\u00fane complexo aqu\u00e1tico com piscinas externas climatizadas, \u00e1reas tem\u00e1ticas dedicadas ao p\u00fablico infantil, quadras esportivas, academia, spa [&hellip;]","og_url":"https:\/\/comunicacaoestrategicacps.com.br\/blog\/royal-palm-plaza-resort-em-campinas-tera-pacotes-e-programacao-especiais-para-a-pascoa\/","og_site_name":"Comunica\u00e7\u00e3o Estrat\u00e9gica","article_published_time":"2026-03-08T14:22:25+00:00","article_modified_time":"2026-03-08T14:22:26+00:00","og_image":[{"width":1280,"height":853,"url":"https:\/\/comunicacaoestrategicacps.com.br\/blog\/wp-content\/uploads\/2026\/03\/royal-pascoa-scaled.jpeg","type":"image\/jpeg"}],"author":"admin","twitter_card":"summary_large_image","twitter_misc":{"Escrito por":"admin","Est. tempo de leitura":"3 minutos"},"schema":{"@context":"https:\/\/schema.org","@graph":[{"@type":"Article","@id":"https:\/\/comunicacaoestrategicacps.com.br\/blog\/royal-palm-plaza-resort-em-campinas-tera-pacotes-e-programacao-especiais-para-a-pascoa\/#article","isPartOf":{"@id":"https:\/\/comunicacaoestrategicacps.com.br\/blog\/royal-palm-plaza-resort-em-campinas-tera-pacotes-e-programacao-especiais-para-a-pascoa\/"},"author":{"name":"admin","@id":"https:\/\/comunicacaoestrategicacps.com.br\/blog\/#\/schema\/person\/8d447568a01edd36a56dbbcb702b02fc"},"headline":"Royal Palm Plaza Resort, em Campinas, ter\u00e1 pacotes e programa\u00e7\u00e3o especiais para a P\u00e1scoa","datePublished":"2026-03-08T14:22:25+00:00","dateModified":"2026-03-08T14:22:26+00:00","mainEntityOfPage":{"@id":"https:\/\/comunicacaoestrategicacps.com.br\/blog\/royal-palm-plaza-resort-em-campinas-tera-pacotes-e-programacao-especiais-para-a-pascoa\/"},"wordCount":478,"commentCount":0,"image":{"@id":"https:\/\/comunicacaoestrategicacps.com.br\/blog\/royal-palm-plaza-resort-em-campinas-tera-pacotes-e-programacao-especiais-para-a-pascoa\/#primaryimage"},"thumbnailUrl":"https:\/\/comunicacaoestrategicacps.com.br\/blog\/wp-content\/uploads\/2026\/03\/royal-pascoa-scaled.jpeg","articleSection":["Neg\u00f3cios e Economia"],"inLanguage":"pt-BR","potentialAction":[{"@type":"CommentAction","name":"Comment","target":["https:\/\/comunicacaoestrategicacps.com.br\/blog\/royal-palm-plaza-resort-em-campinas-tera-pacotes-e-programacao-especiais-para-a-pascoa\/#respond"]}]},{"@type":"WebPage","@id":"https:\/\/comunicacaoestrategicacps.com.br\/blog\/royal-palm-plaza-resort-em-campinas-tera-pacotes-e-programacao-especiais-para-a-pascoa\/","url":"https:\/\/comunicacaoestrategicacps.com.br\/blog\/royal-palm-plaza-resort-em-campinas-tera-pacotes-e-programacao-especiais-para-a-pascoa\/","name":"Royal Palm Plaza Resort, em Campinas, ter\u00e1 pacotes e programa\u00e7\u00e3o especiais para a P\u00e1scoa - Comunica\u00e7\u00e3o Estrat\u00e9gica","isPartOf":{"@id":"https:\/\/comunicacaoestrategicacps.com.br\/blog\/#website"},"primaryImageOfPage":{"@id":"https:\/\/comunicacaoestrategicacps.com.br\/blog\/royal-palm-plaza-resort-em-campinas-tera-pacotes-e-programacao-especiais-para-a-pascoa\/#primaryimage"},"image":{"@id":"https:\/\/comunicacaoestrategicacps.com.br\/blog\/royal-palm-plaza-resort-em-campinas-tera-pacotes-e-programacao-especiais-para-a-pascoa\/#primaryimage"},"thumbnailUrl":"https:\/\/comunicacaoestrategicacps.com.br\/blog\/wp-content\/uploads\/2026\/03\/royal-pascoa-scaled.jpeg","datePublished":"2026-03-08T14:22:25+00:00","dateModified":"2026-03-08T14:22:26+00:00","author":{"@id":"https:\/\/comunicacaoestrategicacps.com.br\/blog\/#\/schema\/person\/8d447568a01edd36a56dbbcb702b02fc"},"breadcrumb":{"@id":"https:\/\/comunicacaoestrategicacps.com.br\/blog\/royal-palm-plaza-resort-em-campinas-tera-pacotes-e-programacao-especiais-para-a-pascoa\/#breadcrumb"},"inLanguage":"pt-BR","potentialAction":[{"@type":"ReadAction","target":["https:\/\/comunicacaoestrategicacps.com.br\/blog\/royal-palm-plaza-resort-em-campinas-tera-pacotes-e-programacao-especiais-para-a-pascoa\/"]}]},{"@type":"ImageObject","inLanguage":"pt-BR","@id":"https:\/\/comunicacaoestrategicacps.com.br\/blog\/royal-palm-plaza-resort-em-campinas-tera-pacotes-e-programacao-especiais-para-a-pascoa\/#primaryimage","url":"https:\/\/comunicacaoestrategicacps.com.br\/blog\/wp-content\/uploads\/2026\/03\/royal-pascoa-scaled.jpeg","contentUrl":"https:\/\/comunicacaoestrategicacps.com.br\/blog\/wp-content\/uploads\/2026\/03\/royal-pascoa-scaled.jpeg","width":1280,"height":853},{"@type":"BreadcrumbList","@id":"https:\/\/comunicacaoestrategicacps.com.br\/blog\/royal-palm-plaza-resort-em-campinas-tera-pacotes-e-programacao-especiais-para-a-pascoa\/#breadcrumb","itemListElement":[{"@type":"ListItem","position":1,"name":"In\u00edcio","item":"https:\/\/comunicacaoestrategicacps.com.br\/blog\/"},{"@type":"ListItem","position":2,"name":"Royal Palm Plaza Resort, em Campinas, ter\u00e1 pacotes e programa\u00e7\u00e3o especiais para a P\u00e1scoa"}]},{"@type":"WebSite","@id":"https:\/\/comunicacaoestrategicacps.com.br\/blog\/#website","url":"https:\/\/comunicacaoestrategicacps.com.br\/blog\/","name":"Comunica\u00e7\u00e3o Estrat\u00e9gica","description":"Comunica\u00e7\u00e3o Estrat\u00e9gica  - Assessoria de Imprensa","potentialAction":[{"@type":"SearchAction","target":{"@type":"EntryPoint","urlTemplate":"https:\/\/comunicacaoestrategicacps.com.br\/blog\/?s={search_term_string}"},"query-input":{"@type":"PropertyValueSpecification","valueRequired":true,"valueName":"search_term_string"}}],"inLanguage":"pt-BR"},{"@type":"Person","@id":"https:\/\/comunicacaoestrategicacps.com.br\/blog\/#\/schema\/person\/8d447568a01edd36a56dbbcb702b02fc","name":"admin","image":{"@type":"ImageObject","inLanguage":"pt-BR","@id":"https:\/\/secure.gravatar.com\/avatar\/2cc026ea89b57b9d913d4ce5b90a0490046c0c9048a129e24cc44313a90d3f77?s=96&d=mm&r=g","url":"https:\/\/secure.gravatar.com\/avatar\/2cc026ea89b57b9d913d4ce5b90a0490046c0c9048a129e24cc44313a90d3f77?s=96&d=mm&r=g","contentUrl":"https:\/\/secure.gravatar.com\/avatar\/2cc026ea89b57b9d913d4ce5b90a0490046c0c9048a129e24cc44313a90d3f77?s=96&d=mm&r=g","caption":"admin"},"url":"https:\/\/comunicacaoestrategicacps.com.br\/blog\/author\/admin\/"}]}},"builder_content":"","_links":{"self":[{"href":"https:\/\/comunicacaoestrategicacps.com.br\/blog\/wp-json\/wp\/v2\/posts\/3868","targetHints":{"allow":["GET"]}}],"collection":[{"href":"https:\/\/comunicacaoestrategicacps.com.br\/blog\/wp-json\/wp\/v2\/posts"}],"about":[{"href":"https:\/\/comunicacaoestrategicacps.com.br\/blog\/wp-json\/wp\/v2\/types\/post"}],"author":[{"embeddable":true,"href":"https:\/\/comunicacaoestrategicacps.com.br\/blog\/wp-json\/wp\/v2\/users\/1"}],"replies":[{"embeddable":true,"href":"https:\/\/comunicacaoestrategicacps.com.br\/blog\/wp-json\/wp\/v2\/comments?post=3868"}],"version-history":[{"count":1,"href":"https:\/\/comunicacaoestrategicacps.com.br\/blog\/wp-json\/wp\/v2\/posts\/3868\/revisions"}],"predecessor-version":[{"id":3870,"href":"https:\/\/comunicacaoestrategicacps.com.br\/blog\/wp-json\/wp\/v2\/posts\/3868\/revisions\/3870"}],"wp:featuredmedia":[{"embeddable":true,"href":"https:\/\/comunicacaoestrategicacps.com.br\/blog\/wp-json\/wp\/v2\/media\/3869"}],"wp:attachment":[{"href":"https:\/\/comunicacaoestrategicacps.com.br\/blog\/wp-json\/wp\/v2\/media?parent=3868"}],"wp:term":[{"taxonomy":"category","embeddable":true,"href":"https:\/\/comunicacaoestrategicacps.com.br\/blog\/wp-json\/wp\/v2\/categories?post=3868"},{"taxonomy":"post_tag","embeddable":true,"href":"https:\/\/comunicacaoestrategicacps.com.br\/blog\/wp-json\/wp\/v2\/tags?post=3868"}],"curies":[{"name":"wp","href":"https:\/\/api.w.org\/{rel}","templated":true}]}}