{"id":3871,"date":"2026-03-08T11:23:46","date_gmt":"2026-03-08T14:23:46","guid":{"rendered":"https:\/\/comunicacaoestrategicacps.com.br\/blog\/?p=3871"},"modified":"2026-03-08T11:23:47","modified_gmt":"2026-03-08T14:23:47","slug":"planejador-financeiro-silvio-faria-diz-que-guerra-pode-impactar-precos-e-prega-cautela-na-hora-de-investir","status":"publish","type":"post","link":"https:\/\/comunicacaoestrategicacps.com.br\/blog\/planejador-financeiro-silvio-faria-diz-que-guerra-pode-impactar-precos-e-prega-cautela-na-hora-de-investir\/","title":{"rendered":"Planejador Financeiro S\u00edlvio Faria diz que guerra pode impactar pre\u00e7os e prega cautela na hora de investir"},"content":{"rendered":"<!--themify_builder_content-->\n<div id=\"themify_builder_content-3871\" data-postid=\"3871\" class=\"themify_builder_content themify_builder_content-3871 themify_builder tf_clear\">\n    <\/div>\n<!--\/themify_builder_content-->\n\n\n<figure class=\"wp-block-image size-large\"><img loading=\"lazy\" decoding=\"async\" width=\"1022\" height=\"1024\" src=\"https:\/\/comunicacaoestrategicacps.com.br\/blog\/wp-content\/uploads\/2026\/01\/silvio-faria-1022x1024.jpeg\" alt=\"\" class=\"wp-image-3806\" srcset=\"https:\/\/comunicacaoestrategicacps.com.br\/blog\/wp-content\/uploads\/2026\/01\/silvio-faria-1022x1024.jpeg 1022w, https:\/\/comunicacaoestrategicacps.com.br\/blog\/wp-content\/uploads\/2026\/01\/silvio-faria-300x300.jpeg 300w, https:\/\/comunicacaoestrategicacps.com.br\/blog\/wp-content\/uploads\/2026\/01\/silvio-faria-150x150.jpeg 150w, https:\/\/comunicacaoestrategicacps.com.br\/blog\/wp-content\/uploads\/2026\/01\/silvio-faria-768x770.jpeg 768w, https:\/\/comunicacaoestrategicacps.com.br\/blog\/wp-content\/uploads\/2026\/01\/silvio-faria-1022x1024-70x70.jpeg 70w, https:\/\/comunicacaoestrategicacps.com.br\/blog\/wp-content\/uploads\/2026\/01\/silvio-faria.jpeg 1277w\" sizes=\"auto, (max-width: 1022px) 100vw, 1022px\" \/><\/figure>\n\n\n\n<p><strong>Campinas, mar\u00e7o de 2026<\/strong> &#8211; O conflito geopol\u00edtico no Oriente M\u00e9dio, envolvendo Estados Unidos, Israel e Ir\u00e3, e com impactos em outros pa\u00edses vizinhos imp\u00f5e apreens\u00e3o ao mundo e riscos \u00e0 economia mundial. Al\u00e9m da eleva\u00e7\u00e3o nos pre\u00e7os do petr\u00f3leo, a guerra deve impactar pre\u00e7os de diversos produtos, interferir na infla\u00e7\u00e3o interna do Brasil e, tamb\u00e9m, elevar os riscos para os investimentos de pessoas f\u00edsicas e jur\u00eddicas. O momento exige cautela e calma nas tomadas de decis\u00f5es, na opini\u00e3o do planejador financeiro Silvio Faria.<\/p>\n\n\n\n<p>O principal ponto de aten\u00e7\u00e3o no momento tem rela\u00e7\u00e3o com os combust\u00edveis e, consequentemente, o impacto inflacion\u00e1rio com aumentos de pre\u00e7os, que poder\u00e1, de alguma forma, interferir na condu\u00e7\u00e3o de pol\u00edtica monet\u00e1ria nacional nos pr\u00f3ximos meses. O Ir\u00e3 desempenha papel fundamental no mercado global de petr\u00f3leo. Al\u00e9m de grande produtor, com largas reservas, o pa\u00eds det\u00e9m o controle do lado norte da rota mar\u00edtima de escoamento, atrav\u00e9s do Estreito de Ormuz, por onde passam um quinto da produ\u00e7\u00e3o mundial inteira diariamente.<\/p>\n\n\n\n<p>O Estreito de Ormuz foi fechado no final de semana reduzindo o escoamento do produto para todo o mundo. O primeiro impacto da decis\u00e3o foi o aumento de 10% no valor do barril de petr\u00f3leo tipo Brent, refer\u00eancia global no pre\u00e7o dessa commodity para o mercado, que fechou na \u00faltima sexta ao pre\u00e7o de US$ 73,00 o barril. No domingo o valor j\u00e1 passou de US$ 80,00. O mercado j\u00e1 projeta mais de US$ 90,00 em curto prazo se o conflito se estender.<\/p>\n\n\n\n<p>\u201cO Brasil, por uma s\u00e9rie de fatores, n\u00e3o \u00e9 autossuficiente em refino de combust\u00edvel e precisa importar insumos e petr\u00f3leos mais leves. Isso nos leva a entender, que com o poss\u00edvel aumento dos pre\u00e7os internacionais, esses importados devam chegar mais caros por aqui\u201d, explica Faria. \u201cA produ\u00e7\u00e3o ficando mais cara, fatalmente o produto final, que vai para a bomba dos postos, dever\u00e1 encarecer e a cadeia produtiva vai ficando mais custosa\u201d, acrescenta.<\/p>\n\n\n\n<p>Faria lembra que dois pontos importantes em decorr\u00eancia ao aumento do petr\u00f3leo internacional: o combust\u00edvel entra na linha de transportes do IPCA, que tem um peso de cerca de 21% no \u00edndice. \u201cCom isso, o \u00edndice oficial de infla\u00e7\u00e3o balizador para queda da taxa Selic, pode n\u00e3o reduzir. Segundo ponto, 65% do escoamento de nossa produ\u00e7\u00e3o, pensando em log\u00edstica, \u00e9 majoritariamente vi\u00e1ria, sendo assim, um aumento de pre\u00e7os nos combust\u00edveis, vai encarecer tudo que seja escoado por rodovias, podendo indiretamente afetar mais linhas de vetores dentro do acompanhamento da infla\u00e7\u00e3o.<\/p>\n\n\n\n<p>De acordo com Faria, pensando nesse cen\u00e1rio, se a infla\u00e7\u00e3o resistir fora do teto da meta e o governo n\u00e3o tiver margem para reduzir a Selic, o que pode acontecer com os investimentos aqui no pa\u00eds?<\/p>\n\n\n\n<p>\u201cPrimeiro, ativos atrelados a renda fixa prefixados e a juros real, o famoso IPCA+, podem n\u00e3o performar como planejado ou mesmo ficar at\u00e9 negativo, a depender do qu\u00e3o impactante ser\u00e1 o conflito e por quanto tempo ele durar\u201d, alerta ele. \u201cSelic mais alta por mais tempo, pode representar queda de bolsa de valores, onde, aproveitando m\u00e1ximas hist\u00f3ricas recentes, investidores podem vender suas posi\u00e7\u00f5es para comprar t\u00edtulos mais rent\u00e1veis de renda fixa, causando des\u00e1gios razo\u00e1veis para o mercado acion\u00e1rio. O mesmo racional vale para os Fundos Imobili\u00e1rios\u201d, projeta.<\/p>\n\n\n\n<p>\u201cA bolsa americana pode tamb\u00e9m ter algum rev\u00e9s, j\u00e1 que, somado \u00e0s quest\u00f5es tarif\u00e1rias confusas do Governo Trump, esse conflito pode gerar mais incertezas, fazendo os investidores de Wall Street reduzirem posi\u00e7\u00f5es tamb\u00e9m na bolsa por l\u00e1\u201d, afirma.<\/p>\n\n\n\n<p>Para ele, a sugest\u00e3o \u00e9 que investidores tenham mais cautela em ativos de volatilidade, respeitando sempre a exposi\u00e7\u00e3o dentro do perfil de risco de cada investidor. \u201cSe est\u00e1 posicionado dentro do seu perfil, mantenha a calma, se est\u00e1 posicionado ligeiramente acima de seu conforto, realize posi\u00e7\u00e3o aproveitando as altas recentes do mercado. S\u00f3 compre posi\u00e7\u00f5es de fundos imobili\u00e1rios ou a\u00e7\u00f5es que voc\u00ea, ou quem lhe apoia em sua gest\u00e3o patrimonial, realmente acredita\u201d, ensina Faria.<\/p>\n\n\n\n<p>Na renda fixa, ele prega cautela nas novas aquisi\u00e7\u00f5es de t\u00edtulos, exceto os que acompanham o CDI, que s\u00e3o conservadores. \u201cMantenha posi\u00e7\u00e3o dentro dos ativos j\u00e1 presente em carteira, at\u00e9 entendermos o que vai acontecer daqui pra frente com o cen\u00e1rio\u201d, conclui o planejador financeiro.<\/p>","protected":false},"excerpt":{"rendered":"<p>Campinas, mar\u00e7o de 2026 &#8211; O conflito geopol\u00edtico no Oriente M\u00e9dio, envolvendo Estados Unidos, Israel e Ir\u00e3, e com impactos em outros pa\u00edses vizinhos imp\u00f5e apreens\u00e3o ao mundo e riscos \u00e0 economia mundial. Al\u00e9m da eleva\u00e7\u00e3o nos pre\u00e7os do petr\u00f3leo, a guerra deve impactar pre\u00e7os de diversos produtos, interferir na infla\u00e7\u00e3o interna do Brasil e, [&hellip;]<\/p>\n","protected":false},"author":1,"featured_media":3806,"comment_status":"open","ping_status":"open","sticky":false,"template":"","format":"standard","meta":{"footnotes":""},"categories":[43],"tags":[],"class_list":["post-3871","post","type-post","status-publish","format-standard","has-post-thumbnail","hentry","category-negocios-e-economia","has-post-title","has-post-date","has-post-category","has-post-tag","has-post-comment","has-post-author",""],"yoast_head":"<!-- This site is optimized with the Yoast SEO plugin v27.5 - https:\/\/yoast.com\/product\/yoast-seo-wordpress\/ -->\n<title>Planejador Financeiro S\u00edlvio Faria diz que guerra pode impactar pre\u00e7os e prega cautela na hora de investir - Comunica\u00e7\u00e3o Estrat\u00e9gica<\/title>\n<meta name=\"robots\" content=\"index, follow, max-snippet:-1, max-image-preview:large, max-video-preview:-1\" \/>\n<link rel=\"canonical\" href=\"https:\/\/comunicacaoestrategicacps.com.br\/blog\/planejador-financeiro-silvio-faria-diz-que-guerra-pode-impactar-precos-e-prega-cautela-na-hora-de-investir\/\" \/>\n<meta property=\"og:locale\" content=\"pt_BR\" \/>\n<meta property=\"og:type\" content=\"article\" \/>\n<meta property=\"og:title\" content=\"Planejador Financeiro S\u00edlvio Faria diz que guerra pode impactar pre\u00e7os e prega cautela na hora de investir - Comunica\u00e7\u00e3o Estrat\u00e9gica\" \/>\n<meta property=\"og:description\" content=\"Campinas, mar\u00e7o de 2026 &#8211; O conflito geopol\u00edtico no Oriente M\u00e9dio, envolvendo Estados Unidos, Israel e Ir\u00e3, e com impactos em outros pa\u00edses vizinhos imp\u00f5e apreens\u00e3o ao mundo e riscos \u00e0 economia mundial. Al\u00e9m da eleva\u00e7\u00e3o nos pre\u00e7os do petr\u00f3leo, a guerra deve impactar pre\u00e7os de diversos produtos, interferir na infla\u00e7\u00e3o interna do Brasil e, [&hellip;]\" \/>\n<meta property=\"og:url\" content=\"https:\/\/comunicacaoestrategicacps.com.br\/blog\/planejador-financeiro-silvio-faria-diz-que-guerra-pode-impactar-precos-e-prega-cautela-na-hora-de-investir\/\" \/>\n<meta property=\"og:site_name\" content=\"Comunica\u00e7\u00e3o Estrat\u00e9gica\" \/>\n<meta property=\"article:published_time\" content=\"2026-03-08T14:23:46+00:00\" \/>\n<meta property=\"article:modified_time\" content=\"2026-03-08T14:23:47+00:00\" \/>\n<meta property=\"og:image\" content=\"https:\/\/comunicacaoestrategicacps.com.br\/blog\/wp-content\/uploads\/2026\/01\/silvio-faria.jpeg\" \/>\n\t<meta property=\"og:image:width\" content=\"1277\" \/>\n\t<meta property=\"og:image:height\" content=\"1280\" \/>\n\t<meta property=\"og:image:type\" content=\"image\/jpeg\" \/>\n<meta name=\"author\" content=\"admin\" \/>\n<meta name=\"twitter:card\" content=\"summary_large_image\" \/>\n<meta name=\"twitter:label1\" content=\"Escrito por\" \/>\n\t<meta name=\"twitter:data1\" content=\"admin\" \/>\n\t<meta name=\"twitter:label2\" content=\"Est. tempo de leitura\" \/>\n\t<meta name=\"twitter:data2\" content=\"5 minutos\" \/>\n<script type=\"application\/ld+json\" class=\"yoast-schema-graph\">{\"@context\":\"https:\\\/\\\/schema.org\",\"@graph\":[{\"@type\":\"Article\",\"@id\":\"https:\\\/\\\/comunicacaoestrategicacps.com.br\\\/blog\\\/planejador-financeiro-silvio-faria-diz-que-guerra-pode-impactar-precos-e-prega-cautela-na-hora-de-investir\\\/#article\",\"isPartOf\":{\"@id\":\"https:\\\/\\\/comunicacaoestrategicacps.com.br\\\/blog\\\/planejador-financeiro-silvio-faria-diz-que-guerra-pode-impactar-precos-e-prega-cautela-na-hora-de-investir\\\/\"},\"author\":{\"name\":\"admin\",\"@id\":\"https:\\\/\\\/comunicacaoestrategicacps.com.br\\\/blog\\\/#\\\/schema\\\/person\\\/8d447568a01edd36a56dbbcb702b02fc\"},\"headline\":\"Planejador Financeiro S\u00edlvio Faria diz que guerra pode impactar pre\u00e7os e prega cautela na hora de investir\",\"datePublished\":\"2026-03-08T14:23:46+00:00\",\"dateModified\":\"2026-03-08T14:23:47+00:00\",\"mainEntityOfPage\":{\"@id\":\"https:\\\/\\\/comunicacaoestrategicacps.com.br\\\/blog\\\/planejador-financeiro-silvio-faria-diz-que-guerra-pode-impactar-precos-e-prega-cautela-na-hora-de-investir\\\/\"},\"wordCount\":787,\"commentCount\":0,\"image\":{\"@id\":\"https:\\\/\\\/comunicacaoestrategicacps.com.br\\\/blog\\\/planejador-financeiro-silvio-faria-diz-que-guerra-pode-impactar-precos-e-prega-cautela-na-hora-de-investir\\\/#primaryimage\"},\"thumbnailUrl\":\"https:\\\/\\\/comunicacaoestrategicacps.com.br\\\/blog\\\/wp-content\\\/uploads\\\/2026\\\/01\\\/silvio-faria.jpeg\",\"articleSection\":[\"Neg\u00f3cios e Economia\"],\"inLanguage\":\"pt-BR\",\"potentialAction\":[{\"@type\":\"CommentAction\",\"name\":\"Comment\",\"target\":[\"https:\\\/\\\/comunicacaoestrategicacps.com.br\\\/blog\\\/planejador-financeiro-silvio-faria-diz-que-guerra-pode-impactar-precos-e-prega-cautela-na-hora-de-investir\\\/#respond\"]}]},{\"@type\":\"WebPage\",\"@id\":\"https:\\\/\\\/comunicacaoestrategicacps.com.br\\\/blog\\\/planejador-financeiro-silvio-faria-diz-que-guerra-pode-impactar-precos-e-prega-cautela-na-hora-de-investir\\\/\",\"url\":\"https:\\\/\\\/comunicacaoestrategicacps.com.br\\\/blog\\\/planejador-financeiro-silvio-faria-diz-que-guerra-pode-impactar-precos-e-prega-cautela-na-hora-de-investir\\\/\",\"name\":\"Planejador Financeiro S\u00edlvio Faria diz que guerra pode impactar pre\u00e7os e prega cautela na hora de investir - Comunica\u00e7\u00e3o Estrat\u00e9gica\",\"isPartOf\":{\"@id\":\"https:\\\/\\\/comunicacaoestrategicacps.com.br\\\/blog\\\/#website\"},\"primaryImageOfPage\":{\"@id\":\"https:\\\/\\\/comunicacaoestrategicacps.com.br\\\/blog\\\/planejador-financeiro-silvio-faria-diz-que-guerra-pode-impactar-precos-e-prega-cautela-na-hora-de-investir\\\/#primaryimage\"},\"image\":{\"@id\":\"https:\\\/\\\/comunicacaoestrategicacps.com.br\\\/blog\\\/planejador-financeiro-silvio-faria-diz-que-guerra-pode-impactar-precos-e-prega-cautela-na-hora-de-investir\\\/#primaryimage\"},\"thumbnailUrl\":\"https:\\\/\\\/comunicacaoestrategicacps.com.br\\\/blog\\\/wp-content\\\/uploads\\\/2026\\\/01\\\/silvio-faria.jpeg\",\"datePublished\":\"2026-03-08T14:23:46+00:00\",\"dateModified\":\"2026-03-08T14:23:47+00:00\",\"author\":{\"@id\":\"https:\\\/\\\/comunicacaoestrategicacps.com.br\\\/blog\\\/#\\\/schema\\\/person\\\/8d447568a01edd36a56dbbcb702b02fc\"},\"breadcrumb\":{\"@id\":\"https:\\\/\\\/comunicacaoestrategicacps.com.br\\\/blog\\\/planejador-financeiro-silvio-faria-diz-que-guerra-pode-impactar-precos-e-prega-cautela-na-hora-de-investir\\\/#breadcrumb\"},\"inLanguage\":\"pt-BR\",\"potentialAction\":[{\"@type\":\"ReadAction\",\"target\":[\"https:\\\/\\\/comunicacaoestrategicacps.com.br\\\/blog\\\/planejador-financeiro-silvio-faria-diz-que-guerra-pode-impactar-precos-e-prega-cautela-na-hora-de-investir\\\/\"]}]},{\"@type\":\"ImageObject\",\"inLanguage\":\"pt-BR\",\"@id\":\"https:\\\/\\\/comunicacaoestrategicacps.com.br\\\/blog\\\/planejador-financeiro-silvio-faria-diz-que-guerra-pode-impactar-precos-e-prega-cautela-na-hora-de-investir\\\/#primaryimage\",\"url\":\"https:\\\/\\\/comunicacaoestrategicacps.com.br\\\/blog\\\/wp-content\\\/uploads\\\/2026\\\/01\\\/silvio-faria.jpeg\",\"contentUrl\":\"https:\\\/\\\/comunicacaoestrategicacps.com.br\\\/blog\\\/wp-content\\\/uploads\\\/2026\\\/01\\\/silvio-faria.jpeg\",\"width\":1277,\"height\":1280},{\"@type\":\"BreadcrumbList\",\"@id\":\"https:\\\/\\\/comunicacaoestrategicacps.com.br\\\/blog\\\/planejador-financeiro-silvio-faria-diz-que-guerra-pode-impactar-precos-e-prega-cautela-na-hora-de-investir\\\/#breadcrumb\",\"itemListElement\":[{\"@type\":\"ListItem\",\"position\":1,\"name\":\"In\u00edcio\",\"item\":\"https:\\\/\\\/comunicacaoestrategicacps.com.br\\\/blog\\\/\"},{\"@type\":\"ListItem\",\"position\":2,\"name\":\"Planejador Financeiro S\u00edlvio Faria diz que guerra pode impactar pre\u00e7os e prega cautela na hora de investir\"}]},{\"@type\":\"WebSite\",\"@id\":\"https:\\\/\\\/comunicacaoestrategicacps.com.br\\\/blog\\\/#website\",\"url\":\"https:\\\/\\\/comunicacaoestrategicacps.com.br\\\/blog\\\/\",\"name\":\"Comunica\u00e7\u00e3o Estrat\u00e9gica\",\"description\":\"Comunica\u00e7\u00e3o Estrat\u00e9gica  - Assessoria de Imprensa\",\"potentialAction\":[{\"@type\":\"SearchAction\",\"target\":{\"@type\":\"EntryPoint\",\"urlTemplate\":\"https:\\\/\\\/comunicacaoestrategicacps.com.br\\\/blog\\\/?s={search_term_string}\"},\"query-input\":{\"@type\":\"PropertyValueSpecification\",\"valueRequired\":true,\"valueName\":\"search_term_string\"}}],\"inLanguage\":\"pt-BR\"},{\"@type\":\"Person\",\"@id\":\"https:\\\/\\\/comunicacaoestrategicacps.com.br\\\/blog\\\/#\\\/schema\\\/person\\\/8d447568a01edd36a56dbbcb702b02fc\",\"name\":\"admin\",\"image\":{\"@type\":\"ImageObject\",\"inLanguage\":\"pt-BR\",\"@id\":\"https:\\\/\\\/secure.gravatar.com\\\/avatar\\\/2cc026ea89b57b9d913d4ce5b90a0490046c0c9048a129e24cc44313a90d3f77?s=96&d=mm&r=g\",\"url\":\"https:\\\/\\\/secure.gravatar.com\\\/avatar\\\/2cc026ea89b57b9d913d4ce5b90a0490046c0c9048a129e24cc44313a90d3f77?s=96&d=mm&r=g\",\"contentUrl\":\"https:\\\/\\\/secure.gravatar.com\\\/avatar\\\/2cc026ea89b57b9d913d4ce5b90a0490046c0c9048a129e24cc44313a90d3f77?s=96&d=mm&r=g\",\"caption\":\"admin\"},\"url\":\"https:\\\/\\\/comunicacaoestrategicacps.com.br\\\/blog\\\/author\\\/admin\\\/\"}]}<\/script>\n<!-- \/ Yoast SEO plugin. -->","yoast_head_json":{"title":"Planejador Financeiro S\u00edlvio Faria diz que guerra pode impactar pre\u00e7os e prega cautela na hora de investir - Comunica\u00e7\u00e3o Estrat\u00e9gica","robots":{"index":"index","follow":"follow","max-snippet":"max-snippet:-1","max-image-preview":"max-image-preview:large","max-video-preview":"max-video-preview:-1"},"canonical":"https:\/\/comunicacaoestrategicacps.com.br\/blog\/planejador-financeiro-silvio-faria-diz-que-guerra-pode-impactar-precos-e-prega-cautela-na-hora-de-investir\/","og_locale":"pt_BR","og_type":"article","og_title":"Planejador Financeiro S\u00edlvio Faria diz que guerra pode impactar pre\u00e7os e prega cautela na hora de investir - Comunica\u00e7\u00e3o Estrat\u00e9gica","og_description":"Campinas, mar\u00e7o de 2026 &#8211; O conflito geopol\u00edtico no Oriente M\u00e9dio, envolvendo Estados Unidos, Israel e Ir\u00e3, e com impactos em outros pa\u00edses vizinhos imp\u00f5e apreens\u00e3o ao mundo e riscos \u00e0 economia mundial. Al\u00e9m da eleva\u00e7\u00e3o nos pre\u00e7os do petr\u00f3leo, a guerra deve impactar pre\u00e7os de diversos produtos, interferir na infla\u00e7\u00e3o interna do Brasil e, [&hellip;]","og_url":"https:\/\/comunicacaoestrategicacps.com.br\/blog\/planejador-financeiro-silvio-faria-diz-que-guerra-pode-impactar-precos-e-prega-cautela-na-hora-de-investir\/","og_site_name":"Comunica\u00e7\u00e3o Estrat\u00e9gica","article_published_time":"2026-03-08T14:23:46+00:00","article_modified_time":"2026-03-08T14:23:47+00:00","og_image":[{"width":1277,"height":1280,"url":"https:\/\/comunicacaoestrategicacps.com.br\/blog\/wp-content\/uploads\/2026\/01\/silvio-faria.jpeg","type":"image\/jpeg"}],"author":"admin","twitter_card":"summary_large_image","twitter_misc":{"Escrito por":"admin","Est. tempo de leitura":"5 minutos"},"schema":{"@context":"https:\/\/schema.org","@graph":[{"@type":"Article","@id":"https:\/\/comunicacaoestrategicacps.com.br\/blog\/planejador-financeiro-silvio-faria-diz-que-guerra-pode-impactar-precos-e-prega-cautela-na-hora-de-investir\/#article","isPartOf":{"@id":"https:\/\/comunicacaoestrategicacps.com.br\/blog\/planejador-financeiro-silvio-faria-diz-que-guerra-pode-impactar-precos-e-prega-cautela-na-hora-de-investir\/"},"author":{"name":"admin","@id":"https:\/\/comunicacaoestrategicacps.com.br\/blog\/#\/schema\/person\/8d447568a01edd36a56dbbcb702b02fc"},"headline":"Planejador Financeiro S\u00edlvio Faria diz que guerra pode impactar pre\u00e7os e prega cautela na hora de investir","datePublished":"2026-03-08T14:23:46+00:00","dateModified":"2026-03-08T14:23:47+00:00","mainEntityOfPage":{"@id":"https:\/\/comunicacaoestrategicacps.com.br\/blog\/planejador-financeiro-silvio-faria-diz-que-guerra-pode-impactar-precos-e-prega-cautela-na-hora-de-investir\/"},"wordCount":787,"commentCount":0,"image":{"@id":"https:\/\/comunicacaoestrategicacps.com.br\/blog\/planejador-financeiro-silvio-faria-diz-que-guerra-pode-impactar-precos-e-prega-cautela-na-hora-de-investir\/#primaryimage"},"thumbnailUrl":"https:\/\/comunicacaoestrategicacps.com.br\/blog\/wp-content\/uploads\/2026\/01\/silvio-faria.jpeg","articleSection":["Neg\u00f3cios e Economia"],"inLanguage":"pt-BR","potentialAction":[{"@type":"CommentAction","name":"Comment","target":["https:\/\/comunicacaoestrategicacps.com.br\/blog\/planejador-financeiro-silvio-faria-diz-que-guerra-pode-impactar-precos-e-prega-cautela-na-hora-de-investir\/#respond"]}]},{"@type":"WebPage","@id":"https:\/\/comunicacaoestrategicacps.com.br\/blog\/planejador-financeiro-silvio-faria-diz-que-guerra-pode-impactar-precos-e-prega-cautela-na-hora-de-investir\/","url":"https:\/\/comunicacaoestrategicacps.com.br\/blog\/planejador-financeiro-silvio-faria-diz-que-guerra-pode-impactar-precos-e-prega-cautela-na-hora-de-investir\/","name":"Planejador Financeiro S\u00edlvio Faria diz que guerra pode impactar pre\u00e7os e prega cautela na hora de investir - Comunica\u00e7\u00e3o Estrat\u00e9gica","isPartOf":{"@id":"https:\/\/comunicacaoestrategicacps.com.br\/blog\/#website"},"primaryImageOfPage":{"@id":"https:\/\/comunicacaoestrategicacps.com.br\/blog\/planejador-financeiro-silvio-faria-diz-que-guerra-pode-impactar-precos-e-prega-cautela-na-hora-de-investir\/#primaryimage"},"image":{"@id":"https:\/\/comunicacaoestrategicacps.com.br\/blog\/planejador-financeiro-silvio-faria-diz-que-guerra-pode-impactar-precos-e-prega-cautela-na-hora-de-investir\/#primaryimage"},"thumbnailUrl":"https:\/\/comunicacaoestrategicacps.com.br\/blog\/wp-content\/uploads\/2026\/01\/silvio-faria.jpeg","datePublished":"2026-03-08T14:23:46+00:00","dateModified":"2026-03-08T14:23:47+00:00","author":{"@id":"https:\/\/comunicacaoestrategicacps.com.br\/blog\/#\/schema\/person\/8d447568a01edd36a56dbbcb702b02fc"},"breadcrumb":{"@id":"https:\/\/comunicacaoestrategicacps.com.br\/blog\/planejador-financeiro-silvio-faria-diz-que-guerra-pode-impactar-precos-e-prega-cautela-na-hora-de-investir\/#breadcrumb"},"inLanguage":"pt-BR","potentialAction":[{"@type":"ReadAction","target":["https:\/\/comunicacaoestrategicacps.com.br\/blog\/planejador-financeiro-silvio-faria-diz-que-guerra-pode-impactar-precos-e-prega-cautela-na-hora-de-investir\/"]}]},{"@type":"ImageObject","inLanguage":"pt-BR","@id":"https:\/\/comunicacaoestrategicacps.com.br\/blog\/planejador-financeiro-silvio-faria-diz-que-guerra-pode-impactar-precos-e-prega-cautela-na-hora-de-investir\/#primaryimage","url":"https:\/\/comunicacaoestrategicacps.com.br\/blog\/wp-content\/uploads\/2026\/01\/silvio-faria.jpeg","contentUrl":"https:\/\/comunicacaoestrategicacps.com.br\/blog\/wp-content\/uploads\/2026\/01\/silvio-faria.jpeg","width":1277,"height":1280},{"@type":"BreadcrumbList","@id":"https:\/\/comunicacaoestrategicacps.com.br\/blog\/planejador-financeiro-silvio-faria-diz-que-guerra-pode-impactar-precos-e-prega-cautela-na-hora-de-investir\/#breadcrumb","itemListElement":[{"@type":"ListItem","position":1,"name":"In\u00edcio","item":"https:\/\/comunicacaoestrategicacps.com.br\/blog\/"},{"@type":"ListItem","position":2,"name":"Planejador Financeiro S\u00edlvio Faria diz que guerra pode impactar pre\u00e7os e prega cautela na hora de investir"}]},{"@type":"WebSite","@id":"https:\/\/comunicacaoestrategicacps.com.br\/blog\/#website","url":"https:\/\/comunicacaoestrategicacps.com.br\/blog\/","name":"Comunica\u00e7\u00e3o Estrat\u00e9gica","description":"Comunica\u00e7\u00e3o Estrat\u00e9gica  - Assessoria de Imprensa","potentialAction":[{"@type":"SearchAction","target":{"@type":"EntryPoint","urlTemplate":"https:\/\/comunicacaoestrategicacps.com.br\/blog\/?s={search_term_string}"},"query-input":{"@type":"PropertyValueSpecification","valueRequired":true,"valueName":"search_term_string"}}],"inLanguage":"pt-BR"},{"@type":"Person","@id":"https:\/\/comunicacaoestrategicacps.com.br\/blog\/#\/schema\/person\/8d447568a01edd36a56dbbcb702b02fc","name":"admin","image":{"@type":"ImageObject","inLanguage":"pt-BR","@id":"https:\/\/secure.gravatar.com\/avatar\/2cc026ea89b57b9d913d4ce5b90a0490046c0c9048a129e24cc44313a90d3f77?s=96&d=mm&r=g","url":"https:\/\/secure.gravatar.com\/avatar\/2cc026ea89b57b9d913d4ce5b90a0490046c0c9048a129e24cc44313a90d3f77?s=96&d=mm&r=g","contentUrl":"https:\/\/secure.gravatar.com\/avatar\/2cc026ea89b57b9d913d4ce5b90a0490046c0c9048a129e24cc44313a90d3f77?s=96&d=mm&r=g","caption":"admin"},"url":"https:\/\/comunicacaoestrategicacps.com.br\/blog\/author\/admin\/"}]}},"builder_content":"","_links":{"self":[{"href":"https:\/\/comunicacaoestrategicacps.com.br\/blog\/wp-json\/wp\/v2\/posts\/3871","targetHints":{"allow":["GET"]}}],"collection":[{"href":"https:\/\/comunicacaoestrategicacps.com.br\/blog\/wp-json\/wp\/v2\/posts"}],"about":[{"href":"https:\/\/comunicacaoestrategicacps.com.br\/blog\/wp-json\/wp\/v2\/types\/post"}],"author":[{"embeddable":true,"href":"https:\/\/comunicacaoestrategicacps.com.br\/blog\/wp-json\/wp\/v2\/users\/1"}],"replies":[{"embeddable":true,"href":"https:\/\/comunicacaoestrategicacps.com.br\/blog\/wp-json\/wp\/v2\/comments?post=3871"}],"version-history":[{"count":1,"href":"https:\/\/comunicacaoestrategicacps.com.br\/blog\/wp-json\/wp\/v2\/posts\/3871\/revisions"}],"predecessor-version":[{"id":3872,"href":"https:\/\/comunicacaoestrategicacps.com.br\/blog\/wp-json\/wp\/v2\/posts\/3871\/revisions\/3872"}],"wp:featuredmedia":[{"embeddable":true,"href":"https:\/\/comunicacaoestrategicacps.com.br\/blog\/wp-json\/wp\/v2\/media\/3806"}],"wp:attachment":[{"href":"https:\/\/comunicacaoestrategicacps.com.br\/blog\/wp-json\/wp\/v2\/media?parent=3871"}],"wp:term":[{"taxonomy":"category","embeddable":true,"href":"https:\/\/comunicacaoestrategicacps.com.br\/blog\/wp-json\/wp\/v2\/categories?post=3871"},{"taxonomy":"post_tag","embeddable":true,"href":"https:\/\/comunicacaoestrategicacps.com.br\/blog\/wp-json\/wp\/v2\/tags?post=3871"}],"curies":[{"name":"wp","href":"https:\/\/api.w.org\/{rel}","templated":true}]}}