{"id":3875,"date":"2026-03-08T11:27:06","date_gmt":"2026-03-08T14:27:06","guid":{"rendered":"https:\/\/comunicacaoestrategicacps.com.br\/blog\/?p=3875"},"modified":"2026-03-08T11:27:07","modified_gmt":"2026-03-08T14:27:07","slug":"setor-de-alimentacao-da-rmc-fecha-janeiro-com-saldo-negativo-de-empregos-mas-reduz-demissoes-ante-dezembro","status":"publish","type":"post","link":"https:\/\/comunicacaoestrategicacps.com.br\/blog\/setor-de-alimentacao-da-rmc-fecha-janeiro-com-saldo-negativo-de-empregos-mas-reduz-demissoes-ante-dezembro\/","title":{"rendered":"Setor de alimenta\u00e7\u00e3o da RMC fecha janeiro com saldo negativo de empregos, mas reduz demiss\u00f5es ante dezembro"},"content":{"rendered":"<!--themify_builder_content-->\n<div id=\"themify_builder_content-3875\" data-postid=\"3875\" class=\"themify_builder_content themify_builder_content-3875 themify_builder tf_clear\">\n    <\/div>\n<!--\/themify_builder_content-->\n\n\n<figure class=\"wp-block-image size-large\"><img loading=\"lazy\" decoding=\"async\" width=\"1024\" height=\"683\" src=\"https:\/\/comunicacaoestrategicacps.com.br\/blog\/wp-content\/uploads\/2025\/07\/Andre-1024x683.jpg\" alt=\"\" class=\"wp-image-3500\" srcset=\"https:\/\/comunicacaoestrategicacps.com.br\/blog\/wp-content\/uploads\/2025\/07\/Andre-1024x683.jpg 1024w, https:\/\/comunicacaoestrategicacps.com.br\/blog\/wp-content\/uploads\/2025\/07\/Andre-300x200.jpg 300w, https:\/\/comunicacaoestrategicacps.com.br\/blog\/wp-content\/uploads\/2025\/07\/Andre-768x512.jpg 768w, https:\/\/comunicacaoestrategicacps.com.br\/blog\/wp-content\/uploads\/2025\/07\/Andre-1536x1024.jpg 1536w, https:\/\/comunicacaoestrategicacps.com.br\/blog\/wp-content\/uploads\/2025\/07\/Andre-2048x1365.jpg 2048w, https:\/\/comunicacaoestrategicacps.com.br\/blog\/wp-content\/uploads\/2025\/07\/Andre-scaled.jpg 1280w\" sizes=\"auto, (max-width: 1024px) 100vw, 1024px\" \/><\/figure>\n\n\n\n<p>Indaiatuba foi a cidade com maior abertura de vagas na RMC; Campinas, por outro lado, foi a cidade com maior n\u00famero de postos fechados<\/p>\n\n\n\n<p>Campinas, mar\u00e7o de 2025 &#8211; O grupo alimenta\u00e7\u00e3o \u2013 formado por bares e restaurantes \u2013 admitiu 2.816 pessoas e demitiu 3.071 na Regi\u00e3o Metropolitana de Campinas (RMC) no m\u00eas de janeiro de 2026, com fechamento de 255 postos de trabalho com carteira assinada. Os dados s\u00e3o do Novo Cadastro Geral de Empregos e Desempregado (Caged), divulgados nesta ter\u00e7a-feira (03) pelo Minist\u00e9rio do Trabalho. Das 20 cidades que integram a RMC, 13 apresentaram saldo negativo, seis tiveram saldo positivo e uma (Valinhos) teve o mesmo n\u00famero de contrata\u00e7\u00f5es e demiss\u00f5es.<\/p>\n\n\n\n<p>O resultado do Caged para o primeiro m\u00eas do ano veio praticamente est\u00e1vel na compara\u00e7\u00e3o do mesmo per\u00edodo de 2025, quando o grupo Alimenta\u00e7\u00e3o teve um saldo negativo de 424 postos. &nbsp;Na compara\u00e7\u00e3o com dezembro do ano passado, o n\u00famero de vagas fechadas tamb\u00e9m apresentou forte desacelera\u00e7\u00e3o, j\u00e1 que naquele m\u00eas foram eliminados 1002 postos de trabalho.<\/p>\n\n\n\n<p>Indaiatuba foi a cidade com maior abertura de vagas na RMC (3*, seguida por Paul\u00ednia (33), Monte Mor (14), Nova Odessa (11) e Artur Nogueira (10). Campinas, por outro lado, foi a cidade com maior n\u00famero de postos fechados (183), \u00e0 frente de Americana (54), Jaguari\u00fana (28), Sumar\u00e9 (24) e Vinhedo (21).<\/p>\n\n\n\n<p>Andr\u00e9 Mandetta, presidente da Associa\u00e7\u00e3o Brasileira de Bares e Restaurantes (Abrasel) Regional Campinas, diz que os dados do Caged de janeiro, representa uma situa\u00e7\u00e3o normal para o setor no in\u00edcio de ano. \u201c\u00c9 um m\u00eas com desligamentos de tempor\u00e1rios contratados para as festas de final de ano\u201d, explica.<\/p>\n\n\n\n<p>Mandetta tamb\u00e9m ressaltou que o saldo de janeiro tamb\u00e9m trouxe um al\u00edvio, quando comparado a dezembro. \u201cEm dezembro do ano passado, o Caged trouxe um n\u00famero totalmente fora da realidade do nosso setor, com mais de mil vagas fechadas, que nos deixou apreensivos, mas em janeiro j\u00e1 vimos um cen\u00e1rio mais real\u201d, afirma ele.<\/p>","protected":false},"excerpt":{"rendered":"<p>Indaiatuba foi a cidade com maior abertura de vagas na RMC; Campinas, por outro lado, foi a cidade com maior n\u00famero de postos fechados Campinas, mar\u00e7o de 2025 &#8211; O grupo alimenta\u00e7\u00e3o \u2013 formado por bares e restaurantes \u2013 admitiu 2.816 pessoas e demitiu 3.071 na Regi\u00e3o Metropolitana de Campinas (RMC) no m\u00eas de janeiro [&hellip;]<\/p>\n","protected":false},"author":1,"featured_media":3500,"comment_status":"open","ping_status":"open","sticky":false,"template":"","format":"standard","meta":{"footnotes":""},"categories":[43],"tags":[],"class_list":["post-3875","post","type-post","status-publish","format-standard","has-post-thumbnail","hentry","category-negocios-e-economia","has-post-title","has-post-date","has-post-category","has-post-tag","has-post-comment","has-post-author",""],"yoast_head":"<!-- This site is optimized with the Yoast SEO plugin v27.5 - https:\/\/yoast.com\/product\/yoast-seo-wordpress\/ -->\n<title>Setor de alimenta\u00e7\u00e3o da RMC fecha janeiro com saldo negativo de empregos, mas reduz demiss\u00f5es ante dezembro - Comunica\u00e7\u00e3o Estrat\u00e9gica<\/title>\n<meta name=\"robots\" content=\"index, follow, max-snippet:-1, max-image-preview:large, max-video-preview:-1\" \/>\n<link rel=\"canonical\" href=\"https:\/\/comunicacaoestrategicacps.com.br\/blog\/setor-de-alimentacao-da-rmc-fecha-janeiro-com-saldo-negativo-de-empregos-mas-reduz-demissoes-ante-dezembro\/\" \/>\n<meta property=\"og:locale\" content=\"pt_BR\" \/>\n<meta property=\"og:type\" content=\"article\" \/>\n<meta property=\"og:title\" content=\"Setor de alimenta\u00e7\u00e3o da RMC fecha janeiro com saldo negativo de empregos, mas reduz demiss\u00f5es ante dezembro - Comunica\u00e7\u00e3o Estrat\u00e9gica\" \/>\n<meta property=\"og:description\" content=\"Indaiatuba foi a cidade com maior abertura de vagas na RMC; Campinas, por outro lado, foi a cidade com maior n\u00famero de postos fechados Campinas, mar\u00e7o de 2025 &#8211; O grupo alimenta\u00e7\u00e3o \u2013 formado por bares e restaurantes \u2013 admitiu 2.816 pessoas e demitiu 3.071 na Regi\u00e3o Metropolitana de Campinas (RMC) no m\u00eas de janeiro [&hellip;]\" \/>\n<meta property=\"og:url\" content=\"https:\/\/comunicacaoestrategicacps.com.br\/blog\/setor-de-alimentacao-da-rmc-fecha-janeiro-com-saldo-negativo-de-empregos-mas-reduz-demissoes-ante-dezembro\/\" \/>\n<meta property=\"og:site_name\" content=\"Comunica\u00e7\u00e3o Estrat\u00e9gica\" \/>\n<meta property=\"article:published_time\" content=\"2026-03-08T14:27:06+00:00\" \/>\n<meta property=\"article:modified_time\" content=\"2026-03-08T14:27:07+00:00\" \/>\n<meta property=\"og:image\" content=\"https:\/\/comunicacaoestrategicacps.com.br\/blog\/wp-content\/uploads\/2025\/07\/Andre-scaled.jpg\" \/>\n\t<meta property=\"og:image:width\" content=\"1280\" \/>\n\t<meta property=\"og:image:height\" content=\"853\" \/>\n\t<meta property=\"og:image:type\" content=\"image\/jpeg\" \/>\n<meta name=\"author\" content=\"admin\" \/>\n<meta name=\"twitter:card\" content=\"summary_large_image\" \/>\n<meta name=\"twitter:label1\" content=\"Escrito por\" \/>\n\t<meta name=\"twitter:data1\" content=\"admin\" \/>\n\t<meta name=\"twitter:label2\" content=\"Est. tempo de leitura\" \/>\n\t<meta name=\"twitter:data2\" content=\"3 minutos\" \/>\n<script type=\"application\/ld+json\" class=\"yoast-schema-graph\">{\"@context\":\"https:\\\/\\\/schema.org\",\"@graph\":[{\"@type\":\"Article\",\"@id\":\"https:\\\/\\\/comunicacaoestrategicacps.com.br\\\/blog\\\/setor-de-alimentacao-da-rmc-fecha-janeiro-com-saldo-negativo-de-empregos-mas-reduz-demissoes-ante-dezembro\\\/#article\",\"isPartOf\":{\"@id\":\"https:\\\/\\\/comunicacaoestrategicacps.com.br\\\/blog\\\/setor-de-alimentacao-da-rmc-fecha-janeiro-com-saldo-negativo-de-empregos-mas-reduz-demissoes-ante-dezembro\\\/\"},\"author\":{\"name\":\"admin\",\"@id\":\"https:\\\/\\\/comunicacaoestrategicacps.com.br\\\/blog\\\/#\\\/schema\\\/person\\\/8d447568a01edd36a56dbbcb702b02fc\"},\"headline\":\"Setor de alimenta\u00e7\u00e3o da RMC fecha janeiro com saldo negativo de empregos, mas reduz demiss\u00f5es ante dezembro\",\"datePublished\":\"2026-03-08T14:27:06+00:00\",\"dateModified\":\"2026-03-08T14:27:07+00:00\",\"mainEntityOfPage\":{\"@id\":\"https:\\\/\\\/comunicacaoestrategicacps.com.br\\\/blog\\\/setor-de-alimentacao-da-rmc-fecha-janeiro-com-saldo-negativo-de-empregos-mas-reduz-demissoes-ante-dezembro\\\/\"},\"wordCount\":353,\"commentCount\":0,\"image\":{\"@id\":\"https:\\\/\\\/comunicacaoestrategicacps.com.br\\\/blog\\\/setor-de-alimentacao-da-rmc-fecha-janeiro-com-saldo-negativo-de-empregos-mas-reduz-demissoes-ante-dezembro\\\/#primaryimage\"},\"thumbnailUrl\":\"https:\\\/\\\/comunicacaoestrategicacps.com.br\\\/blog\\\/wp-content\\\/uploads\\\/2025\\\/07\\\/Andre-scaled.jpg\",\"articleSection\":[\"Neg\u00f3cios e Economia\"],\"inLanguage\":\"pt-BR\",\"potentialAction\":[{\"@type\":\"CommentAction\",\"name\":\"Comment\",\"target\":[\"https:\\\/\\\/comunicacaoestrategicacps.com.br\\\/blog\\\/setor-de-alimentacao-da-rmc-fecha-janeiro-com-saldo-negativo-de-empregos-mas-reduz-demissoes-ante-dezembro\\\/#respond\"]}]},{\"@type\":\"WebPage\",\"@id\":\"https:\\\/\\\/comunicacaoestrategicacps.com.br\\\/blog\\\/setor-de-alimentacao-da-rmc-fecha-janeiro-com-saldo-negativo-de-empregos-mas-reduz-demissoes-ante-dezembro\\\/\",\"url\":\"https:\\\/\\\/comunicacaoestrategicacps.com.br\\\/blog\\\/setor-de-alimentacao-da-rmc-fecha-janeiro-com-saldo-negativo-de-empregos-mas-reduz-demissoes-ante-dezembro\\\/\",\"name\":\"Setor de alimenta\u00e7\u00e3o da RMC fecha janeiro com saldo negativo de empregos, mas reduz demiss\u00f5es ante dezembro - Comunica\u00e7\u00e3o Estrat\u00e9gica\",\"isPartOf\":{\"@id\":\"https:\\\/\\\/comunicacaoestrategicacps.com.br\\\/blog\\\/#website\"},\"primaryImageOfPage\":{\"@id\":\"https:\\\/\\\/comunicacaoestrategicacps.com.br\\\/blog\\\/setor-de-alimentacao-da-rmc-fecha-janeiro-com-saldo-negativo-de-empregos-mas-reduz-demissoes-ante-dezembro\\\/#primaryimage\"},\"image\":{\"@id\":\"https:\\\/\\\/comunicacaoestrategicacps.com.br\\\/blog\\\/setor-de-alimentacao-da-rmc-fecha-janeiro-com-saldo-negativo-de-empregos-mas-reduz-demissoes-ante-dezembro\\\/#primaryimage\"},\"thumbnailUrl\":\"https:\\\/\\\/comunicacaoestrategicacps.com.br\\\/blog\\\/wp-content\\\/uploads\\\/2025\\\/07\\\/Andre-scaled.jpg\",\"datePublished\":\"2026-03-08T14:27:06+00:00\",\"dateModified\":\"2026-03-08T14:27:07+00:00\",\"author\":{\"@id\":\"https:\\\/\\\/comunicacaoestrategicacps.com.br\\\/blog\\\/#\\\/schema\\\/person\\\/8d447568a01edd36a56dbbcb702b02fc\"},\"breadcrumb\":{\"@id\":\"https:\\\/\\\/comunicacaoestrategicacps.com.br\\\/blog\\\/setor-de-alimentacao-da-rmc-fecha-janeiro-com-saldo-negativo-de-empregos-mas-reduz-demissoes-ante-dezembro\\\/#breadcrumb\"},\"inLanguage\":\"pt-BR\",\"potentialAction\":[{\"@type\":\"ReadAction\",\"target\":[\"https:\\\/\\\/comunicacaoestrategicacps.com.br\\\/blog\\\/setor-de-alimentacao-da-rmc-fecha-janeiro-com-saldo-negativo-de-empregos-mas-reduz-demissoes-ante-dezembro\\\/\"]}]},{\"@type\":\"ImageObject\",\"inLanguage\":\"pt-BR\",\"@id\":\"https:\\\/\\\/comunicacaoestrategicacps.com.br\\\/blog\\\/setor-de-alimentacao-da-rmc-fecha-janeiro-com-saldo-negativo-de-empregos-mas-reduz-demissoes-ante-dezembro\\\/#primaryimage\",\"url\":\"https:\\\/\\\/comunicacaoestrategicacps.com.br\\\/blog\\\/wp-content\\\/uploads\\\/2025\\\/07\\\/Andre-scaled.jpg\",\"contentUrl\":\"https:\\\/\\\/comunicacaoestrategicacps.com.br\\\/blog\\\/wp-content\\\/uploads\\\/2025\\\/07\\\/Andre-scaled.jpg\",\"width\":1280,\"height\":853},{\"@type\":\"BreadcrumbList\",\"@id\":\"https:\\\/\\\/comunicacaoestrategicacps.com.br\\\/blog\\\/setor-de-alimentacao-da-rmc-fecha-janeiro-com-saldo-negativo-de-empregos-mas-reduz-demissoes-ante-dezembro\\\/#breadcrumb\",\"itemListElement\":[{\"@type\":\"ListItem\",\"position\":1,\"name\":\"In\u00edcio\",\"item\":\"https:\\\/\\\/comunicacaoestrategicacps.com.br\\\/blog\\\/\"},{\"@type\":\"ListItem\",\"position\":2,\"name\":\"Setor de alimenta\u00e7\u00e3o da RMC fecha janeiro com saldo negativo de empregos, mas reduz demiss\u00f5es ante dezembro\"}]},{\"@type\":\"WebSite\",\"@id\":\"https:\\\/\\\/comunicacaoestrategicacps.com.br\\\/blog\\\/#website\",\"url\":\"https:\\\/\\\/comunicacaoestrategicacps.com.br\\\/blog\\\/\",\"name\":\"Comunica\u00e7\u00e3o Estrat\u00e9gica\",\"description\":\"Comunica\u00e7\u00e3o Estrat\u00e9gica  - Assessoria de Imprensa\",\"potentialAction\":[{\"@type\":\"SearchAction\",\"target\":{\"@type\":\"EntryPoint\",\"urlTemplate\":\"https:\\\/\\\/comunicacaoestrategicacps.com.br\\\/blog\\\/?s={search_term_string}\"},\"query-input\":{\"@type\":\"PropertyValueSpecification\",\"valueRequired\":true,\"valueName\":\"search_term_string\"}}],\"inLanguage\":\"pt-BR\"},{\"@type\":\"Person\",\"@id\":\"https:\\\/\\\/comunicacaoestrategicacps.com.br\\\/blog\\\/#\\\/schema\\\/person\\\/8d447568a01edd36a56dbbcb702b02fc\",\"name\":\"admin\",\"image\":{\"@type\":\"ImageObject\",\"inLanguage\":\"pt-BR\",\"@id\":\"https:\\\/\\\/secure.gravatar.com\\\/avatar\\\/2cc026ea89b57b9d913d4ce5b90a0490046c0c9048a129e24cc44313a90d3f77?s=96&d=mm&r=g\",\"url\":\"https:\\\/\\\/secure.gravatar.com\\\/avatar\\\/2cc026ea89b57b9d913d4ce5b90a0490046c0c9048a129e24cc44313a90d3f77?s=96&d=mm&r=g\",\"contentUrl\":\"https:\\\/\\\/secure.gravatar.com\\\/avatar\\\/2cc026ea89b57b9d913d4ce5b90a0490046c0c9048a129e24cc44313a90d3f77?s=96&d=mm&r=g\",\"caption\":\"admin\"},\"url\":\"https:\\\/\\\/comunicacaoestrategicacps.com.br\\\/blog\\\/author\\\/admin\\\/\"}]}<\/script>\n<!-- \/ Yoast SEO plugin. -->","yoast_head_json":{"title":"Setor de alimenta\u00e7\u00e3o da RMC fecha janeiro com saldo negativo de empregos, mas reduz demiss\u00f5es ante dezembro - Comunica\u00e7\u00e3o Estrat\u00e9gica","robots":{"index":"index","follow":"follow","max-snippet":"max-snippet:-1","max-image-preview":"max-image-preview:large","max-video-preview":"max-video-preview:-1"},"canonical":"https:\/\/comunicacaoestrategicacps.com.br\/blog\/setor-de-alimentacao-da-rmc-fecha-janeiro-com-saldo-negativo-de-empregos-mas-reduz-demissoes-ante-dezembro\/","og_locale":"pt_BR","og_type":"article","og_title":"Setor de alimenta\u00e7\u00e3o da RMC fecha janeiro com saldo negativo de empregos, mas reduz demiss\u00f5es ante dezembro - Comunica\u00e7\u00e3o Estrat\u00e9gica","og_description":"Indaiatuba foi a cidade com maior abertura de vagas na RMC; Campinas, por outro lado, foi a cidade com maior n\u00famero de postos fechados Campinas, mar\u00e7o de 2025 &#8211; O grupo alimenta\u00e7\u00e3o \u2013 formado por bares e restaurantes \u2013 admitiu 2.816 pessoas e demitiu 3.071 na Regi\u00e3o Metropolitana de Campinas (RMC) no m\u00eas de janeiro [&hellip;]","og_url":"https:\/\/comunicacaoestrategicacps.com.br\/blog\/setor-de-alimentacao-da-rmc-fecha-janeiro-com-saldo-negativo-de-empregos-mas-reduz-demissoes-ante-dezembro\/","og_site_name":"Comunica\u00e7\u00e3o Estrat\u00e9gica","article_published_time":"2026-03-08T14:27:06+00:00","article_modified_time":"2026-03-08T14:27:07+00:00","og_image":[{"width":1280,"height":853,"url":"https:\/\/comunicacaoestrategicacps.com.br\/blog\/wp-content\/uploads\/2025\/07\/Andre-scaled.jpg","type":"image\/jpeg"}],"author":"admin","twitter_card":"summary_large_image","twitter_misc":{"Escrito por":"admin","Est. tempo de leitura":"3 minutos"},"schema":{"@context":"https:\/\/schema.org","@graph":[{"@type":"Article","@id":"https:\/\/comunicacaoestrategicacps.com.br\/blog\/setor-de-alimentacao-da-rmc-fecha-janeiro-com-saldo-negativo-de-empregos-mas-reduz-demissoes-ante-dezembro\/#article","isPartOf":{"@id":"https:\/\/comunicacaoestrategicacps.com.br\/blog\/setor-de-alimentacao-da-rmc-fecha-janeiro-com-saldo-negativo-de-empregos-mas-reduz-demissoes-ante-dezembro\/"},"author":{"name":"admin","@id":"https:\/\/comunicacaoestrategicacps.com.br\/blog\/#\/schema\/person\/8d447568a01edd36a56dbbcb702b02fc"},"headline":"Setor de alimenta\u00e7\u00e3o da RMC fecha janeiro com saldo negativo de empregos, mas reduz demiss\u00f5es ante dezembro","datePublished":"2026-03-08T14:27:06+00:00","dateModified":"2026-03-08T14:27:07+00:00","mainEntityOfPage":{"@id":"https:\/\/comunicacaoestrategicacps.com.br\/blog\/setor-de-alimentacao-da-rmc-fecha-janeiro-com-saldo-negativo-de-empregos-mas-reduz-demissoes-ante-dezembro\/"},"wordCount":353,"commentCount":0,"image":{"@id":"https:\/\/comunicacaoestrategicacps.com.br\/blog\/setor-de-alimentacao-da-rmc-fecha-janeiro-com-saldo-negativo-de-empregos-mas-reduz-demissoes-ante-dezembro\/#primaryimage"},"thumbnailUrl":"https:\/\/comunicacaoestrategicacps.com.br\/blog\/wp-content\/uploads\/2025\/07\/Andre-scaled.jpg","articleSection":["Neg\u00f3cios e Economia"],"inLanguage":"pt-BR","potentialAction":[{"@type":"CommentAction","name":"Comment","target":["https:\/\/comunicacaoestrategicacps.com.br\/blog\/setor-de-alimentacao-da-rmc-fecha-janeiro-com-saldo-negativo-de-empregos-mas-reduz-demissoes-ante-dezembro\/#respond"]}]},{"@type":"WebPage","@id":"https:\/\/comunicacaoestrategicacps.com.br\/blog\/setor-de-alimentacao-da-rmc-fecha-janeiro-com-saldo-negativo-de-empregos-mas-reduz-demissoes-ante-dezembro\/","url":"https:\/\/comunicacaoestrategicacps.com.br\/blog\/setor-de-alimentacao-da-rmc-fecha-janeiro-com-saldo-negativo-de-empregos-mas-reduz-demissoes-ante-dezembro\/","name":"Setor de alimenta\u00e7\u00e3o da RMC fecha janeiro com saldo negativo de empregos, mas reduz demiss\u00f5es ante dezembro - Comunica\u00e7\u00e3o Estrat\u00e9gica","isPartOf":{"@id":"https:\/\/comunicacaoestrategicacps.com.br\/blog\/#website"},"primaryImageOfPage":{"@id":"https:\/\/comunicacaoestrategicacps.com.br\/blog\/setor-de-alimentacao-da-rmc-fecha-janeiro-com-saldo-negativo-de-empregos-mas-reduz-demissoes-ante-dezembro\/#primaryimage"},"image":{"@id":"https:\/\/comunicacaoestrategicacps.com.br\/blog\/setor-de-alimentacao-da-rmc-fecha-janeiro-com-saldo-negativo-de-empregos-mas-reduz-demissoes-ante-dezembro\/#primaryimage"},"thumbnailUrl":"https:\/\/comunicacaoestrategicacps.com.br\/blog\/wp-content\/uploads\/2025\/07\/Andre-scaled.jpg","datePublished":"2026-03-08T14:27:06+00:00","dateModified":"2026-03-08T14:27:07+00:00","author":{"@id":"https:\/\/comunicacaoestrategicacps.com.br\/blog\/#\/schema\/person\/8d447568a01edd36a56dbbcb702b02fc"},"breadcrumb":{"@id":"https:\/\/comunicacaoestrategicacps.com.br\/blog\/setor-de-alimentacao-da-rmc-fecha-janeiro-com-saldo-negativo-de-empregos-mas-reduz-demissoes-ante-dezembro\/#breadcrumb"},"inLanguage":"pt-BR","potentialAction":[{"@type":"ReadAction","target":["https:\/\/comunicacaoestrategicacps.com.br\/blog\/setor-de-alimentacao-da-rmc-fecha-janeiro-com-saldo-negativo-de-empregos-mas-reduz-demissoes-ante-dezembro\/"]}]},{"@type":"ImageObject","inLanguage":"pt-BR","@id":"https:\/\/comunicacaoestrategicacps.com.br\/blog\/setor-de-alimentacao-da-rmc-fecha-janeiro-com-saldo-negativo-de-empregos-mas-reduz-demissoes-ante-dezembro\/#primaryimage","url":"https:\/\/comunicacaoestrategicacps.com.br\/blog\/wp-content\/uploads\/2025\/07\/Andre-scaled.jpg","contentUrl":"https:\/\/comunicacaoestrategicacps.com.br\/blog\/wp-content\/uploads\/2025\/07\/Andre-scaled.jpg","width":1280,"height":853},{"@type":"BreadcrumbList","@id":"https:\/\/comunicacaoestrategicacps.com.br\/blog\/setor-de-alimentacao-da-rmc-fecha-janeiro-com-saldo-negativo-de-empregos-mas-reduz-demissoes-ante-dezembro\/#breadcrumb","itemListElement":[{"@type":"ListItem","position":1,"name":"In\u00edcio","item":"https:\/\/comunicacaoestrategicacps.com.br\/blog\/"},{"@type":"ListItem","position":2,"name":"Setor de alimenta\u00e7\u00e3o da RMC fecha janeiro com saldo negativo de empregos, mas reduz demiss\u00f5es ante dezembro"}]},{"@type":"WebSite","@id":"https:\/\/comunicacaoestrategicacps.com.br\/blog\/#website","url":"https:\/\/comunicacaoestrategicacps.com.br\/blog\/","name":"Comunica\u00e7\u00e3o Estrat\u00e9gica","description":"Comunica\u00e7\u00e3o Estrat\u00e9gica  - Assessoria de Imprensa","potentialAction":[{"@type":"SearchAction","target":{"@type":"EntryPoint","urlTemplate":"https:\/\/comunicacaoestrategicacps.com.br\/blog\/?s={search_term_string}"},"query-input":{"@type":"PropertyValueSpecification","valueRequired":true,"valueName":"search_term_string"}}],"inLanguage":"pt-BR"},{"@type":"Person","@id":"https:\/\/comunicacaoestrategicacps.com.br\/blog\/#\/schema\/person\/8d447568a01edd36a56dbbcb702b02fc","name":"admin","image":{"@type":"ImageObject","inLanguage":"pt-BR","@id":"https:\/\/secure.gravatar.com\/avatar\/2cc026ea89b57b9d913d4ce5b90a0490046c0c9048a129e24cc44313a90d3f77?s=96&d=mm&r=g","url":"https:\/\/secure.gravatar.com\/avatar\/2cc026ea89b57b9d913d4ce5b90a0490046c0c9048a129e24cc44313a90d3f77?s=96&d=mm&r=g","contentUrl":"https:\/\/secure.gravatar.com\/avatar\/2cc026ea89b57b9d913d4ce5b90a0490046c0c9048a129e24cc44313a90d3f77?s=96&d=mm&r=g","caption":"admin"},"url":"https:\/\/comunicacaoestrategicacps.com.br\/blog\/author\/admin\/"}]}},"builder_content":"","_links":{"self":[{"href":"https:\/\/comunicacaoestrategicacps.com.br\/blog\/wp-json\/wp\/v2\/posts\/3875","targetHints":{"allow":["GET"]}}],"collection":[{"href":"https:\/\/comunicacaoestrategicacps.com.br\/blog\/wp-json\/wp\/v2\/posts"}],"about":[{"href":"https:\/\/comunicacaoestrategicacps.com.br\/blog\/wp-json\/wp\/v2\/types\/post"}],"author":[{"embeddable":true,"href":"https:\/\/comunicacaoestrategicacps.com.br\/blog\/wp-json\/wp\/v2\/users\/1"}],"replies":[{"embeddable":true,"href":"https:\/\/comunicacaoestrategicacps.com.br\/blog\/wp-json\/wp\/v2\/comments?post=3875"}],"version-history":[{"count":2,"href":"https:\/\/comunicacaoestrategicacps.com.br\/blog\/wp-json\/wp\/v2\/posts\/3875\/revisions"}],"predecessor-version":[{"id":3877,"href":"https:\/\/comunicacaoestrategicacps.com.br\/blog\/wp-json\/wp\/v2\/posts\/3875\/revisions\/3877"}],"wp:featuredmedia":[{"embeddable":true,"href":"https:\/\/comunicacaoestrategicacps.com.br\/blog\/wp-json\/wp\/v2\/media\/3500"}],"wp:attachment":[{"href":"https:\/\/comunicacaoestrategicacps.com.br\/blog\/wp-json\/wp\/v2\/media?parent=3875"}],"wp:term":[{"taxonomy":"category","embeddable":true,"href":"https:\/\/comunicacaoestrategicacps.com.br\/blog\/wp-json\/wp\/v2\/categories?post=3875"},{"taxonomy":"post_tag","embeddable":true,"href":"https:\/\/comunicacaoestrategicacps.com.br\/blog\/wp-json\/wp\/v2\/tags?post=3875"}],"curies":[{"name":"wp","href":"https:\/\/api.w.org\/{rel}","templated":true}]}}