{"id":3882,"date":"2026-03-15T07:46:14","date_gmt":"2026-03-15T10:46:14","guid":{"rendered":"https:\/\/comunicacaoestrategicacps.com.br\/blog\/?p=3882"},"modified":"2026-03-15T07:46:15","modified_gmt":"2026-03-15T10:46:15","slug":"situacao-financeira-de-bares-e-restaurantes-da-regiao-de-campinas-piora-em-janeiro","status":"publish","type":"post","link":"https:\/\/comunicacaoestrategicacps.com.br\/blog\/situacao-financeira-de-bares-e-restaurantes-da-regiao-de-campinas-piora-em-janeiro\/","title":{"rendered":"Situa\u00e7\u00e3o financeira de bares e restaurantes da regi\u00e3o de Campinas piora em janeiro"},"content":{"rendered":"<!--themify_builder_content-->\n<div id=\"themify_builder_content-3882\" data-postid=\"3882\" class=\"themify_builder_content themify_builder_content-3882 themify_builder tf_clear\">\n    <\/div>\n<!--\/themify_builder_content-->\n\n\n<figure class=\"wp-block-image size-large\"><img loading=\"lazy\" decoding=\"async\" width=\"1024\" height=\"683\" src=\"https:\/\/comunicacaoestrategicacps.com.br\/blog\/wp-content\/uploads\/2025\/07\/Andre-1024x683.jpg\" alt=\"\" class=\"wp-image-3500\" srcset=\"https:\/\/comunicacaoestrategicacps.com.br\/blog\/wp-content\/uploads\/2025\/07\/Andre-1024x683.jpg 1024w, https:\/\/comunicacaoestrategicacps.com.br\/blog\/wp-content\/uploads\/2025\/07\/Andre-300x200.jpg 300w, https:\/\/comunicacaoestrategicacps.com.br\/blog\/wp-content\/uploads\/2025\/07\/Andre-768x512.jpg 768w, https:\/\/comunicacaoestrategicacps.com.br\/blog\/wp-content\/uploads\/2025\/07\/Andre-1536x1024.jpg 1536w, https:\/\/comunicacaoestrategicacps.com.br\/blog\/wp-content\/uploads\/2025\/07\/Andre-2048x1365.jpg 2048w, https:\/\/comunicacaoestrategicacps.com.br\/blog\/wp-content\/uploads\/2025\/07\/Andre-scaled.jpg 1280w\" sizes=\"auto, (max-width: 1024px) 100vw, 1024px\" \/><\/figure>\n\n\n\n<p>Levantamento da Abrasel mostra que 60% dos estabelecimentos tiveram faturamento menor em rela\u00e7\u00e3o a dezembro do ano passado<\/p>\n\n\n\n<p>Campinas, mar\u00e7o de 2026 &#8211; O setor de alimenta\u00e7\u00e3o fora do lar iniciou o ano sob impacto direto da perda de ritmo da economia. Segundo pesquisa da Associa\u00e7\u00e3o Brasileira de Bares e Restaurantes (Abrasel), 60% dos bares e restaurantes da Regi\u00e3o Metropolitana de Campinas (RMC) apresentaram queda de receita em compara\u00e7\u00e3o a dezembro. No mesmo per\u00edodo, 24% registraram crescimento, enquanto 14% operaram com estabilidade.<\/p>\n\n\n\n<p>A pesquisa tamb\u00e9m aponta que 43% das empresas operaram com lucro em janeiro, outros 17% registraram preju\u00edzo e 40% tiveram estabilidade no primeiro m\u00eas do ano de 2026.<\/p>\n\n\n\n<p>Al\u00e9m da diminui\u00e7\u00e3o da receita, o setor enfrenta dificuldades para recompor custos. Ainda segundo a pesquisa de Situa\u00e7\u00e3o Econ\u00f4mica da RMC sobre os efeitos da infla\u00e7\u00e3o, 21% dos estabelecimentos n\u00e3o conseguiram reajustar os pre\u00e7os nos \u00faltimos 12 meses, 69% realizaram reajustes conforme ou abaixo da infla\u00e7\u00e3o e 10% reajustaram acima da infla\u00e7\u00e3o. J\u00e1 em rela\u00e7\u00e3o ao endividamento, 26% dos estabelecimentos t\u00eam pagamentos em atraso. Entre as principais d\u00edvidas est\u00e3o os impostos federais (47%), os empr\u00e9stimos banc\u00e1rios (47%) e os servi\u00e7os p\u00fablicos como \u00e1gua, luz e g\u00e1s (40%).<\/p>\n\n\n\n<p>A limita\u00e7\u00e3o no repasse de pre\u00e7os, em um ambiente de consumo enfraquecido, intensifica a compress\u00e3o das margens e amplia a vulnerabilidade financeira dos estabelecimentos. O contexto coincide com a queda de 0,7 ponto no \u00cdndice de Confian\u00e7a Empresarial do setor de servi\u00e7os em fevereiro, sinalizando maior cautela e expectativas mais moderadas para os pr\u00f3ximos meses.<\/p>\n\n\n\n<p>\u201cO setor responde rapidamente \u00e0s varia\u00e7\u00f5es do consumo. Quando a renda das fam\u00edlias perde for\u00e7a e o cr\u00e9dito fica mais caro, o impacto aparece de imediato no movimento dos estabelecimentos\u201d, afirma Paulo Solmucci, presidente-executivo da Abrasel. \u201cO aumento do n\u00famero de empresas operando no vermelho acende um alerta para o risco de um ciclo mais apertado no setor. Ainda assim, este \u00e9 apenas o in\u00edcio de um ano que traz diversas oportunidades, como v\u00e1rios feriados e elei\u00e7\u00f5es, que podem ajudar a compensar um come\u00e7o de ano mais fraco do que o esperado. Tamb\u00e9m teremos a Copa do Mundo no meio do ano, com hor\u00e1rios de jogos do Brasil na primeira fase muito prop\u00edcios para os estabelecimentos. Vai ser uma grande festa e uma oportunidade para aquecer o movimento\u201d, conclui.<\/p>\n\n\n\n<p>Andr\u00e9 Mandetta, presidente da Abrasel Campinas, diz que os n\u00fameros apresentados pela pesquisa para este in\u00edcio de ano merecem aten\u00e7\u00e3o por parte dos empres\u00e1rios. \u201cEm dezembro do ano passado, 54% dos empres\u00e1rios da Regi\u00e3o de Campinas operaram com lucro, em janeiro esse percentual caiu para 43%, o que \u00e9 preocupante\u201d, diz. Outro ponto que ele cita para apontar a dificuldade do setor \u00e9 o emprego. \u201cTivemos fechamento de vagas formais em dezembro e janeiro, o que refor\u00e7a o momento de dificuldade do setor\u201d, acrescenta Mandetta.<\/p>","protected":false},"excerpt":{"rendered":"<p>Levantamento da Abrasel mostra que 60% dos estabelecimentos tiveram faturamento menor em rela\u00e7\u00e3o a dezembro do ano passado Campinas, mar\u00e7o de 2026 &#8211; O setor de alimenta\u00e7\u00e3o fora do lar iniciou o ano sob impacto direto da perda de ritmo da economia. Segundo pesquisa da Associa\u00e7\u00e3o Brasileira de Bares e Restaurantes (Abrasel), 60% dos bares [&hellip;]<\/p>\n","protected":false},"author":1,"featured_media":3500,"comment_status":"open","ping_status":"open","sticky":false,"template":"","format":"standard","meta":{"footnotes":""},"categories":[43],"tags":[],"class_list":["post-3882","post","type-post","status-publish","format-standard","has-post-thumbnail","hentry","category-negocios-e-economia","has-post-title","has-post-date","has-post-category","has-post-tag","has-post-comment","has-post-author",""],"yoast_head":"<!-- This site is optimized with the Yoast SEO plugin v27.5 - https:\/\/yoast.com\/product\/yoast-seo-wordpress\/ -->\n<title>Situa\u00e7\u00e3o financeira de bares e restaurantes da regi\u00e3o de Campinas piora em janeiro - Comunica\u00e7\u00e3o Estrat\u00e9gica<\/title>\n<meta name=\"robots\" content=\"index, follow, max-snippet:-1, max-image-preview:large, max-video-preview:-1\" \/>\n<link rel=\"canonical\" href=\"https:\/\/comunicacaoestrategicacps.com.br\/blog\/situacao-financeira-de-bares-e-restaurantes-da-regiao-de-campinas-piora-em-janeiro\/\" \/>\n<meta property=\"og:locale\" content=\"pt_BR\" \/>\n<meta property=\"og:type\" content=\"article\" \/>\n<meta property=\"og:title\" content=\"Situa\u00e7\u00e3o financeira de bares e restaurantes da regi\u00e3o de Campinas piora em janeiro - Comunica\u00e7\u00e3o Estrat\u00e9gica\" \/>\n<meta property=\"og:description\" content=\"Levantamento da Abrasel mostra que 60% dos estabelecimentos tiveram faturamento menor em rela\u00e7\u00e3o a dezembro do ano passado Campinas, mar\u00e7o de 2026 &#8211; O setor de alimenta\u00e7\u00e3o fora do lar iniciou o ano sob impacto direto da perda de ritmo da economia. Segundo pesquisa da Associa\u00e7\u00e3o Brasileira de Bares e Restaurantes (Abrasel), 60% dos bares [&hellip;]\" \/>\n<meta property=\"og:url\" content=\"https:\/\/comunicacaoestrategicacps.com.br\/blog\/situacao-financeira-de-bares-e-restaurantes-da-regiao-de-campinas-piora-em-janeiro\/\" \/>\n<meta property=\"og:site_name\" content=\"Comunica\u00e7\u00e3o Estrat\u00e9gica\" \/>\n<meta property=\"article:published_time\" content=\"2026-03-15T10:46:14+00:00\" \/>\n<meta property=\"article:modified_time\" content=\"2026-03-15T10:46:15+00:00\" \/>\n<meta property=\"og:image\" content=\"https:\/\/comunicacaoestrategicacps.com.br\/blog\/wp-content\/uploads\/2025\/07\/Andre-scaled.jpg\" \/>\n\t<meta property=\"og:image:width\" content=\"1280\" \/>\n\t<meta property=\"og:image:height\" content=\"853\" \/>\n\t<meta property=\"og:image:type\" content=\"image\/jpeg\" \/>\n<meta name=\"author\" content=\"admin\" \/>\n<meta name=\"twitter:card\" content=\"summary_large_image\" \/>\n<meta name=\"twitter:label1\" content=\"Escrito por\" \/>\n\t<meta name=\"twitter:data1\" content=\"admin\" \/>\n\t<meta name=\"twitter:label2\" content=\"Est. tempo de leitura\" \/>\n\t<meta name=\"twitter:data2\" content=\"3 minutos\" \/>\n<script type=\"application\/ld+json\" class=\"yoast-schema-graph\">{\"@context\":\"https:\\\/\\\/schema.org\",\"@graph\":[{\"@type\":\"Article\",\"@id\":\"https:\\\/\\\/comunicacaoestrategicacps.com.br\\\/blog\\\/situacao-financeira-de-bares-e-restaurantes-da-regiao-de-campinas-piora-em-janeiro\\\/#article\",\"isPartOf\":{\"@id\":\"https:\\\/\\\/comunicacaoestrategicacps.com.br\\\/blog\\\/situacao-financeira-de-bares-e-restaurantes-da-regiao-de-campinas-piora-em-janeiro\\\/\"},\"author\":{\"name\":\"admin\",\"@id\":\"https:\\\/\\\/comunicacaoestrategicacps.com.br\\\/blog\\\/#\\\/schema\\\/person\\\/8d447568a01edd36a56dbbcb702b02fc\"},\"headline\":\"Situa\u00e7\u00e3o financeira de bares e restaurantes da regi\u00e3o de Campinas piora em janeiro\",\"datePublished\":\"2026-03-15T10:46:14+00:00\",\"dateModified\":\"2026-03-15T10:46:15+00:00\",\"mainEntityOfPage\":{\"@id\":\"https:\\\/\\\/comunicacaoestrategicacps.com.br\\\/blog\\\/situacao-financeira-de-bares-e-restaurantes-da-regiao-de-campinas-piora-em-janeiro\\\/\"},\"wordCount\":511,\"commentCount\":0,\"image\":{\"@id\":\"https:\\\/\\\/comunicacaoestrategicacps.com.br\\\/blog\\\/situacao-financeira-de-bares-e-restaurantes-da-regiao-de-campinas-piora-em-janeiro\\\/#primaryimage\"},\"thumbnailUrl\":\"https:\\\/\\\/comunicacaoestrategicacps.com.br\\\/blog\\\/wp-content\\\/uploads\\\/2025\\\/07\\\/Andre-scaled.jpg\",\"articleSection\":[\"Neg\u00f3cios e Economia\"],\"inLanguage\":\"pt-BR\",\"potentialAction\":[{\"@type\":\"CommentAction\",\"name\":\"Comment\",\"target\":[\"https:\\\/\\\/comunicacaoestrategicacps.com.br\\\/blog\\\/situacao-financeira-de-bares-e-restaurantes-da-regiao-de-campinas-piora-em-janeiro\\\/#respond\"]}]},{\"@type\":\"WebPage\",\"@id\":\"https:\\\/\\\/comunicacaoestrategicacps.com.br\\\/blog\\\/situacao-financeira-de-bares-e-restaurantes-da-regiao-de-campinas-piora-em-janeiro\\\/\",\"url\":\"https:\\\/\\\/comunicacaoestrategicacps.com.br\\\/blog\\\/situacao-financeira-de-bares-e-restaurantes-da-regiao-de-campinas-piora-em-janeiro\\\/\",\"name\":\"Situa\u00e7\u00e3o financeira de bares e restaurantes da regi\u00e3o de Campinas piora em janeiro - Comunica\u00e7\u00e3o Estrat\u00e9gica\",\"isPartOf\":{\"@id\":\"https:\\\/\\\/comunicacaoestrategicacps.com.br\\\/blog\\\/#website\"},\"primaryImageOfPage\":{\"@id\":\"https:\\\/\\\/comunicacaoestrategicacps.com.br\\\/blog\\\/situacao-financeira-de-bares-e-restaurantes-da-regiao-de-campinas-piora-em-janeiro\\\/#primaryimage\"},\"image\":{\"@id\":\"https:\\\/\\\/comunicacaoestrategicacps.com.br\\\/blog\\\/situacao-financeira-de-bares-e-restaurantes-da-regiao-de-campinas-piora-em-janeiro\\\/#primaryimage\"},\"thumbnailUrl\":\"https:\\\/\\\/comunicacaoestrategicacps.com.br\\\/blog\\\/wp-content\\\/uploads\\\/2025\\\/07\\\/Andre-scaled.jpg\",\"datePublished\":\"2026-03-15T10:46:14+00:00\",\"dateModified\":\"2026-03-15T10:46:15+00:00\",\"author\":{\"@id\":\"https:\\\/\\\/comunicacaoestrategicacps.com.br\\\/blog\\\/#\\\/schema\\\/person\\\/8d447568a01edd36a56dbbcb702b02fc\"},\"breadcrumb\":{\"@id\":\"https:\\\/\\\/comunicacaoestrategicacps.com.br\\\/blog\\\/situacao-financeira-de-bares-e-restaurantes-da-regiao-de-campinas-piora-em-janeiro\\\/#breadcrumb\"},\"inLanguage\":\"pt-BR\",\"potentialAction\":[{\"@type\":\"ReadAction\",\"target\":[\"https:\\\/\\\/comunicacaoestrategicacps.com.br\\\/blog\\\/situacao-financeira-de-bares-e-restaurantes-da-regiao-de-campinas-piora-em-janeiro\\\/\"]}]},{\"@type\":\"ImageObject\",\"inLanguage\":\"pt-BR\",\"@id\":\"https:\\\/\\\/comunicacaoestrategicacps.com.br\\\/blog\\\/situacao-financeira-de-bares-e-restaurantes-da-regiao-de-campinas-piora-em-janeiro\\\/#primaryimage\",\"url\":\"https:\\\/\\\/comunicacaoestrategicacps.com.br\\\/blog\\\/wp-content\\\/uploads\\\/2025\\\/07\\\/Andre-scaled.jpg\",\"contentUrl\":\"https:\\\/\\\/comunicacaoestrategicacps.com.br\\\/blog\\\/wp-content\\\/uploads\\\/2025\\\/07\\\/Andre-scaled.jpg\",\"width\":1280,\"height\":853},{\"@type\":\"BreadcrumbList\",\"@id\":\"https:\\\/\\\/comunicacaoestrategicacps.com.br\\\/blog\\\/situacao-financeira-de-bares-e-restaurantes-da-regiao-de-campinas-piora-em-janeiro\\\/#breadcrumb\",\"itemListElement\":[{\"@type\":\"ListItem\",\"position\":1,\"name\":\"In\u00edcio\",\"item\":\"https:\\\/\\\/comunicacaoestrategicacps.com.br\\\/blog\\\/\"},{\"@type\":\"ListItem\",\"position\":2,\"name\":\"Situa\u00e7\u00e3o financeira de bares e restaurantes da regi\u00e3o de Campinas piora em janeiro\"}]},{\"@type\":\"WebSite\",\"@id\":\"https:\\\/\\\/comunicacaoestrategicacps.com.br\\\/blog\\\/#website\",\"url\":\"https:\\\/\\\/comunicacaoestrategicacps.com.br\\\/blog\\\/\",\"name\":\"Comunica\u00e7\u00e3o Estrat\u00e9gica\",\"description\":\"Comunica\u00e7\u00e3o Estrat\u00e9gica  - Assessoria de Imprensa\",\"potentialAction\":[{\"@type\":\"SearchAction\",\"target\":{\"@type\":\"EntryPoint\",\"urlTemplate\":\"https:\\\/\\\/comunicacaoestrategicacps.com.br\\\/blog\\\/?s={search_term_string}\"},\"query-input\":{\"@type\":\"PropertyValueSpecification\",\"valueRequired\":true,\"valueName\":\"search_term_string\"}}],\"inLanguage\":\"pt-BR\"},{\"@type\":\"Person\",\"@id\":\"https:\\\/\\\/comunicacaoestrategicacps.com.br\\\/blog\\\/#\\\/schema\\\/person\\\/8d447568a01edd36a56dbbcb702b02fc\",\"name\":\"admin\",\"image\":{\"@type\":\"ImageObject\",\"inLanguage\":\"pt-BR\",\"@id\":\"https:\\\/\\\/secure.gravatar.com\\\/avatar\\\/2cc026ea89b57b9d913d4ce5b90a0490046c0c9048a129e24cc44313a90d3f77?s=96&d=mm&r=g\",\"url\":\"https:\\\/\\\/secure.gravatar.com\\\/avatar\\\/2cc026ea89b57b9d913d4ce5b90a0490046c0c9048a129e24cc44313a90d3f77?s=96&d=mm&r=g\",\"contentUrl\":\"https:\\\/\\\/secure.gravatar.com\\\/avatar\\\/2cc026ea89b57b9d913d4ce5b90a0490046c0c9048a129e24cc44313a90d3f77?s=96&d=mm&r=g\",\"caption\":\"admin\"},\"url\":\"https:\\\/\\\/comunicacaoestrategicacps.com.br\\\/blog\\\/author\\\/admin\\\/\"}]}<\/script>\n<!-- \/ Yoast SEO plugin. -->","yoast_head_json":{"title":"Situa\u00e7\u00e3o financeira de bares e restaurantes da regi\u00e3o de Campinas piora em janeiro - Comunica\u00e7\u00e3o Estrat\u00e9gica","robots":{"index":"index","follow":"follow","max-snippet":"max-snippet:-1","max-image-preview":"max-image-preview:large","max-video-preview":"max-video-preview:-1"},"canonical":"https:\/\/comunicacaoestrategicacps.com.br\/blog\/situacao-financeira-de-bares-e-restaurantes-da-regiao-de-campinas-piora-em-janeiro\/","og_locale":"pt_BR","og_type":"article","og_title":"Situa\u00e7\u00e3o financeira de bares e restaurantes da regi\u00e3o de Campinas piora em janeiro - Comunica\u00e7\u00e3o Estrat\u00e9gica","og_description":"Levantamento da Abrasel mostra que 60% dos estabelecimentos tiveram faturamento menor em rela\u00e7\u00e3o a dezembro do ano passado Campinas, mar\u00e7o de 2026 &#8211; O setor de alimenta\u00e7\u00e3o fora do lar iniciou o ano sob impacto direto da perda de ritmo da economia. Segundo pesquisa da Associa\u00e7\u00e3o Brasileira de Bares e Restaurantes (Abrasel), 60% dos bares [&hellip;]","og_url":"https:\/\/comunicacaoestrategicacps.com.br\/blog\/situacao-financeira-de-bares-e-restaurantes-da-regiao-de-campinas-piora-em-janeiro\/","og_site_name":"Comunica\u00e7\u00e3o Estrat\u00e9gica","article_published_time":"2026-03-15T10:46:14+00:00","article_modified_time":"2026-03-15T10:46:15+00:00","og_image":[{"width":1280,"height":853,"url":"https:\/\/comunicacaoestrategicacps.com.br\/blog\/wp-content\/uploads\/2025\/07\/Andre-scaled.jpg","type":"image\/jpeg"}],"author":"admin","twitter_card":"summary_large_image","twitter_misc":{"Escrito por":"admin","Est. tempo de leitura":"3 minutos"},"schema":{"@context":"https:\/\/schema.org","@graph":[{"@type":"Article","@id":"https:\/\/comunicacaoestrategicacps.com.br\/blog\/situacao-financeira-de-bares-e-restaurantes-da-regiao-de-campinas-piora-em-janeiro\/#article","isPartOf":{"@id":"https:\/\/comunicacaoestrategicacps.com.br\/blog\/situacao-financeira-de-bares-e-restaurantes-da-regiao-de-campinas-piora-em-janeiro\/"},"author":{"name":"admin","@id":"https:\/\/comunicacaoestrategicacps.com.br\/blog\/#\/schema\/person\/8d447568a01edd36a56dbbcb702b02fc"},"headline":"Situa\u00e7\u00e3o financeira de bares e restaurantes da regi\u00e3o de Campinas piora em janeiro","datePublished":"2026-03-15T10:46:14+00:00","dateModified":"2026-03-15T10:46:15+00:00","mainEntityOfPage":{"@id":"https:\/\/comunicacaoestrategicacps.com.br\/blog\/situacao-financeira-de-bares-e-restaurantes-da-regiao-de-campinas-piora-em-janeiro\/"},"wordCount":511,"commentCount":0,"image":{"@id":"https:\/\/comunicacaoestrategicacps.com.br\/blog\/situacao-financeira-de-bares-e-restaurantes-da-regiao-de-campinas-piora-em-janeiro\/#primaryimage"},"thumbnailUrl":"https:\/\/comunicacaoestrategicacps.com.br\/blog\/wp-content\/uploads\/2025\/07\/Andre-scaled.jpg","articleSection":["Neg\u00f3cios e Economia"],"inLanguage":"pt-BR","potentialAction":[{"@type":"CommentAction","name":"Comment","target":["https:\/\/comunicacaoestrategicacps.com.br\/blog\/situacao-financeira-de-bares-e-restaurantes-da-regiao-de-campinas-piora-em-janeiro\/#respond"]}]},{"@type":"WebPage","@id":"https:\/\/comunicacaoestrategicacps.com.br\/blog\/situacao-financeira-de-bares-e-restaurantes-da-regiao-de-campinas-piora-em-janeiro\/","url":"https:\/\/comunicacaoestrategicacps.com.br\/blog\/situacao-financeira-de-bares-e-restaurantes-da-regiao-de-campinas-piora-em-janeiro\/","name":"Situa\u00e7\u00e3o financeira de bares e restaurantes da regi\u00e3o de Campinas piora em janeiro - Comunica\u00e7\u00e3o Estrat\u00e9gica","isPartOf":{"@id":"https:\/\/comunicacaoestrategicacps.com.br\/blog\/#website"},"primaryImageOfPage":{"@id":"https:\/\/comunicacaoestrategicacps.com.br\/blog\/situacao-financeira-de-bares-e-restaurantes-da-regiao-de-campinas-piora-em-janeiro\/#primaryimage"},"image":{"@id":"https:\/\/comunicacaoestrategicacps.com.br\/blog\/situacao-financeira-de-bares-e-restaurantes-da-regiao-de-campinas-piora-em-janeiro\/#primaryimage"},"thumbnailUrl":"https:\/\/comunicacaoestrategicacps.com.br\/blog\/wp-content\/uploads\/2025\/07\/Andre-scaled.jpg","datePublished":"2026-03-15T10:46:14+00:00","dateModified":"2026-03-15T10:46:15+00:00","author":{"@id":"https:\/\/comunicacaoestrategicacps.com.br\/blog\/#\/schema\/person\/8d447568a01edd36a56dbbcb702b02fc"},"breadcrumb":{"@id":"https:\/\/comunicacaoestrategicacps.com.br\/blog\/situacao-financeira-de-bares-e-restaurantes-da-regiao-de-campinas-piora-em-janeiro\/#breadcrumb"},"inLanguage":"pt-BR","potentialAction":[{"@type":"ReadAction","target":["https:\/\/comunicacaoestrategicacps.com.br\/blog\/situacao-financeira-de-bares-e-restaurantes-da-regiao-de-campinas-piora-em-janeiro\/"]}]},{"@type":"ImageObject","inLanguage":"pt-BR","@id":"https:\/\/comunicacaoestrategicacps.com.br\/blog\/situacao-financeira-de-bares-e-restaurantes-da-regiao-de-campinas-piora-em-janeiro\/#primaryimage","url":"https:\/\/comunicacaoestrategicacps.com.br\/blog\/wp-content\/uploads\/2025\/07\/Andre-scaled.jpg","contentUrl":"https:\/\/comunicacaoestrategicacps.com.br\/blog\/wp-content\/uploads\/2025\/07\/Andre-scaled.jpg","width":1280,"height":853},{"@type":"BreadcrumbList","@id":"https:\/\/comunicacaoestrategicacps.com.br\/blog\/situacao-financeira-de-bares-e-restaurantes-da-regiao-de-campinas-piora-em-janeiro\/#breadcrumb","itemListElement":[{"@type":"ListItem","position":1,"name":"In\u00edcio","item":"https:\/\/comunicacaoestrategicacps.com.br\/blog\/"},{"@type":"ListItem","position":2,"name":"Situa\u00e7\u00e3o financeira de bares e restaurantes da regi\u00e3o de Campinas piora em janeiro"}]},{"@type":"WebSite","@id":"https:\/\/comunicacaoestrategicacps.com.br\/blog\/#website","url":"https:\/\/comunicacaoestrategicacps.com.br\/blog\/","name":"Comunica\u00e7\u00e3o Estrat\u00e9gica","description":"Comunica\u00e7\u00e3o Estrat\u00e9gica  - Assessoria de Imprensa","potentialAction":[{"@type":"SearchAction","target":{"@type":"EntryPoint","urlTemplate":"https:\/\/comunicacaoestrategicacps.com.br\/blog\/?s={search_term_string}"},"query-input":{"@type":"PropertyValueSpecification","valueRequired":true,"valueName":"search_term_string"}}],"inLanguage":"pt-BR"},{"@type":"Person","@id":"https:\/\/comunicacaoestrategicacps.com.br\/blog\/#\/schema\/person\/8d447568a01edd36a56dbbcb702b02fc","name":"admin","image":{"@type":"ImageObject","inLanguage":"pt-BR","@id":"https:\/\/secure.gravatar.com\/avatar\/2cc026ea89b57b9d913d4ce5b90a0490046c0c9048a129e24cc44313a90d3f77?s=96&d=mm&r=g","url":"https:\/\/secure.gravatar.com\/avatar\/2cc026ea89b57b9d913d4ce5b90a0490046c0c9048a129e24cc44313a90d3f77?s=96&d=mm&r=g","contentUrl":"https:\/\/secure.gravatar.com\/avatar\/2cc026ea89b57b9d913d4ce5b90a0490046c0c9048a129e24cc44313a90d3f77?s=96&d=mm&r=g","caption":"admin"},"url":"https:\/\/comunicacaoestrategicacps.com.br\/blog\/author\/admin\/"}]}},"builder_content":"","_links":{"self":[{"href":"https:\/\/comunicacaoestrategicacps.com.br\/blog\/wp-json\/wp\/v2\/posts\/3882","targetHints":{"allow":["GET"]}}],"collection":[{"href":"https:\/\/comunicacaoestrategicacps.com.br\/blog\/wp-json\/wp\/v2\/posts"}],"about":[{"href":"https:\/\/comunicacaoestrategicacps.com.br\/blog\/wp-json\/wp\/v2\/types\/post"}],"author":[{"embeddable":true,"href":"https:\/\/comunicacaoestrategicacps.com.br\/blog\/wp-json\/wp\/v2\/users\/1"}],"replies":[{"embeddable":true,"href":"https:\/\/comunicacaoestrategicacps.com.br\/blog\/wp-json\/wp\/v2\/comments?post=3882"}],"version-history":[{"count":2,"href":"https:\/\/comunicacaoestrategicacps.com.br\/blog\/wp-json\/wp\/v2\/posts\/3882\/revisions"}],"predecessor-version":[{"id":3884,"href":"https:\/\/comunicacaoestrategicacps.com.br\/blog\/wp-json\/wp\/v2\/posts\/3882\/revisions\/3884"}],"wp:featuredmedia":[{"embeddable":true,"href":"https:\/\/comunicacaoestrategicacps.com.br\/blog\/wp-json\/wp\/v2\/media\/3500"}],"wp:attachment":[{"href":"https:\/\/comunicacaoestrategicacps.com.br\/blog\/wp-json\/wp\/v2\/media?parent=3882"}],"wp:term":[{"taxonomy":"category","embeddable":true,"href":"https:\/\/comunicacaoestrategicacps.com.br\/blog\/wp-json\/wp\/v2\/categories?post=3882"},{"taxonomy":"post_tag","embeddable":true,"href":"https:\/\/comunicacaoestrategicacps.com.br\/blog\/wp-json\/wp\/v2\/tags?post=3882"}],"curies":[{"name":"wp","href":"https:\/\/api.w.org\/{rel}","templated":true}]}}