{"id":3885,"date":"2026-03-15T07:48:33","date_gmt":"2026-03-15T10:48:33","guid":{"rendered":"https:\/\/comunicacaoestrategicacps.com.br\/blog\/?p=3885"},"modified":"2026-03-15T07:49:17","modified_gmt":"2026-03-15T10:49:17","slug":"eventos-corporativos-consolidam-campinas-entre-os-dez-destinos-mais-buscados-no-brasil","status":"publish","type":"post","link":"https:\/\/comunicacaoestrategicacps.com.br\/blog\/eventos-corporativos-consolidam-campinas-entre-os-dez-destinos-mais-buscados-no-brasil\/","title":{"rendered":"Eventos corporativos consolidam Campinas entre os dez destinos mais buscados no Brasil"},"content":{"rendered":"<!--themify_builder_content-->\n<div id=\"themify_builder_content-3885\" data-postid=\"3885\" class=\"themify_builder_content themify_builder_content-3885 themify_builder tf_clear\">\n    <\/div>\n<!--\/themify_builder_content-->\n\n\n<figure class=\"wp-block-image size-large\"><img loading=\"lazy\" decoding=\"async\" width=\"1024\" height=\"682\" src=\"https:\/\/comunicacaoestrategicacps.com.br\/blog\/wp-content\/uploads\/2026\/03\/vitoria-sala-eventos-1024x682.jpg\" alt=\"\" class=\"wp-image-3886\" srcset=\"https:\/\/comunicacaoestrategicacps.com.br\/blog\/wp-content\/uploads\/2026\/03\/vitoria-sala-eventos-1024x682.jpg 1024w, https:\/\/comunicacaoestrategicacps.com.br\/blog\/wp-content\/uploads\/2026\/03\/vitoria-sala-eventos-300x200.jpg 300w, https:\/\/comunicacaoestrategicacps.com.br\/blog\/wp-content\/uploads\/2026\/03\/vitoria-sala-eventos-768x512.jpg 768w, https:\/\/comunicacaoestrategicacps.com.br\/blog\/wp-content\/uploads\/2026\/03\/vitoria-sala-eventos-1536x1024.jpg 1536w, https:\/\/comunicacaoestrategicacps.com.br\/blog\/wp-content\/uploads\/2026\/03\/vitoria-sala-eventos-2048x1365.jpg 2048w, https:\/\/comunicacaoestrategicacps.com.br\/blog\/wp-content\/uploads\/2026\/03\/vitoria-sala-eventos-scaled.jpg 1280w\" sizes=\"auto, (max-width: 1024px) 100vw, 1024px\" \/><\/figure>\n\n\n\n<p>Cidade foi o 9\u00ba destino corporativo pelo segundo ano consecutivo, movimentando diversos setores da economia<\/p>\n\n\n\n<p>Campinas, mar\u00e7o de 2026 \u2013 A localiza\u00e7\u00e3o da cidade &#8211; de f\u00e1cil acesso por rodovias e aeroporto -, forte presen\u00e7a industrial e de institui\u00e7\u00f5es de ensino e de pesquisa e boa infraestrutura hoteleira consolidam Campinas como um dos principais locais escolhidos para realiza\u00e7\u00f5es de eventos corporativos no Brasil. Em 2025, pelo segundo ano consecutivo, a cidade foi o 9\u00ba destino corporativo mais buscado no Pa\u00eds, segundo estudo realizado pela plataforma de reservas Ominbees.<\/p>\n\n\n\n<p>A taxa de reservas na hotelaria da cidade apresentou uma alta expressiva, pelos dados apurados. O crescimento de 2025 na compara\u00e7\u00e3o com 2024 foi de 11%. Somente Porto Alegre (38% e s\u00e9timo lugar no ranking) e Goi\u00e2nia (12% e d\u00e9cimo lugar) ficaram \u00e0 frente de Campinas em crescimento no ano passado.<\/p>\n\n\n\n<p>Outro dado levantado pela plataforma, o faturamento total gerado pelas reservas, tamb\u00e9m apresentou n\u00famero expressivo em Campinas, com alta de 27%. Outro dado apontado pela pesquisa apurou uma alta de 11% no pre\u00e7o m\u00e9dio das tarifas. As categorias mais reservadas na cidade em 2025 foram Luxo (15%), Midscale (9%), Upscale (6%) e Econ\u00f4mico (3%).<\/p>\n\n\n\n<p>Eduardo Porto, diretor de Marketing e Vendas da Rede Vit\u00f3ria Hot\u00e9is, com cinco unidades em Campinas, Indaiatuba e Paul\u00ednia, diz que os eventos corporativos e viagens de neg\u00f3cios realmente est\u00e3o crescendo ano a ano n\u00e3o somente em Campinas, mas nas cidades vizinhas, consolidando a regi\u00e3o como um importante polo de eventos corporativos.<\/p>\n\n\n\n<p>\u201cEsse segmento contribui fortemente para os resultadas da rede no ano passado, quando tivemos uma alta de 20% nos neg\u00f3cios da rede na compara\u00e7\u00e3o com o ano anterior\u201d, diz ele. \u201cO setor de eventos, especialmente corporativo, apresentou alta demanda no decorrer de todo o ano. Esses eventos realizados nos espa\u00e7os dos hot\u00e9is alavancaram a demanda de reservas e o movimento nos restaurantes do pr\u00f3prio grupo, localizados dentro dos hot\u00e9is\u201d.<\/p>\n\n\n\n<p>Ant\u00f4nio Dias, diretor executivo do Grupo Royal Palm Hotels &amp; Resorts, tamb\u00e9m cita a infraestrutura da cidade para a alta busca \u201cA cidade re\u00fane fatores muito favor\u00e1veis para o turismo corporativo: um parque hoteleiro e de servi\u00e7os relevante, um ambiente empresarial pujante, com forte presen\u00e7a de ind\u00fastria, tecnologia e pesquisa, al\u00e9m de uma log\u00edstica privilegiada, com o Aeroporto Internacional de Viracopos e excelentes conex\u00f5es rodovi\u00e1rias com a capital, interior e at\u00e9 mesmo com o Vale do Para\u00edba\u201d, diz.<\/p>\n\n\n\n<p>\u201cO Complexo Royal Palm Campinas, em especial o Royal Palm Hall, tem contribu\u00eddo para esse movimento ao sediar grandes congressos. Esses eventos atraem milhares de participantes para a cidade, fortalecendo a ocupa\u00e7\u00e3o hoteleira e movimentando toda a cadeia do turismo de neg\u00f3cios\u201d, acrescenta.<\/p>\n\n\n\n<p>A alta busca por eventos e reservas em Campinas e cidades pr\u00f3ximas tamb\u00e9m reflete em cerca de 50 setores, al\u00e9m da hotelaria, como o de alimenta\u00e7\u00e3o fora do lar. Andr\u00e9 Mandetta, presidente da Associa\u00e7\u00e3o Brasileira de Bares e Restaurantes (Abrasel) Regional Campinas, lembra que o movimento de turistas para eventos gera neg\u00f3cios para bares e restaurantes, especialmente aqueles localizados pr\u00f3ximos aos hot\u00e9is, onde acontecem os eventos.<\/p>\n\n\n\n<p>\u201cA maioria dos eventos na cidade duram de dois a tr\u00eas dias, o que leva os participantes a procurarem op\u00e7\u00f5es de restaurantes e bares nos intervalos, contribuindo para o fomento da economia local e regional\u201d, ressalta Mandetta.<\/p>\n\n\n\n<p>Sergio de Simone, propriet\u00e1rio do Rancho Colonial Grill, tamb\u00e9m ressalta a import\u00e2ncia dos eventos corporativos e de neg\u00f3cios. \u201cEles atraem muitas pessoas o ano todo e isso traz benef\u00edcios para o setor de alimenta\u00e7\u00e3o fora do lar\u201d, diz ele.<\/p>\n\n\n\n<p>Mauro Mason, s\u00f3cio do Restaurante Benedito, diz que al\u00e9m de gerar neg\u00f3cios, os eventos tamb\u00e9m contribuem para a melhoria constante no card\u00e1pio. \u201cMoradores de Campinas e regi\u00e3o j\u00e1 s\u00e3o exigentes quando se fala em qualidade dos pratos e essa exig\u00eancia \u00e9 ainda maior quando recebemos turistas nacionais e internacionais\u201d, complementa.<\/p>","protected":false},"excerpt":{"rendered":"<p>Cidade foi o 9\u00ba destino corporativo pelo segundo ano consecutivo, movimentando diversos setores da economia Campinas, mar\u00e7o de 2026 \u2013 A localiza\u00e7\u00e3o da cidade &#8211; de f\u00e1cil acesso por rodovias e aeroporto -, forte presen\u00e7a industrial e de institui\u00e7\u00f5es de ensino e de pesquisa e boa infraestrutura hoteleira consolidam Campinas como um dos principais locais [&hellip;]<\/p>\n","protected":false},"author":1,"featured_media":3886,"comment_status":"open","ping_status":"open","sticky":false,"template":"","format":"standard","meta":{"footnotes":""},"categories":[1,43],"tags":[],"class_list":["post-3885","post","type-post","status-publish","format-standard","has-post-thumbnail","hentry","category-geral","category-negocios-e-economia","has-post-title","has-post-date","has-post-category","has-post-tag","has-post-comment","has-post-author",""],"yoast_head":"<!-- This site is optimized with the Yoast SEO plugin v27.5 - https:\/\/yoast.com\/product\/yoast-seo-wordpress\/ -->\n<title>Eventos corporativos consolidam Campinas entre os dez destinos mais buscados no Brasil - Comunica\u00e7\u00e3o Estrat\u00e9gica<\/title>\n<meta name=\"robots\" content=\"index, follow, max-snippet:-1, max-image-preview:large, max-video-preview:-1\" \/>\n<link rel=\"canonical\" href=\"https:\/\/comunicacaoestrategicacps.com.br\/blog\/eventos-corporativos-consolidam-campinas-entre-os-dez-destinos-mais-buscados-no-brasil\/\" \/>\n<meta property=\"og:locale\" content=\"pt_BR\" \/>\n<meta property=\"og:type\" content=\"article\" \/>\n<meta property=\"og:title\" content=\"Eventos corporativos consolidam Campinas entre os dez destinos mais buscados no Brasil - Comunica\u00e7\u00e3o Estrat\u00e9gica\" \/>\n<meta property=\"og:description\" content=\"Cidade foi o 9\u00ba destino corporativo pelo segundo ano consecutivo, movimentando diversos setores da economia Campinas, mar\u00e7o de 2026 \u2013 A localiza\u00e7\u00e3o da cidade &#8211; de f\u00e1cil acesso por rodovias e aeroporto -, forte presen\u00e7a industrial e de institui\u00e7\u00f5es de ensino e de pesquisa e boa infraestrutura hoteleira consolidam Campinas como um dos principais locais [&hellip;]\" \/>\n<meta property=\"og:url\" content=\"https:\/\/comunicacaoestrategicacps.com.br\/blog\/eventos-corporativos-consolidam-campinas-entre-os-dez-destinos-mais-buscados-no-brasil\/\" \/>\n<meta property=\"og:site_name\" content=\"Comunica\u00e7\u00e3o Estrat\u00e9gica\" \/>\n<meta property=\"article:published_time\" content=\"2026-03-15T10:48:33+00:00\" \/>\n<meta property=\"article:modified_time\" content=\"2026-03-15T10:49:17+00:00\" \/>\n<meta property=\"og:image\" content=\"https:\/\/comunicacaoestrategicacps.com.br\/blog\/wp-content\/uploads\/2026\/03\/vitoria-sala-eventos-scaled.jpg\" \/>\n\t<meta property=\"og:image:width\" content=\"1280\" \/>\n\t<meta property=\"og:image:height\" content=\"853\" \/>\n\t<meta property=\"og:image:type\" content=\"image\/jpeg\" \/>\n<meta name=\"author\" content=\"admin\" \/>\n<meta name=\"twitter:card\" content=\"summary_large_image\" \/>\n<meta name=\"twitter:label1\" content=\"Escrito por\" \/>\n\t<meta name=\"twitter:data1\" content=\"admin\" \/>\n\t<meta name=\"twitter:label2\" content=\"Est. tempo de leitura\" \/>\n\t<meta name=\"twitter:data2\" content=\"4 minutos\" \/>\n<script type=\"application\/ld+json\" class=\"yoast-schema-graph\">{\"@context\":\"https:\\\/\\\/schema.org\",\"@graph\":[{\"@type\":\"Article\",\"@id\":\"https:\\\/\\\/comunicacaoestrategicacps.com.br\\\/blog\\\/eventos-corporativos-consolidam-campinas-entre-os-dez-destinos-mais-buscados-no-brasil\\\/#article\",\"isPartOf\":{\"@id\":\"https:\\\/\\\/comunicacaoestrategicacps.com.br\\\/blog\\\/eventos-corporativos-consolidam-campinas-entre-os-dez-destinos-mais-buscados-no-brasil\\\/\"},\"author\":{\"name\":\"admin\",\"@id\":\"https:\\\/\\\/comunicacaoestrategicacps.com.br\\\/blog\\\/#\\\/schema\\\/person\\\/8d447568a01edd36a56dbbcb702b02fc\"},\"headline\":\"Eventos corporativos consolidam Campinas entre os dez destinos mais buscados no Brasil\",\"datePublished\":\"2026-03-15T10:48:33+00:00\",\"dateModified\":\"2026-03-15T10:49:17+00:00\",\"mainEntityOfPage\":{\"@id\":\"https:\\\/\\\/comunicacaoestrategicacps.com.br\\\/blog\\\/eventos-corporativos-consolidam-campinas-entre-os-dez-destinos-mais-buscados-no-brasil\\\/\"},\"wordCount\":686,\"commentCount\":0,\"image\":{\"@id\":\"https:\\\/\\\/comunicacaoestrategicacps.com.br\\\/blog\\\/eventos-corporativos-consolidam-campinas-entre-os-dez-destinos-mais-buscados-no-brasil\\\/#primaryimage\"},\"thumbnailUrl\":\"https:\\\/\\\/comunicacaoestrategicacps.com.br\\\/blog\\\/wp-content\\\/uploads\\\/2026\\\/03\\\/vitoria-sala-eventos-scaled.jpg\",\"articleSection\":[\"Geral\",\"Neg\u00f3cios e Economia\"],\"inLanguage\":\"pt-BR\",\"potentialAction\":[{\"@type\":\"CommentAction\",\"name\":\"Comment\",\"target\":[\"https:\\\/\\\/comunicacaoestrategicacps.com.br\\\/blog\\\/eventos-corporativos-consolidam-campinas-entre-os-dez-destinos-mais-buscados-no-brasil\\\/#respond\"]}]},{\"@type\":\"WebPage\",\"@id\":\"https:\\\/\\\/comunicacaoestrategicacps.com.br\\\/blog\\\/eventos-corporativos-consolidam-campinas-entre-os-dez-destinos-mais-buscados-no-brasil\\\/\",\"url\":\"https:\\\/\\\/comunicacaoestrategicacps.com.br\\\/blog\\\/eventos-corporativos-consolidam-campinas-entre-os-dez-destinos-mais-buscados-no-brasil\\\/\",\"name\":\"Eventos corporativos consolidam Campinas entre os dez destinos mais buscados no Brasil - Comunica\u00e7\u00e3o Estrat\u00e9gica\",\"isPartOf\":{\"@id\":\"https:\\\/\\\/comunicacaoestrategicacps.com.br\\\/blog\\\/#website\"},\"primaryImageOfPage\":{\"@id\":\"https:\\\/\\\/comunicacaoestrategicacps.com.br\\\/blog\\\/eventos-corporativos-consolidam-campinas-entre-os-dez-destinos-mais-buscados-no-brasil\\\/#primaryimage\"},\"image\":{\"@id\":\"https:\\\/\\\/comunicacaoestrategicacps.com.br\\\/blog\\\/eventos-corporativos-consolidam-campinas-entre-os-dez-destinos-mais-buscados-no-brasil\\\/#primaryimage\"},\"thumbnailUrl\":\"https:\\\/\\\/comunicacaoestrategicacps.com.br\\\/blog\\\/wp-content\\\/uploads\\\/2026\\\/03\\\/vitoria-sala-eventos-scaled.jpg\",\"datePublished\":\"2026-03-15T10:48:33+00:00\",\"dateModified\":\"2026-03-15T10:49:17+00:00\",\"author\":{\"@id\":\"https:\\\/\\\/comunicacaoestrategicacps.com.br\\\/blog\\\/#\\\/schema\\\/person\\\/8d447568a01edd36a56dbbcb702b02fc\"},\"breadcrumb\":{\"@id\":\"https:\\\/\\\/comunicacaoestrategicacps.com.br\\\/blog\\\/eventos-corporativos-consolidam-campinas-entre-os-dez-destinos-mais-buscados-no-brasil\\\/#breadcrumb\"},\"inLanguage\":\"pt-BR\",\"potentialAction\":[{\"@type\":\"ReadAction\",\"target\":[\"https:\\\/\\\/comunicacaoestrategicacps.com.br\\\/blog\\\/eventos-corporativos-consolidam-campinas-entre-os-dez-destinos-mais-buscados-no-brasil\\\/\"]}]},{\"@type\":\"ImageObject\",\"inLanguage\":\"pt-BR\",\"@id\":\"https:\\\/\\\/comunicacaoestrategicacps.com.br\\\/blog\\\/eventos-corporativos-consolidam-campinas-entre-os-dez-destinos-mais-buscados-no-brasil\\\/#primaryimage\",\"url\":\"https:\\\/\\\/comunicacaoestrategicacps.com.br\\\/blog\\\/wp-content\\\/uploads\\\/2026\\\/03\\\/vitoria-sala-eventos-scaled.jpg\",\"contentUrl\":\"https:\\\/\\\/comunicacaoestrategicacps.com.br\\\/blog\\\/wp-content\\\/uploads\\\/2026\\\/03\\\/vitoria-sala-eventos-scaled.jpg\",\"width\":1280,\"height\":853},{\"@type\":\"BreadcrumbList\",\"@id\":\"https:\\\/\\\/comunicacaoestrategicacps.com.br\\\/blog\\\/eventos-corporativos-consolidam-campinas-entre-os-dez-destinos-mais-buscados-no-brasil\\\/#breadcrumb\",\"itemListElement\":[{\"@type\":\"ListItem\",\"position\":1,\"name\":\"In\u00edcio\",\"item\":\"https:\\\/\\\/comunicacaoestrategicacps.com.br\\\/blog\\\/\"},{\"@type\":\"ListItem\",\"position\":2,\"name\":\"Eventos corporativos consolidam Campinas entre os dez destinos mais buscados no Brasil\"}]},{\"@type\":\"WebSite\",\"@id\":\"https:\\\/\\\/comunicacaoestrategicacps.com.br\\\/blog\\\/#website\",\"url\":\"https:\\\/\\\/comunicacaoestrategicacps.com.br\\\/blog\\\/\",\"name\":\"Comunica\u00e7\u00e3o Estrat\u00e9gica\",\"description\":\"Comunica\u00e7\u00e3o Estrat\u00e9gica  - Assessoria de Imprensa\",\"potentialAction\":[{\"@type\":\"SearchAction\",\"target\":{\"@type\":\"EntryPoint\",\"urlTemplate\":\"https:\\\/\\\/comunicacaoestrategicacps.com.br\\\/blog\\\/?s={search_term_string}\"},\"query-input\":{\"@type\":\"PropertyValueSpecification\",\"valueRequired\":true,\"valueName\":\"search_term_string\"}}],\"inLanguage\":\"pt-BR\"},{\"@type\":\"Person\",\"@id\":\"https:\\\/\\\/comunicacaoestrategicacps.com.br\\\/blog\\\/#\\\/schema\\\/person\\\/8d447568a01edd36a56dbbcb702b02fc\",\"name\":\"admin\",\"image\":{\"@type\":\"ImageObject\",\"inLanguage\":\"pt-BR\",\"@id\":\"https:\\\/\\\/secure.gravatar.com\\\/avatar\\\/2cc026ea89b57b9d913d4ce5b90a0490046c0c9048a129e24cc44313a90d3f77?s=96&d=mm&r=g\",\"url\":\"https:\\\/\\\/secure.gravatar.com\\\/avatar\\\/2cc026ea89b57b9d913d4ce5b90a0490046c0c9048a129e24cc44313a90d3f77?s=96&d=mm&r=g\",\"contentUrl\":\"https:\\\/\\\/secure.gravatar.com\\\/avatar\\\/2cc026ea89b57b9d913d4ce5b90a0490046c0c9048a129e24cc44313a90d3f77?s=96&d=mm&r=g\",\"caption\":\"admin\"},\"url\":\"https:\\\/\\\/comunicacaoestrategicacps.com.br\\\/blog\\\/author\\\/admin\\\/\"}]}<\/script>\n<!-- \/ Yoast SEO plugin. -->","yoast_head_json":{"title":"Eventos corporativos consolidam Campinas entre os dez destinos mais buscados no Brasil - Comunica\u00e7\u00e3o Estrat\u00e9gica","robots":{"index":"index","follow":"follow","max-snippet":"max-snippet:-1","max-image-preview":"max-image-preview:large","max-video-preview":"max-video-preview:-1"},"canonical":"https:\/\/comunicacaoestrategicacps.com.br\/blog\/eventos-corporativos-consolidam-campinas-entre-os-dez-destinos-mais-buscados-no-brasil\/","og_locale":"pt_BR","og_type":"article","og_title":"Eventos corporativos consolidam Campinas entre os dez destinos mais buscados no Brasil - Comunica\u00e7\u00e3o Estrat\u00e9gica","og_description":"Cidade foi o 9\u00ba destino corporativo pelo segundo ano consecutivo, movimentando diversos setores da economia Campinas, mar\u00e7o de 2026 \u2013 A localiza\u00e7\u00e3o da cidade &#8211; de f\u00e1cil acesso por rodovias e aeroporto -, forte presen\u00e7a industrial e de institui\u00e7\u00f5es de ensino e de pesquisa e boa infraestrutura hoteleira consolidam Campinas como um dos principais locais [&hellip;]","og_url":"https:\/\/comunicacaoestrategicacps.com.br\/blog\/eventos-corporativos-consolidam-campinas-entre-os-dez-destinos-mais-buscados-no-brasil\/","og_site_name":"Comunica\u00e7\u00e3o Estrat\u00e9gica","article_published_time":"2026-03-15T10:48:33+00:00","article_modified_time":"2026-03-15T10:49:17+00:00","og_image":[{"width":1280,"height":853,"url":"https:\/\/comunicacaoestrategicacps.com.br\/blog\/wp-content\/uploads\/2026\/03\/vitoria-sala-eventos-scaled.jpg","type":"image\/jpeg"}],"author":"admin","twitter_card":"summary_large_image","twitter_misc":{"Escrito por":"admin","Est. tempo de leitura":"4 minutos"},"schema":{"@context":"https:\/\/schema.org","@graph":[{"@type":"Article","@id":"https:\/\/comunicacaoestrategicacps.com.br\/blog\/eventos-corporativos-consolidam-campinas-entre-os-dez-destinos-mais-buscados-no-brasil\/#article","isPartOf":{"@id":"https:\/\/comunicacaoestrategicacps.com.br\/blog\/eventos-corporativos-consolidam-campinas-entre-os-dez-destinos-mais-buscados-no-brasil\/"},"author":{"name":"admin","@id":"https:\/\/comunicacaoestrategicacps.com.br\/blog\/#\/schema\/person\/8d447568a01edd36a56dbbcb702b02fc"},"headline":"Eventos corporativos consolidam Campinas entre os dez destinos mais buscados no Brasil","datePublished":"2026-03-15T10:48:33+00:00","dateModified":"2026-03-15T10:49:17+00:00","mainEntityOfPage":{"@id":"https:\/\/comunicacaoestrategicacps.com.br\/blog\/eventos-corporativos-consolidam-campinas-entre-os-dez-destinos-mais-buscados-no-brasil\/"},"wordCount":686,"commentCount":0,"image":{"@id":"https:\/\/comunicacaoestrategicacps.com.br\/blog\/eventos-corporativos-consolidam-campinas-entre-os-dez-destinos-mais-buscados-no-brasil\/#primaryimage"},"thumbnailUrl":"https:\/\/comunicacaoestrategicacps.com.br\/blog\/wp-content\/uploads\/2026\/03\/vitoria-sala-eventos-scaled.jpg","articleSection":["Geral","Neg\u00f3cios e Economia"],"inLanguage":"pt-BR","potentialAction":[{"@type":"CommentAction","name":"Comment","target":["https:\/\/comunicacaoestrategicacps.com.br\/blog\/eventos-corporativos-consolidam-campinas-entre-os-dez-destinos-mais-buscados-no-brasil\/#respond"]}]},{"@type":"WebPage","@id":"https:\/\/comunicacaoestrategicacps.com.br\/blog\/eventos-corporativos-consolidam-campinas-entre-os-dez-destinos-mais-buscados-no-brasil\/","url":"https:\/\/comunicacaoestrategicacps.com.br\/blog\/eventos-corporativos-consolidam-campinas-entre-os-dez-destinos-mais-buscados-no-brasil\/","name":"Eventos corporativos consolidam Campinas entre os dez destinos mais buscados no Brasil - Comunica\u00e7\u00e3o Estrat\u00e9gica","isPartOf":{"@id":"https:\/\/comunicacaoestrategicacps.com.br\/blog\/#website"},"primaryImageOfPage":{"@id":"https:\/\/comunicacaoestrategicacps.com.br\/blog\/eventos-corporativos-consolidam-campinas-entre-os-dez-destinos-mais-buscados-no-brasil\/#primaryimage"},"image":{"@id":"https:\/\/comunicacaoestrategicacps.com.br\/blog\/eventos-corporativos-consolidam-campinas-entre-os-dez-destinos-mais-buscados-no-brasil\/#primaryimage"},"thumbnailUrl":"https:\/\/comunicacaoestrategicacps.com.br\/blog\/wp-content\/uploads\/2026\/03\/vitoria-sala-eventos-scaled.jpg","datePublished":"2026-03-15T10:48:33+00:00","dateModified":"2026-03-15T10:49:17+00:00","author":{"@id":"https:\/\/comunicacaoestrategicacps.com.br\/blog\/#\/schema\/person\/8d447568a01edd36a56dbbcb702b02fc"},"breadcrumb":{"@id":"https:\/\/comunicacaoestrategicacps.com.br\/blog\/eventos-corporativos-consolidam-campinas-entre-os-dez-destinos-mais-buscados-no-brasil\/#breadcrumb"},"inLanguage":"pt-BR","potentialAction":[{"@type":"ReadAction","target":["https:\/\/comunicacaoestrategicacps.com.br\/blog\/eventos-corporativos-consolidam-campinas-entre-os-dez-destinos-mais-buscados-no-brasil\/"]}]},{"@type":"ImageObject","inLanguage":"pt-BR","@id":"https:\/\/comunicacaoestrategicacps.com.br\/blog\/eventos-corporativos-consolidam-campinas-entre-os-dez-destinos-mais-buscados-no-brasil\/#primaryimage","url":"https:\/\/comunicacaoestrategicacps.com.br\/blog\/wp-content\/uploads\/2026\/03\/vitoria-sala-eventos-scaled.jpg","contentUrl":"https:\/\/comunicacaoestrategicacps.com.br\/blog\/wp-content\/uploads\/2026\/03\/vitoria-sala-eventos-scaled.jpg","width":1280,"height":853},{"@type":"BreadcrumbList","@id":"https:\/\/comunicacaoestrategicacps.com.br\/blog\/eventos-corporativos-consolidam-campinas-entre-os-dez-destinos-mais-buscados-no-brasil\/#breadcrumb","itemListElement":[{"@type":"ListItem","position":1,"name":"In\u00edcio","item":"https:\/\/comunicacaoestrategicacps.com.br\/blog\/"},{"@type":"ListItem","position":2,"name":"Eventos corporativos consolidam Campinas entre os dez destinos mais buscados no Brasil"}]},{"@type":"WebSite","@id":"https:\/\/comunicacaoestrategicacps.com.br\/blog\/#website","url":"https:\/\/comunicacaoestrategicacps.com.br\/blog\/","name":"Comunica\u00e7\u00e3o Estrat\u00e9gica","description":"Comunica\u00e7\u00e3o Estrat\u00e9gica  - Assessoria de Imprensa","potentialAction":[{"@type":"SearchAction","target":{"@type":"EntryPoint","urlTemplate":"https:\/\/comunicacaoestrategicacps.com.br\/blog\/?s={search_term_string}"},"query-input":{"@type":"PropertyValueSpecification","valueRequired":true,"valueName":"search_term_string"}}],"inLanguage":"pt-BR"},{"@type":"Person","@id":"https:\/\/comunicacaoestrategicacps.com.br\/blog\/#\/schema\/person\/8d447568a01edd36a56dbbcb702b02fc","name":"admin","image":{"@type":"ImageObject","inLanguage":"pt-BR","@id":"https:\/\/secure.gravatar.com\/avatar\/2cc026ea89b57b9d913d4ce5b90a0490046c0c9048a129e24cc44313a90d3f77?s=96&d=mm&r=g","url":"https:\/\/secure.gravatar.com\/avatar\/2cc026ea89b57b9d913d4ce5b90a0490046c0c9048a129e24cc44313a90d3f77?s=96&d=mm&r=g","contentUrl":"https:\/\/secure.gravatar.com\/avatar\/2cc026ea89b57b9d913d4ce5b90a0490046c0c9048a129e24cc44313a90d3f77?s=96&d=mm&r=g","caption":"admin"},"url":"https:\/\/comunicacaoestrategicacps.com.br\/blog\/author\/admin\/"}]}},"builder_content":"","_links":{"self":[{"href":"https:\/\/comunicacaoestrategicacps.com.br\/blog\/wp-json\/wp\/v2\/posts\/3885","targetHints":{"allow":["GET"]}}],"collection":[{"href":"https:\/\/comunicacaoestrategicacps.com.br\/blog\/wp-json\/wp\/v2\/posts"}],"about":[{"href":"https:\/\/comunicacaoestrategicacps.com.br\/blog\/wp-json\/wp\/v2\/types\/post"}],"author":[{"embeddable":true,"href":"https:\/\/comunicacaoestrategicacps.com.br\/blog\/wp-json\/wp\/v2\/users\/1"}],"replies":[{"embeddable":true,"href":"https:\/\/comunicacaoestrategicacps.com.br\/blog\/wp-json\/wp\/v2\/comments?post=3885"}],"version-history":[{"count":3,"href":"https:\/\/comunicacaoestrategicacps.com.br\/blog\/wp-json\/wp\/v2\/posts\/3885\/revisions"}],"predecessor-version":[{"id":3889,"href":"https:\/\/comunicacaoestrategicacps.com.br\/blog\/wp-json\/wp\/v2\/posts\/3885\/revisions\/3889"}],"wp:featuredmedia":[{"embeddable":true,"href":"https:\/\/comunicacaoestrategicacps.com.br\/blog\/wp-json\/wp\/v2\/media\/3886"}],"wp:attachment":[{"href":"https:\/\/comunicacaoestrategicacps.com.br\/blog\/wp-json\/wp\/v2\/media?parent=3885"}],"wp:term":[{"taxonomy":"category","embeddable":true,"href":"https:\/\/comunicacaoestrategicacps.com.br\/blog\/wp-json\/wp\/v2\/categories?post=3885"},{"taxonomy":"post_tag","embeddable":true,"href":"https:\/\/comunicacaoestrategicacps.com.br\/blog\/wp-json\/wp\/v2\/tags?post=3885"}],"curies":[{"name":"wp","href":"https:\/\/api.w.org\/{rel}","templated":true}]}}