{"id":3890,"date":"2026-03-15T07:51:16","date_gmt":"2026-03-15T10:51:16","guid":{"rendered":"https:\/\/comunicacaoestrategicacps.com.br\/blog\/?p=3890"},"modified":"2026-03-15T07:51:17","modified_gmt":"2026-03-15T10:51:17","slug":"exportacoes-brasileiras-aos-eua-no-primeiro-bimestre-tem-o-menor-nivel-desde-2023-aponta-a-amcham","status":"publish","type":"post","link":"https:\/\/comunicacaoestrategicacps.com.br\/blog\/exportacoes-brasileiras-aos-eua-no-primeiro-bimestre-tem-o-menor-nivel-desde-2023-aponta-a-amcham\/","title":{"rendered":"Exporta\u00e7\u00f5es brasileiras aos EUA no primeiro bimestre tem o menor n\u00edvel desde 2023, aponta a Amcham"},"content":{"rendered":"<!--themify_builder_content-->\n<div id=\"themify_builder_content-3890\" data-postid=\"3890\" class=\"themify_builder_content themify_builder_content-3890 themify_builder tf_clear\">\n    <\/div>\n<!--\/themify_builder_content-->\n\n\n<figure class=\"wp-block-image size-full\"><img loading=\"lazy\" decoding=\"async\" width=\"768\" height=\"377\" src=\"https:\/\/comunicacaoestrategicacps.com.br\/blog\/wp-content\/uploads\/2025\/08\/exportacao-eua.jpeg\" alt=\"\" class=\"wp-image-3535\" srcset=\"https:\/\/comunicacaoestrategicacps.com.br\/blog\/wp-content\/uploads\/2025\/08\/exportacao-eua.jpeg 768w, https:\/\/comunicacaoestrategicacps.com.br\/blog\/wp-content\/uploads\/2025\/08\/exportacao-eua-300x147.jpeg 300w\" sizes=\"auto, (max-width: 768px) 100vw, 768px\" \/><\/figure>\n\n\n\n<p>As exporta\u00e7\u00f5es brasileiras para os Estados Unidos totalizaram US$ 2,5 bilh\u00f5es em fevereiro de 2026, registrando queda de 20,3% em rela\u00e7\u00e3o ao mesmo m\u00eas de 2025<\/p>\n\n\n\n<p>Campinas, mar\u00e7o de 2026&nbsp;\u2014 As exporta\u00e7\u00f5es brasileiras para os Estados Unidos totalizaram US$ 2,5 bilh\u00f5es em fevereiro de 2026, registrando queda de 20,3% em rela\u00e7\u00e3o ao mesmo m\u00eas de 2025, segundo a&nbsp;mais recente&nbsp;edi\u00e7\u00e3o do&nbsp;<a href=\"https:\/\/mkt.amcham.com.br\/materiais\/monitor-do-comercio-especial-fev-26.pdf\">Monitor do Com\u00e9rcio Brasil\u2013EUA<\/a>, elaborada pela Amcham Brasil.<\/p>\n\n\n\n<p>Com esse resultado, as exporta\u00e7\u00f5es para o mercado americano acumulam sete meses consecutivos de retra\u00e7\u00e3o, movimento iniciado em agosto de 2025, quando houve a aplica\u00e7\u00e3o pelos Estados Unidos de sobretaxas de importa\u00e7\u00e3o \u2014 entre 40% e 50% \u2014 para um amplo conjunto de produtos. Embora a queda tenha sido menos intensa do que nos meses anteriores, o desempenho indica um in\u00edcio de ano marcado por press\u00f5es relevantes sobre o com\u00e9rcio bilateral.<\/p>\n\n\n\n<p>\u00c9 importante destacar que as mudan\u00e7as tarif\u00e1rias anunciadas no final de fevereiro \u2014 ap\u00f3s decis\u00e3o da Suprema Corte dos Estados Unidos que levou ao fim das sobretaxas de 40% e 50% e \u00e0 ado\u00e7\u00e3o de uma nova sobretaxa global de 10% \u2014 ainda n\u00e3o est\u00e3o refletidas plenamente nas estat\u00edsticas bilaterais. Como essas medidas entraram em vigor apenas no fim do m\u00eas, seus efeitos dever\u00e3o come\u00e7ar a aparecer no fluxo comercial a partir de mar\u00e7o.<\/p>\n\n\n\n<p>No acumulado de janeiro e fevereiro de 2026, as exporta\u00e7\u00f5es brasileiras para os Estados Unidos atingiram US$ 4,9 bilh\u00f5es, representando queda de 23,2% em rela\u00e7\u00e3o ao mesmo per\u00edodo de 2025 \u2014 o equivalente a US$ 812 milh\u00f5es a menos nas vendas.<\/p>\n\n\n\n<p>O resultado representa o menor valor para o primeiro bimestre desde 2023, refletindo a combina\u00e7\u00e3o entre fatores conjunturais de mercado e o impacto das medidas tarif\u00e1rias que seguiram afetando parte relevante da pauta exportadora brasileira at\u00e9 o fim de fevereiro.<\/p>\n\n\n\n<p>A retra\u00e7\u00e3o nas exporta\u00e7\u00f5es em fevereiro foi influenciada pela forte queda nas vendas de petr\u00f3leo bruto (-80,7%) e combust\u00edveis derivados de petr\u00f3leo (-42,2%), ambos produtos isentos de sobretaxas e com peso relevante na pauta exportadora brasileira para os Estados Unidos.<\/p>\n\n\n\n<p>O caf\u00e9, igualmente isento de sobretaxas desde novembro, tamb\u00e9m apresentou queda significativa, de 40% na compara\u00e7\u00e3o anual, contribuindo para a redu\u00e7\u00e3o do valor total exportado no m\u00eas.<\/p>\n\n\n\n<p>Os produtos sujeitos a sobretaxas de 40% e 50% at\u00e9 o final de fevereiro registraram queda de 27,4% no m\u00eas, enquanto produtos impactados pelas tarifas da Se\u00e7\u00e3o 232, como itens de madeira, apresentaram retra\u00e7\u00e3o ainda mais acentuada.<\/p>\n\n\n\n<p>\u201cOs dados de fevereiro ainda n\u00e3o capturam os efeitos da redu\u00e7\u00e3o das sobretaxas decorrente da decis\u00e3o da Suprema Corte. Ser\u00e1 importante acompanhar, nos pr\u00f3ximos meses, em que medida essa mudan\u00e7a contribuir\u00e1 para melhorar o desempenho das exporta\u00e7\u00f5es brasileiras e o fluxo do com\u00e9rcio bilateral. Ao mesmo tempo, \u00e9 fundamental que os governos dos dois pa\u00edses avancem em entendimentos para evitar novas restri\u00e7\u00f5es comerciais, especialmente no \u00e2mbito da investiga\u00e7\u00e3o da Se\u00e7\u00e3o 301\u201d,&nbsp;afirma&nbsp;Abr\u00e3o Neto, presidente da Amcham Brasil.<\/p>\n\n\n\n<p>A an\u00e1lise do desempenho das exporta\u00e7\u00f5es brasileiras para os Estados Unidos em compara\u00e7\u00e3o com outros mercados tamb\u00e9m evidencia um cen\u00e1rio de desacelera\u00e7\u00e3o.<\/p>\n\n\n\n<p>No acumulado do ano, apenas tr\u00eas dos dez principais produtos exportados pelo Brasil para os Estados Unidos apresentaram desempenho superior ao observado nas exporta\u00e7\u00f5es brasileiras para o restante do mundo: carne bovina, equipamentos de engenharia civil e celulose.<\/p>\n\n\n\n<p>Em contraste, produtos como semiacabados de ferro ou a\u00e7o, petr\u00f3leo bruto, aeronaves e m\u00e1quinas el\u00e9tricas registraram desempenho mais fraco nas vendas destinadas ao mercado americano.<\/p>\n\n\n\n<p>D\u00e9ficit brasileiro no com\u00e9rcio bilateral se amplia<\/p>\n\n\n\n<p>As importa\u00e7\u00f5es brasileiras de produtos americanos tamb\u00e9m registraram retra\u00e7\u00e3o em fevereiro (-16,5%), marcando o segundo m\u00eas consecutivo de queda. Ainda assim, os Estados Unidos permaneceram entre os principais fornecedores do Brasil, embora tenham recuado para a terceira posi\u00e7\u00e3o entre as origens das importa\u00e7\u00f5es brasileiras, atr\u00e1s de China e Coreia do Sul.<\/p>\n\n\n\n<p>A queda mais intensa das exporta\u00e7\u00f5es em rela\u00e7\u00e3o \u00e0s importa\u00e7\u00f5es contribuiu para a amplia\u00e7\u00e3o do d\u00e9ficit brasileiro no com\u00e9rcio bilateral.<\/p>\n\n\n\n<p>No acumulado de janeiro a fevereiro de 2026, o d\u00e9ficit do Brasil com os Estados Unidos atingiu US$ 900 milh\u00f5es, aumento de 142,3% em rela\u00e7\u00e3o ao mesmo per\u00edodo do ano anterior.<\/p>\n\n\n\n<p>Fonte:&nbsp;<a href=\"https:\/\/mkt.amcham.com.br\/materiais\/monitor-do-comercio-especial-fev-26.pdf\">Monitor do Com\u00e9rcio Brasil\u2013EUA \u2013 Amcham Brasil<\/a><\/p>","protected":false},"excerpt":{"rendered":"<p>As exporta\u00e7\u00f5es brasileiras para os Estados Unidos totalizaram US$ 2,5 bilh\u00f5es em fevereiro de 2026, registrando queda de 20,3% em rela\u00e7\u00e3o ao mesmo m\u00eas de 2025 Campinas, mar\u00e7o de 2026&nbsp;\u2014 As exporta\u00e7\u00f5es brasileiras para os Estados Unidos totalizaram US$ 2,5 bilh\u00f5es em fevereiro de 2026, registrando queda de 20,3% em rela\u00e7\u00e3o ao mesmo m\u00eas de [&hellip;]<\/p>\n","protected":false},"author":1,"featured_media":3535,"comment_status":"open","ping_status":"open","sticky":false,"template":"","format":"standard","meta":{"footnotes":""},"categories":[43],"tags":[],"class_list":["post-3890","post","type-post","status-publish","format-standard","has-post-thumbnail","hentry","category-negocios-e-economia","has-post-title","has-post-date","has-post-category","has-post-tag","has-post-comment","has-post-author",""],"yoast_head":"<!-- This site is optimized with the Yoast SEO plugin v27.5 - https:\/\/yoast.com\/product\/yoast-seo-wordpress\/ -->\n<title>Exporta\u00e7\u00f5es brasileiras aos EUA no primeiro bimestre tem o menor n\u00edvel desde 2023, aponta a Amcham - Comunica\u00e7\u00e3o Estrat\u00e9gica<\/title>\n<meta name=\"robots\" content=\"index, follow, max-snippet:-1, max-image-preview:large, max-video-preview:-1\" \/>\n<link rel=\"canonical\" href=\"https:\/\/comunicacaoestrategicacps.com.br\/blog\/exportacoes-brasileiras-aos-eua-no-primeiro-bimestre-tem-o-menor-nivel-desde-2023-aponta-a-amcham\/\" \/>\n<meta property=\"og:locale\" content=\"pt_BR\" \/>\n<meta property=\"og:type\" content=\"article\" \/>\n<meta property=\"og:title\" content=\"Exporta\u00e7\u00f5es brasileiras aos EUA no primeiro bimestre tem o menor n\u00edvel desde 2023, aponta a Amcham - Comunica\u00e7\u00e3o Estrat\u00e9gica\" \/>\n<meta property=\"og:description\" content=\"As exporta\u00e7\u00f5es brasileiras para os Estados Unidos totalizaram US$ 2,5 bilh\u00f5es em fevereiro de 2026, registrando queda de 20,3% em rela\u00e7\u00e3o ao mesmo m\u00eas de 2025 Campinas, mar\u00e7o de 2026&nbsp;\u2014 As exporta\u00e7\u00f5es brasileiras para os Estados Unidos totalizaram US$ 2,5 bilh\u00f5es em fevereiro de 2026, registrando queda de 20,3% em rela\u00e7\u00e3o ao mesmo m\u00eas de [&hellip;]\" \/>\n<meta property=\"og:url\" content=\"https:\/\/comunicacaoestrategicacps.com.br\/blog\/exportacoes-brasileiras-aos-eua-no-primeiro-bimestre-tem-o-menor-nivel-desde-2023-aponta-a-amcham\/\" \/>\n<meta property=\"og:site_name\" content=\"Comunica\u00e7\u00e3o Estrat\u00e9gica\" \/>\n<meta property=\"article:published_time\" content=\"2026-03-15T10:51:16+00:00\" \/>\n<meta property=\"article:modified_time\" content=\"2026-03-15T10:51:17+00:00\" \/>\n<meta property=\"og:image\" content=\"https:\/\/comunicacaoestrategicacps.com.br\/blog\/wp-content\/uploads\/2025\/08\/exportacao-eua.jpeg\" \/>\n\t<meta property=\"og:image:width\" content=\"768\" \/>\n\t<meta property=\"og:image:height\" content=\"377\" \/>\n\t<meta property=\"og:image:type\" content=\"image\/jpeg\" \/>\n<meta name=\"author\" content=\"admin\" \/>\n<meta name=\"twitter:card\" content=\"summary_large_image\" \/>\n<meta name=\"twitter:label1\" content=\"Escrito por\" \/>\n\t<meta name=\"twitter:data1\" content=\"admin\" \/>\n\t<meta name=\"twitter:label2\" content=\"Est. tempo de leitura\" \/>\n\t<meta name=\"twitter:data2\" content=\"5 minutos\" \/>\n<script type=\"application\/ld+json\" class=\"yoast-schema-graph\">{\"@context\":\"https:\\\/\\\/schema.org\",\"@graph\":[{\"@type\":\"Article\",\"@id\":\"https:\\\/\\\/comunicacaoestrategicacps.com.br\\\/blog\\\/exportacoes-brasileiras-aos-eua-no-primeiro-bimestre-tem-o-menor-nivel-desde-2023-aponta-a-amcham\\\/#article\",\"isPartOf\":{\"@id\":\"https:\\\/\\\/comunicacaoestrategicacps.com.br\\\/blog\\\/exportacoes-brasileiras-aos-eua-no-primeiro-bimestre-tem-o-menor-nivel-desde-2023-aponta-a-amcham\\\/\"},\"author\":{\"name\":\"admin\",\"@id\":\"https:\\\/\\\/comunicacaoestrategicacps.com.br\\\/blog\\\/#\\\/schema\\\/person\\\/8d447568a01edd36a56dbbcb702b02fc\"},\"headline\":\"Exporta\u00e7\u00f5es brasileiras aos EUA no primeiro bimestre tem o menor n\u00edvel desde 2023, aponta a Amcham\",\"datePublished\":\"2026-03-15T10:51:16+00:00\",\"dateModified\":\"2026-03-15T10:51:17+00:00\",\"mainEntityOfPage\":{\"@id\":\"https:\\\/\\\/comunicacaoestrategicacps.com.br\\\/blog\\\/exportacoes-brasileiras-aos-eua-no-primeiro-bimestre-tem-o-menor-nivel-desde-2023-aponta-a-amcham\\\/\"},\"wordCount\":760,\"commentCount\":0,\"image\":{\"@id\":\"https:\\\/\\\/comunicacaoestrategicacps.com.br\\\/blog\\\/exportacoes-brasileiras-aos-eua-no-primeiro-bimestre-tem-o-menor-nivel-desde-2023-aponta-a-amcham\\\/#primaryimage\"},\"thumbnailUrl\":\"https:\\\/\\\/comunicacaoestrategicacps.com.br\\\/blog\\\/wp-content\\\/uploads\\\/2025\\\/08\\\/exportacao-eua.jpeg\",\"articleSection\":[\"Neg\u00f3cios e Economia\"],\"inLanguage\":\"pt-BR\",\"potentialAction\":[{\"@type\":\"CommentAction\",\"name\":\"Comment\",\"target\":[\"https:\\\/\\\/comunicacaoestrategicacps.com.br\\\/blog\\\/exportacoes-brasileiras-aos-eua-no-primeiro-bimestre-tem-o-menor-nivel-desde-2023-aponta-a-amcham\\\/#respond\"]}]},{\"@type\":\"WebPage\",\"@id\":\"https:\\\/\\\/comunicacaoestrategicacps.com.br\\\/blog\\\/exportacoes-brasileiras-aos-eua-no-primeiro-bimestre-tem-o-menor-nivel-desde-2023-aponta-a-amcham\\\/\",\"url\":\"https:\\\/\\\/comunicacaoestrategicacps.com.br\\\/blog\\\/exportacoes-brasileiras-aos-eua-no-primeiro-bimestre-tem-o-menor-nivel-desde-2023-aponta-a-amcham\\\/\",\"name\":\"Exporta\u00e7\u00f5es brasileiras aos EUA no primeiro bimestre tem o menor n\u00edvel desde 2023, aponta a Amcham - Comunica\u00e7\u00e3o Estrat\u00e9gica\",\"isPartOf\":{\"@id\":\"https:\\\/\\\/comunicacaoestrategicacps.com.br\\\/blog\\\/#website\"},\"primaryImageOfPage\":{\"@id\":\"https:\\\/\\\/comunicacaoestrategicacps.com.br\\\/blog\\\/exportacoes-brasileiras-aos-eua-no-primeiro-bimestre-tem-o-menor-nivel-desde-2023-aponta-a-amcham\\\/#primaryimage\"},\"image\":{\"@id\":\"https:\\\/\\\/comunicacaoestrategicacps.com.br\\\/blog\\\/exportacoes-brasileiras-aos-eua-no-primeiro-bimestre-tem-o-menor-nivel-desde-2023-aponta-a-amcham\\\/#primaryimage\"},\"thumbnailUrl\":\"https:\\\/\\\/comunicacaoestrategicacps.com.br\\\/blog\\\/wp-content\\\/uploads\\\/2025\\\/08\\\/exportacao-eua.jpeg\",\"datePublished\":\"2026-03-15T10:51:16+00:00\",\"dateModified\":\"2026-03-15T10:51:17+00:00\",\"author\":{\"@id\":\"https:\\\/\\\/comunicacaoestrategicacps.com.br\\\/blog\\\/#\\\/schema\\\/person\\\/8d447568a01edd36a56dbbcb702b02fc\"},\"breadcrumb\":{\"@id\":\"https:\\\/\\\/comunicacaoestrategicacps.com.br\\\/blog\\\/exportacoes-brasileiras-aos-eua-no-primeiro-bimestre-tem-o-menor-nivel-desde-2023-aponta-a-amcham\\\/#breadcrumb\"},\"inLanguage\":\"pt-BR\",\"potentialAction\":[{\"@type\":\"ReadAction\",\"target\":[\"https:\\\/\\\/comunicacaoestrategicacps.com.br\\\/blog\\\/exportacoes-brasileiras-aos-eua-no-primeiro-bimestre-tem-o-menor-nivel-desde-2023-aponta-a-amcham\\\/\"]}]},{\"@type\":\"ImageObject\",\"inLanguage\":\"pt-BR\",\"@id\":\"https:\\\/\\\/comunicacaoestrategicacps.com.br\\\/blog\\\/exportacoes-brasileiras-aos-eua-no-primeiro-bimestre-tem-o-menor-nivel-desde-2023-aponta-a-amcham\\\/#primaryimage\",\"url\":\"https:\\\/\\\/comunicacaoestrategicacps.com.br\\\/blog\\\/wp-content\\\/uploads\\\/2025\\\/08\\\/exportacao-eua.jpeg\",\"contentUrl\":\"https:\\\/\\\/comunicacaoestrategicacps.com.br\\\/blog\\\/wp-content\\\/uploads\\\/2025\\\/08\\\/exportacao-eua.jpeg\",\"width\":768,\"height\":377},{\"@type\":\"BreadcrumbList\",\"@id\":\"https:\\\/\\\/comunicacaoestrategicacps.com.br\\\/blog\\\/exportacoes-brasileiras-aos-eua-no-primeiro-bimestre-tem-o-menor-nivel-desde-2023-aponta-a-amcham\\\/#breadcrumb\",\"itemListElement\":[{\"@type\":\"ListItem\",\"position\":1,\"name\":\"In\u00edcio\",\"item\":\"https:\\\/\\\/comunicacaoestrategicacps.com.br\\\/blog\\\/\"},{\"@type\":\"ListItem\",\"position\":2,\"name\":\"Exporta\u00e7\u00f5es brasileiras aos EUA no primeiro bimestre tem o menor n\u00edvel desde 2023, aponta a Amcham\"}]},{\"@type\":\"WebSite\",\"@id\":\"https:\\\/\\\/comunicacaoestrategicacps.com.br\\\/blog\\\/#website\",\"url\":\"https:\\\/\\\/comunicacaoestrategicacps.com.br\\\/blog\\\/\",\"name\":\"Comunica\u00e7\u00e3o Estrat\u00e9gica\",\"description\":\"Comunica\u00e7\u00e3o Estrat\u00e9gica  - Assessoria de Imprensa\",\"potentialAction\":[{\"@type\":\"SearchAction\",\"target\":{\"@type\":\"EntryPoint\",\"urlTemplate\":\"https:\\\/\\\/comunicacaoestrategicacps.com.br\\\/blog\\\/?s={search_term_string}\"},\"query-input\":{\"@type\":\"PropertyValueSpecification\",\"valueRequired\":true,\"valueName\":\"search_term_string\"}}],\"inLanguage\":\"pt-BR\"},{\"@type\":\"Person\",\"@id\":\"https:\\\/\\\/comunicacaoestrategicacps.com.br\\\/blog\\\/#\\\/schema\\\/person\\\/8d447568a01edd36a56dbbcb702b02fc\",\"name\":\"admin\",\"image\":{\"@type\":\"ImageObject\",\"inLanguage\":\"pt-BR\",\"@id\":\"https:\\\/\\\/secure.gravatar.com\\\/avatar\\\/2cc026ea89b57b9d913d4ce5b90a0490046c0c9048a129e24cc44313a90d3f77?s=96&d=mm&r=g\",\"url\":\"https:\\\/\\\/secure.gravatar.com\\\/avatar\\\/2cc026ea89b57b9d913d4ce5b90a0490046c0c9048a129e24cc44313a90d3f77?s=96&d=mm&r=g\",\"contentUrl\":\"https:\\\/\\\/secure.gravatar.com\\\/avatar\\\/2cc026ea89b57b9d913d4ce5b90a0490046c0c9048a129e24cc44313a90d3f77?s=96&d=mm&r=g\",\"caption\":\"admin\"},\"url\":\"https:\\\/\\\/comunicacaoestrategicacps.com.br\\\/blog\\\/author\\\/admin\\\/\"}]}<\/script>\n<!-- \/ Yoast SEO plugin. -->","yoast_head_json":{"title":"Exporta\u00e7\u00f5es brasileiras aos EUA no primeiro bimestre tem o menor n\u00edvel desde 2023, aponta a Amcham - Comunica\u00e7\u00e3o Estrat\u00e9gica","robots":{"index":"index","follow":"follow","max-snippet":"max-snippet:-1","max-image-preview":"max-image-preview:large","max-video-preview":"max-video-preview:-1"},"canonical":"https:\/\/comunicacaoestrategicacps.com.br\/blog\/exportacoes-brasileiras-aos-eua-no-primeiro-bimestre-tem-o-menor-nivel-desde-2023-aponta-a-amcham\/","og_locale":"pt_BR","og_type":"article","og_title":"Exporta\u00e7\u00f5es brasileiras aos EUA no primeiro bimestre tem o menor n\u00edvel desde 2023, aponta a Amcham - Comunica\u00e7\u00e3o Estrat\u00e9gica","og_description":"As exporta\u00e7\u00f5es brasileiras para os Estados Unidos totalizaram US$ 2,5 bilh\u00f5es em fevereiro de 2026, registrando queda de 20,3% em rela\u00e7\u00e3o ao mesmo m\u00eas de 2025 Campinas, mar\u00e7o de 2026&nbsp;\u2014 As exporta\u00e7\u00f5es brasileiras para os Estados Unidos totalizaram US$ 2,5 bilh\u00f5es em fevereiro de 2026, registrando queda de 20,3% em rela\u00e7\u00e3o ao mesmo m\u00eas de [&hellip;]","og_url":"https:\/\/comunicacaoestrategicacps.com.br\/blog\/exportacoes-brasileiras-aos-eua-no-primeiro-bimestre-tem-o-menor-nivel-desde-2023-aponta-a-amcham\/","og_site_name":"Comunica\u00e7\u00e3o Estrat\u00e9gica","article_published_time":"2026-03-15T10:51:16+00:00","article_modified_time":"2026-03-15T10:51:17+00:00","og_image":[{"width":768,"height":377,"url":"https:\/\/comunicacaoestrategicacps.com.br\/blog\/wp-content\/uploads\/2025\/08\/exportacao-eua.jpeg","type":"image\/jpeg"}],"author":"admin","twitter_card":"summary_large_image","twitter_misc":{"Escrito por":"admin","Est. tempo de leitura":"5 minutos"},"schema":{"@context":"https:\/\/schema.org","@graph":[{"@type":"Article","@id":"https:\/\/comunicacaoestrategicacps.com.br\/blog\/exportacoes-brasileiras-aos-eua-no-primeiro-bimestre-tem-o-menor-nivel-desde-2023-aponta-a-amcham\/#article","isPartOf":{"@id":"https:\/\/comunicacaoestrategicacps.com.br\/blog\/exportacoes-brasileiras-aos-eua-no-primeiro-bimestre-tem-o-menor-nivel-desde-2023-aponta-a-amcham\/"},"author":{"name":"admin","@id":"https:\/\/comunicacaoestrategicacps.com.br\/blog\/#\/schema\/person\/8d447568a01edd36a56dbbcb702b02fc"},"headline":"Exporta\u00e7\u00f5es brasileiras aos EUA no primeiro bimestre tem o menor n\u00edvel desde 2023, aponta a Amcham","datePublished":"2026-03-15T10:51:16+00:00","dateModified":"2026-03-15T10:51:17+00:00","mainEntityOfPage":{"@id":"https:\/\/comunicacaoestrategicacps.com.br\/blog\/exportacoes-brasileiras-aos-eua-no-primeiro-bimestre-tem-o-menor-nivel-desde-2023-aponta-a-amcham\/"},"wordCount":760,"commentCount":0,"image":{"@id":"https:\/\/comunicacaoestrategicacps.com.br\/blog\/exportacoes-brasileiras-aos-eua-no-primeiro-bimestre-tem-o-menor-nivel-desde-2023-aponta-a-amcham\/#primaryimage"},"thumbnailUrl":"https:\/\/comunicacaoestrategicacps.com.br\/blog\/wp-content\/uploads\/2025\/08\/exportacao-eua.jpeg","articleSection":["Neg\u00f3cios e Economia"],"inLanguage":"pt-BR","potentialAction":[{"@type":"CommentAction","name":"Comment","target":["https:\/\/comunicacaoestrategicacps.com.br\/blog\/exportacoes-brasileiras-aos-eua-no-primeiro-bimestre-tem-o-menor-nivel-desde-2023-aponta-a-amcham\/#respond"]}]},{"@type":"WebPage","@id":"https:\/\/comunicacaoestrategicacps.com.br\/blog\/exportacoes-brasileiras-aos-eua-no-primeiro-bimestre-tem-o-menor-nivel-desde-2023-aponta-a-amcham\/","url":"https:\/\/comunicacaoestrategicacps.com.br\/blog\/exportacoes-brasileiras-aos-eua-no-primeiro-bimestre-tem-o-menor-nivel-desde-2023-aponta-a-amcham\/","name":"Exporta\u00e7\u00f5es brasileiras aos EUA no primeiro bimestre tem o menor n\u00edvel desde 2023, aponta a Amcham - Comunica\u00e7\u00e3o Estrat\u00e9gica","isPartOf":{"@id":"https:\/\/comunicacaoestrategicacps.com.br\/blog\/#website"},"primaryImageOfPage":{"@id":"https:\/\/comunicacaoestrategicacps.com.br\/blog\/exportacoes-brasileiras-aos-eua-no-primeiro-bimestre-tem-o-menor-nivel-desde-2023-aponta-a-amcham\/#primaryimage"},"image":{"@id":"https:\/\/comunicacaoestrategicacps.com.br\/blog\/exportacoes-brasileiras-aos-eua-no-primeiro-bimestre-tem-o-menor-nivel-desde-2023-aponta-a-amcham\/#primaryimage"},"thumbnailUrl":"https:\/\/comunicacaoestrategicacps.com.br\/blog\/wp-content\/uploads\/2025\/08\/exportacao-eua.jpeg","datePublished":"2026-03-15T10:51:16+00:00","dateModified":"2026-03-15T10:51:17+00:00","author":{"@id":"https:\/\/comunicacaoestrategicacps.com.br\/blog\/#\/schema\/person\/8d447568a01edd36a56dbbcb702b02fc"},"breadcrumb":{"@id":"https:\/\/comunicacaoestrategicacps.com.br\/blog\/exportacoes-brasileiras-aos-eua-no-primeiro-bimestre-tem-o-menor-nivel-desde-2023-aponta-a-amcham\/#breadcrumb"},"inLanguage":"pt-BR","potentialAction":[{"@type":"ReadAction","target":["https:\/\/comunicacaoestrategicacps.com.br\/blog\/exportacoes-brasileiras-aos-eua-no-primeiro-bimestre-tem-o-menor-nivel-desde-2023-aponta-a-amcham\/"]}]},{"@type":"ImageObject","inLanguage":"pt-BR","@id":"https:\/\/comunicacaoestrategicacps.com.br\/blog\/exportacoes-brasileiras-aos-eua-no-primeiro-bimestre-tem-o-menor-nivel-desde-2023-aponta-a-amcham\/#primaryimage","url":"https:\/\/comunicacaoestrategicacps.com.br\/blog\/wp-content\/uploads\/2025\/08\/exportacao-eua.jpeg","contentUrl":"https:\/\/comunicacaoestrategicacps.com.br\/blog\/wp-content\/uploads\/2025\/08\/exportacao-eua.jpeg","width":768,"height":377},{"@type":"BreadcrumbList","@id":"https:\/\/comunicacaoestrategicacps.com.br\/blog\/exportacoes-brasileiras-aos-eua-no-primeiro-bimestre-tem-o-menor-nivel-desde-2023-aponta-a-amcham\/#breadcrumb","itemListElement":[{"@type":"ListItem","position":1,"name":"In\u00edcio","item":"https:\/\/comunicacaoestrategicacps.com.br\/blog\/"},{"@type":"ListItem","position":2,"name":"Exporta\u00e7\u00f5es brasileiras aos EUA no primeiro bimestre tem o menor n\u00edvel desde 2023, aponta a Amcham"}]},{"@type":"WebSite","@id":"https:\/\/comunicacaoestrategicacps.com.br\/blog\/#website","url":"https:\/\/comunicacaoestrategicacps.com.br\/blog\/","name":"Comunica\u00e7\u00e3o Estrat\u00e9gica","description":"Comunica\u00e7\u00e3o Estrat\u00e9gica  - Assessoria de Imprensa","potentialAction":[{"@type":"SearchAction","target":{"@type":"EntryPoint","urlTemplate":"https:\/\/comunicacaoestrategicacps.com.br\/blog\/?s={search_term_string}"},"query-input":{"@type":"PropertyValueSpecification","valueRequired":true,"valueName":"search_term_string"}}],"inLanguage":"pt-BR"},{"@type":"Person","@id":"https:\/\/comunicacaoestrategicacps.com.br\/blog\/#\/schema\/person\/8d447568a01edd36a56dbbcb702b02fc","name":"admin","image":{"@type":"ImageObject","inLanguage":"pt-BR","@id":"https:\/\/secure.gravatar.com\/avatar\/2cc026ea89b57b9d913d4ce5b90a0490046c0c9048a129e24cc44313a90d3f77?s=96&d=mm&r=g","url":"https:\/\/secure.gravatar.com\/avatar\/2cc026ea89b57b9d913d4ce5b90a0490046c0c9048a129e24cc44313a90d3f77?s=96&d=mm&r=g","contentUrl":"https:\/\/secure.gravatar.com\/avatar\/2cc026ea89b57b9d913d4ce5b90a0490046c0c9048a129e24cc44313a90d3f77?s=96&d=mm&r=g","caption":"admin"},"url":"https:\/\/comunicacaoestrategicacps.com.br\/blog\/author\/admin\/"}]}},"builder_content":"","_links":{"self":[{"href":"https:\/\/comunicacaoestrategicacps.com.br\/blog\/wp-json\/wp\/v2\/posts\/3890","targetHints":{"allow":["GET"]}}],"collection":[{"href":"https:\/\/comunicacaoestrategicacps.com.br\/blog\/wp-json\/wp\/v2\/posts"}],"about":[{"href":"https:\/\/comunicacaoestrategicacps.com.br\/blog\/wp-json\/wp\/v2\/types\/post"}],"author":[{"embeddable":true,"href":"https:\/\/comunicacaoestrategicacps.com.br\/blog\/wp-json\/wp\/v2\/users\/1"}],"replies":[{"embeddable":true,"href":"https:\/\/comunicacaoestrategicacps.com.br\/blog\/wp-json\/wp\/v2\/comments?post=3890"}],"version-history":[{"count":1,"href":"https:\/\/comunicacaoestrategicacps.com.br\/blog\/wp-json\/wp\/v2\/posts\/3890\/revisions"}],"predecessor-version":[{"id":3891,"href":"https:\/\/comunicacaoestrategicacps.com.br\/blog\/wp-json\/wp\/v2\/posts\/3890\/revisions\/3891"}],"wp:featuredmedia":[{"embeddable":true,"href":"https:\/\/comunicacaoestrategicacps.com.br\/blog\/wp-json\/wp\/v2\/media\/3535"}],"wp:attachment":[{"href":"https:\/\/comunicacaoestrategicacps.com.br\/blog\/wp-json\/wp\/v2\/media?parent=3890"}],"wp:term":[{"taxonomy":"category","embeddable":true,"href":"https:\/\/comunicacaoestrategicacps.com.br\/blog\/wp-json\/wp\/v2\/categories?post=3890"},{"taxonomy":"post_tag","embeddable":true,"href":"https:\/\/comunicacaoestrategicacps.com.br\/blog\/wp-json\/wp\/v2\/tags?post=3890"}],"curies":[{"name":"wp","href":"https:\/\/api.w.org\/{rel}","templated":true}]}}