{"id":3946,"date":"2026-04-26T10:40:23","date_gmt":"2026-04-26T13:40:23","guid":{"rendered":"https:\/\/comunicacaoestrategicacps.com.br\/blog\/?p=3946"},"modified":"2026-04-26T10:40:23","modified_gmt":"2026-04-26T13:40:23","slug":"diretoria-e-equipe-da-articular-produtora-visitam-o-centro-infantil-boldrini-e-reforcam-parceria","status":"publish","type":"post","link":"https:\/\/comunicacaoestrategicacps.com.br\/blog\/diretoria-e-equipe-da-articular-produtora-visitam-o-centro-infantil-boldrini-e-reforcam-parceria\/","title":{"rendered":"Diretoria e equipe da Articular Produtora visitam o Centro Infantil Boldrini e refor\u00e7am parceria"},"content":{"rendered":"<!--themify_builder_content-->\n<div id=\"themify_builder_content-3946\" data-postid=\"3946\" class=\"themify_builder_content themify_builder_content-3946 themify_builder tf_clear\">\n    <\/div>\n<!--\/themify_builder_content-->\n\n\n<figure class=\"wp-block-image size-full\"><img loading=\"lazy\" decoding=\"async\" width=\"796\" height=\"627\" src=\"https:\/\/comunicacaoestrategicacps.com.br\/blog\/wp-content\/uploads\/2026\/04\/orquestra-boldrini.jpeg\" alt=\"\" class=\"wp-image-3947\" srcset=\"https:\/\/comunicacaoestrategicacps.com.br\/blog\/wp-content\/uploads\/2026\/04\/orquestra-boldrini.jpeg 796w, https:\/\/comunicacaoestrategicacps.com.br\/blog\/wp-content\/uploads\/2026\/04\/orquestra-boldrini-300x236.jpeg 300w, https:\/\/comunicacaoestrategicacps.com.br\/blog\/wp-content\/uploads\/2026\/04\/orquestra-boldrini-768x605.jpeg 768w\" sizes=\"auto, (max-width: 796px) 100vw, 796px\" \/><\/figure>\n\n\n\n<p>Rendas de shows do Projeto Arte do Bem, com a Orquestra Rock e convidados, s\u00e3o destinadas para a institui\u00e7\u00e3o<\/p>\n\n\n\n<p>Campinas, abril de 2026 &#8211; Com o objetivo de estreitar o relacionamento com o Centro Infantil Boldrini, a diretoria da Articular Produtora, juntamente com sua equipe de colaboradores e parceiros, fez uma visita \u00e0s instala\u00e7\u00f5es da institui\u00e7\u00e3o, em Campinas. Al\u00e9m de reafirmar uma parceria existente h\u00e1 18 anos, a a\u00e7\u00e3o tamb\u00e9m teve como prop\u00f3sito apresentar aos seus colaboradores, na pr\u00e1tica, como funciona a institui\u00e7\u00f5es, e incentivar o engajamento com pacientes e familiares. A visita acontece h\u00e1 pouco dias de mais um show do Projeto Arte do Bem, que acontece no dia 9 de maio, quando a Orquestra Rock recebe os convidados Dado Villa-Lobos e Andr\u00e9 Frateschi, em uma apresenta\u00e7\u00e3o celebrando can\u00e7\u00f5es do Legi\u00e3o Urbana.<\/p>\n\n\n\n<p>Durante a visita, diretores, colaboradores e fornecedoras da Articular percorreram as instala\u00e7\u00f5es da institui\u00e7\u00e3o, conheceram todos os processos de funcionamento e mantiveram intera\u00e7\u00f5es com crian\u00e7as, adolescentes e familiares atendidos pelo Centro Infantil Boldrini.<\/p>\n\n\n\n<p>Ernesto Brisolla Manzur, diretor da Articular Produtora, explicou o papel do projeto Arte do Bem e ressaltou a import\u00e2ncia da parceria com a entidade que \u00e9 refer\u00eancia nacional e internacional no tratamento de c\u00e2ncer infantil. Tamb\u00e9m destacou os impactos que a parceria traz, tanto financeiro, como institucional, atrav\u00e9s dos shows da Orquestra Rock.<\/p>\n\n\n\n<p>\u201cEm Campinas, todos os shows do projeto Arte do Bem com a Orquestra Rock e seus convidados t\u00eam a renda de bilheteria integralmente revertida para o Centro Infantil Boldrini, ajudando nas despesas correntes e investimentos nos tratamentos de c\u00e2ncer\u201d, ressaltou Manzur. \u201cEm outras cidades, o projeto da Articular beneficia outras institui\u00e7\u00f5es locais, cuja proposta \u00e9 promover projetos culturais por meio das leis de incentivo, conectando institui\u00e7\u00f5es, empresas, artistas e p\u00fablico em experi\u00eancias transformadoras\u201d, acrescenta ele.<\/p>\n\n\n\n<p>Manzur lembra que o primeiro show Arte do Bem de 2026 acontece no dia 9 de maio, no Expo Dom Pedro, com uma apresenta\u00e7\u00e3o da Orquestra Rock em Campinas, tendo as participa\u00e7\u00f5es de dois \u00edcones do rock nacional, no Show Orquestra convida Dado Villa-Lobos e Andr\u00e9 Frateschi, que v\u00e3o embalar o p\u00fablico com sucessos da banda <strong>Legi\u00e3o Urbana<\/strong>. Os ingressos podem ser adquiridos no site ingressosdobem.com.br<\/p>\n\n\n\n<p><strong>Show<\/strong><\/p>\n\n\n\n<p>Criada em 2015 pelo Projeto Arte do Bem, a Orquestra Rock fez hist\u00f3ria trazendo para suas apresenta\u00e7\u00f5es bandas e cantores renomados que fizeram hist\u00f3ria no cen\u00e1rio musical nacional. E para abrir a grade de shows na regi\u00e3o de Campinas no ano, a produtora Articular, criadora do Projeto Arte do Bem, escolheu duas personalidades conhecidas dos amantes do rock: o guitarrista Dado Villa-Lobos (Legi\u00e3o Urbana) e o vocal Andr\u00e9 Frateschi, que se apresentam juntos em carreira solo desde 2018.<\/p>\n\n\n\n<p>Dado Villa-Lobos est\u00e1 de volta aos palcos com a turn\u00ea solo OROBORO. Nascido em Bruxelas, m\u00fasico, produtor, guitarrista integrante da forma\u00e7\u00e3o original da banda Legi\u00e3o Urbana, comp\u00f4s em parceria com Renato Russo e Marcelo Bonf\u00e1 algumas das can\u00e7\u00f5es mais representativas da recente hist\u00f3ria da m\u00fasica brasileira. \u00c0 frente de sua produtora ROCKIT!, lan\u00e7ou e produziu uma s\u00e9rie de artistas da gera\u00e7\u00e3o 90 e 2000.<\/p>\n\n\n\n<p>Premiado compositor de trilhas sonoras para o cinema \u2013 \u201cBUFO &amp; SPALLANZANI\u201d (pr\u00eamio de Melhor Trilha Sonora no Festival do Cinema Brasileiro, em Miami), \u201cPRO DIA NASCER FELIZ\u201d (vencedor do Kikito de Melhor Trilha Sonora no Festival de Gramado), \u201cMUITOS HOMENS NUM S\u00d3\u201d (Pr\u00eamio de Melhor Trilha Sonora no Festival de Cinema de Pernambuco), \u201cAUMENTA QUE \u00c9 ROCK\u2019N\u2019ROLL\u201d (Melhor Trilha pela Academia Brasileira de Cinema), entre outros, Dado faz da cria\u00e7\u00e3o musical seu of\u00edcio.<\/p>\n\n\n\n<p>Com o lan\u00e7amento de sua carreira solo em 2005, voltou aos palcos com o projeto \u201cMTV apresenta: DADO VILLA-LOBOS &#8211; JARDIM DE CACTUS\u201d. Lan\u00e7ou seu segundo \u00e1lbum \u201cO PASSO DO COLAPSO\u201d no final de 2012 e, em maio de 2015, lan\u00e7ou o livro &#8220;DADO VILLA-LOBOS (Mem\u00f3rias de um Legion\u00e1rio)\u201d.<\/p>\n\n\n\n<p>Em 2018 volta com o novo \u00e1lbum \u201cEXIT\u201d, um \u00eaxito na busca do reencontro com o que se entende por m\u00fasica. E, agora est\u00e1 finalizando seu quarto \u00e1lbum, \u201cO QUE VOC\u00ca QUISER\u201d. Encerrada a turn\u00ea que comemorava os 30 anos dos \u00e1lbuns da Legi\u00e3o Urbana, Dado voltou \u00e0 sua carreira solo com a sua banda original.<\/p>\n\n\n\n<p>Ernesto Brisolla Manzur, diretor da produtora Articular, um dos criadores do projeto Arte do Bem, conta que a parceria com a dupla j\u00e1 existe desde o ano passado, mas essa ser\u00e1 a primeira vez que a Orquestra Rock se apresenta com a dupla na regi\u00e3o de Campinas.<\/p>\n\n\n\n<p>O show Orquestra Rock convida Dado Villa-Lobos e Andr\u00e9 Frateschi \u00e9 uma iniciativa da produtora Articular, parte do Projeto Arte do Bem, e \u00e9 uma iniciativa sociocultural, aprovada nas leis de incentivo federal e paulista, que ajuda a popularizar a m\u00fasica instrumental e colabora com institui\u00e7\u00f5es renomadas do terceiro setor. Esta apresenta\u00e7\u00e3o conta com o patroc\u00ednio master da multinacional Robert Bosch, que apoia o projeto desde seu primeiro ano.<\/p>","protected":false},"excerpt":{"rendered":"<p>Rendas de shows do Projeto Arte do Bem, com a Orquestra Rock e convidados, s\u00e3o destinadas para a institui\u00e7\u00e3o Campinas, abril de 2026 &#8211; Com o objetivo de estreitar o relacionamento com o Centro Infantil Boldrini, a diretoria da Articular Produtora, juntamente com sua equipe de colaboradores e parceiros, fez uma visita \u00e0s instala\u00e7\u00f5es da [&hellip;]<\/p>\n","protected":false},"author":1,"featured_media":3947,"comment_status":"open","ping_status":"open","sticky":false,"template":"","format":"standard","meta":{"footnotes":""},"categories":[45],"tags":[],"class_list":["post-3946","post","type-post","status-publish","format-standard","has-post-thumbnail","hentry","category-empreendedorismo","has-post-title","has-post-date","has-post-category","has-post-tag","has-post-comment","has-post-author",""],"yoast_head":"<!-- This site is optimized with the Yoast SEO plugin v27.4 - https:\/\/yoast.com\/product\/yoast-seo-wordpress\/ -->\n<title>Diretoria e equipe da Articular Produtora visitam o Centro Infantil Boldrini e refor\u00e7am parceria - Comunica\u00e7\u00e3o Estrat\u00e9gica<\/title>\n<meta name=\"robots\" content=\"index, follow, max-snippet:-1, max-image-preview:large, max-video-preview:-1\" \/>\n<link rel=\"canonical\" href=\"https:\/\/comunicacaoestrategicacps.com.br\/blog\/diretoria-e-equipe-da-articular-produtora-visitam-o-centro-infantil-boldrini-e-reforcam-parceria\/\" \/>\n<meta property=\"og:locale\" content=\"pt_BR\" \/>\n<meta property=\"og:type\" content=\"article\" \/>\n<meta property=\"og:title\" content=\"Diretoria e equipe da Articular Produtora visitam o Centro Infantil Boldrini e refor\u00e7am parceria - Comunica\u00e7\u00e3o Estrat\u00e9gica\" \/>\n<meta property=\"og:description\" content=\"Rendas de shows do Projeto Arte do Bem, com a Orquestra Rock e convidados, s\u00e3o destinadas para a institui\u00e7\u00e3o Campinas, abril de 2026 &#8211; Com o objetivo de estreitar o relacionamento com o Centro Infantil Boldrini, a diretoria da Articular Produtora, juntamente com sua equipe de colaboradores e parceiros, fez uma visita \u00e0s instala\u00e7\u00f5es da [&hellip;]\" \/>\n<meta property=\"og:url\" content=\"https:\/\/comunicacaoestrategicacps.com.br\/blog\/diretoria-e-equipe-da-articular-produtora-visitam-o-centro-infantil-boldrini-e-reforcam-parceria\/\" \/>\n<meta property=\"og:site_name\" content=\"Comunica\u00e7\u00e3o Estrat\u00e9gica\" \/>\n<meta property=\"article:published_time\" content=\"2026-04-26T13:40:23+00:00\" \/>\n<meta property=\"og:image\" content=\"https:\/\/comunicacaoestrategicacps.com.br\/blog\/wp-content\/uploads\/2026\/04\/orquestra-boldrini.jpeg\" \/>\n\t<meta property=\"og:image:width\" content=\"796\" \/>\n\t<meta property=\"og:image:height\" content=\"627\" \/>\n\t<meta property=\"og:image:type\" content=\"image\/jpeg\" \/>\n<meta name=\"author\" content=\"admin\" \/>\n<meta name=\"twitter:card\" content=\"summary_large_image\" \/>\n<meta name=\"twitter:label1\" content=\"Escrito por\" \/>\n\t<meta name=\"twitter:data1\" content=\"admin\" \/>\n\t<meta name=\"twitter:label2\" content=\"Est. tempo de leitura\" \/>\n\t<meta name=\"twitter:data2\" content=\"5 minutos\" \/>\n<script type=\"application\/ld+json\" class=\"yoast-schema-graph\">{\"@context\":\"https:\\\/\\\/schema.org\",\"@graph\":[{\"@type\":\"Article\",\"@id\":\"https:\\\/\\\/comunicacaoestrategicacps.com.br\\\/blog\\\/diretoria-e-equipe-da-articular-produtora-visitam-o-centro-infantil-boldrini-e-reforcam-parceria\\\/#article\",\"isPartOf\":{\"@id\":\"https:\\\/\\\/comunicacaoestrategicacps.com.br\\\/blog\\\/diretoria-e-equipe-da-articular-produtora-visitam-o-centro-infantil-boldrini-e-reforcam-parceria\\\/\"},\"author\":{\"name\":\"admin\",\"@id\":\"https:\\\/\\\/comunicacaoestrategicacps.com.br\\\/blog\\\/#\\\/schema\\\/person\\\/8d447568a01edd36a56dbbcb702b02fc\"},\"headline\":\"Diretoria e equipe da Articular Produtora visitam o Centro Infantil Boldrini e refor\u00e7am parceria\",\"datePublished\":\"2026-04-26T13:40:23+00:00\",\"mainEntityOfPage\":{\"@id\":\"https:\\\/\\\/comunicacaoestrategicacps.com.br\\\/blog\\\/diretoria-e-equipe-da-articular-produtora-visitam-o-centro-infantil-boldrini-e-reforcam-parceria\\\/\"},\"wordCount\":860,\"commentCount\":0,\"image\":{\"@id\":\"https:\\\/\\\/comunicacaoestrategicacps.com.br\\\/blog\\\/diretoria-e-equipe-da-articular-produtora-visitam-o-centro-infantil-boldrini-e-reforcam-parceria\\\/#primaryimage\"},\"thumbnailUrl\":\"https:\\\/\\\/comunicacaoestrategicacps.com.br\\\/blog\\\/wp-content\\\/uploads\\\/2026\\\/04\\\/orquestra-boldrini.jpeg\",\"articleSection\":[\"Empreendedorismo\"],\"inLanguage\":\"pt-BR\",\"potentialAction\":[{\"@type\":\"CommentAction\",\"name\":\"Comment\",\"target\":[\"https:\\\/\\\/comunicacaoestrategicacps.com.br\\\/blog\\\/diretoria-e-equipe-da-articular-produtora-visitam-o-centro-infantil-boldrini-e-reforcam-parceria\\\/#respond\"]}]},{\"@type\":\"WebPage\",\"@id\":\"https:\\\/\\\/comunicacaoestrategicacps.com.br\\\/blog\\\/diretoria-e-equipe-da-articular-produtora-visitam-o-centro-infantil-boldrini-e-reforcam-parceria\\\/\",\"url\":\"https:\\\/\\\/comunicacaoestrategicacps.com.br\\\/blog\\\/diretoria-e-equipe-da-articular-produtora-visitam-o-centro-infantil-boldrini-e-reforcam-parceria\\\/\",\"name\":\"Diretoria e equipe da Articular Produtora visitam o Centro Infantil Boldrini e refor\u00e7am parceria - Comunica\u00e7\u00e3o Estrat\u00e9gica\",\"isPartOf\":{\"@id\":\"https:\\\/\\\/comunicacaoestrategicacps.com.br\\\/blog\\\/#website\"},\"primaryImageOfPage\":{\"@id\":\"https:\\\/\\\/comunicacaoestrategicacps.com.br\\\/blog\\\/diretoria-e-equipe-da-articular-produtora-visitam-o-centro-infantil-boldrini-e-reforcam-parceria\\\/#primaryimage\"},\"image\":{\"@id\":\"https:\\\/\\\/comunicacaoestrategicacps.com.br\\\/blog\\\/diretoria-e-equipe-da-articular-produtora-visitam-o-centro-infantil-boldrini-e-reforcam-parceria\\\/#primaryimage\"},\"thumbnailUrl\":\"https:\\\/\\\/comunicacaoestrategicacps.com.br\\\/blog\\\/wp-content\\\/uploads\\\/2026\\\/04\\\/orquestra-boldrini.jpeg\",\"datePublished\":\"2026-04-26T13:40:23+00:00\",\"author\":{\"@id\":\"https:\\\/\\\/comunicacaoestrategicacps.com.br\\\/blog\\\/#\\\/schema\\\/person\\\/8d447568a01edd36a56dbbcb702b02fc\"},\"breadcrumb\":{\"@id\":\"https:\\\/\\\/comunicacaoestrategicacps.com.br\\\/blog\\\/diretoria-e-equipe-da-articular-produtora-visitam-o-centro-infantil-boldrini-e-reforcam-parceria\\\/#breadcrumb\"},\"inLanguage\":\"pt-BR\",\"potentialAction\":[{\"@type\":\"ReadAction\",\"target\":[\"https:\\\/\\\/comunicacaoestrategicacps.com.br\\\/blog\\\/diretoria-e-equipe-da-articular-produtora-visitam-o-centro-infantil-boldrini-e-reforcam-parceria\\\/\"]}]},{\"@type\":\"ImageObject\",\"inLanguage\":\"pt-BR\",\"@id\":\"https:\\\/\\\/comunicacaoestrategicacps.com.br\\\/blog\\\/diretoria-e-equipe-da-articular-produtora-visitam-o-centro-infantil-boldrini-e-reforcam-parceria\\\/#primaryimage\",\"url\":\"https:\\\/\\\/comunicacaoestrategicacps.com.br\\\/blog\\\/wp-content\\\/uploads\\\/2026\\\/04\\\/orquestra-boldrini.jpeg\",\"contentUrl\":\"https:\\\/\\\/comunicacaoestrategicacps.com.br\\\/blog\\\/wp-content\\\/uploads\\\/2026\\\/04\\\/orquestra-boldrini.jpeg\",\"width\":796,\"height\":627},{\"@type\":\"BreadcrumbList\",\"@id\":\"https:\\\/\\\/comunicacaoestrategicacps.com.br\\\/blog\\\/diretoria-e-equipe-da-articular-produtora-visitam-o-centro-infantil-boldrini-e-reforcam-parceria\\\/#breadcrumb\",\"itemListElement\":[{\"@type\":\"ListItem\",\"position\":1,\"name\":\"In\u00edcio\",\"item\":\"https:\\\/\\\/comunicacaoestrategicacps.com.br\\\/blog\\\/\"},{\"@type\":\"ListItem\",\"position\":2,\"name\":\"Diretoria e equipe da Articular Produtora visitam o Centro Infantil Boldrini e refor\u00e7am parceria\"}]},{\"@type\":\"WebSite\",\"@id\":\"https:\\\/\\\/comunicacaoestrategicacps.com.br\\\/blog\\\/#website\",\"url\":\"https:\\\/\\\/comunicacaoestrategicacps.com.br\\\/blog\\\/\",\"name\":\"Comunica\u00e7\u00e3o Estrat\u00e9gica\",\"description\":\"Comunica\u00e7\u00e3o Estrat\u00e9gica  - Assessoria de Imprensa\",\"potentialAction\":[{\"@type\":\"SearchAction\",\"target\":{\"@type\":\"EntryPoint\",\"urlTemplate\":\"https:\\\/\\\/comunicacaoestrategicacps.com.br\\\/blog\\\/?s={search_term_string}\"},\"query-input\":{\"@type\":\"PropertyValueSpecification\",\"valueRequired\":true,\"valueName\":\"search_term_string\"}}],\"inLanguage\":\"pt-BR\"},{\"@type\":\"Person\",\"@id\":\"https:\\\/\\\/comunicacaoestrategicacps.com.br\\\/blog\\\/#\\\/schema\\\/person\\\/8d447568a01edd36a56dbbcb702b02fc\",\"name\":\"admin\",\"image\":{\"@type\":\"ImageObject\",\"inLanguage\":\"pt-BR\",\"@id\":\"https:\\\/\\\/secure.gravatar.com\\\/avatar\\\/2cc026ea89b57b9d913d4ce5b90a0490046c0c9048a129e24cc44313a90d3f77?s=96&d=mm&r=g\",\"url\":\"https:\\\/\\\/secure.gravatar.com\\\/avatar\\\/2cc026ea89b57b9d913d4ce5b90a0490046c0c9048a129e24cc44313a90d3f77?s=96&d=mm&r=g\",\"contentUrl\":\"https:\\\/\\\/secure.gravatar.com\\\/avatar\\\/2cc026ea89b57b9d913d4ce5b90a0490046c0c9048a129e24cc44313a90d3f77?s=96&d=mm&r=g\",\"caption\":\"admin\"},\"url\":\"https:\\\/\\\/comunicacaoestrategicacps.com.br\\\/blog\\\/author\\\/admin\\\/\"}]}<\/script>\n<!-- \/ Yoast SEO plugin. -->","yoast_head_json":{"title":"Diretoria e equipe da Articular Produtora visitam o Centro Infantil Boldrini e refor\u00e7am parceria - Comunica\u00e7\u00e3o Estrat\u00e9gica","robots":{"index":"index","follow":"follow","max-snippet":"max-snippet:-1","max-image-preview":"max-image-preview:large","max-video-preview":"max-video-preview:-1"},"canonical":"https:\/\/comunicacaoestrategicacps.com.br\/blog\/diretoria-e-equipe-da-articular-produtora-visitam-o-centro-infantil-boldrini-e-reforcam-parceria\/","og_locale":"pt_BR","og_type":"article","og_title":"Diretoria e equipe da Articular Produtora visitam o Centro Infantil Boldrini e refor\u00e7am parceria - Comunica\u00e7\u00e3o Estrat\u00e9gica","og_description":"Rendas de shows do Projeto Arte do Bem, com a Orquestra Rock e convidados, s\u00e3o destinadas para a institui\u00e7\u00e3o Campinas, abril de 2026 &#8211; Com o objetivo de estreitar o relacionamento com o Centro Infantil Boldrini, a diretoria da Articular Produtora, juntamente com sua equipe de colaboradores e parceiros, fez uma visita \u00e0s instala\u00e7\u00f5es da [&hellip;]","og_url":"https:\/\/comunicacaoestrategicacps.com.br\/blog\/diretoria-e-equipe-da-articular-produtora-visitam-o-centro-infantil-boldrini-e-reforcam-parceria\/","og_site_name":"Comunica\u00e7\u00e3o Estrat\u00e9gica","article_published_time":"2026-04-26T13:40:23+00:00","og_image":[{"width":796,"height":627,"url":"https:\/\/comunicacaoestrategicacps.com.br\/blog\/wp-content\/uploads\/2026\/04\/orquestra-boldrini.jpeg","type":"image\/jpeg"}],"author":"admin","twitter_card":"summary_large_image","twitter_misc":{"Escrito por":"admin","Est. tempo de leitura":"5 minutos"},"schema":{"@context":"https:\/\/schema.org","@graph":[{"@type":"Article","@id":"https:\/\/comunicacaoestrategicacps.com.br\/blog\/diretoria-e-equipe-da-articular-produtora-visitam-o-centro-infantil-boldrini-e-reforcam-parceria\/#article","isPartOf":{"@id":"https:\/\/comunicacaoestrategicacps.com.br\/blog\/diretoria-e-equipe-da-articular-produtora-visitam-o-centro-infantil-boldrini-e-reforcam-parceria\/"},"author":{"name":"admin","@id":"https:\/\/comunicacaoestrategicacps.com.br\/blog\/#\/schema\/person\/8d447568a01edd36a56dbbcb702b02fc"},"headline":"Diretoria e equipe da Articular Produtora visitam o Centro Infantil Boldrini e refor\u00e7am parceria","datePublished":"2026-04-26T13:40:23+00:00","mainEntityOfPage":{"@id":"https:\/\/comunicacaoestrategicacps.com.br\/blog\/diretoria-e-equipe-da-articular-produtora-visitam-o-centro-infantil-boldrini-e-reforcam-parceria\/"},"wordCount":860,"commentCount":0,"image":{"@id":"https:\/\/comunicacaoestrategicacps.com.br\/blog\/diretoria-e-equipe-da-articular-produtora-visitam-o-centro-infantil-boldrini-e-reforcam-parceria\/#primaryimage"},"thumbnailUrl":"https:\/\/comunicacaoestrategicacps.com.br\/blog\/wp-content\/uploads\/2026\/04\/orquestra-boldrini.jpeg","articleSection":["Empreendedorismo"],"inLanguage":"pt-BR","potentialAction":[{"@type":"CommentAction","name":"Comment","target":["https:\/\/comunicacaoestrategicacps.com.br\/blog\/diretoria-e-equipe-da-articular-produtora-visitam-o-centro-infantil-boldrini-e-reforcam-parceria\/#respond"]}]},{"@type":"WebPage","@id":"https:\/\/comunicacaoestrategicacps.com.br\/blog\/diretoria-e-equipe-da-articular-produtora-visitam-o-centro-infantil-boldrini-e-reforcam-parceria\/","url":"https:\/\/comunicacaoestrategicacps.com.br\/blog\/diretoria-e-equipe-da-articular-produtora-visitam-o-centro-infantil-boldrini-e-reforcam-parceria\/","name":"Diretoria e equipe da Articular Produtora visitam o Centro Infantil Boldrini e refor\u00e7am parceria - Comunica\u00e7\u00e3o Estrat\u00e9gica","isPartOf":{"@id":"https:\/\/comunicacaoestrategicacps.com.br\/blog\/#website"},"primaryImageOfPage":{"@id":"https:\/\/comunicacaoestrategicacps.com.br\/blog\/diretoria-e-equipe-da-articular-produtora-visitam-o-centro-infantil-boldrini-e-reforcam-parceria\/#primaryimage"},"image":{"@id":"https:\/\/comunicacaoestrategicacps.com.br\/blog\/diretoria-e-equipe-da-articular-produtora-visitam-o-centro-infantil-boldrini-e-reforcam-parceria\/#primaryimage"},"thumbnailUrl":"https:\/\/comunicacaoestrategicacps.com.br\/blog\/wp-content\/uploads\/2026\/04\/orquestra-boldrini.jpeg","datePublished":"2026-04-26T13:40:23+00:00","author":{"@id":"https:\/\/comunicacaoestrategicacps.com.br\/blog\/#\/schema\/person\/8d447568a01edd36a56dbbcb702b02fc"},"breadcrumb":{"@id":"https:\/\/comunicacaoestrategicacps.com.br\/blog\/diretoria-e-equipe-da-articular-produtora-visitam-o-centro-infantil-boldrini-e-reforcam-parceria\/#breadcrumb"},"inLanguage":"pt-BR","potentialAction":[{"@type":"ReadAction","target":["https:\/\/comunicacaoestrategicacps.com.br\/blog\/diretoria-e-equipe-da-articular-produtora-visitam-o-centro-infantil-boldrini-e-reforcam-parceria\/"]}]},{"@type":"ImageObject","inLanguage":"pt-BR","@id":"https:\/\/comunicacaoestrategicacps.com.br\/blog\/diretoria-e-equipe-da-articular-produtora-visitam-o-centro-infantil-boldrini-e-reforcam-parceria\/#primaryimage","url":"https:\/\/comunicacaoestrategicacps.com.br\/blog\/wp-content\/uploads\/2026\/04\/orquestra-boldrini.jpeg","contentUrl":"https:\/\/comunicacaoestrategicacps.com.br\/blog\/wp-content\/uploads\/2026\/04\/orquestra-boldrini.jpeg","width":796,"height":627},{"@type":"BreadcrumbList","@id":"https:\/\/comunicacaoestrategicacps.com.br\/blog\/diretoria-e-equipe-da-articular-produtora-visitam-o-centro-infantil-boldrini-e-reforcam-parceria\/#breadcrumb","itemListElement":[{"@type":"ListItem","position":1,"name":"In\u00edcio","item":"https:\/\/comunicacaoestrategicacps.com.br\/blog\/"},{"@type":"ListItem","position":2,"name":"Diretoria e equipe da Articular Produtora visitam o Centro Infantil Boldrini e refor\u00e7am parceria"}]},{"@type":"WebSite","@id":"https:\/\/comunicacaoestrategicacps.com.br\/blog\/#website","url":"https:\/\/comunicacaoestrategicacps.com.br\/blog\/","name":"Comunica\u00e7\u00e3o Estrat\u00e9gica","description":"Comunica\u00e7\u00e3o Estrat\u00e9gica  - Assessoria de Imprensa","potentialAction":[{"@type":"SearchAction","target":{"@type":"EntryPoint","urlTemplate":"https:\/\/comunicacaoestrategicacps.com.br\/blog\/?s={search_term_string}"},"query-input":{"@type":"PropertyValueSpecification","valueRequired":true,"valueName":"search_term_string"}}],"inLanguage":"pt-BR"},{"@type":"Person","@id":"https:\/\/comunicacaoestrategicacps.com.br\/blog\/#\/schema\/person\/8d447568a01edd36a56dbbcb702b02fc","name":"admin","image":{"@type":"ImageObject","inLanguage":"pt-BR","@id":"https:\/\/secure.gravatar.com\/avatar\/2cc026ea89b57b9d913d4ce5b90a0490046c0c9048a129e24cc44313a90d3f77?s=96&d=mm&r=g","url":"https:\/\/secure.gravatar.com\/avatar\/2cc026ea89b57b9d913d4ce5b90a0490046c0c9048a129e24cc44313a90d3f77?s=96&d=mm&r=g","contentUrl":"https:\/\/secure.gravatar.com\/avatar\/2cc026ea89b57b9d913d4ce5b90a0490046c0c9048a129e24cc44313a90d3f77?s=96&d=mm&r=g","caption":"admin"},"url":"https:\/\/comunicacaoestrategicacps.com.br\/blog\/author\/admin\/"}]}},"builder_content":"","_links":{"self":[{"href":"https:\/\/comunicacaoestrategicacps.com.br\/blog\/wp-json\/wp\/v2\/posts\/3946","targetHints":{"allow":["GET"]}}],"collection":[{"href":"https:\/\/comunicacaoestrategicacps.com.br\/blog\/wp-json\/wp\/v2\/posts"}],"about":[{"href":"https:\/\/comunicacaoestrategicacps.com.br\/blog\/wp-json\/wp\/v2\/types\/post"}],"author":[{"embeddable":true,"href":"https:\/\/comunicacaoestrategicacps.com.br\/blog\/wp-json\/wp\/v2\/users\/1"}],"replies":[{"embeddable":true,"href":"https:\/\/comunicacaoestrategicacps.com.br\/blog\/wp-json\/wp\/v2\/comments?post=3946"}],"version-history":[{"count":2,"href":"https:\/\/comunicacaoestrategicacps.com.br\/blog\/wp-json\/wp\/v2\/posts\/3946\/revisions"}],"predecessor-version":[{"id":3949,"href":"https:\/\/comunicacaoestrategicacps.com.br\/blog\/wp-json\/wp\/v2\/posts\/3946\/revisions\/3949"}],"wp:featuredmedia":[{"embeddable":true,"href":"https:\/\/comunicacaoestrategicacps.com.br\/blog\/wp-json\/wp\/v2\/media\/3947"}],"wp:attachment":[{"href":"https:\/\/comunicacaoestrategicacps.com.br\/blog\/wp-json\/wp\/v2\/media?parent=3946"}],"wp:term":[{"taxonomy":"category","embeddable":true,"href":"https:\/\/comunicacaoestrategicacps.com.br\/blog\/wp-json\/wp\/v2\/categories?post=3946"},{"taxonomy":"post_tag","embeddable":true,"href":"https:\/\/comunicacaoestrategicacps.com.br\/blog\/wp-json\/wp\/v2\/tags?post=3946"}],"curies":[{"name":"wp","href":"https:\/\/api.w.org\/{rel}","templated":true}]}}