{"id":3953,"date":"2026-04-26T10:44:30","date_gmt":"2026-04-26T13:44:30","guid":{"rendered":"https:\/\/comunicacaoestrategicacps.com.br\/blog\/?p=3953"},"modified":"2026-04-26T10:44:30","modified_gmt":"2026-04-26T13:44:30","slug":"royal-palm-plaza-resort-leva-experiencia-medieval-para-o-feriado-de-1o-de-maio","status":"publish","type":"post","link":"https:\/\/comunicacaoestrategicacps.com.br\/blog\/royal-palm-plaza-resort-leva-experiencia-medieval-para-o-feriado-de-1o-de-maio\/","title":{"rendered":"Royal Palm Plaza Resort leva experi\u00eancia medieval para o feriado de 1\u00ba de Maio"},"content":{"rendered":"<!--themify_builder_content-->\n<div id=\"themify_builder_content-3953\" data-postid=\"3953\" class=\"themify_builder_content themify_builder_content-3953 themify_builder tf_clear\">\n    <\/div>\n<!--\/themify_builder_content-->\n\n\n<figure class=\"wp-block-image size-large\"><img loading=\"lazy\" decoding=\"async\" width=\"1024\" height=\"718\" src=\"https:\/\/comunicacaoestrategicacps.com.br\/blog\/wp-content\/uploads\/2025\/07\/royal-palm-plaza-1024x718.jpeg\" alt=\"\" class=\"wp-image-3474\" srcset=\"https:\/\/comunicacaoestrategicacps.com.br\/blog\/wp-content\/uploads\/2025\/07\/royal-palm-plaza-1024x718.jpeg 1024w, https:\/\/comunicacaoestrategicacps.com.br\/blog\/wp-content\/uploads\/2025\/07\/royal-palm-plaza-300x210.jpeg 300w, https:\/\/comunicacaoestrategicacps.com.br\/blog\/wp-content\/uploads\/2025\/07\/royal-palm-plaza-768x539.jpeg 768w, https:\/\/comunicacaoestrategicacps.com.br\/blog\/wp-content\/uploads\/2025\/07\/royal-palm-plaza-1536x1077.jpeg 1536w, https:\/\/comunicacaoestrategicacps.com.br\/blog\/wp-content\/uploads\/2025\/07\/royal-palm-plaza-scaled.jpeg 1280w\" sizes=\"auto, (max-width: 1024px) 100vw, 1024px\" \/><\/figure>\n\n\n\n<p>Diferencial do feriado prolongado ser\u00e1 o cronograma de atra\u00e7\u00f5es tem\u00e1ticas<\/p>\n\n\n\n<p>Campinas, abril de 2026 &#8211; Com aposta no universo medieval, o Royal Palm Plaza Resort, de Campinas, no interior de S\u00e3o Paulo, oferecer\u00e1 uma experi\u00eancia diferenciada para os h\u00f3spedes no feriado prolongado de 1\u00ba de Maio, quando \u00e9 comemorado o Dia do Trabalhador. Com programa\u00e7\u00e3o tem\u00e1tica, o resort unir\u00e1 o conforto da hotelaria de luxo a experi\u00eancias l\u00fadicas, como duelos de espadas, arco e flecha e oficinas de esgrima.<\/p>\n\n\n\n<p>A programa\u00e7\u00e3o promete transportar os h\u00f3spedes para uma verdadeira jornada no tempo. Entre os dias 1\u00ba e 3 de maio, o complexo une sua infraestrutura de lazer \u00e0 tem\u00e1tica medieval com atividades imersivas para todas as idades, al\u00e9m de sua tradicional gastronomia premiada.<\/p>\n\n\n\n<p>O principal diferencial do feriado ser\u00e1 o cronograma de atra\u00e7\u00f5es tem\u00e1ticas. Crian\u00e7as e adultos poder\u00e3o participar de <em>Swordsplay<\/em> (duelos coreografados com r\u00e9plicas seguras de espadas, escudos e machados), <em>Archery Tag<\/em> (uma din\u00e2mica de &#8220;queimada&#8221; estrat\u00e9gica utilizando arcos e flechas com pontas protegidas), exposi\u00e7\u00e3o de armas hist\u00f3ricas (bestas e adagas) e <em>workshops<\/em> de esgrima para iniciantes.<\/p>\n\n\n\n<p>Al\u00e9m do tema medieval, o resort mant\u00e9m suas atra\u00e7\u00f5es tradicionais, como o mundo fant\u00e1stico de Miniville, os desafios de adrenalina do <em>Kata Kuka Game<\/em> (arvorismo, tirolesa e escalada) e a Arena do Caco.<\/p>\n\n\n\n<p>Enquanto as crian\u00e7as exploram o universo l\u00fadico com a equipe de recrea\u00e7\u00e3o, os adultos contam com uma agenda sofisticada, com cl\u00ednicas esportivas, aulas de t\u00eanis e <em>beach tennis<\/em>, m\u00fasica ao vivo \u00e0 noite no Bar Pessoa e apresenta\u00e7\u00f5es de chorinho durante o almo\u00e7o. A programa\u00e7\u00e3o inclui, ainda, a tradicional Feijoada Royal Palm no s\u00e1bado e jantares sofisticados no bistr\u00f4 franc\u00eas La Palette.<\/p>\n\n\n\n<p>O objetivo desta programa\u00e7\u00e3o especial para o 1\u00ba de Maio \u00e9 oferecer uma quebra na rotina que combine descanso ao encantamento da fantasia. A tem\u00e1tica medieval traz frescor para a programa\u00e7\u00e3o de lazer, criando mem\u00f3rias afetivas \u00fanicas para as fam\u00edlias.<\/p>\n\n\n\n<p>O Royal Palm Plaza Resort oferece sete piscinas climatizadas, gin\u00e1sio poliesportivo, <em>fitness center<\/em> e um spa de padr\u00e3o internacional, garantindo que o feriado seja de total relaxamento e conforto absoluto.<\/p>\n\n\n\n<p>SOBRE O ROYAL PALM PLAZA RESORT<\/p>\n\n\n\n<p>O Royal Palm Plaza Resort \u00e9 um destino cinco estrelas que combina conforto, lazer, esportes e gastronomia no interior de SP. O resort oferece uma infraestrutura completa para todas as idades, incluindo 7 piscinas externas climatizadas, quadras de t\u00eanis e beach tennis, campo de futebol, gin\u00e1sio esportivo, arco e flecha, espa\u00e7os infantis tem\u00e1ticos e academia moderna e completa. Al\u00e9m disso, para o bem-estar dos h\u00f3spedes, h\u00e1 um Spa com servi\u00e7os de beleza e relaxamento.<\/p>","protected":false},"excerpt":{"rendered":"<p>Diferencial do feriado prolongado ser\u00e1 o cronograma de atra\u00e7\u00f5es tem\u00e1ticas Campinas, abril de 2026 &#8211; Com aposta no universo medieval, o Royal Palm Plaza Resort, de Campinas, no interior de S\u00e3o Paulo, oferecer\u00e1 uma experi\u00eancia diferenciada para os h\u00f3spedes no feriado prolongado de 1\u00ba de Maio, quando \u00e9 comemorado o Dia do Trabalhador. Com programa\u00e7\u00e3o [&hellip;]<\/p>\n","protected":false},"author":1,"featured_media":3402,"comment_status":"open","ping_status":"open","sticky":false,"template":"","format":"standard","meta":{"footnotes":""},"categories":[43],"tags":[],"class_list":["post-3953","post","type-post","status-publish","format-standard","has-post-thumbnail","hentry","category-negocios-e-economia","has-post-title","has-post-date","has-post-category","has-post-tag","has-post-comment","has-post-author",""],"yoast_head":"<!-- This site is optimized with the Yoast SEO plugin v27.4 - https:\/\/yoast.com\/product\/yoast-seo-wordpress\/ -->\n<title>Royal Palm Plaza Resort leva experi\u00eancia medieval para o feriado de 1\u00ba de Maio - Comunica\u00e7\u00e3o Estrat\u00e9gica<\/title>\n<meta name=\"robots\" content=\"index, follow, max-snippet:-1, max-image-preview:large, max-video-preview:-1\" \/>\n<link rel=\"canonical\" href=\"https:\/\/comunicacaoestrategicacps.com.br\/blog\/royal-palm-plaza-resort-leva-experiencia-medieval-para-o-feriado-de-1o-de-maio\/\" \/>\n<meta property=\"og:locale\" content=\"pt_BR\" \/>\n<meta property=\"og:type\" content=\"article\" \/>\n<meta property=\"og:title\" content=\"Royal Palm Plaza Resort leva experi\u00eancia medieval para o feriado de 1\u00ba de Maio - Comunica\u00e7\u00e3o Estrat\u00e9gica\" \/>\n<meta property=\"og:description\" content=\"Diferencial do feriado prolongado ser\u00e1 o cronograma de atra\u00e7\u00f5es tem\u00e1ticas Campinas, abril de 2026 &#8211; Com aposta no universo medieval, o Royal Palm Plaza Resort, de Campinas, no interior de S\u00e3o Paulo, oferecer\u00e1 uma experi\u00eancia diferenciada para os h\u00f3spedes no feriado prolongado de 1\u00ba de Maio, quando \u00e9 comemorado o Dia do Trabalhador. Com programa\u00e7\u00e3o [&hellip;]\" \/>\n<meta property=\"og:url\" content=\"https:\/\/comunicacaoestrategicacps.com.br\/blog\/royal-palm-plaza-resort-leva-experiencia-medieval-para-o-feriado-de-1o-de-maio\/\" \/>\n<meta property=\"og:site_name\" content=\"Comunica\u00e7\u00e3o Estrat\u00e9gica\" \/>\n<meta property=\"article:published_time\" content=\"2026-04-26T13:44:30+00:00\" \/>\n<meta property=\"og:image\" content=\"https:\/\/comunicacaoestrategicacps.com.br\/blog\/wp-content\/uploads\/2025\/05\/royal-palm-plaza-scaled.jpeg\" \/>\n\t<meta property=\"og:image:width\" content=\"1280\" \/>\n\t<meta property=\"og:image:height\" content=\"898\" \/>\n\t<meta property=\"og:image:type\" content=\"image\/jpeg\" \/>\n<meta name=\"author\" content=\"admin\" \/>\n<meta name=\"twitter:card\" content=\"summary_large_image\" \/>\n<meta name=\"twitter:label1\" content=\"Escrito por\" \/>\n\t<meta name=\"twitter:data1\" content=\"admin\" \/>\n\t<meta name=\"twitter:label2\" content=\"Est. tempo de leitura\" \/>\n\t<meta name=\"twitter:data2\" content=\"3 minutos\" \/>\n<script type=\"application\/ld+json\" class=\"yoast-schema-graph\">{\"@context\":\"https:\\\/\\\/schema.org\",\"@graph\":[{\"@type\":\"Article\",\"@id\":\"https:\\\/\\\/comunicacaoestrategicacps.com.br\\\/blog\\\/royal-palm-plaza-resort-leva-experiencia-medieval-para-o-feriado-de-1o-de-maio\\\/#article\",\"isPartOf\":{\"@id\":\"https:\\\/\\\/comunicacaoestrategicacps.com.br\\\/blog\\\/royal-palm-plaza-resort-leva-experiencia-medieval-para-o-feriado-de-1o-de-maio\\\/\"},\"author\":{\"name\":\"admin\",\"@id\":\"https:\\\/\\\/comunicacaoestrategicacps.com.br\\\/blog\\\/#\\\/schema\\\/person\\\/8d447568a01edd36a56dbbcb702b02fc\"},\"headline\":\"Royal Palm Plaza Resort leva experi\u00eancia medieval para o feriado de 1\u00ba de Maio\",\"datePublished\":\"2026-04-26T13:44:30+00:00\",\"mainEntityOfPage\":{\"@id\":\"https:\\\/\\\/comunicacaoestrategicacps.com.br\\\/blog\\\/royal-palm-plaza-resort-leva-experiencia-medieval-para-o-feriado-de-1o-de-maio\\\/\"},\"wordCount\":476,\"commentCount\":0,\"image\":{\"@id\":\"https:\\\/\\\/comunicacaoestrategicacps.com.br\\\/blog\\\/royal-palm-plaza-resort-leva-experiencia-medieval-para-o-feriado-de-1o-de-maio\\\/#primaryimage\"},\"thumbnailUrl\":\"https:\\\/\\\/comunicacaoestrategicacps.com.br\\\/blog\\\/wp-content\\\/uploads\\\/2025\\\/05\\\/royal-palm-plaza-scaled.jpeg\",\"articleSection\":[\"Neg\u00f3cios e Economia\"],\"inLanguage\":\"pt-BR\",\"potentialAction\":[{\"@type\":\"CommentAction\",\"name\":\"Comment\",\"target\":[\"https:\\\/\\\/comunicacaoestrategicacps.com.br\\\/blog\\\/royal-palm-plaza-resort-leva-experiencia-medieval-para-o-feriado-de-1o-de-maio\\\/#respond\"]}]},{\"@type\":\"WebPage\",\"@id\":\"https:\\\/\\\/comunicacaoestrategicacps.com.br\\\/blog\\\/royal-palm-plaza-resort-leva-experiencia-medieval-para-o-feriado-de-1o-de-maio\\\/\",\"url\":\"https:\\\/\\\/comunicacaoestrategicacps.com.br\\\/blog\\\/royal-palm-plaza-resort-leva-experiencia-medieval-para-o-feriado-de-1o-de-maio\\\/\",\"name\":\"Royal Palm Plaza Resort leva experi\u00eancia medieval para o feriado de 1\u00ba de Maio - Comunica\u00e7\u00e3o Estrat\u00e9gica\",\"isPartOf\":{\"@id\":\"https:\\\/\\\/comunicacaoestrategicacps.com.br\\\/blog\\\/#website\"},\"primaryImageOfPage\":{\"@id\":\"https:\\\/\\\/comunicacaoestrategicacps.com.br\\\/blog\\\/royal-palm-plaza-resort-leva-experiencia-medieval-para-o-feriado-de-1o-de-maio\\\/#primaryimage\"},\"image\":{\"@id\":\"https:\\\/\\\/comunicacaoestrategicacps.com.br\\\/blog\\\/royal-palm-plaza-resort-leva-experiencia-medieval-para-o-feriado-de-1o-de-maio\\\/#primaryimage\"},\"thumbnailUrl\":\"https:\\\/\\\/comunicacaoestrategicacps.com.br\\\/blog\\\/wp-content\\\/uploads\\\/2025\\\/05\\\/royal-palm-plaza-scaled.jpeg\",\"datePublished\":\"2026-04-26T13:44:30+00:00\",\"author\":{\"@id\":\"https:\\\/\\\/comunicacaoestrategicacps.com.br\\\/blog\\\/#\\\/schema\\\/person\\\/8d447568a01edd36a56dbbcb702b02fc\"},\"breadcrumb\":{\"@id\":\"https:\\\/\\\/comunicacaoestrategicacps.com.br\\\/blog\\\/royal-palm-plaza-resort-leva-experiencia-medieval-para-o-feriado-de-1o-de-maio\\\/#breadcrumb\"},\"inLanguage\":\"pt-BR\",\"potentialAction\":[{\"@type\":\"ReadAction\",\"target\":[\"https:\\\/\\\/comunicacaoestrategicacps.com.br\\\/blog\\\/royal-palm-plaza-resort-leva-experiencia-medieval-para-o-feriado-de-1o-de-maio\\\/\"]}]},{\"@type\":\"ImageObject\",\"inLanguage\":\"pt-BR\",\"@id\":\"https:\\\/\\\/comunicacaoestrategicacps.com.br\\\/blog\\\/royal-palm-plaza-resort-leva-experiencia-medieval-para-o-feriado-de-1o-de-maio\\\/#primaryimage\",\"url\":\"https:\\\/\\\/comunicacaoestrategicacps.com.br\\\/blog\\\/wp-content\\\/uploads\\\/2025\\\/05\\\/royal-palm-plaza-scaled.jpeg\",\"contentUrl\":\"https:\\\/\\\/comunicacaoestrategicacps.com.br\\\/blog\\\/wp-content\\\/uploads\\\/2025\\\/05\\\/royal-palm-plaza-scaled.jpeg\",\"width\":1280,\"height\":898},{\"@type\":\"BreadcrumbList\",\"@id\":\"https:\\\/\\\/comunicacaoestrategicacps.com.br\\\/blog\\\/royal-palm-plaza-resort-leva-experiencia-medieval-para-o-feriado-de-1o-de-maio\\\/#breadcrumb\",\"itemListElement\":[{\"@type\":\"ListItem\",\"position\":1,\"name\":\"In\u00edcio\",\"item\":\"https:\\\/\\\/comunicacaoestrategicacps.com.br\\\/blog\\\/\"},{\"@type\":\"ListItem\",\"position\":2,\"name\":\"Royal Palm Plaza Resort leva experi\u00eancia medieval para o feriado de 1\u00ba de Maio\"}]},{\"@type\":\"WebSite\",\"@id\":\"https:\\\/\\\/comunicacaoestrategicacps.com.br\\\/blog\\\/#website\",\"url\":\"https:\\\/\\\/comunicacaoestrategicacps.com.br\\\/blog\\\/\",\"name\":\"Comunica\u00e7\u00e3o Estrat\u00e9gica\",\"description\":\"Comunica\u00e7\u00e3o Estrat\u00e9gica  - Assessoria de Imprensa\",\"potentialAction\":[{\"@type\":\"SearchAction\",\"target\":{\"@type\":\"EntryPoint\",\"urlTemplate\":\"https:\\\/\\\/comunicacaoestrategicacps.com.br\\\/blog\\\/?s={search_term_string}\"},\"query-input\":{\"@type\":\"PropertyValueSpecification\",\"valueRequired\":true,\"valueName\":\"search_term_string\"}}],\"inLanguage\":\"pt-BR\"},{\"@type\":\"Person\",\"@id\":\"https:\\\/\\\/comunicacaoestrategicacps.com.br\\\/blog\\\/#\\\/schema\\\/person\\\/8d447568a01edd36a56dbbcb702b02fc\",\"name\":\"admin\",\"image\":{\"@type\":\"ImageObject\",\"inLanguage\":\"pt-BR\",\"@id\":\"https:\\\/\\\/secure.gravatar.com\\\/avatar\\\/2cc026ea89b57b9d913d4ce5b90a0490046c0c9048a129e24cc44313a90d3f77?s=96&d=mm&r=g\",\"url\":\"https:\\\/\\\/secure.gravatar.com\\\/avatar\\\/2cc026ea89b57b9d913d4ce5b90a0490046c0c9048a129e24cc44313a90d3f77?s=96&d=mm&r=g\",\"contentUrl\":\"https:\\\/\\\/secure.gravatar.com\\\/avatar\\\/2cc026ea89b57b9d913d4ce5b90a0490046c0c9048a129e24cc44313a90d3f77?s=96&d=mm&r=g\",\"caption\":\"admin\"},\"url\":\"https:\\\/\\\/comunicacaoestrategicacps.com.br\\\/blog\\\/author\\\/admin\\\/\"}]}<\/script>\n<!-- \/ Yoast SEO plugin. -->","yoast_head_json":{"title":"Royal Palm Plaza Resort leva experi\u00eancia medieval para o feriado de 1\u00ba de Maio - Comunica\u00e7\u00e3o Estrat\u00e9gica","robots":{"index":"index","follow":"follow","max-snippet":"max-snippet:-1","max-image-preview":"max-image-preview:large","max-video-preview":"max-video-preview:-1"},"canonical":"https:\/\/comunicacaoestrategicacps.com.br\/blog\/royal-palm-plaza-resort-leva-experiencia-medieval-para-o-feriado-de-1o-de-maio\/","og_locale":"pt_BR","og_type":"article","og_title":"Royal Palm Plaza Resort leva experi\u00eancia medieval para o feriado de 1\u00ba de Maio - Comunica\u00e7\u00e3o Estrat\u00e9gica","og_description":"Diferencial do feriado prolongado ser\u00e1 o cronograma de atra\u00e7\u00f5es tem\u00e1ticas Campinas, abril de 2026 &#8211; Com aposta no universo medieval, o Royal Palm Plaza Resort, de Campinas, no interior de S\u00e3o Paulo, oferecer\u00e1 uma experi\u00eancia diferenciada para os h\u00f3spedes no feriado prolongado de 1\u00ba de Maio, quando \u00e9 comemorado o Dia do Trabalhador. Com programa\u00e7\u00e3o [&hellip;]","og_url":"https:\/\/comunicacaoestrategicacps.com.br\/blog\/royal-palm-plaza-resort-leva-experiencia-medieval-para-o-feriado-de-1o-de-maio\/","og_site_name":"Comunica\u00e7\u00e3o Estrat\u00e9gica","article_published_time":"2026-04-26T13:44:30+00:00","og_image":[{"width":1280,"height":898,"url":"https:\/\/comunicacaoestrategicacps.com.br\/blog\/wp-content\/uploads\/2025\/05\/royal-palm-plaza-scaled.jpeg","type":"image\/jpeg"}],"author":"admin","twitter_card":"summary_large_image","twitter_misc":{"Escrito por":"admin","Est. tempo de leitura":"3 minutos"},"schema":{"@context":"https:\/\/schema.org","@graph":[{"@type":"Article","@id":"https:\/\/comunicacaoestrategicacps.com.br\/blog\/royal-palm-plaza-resort-leva-experiencia-medieval-para-o-feriado-de-1o-de-maio\/#article","isPartOf":{"@id":"https:\/\/comunicacaoestrategicacps.com.br\/blog\/royal-palm-plaza-resort-leva-experiencia-medieval-para-o-feriado-de-1o-de-maio\/"},"author":{"name":"admin","@id":"https:\/\/comunicacaoestrategicacps.com.br\/blog\/#\/schema\/person\/8d447568a01edd36a56dbbcb702b02fc"},"headline":"Royal Palm Plaza Resort leva experi\u00eancia medieval para o feriado de 1\u00ba de Maio","datePublished":"2026-04-26T13:44:30+00:00","mainEntityOfPage":{"@id":"https:\/\/comunicacaoestrategicacps.com.br\/blog\/royal-palm-plaza-resort-leva-experiencia-medieval-para-o-feriado-de-1o-de-maio\/"},"wordCount":476,"commentCount":0,"image":{"@id":"https:\/\/comunicacaoestrategicacps.com.br\/blog\/royal-palm-plaza-resort-leva-experiencia-medieval-para-o-feriado-de-1o-de-maio\/#primaryimage"},"thumbnailUrl":"https:\/\/comunicacaoestrategicacps.com.br\/blog\/wp-content\/uploads\/2025\/05\/royal-palm-plaza-scaled.jpeg","articleSection":["Neg\u00f3cios e Economia"],"inLanguage":"pt-BR","potentialAction":[{"@type":"CommentAction","name":"Comment","target":["https:\/\/comunicacaoestrategicacps.com.br\/blog\/royal-palm-plaza-resort-leva-experiencia-medieval-para-o-feriado-de-1o-de-maio\/#respond"]}]},{"@type":"WebPage","@id":"https:\/\/comunicacaoestrategicacps.com.br\/blog\/royal-palm-plaza-resort-leva-experiencia-medieval-para-o-feriado-de-1o-de-maio\/","url":"https:\/\/comunicacaoestrategicacps.com.br\/blog\/royal-palm-plaza-resort-leva-experiencia-medieval-para-o-feriado-de-1o-de-maio\/","name":"Royal Palm Plaza Resort leva experi\u00eancia medieval para o feriado de 1\u00ba de Maio - Comunica\u00e7\u00e3o Estrat\u00e9gica","isPartOf":{"@id":"https:\/\/comunicacaoestrategicacps.com.br\/blog\/#website"},"primaryImageOfPage":{"@id":"https:\/\/comunicacaoestrategicacps.com.br\/blog\/royal-palm-plaza-resort-leva-experiencia-medieval-para-o-feriado-de-1o-de-maio\/#primaryimage"},"image":{"@id":"https:\/\/comunicacaoestrategicacps.com.br\/blog\/royal-palm-plaza-resort-leva-experiencia-medieval-para-o-feriado-de-1o-de-maio\/#primaryimage"},"thumbnailUrl":"https:\/\/comunicacaoestrategicacps.com.br\/blog\/wp-content\/uploads\/2025\/05\/royal-palm-plaza-scaled.jpeg","datePublished":"2026-04-26T13:44:30+00:00","author":{"@id":"https:\/\/comunicacaoestrategicacps.com.br\/blog\/#\/schema\/person\/8d447568a01edd36a56dbbcb702b02fc"},"breadcrumb":{"@id":"https:\/\/comunicacaoestrategicacps.com.br\/blog\/royal-palm-plaza-resort-leva-experiencia-medieval-para-o-feriado-de-1o-de-maio\/#breadcrumb"},"inLanguage":"pt-BR","potentialAction":[{"@type":"ReadAction","target":["https:\/\/comunicacaoestrategicacps.com.br\/blog\/royal-palm-plaza-resort-leva-experiencia-medieval-para-o-feriado-de-1o-de-maio\/"]}]},{"@type":"ImageObject","inLanguage":"pt-BR","@id":"https:\/\/comunicacaoestrategicacps.com.br\/blog\/royal-palm-plaza-resort-leva-experiencia-medieval-para-o-feriado-de-1o-de-maio\/#primaryimage","url":"https:\/\/comunicacaoestrategicacps.com.br\/blog\/wp-content\/uploads\/2025\/05\/royal-palm-plaza-scaled.jpeg","contentUrl":"https:\/\/comunicacaoestrategicacps.com.br\/blog\/wp-content\/uploads\/2025\/05\/royal-palm-plaza-scaled.jpeg","width":1280,"height":898},{"@type":"BreadcrumbList","@id":"https:\/\/comunicacaoestrategicacps.com.br\/blog\/royal-palm-plaza-resort-leva-experiencia-medieval-para-o-feriado-de-1o-de-maio\/#breadcrumb","itemListElement":[{"@type":"ListItem","position":1,"name":"In\u00edcio","item":"https:\/\/comunicacaoestrategicacps.com.br\/blog\/"},{"@type":"ListItem","position":2,"name":"Royal Palm Plaza Resort leva experi\u00eancia medieval para o feriado de 1\u00ba de Maio"}]},{"@type":"WebSite","@id":"https:\/\/comunicacaoestrategicacps.com.br\/blog\/#website","url":"https:\/\/comunicacaoestrategicacps.com.br\/blog\/","name":"Comunica\u00e7\u00e3o Estrat\u00e9gica","description":"Comunica\u00e7\u00e3o Estrat\u00e9gica  - Assessoria de Imprensa","potentialAction":[{"@type":"SearchAction","target":{"@type":"EntryPoint","urlTemplate":"https:\/\/comunicacaoestrategicacps.com.br\/blog\/?s={search_term_string}"},"query-input":{"@type":"PropertyValueSpecification","valueRequired":true,"valueName":"search_term_string"}}],"inLanguage":"pt-BR"},{"@type":"Person","@id":"https:\/\/comunicacaoestrategicacps.com.br\/blog\/#\/schema\/person\/8d447568a01edd36a56dbbcb702b02fc","name":"admin","image":{"@type":"ImageObject","inLanguage":"pt-BR","@id":"https:\/\/secure.gravatar.com\/avatar\/2cc026ea89b57b9d913d4ce5b90a0490046c0c9048a129e24cc44313a90d3f77?s=96&d=mm&r=g","url":"https:\/\/secure.gravatar.com\/avatar\/2cc026ea89b57b9d913d4ce5b90a0490046c0c9048a129e24cc44313a90d3f77?s=96&d=mm&r=g","contentUrl":"https:\/\/secure.gravatar.com\/avatar\/2cc026ea89b57b9d913d4ce5b90a0490046c0c9048a129e24cc44313a90d3f77?s=96&d=mm&r=g","caption":"admin"},"url":"https:\/\/comunicacaoestrategicacps.com.br\/blog\/author\/admin\/"}]}},"builder_content":"","_links":{"self":[{"href":"https:\/\/comunicacaoestrategicacps.com.br\/blog\/wp-json\/wp\/v2\/posts\/3953","targetHints":{"allow":["GET"]}}],"collection":[{"href":"https:\/\/comunicacaoestrategicacps.com.br\/blog\/wp-json\/wp\/v2\/posts"}],"about":[{"href":"https:\/\/comunicacaoestrategicacps.com.br\/blog\/wp-json\/wp\/v2\/types\/post"}],"author":[{"embeddable":true,"href":"https:\/\/comunicacaoestrategicacps.com.br\/blog\/wp-json\/wp\/v2\/users\/1"}],"replies":[{"embeddable":true,"href":"https:\/\/comunicacaoestrategicacps.com.br\/blog\/wp-json\/wp\/v2\/comments?post=3953"}],"version-history":[{"count":2,"href":"https:\/\/comunicacaoestrategicacps.com.br\/blog\/wp-json\/wp\/v2\/posts\/3953\/revisions"}],"predecessor-version":[{"id":3955,"href":"https:\/\/comunicacaoestrategicacps.com.br\/blog\/wp-json\/wp\/v2\/posts\/3953\/revisions\/3955"}],"wp:featuredmedia":[{"embeddable":true,"href":"https:\/\/comunicacaoestrategicacps.com.br\/blog\/wp-json\/wp\/v2\/media\/3402"}],"wp:attachment":[{"href":"https:\/\/comunicacaoestrategicacps.com.br\/blog\/wp-json\/wp\/v2\/media?parent=3953"}],"wp:term":[{"taxonomy":"category","embeddable":true,"href":"https:\/\/comunicacaoestrategicacps.com.br\/blog\/wp-json\/wp\/v2\/categories?post=3953"},{"taxonomy":"post_tag","embeddable":true,"href":"https:\/\/comunicacaoestrategicacps.com.br\/blog\/wp-json\/wp\/v2\/tags?post=3953"}],"curies":[{"name":"wp","href":"https:\/\/api.w.org\/{rel}","templated":true}]}}