{"id":3956,"date":"2026-04-26T10:46:19","date_gmt":"2026-04-26T13:46:19","guid":{"rendered":"https:\/\/comunicacaoestrategicacps.com.br\/blog\/?p=3956"},"modified":"2026-04-26T10:46:19","modified_gmt":"2026-04-26T13:46:19","slug":"abrasel-rmc-oficializa-em-araras-seu-primeiro-nucleo-regional-no-leste-paulista","status":"publish","type":"post","link":"https:\/\/comunicacaoestrategicacps.com.br\/blog\/abrasel-rmc-oficializa-em-araras-seu-primeiro-nucleo-regional-no-leste-paulista\/","title":{"rendered":"Abrasel RMC oficializa em Araras seu primeiro n\u00facleo regional no Leste Paulista"},"content":{"rendered":"<!--themify_builder_content-->\n<div id=\"themify_builder_content-3956\" data-postid=\"3956\" class=\"themify_builder_content themify_builder_content-3956 themify_builder tf_clear\">\n    <\/div>\n<!--\/themify_builder_content-->\n\n\n<figure class=\"wp-block-image size-large\"><img loading=\"lazy\" decoding=\"async\" width=\"768\" height=\"1024\" src=\"https:\/\/comunicacaoestrategicacps.com.br\/blog\/wp-content\/uploads\/2026\/04\/abrasel-araras-2-768x1024.jpeg\" alt=\"\" class=\"wp-image-3957\" srcset=\"https:\/\/comunicacaoestrategicacps.com.br\/blog\/wp-content\/uploads\/2026\/04\/abrasel-araras-2-768x1024.jpeg 768w, https:\/\/comunicacaoestrategicacps.com.br\/blog\/wp-content\/uploads\/2026\/04\/abrasel-araras-2-225x300.jpeg 225w, https:\/\/comunicacaoestrategicacps.com.br\/blog\/wp-content\/uploads\/2026\/04\/abrasel-araras-2.jpeg 960w\" sizes=\"auto, (max-width: 768px) 100vw, 768px\" \/><\/figure>\n\n\n\n<p>N\u00facleo abrange as cidades de Araras, Rio Claro, Leme e Limeira e j\u00e1 nasce com 70 associados<\/p>\n\n\n\n<p><strong>Campinas, abril de 2026<\/strong> \u2013 A Abrasel RMC oficializou nesta quarta-feira, 22 de abril, em Araras, a forma\u00e7\u00e3o do seu primeiro n\u00facleo regional: o N\u00facleo Leste Paulista. A nova estrutura passa a atender os munic\u00edpios de Araras, Rio Claro, Leme e Limeira, ampliando a presen\u00e7a institucional da entidade e fortalecendo a representatividade do setor de alimenta\u00e7\u00e3o fora do lar na regi\u00e3o. A cerim\u00f4nia de oficializa\u00e7\u00e3o contou com representantes do poder p\u00fablico local, entre eles a Secretaria de Turismo de Araras e a vereadora Ana J\u00falia Casagrande, al\u00e9m de executivos da Abrasel SP, membros do conselho de administra\u00e7\u00e3o da Abrasel RMC e do presidente da entidade regional, Andr\u00e9 Mandetta<\/p>\n\n\n\n<p>A coordena\u00e7\u00e3o do novo n\u00facleo ficar\u00e1 a cargo de J\u00falia Vieira, associada da Abrasel RMC e representante do Emp\u00f3rio \u00c1scua, em Araras. A iniciativa marca um importante passo no processo de expans\u00e3o e interioriza\u00e7\u00e3o da atua\u00e7\u00e3o da entidade, que busca estar cada vez mais pr\u00f3xima dos empres\u00e1rios do setor, promovendo integra\u00e7\u00e3o, desenvolvimento e defesa dos interesses da categoria.<\/p>\n\n\n\n<p>\u201cO N\u00facleo Leste Paulista da Abrasel RMC nasce com o prop\u00f3sito de fortalecer e unir ainda mais o setor de alimenta\u00e7\u00e3o fora do lar em nossa regi\u00e3o. Queremos ampliar a representatividade dos empres\u00e1rios de Araras, Rio Claro, Leme e Limeira, criando um espa\u00e7o de di\u00e1logo, colabora\u00e7\u00e3o e desenvolvimento para os associados\u201d, afirma J\u00falia.<\/p>\n\n\n\n<p>Atualmente, o N\u00facleo Leste Paulista j\u00e1 conta com 70 associados, demonstrando a for\u00e7a e o engajamento do setor na regi\u00e3o. A expectativa \u00e9 que a nova frente de atua\u00e7\u00e3o contribua para ampliar o di\u00e1logo com lideran\u00e7as p\u00fablicas e privadas, fortalecer a rede de relacionamento entre empres\u00e1rios e impulsionar a\u00e7\u00f5es estrat\u00e9gicas voltadas ao crescimento do segmento.<\/p>\n\n\n\n<p>\u201cCom a cria\u00e7\u00e3o do N\u00facleo Leste Paulista, a Abrasel RMC refor\u00e7a seu compromisso com a uni\u00e3o do setor, a valoriza\u00e7\u00e3o do empreendedorismo e o fortalecimento de bares e restaurantes como agentes fundamentais da economia e da vida social das cidades\u201d, diz Mandetta.<\/p>\n\n\n\n<p>Os n\u00facleos da Abrasel em S\u00e3o Paulo t\u00eam como miss\u00e3o principal serem representativos e influentes, atuando como pilares essenciais na promo\u00e7\u00e3o e uni\u00e3o do setor de alimenta\u00e7\u00e3o fora do lar em cada territ\u00f3rio. Entre seus principais objetivos est\u00e3o a amplia\u00e7\u00e3o da influ\u00eancia institucional, a representatividade leg\u00edtima dos interesses de bares, restaurantes e estabelecimentos do segmento, a promo\u00e7\u00e3o de a\u00e7\u00f5es e eventos voltados \u00e0 gastronomia e o fortalecimento da colabora\u00e7\u00e3o entre os associados.<\/p>\n\n\n\n<p>Na pr\u00e1tica, isso significa atuar ativamente nas discuss\u00f5es que impactam o setor, construir pontes com autoridades locais, associa\u00e7\u00f5es comerciais e lideran\u00e7as estrat\u00e9gicas, al\u00e9m de desenvolver campanhas, eventos, feiras, iniciativas de networking e projetos colaborativos que estimulem o crescimento sustent\u00e1vel da gastronomia regional.<\/p>","protected":false},"excerpt":{"rendered":"<p>N\u00facleo abrange as cidades de Araras, Rio Claro, Leme e Limeira e j\u00e1 nasce com 70 associados Campinas, abril de 2026 \u2013 A Abrasel RMC oficializou nesta quarta-feira, 22 de abril, em Araras, a forma\u00e7\u00e3o do seu primeiro n\u00facleo regional: o N\u00facleo Leste Paulista. A nova estrutura passa a atender os munic\u00edpios de Araras, Rio [&hellip;]<\/p>\n","protected":false},"author":1,"featured_media":3957,"comment_status":"open","ping_status":"open","sticky":false,"template":"","format":"standard","meta":{"footnotes":""},"categories":[45],"tags":[],"class_list":["post-3956","post","type-post","status-publish","format-standard","has-post-thumbnail","hentry","category-empreendedorismo","has-post-title","has-post-date","has-post-category","has-post-tag","has-post-comment","has-post-author",""],"yoast_head":"<!-- This site is optimized with the Yoast SEO plugin v27.4 - https:\/\/yoast.com\/product\/yoast-seo-wordpress\/ -->\n<title>Abrasel RMC oficializa em Araras seu primeiro n\u00facleo regional no Leste Paulista - Comunica\u00e7\u00e3o Estrat\u00e9gica<\/title>\n<meta name=\"robots\" content=\"index, follow, max-snippet:-1, max-image-preview:large, max-video-preview:-1\" \/>\n<link rel=\"canonical\" href=\"https:\/\/comunicacaoestrategicacps.com.br\/blog\/abrasel-rmc-oficializa-em-araras-seu-primeiro-nucleo-regional-no-leste-paulista\/\" \/>\n<meta property=\"og:locale\" content=\"pt_BR\" \/>\n<meta property=\"og:type\" content=\"article\" \/>\n<meta property=\"og:title\" content=\"Abrasel RMC oficializa em Araras seu primeiro n\u00facleo regional no Leste Paulista - Comunica\u00e7\u00e3o Estrat\u00e9gica\" \/>\n<meta property=\"og:description\" content=\"N\u00facleo abrange as cidades de Araras, Rio Claro, Leme e Limeira e j\u00e1 nasce com 70 associados Campinas, abril de 2026 \u2013 A Abrasel RMC oficializou nesta quarta-feira, 22 de abril, em Araras, a forma\u00e7\u00e3o do seu primeiro n\u00facleo regional: o N\u00facleo Leste Paulista. A nova estrutura passa a atender os munic\u00edpios de Araras, Rio [&hellip;]\" \/>\n<meta property=\"og:url\" content=\"https:\/\/comunicacaoestrategicacps.com.br\/blog\/abrasel-rmc-oficializa-em-araras-seu-primeiro-nucleo-regional-no-leste-paulista\/\" \/>\n<meta property=\"og:site_name\" content=\"Comunica\u00e7\u00e3o Estrat\u00e9gica\" \/>\n<meta property=\"article:published_time\" content=\"2026-04-26T13:46:19+00:00\" \/>\n<meta property=\"og:image\" content=\"https:\/\/comunicacaoestrategicacps.com.br\/blog\/wp-content\/uploads\/2026\/04\/abrasel-araras-2.jpeg\" \/>\n\t<meta property=\"og:image:width\" content=\"960\" \/>\n\t<meta property=\"og:image:height\" content=\"1280\" \/>\n\t<meta property=\"og:image:type\" content=\"image\/jpeg\" \/>\n<meta name=\"author\" content=\"admin\" \/>\n<meta name=\"twitter:card\" content=\"summary_large_image\" \/>\n<meta name=\"twitter:label1\" content=\"Escrito por\" \/>\n\t<meta name=\"twitter:data1\" content=\"admin\" \/>\n\t<meta name=\"twitter:label2\" content=\"Est. tempo de leitura\" \/>\n\t<meta name=\"twitter:data2\" content=\"3 minutos\" \/>\n<script type=\"application\/ld+json\" class=\"yoast-schema-graph\">{\"@context\":\"https:\\\/\\\/schema.org\",\"@graph\":[{\"@type\":\"Article\",\"@id\":\"https:\\\/\\\/comunicacaoestrategicacps.com.br\\\/blog\\\/abrasel-rmc-oficializa-em-araras-seu-primeiro-nucleo-regional-no-leste-paulista\\\/#article\",\"isPartOf\":{\"@id\":\"https:\\\/\\\/comunicacaoestrategicacps.com.br\\\/blog\\\/abrasel-rmc-oficializa-em-araras-seu-primeiro-nucleo-regional-no-leste-paulista\\\/\"},\"author\":{\"name\":\"admin\",\"@id\":\"https:\\\/\\\/comunicacaoestrategicacps.com.br\\\/blog\\\/#\\\/schema\\\/person\\\/8d447568a01edd36a56dbbcb702b02fc\"},\"headline\":\"Abrasel RMC oficializa em Araras seu primeiro n\u00facleo regional no Leste Paulista\",\"datePublished\":\"2026-04-26T13:46:19+00:00\",\"mainEntityOfPage\":{\"@id\":\"https:\\\/\\\/comunicacaoestrategicacps.com.br\\\/blog\\\/abrasel-rmc-oficializa-em-araras-seu-primeiro-nucleo-regional-no-leste-paulista\\\/\"},\"wordCount\":523,\"commentCount\":0,\"image\":{\"@id\":\"https:\\\/\\\/comunicacaoestrategicacps.com.br\\\/blog\\\/abrasel-rmc-oficializa-em-araras-seu-primeiro-nucleo-regional-no-leste-paulista\\\/#primaryimage\"},\"thumbnailUrl\":\"https:\\\/\\\/comunicacaoestrategicacps.com.br\\\/blog\\\/wp-content\\\/uploads\\\/2026\\\/04\\\/abrasel-araras-2.jpeg\",\"articleSection\":[\"Empreendedorismo\"],\"inLanguage\":\"pt-BR\",\"potentialAction\":[{\"@type\":\"CommentAction\",\"name\":\"Comment\",\"target\":[\"https:\\\/\\\/comunicacaoestrategicacps.com.br\\\/blog\\\/abrasel-rmc-oficializa-em-araras-seu-primeiro-nucleo-regional-no-leste-paulista\\\/#respond\"]}]},{\"@type\":\"WebPage\",\"@id\":\"https:\\\/\\\/comunicacaoestrategicacps.com.br\\\/blog\\\/abrasel-rmc-oficializa-em-araras-seu-primeiro-nucleo-regional-no-leste-paulista\\\/\",\"url\":\"https:\\\/\\\/comunicacaoestrategicacps.com.br\\\/blog\\\/abrasel-rmc-oficializa-em-araras-seu-primeiro-nucleo-regional-no-leste-paulista\\\/\",\"name\":\"Abrasel RMC oficializa em Araras seu primeiro n\u00facleo regional no Leste Paulista - Comunica\u00e7\u00e3o Estrat\u00e9gica\",\"isPartOf\":{\"@id\":\"https:\\\/\\\/comunicacaoestrategicacps.com.br\\\/blog\\\/#website\"},\"primaryImageOfPage\":{\"@id\":\"https:\\\/\\\/comunicacaoestrategicacps.com.br\\\/blog\\\/abrasel-rmc-oficializa-em-araras-seu-primeiro-nucleo-regional-no-leste-paulista\\\/#primaryimage\"},\"image\":{\"@id\":\"https:\\\/\\\/comunicacaoestrategicacps.com.br\\\/blog\\\/abrasel-rmc-oficializa-em-araras-seu-primeiro-nucleo-regional-no-leste-paulista\\\/#primaryimage\"},\"thumbnailUrl\":\"https:\\\/\\\/comunicacaoestrategicacps.com.br\\\/blog\\\/wp-content\\\/uploads\\\/2026\\\/04\\\/abrasel-araras-2.jpeg\",\"datePublished\":\"2026-04-26T13:46:19+00:00\",\"author\":{\"@id\":\"https:\\\/\\\/comunicacaoestrategicacps.com.br\\\/blog\\\/#\\\/schema\\\/person\\\/8d447568a01edd36a56dbbcb702b02fc\"},\"breadcrumb\":{\"@id\":\"https:\\\/\\\/comunicacaoestrategicacps.com.br\\\/blog\\\/abrasel-rmc-oficializa-em-araras-seu-primeiro-nucleo-regional-no-leste-paulista\\\/#breadcrumb\"},\"inLanguage\":\"pt-BR\",\"potentialAction\":[{\"@type\":\"ReadAction\",\"target\":[\"https:\\\/\\\/comunicacaoestrategicacps.com.br\\\/blog\\\/abrasel-rmc-oficializa-em-araras-seu-primeiro-nucleo-regional-no-leste-paulista\\\/\"]}]},{\"@type\":\"ImageObject\",\"inLanguage\":\"pt-BR\",\"@id\":\"https:\\\/\\\/comunicacaoestrategicacps.com.br\\\/blog\\\/abrasel-rmc-oficializa-em-araras-seu-primeiro-nucleo-regional-no-leste-paulista\\\/#primaryimage\",\"url\":\"https:\\\/\\\/comunicacaoestrategicacps.com.br\\\/blog\\\/wp-content\\\/uploads\\\/2026\\\/04\\\/abrasel-araras-2.jpeg\",\"contentUrl\":\"https:\\\/\\\/comunicacaoestrategicacps.com.br\\\/blog\\\/wp-content\\\/uploads\\\/2026\\\/04\\\/abrasel-araras-2.jpeg\",\"width\":960,\"height\":1280},{\"@type\":\"BreadcrumbList\",\"@id\":\"https:\\\/\\\/comunicacaoestrategicacps.com.br\\\/blog\\\/abrasel-rmc-oficializa-em-araras-seu-primeiro-nucleo-regional-no-leste-paulista\\\/#breadcrumb\",\"itemListElement\":[{\"@type\":\"ListItem\",\"position\":1,\"name\":\"In\u00edcio\",\"item\":\"https:\\\/\\\/comunicacaoestrategicacps.com.br\\\/blog\\\/\"},{\"@type\":\"ListItem\",\"position\":2,\"name\":\"Abrasel RMC oficializa em Araras seu primeiro n\u00facleo regional no Leste Paulista\"}]},{\"@type\":\"WebSite\",\"@id\":\"https:\\\/\\\/comunicacaoestrategicacps.com.br\\\/blog\\\/#website\",\"url\":\"https:\\\/\\\/comunicacaoestrategicacps.com.br\\\/blog\\\/\",\"name\":\"Comunica\u00e7\u00e3o Estrat\u00e9gica\",\"description\":\"Comunica\u00e7\u00e3o Estrat\u00e9gica  - Assessoria de Imprensa\",\"potentialAction\":[{\"@type\":\"SearchAction\",\"target\":{\"@type\":\"EntryPoint\",\"urlTemplate\":\"https:\\\/\\\/comunicacaoestrategicacps.com.br\\\/blog\\\/?s={search_term_string}\"},\"query-input\":{\"@type\":\"PropertyValueSpecification\",\"valueRequired\":true,\"valueName\":\"search_term_string\"}}],\"inLanguage\":\"pt-BR\"},{\"@type\":\"Person\",\"@id\":\"https:\\\/\\\/comunicacaoestrategicacps.com.br\\\/blog\\\/#\\\/schema\\\/person\\\/8d447568a01edd36a56dbbcb702b02fc\",\"name\":\"admin\",\"image\":{\"@type\":\"ImageObject\",\"inLanguage\":\"pt-BR\",\"@id\":\"https:\\\/\\\/secure.gravatar.com\\\/avatar\\\/2cc026ea89b57b9d913d4ce5b90a0490046c0c9048a129e24cc44313a90d3f77?s=96&d=mm&r=g\",\"url\":\"https:\\\/\\\/secure.gravatar.com\\\/avatar\\\/2cc026ea89b57b9d913d4ce5b90a0490046c0c9048a129e24cc44313a90d3f77?s=96&d=mm&r=g\",\"contentUrl\":\"https:\\\/\\\/secure.gravatar.com\\\/avatar\\\/2cc026ea89b57b9d913d4ce5b90a0490046c0c9048a129e24cc44313a90d3f77?s=96&d=mm&r=g\",\"caption\":\"admin\"},\"url\":\"https:\\\/\\\/comunicacaoestrategicacps.com.br\\\/blog\\\/author\\\/admin\\\/\"}]}<\/script>\n<!-- \/ Yoast SEO plugin. -->","yoast_head_json":{"title":"Abrasel RMC oficializa em Araras seu primeiro n\u00facleo regional no Leste Paulista - Comunica\u00e7\u00e3o Estrat\u00e9gica","robots":{"index":"index","follow":"follow","max-snippet":"max-snippet:-1","max-image-preview":"max-image-preview:large","max-video-preview":"max-video-preview:-1"},"canonical":"https:\/\/comunicacaoestrategicacps.com.br\/blog\/abrasel-rmc-oficializa-em-araras-seu-primeiro-nucleo-regional-no-leste-paulista\/","og_locale":"pt_BR","og_type":"article","og_title":"Abrasel RMC oficializa em Araras seu primeiro n\u00facleo regional no Leste Paulista - Comunica\u00e7\u00e3o Estrat\u00e9gica","og_description":"N\u00facleo abrange as cidades de Araras, Rio Claro, Leme e Limeira e j\u00e1 nasce com 70 associados Campinas, abril de 2026 \u2013 A Abrasel RMC oficializou nesta quarta-feira, 22 de abril, em Araras, a forma\u00e7\u00e3o do seu primeiro n\u00facleo regional: o N\u00facleo Leste Paulista. A nova estrutura passa a atender os munic\u00edpios de Araras, Rio [&hellip;]","og_url":"https:\/\/comunicacaoestrategicacps.com.br\/blog\/abrasel-rmc-oficializa-em-araras-seu-primeiro-nucleo-regional-no-leste-paulista\/","og_site_name":"Comunica\u00e7\u00e3o Estrat\u00e9gica","article_published_time":"2026-04-26T13:46:19+00:00","og_image":[{"width":960,"height":1280,"url":"https:\/\/comunicacaoestrategicacps.com.br\/blog\/wp-content\/uploads\/2026\/04\/abrasel-araras-2.jpeg","type":"image\/jpeg"}],"author":"admin","twitter_card":"summary_large_image","twitter_misc":{"Escrito por":"admin","Est. tempo de leitura":"3 minutos"},"schema":{"@context":"https:\/\/schema.org","@graph":[{"@type":"Article","@id":"https:\/\/comunicacaoestrategicacps.com.br\/blog\/abrasel-rmc-oficializa-em-araras-seu-primeiro-nucleo-regional-no-leste-paulista\/#article","isPartOf":{"@id":"https:\/\/comunicacaoestrategicacps.com.br\/blog\/abrasel-rmc-oficializa-em-araras-seu-primeiro-nucleo-regional-no-leste-paulista\/"},"author":{"name":"admin","@id":"https:\/\/comunicacaoestrategicacps.com.br\/blog\/#\/schema\/person\/8d447568a01edd36a56dbbcb702b02fc"},"headline":"Abrasel RMC oficializa em Araras seu primeiro n\u00facleo regional no Leste Paulista","datePublished":"2026-04-26T13:46:19+00:00","mainEntityOfPage":{"@id":"https:\/\/comunicacaoestrategicacps.com.br\/blog\/abrasel-rmc-oficializa-em-araras-seu-primeiro-nucleo-regional-no-leste-paulista\/"},"wordCount":523,"commentCount":0,"image":{"@id":"https:\/\/comunicacaoestrategicacps.com.br\/blog\/abrasel-rmc-oficializa-em-araras-seu-primeiro-nucleo-regional-no-leste-paulista\/#primaryimage"},"thumbnailUrl":"https:\/\/comunicacaoestrategicacps.com.br\/blog\/wp-content\/uploads\/2026\/04\/abrasel-araras-2.jpeg","articleSection":["Empreendedorismo"],"inLanguage":"pt-BR","potentialAction":[{"@type":"CommentAction","name":"Comment","target":["https:\/\/comunicacaoestrategicacps.com.br\/blog\/abrasel-rmc-oficializa-em-araras-seu-primeiro-nucleo-regional-no-leste-paulista\/#respond"]}]},{"@type":"WebPage","@id":"https:\/\/comunicacaoestrategicacps.com.br\/blog\/abrasel-rmc-oficializa-em-araras-seu-primeiro-nucleo-regional-no-leste-paulista\/","url":"https:\/\/comunicacaoestrategicacps.com.br\/blog\/abrasel-rmc-oficializa-em-araras-seu-primeiro-nucleo-regional-no-leste-paulista\/","name":"Abrasel RMC oficializa em Araras seu primeiro n\u00facleo regional no Leste Paulista - Comunica\u00e7\u00e3o Estrat\u00e9gica","isPartOf":{"@id":"https:\/\/comunicacaoestrategicacps.com.br\/blog\/#website"},"primaryImageOfPage":{"@id":"https:\/\/comunicacaoestrategicacps.com.br\/blog\/abrasel-rmc-oficializa-em-araras-seu-primeiro-nucleo-regional-no-leste-paulista\/#primaryimage"},"image":{"@id":"https:\/\/comunicacaoestrategicacps.com.br\/blog\/abrasel-rmc-oficializa-em-araras-seu-primeiro-nucleo-regional-no-leste-paulista\/#primaryimage"},"thumbnailUrl":"https:\/\/comunicacaoestrategicacps.com.br\/blog\/wp-content\/uploads\/2026\/04\/abrasel-araras-2.jpeg","datePublished":"2026-04-26T13:46:19+00:00","author":{"@id":"https:\/\/comunicacaoestrategicacps.com.br\/blog\/#\/schema\/person\/8d447568a01edd36a56dbbcb702b02fc"},"breadcrumb":{"@id":"https:\/\/comunicacaoestrategicacps.com.br\/blog\/abrasel-rmc-oficializa-em-araras-seu-primeiro-nucleo-regional-no-leste-paulista\/#breadcrumb"},"inLanguage":"pt-BR","potentialAction":[{"@type":"ReadAction","target":["https:\/\/comunicacaoestrategicacps.com.br\/blog\/abrasel-rmc-oficializa-em-araras-seu-primeiro-nucleo-regional-no-leste-paulista\/"]}]},{"@type":"ImageObject","inLanguage":"pt-BR","@id":"https:\/\/comunicacaoestrategicacps.com.br\/blog\/abrasel-rmc-oficializa-em-araras-seu-primeiro-nucleo-regional-no-leste-paulista\/#primaryimage","url":"https:\/\/comunicacaoestrategicacps.com.br\/blog\/wp-content\/uploads\/2026\/04\/abrasel-araras-2.jpeg","contentUrl":"https:\/\/comunicacaoestrategicacps.com.br\/blog\/wp-content\/uploads\/2026\/04\/abrasel-araras-2.jpeg","width":960,"height":1280},{"@type":"BreadcrumbList","@id":"https:\/\/comunicacaoestrategicacps.com.br\/blog\/abrasel-rmc-oficializa-em-araras-seu-primeiro-nucleo-regional-no-leste-paulista\/#breadcrumb","itemListElement":[{"@type":"ListItem","position":1,"name":"In\u00edcio","item":"https:\/\/comunicacaoestrategicacps.com.br\/blog\/"},{"@type":"ListItem","position":2,"name":"Abrasel RMC oficializa em Araras seu primeiro n\u00facleo regional no Leste Paulista"}]},{"@type":"WebSite","@id":"https:\/\/comunicacaoestrategicacps.com.br\/blog\/#website","url":"https:\/\/comunicacaoestrategicacps.com.br\/blog\/","name":"Comunica\u00e7\u00e3o Estrat\u00e9gica","description":"Comunica\u00e7\u00e3o Estrat\u00e9gica  - Assessoria de Imprensa","potentialAction":[{"@type":"SearchAction","target":{"@type":"EntryPoint","urlTemplate":"https:\/\/comunicacaoestrategicacps.com.br\/blog\/?s={search_term_string}"},"query-input":{"@type":"PropertyValueSpecification","valueRequired":true,"valueName":"search_term_string"}}],"inLanguage":"pt-BR"},{"@type":"Person","@id":"https:\/\/comunicacaoestrategicacps.com.br\/blog\/#\/schema\/person\/8d447568a01edd36a56dbbcb702b02fc","name":"admin","image":{"@type":"ImageObject","inLanguage":"pt-BR","@id":"https:\/\/secure.gravatar.com\/avatar\/2cc026ea89b57b9d913d4ce5b90a0490046c0c9048a129e24cc44313a90d3f77?s=96&d=mm&r=g","url":"https:\/\/secure.gravatar.com\/avatar\/2cc026ea89b57b9d913d4ce5b90a0490046c0c9048a129e24cc44313a90d3f77?s=96&d=mm&r=g","contentUrl":"https:\/\/secure.gravatar.com\/avatar\/2cc026ea89b57b9d913d4ce5b90a0490046c0c9048a129e24cc44313a90d3f77?s=96&d=mm&r=g","caption":"admin"},"url":"https:\/\/comunicacaoestrategicacps.com.br\/blog\/author\/admin\/"}]}},"builder_content":"","_links":{"self":[{"href":"https:\/\/comunicacaoestrategicacps.com.br\/blog\/wp-json\/wp\/v2\/posts\/3956","targetHints":{"allow":["GET"]}}],"collection":[{"href":"https:\/\/comunicacaoestrategicacps.com.br\/blog\/wp-json\/wp\/v2\/posts"}],"about":[{"href":"https:\/\/comunicacaoestrategicacps.com.br\/blog\/wp-json\/wp\/v2\/types\/post"}],"author":[{"embeddable":true,"href":"https:\/\/comunicacaoestrategicacps.com.br\/blog\/wp-json\/wp\/v2\/users\/1"}],"replies":[{"embeddable":true,"href":"https:\/\/comunicacaoestrategicacps.com.br\/blog\/wp-json\/wp\/v2\/comments?post=3956"}],"version-history":[{"count":2,"href":"https:\/\/comunicacaoestrategicacps.com.br\/blog\/wp-json\/wp\/v2\/posts\/3956\/revisions"}],"predecessor-version":[{"id":3959,"href":"https:\/\/comunicacaoestrategicacps.com.br\/blog\/wp-json\/wp\/v2\/posts\/3956\/revisions\/3959"}],"wp:featuredmedia":[{"embeddable":true,"href":"https:\/\/comunicacaoestrategicacps.com.br\/blog\/wp-json\/wp\/v2\/media\/3957"}],"wp:attachment":[{"href":"https:\/\/comunicacaoestrategicacps.com.br\/blog\/wp-json\/wp\/v2\/media?parent=3956"}],"wp:term":[{"taxonomy":"category","embeddable":true,"href":"https:\/\/comunicacaoestrategicacps.com.br\/blog\/wp-json\/wp\/v2\/categories?post=3956"},{"taxonomy":"post_tag","embeddable":true,"href":"https:\/\/comunicacaoestrategicacps.com.br\/blog\/wp-json\/wp\/v2\/tags?post=3956"}],"curies":[{"name":"wp","href":"https:\/\/api.w.org\/{rel}","templated":true}]}}