{"id":637,"date":"2020-03-25T08:56:20","date_gmt":"2020-03-25T11:56:20","guid":{"rendered":"https:\/\/comunicacaoestrategicacps.com.br\/blog\/?p=637"},"modified":"2020-03-25T08:56:24","modified_gmt":"2020-03-25T11:56:24","slug":"covid-19-faz-disparar-a-procura-por-escritorios-de-contabilidade","status":"publish","type":"post","link":"https:\/\/comunicacaoestrategicacps.com.br\/blog\/covid-19-faz-disparar-a-procura-por-escritorios-de-contabilidade\/","title":{"rendered":"COVID 19 faz disparar a procura por escrit\u00f3rios de contabilidade"},"content":{"rendered":"<!--themify_builder_content-->\n<div id=\"themify_builder_content-637\" data-postid=\"637\" class=\"themify_builder_content themify_builder_content-637 themify_builder tf_clear\">\n    <\/div>\n<!--\/themify_builder_content-->\n\n\n<figure class=\"wp-block-image size-large\"><img loading=\"lazy\" decoding=\"async\" width=\"600\" height=\"600\" src=\"https:\/\/comunicacaoestrategicacps.com.br\/blog\/wp-content\/uploads\/2020\/03\/Fotos-Novas_Ayuso.jpg\" alt=\"\" class=\"wp-image-638\" srcset=\"https:\/\/comunicacaoestrategicacps.com.br\/blog\/wp-content\/uploads\/2020\/03\/Fotos-Novas_Ayuso.jpg 600w, https:\/\/comunicacaoestrategicacps.com.br\/blog\/wp-content\/uploads\/2020\/03\/Fotos-Novas_Ayuso-300x300.jpg 300w, https:\/\/comunicacaoestrategicacps.com.br\/blog\/wp-content\/uploads\/2020\/03\/Fotos-Novas_Ayuso-150x150.jpg 150w, https:\/\/comunicacaoestrategicacps.com.br\/blog\/wp-content\/uploads\/2020\/03\/Fotos-Novas_Ayuso-70x70.jpg 70w\" sizes=\"auto, (max-width: 600px) 100vw, 600px\" \/><\/figure>\n\n\n\n<p><strong>Campinas, 24 de mar\u00e7o de 2020<\/strong> &#8211; As altera\u00e7\u00f5es\nconstantes nas legisla\u00e7\u00f5es trabalhista e tribut\u00e1ria por causa da COVID-19\naumentou em 50% o movimento &nbsp;nos escrit\u00f3rios de contabilidade. Empres\u00e1rios\nbuscam esclarecimentos de como proceder em rela\u00e7\u00e3o aos tributos, funcion\u00e1rios e\nfechamentos de estabelecimentos por conta da Quarentena imposta.<\/p>\n\n\n\n<p>A\nmaior demanda dos empres\u00e1rios neste momento \u00e9 relativa \u00e0 consultoria\ntrabalhista. Com o fechamento tempor\u00e1rio do com\u00e9rcio e servi\u00e7os, h\u00e1 grandes\nd\u00favidas de como proceder com os funcion\u00e1rios, se optar por f\u00e9rias individuais\nou coletivas. \u201cA grande maioria dos empres\u00e1rios est\u00e1 em busca de solu\u00e7\u00f5es que evitem\na demiss\u00e3o, que vai gerar mais custos para os neg\u00f3cios e com risco de n\u00e3o\nconseguir pagar os encargos\u201d, explica Antonio Carlos Ayuso, diretor da Ayuso\nContabilidade.<\/p>\n\n\n\n<p>Tamb\u00e9m\nh\u00e1 preocupa\u00e7\u00e3o quanto ao trabalho de Home Office por parte dos funcion\u00e1rios, quais\nas implica\u00e7\u00f5es legais e trabalhistas. Outra d\u00favida frequente, segundo ele, \u00e9\ncom rela\u00e7\u00e3o aos pagamentos de impostos e taxas da Uni\u00e3o, do Estado e dos\nMunic\u00edpios. Como na semana passada houve a decis\u00e3o do governo federal em\nprorrogar a cobran\u00e7a do Simples Nacional a partir de abril, os empres\u00e1rios\ndesconhecem que as taxas e impostos estadual e municipal, como ICMS e ISS,\ncontinuam valendo, devendo ser pagas separadamente.<\/p>\n\n\n\n<p>\u201cSe\nestas taxas n\u00e3o forem pagar, a empresa vai pagar multa e juros, uma vez que n\u00e3o\nh\u00e1, at\u00e9 o momento, nenhum decreto no sentido de prorroga\u00e7\u00e3o. Ou seja, elas\nainda est\u00e3o em vigor\u201d, explica Ayuso. Ele lembra que o governo ainda n\u00e3o tomou\nnenhuma provid\u00eancia quanto a prorroga\u00e7\u00e3o do prazo de entrega das obriga\u00e7\u00f5es\nacess\u00f3rias, tais como:&nbsp; ICMS, IPI, GFIP, entre outras.<\/p>\n\n\n\n<p>Ele\nlembra, ainda que a pr\u00f3pria declara\u00e7\u00e3o do Imposto de Renda Pessoa F\u00edsica segue\no prazo original, com entrega at\u00e9 o final de abril. \u201cN\u00e3o h\u00e1 nada, at\u00e9 o\nmomento, sobre uma prorroga\u00e7\u00e3o no prazo de entrega da declara\u00e7\u00e3o\u201d.<\/p>\n\n\n\n<p>INSEGURAN\u00c7A<\/p>\n\n\n\n<p>De\nacordo com Ayuso, at\u00e9 o momento o governo vem tomando algumas medidas quanto a\nprorroga\u00e7\u00e3o para o pagamento dos tributos, mas n\u00e3o em rela\u00e7\u00e3o \u00e0s obriga\u00e7\u00f5es\nacess\u00f3rias. \u201cAs informa\u00e7\u00f5es est\u00e3o desencontradas e mudando a todo momento,\ngerando uma enorme inseguran\u00e7a jur\u00eddica\u201d, explica.<\/p>\n\n\n\n<p>Segundo\nAyuso, a grande maioria dos empres\u00e1rios ainda est\u00e1 optando por caminhos menos\ndoloridos, evitando a demiss\u00e3o. \u201cMas j\u00e1 recebemos consultas de empresas\npequenas, com mais de cinco funcion\u00e1rios, que escolheram pela redu\u00e7\u00e3o de seus\nquadros\u201d, completa Ayuso.<\/p>","protected":false},"excerpt":{"rendered":"<p>Campinas, 24 de mar\u00e7o de 2020 &#8211; As altera\u00e7\u00f5es constantes nas legisla\u00e7\u00f5es trabalhista e tribut\u00e1ria por causa da COVID-19 aumentou em 50% o movimento &nbsp;nos escrit\u00f3rios de contabilidade. Empres\u00e1rios buscam esclarecimentos de como proceder em rela\u00e7\u00e3o aos tributos, funcion\u00e1rios e fechamentos de estabelecimentos por conta da Quarentena imposta. A maior demanda dos empres\u00e1rios neste momento [&hellip;]<\/p>\n","protected":false},"author":1,"featured_media":638,"comment_status":"open","ping_status":"open","sticky":false,"template":"","format":"standard","meta":{"footnotes":""},"categories":[43],"tags":[],"class_list":["post-637","post","type-post","status-publish","format-standard","has-post-thumbnail","hentry","category-negocios-e-economia","has-post-title","has-post-date","has-post-category","has-post-tag","has-post-comment","has-post-author",""],"yoast_head":"<!-- This site is optimized with the Yoast SEO plugin v27.4 - https:\/\/yoast.com\/product\/yoast-seo-wordpress\/ -->\n<title>COVID 19 faz disparar a procura por escrit\u00f3rios de contabilidade - Comunica\u00e7\u00e3o Estrat\u00e9gica<\/title>\n<meta name=\"robots\" content=\"index, follow, max-snippet:-1, max-image-preview:large, max-video-preview:-1\" \/>\n<link rel=\"canonical\" href=\"https:\/\/comunicacaoestrategicacps.com.br\/blog\/covid-19-faz-disparar-a-procura-por-escritorios-de-contabilidade\/\" \/>\n<meta property=\"og:locale\" content=\"pt_BR\" \/>\n<meta property=\"og:type\" content=\"article\" \/>\n<meta property=\"og:title\" content=\"COVID 19 faz disparar a procura por escrit\u00f3rios de contabilidade - Comunica\u00e7\u00e3o Estrat\u00e9gica\" \/>\n<meta property=\"og:description\" content=\"Campinas, 24 de mar\u00e7o de 2020 &#8211; As altera\u00e7\u00f5es constantes nas legisla\u00e7\u00f5es trabalhista e tribut\u00e1ria por causa da COVID-19 aumentou em 50% o movimento &nbsp;nos escrit\u00f3rios de contabilidade. Empres\u00e1rios buscam esclarecimentos de como proceder em rela\u00e7\u00e3o aos tributos, funcion\u00e1rios e fechamentos de estabelecimentos por conta da Quarentena imposta. A maior demanda dos empres\u00e1rios neste momento [&hellip;]\" \/>\n<meta property=\"og:url\" content=\"https:\/\/comunicacaoestrategicacps.com.br\/blog\/covid-19-faz-disparar-a-procura-por-escritorios-de-contabilidade\/\" \/>\n<meta property=\"og:site_name\" content=\"Comunica\u00e7\u00e3o Estrat\u00e9gica\" \/>\n<meta property=\"article:published_time\" content=\"2020-03-25T11:56:20+00:00\" \/>\n<meta property=\"article:modified_time\" content=\"2020-03-25T11:56:24+00:00\" \/>\n<meta property=\"og:image\" content=\"https:\/\/comunicacaoestrategicacps.com.br\/blog\/wp-content\/uploads\/2020\/03\/Fotos-Novas_Ayuso.jpg\" \/>\n\t<meta property=\"og:image:width\" content=\"600\" \/>\n\t<meta property=\"og:image:height\" content=\"600\" \/>\n\t<meta property=\"og:image:type\" content=\"image\/jpeg\" \/>\n<meta name=\"author\" content=\"admin\" \/>\n<meta name=\"twitter:card\" content=\"summary_large_image\" \/>\n<meta name=\"twitter:label1\" content=\"Escrito por\" \/>\n\t<meta name=\"twitter:data1\" content=\"admin\" \/>\n\t<meta name=\"twitter:label2\" content=\"Est. tempo de leitura\" \/>\n\t<meta name=\"twitter:data2\" content=\"2 minutos\" \/>\n<script type=\"application\/ld+json\" class=\"yoast-schema-graph\">{\"@context\":\"https:\\\/\\\/schema.org\",\"@graph\":[{\"@type\":\"Article\",\"@id\":\"https:\\\/\\\/comunicacaoestrategicacps.com.br\\\/blog\\\/covid-19-faz-disparar-a-procura-por-escritorios-de-contabilidade\\\/#article\",\"isPartOf\":{\"@id\":\"https:\\\/\\\/comunicacaoestrategicacps.com.br\\\/blog\\\/covid-19-faz-disparar-a-procura-por-escritorios-de-contabilidade\\\/\"},\"author\":{\"name\":\"admin\",\"@id\":\"https:\\\/\\\/comunicacaoestrategicacps.com.br\\\/blog\\\/#\\\/schema\\\/person\\\/8d447568a01edd36a56dbbcb702b02fc\"},\"headline\":\"COVID 19 faz disparar a procura por escrit\u00f3rios de contabilidade\",\"datePublished\":\"2020-03-25T11:56:20+00:00\",\"dateModified\":\"2020-03-25T11:56:24+00:00\",\"mainEntityOfPage\":{\"@id\":\"https:\\\/\\\/comunicacaoestrategicacps.com.br\\\/blog\\\/covid-19-faz-disparar-a-procura-por-escritorios-de-contabilidade\\\/\"},\"wordCount\":455,\"commentCount\":0,\"image\":{\"@id\":\"https:\\\/\\\/comunicacaoestrategicacps.com.br\\\/blog\\\/covid-19-faz-disparar-a-procura-por-escritorios-de-contabilidade\\\/#primaryimage\"},\"thumbnailUrl\":\"https:\\\/\\\/comunicacaoestrategicacps.com.br\\\/blog\\\/wp-content\\\/uploads\\\/2020\\\/03\\\/Fotos-Novas_Ayuso.jpg\",\"articleSection\":[\"Neg\u00f3cios e Economia\"],\"inLanguage\":\"pt-BR\",\"potentialAction\":[{\"@type\":\"CommentAction\",\"name\":\"Comment\",\"target\":[\"https:\\\/\\\/comunicacaoestrategicacps.com.br\\\/blog\\\/covid-19-faz-disparar-a-procura-por-escritorios-de-contabilidade\\\/#respond\"]}]},{\"@type\":\"WebPage\",\"@id\":\"https:\\\/\\\/comunicacaoestrategicacps.com.br\\\/blog\\\/covid-19-faz-disparar-a-procura-por-escritorios-de-contabilidade\\\/\",\"url\":\"https:\\\/\\\/comunicacaoestrategicacps.com.br\\\/blog\\\/covid-19-faz-disparar-a-procura-por-escritorios-de-contabilidade\\\/\",\"name\":\"COVID 19 faz disparar a procura por escrit\u00f3rios de contabilidade - Comunica\u00e7\u00e3o Estrat\u00e9gica\",\"isPartOf\":{\"@id\":\"https:\\\/\\\/comunicacaoestrategicacps.com.br\\\/blog\\\/#website\"},\"primaryImageOfPage\":{\"@id\":\"https:\\\/\\\/comunicacaoestrategicacps.com.br\\\/blog\\\/covid-19-faz-disparar-a-procura-por-escritorios-de-contabilidade\\\/#primaryimage\"},\"image\":{\"@id\":\"https:\\\/\\\/comunicacaoestrategicacps.com.br\\\/blog\\\/covid-19-faz-disparar-a-procura-por-escritorios-de-contabilidade\\\/#primaryimage\"},\"thumbnailUrl\":\"https:\\\/\\\/comunicacaoestrategicacps.com.br\\\/blog\\\/wp-content\\\/uploads\\\/2020\\\/03\\\/Fotos-Novas_Ayuso.jpg\",\"datePublished\":\"2020-03-25T11:56:20+00:00\",\"dateModified\":\"2020-03-25T11:56:24+00:00\",\"author\":{\"@id\":\"https:\\\/\\\/comunicacaoestrategicacps.com.br\\\/blog\\\/#\\\/schema\\\/person\\\/8d447568a01edd36a56dbbcb702b02fc\"},\"breadcrumb\":{\"@id\":\"https:\\\/\\\/comunicacaoestrategicacps.com.br\\\/blog\\\/covid-19-faz-disparar-a-procura-por-escritorios-de-contabilidade\\\/#breadcrumb\"},\"inLanguage\":\"pt-BR\",\"potentialAction\":[{\"@type\":\"ReadAction\",\"target\":[\"https:\\\/\\\/comunicacaoestrategicacps.com.br\\\/blog\\\/covid-19-faz-disparar-a-procura-por-escritorios-de-contabilidade\\\/\"]}]},{\"@type\":\"ImageObject\",\"inLanguage\":\"pt-BR\",\"@id\":\"https:\\\/\\\/comunicacaoestrategicacps.com.br\\\/blog\\\/covid-19-faz-disparar-a-procura-por-escritorios-de-contabilidade\\\/#primaryimage\",\"url\":\"https:\\\/\\\/comunicacaoestrategicacps.com.br\\\/blog\\\/wp-content\\\/uploads\\\/2020\\\/03\\\/Fotos-Novas_Ayuso.jpg\",\"contentUrl\":\"https:\\\/\\\/comunicacaoestrategicacps.com.br\\\/blog\\\/wp-content\\\/uploads\\\/2020\\\/03\\\/Fotos-Novas_Ayuso.jpg\",\"width\":600,\"height\":600},{\"@type\":\"BreadcrumbList\",\"@id\":\"https:\\\/\\\/comunicacaoestrategicacps.com.br\\\/blog\\\/covid-19-faz-disparar-a-procura-por-escritorios-de-contabilidade\\\/#breadcrumb\",\"itemListElement\":[{\"@type\":\"ListItem\",\"position\":1,\"name\":\"In\u00edcio\",\"item\":\"https:\\\/\\\/comunicacaoestrategicacps.com.br\\\/blog\\\/\"},{\"@type\":\"ListItem\",\"position\":2,\"name\":\"COVID 19 faz disparar a procura por escrit\u00f3rios de contabilidade\"}]},{\"@type\":\"WebSite\",\"@id\":\"https:\\\/\\\/comunicacaoestrategicacps.com.br\\\/blog\\\/#website\",\"url\":\"https:\\\/\\\/comunicacaoestrategicacps.com.br\\\/blog\\\/\",\"name\":\"Comunica\u00e7\u00e3o Estrat\u00e9gica\",\"description\":\"Comunica\u00e7\u00e3o Estrat\u00e9gica  - Assessoria de Imprensa\",\"potentialAction\":[{\"@type\":\"SearchAction\",\"target\":{\"@type\":\"EntryPoint\",\"urlTemplate\":\"https:\\\/\\\/comunicacaoestrategicacps.com.br\\\/blog\\\/?s={search_term_string}\"},\"query-input\":{\"@type\":\"PropertyValueSpecification\",\"valueRequired\":true,\"valueName\":\"search_term_string\"}}],\"inLanguage\":\"pt-BR\"},{\"@type\":\"Person\",\"@id\":\"https:\\\/\\\/comunicacaoestrategicacps.com.br\\\/blog\\\/#\\\/schema\\\/person\\\/8d447568a01edd36a56dbbcb702b02fc\",\"name\":\"admin\",\"image\":{\"@type\":\"ImageObject\",\"inLanguage\":\"pt-BR\",\"@id\":\"https:\\\/\\\/secure.gravatar.com\\\/avatar\\\/2cc026ea89b57b9d913d4ce5b90a0490046c0c9048a129e24cc44313a90d3f77?s=96&d=mm&r=g\",\"url\":\"https:\\\/\\\/secure.gravatar.com\\\/avatar\\\/2cc026ea89b57b9d913d4ce5b90a0490046c0c9048a129e24cc44313a90d3f77?s=96&d=mm&r=g\",\"contentUrl\":\"https:\\\/\\\/secure.gravatar.com\\\/avatar\\\/2cc026ea89b57b9d913d4ce5b90a0490046c0c9048a129e24cc44313a90d3f77?s=96&d=mm&r=g\",\"caption\":\"admin\"},\"url\":\"https:\\\/\\\/comunicacaoestrategicacps.com.br\\\/blog\\\/author\\\/admin\\\/\"}]}<\/script>\n<!-- \/ Yoast SEO plugin. -->","yoast_head_json":{"title":"COVID 19 faz disparar a procura por escrit\u00f3rios de contabilidade - Comunica\u00e7\u00e3o Estrat\u00e9gica","robots":{"index":"index","follow":"follow","max-snippet":"max-snippet:-1","max-image-preview":"max-image-preview:large","max-video-preview":"max-video-preview:-1"},"canonical":"https:\/\/comunicacaoestrategicacps.com.br\/blog\/covid-19-faz-disparar-a-procura-por-escritorios-de-contabilidade\/","og_locale":"pt_BR","og_type":"article","og_title":"COVID 19 faz disparar a procura por escrit\u00f3rios de contabilidade - Comunica\u00e7\u00e3o Estrat\u00e9gica","og_description":"Campinas, 24 de mar\u00e7o de 2020 &#8211; As altera\u00e7\u00f5es constantes nas legisla\u00e7\u00f5es trabalhista e tribut\u00e1ria por causa da COVID-19 aumentou em 50% o movimento &nbsp;nos escrit\u00f3rios de contabilidade. Empres\u00e1rios buscam esclarecimentos de como proceder em rela\u00e7\u00e3o aos tributos, funcion\u00e1rios e fechamentos de estabelecimentos por conta da Quarentena imposta. A maior demanda dos empres\u00e1rios neste momento [&hellip;]","og_url":"https:\/\/comunicacaoestrategicacps.com.br\/blog\/covid-19-faz-disparar-a-procura-por-escritorios-de-contabilidade\/","og_site_name":"Comunica\u00e7\u00e3o Estrat\u00e9gica","article_published_time":"2020-03-25T11:56:20+00:00","article_modified_time":"2020-03-25T11:56:24+00:00","og_image":[{"width":600,"height":600,"url":"https:\/\/comunicacaoestrategicacps.com.br\/blog\/wp-content\/uploads\/2020\/03\/Fotos-Novas_Ayuso.jpg","type":"image\/jpeg"}],"author":"admin","twitter_card":"summary_large_image","twitter_misc":{"Escrito por":"admin","Est. tempo de leitura":"2 minutos"},"schema":{"@context":"https:\/\/schema.org","@graph":[{"@type":"Article","@id":"https:\/\/comunicacaoestrategicacps.com.br\/blog\/covid-19-faz-disparar-a-procura-por-escritorios-de-contabilidade\/#article","isPartOf":{"@id":"https:\/\/comunicacaoestrategicacps.com.br\/blog\/covid-19-faz-disparar-a-procura-por-escritorios-de-contabilidade\/"},"author":{"name":"admin","@id":"https:\/\/comunicacaoestrategicacps.com.br\/blog\/#\/schema\/person\/8d447568a01edd36a56dbbcb702b02fc"},"headline":"COVID 19 faz disparar a procura por escrit\u00f3rios de contabilidade","datePublished":"2020-03-25T11:56:20+00:00","dateModified":"2020-03-25T11:56:24+00:00","mainEntityOfPage":{"@id":"https:\/\/comunicacaoestrategicacps.com.br\/blog\/covid-19-faz-disparar-a-procura-por-escritorios-de-contabilidade\/"},"wordCount":455,"commentCount":0,"image":{"@id":"https:\/\/comunicacaoestrategicacps.com.br\/blog\/covid-19-faz-disparar-a-procura-por-escritorios-de-contabilidade\/#primaryimage"},"thumbnailUrl":"https:\/\/comunicacaoestrategicacps.com.br\/blog\/wp-content\/uploads\/2020\/03\/Fotos-Novas_Ayuso.jpg","articleSection":["Neg\u00f3cios e Economia"],"inLanguage":"pt-BR","potentialAction":[{"@type":"CommentAction","name":"Comment","target":["https:\/\/comunicacaoestrategicacps.com.br\/blog\/covid-19-faz-disparar-a-procura-por-escritorios-de-contabilidade\/#respond"]}]},{"@type":"WebPage","@id":"https:\/\/comunicacaoestrategicacps.com.br\/blog\/covid-19-faz-disparar-a-procura-por-escritorios-de-contabilidade\/","url":"https:\/\/comunicacaoestrategicacps.com.br\/blog\/covid-19-faz-disparar-a-procura-por-escritorios-de-contabilidade\/","name":"COVID 19 faz disparar a procura por escrit\u00f3rios de contabilidade - Comunica\u00e7\u00e3o Estrat\u00e9gica","isPartOf":{"@id":"https:\/\/comunicacaoestrategicacps.com.br\/blog\/#website"},"primaryImageOfPage":{"@id":"https:\/\/comunicacaoestrategicacps.com.br\/blog\/covid-19-faz-disparar-a-procura-por-escritorios-de-contabilidade\/#primaryimage"},"image":{"@id":"https:\/\/comunicacaoestrategicacps.com.br\/blog\/covid-19-faz-disparar-a-procura-por-escritorios-de-contabilidade\/#primaryimage"},"thumbnailUrl":"https:\/\/comunicacaoestrategicacps.com.br\/blog\/wp-content\/uploads\/2020\/03\/Fotos-Novas_Ayuso.jpg","datePublished":"2020-03-25T11:56:20+00:00","dateModified":"2020-03-25T11:56:24+00:00","author":{"@id":"https:\/\/comunicacaoestrategicacps.com.br\/blog\/#\/schema\/person\/8d447568a01edd36a56dbbcb702b02fc"},"breadcrumb":{"@id":"https:\/\/comunicacaoestrategicacps.com.br\/blog\/covid-19-faz-disparar-a-procura-por-escritorios-de-contabilidade\/#breadcrumb"},"inLanguage":"pt-BR","potentialAction":[{"@type":"ReadAction","target":["https:\/\/comunicacaoestrategicacps.com.br\/blog\/covid-19-faz-disparar-a-procura-por-escritorios-de-contabilidade\/"]}]},{"@type":"ImageObject","inLanguage":"pt-BR","@id":"https:\/\/comunicacaoestrategicacps.com.br\/blog\/covid-19-faz-disparar-a-procura-por-escritorios-de-contabilidade\/#primaryimage","url":"https:\/\/comunicacaoestrategicacps.com.br\/blog\/wp-content\/uploads\/2020\/03\/Fotos-Novas_Ayuso.jpg","contentUrl":"https:\/\/comunicacaoestrategicacps.com.br\/blog\/wp-content\/uploads\/2020\/03\/Fotos-Novas_Ayuso.jpg","width":600,"height":600},{"@type":"BreadcrumbList","@id":"https:\/\/comunicacaoestrategicacps.com.br\/blog\/covid-19-faz-disparar-a-procura-por-escritorios-de-contabilidade\/#breadcrumb","itemListElement":[{"@type":"ListItem","position":1,"name":"In\u00edcio","item":"https:\/\/comunicacaoestrategicacps.com.br\/blog\/"},{"@type":"ListItem","position":2,"name":"COVID 19 faz disparar a procura por escrit\u00f3rios de contabilidade"}]},{"@type":"WebSite","@id":"https:\/\/comunicacaoestrategicacps.com.br\/blog\/#website","url":"https:\/\/comunicacaoestrategicacps.com.br\/blog\/","name":"Comunica\u00e7\u00e3o Estrat\u00e9gica","description":"Comunica\u00e7\u00e3o Estrat\u00e9gica  - Assessoria de Imprensa","potentialAction":[{"@type":"SearchAction","target":{"@type":"EntryPoint","urlTemplate":"https:\/\/comunicacaoestrategicacps.com.br\/blog\/?s={search_term_string}"},"query-input":{"@type":"PropertyValueSpecification","valueRequired":true,"valueName":"search_term_string"}}],"inLanguage":"pt-BR"},{"@type":"Person","@id":"https:\/\/comunicacaoestrategicacps.com.br\/blog\/#\/schema\/person\/8d447568a01edd36a56dbbcb702b02fc","name":"admin","image":{"@type":"ImageObject","inLanguage":"pt-BR","@id":"https:\/\/secure.gravatar.com\/avatar\/2cc026ea89b57b9d913d4ce5b90a0490046c0c9048a129e24cc44313a90d3f77?s=96&d=mm&r=g","url":"https:\/\/secure.gravatar.com\/avatar\/2cc026ea89b57b9d913d4ce5b90a0490046c0c9048a129e24cc44313a90d3f77?s=96&d=mm&r=g","contentUrl":"https:\/\/secure.gravatar.com\/avatar\/2cc026ea89b57b9d913d4ce5b90a0490046c0c9048a129e24cc44313a90d3f77?s=96&d=mm&r=g","caption":"admin"},"url":"https:\/\/comunicacaoestrategicacps.com.br\/blog\/author\/admin\/"}]}},"builder_content":"","_links":{"self":[{"href":"https:\/\/comunicacaoestrategicacps.com.br\/blog\/wp-json\/wp\/v2\/posts\/637","targetHints":{"allow":["GET"]}}],"collection":[{"href":"https:\/\/comunicacaoestrategicacps.com.br\/blog\/wp-json\/wp\/v2\/posts"}],"about":[{"href":"https:\/\/comunicacaoestrategicacps.com.br\/blog\/wp-json\/wp\/v2\/types\/post"}],"author":[{"embeddable":true,"href":"https:\/\/comunicacaoestrategicacps.com.br\/blog\/wp-json\/wp\/v2\/users\/1"}],"replies":[{"embeddable":true,"href":"https:\/\/comunicacaoestrategicacps.com.br\/blog\/wp-json\/wp\/v2\/comments?post=637"}],"version-history":[{"count":1,"href":"https:\/\/comunicacaoestrategicacps.com.br\/blog\/wp-json\/wp\/v2\/posts\/637\/revisions"}],"predecessor-version":[{"id":639,"href":"https:\/\/comunicacaoestrategicacps.com.br\/blog\/wp-json\/wp\/v2\/posts\/637\/revisions\/639"}],"wp:featuredmedia":[{"embeddable":true,"href":"https:\/\/comunicacaoestrategicacps.com.br\/blog\/wp-json\/wp\/v2\/media\/638"}],"wp:attachment":[{"href":"https:\/\/comunicacaoestrategicacps.com.br\/blog\/wp-json\/wp\/v2\/media?parent=637"}],"wp:term":[{"taxonomy":"category","embeddable":true,"href":"https:\/\/comunicacaoestrategicacps.com.br\/blog\/wp-json\/wp\/v2\/categories?post=637"},{"taxonomy":"post_tag","embeddable":true,"href":"https:\/\/comunicacaoestrategicacps.com.br\/blog\/wp-json\/wp\/v2\/tags?post=637"}],"curies":[{"name":"wp","href":"https:\/\/api.w.org\/{rel}","templated":true}]}}