{"id":652,"date":"2020-03-31T11:44:23","date_gmt":"2020-03-31T14:44:23","guid":{"rendered":"https:\/\/comunicacaoestrategicacps.com.br\/blog\/?p=652"},"modified":"2020-03-31T11:44:30","modified_gmt":"2020-03-31T14:44:30","slug":"abrasel-lanca-contador-de-desemprego-do-setor-de-alimentacao-fora-do-lar-no-brasil","status":"publish","type":"post","link":"https:\/\/comunicacaoestrategicacps.com.br\/blog\/abrasel-lanca-contador-de-desemprego-do-setor-de-alimentacao-fora-do-lar-no-brasil\/","title":{"rendered":"Abrasel lan\u00e7a Contador de Desemprego do setor de alimenta\u00e7\u00e3o fora do lar no Brasil"},"content":{"rendered":"<!--themify_builder_content-->\n<div id=\"themify_builder_content-652\" data-postid=\"652\" class=\"themify_builder_content themify_builder_content-652 themify_builder tf_clear\">\n    <\/div>\n<!--\/themify_builder_content-->\n\n\n<figure class=\"wp-block-image size-large\"><img loading=\"lazy\" decoding=\"async\" width=\"300\" height=\"213\" src=\"https:\/\/comunicacaoestrategicacps.com.br\/blog\/wp-content\/uploads\/2020\/02\/Matheus-Mason-1-1-300x213-1.png\" alt=\"\" class=\"wp-image-509\"\/><\/figure>\n\n\n\n<p><strong>Campinas, 31 de mar\u00e7o de 2020<\/strong> &#8211; A cada hora, mil\nfuncion\u00e1rios de bares e restaurantes perdem o emprego no Brasil em fun\u00e7\u00e3o da\nquarentena imposta por estados e munic\u00edpios e falta de apoio \u00e0 manuten\u00e7\u00e3o dos\nempregos por parte dos governo federal, e de apoio dos governos estadual e\nmunicipal, no tocante a parcelamento ou adiamento de taxas e impostos. Os dados\ns\u00e3o do Contador de Desemprego no setor de Alimenta\u00e7\u00e3o Fora do lar, um medidor\nque funciona em tempo real lan\u00e7ado pela Associa\u00e7\u00e3o Brasileira de Bares e\nRestaurantes (Abrasel), que pode ser acessado pelo endere\u00e7o: <a href=\"http:\/\/contadordedesemprego.com.br\/\">http:\/\/contadordedesemprego.com.br\/<\/a>.<\/p>\n\n\n\n<p>O\nMedidor de Desemprego tem por objetivo apurar em tempo real o n\u00famero de\ndesempregados do setor no pa\u00eds com a paralisa\u00e7\u00e3o das atividades de bares e\nrestaurantes. A maioria dos estabelecimentos &#8211; 80% dirigidos por micro e\npequenos empreendedores -, est\u00e1 com as portas fechadas, sem faturamento e sem\nrecursos para pagar os funcion\u00e1rios. Parte da for\u00e7a de trabalho est\u00e1 em f\u00e9rias\ncoletivas e um grande n\u00famero j\u00e1 come\u00e7ou a ser demitida.<\/p>\n\n\n\n<p>Segundo\na Abrasel, o Medidor de Desemprego tamb\u00e9m \u00e9 uma ferramenta que a entidade ter\u00e1\npata ajudar a sensibilizar as autoridades sobre a import\u00e2ncia de ajuda r\u00e1pida\ndos governos, no sentido de salvar o trabalho de mais de 6 milh\u00f5es de pessoas\ncom carteira assinada no setor. Levando-se em conta uma m\u00e9dia de tr\u00eas pessoas\npor fam\u00edlia, o desemprego vai impactar&nbsp; 8 milh\u00f5es de pessoas em curto\nespa\u00e7o de tempo.<\/p>\n\n\n\n<p>Para\no presidente da Abrasel RMC, Matheus Mason, a realidade \u00e9 alarmante. \u201cH\u00e1 duas\nsemanas estamos pedindo o apoio dos governos, sem respostas concretas at\u00e9 o\nmomento. Quanto mais a ajuda do Governo demorar, mais o n\u00famero de desempregados\nir\u00e1 crescer. Precisamos de ajuda para pagar os sal\u00e1rios j\u00e1!\u201d, afirma Mason<\/p>\n\n\n\n<p><strong>NA REGI\u00c3O METROPOLITANA DE CAMPINAS (RMC)<\/strong><\/p>\n\n\n\n<p>Uma\npesquisa realizada pela Abrasel RMC na \u00faltima quarta-feira junto aos\nempres\u00e1rios do setor traz uma estimativa da quantidade de vagas que devem ser\nfechadas nos pr\u00f3ximos dias, sem ajuda do governo federal para pagamento do\nsal\u00e1rio nos pr\u00f3ximos meses. Somente na cidade de Campinas estima-se 10 mil\ndemiss\u00f5es. Na RMC, o n\u00famero pode chegar a 30 mil pessoas.\n\n\u201cNosso setor \u00e9 respons\u00e1vel por uma grande parte\ndo faturamento das ind\u00fastrias, Ceasas, cervejarias, distribuidores,\nimobili\u00e1rias, engenheiros, arquitetos, fornecedores de equipamentos, de mesas,\ncadeiras, festas e eventos, al\u00e9m de equipamentos de seguran\u00e7a, dentre outros.\nTodos estes elos sofrer\u00e3o impacto, com o n\u00famero de emitidos sendo ainda maior\u201d,\nalerta o presidente da Abrasel RMC.\n\n\n\n<\/p>","protected":false},"excerpt":{"rendered":"<p>Campinas, 31 de mar\u00e7o de 2020 &#8211; A cada hora, mil funcion\u00e1rios de bares e restaurantes perdem o emprego no Brasil em fun\u00e7\u00e3o da quarentena imposta por estados e munic\u00edpios e falta de apoio \u00e0 manuten\u00e7\u00e3o dos empregos por parte dos governo federal, e de apoio dos governos estadual e municipal, no tocante a parcelamento [&hellip;]<\/p>\n","protected":false},"author":1,"featured_media":509,"comment_status":"open","ping_status":"open","sticky":false,"template":"","format":"standard","meta":{"footnotes":""},"categories":[43],"tags":[],"class_list":["post-652","post","type-post","status-publish","format-standard","has-post-thumbnail","hentry","category-negocios-e-economia","has-post-title","has-post-date","has-post-category","has-post-tag","has-post-comment","has-post-author",""],"yoast_head":"<!-- This site is optimized with the Yoast SEO plugin v27.4 - https:\/\/yoast.com\/product\/yoast-seo-wordpress\/ -->\n<title>Abrasel lan\u00e7a Contador de Desemprego do setor de alimenta\u00e7\u00e3o fora do lar no Brasil - Comunica\u00e7\u00e3o Estrat\u00e9gica<\/title>\n<meta name=\"robots\" content=\"index, follow, max-snippet:-1, max-image-preview:large, max-video-preview:-1\" \/>\n<link rel=\"canonical\" href=\"https:\/\/comunicacaoestrategicacps.com.br\/blog\/abrasel-lanca-contador-de-desemprego-do-setor-de-alimentacao-fora-do-lar-no-brasil\/\" \/>\n<meta property=\"og:locale\" content=\"pt_BR\" \/>\n<meta property=\"og:type\" content=\"article\" \/>\n<meta property=\"og:title\" content=\"Abrasel lan\u00e7a Contador de Desemprego do setor de alimenta\u00e7\u00e3o fora do lar no Brasil - Comunica\u00e7\u00e3o Estrat\u00e9gica\" \/>\n<meta property=\"og:description\" content=\"Campinas, 31 de mar\u00e7o de 2020 &#8211; A cada hora, mil funcion\u00e1rios de bares e restaurantes perdem o emprego no Brasil em fun\u00e7\u00e3o da quarentena imposta por estados e munic\u00edpios e falta de apoio \u00e0 manuten\u00e7\u00e3o dos empregos por parte dos governo federal, e de apoio dos governos estadual e municipal, no tocante a parcelamento [&hellip;]\" \/>\n<meta property=\"og:url\" content=\"https:\/\/comunicacaoestrategicacps.com.br\/blog\/abrasel-lanca-contador-de-desemprego-do-setor-de-alimentacao-fora-do-lar-no-brasil\/\" \/>\n<meta property=\"og:site_name\" content=\"Comunica\u00e7\u00e3o Estrat\u00e9gica\" \/>\n<meta property=\"article:published_time\" content=\"2020-03-31T14:44:23+00:00\" \/>\n<meta property=\"article:modified_time\" content=\"2020-03-31T14:44:30+00:00\" \/>\n<meta property=\"og:image\" content=\"https:\/\/comunicacaoestrategicacps.com.br\/blog\/wp-content\/uploads\/2020\/02\/Matheus-Mason-1-1-300x213-1.png\" \/>\n\t<meta property=\"og:image:width\" content=\"300\" \/>\n\t<meta property=\"og:image:height\" content=\"213\" \/>\n\t<meta property=\"og:image:type\" content=\"image\/png\" \/>\n<meta name=\"author\" content=\"admin\" \/>\n<meta name=\"twitter:card\" content=\"summary_large_image\" \/>\n<meta name=\"twitter:label1\" content=\"Escrito por\" \/>\n\t<meta name=\"twitter:data1\" content=\"admin\" \/>\n\t<meta name=\"twitter:label2\" content=\"Est. tempo de leitura\" \/>\n\t<meta name=\"twitter:data2\" content=\"2 minutos\" \/>\n<script type=\"application\/ld+json\" class=\"yoast-schema-graph\">{\"@context\":\"https:\\\/\\\/schema.org\",\"@graph\":[{\"@type\":\"Article\",\"@id\":\"https:\\\/\\\/comunicacaoestrategicacps.com.br\\\/blog\\\/abrasel-lanca-contador-de-desemprego-do-setor-de-alimentacao-fora-do-lar-no-brasil\\\/#article\",\"isPartOf\":{\"@id\":\"https:\\\/\\\/comunicacaoestrategicacps.com.br\\\/blog\\\/abrasel-lanca-contador-de-desemprego-do-setor-de-alimentacao-fora-do-lar-no-brasil\\\/\"},\"author\":{\"name\":\"admin\",\"@id\":\"https:\\\/\\\/comunicacaoestrategicacps.com.br\\\/blog\\\/#\\\/schema\\\/person\\\/8d447568a01edd36a56dbbcb702b02fc\"},\"headline\":\"Abrasel lan\u00e7a Contador de Desemprego do setor de alimenta\u00e7\u00e3o fora do lar no Brasil\",\"datePublished\":\"2020-03-31T14:44:23+00:00\",\"dateModified\":\"2020-03-31T14:44:30+00:00\",\"mainEntityOfPage\":{\"@id\":\"https:\\\/\\\/comunicacaoestrategicacps.com.br\\\/blog\\\/abrasel-lanca-contador-de-desemprego-do-setor-de-alimentacao-fora-do-lar-no-brasil\\\/\"},\"wordCount\":462,\"commentCount\":0,\"image\":{\"@id\":\"https:\\\/\\\/comunicacaoestrategicacps.com.br\\\/blog\\\/abrasel-lanca-contador-de-desemprego-do-setor-de-alimentacao-fora-do-lar-no-brasil\\\/#primaryimage\"},\"thumbnailUrl\":\"https:\\\/\\\/comunicacaoestrategicacps.com.br\\\/blog\\\/wp-content\\\/uploads\\\/2020\\\/02\\\/Matheus-Mason-1-1-300x213-1.png\",\"articleSection\":[\"Neg\u00f3cios e Economia\"],\"inLanguage\":\"pt-BR\",\"potentialAction\":[{\"@type\":\"CommentAction\",\"name\":\"Comment\",\"target\":[\"https:\\\/\\\/comunicacaoestrategicacps.com.br\\\/blog\\\/abrasel-lanca-contador-de-desemprego-do-setor-de-alimentacao-fora-do-lar-no-brasil\\\/#respond\"]}]},{\"@type\":\"WebPage\",\"@id\":\"https:\\\/\\\/comunicacaoestrategicacps.com.br\\\/blog\\\/abrasel-lanca-contador-de-desemprego-do-setor-de-alimentacao-fora-do-lar-no-brasil\\\/\",\"url\":\"https:\\\/\\\/comunicacaoestrategicacps.com.br\\\/blog\\\/abrasel-lanca-contador-de-desemprego-do-setor-de-alimentacao-fora-do-lar-no-brasil\\\/\",\"name\":\"Abrasel lan\u00e7a Contador de Desemprego do setor de alimenta\u00e7\u00e3o fora do lar no Brasil - Comunica\u00e7\u00e3o Estrat\u00e9gica\",\"isPartOf\":{\"@id\":\"https:\\\/\\\/comunicacaoestrategicacps.com.br\\\/blog\\\/#website\"},\"primaryImageOfPage\":{\"@id\":\"https:\\\/\\\/comunicacaoestrategicacps.com.br\\\/blog\\\/abrasel-lanca-contador-de-desemprego-do-setor-de-alimentacao-fora-do-lar-no-brasil\\\/#primaryimage\"},\"image\":{\"@id\":\"https:\\\/\\\/comunicacaoestrategicacps.com.br\\\/blog\\\/abrasel-lanca-contador-de-desemprego-do-setor-de-alimentacao-fora-do-lar-no-brasil\\\/#primaryimage\"},\"thumbnailUrl\":\"https:\\\/\\\/comunicacaoestrategicacps.com.br\\\/blog\\\/wp-content\\\/uploads\\\/2020\\\/02\\\/Matheus-Mason-1-1-300x213-1.png\",\"datePublished\":\"2020-03-31T14:44:23+00:00\",\"dateModified\":\"2020-03-31T14:44:30+00:00\",\"author\":{\"@id\":\"https:\\\/\\\/comunicacaoestrategicacps.com.br\\\/blog\\\/#\\\/schema\\\/person\\\/8d447568a01edd36a56dbbcb702b02fc\"},\"breadcrumb\":{\"@id\":\"https:\\\/\\\/comunicacaoestrategicacps.com.br\\\/blog\\\/abrasel-lanca-contador-de-desemprego-do-setor-de-alimentacao-fora-do-lar-no-brasil\\\/#breadcrumb\"},\"inLanguage\":\"pt-BR\",\"potentialAction\":[{\"@type\":\"ReadAction\",\"target\":[\"https:\\\/\\\/comunicacaoestrategicacps.com.br\\\/blog\\\/abrasel-lanca-contador-de-desemprego-do-setor-de-alimentacao-fora-do-lar-no-brasil\\\/\"]}]},{\"@type\":\"ImageObject\",\"inLanguage\":\"pt-BR\",\"@id\":\"https:\\\/\\\/comunicacaoestrategicacps.com.br\\\/blog\\\/abrasel-lanca-contador-de-desemprego-do-setor-de-alimentacao-fora-do-lar-no-brasil\\\/#primaryimage\",\"url\":\"https:\\\/\\\/comunicacaoestrategicacps.com.br\\\/blog\\\/wp-content\\\/uploads\\\/2020\\\/02\\\/Matheus-Mason-1-1-300x213-1.png\",\"contentUrl\":\"https:\\\/\\\/comunicacaoestrategicacps.com.br\\\/blog\\\/wp-content\\\/uploads\\\/2020\\\/02\\\/Matheus-Mason-1-1-300x213-1.png\",\"width\":300,\"height\":213},{\"@type\":\"BreadcrumbList\",\"@id\":\"https:\\\/\\\/comunicacaoestrategicacps.com.br\\\/blog\\\/abrasel-lanca-contador-de-desemprego-do-setor-de-alimentacao-fora-do-lar-no-brasil\\\/#breadcrumb\",\"itemListElement\":[{\"@type\":\"ListItem\",\"position\":1,\"name\":\"In\u00edcio\",\"item\":\"https:\\\/\\\/comunicacaoestrategicacps.com.br\\\/blog\\\/\"},{\"@type\":\"ListItem\",\"position\":2,\"name\":\"Abrasel lan\u00e7a Contador de Desemprego do setor de alimenta\u00e7\u00e3o fora do lar no Brasil\"}]},{\"@type\":\"WebSite\",\"@id\":\"https:\\\/\\\/comunicacaoestrategicacps.com.br\\\/blog\\\/#website\",\"url\":\"https:\\\/\\\/comunicacaoestrategicacps.com.br\\\/blog\\\/\",\"name\":\"Comunica\u00e7\u00e3o Estrat\u00e9gica\",\"description\":\"Comunica\u00e7\u00e3o Estrat\u00e9gica  - Assessoria de Imprensa\",\"potentialAction\":[{\"@type\":\"SearchAction\",\"target\":{\"@type\":\"EntryPoint\",\"urlTemplate\":\"https:\\\/\\\/comunicacaoestrategicacps.com.br\\\/blog\\\/?s={search_term_string}\"},\"query-input\":{\"@type\":\"PropertyValueSpecification\",\"valueRequired\":true,\"valueName\":\"search_term_string\"}}],\"inLanguage\":\"pt-BR\"},{\"@type\":\"Person\",\"@id\":\"https:\\\/\\\/comunicacaoestrategicacps.com.br\\\/blog\\\/#\\\/schema\\\/person\\\/8d447568a01edd36a56dbbcb702b02fc\",\"name\":\"admin\",\"image\":{\"@type\":\"ImageObject\",\"inLanguage\":\"pt-BR\",\"@id\":\"https:\\\/\\\/secure.gravatar.com\\\/avatar\\\/2cc026ea89b57b9d913d4ce5b90a0490046c0c9048a129e24cc44313a90d3f77?s=96&d=mm&r=g\",\"url\":\"https:\\\/\\\/secure.gravatar.com\\\/avatar\\\/2cc026ea89b57b9d913d4ce5b90a0490046c0c9048a129e24cc44313a90d3f77?s=96&d=mm&r=g\",\"contentUrl\":\"https:\\\/\\\/secure.gravatar.com\\\/avatar\\\/2cc026ea89b57b9d913d4ce5b90a0490046c0c9048a129e24cc44313a90d3f77?s=96&d=mm&r=g\",\"caption\":\"admin\"},\"url\":\"https:\\\/\\\/comunicacaoestrategicacps.com.br\\\/blog\\\/author\\\/admin\\\/\"}]}<\/script>\n<!-- \/ Yoast SEO plugin. -->","yoast_head_json":{"title":"Abrasel lan\u00e7a Contador de Desemprego do setor de alimenta\u00e7\u00e3o fora do lar no Brasil - Comunica\u00e7\u00e3o Estrat\u00e9gica","robots":{"index":"index","follow":"follow","max-snippet":"max-snippet:-1","max-image-preview":"max-image-preview:large","max-video-preview":"max-video-preview:-1"},"canonical":"https:\/\/comunicacaoestrategicacps.com.br\/blog\/abrasel-lanca-contador-de-desemprego-do-setor-de-alimentacao-fora-do-lar-no-brasil\/","og_locale":"pt_BR","og_type":"article","og_title":"Abrasel lan\u00e7a Contador de Desemprego do setor de alimenta\u00e7\u00e3o fora do lar no Brasil - Comunica\u00e7\u00e3o Estrat\u00e9gica","og_description":"Campinas, 31 de mar\u00e7o de 2020 &#8211; A cada hora, mil funcion\u00e1rios de bares e restaurantes perdem o emprego no Brasil em fun\u00e7\u00e3o da quarentena imposta por estados e munic\u00edpios e falta de apoio \u00e0 manuten\u00e7\u00e3o dos empregos por parte dos governo federal, e de apoio dos governos estadual e municipal, no tocante a parcelamento [&hellip;]","og_url":"https:\/\/comunicacaoestrategicacps.com.br\/blog\/abrasel-lanca-contador-de-desemprego-do-setor-de-alimentacao-fora-do-lar-no-brasil\/","og_site_name":"Comunica\u00e7\u00e3o Estrat\u00e9gica","article_published_time":"2020-03-31T14:44:23+00:00","article_modified_time":"2020-03-31T14:44:30+00:00","og_image":[{"width":300,"height":213,"url":"https:\/\/comunicacaoestrategicacps.com.br\/blog\/wp-content\/uploads\/2020\/02\/Matheus-Mason-1-1-300x213-1.png","type":"image\/png"}],"author":"admin","twitter_card":"summary_large_image","twitter_misc":{"Escrito por":"admin","Est. tempo de leitura":"2 minutos"},"schema":{"@context":"https:\/\/schema.org","@graph":[{"@type":"Article","@id":"https:\/\/comunicacaoestrategicacps.com.br\/blog\/abrasel-lanca-contador-de-desemprego-do-setor-de-alimentacao-fora-do-lar-no-brasil\/#article","isPartOf":{"@id":"https:\/\/comunicacaoestrategicacps.com.br\/blog\/abrasel-lanca-contador-de-desemprego-do-setor-de-alimentacao-fora-do-lar-no-brasil\/"},"author":{"name":"admin","@id":"https:\/\/comunicacaoestrategicacps.com.br\/blog\/#\/schema\/person\/8d447568a01edd36a56dbbcb702b02fc"},"headline":"Abrasel lan\u00e7a Contador de Desemprego do setor de alimenta\u00e7\u00e3o fora do lar no Brasil","datePublished":"2020-03-31T14:44:23+00:00","dateModified":"2020-03-31T14:44:30+00:00","mainEntityOfPage":{"@id":"https:\/\/comunicacaoestrategicacps.com.br\/blog\/abrasel-lanca-contador-de-desemprego-do-setor-de-alimentacao-fora-do-lar-no-brasil\/"},"wordCount":462,"commentCount":0,"image":{"@id":"https:\/\/comunicacaoestrategicacps.com.br\/blog\/abrasel-lanca-contador-de-desemprego-do-setor-de-alimentacao-fora-do-lar-no-brasil\/#primaryimage"},"thumbnailUrl":"https:\/\/comunicacaoestrategicacps.com.br\/blog\/wp-content\/uploads\/2020\/02\/Matheus-Mason-1-1-300x213-1.png","articleSection":["Neg\u00f3cios e Economia"],"inLanguage":"pt-BR","potentialAction":[{"@type":"CommentAction","name":"Comment","target":["https:\/\/comunicacaoestrategicacps.com.br\/blog\/abrasel-lanca-contador-de-desemprego-do-setor-de-alimentacao-fora-do-lar-no-brasil\/#respond"]}]},{"@type":"WebPage","@id":"https:\/\/comunicacaoestrategicacps.com.br\/blog\/abrasel-lanca-contador-de-desemprego-do-setor-de-alimentacao-fora-do-lar-no-brasil\/","url":"https:\/\/comunicacaoestrategicacps.com.br\/blog\/abrasel-lanca-contador-de-desemprego-do-setor-de-alimentacao-fora-do-lar-no-brasil\/","name":"Abrasel lan\u00e7a Contador de Desemprego do setor de alimenta\u00e7\u00e3o fora do lar no Brasil - Comunica\u00e7\u00e3o Estrat\u00e9gica","isPartOf":{"@id":"https:\/\/comunicacaoestrategicacps.com.br\/blog\/#website"},"primaryImageOfPage":{"@id":"https:\/\/comunicacaoestrategicacps.com.br\/blog\/abrasel-lanca-contador-de-desemprego-do-setor-de-alimentacao-fora-do-lar-no-brasil\/#primaryimage"},"image":{"@id":"https:\/\/comunicacaoestrategicacps.com.br\/blog\/abrasel-lanca-contador-de-desemprego-do-setor-de-alimentacao-fora-do-lar-no-brasil\/#primaryimage"},"thumbnailUrl":"https:\/\/comunicacaoestrategicacps.com.br\/blog\/wp-content\/uploads\/2020\/02\/Matheus-Mason-1-1-300x213-1.png","datePublished":"2020-03-31T14:44:23+00:00","dateModified":"2020-03-31T14:44:30+00:00","author":{"@id":"https:\/\/comunicacaoestrategicacps.com.br\/blog\/#\/schema\/person\/8d447568a01edd36a56dbbcb702b02fc"},"breadcrumb":{"@id":"https:\/\/comunicacaoestrategicacps.com.br\/blog\/abrasel-lanca-contador-de-desemprego-do-setor-de-alimentacao-fora-do-lar-no-brasil\/#breadcrumb"},"inLanguage":"pt-BR","potentialAction":[{"@type":"ReadAction","target":["https:\/\/comunicacaoestrategicacps.com.br\/blog\/abrasel-lanca-contador-de-desemprego-do-setor-de-alimentacao-fora-do-lar-no-brasil\/"]}]},{"@type":"ImageObject","inLanguage":"pt-BR","@id":"https:\/\/comunicacaoestrategicacps.com.br\/blog\/abrasel-lanca-contador-de-desemprego-do-setor-de-alimentacao-fora-do-lar-no-brasil\/#primaryimage","url":"https:\/\/comunicacaoestrategicacps.com.br\/blog\/wp-content\/uploads\/2020\/02\/Matheus-Mason-1-1-300x213-1.png","contentUrl":"https:\/\/comunicacaoestrategicacps.com.br\/blog\/wp-content\/uploads\/2020\/02\/Matheus-Mason-1-1-300x213-1.png","width":300,"height":213},{"@type":"BreadcrumbList","@id":"https:\/\/comunicacaoestrategicacps.com.br\/blog\/abrasel-lanca-contador-de-desemprego-do-setor-de-alimentacao-fora-do-lar-no-brasil\/#breadcrumb","itemListElement":[{"@type":"ListItem","position":1,"name":"In\u00edcio","item":"https:\/\/comunicacaoestrategicacps.com.br\/blog\/"},{"@type":"ListItem","position":2,"name":"Abrasel lan\u00e7a Contador de Desemprego do setor de alimenta\u00e7\u00e3o fora do lar no Brasil"}]},{"@type":"WebSite","@id":"https:\/\/comunicacaoestrategicacps.com.br\/blog\/#website","url":"https:\/\/comunicacaoestrategicacps.com.br\/blog\/","name":"Comunica\u00e7\u00e3o Estrat\u00e9gica","description":"Comunica\u00e7\u00e3o Estrat\u00e9gica  - Assessoria de Imprensa","potentialAction":[{"@type":"SearchAction","target":{"@type":"EntryPoint","urlTemplate":"https:\/\/comunicacaoestrategicacps.com.br\/blog\/?s={search_term_string}"},"query-input":{"@type":"PropertyValueSpecification","valueRequired":true,"valueName":"search_term_string"}}],"inLanguage":"pt-BR"},{"@type":"Person","@id":"https:\/\/comunicacaoestrategicacps.com.br\/blog\/#\/schema\/person\/8d447568a01edd36a56dbbcb702b02fc","name":"admin","image":{"@type":"ImageObject","inLanguage":"pt-BR","@id":"https:\/\/secure.gravatar.com\/avatar\/2cc026ea89b57b9d913d4ce5b90a0490046c0c9048a129e24cc44313a90d3f77?s=96&d=mm&r=g","url":"https:\/\/secure.gravatar.com\/avatar\/2cc026ea89b57b9d913d4ce5b90a0490046c0c9048a129e24cc44313a90d3f77?s=96&d=mm&r=g","contentUrl":"https:\/\/secure.gravatar.com\/avatar\/2cc026ea89b57b9d913d4ce5b90a0490046c0c9048a129e24cc44313a90d3f77?s=96&d=mm&r=g","caption":"admin"},"url":"https:\/\/comunicacaoestrategicacps.com.br\/blog\/author\/admin\/"}]}},"builder_content":"","_links":{"self":[{"href":"https:\/\/comunicacaoestrategicacps.com.br\/blog\/wp-json\/wp\/v2\/posts\/652","targetHints":{"allow":["GET"]}}],"collection":[{"href":"https:\/\/comunicacaoestrategicacps.com.br\/blog\/wp-json\/wp\/v2\/posts"}],"about":[{"href":"https:\/\/comunicacaoestrategicacps.com.br\/blog\/wp-json\/wp\/v2\/types\/post"}],"author":[{"embeddable":true,"href":"https:\/\/comunicacaoestrategicacps.com.br\/blog\/wp-json\/wp\/v2\/users\/1"}],"replies":[{"embeddable":true,"href":"https:\/\/comunicacaoestrategicacps.com.br\/blog\/wp-json\/wp\/v2\/comments?post=652"}],"version-history":[{"count":1,"href":"https:\/\/comunicacaoestrategicacps.com.br\/blog\/wp-json\/wp\/v2\/posts\/652\/revisions"}],"predecessor-version":[{"id":653,"href":"https:\/\/comunicacaoestrategicacps.com.br\/blog\/wp-json\/wp\/v2\/posts\/652\/revisions\/653"}],"wp:featuredmedia":[{"embeddable":true,"href":"https:\/\/comunicacaoestrategicacps.com.br\/blog\/wp-json\/wp\/v2\/media\/509"}],"wp:attachment":[{"href":"https:\/\/comunicacaoestrategicacps.com.br\/blog\/wp-json\/wp\/v2\/media?parent=652"}],"wp:term":[{"taxonomy":"category","embeddable":true,"href":"https:\/\/comunicacaoestrategicacps.com.br\/blog\/wp-json\/wp\/v2\/categories?post=652"},{"taxonomy":"post_tag","embeddable":true,"href":"https:\/\/comunicacaoestrategicacps.com.br\/blog\/wp-json\/wp\/v2\/tags?post=652"}],"curies":[{"name":"wp","href":"https:\/\/api.w.org\/{rel}","templated":true}]}}