{"id":664,"date":"2020-04-06T16:07:33","date_gmt":"2020-04-06T19:07:33","guid":{"rendered":"https:\/\/comunicacaoestrategicacps.com.br\/blog\/?p=664"},"modified":"2020-04-06T16:07:38","modified_gmt":"2020-04-06T19:07:38","slug":"mp-936-sobre-reducao-de-salarios-e-pagamento-pelo-governo-deve-garantir-a-manutencao-de-23-mil-empregos-nos-bares-e-restaurantes-da-rmc","status":"publish","type":"post","link":"https:\/\/comunicacaoestrategicacps.com.br\/blog\/mp-936-sobre-reducao-de-salarios-e-pagamento-pelo-governo-deve-garantir-a-manutencao-de-23-mil-empregos-nos-bares-e-restaurantes-da-rmc\/","title":{"rendered":"MP 936 sobre redu\u00e7\u00e3o de sal\u00e1rios e pagamento pelo Governo deve garantir a manuten\u00e7\u00e3o de 23 mil empregos nos bares e restaurantes da RMC"},"content":{"rendered":"<!--themify_builder_content-->\n<div id=\"themify_builder_content-664\" data-postid=\"664\" class=\"themify_builder_content themify_builder_content-664 themify_builder tf_clear\">\n    <\/div>\n<!--\/themify_builder_content-->\n\n\n<p><strong>Campinas,\n06 de Abril de 2020<\/strong>\n\u2013 Foi publicada no Di\u00e1rio Oficial da Uni\u00e3o desta quinta (2) a Medida Provis\u00f3ria\n936, que permite a redu\u00e7\u00e3o de sal\u00e1rio dos trabalhadores de micro e pequenas\nempresas, com o governo complementando a diferen\u00e7a por dois meses. A MP de\nsocorro \u00e0s empresas para garantir a manuten\u00e7\u00e3o dos empregos prev\u00ea a libera\u00e7\u00e3o\nde R$ 51 bilh\u00f5es para complementa\u00e7\u00e3o salarial.<\/p>\n\n\n\n<p>Somente no setor de Alimenta\u00e7\u00e3o Fora do Lar, formado por bares e restaurantes, a MP de socorro emergencial pode garantir a manuten\u00e7\u00e3o de cerca de 23 mil postos de trabalho na Regi\u00e3o Metropolitana de Campinas (RMC), amea\u00e7ados com a falta de faturamento do setor. Do total de demiss\u00f5es estimadas pela Associa\u00e7\u00e3o Brasileira de Bares e Restaurantes Regi\u00e3o Metropolitana de Campinas (Abrasel RMC), metade se concentra na cidade de Campinas.<\/p>\n\n\n\n<p>A\nMP em vigor prev\u00ea a libera\u00e7\u00e3o dos recursos em 30 dias, a partir da formaliza\u00e7\u00e3o\nde acordo e envio para o Minist\u00e9rio da Economia., beneficiando cerca de 12 mil\nbares e restaurantes na RMC, que empregam 60 mil pessoas. Para o presidente da\nAbrasel RMC, Matheus Mason, foram duas semanas tensas, \u00e0 espera desse an\u00fancio\ndo governo federal. \u201cCom esta ajuda, os bares e restaurantes ganham um al\u00edvio\npara garantir a manuten\u00e7\u00e3o de cerca de 30 mil postos de trabalhos que estavam\nsob amea\u00e7a\u201d, afirma.<\/p>\n\n\n\n<p>Com\no fechamento tempor\u00e1rio das atividades por conta da Quarentena estadual e\nmunicipais, os estabelecimentos ficaram, da noite para o dia, sem caixa para\nefetuar o pagamento dos sal\u00e1rios. A primeira medida adotada foi colocar\nfuncion\u00e1rios em f\u00e9rias ou dispens\u00e1-los at\u00e9 o fim da quarentena.<\/p>\n\n\n\n<p>Para\no presidente da Abrasel RMC, a MP deve ajudar a frear as demiss\u00f5es no setor,\nque j\u00e1 estavam ocorrendo desde o inicio da semana. \u201cAinda estamos avaliando com\nnosso jur\u00eddico o impacto da medida, mas com certeza ela vai interromper as\ndemiss\u00f5es, que j\u00e1 passaram de 6,4 mil em nossa regi\u00e3o\u201d, disse.<\/p>\n\n\n\n<p>\u201cMuitas\nempresas n\u00e3o tiveram f\u00f4lego financeiro para ag\u00fcentar o fechamento e a queda do\nfaturamento\u201d, explica Mason. Para estes casos, a MP n\u00e3o ter\u00e1 nenhuma validade e\nos funcion\u00e1rios n\u00e3o poder\u00e3o ser readmitidos pelo prazo de seis meses, como\ndetermina a legisla\u00e7\u00e3o.<\/p>\n\n\n\n<p>\u201cAinda\ntemos muito trabalho pela frente. Temos que recuperar as empresas, a sa\u00fade da\npopula\u00e7\u00e3o e sobreviver ao coronav\u00edrus. Mas \u00e9 uma sensa\u00e7\u00e3o de al\u00edvio\u201d, completa.<\/p>\n\n\n\n<p>Para\no empres\u00e1rio Dino Ramos, propriet\u00e1rio do Dom Brejas, a MP \u00e9 bem vista para a\nmanuten\u00e7\u00e3o dos postos de trabalho. \u201cCom ela, vamos manter todo nosso quadro,\nhoje com seis pessoas\u201d, explica. Ele lembra que a medida tamb\u00e9m \u00e9 essencial\npara o setor ganhar f\u00f4lego na retomada. \u201cSomos um dos primeiros a serem\nafetados com esta crise e seremos os \u00faltimos a sair dela, j\u00e1 que levar\u00e1 um\ntempo para a recupera\u00e7\u00e3o, at\u00e9 que o p\u00fablico sinta confian\u00e7a em sair de casa,\nter contato novamente com as pessoas\u201d, acrescenta\n\nA MP para salvar empregos e empresas vinha sendo\nnegociada pela Abrasel Nacional junto ao governo federal h\u00e1 mais de duas\nsemanas, ainda no inicio da crise e antes da decreta\u00e7\u00e3o da Quarentena. \u201cA\nexecutiva nacional da entidade trabalhou muito para que este socorro viesse o\nmais r\u00e1pido poss\u00edvel e hoje podemos comemorar o f\u00f4lego que as empresas ganharam\ne a manuten\u00e7\u00e3o dos empregos, n\u00e3o s\u00f3 na regi\u00e3o, como no Brasil todo\u201d, afirma Mason. Ele ressalta que no Brasil o\nsegmento \u00e9 respons\u00e1vel pela gera\u00e7\u00e3o de 6 milh\u00f5es de postos de trabalho.\n\n\n\n<\/p>","protected":false},"excerpt":{"rendered":"<p>Campinas, 06 de Abril de 2020 \u2013 Foi publicada no Di\u00e1rio Oficial da Uni\u00e3o desta quinta (2) a Medida Provis\u00f3ria 936, que permite a redu\u00e7\u00e3o de sal\u00e1rio dos trabalhadores de micro e pequenas empresas, com o governo complementando a diferen\u00e7a por dois meses. A MP de socorro \u00e0s empresas para garantir a manuten\u00e7\u00e3o dos empregos [&hellip;]<\/p>\n","protected":false},"author":1,"featured_media":569,"comment_status":"open","ping_status":"open","sticky":false,"template":"","format":"standard","meta":{"footnotes":""},"categories":[43],"tags":[],"class_list":["post-664","post","type-post","status-publish","format-standard","has-post-thumbnail","hentry","category-negocios-e-economia","has-post-title","has-post-date","has-post-category","has-post-tag","has-post-comment","has-post-author",""],"yoast_head":"<!-- This site is optimized with the Yoast SEO plugin v27.4 - https:\/\/yoast.com\/product\/yoast-seo-wordpress\/ -->\n<title>MP 936 sobre redu\u00e7\u00e3o de sal\u00e1rios e pagamento pelo Governo deve garantir a manuten\u00e7\u00e3o de 23 mil empregos nos bares e restaurantes da RMC - Comunica\u00e7\u00e3o Estrat\u00e9gica<\/title>\n<meta name=\"robots\" content=\"index, follow, max-snippet:-1, max-image-preview:large, max-video-preview:-1\" \/>\n<link rel=\"canonical\" href=\"https:\/\/comunicacaoestrategicacps.com.br\/blog\/mp-936-sobre-reducao-de-salarios-e-pagamento-pelo-governo-deve-garantir-a-manutencao-de-23-mil-empregos-nos-bares-e-restaurantes-da-rmc\/\" \/>\n<meta property=\"og:locale\" content=\"pt_BR\" \/>\n<meta property=\"og:type\" content=\"article\" \/>\n<meta property=\"og:title\" content=\"MP 936 sobre redu\u00e7\u00e3o de sal\u00e1rios e pagamento pelo Governo deve garantir a manuten\u00e7\u00e3o de 23 mil empregos nos bares e restaurantes da RMC - Comunica\u00e7\u00e3o Estrat\u00e9gica\" \/>\n<meta property=\"og:description\" content=\"Campinas, 06 de Abril de 2020 \u2013 Foi publicada no Di\u00e1rio Oficial da Uni\u00e3o desta quinta (2) a Medida Provis\u00f3ria 936, que permite a redu\u00e7\u00e3o de sal\u00e1rio dos trabalhadores de micro e pequenas empresas, com o governo complementando a diferen\u00e7a por dois meses. A MP de socorro \u00e0s empresas para garantir a manuten\u00e7\u00e3o dos empregos [&hellip;]\" \/>\n<meta property=\"og:url\" content=\"https:\/\/comunicacaoestrategicacps.com.br\/blog\/mp-936-sobre-reducao-de-salarios-e-pagamento-pelo-governo-deve-garantir-a-manutencao-de-23-mil-empregos-nos-bares-e-restaurantes-da-rmc\/\" \/>\n<meta property=\"og:site_name\" content=\"Comunica\u00e7\u00e3o Estrat\u00e9gica\" \/>\n<meta property=\"article:published_time\" content=\"2020-04-06T19:07:33+00:00\" \/>\n<meta property=\"article:modified_time\" content=\"2020-04-06T19:07:38+00:00\" \/>\n<meta property=\"og:image\" content=\"https:\/\/comunicacaoestrategicacps.com.br\/blog\/wp-content\/uploads\/2020\/02\/matheus-mason.jpg\" \/>\n\t<meta property=\"og:image:width\" content=\"315\" \/>\n\t<meta property=\"og:image:height\" content=\"160\" \/>\n\t<meta property=\"og:image:type\" content=\"image\/jpeg\" \/>\n<meta name=\"author\" content=\"admin\" \/>\n<meta name=\"twitter:card\" content=\"summary_large_image\" \/>\n<meta name=\"twitter:label1\" content=\"Escrito por\" \/>\n\t<meta name=\"twitter:data1\" content=\"admin\" \/>\n\t<meta name=\"twitter:label2\" content=\"Est. tempo de leitura\" \/>\n\t<meta name=\"twitter:data2\" content=\"3 minutos\" \/>\n<script type=\"application\/ld+json\" class=\"yoast-schema-graph\">{\"@context\":\"https:\\\/\\\/schema.org\",\"@graph\":[{\"@type\":\"Article\",\"@id\":\"https:\\\/\\\/comunicacaoestrategicacps.com.br\\\/blog\\\/mp-936-sobre-reducao-de-salarios-e-pagamento-pelo-governo-deve-garantir-a-manutencao-de-23-mil-empregos-nos-bares-e-restaurantes-da-rmc\\\/#article\",\"isPartOf\":{\"@id\":\"https:\\\/\\\/comunicacaoestrategicacps.com.br\\\/blog\\\/mp-936-sobre-reducao-de-salarios-e-pagamento-pelo-governo-deve-garantir-a-manutencao-de-23-mil-empregos-nos-bares-e-restaurantes-da-rmc\\\/\"},\"author\":{\"name\":\"admin\",\"@id\":\"https:\\\/\\\/comunicacaoestrategicacps.com.br\\\/blog\\\/#\\\/schema\\\/person\\\/8d447568a01edd36a56dbbcb702b02fc\"},\"headline\":\"MP 936 sobre redu\u00e7\u00e3o de sal\u00e1rios e pagamento pelo Governo deve garantir a manuten\u00e7\u00e3o de 23 mil empregos nos bares e restaurantes da RMC\",\"datePublished\":\"2020-04-06T19:07:33+00:00\",\"dateModified\":\"2020-04-06T19:07:38+00:00\",\"mainEntityOfPage\":{\"@id\":\"https:\\\/\\\/comunicacaoestrategicacps.com.br\\\/blog\\\/mp-936-sobre-reducao-de-salarios-e-pagamento-pelo-governo-deve-garantir-a-manutencao-de-23-mil-empregos-nos-bares-e-restaurantes-da-rmc\\\/\"},\"wordCount\":639,\"commentCount\":0,\"image\":{\"@id\":\"https:\\\/\\\/comunicacaoestrategicacps.com.br\\\/blog\\\/mp-936-sobre-reducao-de-salarios-e-pagamento-pelo-governo-deve-garantir-a-manutencao-de-23-mil-empregos-nos-bares-e-restaurantes-da-rmc\\\/#primaryimage\"},\"thumbnailUrl\":\"https:\\\/\\\/comunicacaoestrategicacps.com.br\\\/blog\\\/wp-content\\\/uploads\\\/2020\\\/02\\\/matheus-mason.jpg\",\"articleSection\":[\"Neg\u00f3cios e Economia\"],\"inLanguage\":\"pt-BR\",\"potentialAction\":[{\"@type\":\"CommentAction\",\"name\":\"Comment\",\"target\":[\"https:\\\/\\\/comunicacaoestrategicacps.com.br\\\/blog\\\/mp-936-sobre-reducao-de-salarios-e-pagamento-pelo-governo-deve-garantir-a-manutencao-de-23-mil-empregos-nos-bares-e-restaurantes-da-rmc\\\/#respond\"]}]},{\"@type\":\"WebPage\",\"@id\":\"https:\\\/\\\/comunicacaoestrategicacps.com.br\\\/blog\\\/mp-936-sobre-reducao-de-salarios-e-pagamento-pelo-governo-deve-garantir-a-manutencao-de-23-mil-empregos-nos-bares-e-restaurantes-da-rmc\\\/\",\"url\":\"https:\\\/\\\/comunicacaoestrategicacps.com.br\\\/blog\\\/mp-936-sobre-reducao-de-salarios-e-pagamento-pelo-governo-deve-garantir-a-manutencao-de-23-mil-empregos-nos-bares-e-restaurantes-da-rmc\\\/\",\"name\":\"MP 936 sobre redu\u00e7\u00e3o de sal\u00e1rios e pagamento pelo Governo deve garantir a manuten\u00e7\u00e3o de 23 mil empregos nos bares e restaurantes da RMC - Comunica\u00e7\u00e3o Estrat\u00e9gica\",\"isPartOf\":{\"@id\":\"https:\\\/\\\/comunicacaoestrategicacps.com.br\\\/blog\\\/#website\"},\"primaryImageOfPage\":{\"@id\":\"https:\\\/\\\/comunicacaoestrategicacps.com.br\\\/blog\\\/mp-936-sobre-reducao-de-salarios-e-pagamento-pelo-governo-deve-garantir-a-manutencao-de-23-mil-empregos-nos-bares-e-restaurantes-da-rmc\\\/#primaryimage\"},\"image\":{\"@id\":\"https:\\\/\\\/comunicacaoestrategicacps.com.br\\\/blog\\\/mp-936-sobre-reducao-de-salarios-e-pagamento-pelo-governo-deve-garantir-a-manutencao-de-23-mil-empregos-nos-bares-e-restaurantes-da-rmc\\\/#primaryimage\"},\"thumbnailUrl\":\"https:\\\/\\\/comunicacaoestrategicacps.com.br\\\/blog\\\/wp-content\\\/uploads\\\/2020\\\/02\\\/matheus-mason.jpg\",\"datePublished\":\"2020-04-06T19:07:33+00:00\",\"dateModified\":\"2020-04-06T19:07:38+00:00\",\"author\":{\"@id\":\"https:\\\/\\\/comunicacaoestrategicacps.com.br\\\/blog\\\/#\\\/schema\\\/person\\\/8d447568a01edd36a56dbbcb702b02fc\"},\"breadcrumb\":{\"@id\":\"https:\\\/\\\/comunicacaoestrategicacps.com.br\\\/blog\\\/mp-936-sobre-reducao-de-salarios-e-pagamento-pelo-governo-deve-garantir-a-manutencao-de-23-mil-empregos-nos-bares-e-restaurantes-da-rmc\\\/#breadcrumb\"},\"inLanguage\":\"pt-BR\",\"potentialAction\":[{\"@type\":\"ReadAction\",\"target\":[\"https:\\\/\\\/comunicacaoestrategicacps.com.br\\\/blog\\\/mp-936-sobre-reducao-de-salarios-e-pagamento-pelo-governo-deve-garantir-a-manutencao-de-23-mil-empregos-nos-bares-e-restaurantes-da-rmc\\\/\"]}]},{\"@type\":\"ImageObject\",\"inLanguage\":\"pt-BR\",\"@id\":\"https:\\\/\\\/comunicacaoestrategicacps.com.br\\\/blog\\\/mp-936-sobre-reducao-de-salarios-e-pagamento-pelo-governo-deve-garantir-a-manutencao-de-23-mil-empregos-nos-bares-e-restaurantes-da-rmc\\\/#primaryimage\",\"url\":\"https:\\\/\\\/comunicacaoestrategicacps.com.br\\\/blog\\\/wp-content\\\/uploads\\\/2020\\\/02\\\/matheus-mason.jpg\",\"contentUrl\":\"https:\\\/\\\/comunicacaoestrategicacps.com.br\\\/blog\\\/wp-content\\\/uploads\\\/2020\\\/02\\\/matheus-mason.jpg\",\"width\":315,\"height\":160},{\"@type\":\"BreadcrumbList\",\"@id\":\"https:\\\/\\\/comunicacaoestrategicacps.com.br\\\/blog\\\/mp-936-sobre-reducao-de-salarios-e-pagamento-pelo-governo-deve-garantir-a-manutencao-de-23-mil-empregos-nos-bares-e-restaurantes-da-rmc\\\/#breadcrumb\",\"itemListElement\":[{\"@type\":\"ListItem\",\"position\":1,\"name\":\"In\u00edcio\",\"item\":\"https:\\\/\\\/comunicacaoestrategicacps.com.br\\\/blog\\\/\"},{\"@type\":\"ListItem\",\"position\":2,\"name\":\"MP 936 sobre redu\u00e7\u00e3o de sal\u00e1rios e pagamento pelo Governo deve garantir a manuten\u00e7\u00e3o de 23 mil empregos nos bares e restaurantes da RMC\"}]},{\"@type\":\"WebSite\",\"@id\":\"https:\\\/\\\/comunicacaoestrategicacps.com.br\\\/blog\\\/#website\",\"url\":\"https:\\\/\\\/comunicacaoestrategicacps.com.br\\\/blog\\\/\",\"name\":\"Comunica\u00e7\u00e3o Estrat\u00e9gica\",\"description\":\"Comunica\u00e7\u00e3o Estrat\u00e9gica  - Assessoria de Imprensa\",\"potentialAction\":[{\"@type\":\"SearchAction\",\"target\":{\"@type\":\"EntryPoint\",\"urlTemplate\":\"https:\\\/\\\/comunicacaoestrategicacps.com.br\\\/blog\\\/?s={search_term_string}\"},\"query-input\":{\"@type\":\"PropertyValueSpecification\",\"valueRequired\":true,\"valueName\":\"search_term_string\"}}],\"inLanguage\":\"pt-BR\"},{\"@type\":\"Person\",\"@id\":\"https:\\\/\\\/comunicacaoestrategicacps.com.br\\\/blog\\\/#\\\/schema\\\/person\\\/8d447568a01edd36a56dbbcb702b02fc\",\"name\":\"admin\",\"image\":{\"@type\":\"ImageObject\",\"inLanguage\":\"pt-BR\",\"@id\":\"https:\\\/\\\/secure.gravatar.com\\\/avatar\\\/2cc026ea89b57b9d913d4ce5b90a0490046c0c9048a129e24cc44313a90d3f77?s=96&d=mm&r=g\",\"url\":\"https:\\\/\\\/secure.gravatar.com\\\/avatar\\\/2cc026ea89b57b9d913d4ce5b90a0490046c0c9048a129e24cc44313a90d3f77?s=96&d=mm&r=g\",\"contentUrl\":\"https:\\\/\\\/secure.gravatar.com\\\/avatar\\\/2cc026ea89b57b9d913d4ce5b90a0490046c0c9048a129e24cc44313a90d3f77?s=96&d=mm&r=g\",\"caption\":\"admin\"},\"url\":\"https:\\\/\\\/comunicacaoestrategicacps.com.br\\\/blog\\\/author\\\/admin\\\/\"}]}<\/script>\n<!-- \/ Yoast SEO plugin. -->","yoast_head_json":{"title":"MP 936 sobre redu\u00e7\u00e3o de sal\u00e1rios e pagamento pelo Governo deve garantir a manuten\u00e7\u00e3o de 23 mil empregos nos bares e restaurantes da RMC - Comunica\u00e7\u00e3o Estrat\u00e9gica","robots":{"index":"index","follow":"follow","max-snippet":"max-snippet:-1","max-image-preview":"max-image-preview:large","max-video-preview":"max-video-preview:-1"},"canonical":"https:\/\/comunicacaoestrategicacps.com.br\/blog\/mp-936-sobre-reducao-de-salarios-e-pagamento-pelo-governo-deve-garantir-a-manutencao-de-23-mil-empregos-nos-bares-e-restaurantes-da-rmc\/","og_locale":"pt_BR","og_type":"article","og_title":"MP 936 sobre redu\u00e7\u00e3o de sal\u00e1rios e pagamento pelo Governo deve garantir a manuten\u00e7\u00e3o de 23 mil empregos nos bares e restaurantes da RMC - Comunica\u00e7\u00e3o Estrat\u00e9gica","og_description":"Campinas, 06 de Abril de 2020 \u2013 Foi publicada no Di\u00e1rio Oficial da Uni\u00e3o desta quinta (2) a Medida Provis\u00f3ria 936, que permite a redu\u00e7\u00e3o de sal\u00e1rio dos trabalhadores de micro e pequenas empresas, com o governo complementando a diferen\u00e7a por dois meses. A MP de socorro \u00e0s empresas para garantir a manuten\u00e7\u00e3o dos empregos [&hellip;]","og_url":"https:\/\/comunicacaoestrategicacps.com.br\/blog\/mp-936-sobre-reducao-de-salarios-e-pagamento-pelo-governo-deve-garantir-a-manutencao-de-23-mil-empregos-nos-bares-e-restaurantes-da-rmc\/","og_site_name":"Comunica\u00e7\u00e3o Estrat\u00e9gica","article_published_time":"2020-04-06T19:07:33+00:00","article_modified_time":"2020-04-06T19:07:38+00:00","og_image":[{"width":315,"height":160,"url":"https:\/\/comunicacaoestrategicacps.com.br\/blog\/wp-content\/uploads\/2020\/02\/matheus-mason.jpg","type":"image\/jpeg"}],"author":"admin","twitter_card":"summary_large_image","twitter_misc":{"Escrito por":"admin","Est. tempo de leitura":"3 minutos"},"schema":{"@context":"https:\/\/schema.org","@graph":[{"@type":"Article","@id":"https:\/\/comunicacaoestrategicacps.com.br\/blog\/mp-936-sobre-reducao-de-salarios-e-pagamento-pelo-governo-deve-garantir-a-manutencao-de-23-mil-empregos-nos-bares-e-restaurantes-da-rmc\/#article","isPartOf":{"@id":"https:\/\/comunicacaoestrategicacps.com.br\/blog\/mp-936-sobre-reducao-de-salarios-e-pagamento-pelo-governo-deve-garantir-a-manutencao-de-23-mil-empregos-nos-bares-e-restaurantes-da-rmc\/"},"author":{"name":"admin","@id":"https:\/\/comunicacaoestrategicacps.com.br\/blog\/#\/schema\/person\/8d447568a01edd36a56dbbcb702b02fc"},"headline":"MP 936 sobre redu\u00e7\u00e3o de sal\u00e1rios e pagamento pelo Governo deve garantir a manuten\u00e7\u00e3o de 23 mil empregos nos bares e restaurantes da RMC","datePublished":"2020-04-06T19:07:33+00:00","dateModified":"2020-04-06T19:07:38+00:00","mainEntityOfPage":{"@id":"https:\/\/comunicacaoestrategicacps.com.br\/blog\/mp-936-sobre-reducao-de-salarios-e-pagamento-pelo-governo-deve-garantir-a-manutencao-de-23-mil-empregos-nos-bares-e-restaurantes-da-rmc\/"},"wordCount":639,"commentCount":0,"image":{"@id":"https:\/\/comunicacaoestrategicacps.com.br\/blog\/mp-936-sobre-reducao-de-salarios-e-pagamento-pelo-governo-deve-garantir-a-manutencao-de-23-mil-empregos-nos-bares-e-restaurantes-da-rmc\/#primaryimage"},"thumbnailUrl":"https:\/\/comunicacaoestrategicacps.com.br\/blog\/wp-content\/uploads\/2020\/02\/matheus-mason.jpg","articleSection":["Neg\u00f3cios e Economia"],"inLanguage":"pt-BR","potentialAction":[{"@type":"CommentAction","name":"Comment","target":["https:\/\/comunicacaoestrategicacps.com.br\/blog\/mp-936-sobre-reducao-de-salarios-e-pagamento-pelo-governo-deve-garantir-a-manutencao-de-23-mil-empregos-nos-bares-e-restaurantes-da-rmc\/#respond"]}]},{"@type":"WebPage","@id":"https:\/\/comunicacaoestrategicacps.com.br\/blog\/mp-936-sobre-reducao-de-salarios-e-pagamento-pelo-governo-deve-garantir-a-manutencao-de-23-mil-empregos-nos-bares-e-restaurantes-da-rmc\/","url":"https:\/\/comunicacaoestrategicacps.com.br\/blog\/mp-936-sobre-reducao-de-salarios-e-pagamento-pelo-governo-deve-garantir-a-manutencao-de-23-mil-empregos-nos-bares-e-restaurantes-da-rmc\/","name":"MP 936 sobre redu\u00e7\u00e3o de sal\u00e1rios e pagamento pelo Governo deve garantir a manuten\u00e7\u00e3o de 23 mil empregos nos bares e restaurantes da RMC - Comunica\u00e7\u00e3o Estrat\u00e9gica","isPartOf":{"@id":"https:\/\/comunicacaoestrategicacps.com.br\/blog\/#website"},"primaryImageOfPage":{"@id":"https:\/\/comunicacaoestrategicacps.com.br\/blog\/mp-936-sobre-reducao-de-salarios-e-pagamento-pelo-governo-deve-garantir-a-manutencao-de-23-mil-empregos-nos-bares-e-restaurantes-da-rmc\/#primaryimage"},"image":{"@id":"https:\/\/comunicacaoestrategicacps.com.br\/blog\/mp-936-sobre-reducao-de-salarios-e-pagamento-pelo-governo-deve-garantir-a-manutencao-de-23-mil-empregos-nos-bares-e-restaurantes-da-rmc\/#primaryimage"},"thumbnailUrl":"https:\/\/comunicacaoestrategicacps.com.br\/blog\/wp-content\/uploads\/2020\/02\/matheus-mason.jpg","datePublished":"2020-04-06T19:07:33+00:00","dateModified":"2020-04-06T19:07:38+00:00","author":{"@id":"https:\/\/comunicacaoestrategicacps.com.br\/blog\/#\/schema\/person\/8d447568a01edd36a56dbbcb702b02fc"},"breadcrumb":{"@id":"https:\/\/comunicacaoestrategicacps.com.br\/blog\/mp-936-sobre-reducao-de-salarios-e-pagamento-pelo-governo-deve-garantir-a-manutencao-de-23-mil-empregos-nos-bares-e-restaurantes-da-rmc\/#breadcrumb"},"inLanguage":"pt-BR","potentialAction":[{"@type":"ReadAction","target":["https:\/\/comunicacaoestrategicacps.com.br\/blog\/mp-936-sobre-reducao-de-salarios-e-pagamento-pelo-governo-deve-garantir-a-manutencao-de-23-mil-empregos-nos-bares-e-restaurantes-da-rmc\/"]}]},{"@type":"ImageObject","inLanguage":"pt-BR","@id":"https:\/\/comunicacaoestrategicacps.com.br\/blog\/mp-936-sobre-reducao-de-salarios-e-pagamento-pelo-governo-deve-garantir-a-manutencao-de-23-mil-empregos-nos-bares-e-restaurantes-da-rmc\/#primaryimage","url":"https:\/\/comunicacaoestrategicacps.com.br\/blog\/wp-content\/uploads\/2020\/02\/matheus-mason.jpg","contentUrl":"https:\/\/comunicacaoestrategicacps.com.br\/blog\/wp-content\/uploads\/2020\/02\/matheus-mason.jpg","width":315,"height":160},{"@type":"BreadcrumbList","@id":"https:\/\/comunicacaoestrategicacps.com.br\/blog\/mp-936-sobre-reducao-de-salarios-e-pagamento-pelo-governo-deve-garantir-a-manutencao-de-23-mil-empregos-nos-bares-e-restaurantes-da-rmc\/#breadcrumb","itemListElement":[{"@type":"ListItem","position":1,"name":"In\u00edcio","item":"https:\/\/comunicacaoestrategicacps.com.br\/blog\/"},{"@type":"ListItem","position":2,"name":"MP 936 sobre redu\u00e7\u00e3o de sal\u00e1rios e pagamento pelo Governo deve garantir a manuten\u00e7\u00e3o de 23 mil empregos nos bares e restaurantes da RMC"}]},{"@type":"WebSite","@id":"https:\/\/comunicacaoestrategicacps.com.br\/blog\/#website","url":"https:\/\/comunicacaoestrategicacps.com.br\/blog\/","name":"Comunica\u00e7\u00e3o Estrat\u00e9gica","description":"Comunica\u00e7\u00e3o Estrat\u00e9gica  - Assessoria de Imprensa","potentialAction":[{"@type":"SearchAction","target":{"@type":"EntryPoint","urlTemplate":"https:\/\/comunicacaoestrategicacps.com.br\/blog\/?s={search_term_string}"},"query-input":{"@type":"PropertyValueSpecification","valueRequired":true,"valueName":"search_term_string"}}],"inLanguage":"pt-BR"},{"@type":"Person","@id":"https:\/\/comunicacaoestrategicacps.com.br\/blog\/#\/schema\/person\/8d447568a01edd36a56dbbcb702b02fc","name":"admin","image":{"@type":"ImageObject","inLanguage":"pt-BR","@id":"https:\/\/secure.gravatar.com\/avatar\/2cc026ea89b57b9d913d4ce5b90a0490046c0c9048a129e24cc44313a90d3f77?s=96&d=mm&r=g","url":"https:\/\/secure.gravatar.com\/avatar\/2cc026ea89b57b9d913d4ce5b90a0490046c0c9048a129e24cc44313a90d3f77?s=96&d=mm&r=g","contentUrl":"https:\/\/secure.gravatar.com\/avatar\/2cc026ea89b57b9d913d4ce5b90a0490046c0c9048a129e24cc44313a90d3f77?s=96&d=mm&r=g","caption":"admin"},"url":"https:\/\/comunicacaoestrategicacps.com.br\/blog\/author\/admin\/"}]}},"builder_content":"","_links":{"self":[{"href":"https:\/\/comunicacaoestrategicacps.com.br\/blog\/wp-json\/wp\/v2\/posts\/664","targetHints":{"allow":["GET"]}}],"collection":[{"href":"https:\/\/comunicacaoestrategicacps.com.br\/blog\/wp-json\/wp\/v2\/posts"}],"about":[{"href":"https:\/\/comunicacaoestrategicacps.com.br\/blog\/wp-json\/wp\/v2\/types\/post"}],"author":[{"embeddable":true,"href":"https:\/\/comunicacaoestrategicacps.com.br\/blog\/wp-json\/wp\/v2\/users\/1"}],"replies":[{"embeddable":true,"href":"https:\/\/comunicacaoestrategicacps.com.br\/blog\/wp-json\/wp\/v2\/comments?post=664"}],"version-history":[{"count":1,"href":"https:\/\/comunicacaoestrategicacps.com.br\/blog\/wp-json\/wp\/v2\/posts\/664\/revisions"}],"predecessor-version":[{"id":665,"href":"https:\/\/comunicacaoestrategicacps.com.br\/blog\/wp-json\/wp\/v2\/posts\/664\/revisions\/665"}],"wp:featuredmedia":[{"embeddable":true,"href":"https:\/\/comunicacaoestrategicacps.com.br\/blog\/wp-json\/wp\/v2\/media\/569"}],"wp:attachment":[{"href":"https:\/\/comunicacaoestrategicacps.com.br\/blog\/wp-json\/wp\/v2\/media?parent=664"}],"wp:term":[{"taxonomy":"category","embeddable":true,"href":"https:\/\/comunicacaoestrategicacps.com.br\/blog\/wp-json\/wp\/v2\/categories?post=664"},{"taxonomy":"post_tag","embeddable":true,"href":"https:\/\/comunicacaoestrategicacps.com.br\/blog\/wp-json\/wp\/v2\/tags?post=664"}],"curies":[{"name":"wp","href":"https:\/\/api.w.org\/{rel}","templated":true}]}}