{"id":682,"date":"2020-04-23T14:15:04","date_gmt":"2020-04-23T17:15:04","guid":{"rendered":"https:\/\/comunicacaoestrategicacps.com.br\/blog\/?p=682"},"modified":"2020-04-23T14:15:06","modified_gmt":"2020-04-23T17:15:06","slug":"abrasel-rmc-entrega-ao-prefeito-jonas-donizette-protocolo-para-reabertura-gradual-de-bares-e-restaurantes","status":"publish","type":"post","link":"https:\/\/comunicacaoestrategicacps.com.br\/blog\/abrasel-rmc-entrega-ao-prefeito-jonas-donizette-protocolo-para-reabertura-gradual-de-bares-e-restaurantes\/","title":{"rendered":"Abrasel RMC entrega ao prefeito Jonas Donizette protocolo para reabertura gradual de bares e restaurantes"},"content":{"rendered":"<!--themify_builder_content-->\n<div id=\"themify_builder_content-682\" data-postid=\"682\" class=\"themify_builder_content themify_builder_content-682 themify_builder tf_clear\">\n    <\/div>\n<!--\/themify_builder_content-->\n\n\n<figure class=\"wp-block-image size-large\"><img loading=\"lazy\" decoding=\"async\" width=\"1024\" height=\"768\" src=\"https:\/\/comunicacaoestrategicacps.com.br\/blog\/wp-content\/uploads\/2020\/04\/abrasel-prefeitura.jpg\" alt=\"\" class=\"wp-image-683\" srcset=\"https:\/\/comunicacaoestrategicacps.com.br\/blog\/wp-content\/uploads\/2020\/04\/abrasel-prefeitura.jpg 1024w, https:\/\/comunicacaoestrategicacps.com.br\/blog\/wp-content\/uploads\/2020\/04\/abrasel-prefeitura-300x225.jpg 300w, https:\/\/comunicacaoestrategicacps.com.br\/blog\/wp-content\/uploads\/2020\/04\/abrasel-prefeitura-768x576.jpg 768w\" sizes=\"auto, (max-width: 1024px) 100vw, 1024px\" \/><\/figure>\n\n\n\n<p>Campinas, 23 de abril de 2020 &#8211; Um protocolo com\n23 p\u00e1ginas, contendo medidas e boas pr\u00e1ticas de sa\u00fade que bares e restaurantes\ndevem adotar para reabertura gradual dos estabelecimentos, com total seguran\u00e7a\npara os clientes, foi entregue pela diretoria da Associa\u00e7\u00e3o Brasileira de Bares\ne Restaurantes da Regi\u00e3o Metropolitana de Campinas (Abrasel RMC) ao prefeito\nJonas Donizette. A audi\u00eancia aconteceu na manh\u00e3 desta quinta-feira (23), na\nPrefeitura Municipal de Campinas. O \u201cProtocolo Abrasel de Reabertura de Bares e\nRestaurantes\u201d tamb\u00e9m pode servir como diretriz para a Frente Nacional dos\nPrefeitos.<\/p>\n\n\n\n<p>O material preparado pela Abrasel RMC cont\u00e9m\na\u00e7\u00f5es e medidas, alinhadas com as melhores pr\u00e1ticas recomendadas pela Organiza\u00e7\u00e3o\nMundial da Sa\u00fade (OMS) e autoridades em sa\u00fade nacionais e internacionais, com\nsugest\u00f5es a serem implementadas pelos munic\u00edpios para que o setor de\nalimenta\u00e7\u00e3o fora do lar possa reabrir de forma gradual e segura.<\/p>\n\n\n\n<p>O protocolo apresenta um panorama do setor,\ndesde o dia 11 de mar\u00e7o, quando foi decretada a pandemia, passa pelo decreto de\nisolamento (dia 22), quando o volume de vendas caiu para apenas 15% nos bares e\nrestaurantes atrav\u00e9s de delivery e Te Ka Way, e como deve ser conduzida a\nreabertura parcial e total dos estabelecimentos. <\/p>\n\n\n\n<p>Na fase de reabertura, o cronograma da\nAbrasel RMC detalha desde o aviso da abertura parcial para que possa ocorrer o\nplanejamento de toda a cadeia de suprimentos e a retomada do atendimento. Na\nfase de retomada parcial, delimita a\u00e7\u00f5es de preven\u00e7\u00e3o e controle pelos\nestabelecimentos, englobando a parte interna, diretrizes para colaboradores,\nclientes e buffets e bares. J\u00e1 na fase 2 ou retomada total sugere manuten\u00e7\u00e3o\ndas medidas e novas normativas e pontos de aten\u00e7\u00e3o pelos estabelecimentos.<\/p>\n\n\n\n<p>Segundo Matheus Mason, presidente da Abrasel\nRMC, \u201co guia apresenta um modelo de planejamento para a volta da normalidade do\nsetor frente a pandemia do Coronav\u00edrus e traz informa\u00e7\u00f5es relacionadas \u00e0s\npr\u00f3ximas duas fases a serem implantadas: RETOMADA PARCIAL e ABERTURA TOTAL das\nopera\u00e7\u00f5es dos estabelecimentos de alimenta\u00e7\u00e3o fora do lar\u201d, explica,\nacrescentando. \u201cRessaltamos que as medidas descritas abaixo t\u00eam car\u00e1ter de\nrecomenda\u00e7\u00e3o, as quais foram avaliadas e j\u00e1 adotadas por outras cidades,\nestados e pa\u00edses, visando a sa\u00fade e seguran\u00e7a da popula\u00e7\u00e3o no estabelecimento, de\nseus funcion\u00e1rios e clientes\u201d.<\/p>\n\n\n\n<p>Ele diz que para cada fase de reabertura a\nentidade tomou o cuidado de sugerir medidas e preven\u00e7\u00f5es a serem adotadas por cada\nestabelecimento, de forma a preservar a sa\u00fade de seus funcion\u00e1rios,\nentregadores e, principalmente, dos clientes, incluindo espa\u00e7amento entre mesas\ne cadeiras, para manter dist\u00e2ncia entre os clientes.<\/p>\n\n\n\n<p>O prefeito Jonas Donizette, agradeceu a\ndiretoria da entidade pelo programa apresentado. \u201cEu os parabenizo pelo\nprograma de retorno das atividades dos bares e restaurantes, com crit\u00e9rios e\ncuidados com a sa\u00fade da popula\u00e7\u00e3o\u201d, disse. \u201cEste tipo de atitude \u00e9 o que\nprecisa. Trabalhar com seriedade, buscar a retomada das atividades, preservando\na sa\u00fade das pessoas\u201d, destacou o Prefeito, ressaltando, ainda, a import\u00e2ncia da\natitude ter partido da pr\u00f3pria entidade. \u201cVou encaminhar para a Vigil\u00e2ncia\nSanit\u00e1ria e, assim, vamos aos poucos trazendo a normalidade para a nossa\ncidade\u201d, concluiu ele.<\/p>\n\n\n\n<p><strong>TRANSPAR\u00caNCIA E PLANJEMENTO<\/strong><\/p>\n\n\n\n<p>O presidente da Abrasel RMC tamb\u00e9m destacou\nque a entidade est\u00e1 trabalhando no sentido de buscar melhor transpar\u00eancia nas\na\u00e7\u00f5es governamentais e um planejamento para a retomada gradual dos neg\u00f3cios.\n\u201cEstamos falando de um setor bastante complexo, que exige planejamento\nminucioso de trabalho, compra de alimentos e contratos com fornecedores\u201d,\npontuou. \u201cNos bares e restaurantes, precisamos de tempo, pois a reabertura n\u00e3o\nacontece da noite para o dia. Precisamos de pelo menos duas semanas para\nrecolocar as opera\u00e7\u00f5es de p\u00e9 novamente\u201d.<\/p>\n\n\n\n<p>Mason lembrou ainda, que pelo menos dez\nestados e o Distrito Federal, onde a propaga\u00e7\u00e3o da Covid-19 est\u00e1 controlada, j\u00e1\nest\u00e3o flexibilizando as atividades com medidas de seguran\u00e7a e total cuidado.\n\u201cEm Campinas, como os pr\u00f3prios n\u00fameros divulgados ontem pelo Prefeito, a\nsitua\u00e7\u00e3o \u00e9 bem melhor em rela\u00e7\u00e3o ao Brasil e ao Estado, com 166 casos\nconfirmados para cada 1 milh\u00e3o de habitantes (no Brasil, a m\u00e9dia \u00e9 de 166\ncasos, enquanto que no Estado s\u00e3o 280).<\/p>\n\n\n\n<p>A situa\u00e7\u00e3o local tamb\u00e9m \u00e9 melhor em rela\u00e7\u00e3o\nao n\u00famero de \u00f3bitos: s\u00e3o 8,3 casos para cada 1 milh\u00e3o de habitantes, contra 10\ncasos no Brasil e 20 casos no Estado de S\u00e3o Paulo.<\/p>\n\n\n\n<p>\u201cAs medidas preventivas adotadas nos 30 dias\nda Quarentena foram importantes para que Campinas chegasse hoje a uma situa\u00e7\u00e3o\nmelhor que nas m\u00e9dias nacional e regional\u201d, afirma o presidente da Abrasel RMC.\n\u201cPor isso, acreditamos que j\u00e1 \u00e9 poss\u00edvel come\u00e7ar uma flexibiliza\u00e7\u00e3o do\ncom\u00e9rcio, antes que as taxas se mortalidade das empresas e dos empregos\naumentem ainda mais\u201d, completa.<\/p>","protected":false},"excerpt":{"rendered":"<p>Campinas, 23 de abril de 2020 &#8211; Um protocolo com 23 p\u00e1ginas, contendo medidas e boas pr\u00e1ticas de sa\u00fade que bares e restaurantes devem adotar para reabertura gradual dos estabelecimentos, com total seguran\u00e7a para os clientes, foi entregue pela diretoria da Associa\u00e7\u00e3o Brasileira de Bares e Restaurantes da Regi\u00e3o Metropolitana de Campinas (Abrasel RMC) ao [&hellip;]<\/p>\n","protected":false},"author":1,"featured_media":683,"comment_status":"open","ping_status":"open","sticky":false,"template":"","format":"standard","meta":{"footnotes":""},"categories":[43],"tags":[],"class_list":["post-682","post","type-post","status-publish","format-standard","has-post-thumbnail","hentry","category-negocios-e-economia","has-post-title","has-post-date","has-post-category","has-post-tag","has-post-comment","has-post-author",""],"yoast_head":"<!-- This site is optimized with the Yoast SEO plugin v27.4 - https:\/\/yoast.com\/product\/yoast-seo-wordpress\/ -->\n<title>Abrasel RMC entrega ao prefeito Jonas Donizette protocolo para reabertura gradual de bares e restaurantes - Comunica\u00e7\u00e3o Estrat\u00e9gica<\/title>\n<meta name=\"robots\" content=\"index, follow, max-snippet:-1, max-image-preview:large, max-video-preview:-1\" \/>\n<link rel=\"canonical\" href=\"https:\/\/comunicacaoestrategicacps.com.br\/blog\/abrasel-rmc-entrega-ao-prefeito-jonas-donizette-protocolo-para-reabertura-gradual-de-bares-e-restaurantes\/\" \/>\n<meta property=\"og:locale\" content=\"pt_BR\" \/>\n<meta property=\"og:type\" content=\"article\" \/>\n<meta property=\"og:title\" content=\"Abrasel RMC entrega ao prefeito Jonas Donizette protocolo para reabertura gradual de bares e restaurantes - Comunica\u00e7\u00e3o Estrat\u00e9gica\" \/>\n<meta property=\"og:description\" content=\"Campinas, 23 de abril de 2020 &#8211; Um protocolo com 23 p\u00e1ginas, contendo medidas e boas pr\u00e1ticas de sa\u00fade que bares e restaurantes devem adotar para reabertura gradual dos estabelecimentos, com total seguran\u00e7a para os clientes, foi entregue pela diretoria da Associa\u00e7\u00e3o Brasileira de Bares e Restaurantes da Regi\u00e3o Metropolitana de Campinas (Abrasel RMC) ao [&hellip;]\" \/>\n<meta property=\"og:url\" content=\"https:\/\/comunicacaoestrategicacps.com.br\/blog\/abrasel-rmc-entrega-ao-prefeito-jonas-donizette-protocolo-para-reabertura-gradual-de-bares-e-restaurantes\/\" \/>\n<meta property=\"og:site_name\" content=\"Comunica\u00e7\u00e3o Estrat\u00e9gica\" \/>\n<meta property=\"article:published_time\" content=\"2020-04-23T17:15:04+00:00\" \/>\n<meta property=\"article:modified_time\" content=\"2020-04-23T17:15:06+00:00\" \/>\n<meta property=\"og:image\" content=\"https:\/\/comunicacaoestrategicacps.com.br\/blog\/wp-content\/uploads\/2020\/04\/abrasel-prefeitura.jpg\" \/>\n\t<meta property=\"og:image:width\" content=\"1024\" \/>\n\t<meta property=\"og:image:height\" content=\"768\" \/>\n\t<meta property=\"og:image:type\" content=\"image\/jpeg\" \/>\n<meta name=\"author\" content=\"admin\" \/>\n<meta name=\"twitter:card\" content=\"summary_large_image\" \/>\n<meta name=\"twitter:label1\" content=\"Escrito por\" \/>\n\t<meta name=\"twitter:data1\" content=\"admin\" \/>\n\t<meta name=\"twitter:label2\" content=\"Est. tempo de leitura\" \/>\n\t<meta name=\"twitter:data2\" content=\"4 minutos\" \/>\n<script type=\"application\/ld+json\" class=\"yoast-schema-graph\">{\"@context\":\"https:\\\/\\\/schema.org\",\"@graph\":[{\"@type\":\"Article\",\"@id\":\"https:\\\/\\\/comunicacaoestrategicacps.com.br\\\/blog\\\/abrasel-rmc-entrega-ao-prefeito-jonas-donizette-protocolo-para-reabertura-gradual-de-bares-e-restaurantes\\\/#article\",\"isPartOf\":{\"@id\":\"https:\\\/\\\/comunicacaoestrategicacps.com.br\\\/blog\\\/abrasel-rmc-entrega-ao-prefeito-jonas-donizette-protocolo-para-reabertura-gradual-de-bares-e-restaurantes\\\/\"},\"author\":{\"name\":\"admin\",\"@id\":\"https:\\\/\\\/comunicacaoestrategicacps.com.br\\\/blog\\\/#\\\/schema\\\/person\\\/8d447568a01edd36a56dbbcb702b02fc\"},\"headline\":\"Abrasel RMC entrega ao prefeito Jonas Donizette protocolo para reabertura gradual de bares e restaurantes\",\"datePublished\":\"2020-04-23T17:15:04+00:00\",\"dateModified\":\"2020-04-23T17:15:06+00:00\",\"mainEntityOfPage\":{\"@id\":\"https:\\\/\\\/comunicacaoestrategicacps.com.br\\\/blog\\\/abrasel-rmc-entrega-ao-prefeito-jonas-donizette-protocolo-para-reabertura-gradual-de-bares-e-restaurantes\\\/\"},\"wordCount\":834,\"commentCount\":0,\"image\":{\"@id\":\"https:\\\/\\\/comunicacaoestrategicacps.com.br\\\/blog\\\/abrasel-rmc-entrega-ao-prefeito-jonas-donizette-protocolo-para-reabertura-gradual-de-bares-e-restaurantes\\\/#primaryimage\"},\"thumbnailUrl\":\"https:\\\/\\\/comunicacaoestrategicacps.com.br\\\/blog\\\/wp-content\\\/uploads\\\/2020\\\/04\\\/abrasel-prefeitura.jpg\",\"articleSection\":[\"Neg\u00f3cios e Economia\"],\"inLanguage\":\"pt-BR\",\"potentialAction\":[{\"@type\":\"CommentAction\",\"name\":\"Comment\",\"target\":[\"https:\\\/\\\/comunicacaoestrategicacps.com.br\\\/blog\\\/abrasel-rmc-entrega-ao-prefeito-jonas-donizette-protocolo-para-reabertura-gradual-de-bares-e-restaurantes\\\/#respond\"]}]},{\"@type\":\"WebPage\",\"@id\":\"https:\\\/\\\/comunicacaoestrategicacps.com.br\\\/blog\\\/abrasel-rmc-entrega-ao-prefeito-jonas-donizette-protocolo-para-reabertura-gradual-de-bares-e-restaurantes\\\/\",\"url\":\"https:\\\/\\\/comunicacaoestrategicacps.com.br\\\/blog\\\/abrasel-rmc-entrega-ao-prefeito-jonas-donizette-protocolo-para-reabertura-gradual-de-bares-e-restaurantes\\\/\",\"name\":\"Abrasel RMC entrega ao prefeito Jonas Donizette protocolo para reabertura gradual de bares e restaurantes - Comunica\u00e7\u00e3o Estrat\u00e9gica\",\"isPartOf\":{\"@id\":\"https:\\\/\\\/comunicacaoestrategicacps.com.br\\\/blog\\\/#website\"},\"primaryImageOfPage\":{\"@id\":\"https:\\\/\\\/comunicacaoestrategicacps.com.br\\\/blog\\\/abrasel-rmc-entrega-ao-prefeito-jonas-donizette-protocolo-para-reabertura-gradual-de-bares-e-restaurantes\\\/#primaryimage\"},\"image\":{\"@id\":\"https:\\\/\\\/comunicacaoestrategicacps.com.br\\\/blog\\\/abrasel-rmc-entrega-ao-prefeito-jonas-donizette-protocolo-para-reabertura-gradual-de-bares-e-restaurantes\\\/#primaryimage\"},\"thumbnailUrl\":\"https:\\\/\\\/comunicacaoestrategicacps.com.br\\\/blog\\\/wp-content\\\/uploads\\\/2020\\\/04\\\/abrasel-prefeitura.jpg\",\"datePublished\":\"2020-04-23T17:15:04+00:00\",\"dateModified\":\"2020-04-23T17:15:06+00:00\",\"author\":{\"@id\":\"https:\\\/\\\/comunicacaoestrategicacps.com.br\\\/blog\\\/#\\\/schema\\\/person\\\/8d447568a01edd36a56dbbcb702b02fc\"},\"breadcrumb\":{\"@id\":\"https:\\\/\\\/comunicacaoestrategicacps.com.br\\\/blog\\\/abrasel-rmc-entrega-ao-prefeito-jonas-donizette-protocolo-para-reabertura-gradual-de-bares-e-restaurantes\\\/#breadcrumb\"},\"inLanguage\":\"pt-BR\",\"potentialAction\":[{\"@type\":\"ReadAction\",\"target\":[\"https:\\\/\\\/comunicacaoestrategicacps.com.br\\\/blog\\\/abrasel-rmc-entrega-ao-prefeito-jonas-donizette-protocolo-para-reabertura-gradual-de-bares-e-restaurantes\\\/\"]}]},{\"@type\":\"ImageObject\",\"inLanguage\":\"pt-BR\",\"@id\":\"https:\\\/\\\/comunicacaoestrategicacps.com.br\\\/blog\\\/abrasel-rmc-entrega-ao-prefeito-jonas-donizette-protocolo-para-reabertura-gradual-de-bares-e-restaurantes\\\/#primaryimage\",\"url\":\"https:\\\/\\\/comunicacaoestrategicacps.com.br\\\/blog\\\/wp-content\\\/uploads\\\/2020\\\/04\\\/abrasel-prefeitura.jpg\",\"contentUrl\":\"https:\\\/\\\/comunicacaoestrategicacps.com.br\\\/blog\\\/wp-content\\\/uploads\\\/2020\\\/04\\\/abrasel-prefeitura.jpg\",\"width\":1024,\"height\":768},{\"@type\":\"BreadcrumbList\",\"@id\":\"https:\\\/\\\/comunicacaoestrategicacps.com.br\\\/blog\\\/abrasel-rmc-entrega-ao-prefeito-jonas-donizette-protocolo-para-reabertura-gradual-de-bares-e-restaurantes\\\/#breadcrumb\",\"itemListElement\":[{\"@type\":\"ListItem\",\"position\":1,\"name\":\"In\u00edcio\",\"item\":\"https:\\\/\\\/comunicacaoestrategicacps.com.br\\\/blog\\\/\"},{\"@type\":\"ListItem\",\"position\":2,\"name\":\"Abrasel RMC entrega ao prefeito Jonas Donizette protocolo para reabertura gradual de bares e restaurantes\"}]},{\"@type\":\"WebSite\",\"@id\":\"https:\\\/\\\/comunicacaoestrategicacps.com.br\\\/blog\\\/#website\",\"url\":\"https:\\\/\\\/comunicacaoestrategicacps.com.br\\\/blog\\\/\",\"name\":\"Comunica\u00e7\u00e3o Estrat\u00e9gica\",\"description\":\"Comunica\u00e7\u00e3o Estrat\u00e9gica  - Assessoria de Imprensa\",\"potentialAction\":[{\"@type\":\"SearchAction\",\"target\":{\"@type\":\"EntryPoint\",\"urlTemplate\":\"https:\\\/\\\/comunicacaoestrategicacps.com.br\\\/blog\\\/?s={search_term_string}\"},\"query-input\":{\"@type\":\"PropertyValueSpecification\",\"valueRequired\":true,\"valueName\":\"search_term_string\"}}],\"inLanguage\":\"pt-BR\"},{\"@type\":\"Person\",\"@id\":\"https:\\\/\\\/comunicacaoestrategicacps.com.br\\\/blog\\\/#\\\/schema\\\/person\\\/8d447568a01edd36a56dbbcb702b02fc\",\"name\":\"admin\",\"image\":{\"@type\":\"ImageObject\",\"inLanguage\":\"pt-BR\",\"@id\":\"https:\\\/\\\/secure.gravatar.com\\\/avatar\\\/2cc026ea89b57b9d913d4ce5b90a0490046c0c9048a129e24cc44313a90d3f77?s=96&d=mm&r=g\",\"url\":\"https:\\\/\\\/secure.gravatar.com\\\/avatar\\\/2cc026ea89b57b9d913d4ce5b90a0490046c0c9048a129e24cc44313a90d3f77?s=96&d=mm&r=g\",\"contentUrl\":\"https:\\\/\\\/secure.gravatar.com\\\/avatar\\\/2cc026ea89b57b9d913d4ce5b90a0490046c0c9048a129e24cc44313a90d3f77?s=96&d=mm&r=g\",\"caption\":\"admin\"},\"url\":\"https:\\\/\\\/comunicacaoestrategicacps.com.br\\\/blog\\\/author\\\/admin\\\/\"}]}<\/script>\n<!-- \/ Yoast SEO plugin. -->","yoast_head_json":{"title":"Abrasel RMC entrega ao prefeito Jonas Donizette protocolo para reabertura gradual de bares e restaurantes - Comunica\u00e7\u00e3o Estrat\u00e9gica","robots":{"index":"index","follow":"follow","max-snippet":"max-snippet:-1","max-image-preview":"max-image-preview:large","max-video-preview":"max-video-preview:-1"},"canonical":"https:\/\/comunicacaoestrategicacps.com.br\/blog\/abrasel-rmc-entrega-ao-prefeito-jonas-donizette-protocolo-para-reabertura-gradual-de-bares-e-restaurantes\/","og_locale":"pt_BR","og_type":"article","og_title":"Abrasel RMC entrega ao prefeito Jonas Donizette protocolo para reabertura gradual de bares e restaurantes - Comunica\u00e7\u00e3o Estrat\u00e9gica","og_description":"Campinas, 23 de abril de 2020 &#8211; Um protocolo com 23 p\u00e1ginas, contendo medidas e boas pr\u00e1ticas de sa\u00fade que bares e restaurantes devem adotar para reabertura gradual dos estabelecimentos, com total seguran\u00e7a para os clientes, foi entregue pela diretoria da Associa\u00e7\u00e3o Brasileira de Bares e Restaurantes da Regi\u00e3o Metropolitana de Campinas (Abrasel RMC) ao [&hellip;]","og_url":"https:\/\/comunicacaoestrategicacps.com.br\/blog\/abrasel-rmc-entrega-ao-prefeito-jonas-donizette-protocolo-para-reabertura-gradual-de-bares-e-restaurantes\/","og_site_name":"Comunica\u00e7\u00e3o Estrat\u00e9gica","article_published_time":"2020-04-23T17:15:04+00:00","article_modified_time":"2020-04-23T17:15:06+00:00","og_image":[{"width":1024,"height":768,"url":"https:\/\/comunicacaoestrategicacps.com.br\/blog\/wp-content\/uploads\/2020\/04\/abrasel-prefeitura.jpg","type":"image\/jpeg"}],"author":"admin","twitter_card":"summary_large_image","twitter_misc":{"Escrito por":"admin","Est. tempo de leitura":"4 minutos"},"schema":{"@context":"https:\/\/schema.org","@graph":[{"@type":"Article","@id":"https:\/\/comunicacaoestrategicacps.com.br\/blog\/abrasel-rmc-entrega-ao-prefeito-jonas-donizette-protocolo-para-reabertura-gradual-de-bares-e-restaurantes\/#article","isPartOf":{"@id":"https:\/\/comunicacaoestrategicacps.com.br\/blog\/abrasel-rmc-entrega-ao-prefeito-jonas-donizette-protocolo-para-reabertura-gradual-de-bares-e-restaurantes\/"},"author":{"name":"admin","@id":"https:\/\/comunicacaoestrategicacps.com.br\/blog\/#\/schema\/person\/8d447568a01edd36a56dbbcb702b02fc"},"headline":"Abrasel RMC entrega ao prefeito Jonas Donizette protocolo para reabertura gradual de bares e restaurantes","datePublished":"2020-04-23T17:15:04+00:00","dateModified":"2020-04-23T17:15:06+00:00","mainEntityOfPage":{"@id":"https:\/\/comunicacaoestrategicacps.com.br\/blog\/abrasel-rmc-entrega-ao-prefeito-jonas-donizette-protocolo-para-reabertura-gradual-de-bares-e-restaurantes\/"},"wordCount":834,"commentCount":0,"image":{"@id":"https:\/\/comunicacaoestrategicacps.com.br\/blog\/abrasel-rmc-entrega-ao-prefeito-jonas-donizette-protocolo-para-reabertura-gradual-de-bares-e-restaurantes\/#primaryimage"},"thumbnailUrl":"https:\/\/comunicacaoestrategicacps.com.br\/blog\/wp-content\/uploads\/2020\/04\/abrasel-prefeitura.jpg","articleSection":["Neg\u00f3cios e Economia"],"inLanguage":"pt-BR","potentialAction":[{"@type":"CommentAction","name":"Comment","target":["https:\/\/comunicacaoestrategicacps.com.br\/blog\/abrasel-rmc-entrega-ao-prefeito-jonas-donizette-protocolo-para-reabertura-gradual-de-bares-e-restaurantes\/#respond"]}]},{"@type":"WebPage","@id":"https:\/\/comunicacaoestrategicacps.com.br\/blog\/abrasel-rmc-entrega-ao-prefeito-jonas-donizette-protocolo-para-reabertura-gradual-de-bares-e-restaurantes\/","url":"https:\/\/comunicacaoestrategicacps.com.br\/blog\/abrasel-rmc-entrega-ao-prefeito-jonas-donizette-protocolo-para-reabertura-gradual-de-bares-e-restaurantes\/","name":"Abrasel RMC entrega ao prefeito Jonas Donizette protocolo para reabertura gradual de bares e restaurantes - Comunica\u00e7\u00e3o Estrat\u00e9gica","isPartOf":{"@id":"https:\/\/comunicacaoestrategicacps.com.br\/blog\/#website"},"primaryImageOfPage":{"@id":"https:\/\/comunicacaoestrategicacps.com.br\/blog\/abrasel-rmc-entrega-ao-prefeito-jonas-donizette-protocolo-para-reabertura-gradual-de-bares-e-restaurantes\/#primaryimage"},"image":{"@id":"https:\/\/comunicacaoestrategicacps.com.br\/blog\/abrasel-rmc-entrega-ao-prefeito-jonas-donizette-protocolo-para-reabertura-gradual-de-bares-e-restaurantes\/#primaryimage"},"thumbnailUrl":"https:\/\/comunicacaoestrategicacps.com.br\/blog\/wp-content\/uploads\/2020\/04\/abrasel-prefeitura.jpg","datePublished":"2020-04-23T17:15:04+00:00","dateModified":"2020-04-23T17:15:06+00:00","author":{"@id":"https:\/\/comunicacaoestrategicacps.com.br\/blog\/#\/schema\/person\/8d447568a01edd36a56dbbcb702b02fc"},"breadcrumb":{"@id":"https:\/\/comunicacaoestrategicacps.com.br\/blog\/abrasel-rmc-entrega-ao-prefeito-jonas-donizette-protocolo-para-reabertura-gradual-de-bares-e-restaurantes\/#breadcrumb"},"inLanguage":"pt-BR","potentialAction":[{"@type":"ReadAction","target":["https:\/\/comunicacaoestrategicacps.com.br\/blog\/abrasel-rmc-entrega-ao-prefeito-jonas-donizette-protocolo-para-reabertura-gradual-de-bares-e-restaurantes\/"]}]},{"@type":"ImageObject","inLanguage":"pt-BR","@id":"https:\/\/comunicacaoestrategicacps.com.br\/blog\/abrasel-rmc-entrega-ao-prefeito-jonas-donizette-protocolo-para-reabertura-gradual-de-bares-e-restaurantes\/#primaryimage","url":"https:\/\/comunicacaoestrategicacps.com.br\/blog\/wp-content\/uploads\/2020\/04\/abrasel-prefeitura.jpg","contentUrl":"https:\/\/comunicacaoestrategicacps.com.br\/blog\/wp-content\/uploads\/2020\/04\/abrasel-prefeitura.jpg","width":1024,"height":768},{"@type":"BreadcrumbList","@id":"https:\/\/comunicacaoestrategicacps.com.br\/blog\/abrasel-rmc-entrega-ao-prefeito-jonas-donizette-protocolo-para-reabertura-gradual-de-bares-e-restaurantes\/#breadcrumb","itemListElement":[{"@type":"ListItem","position":1,"name":"In\u00edcio","item":"https:\/\/comunicacaoestrategicacps.com.br\/blog\/"},{"@type":"ListItem","position":2,"name":"Abrasel RMC entrega ao prefeito Jonas Donizette protocolo para reabertura gradual de bares e restaurantes"}]},{"@type":"WebSite","@id":"https:\/\/comunicacaoestrategicacps.com.br\/blog\/#website","url":"https:\/\/comunicacaoestrategicacps.com.br\/blog\/","name":"Comunica\u00e7\u00e3o Estrat\u00e9gica","description":"Comunica\u00e7\u00e3o Estrat\u00e9gica  - Assessoria de Imprensa","potentialAction":[{"@type":"SearchAction","target":{"@type":"EntryPoint","urlTemplate":"https:\/\/comunicacaoestrategicacps.com.br\/blog\/?s={search_term_string}"},"query-input":{"@type":"PropertyValueSpecification","valueRequired":true,"valueName":"search_term_string"}}],"inLanguage":"pt-BR"},{"@type":"Person","@id":"https:\/\/comunicacaoestrategicacps.com.br\/blog\/#\/schema\/person\/8d447568a01edd36a56dbbcb702b02fc","name":"admin","image":{"@type":"ImageObject","inLanguage":"pt-BR","@id":"https:\/\/secure.gravatar.com\/avatar\/2cc026ea89b57b9d913d4ce5b90a0490046c0c9048a129e24cc44313a90d3f77?s=96&d=mm&r=g","url":"https:\/\/secure.gravatar.com\/avatar\/2cc026ea89b57b9d913d4ce5b90a0490046c0c9048a129e24cc44313a90d3f77?s=96&d=mm&r=g","contentUrl":"https:\/\/secure.gravatar.com\/avatar\/2cc026ea89b57b9d913d4ce5b90a0490046c0c9048a129e24cc44313a90d3f77?s=96&d=mm&r=g","caption":"admin"},"url":"https:\/\/comunicacaoestrategicacps.com.br\/blog\/author\/admin\/"}]}},"builder_content":"","_links":{"self":[{"href":"https:\/\/comunicacaoestrategicacps.com.br\/blog\/wp-json\/wp\/v2\/posts\/682","targetHints":{"allow":["GET"]}}],"collection":[{"href":"https:\/\/comunicacaoestrategicacps.com.br\/blog\/wp-json\/wp\/v2\/posts"}],"about":[{"href":"https:\/\/comunicacaoestrategicacps.com.br\/blog\/wp-json\/wp\/v2\/types\/post"}],"author":[{"embeddable":true,"href":"https:\/\/comunicacaoestrategicacps.com.br\/blog\/wp-json\/wp\/v2\/users\/1"}],"replies":[{"embeddable":true,"href":"https:\/\/comunicacaoestrategicacps.com.br\/blog\/wp-json\/wp\/v2\/comments?post=682"}],"version-history":[{"count":1,"href":"https:\/\/comunicacaoestrategicacps.com.br\/blog\/wp-json\/wp\/v2\/posts\/682\/revisions"}],"predecessor-version":[{"id":684,"href":"https:\/\/comunicacaoestrategicacps.com.br\/blog\/wp-json\/wp\/v2\/posts\/682\/revisions\/684"}],"wp:featuredmedia":[{"embeddable":true,"href":"https:\/\/comunicacaoestrategicacps.com.br\/blog\/wp-json\/wp\/v2\/media\/683"}],"wp:attachment":[{"href":"https:\/\/comunicacaoestrategicacps.com.br\/blog\/wp-json\/wp\/v2\/media?parent=682"}],"wp:term":[{"taxonomy":"category","embeddable":true,"href":"https:\/\/comunicacaoestrategicacps.com.br\/blog\/wp-json\/wp\/v2\/categories?post=682"},{"taxonomy":"post_tag","embeddable":true,"href":"https:\/\/comunicacaoestrategicacps.com.br\/blog\/wp-json\/wp\/v2\/tags?post=682"}],"curies":[{"name":"wp","href":"https:\/\/api.w.org\/{rel}","templated":true}]}}