{"id":704,"date":"2020-05-11T14:27:52","date_gmt":"2020-05-11T17:27:52","guid":{"rendered":"https:\/\/comunicacaoestrategicacps.com.br\/blog\/?p=704"},"modified":"2020-05-11T14:28:55","modified_gmt":"2020-05-11T17:28:55","slug":"quarentena-ampliada-setor-de-bares-e-restaurantes-estima-fechamento-de-40-dos-estabelecimentos-ate-30-mil-demissoes-e-mais-r-200-milhoes-de-perdas","status":"publish","type":"post","link":"https:\/\/comunicacaoestrategicacps.com.br\/blog\/quarentena-ampliada-setor-de-bares-e-restaurantes-estima-fechamento-de-40-dos-estabelecimentos-ate-30-mil-demissoes-e-mais-r-200-milhoes-de-perdas\/","title":{"rendered":"Quarentena ampliada: Setor de bares e restaurantes estima fechamento de 40% dos estabelecimentos, at\u00e9 30 mil demiss\u00f5es e mais R$ 200 milh\u00f5es de perdas"},"content":{"rendered":"<!--themify_builder_content-->\n<div id=\"themify_builder_content-704\" data-postid=\"704\" class=\"themify_builder_content themify_builder_content-704 themify_builder tf_clear\">\n    <\/div>\n<!--\/themify_builder_content-->\n\n\n<figure class=\"wp-block-image size-large\"><img loading=\"lazy\" decoding=\"async\" width=\"1024\" height=\"613\" src=\"https:\/\/comunicacaoestrategicacps.com.br\/blog\/wp-content\/uploads\/2020\/05\/dsc8423-1024x613.jpg\" alt=\"\" class=\"wp-image-705\" srcset=\"https:\/\/comunicacaoestrategicacps.com.br\/blog\/wp-content\/uploads\/2020\/05\/dsc8423-1024x613.jpg 1024w, https:\/\/comunicacaoestrategicacps.com.br\/blog\/wp-content\/uploads\/2020\/05\/dsc8423-300x179.jpg 300w, https:\/\/comunicacaoestrategicacps.com.br\/blog\/wp-content\/uploads\/2020\/05\/dsc8423-768x459.jpg 768w, https:\/\/comunicacaoestrategicacps.com.br\/blog\/wp-content\/uploads\/2020\/05\/dsc8423.jpg 1170w\" sizes=\"auto, (max-width: 1024px) 100vw, 1024px\" \/><\/figure>\n\n\n\n<p>A\ndecis\u00e3o do governador de S\u00e3o Paulo, Jo\u00e3o D\u00f3ria, anunciada hoje, prorrogando a\nquarentena em todo o Estado at\u00e9 o dia 31 de maio dever\u00e1 acentuar a quebra de\nbares e restaurantes, aumentar o desemprego e gerar um preju\u00edzo de R$ 200\nmilh\u00f5es na Regi\u00e3o Metropolitana de Campinas (RMC).<\/p>\n\n\n\n<p>Esta\n\u00e9 a avalia\u00e7\u00e3o do presidente da Associa\u00e7\u00e3o Brasileira de Bares e Restaurantes da\nRegi\u00e3o Metropolitana de Campinas (Abrasel RMC), Matheus Mason.<\/p>\n\n\n\n<p>Nos\n45 dias j\u00e1 parados, o setor contabiliza 15 mil demiss\u00f5es, 20% dos\nestabelecimentos do setor fechados e preju\u00edzo de R$ 366,4 milh\u00f5es em todos os\nmunic\u00edpios da RMC. Um levantamento que acaba de ser realizado pela entidade\nrevela que a perda di\u00e1ria do setor chega a R$ 7 milh\u00f5es.<\/p>\n\n\n\n<p>\u201cCom\nesta prorroga\u00e7\u00e3o, o setor deve atingir 30 mil demiss\u00f5es, ver aumentado o\nfechamento de estabelecimentos para 40%, atingindo sete mil empresas, al\u00e9m de\num preju\u00edzo adicional de R$ 200 milh\u00f5es ou mais por causa da portas fechadas\u201d.<\/p>\n\n\n\n<p>O\npresidente da Abrasel RMC entende que a decis\u00e3o do governo estadual n\u00e3o levou\nem conta a situa\u00e7\u00e3o atual dos munic\u00edpios, onde as taxas de pessoas com a\nCovid-19 e taxa de ocupa\u00e7\u00e3o de leitos hospitalares ainda est\u00e3o sob controle. \u201cA\ncidade de S\u00e3o Paulo tem uma realidade diferente de diversos munic\u00edpios do\nEstado e isso n\u00e3o est\u00e1 sendo levando em considera\u00e7\u00e3o\u201d, afirma.<\/p>\n\n\n\n<p>\u201c\u00c9\num absurdo usar um \u00fanico par\u00e2metro para todo o Estado, onde existem cidades sem\ncasos confirmados e outros com poucos casos\u201d, pontua o presidente da Abrasel\nRMC. \u201cEstes munic\u00edpios est\u00e3o tendo suas economias dizimadas, sem uma\nnecessidade real para o isolamento.\u201d<\/p>\n\n\n\n<p>Para\no advogado Gustavo Maggioni, respons\u00e1vel pelo departamento jur\u00eddico da Abrasel\nRMC, o Supremo Tribunal Federal (STF) j\u00e1 deu autonomia para os prefeitos se\nposicionarem sobre o fechamento ou abertura das atividades em suas cidades.<\/p>\n\n\n\n<p>Se a prefeitura da cidade tem dados suficientes de que a situa\u00e7\u00e3o est\u00e1 sob controle e existam condi\u00e7\u00f5es favor\u00e1veis e seguras para reabertura das atividades, a Abrasel RMC vai apoiar as decis\u00f5es e trabalhar para isso. A entidade, inclusive, preparou um plano de apoio para retomada segura, que foi entregue aos prefeitos da RMC. (Imagem: Ag\u00eancia Brasil)<\/p>","protected":false},"excerpt":{"rendered":"<p>A decis\u00e3o do governador de S\u00e3o Paulo, Jo\u00e3o D\u00f3ria, anunciada hoje, prorrogando a quarentena em todo o Estado at\u00e9 o dia 31 de maio dever\u00e1 acentuar a quebra de bares e restaurantes, aumentar o desemprego e gerar um preju\u00edzo de R$ 200 milh\u00f5es na Regi\u00e3o Metropolitana de Campinas (RMC). Esta \u00e9 a avalia\u00e7\u00e3o do presidente [&hellip;]<\/p>\n","protected":false},"author":1,"featured_media":705,"comment_status":"open","ping_status":"open","sticky":false,"template":"","format":"standard","meta":{"footnotes":""},"categories":[43],"tags":[],"class_list":["post-704","post","type-post","status-publish","format-standard","has-post-thumbnail","hentry","category-negocios-e-economia","has-post-title","has-post-date","has-post-category","has-post-tag","has-post-comment","has-post-author",""],"yoast_head":"<!-- This site is optimized with the Yoast SEO plugin v27.4 - https:\/\/yoast.com\/product\/yoast-seo-wordpress\/ -->\n<title>Quarentena ampliada: Setor de bares e restaurantes estima fechamento de 40% dos estabelecimentos, at\u00e9 30 mil demiss\u00f5es e mais R$ 200 milh\u00f5es de perdas - Comunica\u00e7\u00e3o Estrat\u00e9gica<\/title>\n<meta name=\"robots\" content=\"index, follow, max-snippet:-1, max-image-preview:large, max-video-preview:-1\" \/>\n<link rel=\"canonical\" href=\"https:\/\/comunicacaoestrategicacps.com.br\/blog\/quarentena-ampliada-setor-de-bares-e-restaurantes-estima-fechamento-de-40-dos-estabelecimentos-ate-30-mil-demissoes-e-mais-r-200-milhoes-de-perdas\/\" \/>\n<meta property=\"og:locale\" content=\"pt_BR\" \/>\n<meta property=\"og:type\" content=\"article\" \/>\n<meta property=\"og:title\" content=\"Quarentena ampliada: Setor de bares e restaurantes estima fechamento de 40% dos estabelecimentos, at\u00e9 30 mil demiss\u00f5es e mais R$ 200 milh\u00f5es de perdas - Comunica\u00e7\u00e3o Estrat\u00e9gica\" \/>\n<meta property=\"og:description\" content=\"A decis\u00e3o do governador de S\u00e3o Paulo, Jo\u00e3o D\u00f3ria, anunciada hoje, prorrogando a quarentena em todo o Estado at\u00e9 o dia 31 de maio dever\u00e1 acentuar a quebra de bares e restaurantes, aumentar o desemprego e gerar um preju\u00edzo de R$ 200 milh\u00f5es na Regi\u00e3o Metropolitana de Campinas (RMC). Esta \u00e9 a avalia\u00e7\u00e3o do presidente [&hellip;]\" \/>\n<meta property=\"og:url\" content=\"https:\/\/comunicacaoestrategicacps.com.br\/blog\/quarentena-ampliada-setor-de-bares-e-restaurantes-estima-fechamento-de-40-dos-estabelecimentos-ate-30-mil-demissoes-e-mais-r-200-milhoes-de-perdas\/\" \/>\n<meta property=\"og:site_name\" content=\"Comunica\u00e7\u00e3o Estrat\u00e9gica\" \/>\n<meta property=\"article:published_time\" content=\"2020-05-11T17:27:52+00:00\" \/>\n<meta property=\"article:modified_time\" content=\"2020-05-11T17:28:55+00:00\" \/>\n<meta property=\"og:image\" content=\"https:\/\/comunicacaoestrategicacps.com.br\/blog\/wp-content\/uploads\/2020\/05\/dsc8423.jpg\" \/>\n\t<meta property=\"og:image:width\" content=\"1170\" \/>\n\t<meta property=\"og:image:height\" content=\"700\" \/>\n\t<meta property=\"og:image:type\" content=\"image\/jpeg\" \/>\n<meta name=\"author\" content=\"admin\" \/>\n<meta name=\"twitter:card\" content=\"summary_large_image\" \/>\n<meta name=\"twitter:label1\" content=\"Escrito por\" \/>\n\t<meta name=\"twitter:data1\" content=\"admin\" \/>\n\t<meta name=\"twitter:label2\" content=\"Est. tempo de leitura\" \/>\n\t<meta name=\"twitter:data2\" content=\"2 minutos\" \/>\n<script type=\"application\/ld+json\" class=\"yoast-schema-graph\">{\"@context\":\"https:\\\/\\\/schema.org\",\"@graph\":[{\"@type\":\"Article\",\"@id\":\"https:\\\/\\\/comunicacaoestrategicacps.com.br\\\/blog\\\/quarentena-ampliada-setor-de-bares-e-restaurantes-estima-fechamento-de-40-dos-estabelecimentos-ate-30-mil-demissoes-e-mais-r-200-milhoes-de-perdas\\\/#article\",\"isPartOf\":{\"@id\":\"https:\\\/\\\/comunicacaoestrategicacps.com.br\\\/blog\\\/quarentena-ampliada-setor-de-bares-e-restaurantes-estima-fechamento-de-40-dos-estabelecimentos-ate-30-mil-demissoes-e-mais-r-200-milhoes-de-perdas\\\/\"},\"author\":{\"name\":\"admin\",\"@id\":\"https:\\\/\\\/comunicacaoestrategicacps.com.br\\\/blog\\\/#\\\/schema\\\/person\\\/8d447568a01edd36a56dbbcb702b02fc\"},\"headline\":\"Quarentena ampliada: Setor de bares e restaurantes estima fechamento de 40% dos estabelecimentos, at\u00e9 30 mil demiss\u00f5es e mais R$ 200 milh\u00f5es de perdas\",\"datePublished\":\"2020-05-11T17:27:52+00:00\",\"dateModified\":\"2020-05-11T17:28:55+00:00\",\"mainEntityOfPage\":{\"@id\":\"https:\\\/\\\/comunicacaoestrategicacps.com.br\\\/blog\\\/quarentena-ampliada-setor-de-bares-e-restaurantes-estima-fechamento-de-40-dos-estabelecimentos-ate-30-mil-demissoes-e-mais-r-200-milhoes-de-perdas\\\/\"},\"wordCount\":408,\"commentCount\":0,\"image\":{\"@id\":\"https:\\\/\\\/comunicacaoestrategicacps.com.br\\\/blog\\\/quarentena-ampliada-setor-de-bares-e-restaurantes-estima-fechamento-de-40-dos-estabelecimentos-ate-30-mil-demissoes-e-mais-r-200-milhoes-de-perdas\\\/#primaryimage\"},\"thumbnailUrl\":\"https:\\\/\\\/comunicacaoestrategicacps.com.br\\\/blog\\\/wp-content\\\/uploads\\\/2020\\\/05\\\/dsc8423.jpg\",\"articleSection\":[\"Neg\u00f3cios e Economia\"],\"inLanguage\":\"pt-BR\",\"potentialAction\":[{\"@type\":\"CommentAction\",\"name\":\"Comment\",\"target\":[\"https:\\\/\\\/comunicacaoestrategicacps.com.br\\\/blog\\\/quarentena-ampliada-setor-de-bares-e-restaurantes-estima-fechamento-de-40-dos-estabelecimentos-ate-30-mil-demissoes-e-mais-r-200-milhoes-de-perdas\\\/#respond\"]}]},{\"@type\":\"WebPage\",\"@id\":\"https:\\\/\\\/comunicacaoestrategicacps.com.br\\\/blog\\\/quarentena-ampliada-setor-de-bares-e-restaurantes-estima-fechamento-de-40-dos-estabelecimentos-ate-30-mil-demissoes-e-mais-r-200-milhoes-de-perdas\\\/\",\"url\":\"https:\\\/\\\/comunicacaoestrategicacps.com.br\\\/blog\\\/quarentena-ampliada-setor-de-bares-e-restaurantes-estima-fechamento-de-40-dos-estabelecimentos-ate-30-mil-demissoes-e-mais-r-200-milhoes-de-perdas\\\/\",\"name\":\"Quarentena ampliada: Setor de bares e restaurantes estima fechamento de 40% dos estabelecimentos, at\u00e9 30 mil demiss\u00f5es e mais R$ 200 milh\u00f5es de perdas - Comunica\u00e7\u00e3o Estrat\u00e9gica\",\"isPartOf\":{\"@id\":\"https:\\\/\\\/comunicacaoestrategicacps.com.br\\\/blog\\\/#website\"},\"primaryImageOfPage\":{\"@id\":\"https:\\\/\\\/comunicacaoestrategicacps.com.br\\\/blog\\\/quarentena-ampliada-setor-de-bares-e-restaurantes-estima-fechamento-de-40-dos-estabelecimentos-ate-30-mil-demissoes-e-mais-r-200-milhoes-de-perdas\\\/#primaryimage\"},\"image\":{\"@id\":\"https:\\\/\\\/comunicacaoestrategicacps.com.br\\\/blog\\\/quarentena-ampliada-setor-de-bares-e-restaurantes-estima-fechamento-de-40-dos-estabelecimentos-ate-30-mil-demissoes-e-mais-r-200-milhoes-de-perdas\\\/#primaryimage\"},\"thumbnailUrl\":\"https:\\\/\\\/comunicacaoestrategicacps.com.br\\\/blog\\\/wp-content\\\/uploads\\\/2020\\\/05\\\/dsc8423.jpg\",\"datePublished\":\"2020-05-11T17:27:52+00:00\",\"dateModified\":\"2020-05-11T17:28:55+00:00\",\"author\":{\"@id\":\"https:\\\/\\\/comunicacaoestrategicacps.com.br\\\/blog\\\/#\\\/schema\\\/person\\\/8d447568a01edd36a56dbbcb702b02fc\"},\"breadcrumb\":{\"@id\":\"https:\\\/\\\/comunicacaoestrategicacps.com.br\\\/blog\\\/quarentena-ampliada-setor-de-bares-e-restaurantes-estima-fechamento-de-40-dos-estabelecimentos-ate-30-mil-demissoes-e-mais-r-200-milhoes-de-perdas\\\/#breadcrumb\"},\"inLanguage\":\"pt-BR\",\"potentialAction\":[{\"@type\":\"ReadAction\",\"target\":[\"https:\\\/\\\/comunicacaoestrategicacps.com.br\\\/blog\\\/quarentena-ampliada-setor-de-bares-e-restaurantes-estima-fechamento-de-40-dos-estabelecimentos-ate-30-mil-demissoes-e-mais-r-200-milhoes-de-perdas\\\/\"]}]},{\"@type\":\"ImageObject\",\"inLanguage\":\"pt-BR\",\"@id\":\"https:\\\/\\\/comunicacaoestrategicacps.com.br\\\/blog\\\/quarentena-ampliada-setor-de-bares-e-restaurantes-estima-fechamento-de-40-dos-estabelecimentos-ate-30-mil-demissoes-e-mais-r-200-milhoes-de-perdas\\\/#primaryimage\",\"url\":\"https:\\\/\\\/comunicacaoestrategicacps.com.br\\\/blog\\\/wp-content\\\/uploads\\\/2020\\\/05\\\/dsc8423.jpg\",\"contentUrl\":\"https:\\\/\\\/comunicacaoestrategicacps.com.br\\\/blog\\\/wp-content\\\/uploads\\\/2020\\\/05\\\/dsc8423.jpg\",\"width\":1170,\"height\":700},{\"@type\":\"BreadcrumbList\",\"@id\":\"https:\\\/\\\/comunicacaoestrategicacps.com.br\\\/blog\\\/quarentena-ampliada-setor-de-bares-e-restaurantes-estima-fechamento-de-40-dos-estabelecimentos-ate-30-mil-demissoes-e-mais-r-200-milhoes-de-perdas\\\/#breadcrumb\",\"itemListElement\":[{\"@type\":\"ListItem\",\"position\":1,\"name\":\"In\u00edcio\",\"item\":\"https:\\\/\\\/comunicacaoestrategicacps.com.br\\\/blog\\\/\"},{\"@type\":\"ListItem\",\"position\":2,\"name\":\"Quarentena ampliada: Setor de bares e restaurantes estima fechamento de 40% dos estabelecimentos, at\u00e9 30 mil demiss\u00f5es e mais R$ 200 milh\u00f5es de perdas\"}]},{\"@type\":\"WebSite\",\"@id\":\"https:\\\/\\\/comunicacaoestrategicacps.com.br\\\/blog\\\/#website\",\"url\":\"https:\\\/\\\/comunicacaoestrategicacps.com.br\\\/blog\\\/\",\"name\":\"Comunica\u00e7\u00e3o Estrat\u00e9gica\",\"description\":\"Comunica\u00e7\u00e3o Estrat\u00e9gica  - Assessoria de Imprensa\",\"potentialAction\":[{\"@type\":\"SearchAction\",\"target\":{\"@type\":\"EntryPoint\",\"urlTemplate\":\"https:\\\/\\\/comunicacaoestrategicacps.com.br\\\/blog\\\/?s={search_term_string}\"},\"query-input\":{\"@type\":\"PropertyValueSpecification\",\"valueRequired\":true,\"valueName\":\"search_term_string\"}}],\"inLanguage\":\"pt-BR\"},{\"@type\":\"Person\",\"@id\":\"https:\\\/\\\/comunicacaoestrategicacps.com.br\\\/blog\\\/#\\\/schema\\\/person\\\/8d447568a01edd36a56dbbcb702b02fc\",\"name\":\"admin\",\"image\":{\"@type\":\"ImageObject\",\"inLanguage\":\"pt-BR\",\"@id\":\"https:\\\/\\\/secure.gravatar.com\\\/avatar\\\/2cc026ea89b57b9d913d4ce5b90a0490046c0c9048a129e24cc44313a90d3f77?s=96&d=mm&r=g\",\"url\":\"https:\\\/\\\/secure.gravatar.com\\\/avatar\\\/2cc026ea89b57b9d913d4ce5b90a0490046c0c9048a129e24cc44313a90d3f77?s=96&d=mm&r=g\",\"contentUrl\":\"https:\\\/\\\/secure.gravatar.com\\\/avatar\\\/2cc026ea89b57b9d913d4ce5b90a0490046c0c9048a129e24cc44313a90d3f77?s=96&d=mm&r=g\",\"caption\":\"admin\"},\"url\":\"https:\\\/\\\/comunicacaoestrategicacps.com.br\\\/blog\\\/author\\\/admin\\\/\"}]}<\/script>\n<!-- \/ Yoast SEO plugin. -->","yoast_head_json":{"title":"Quarentena ampliada: Setor de bares e restaurantes estima fechamento de 40% dos estabelecimentos, at\u00e9 30 mil demiss\u00f5es e mais R$ 200 milh\u00f5es de perdas - Comunica\u00e7\u00e3o Estrat\u00e9gica","robots":{"index":"index","follow":"follow","max-snippet":"max-snippet:-1","max-image-preview":"max-image-preview:large","max-video-preview":"max-video-preview:-1"},"canonical":"https:\/\/comunicacaoestrategicacps.com.br\/blog\/quarentena-ampliada-setor-de-bares-e-restaurantes-estima-fechamento-de-40-dos-estabelecimentos-ate-30-mil-demissoes-e-mais-r-200-milhoes-de-perdas\/","og_locale":"pt_BR","og_type":"article","og_title":"Quarentena ampliada: Setor de bares e restaurantes estima fechamento de 40% dos estabelecimentos, at\u00e9 30 mil demiss\u00f5es e mais R$ 200 milh\u00f5es de perdas - Comunica\u00e7\u00e3o Estrat\u00e9gica","og_description":"A decis\u00e3o do governador de S\u00e3o Paulo, Jo\u00e3o D\u00f3ria, anunciada hoje, prorrogando a quarentena em todo o Estado at\u00e9 o dia 31 de maio dever\u00e1 acentuar a quebra de bares e restaurantes, aumentar o desemprego e gerar um preju\u00edzo de R$ 200 milh\u00f5es na Regi\u00e3o Metropolitana de Campinas (RMC). Esta \u00e9 a avalia\u00e7\u00e3o do presidente [&hellip;]","og_url":"https:\/\/comunicacaoestrategicacps.com.br\/blog\/quarentena-ampliada-setor-de-bares-e-restaurantes-estima-fechamento-de-40-dos-estabelecimentos-ate-30-mil-demissoes-e-mais-r-200-milhoes-de-perdas\/","og_site_name":"Comunica\u00e7\u00e3o Estrat\u00e9gica","article_published_time":"2020-05-11T17:27:52+00:00","article_modified_time":"2020-05-11T17:28:55+00:00","og_image":[{"width":1170,"height":700,"url":"https:\/\/comunicacaoestrategicacps.com.br\/blog\/wp-content\/uploads\/2020\/05\/dsc8423.jpg","type":"image\/jpeg"}],"author":"admin","twitter_card":"summary_large_image","twitter_misc":{"Escrito por":"admin","Est. tempo de leitura":"2 minutos"},"schema":{"@context":"https:\/\/schema.org","@graph":[{"@type":"Article","@id":"https:\/\/comunicacaoestrategicacps.com.br\/blog\/quarentena-ampliada-setor-de-bares-e-restaurantes-estima-fechamento-de-40-dos-estabelecimentos-ate-30-mil-demissoes-e-mais-r-200-milhoes-de-perdas\/#article","isPartOf":{"@id":"https:\/\/comunicacaoestrategicacps.com.br\/blog\/quarentena-ampliada-setor-de-bares-e-restaurantes-estima-fechamento-de-40-dos-estabelecimentos-ate-30-mil-demissoes-e-mais-r-200-milhoes-de-perdas\/"},"author":{"name":"admin","@id":"https:\/\/comunicacaoestrategicacps.com.br\/blog\/#\/schema\/person\/8d447568a01edd36a56dbbcb702b02fc"},"headline":"Quarentena ampliada: Setor de bares e restaurantes estima fechamento de 40% dos estabelecimentos, at\u00e9 30 mil demiss\u00f5es e mais R$ 200 milh\u00f5es de perdas","datePublished":"2020-05-11T17:27:52+00:00","dateModified":"2020-05-11T17:28:55+00:00","mainEntityOfPage":{"@id":"https:\/\/comunicacaoestrategicacps.com.br\/blog\/quarentena-ampliada-setor-de-bares-e-restaurantes-estima-fechamento-de-40-dos-estabelecimentos-ate-30-mil-demissoes-e-mais-r-200-milhoes-de-perdas\/"},"wordCount":408,"commentCount":0,"image":{"@id":"https:\/\/comunicacaoestrategicacps.com.br\/blog\/quarentena-ampliada-setor-de-bares-e-restaurantes-estima-fechamento-de-40-dos-estabelecimentos-ate-30-mil-demissoes-e-mais-r-200-milhoes-de-perdas\/#primaryimage"},"thumbnailUrl":"https:\/\/comunicacaoestrategicacps.com.br\/blog\/wp-content\/uploads\/2020\/05\/dsc8423.jpg","articleSection":["Neg\u00f3cios e Economia"],"inLanguage":"pt-BR","potentialAction":[{"@type":"CommentAction","name":"Comment","target":["https:\/\/comunicacaoestrategicacps.com.br\/blog\/quarentena-ampliada-setor-de-bares-e-restaurantes-estima-fechamento-de-40-dos-estabelecimentos-ate-30-mil-demissoes-e-mais-r-200-milhoes-de-perdas\/#respond"]}]},{"@type":"WebPage","@id":"https:\/\/comunicacaoestrategicacps.com.br\/blog\/quarentena-ampliada-setor-de-bares-e-restaurantes-estima-fechamento-de-40-dos-estabelecimentos-ate-30-mil-demissoes-e-mais-r-200-milhoes-de-perdas\/","url":"https:\/\/comunicacaoestrategicacps.com.br\/blog\/quarentena-ampliada-setor-de-bares-e-restaurantes-estima-fechamento-de-40-dos-estabelecimentos-ate-30-mil-demissoes-e-mais-r-200-milhoes-de-perdas\/","name":"Quarentena ampliada: Setor de bares e restaurantes estima fechamento de 40% dos estabelecimentos, at\u00e9 30 mil demiss\u00f5es e mais R$ 200 milh\u00f5es de perdas - Comunica\u00e7\u00e3o Estrat\u00e9gica","isPartOf":{"@id":"https:\/\/comunicacaoestrategicacps.com.br\/blog\/#website"},"primaryImageOfPage":{"@id":"https:\/\/comunicacaoestrategicacps.com.br\/blog\/quarentena-ampliada-setor-de-bares-e-restaurantes-estima-fechamento-de-40-dos-estabelecimentos-ate-30-mil-demissoes-e-mais-r-200-milhoes-de-perdas\/#primaryimage"},"image":{"@id":"https:\/\/comunicacaoestrategicacps.com.br\/blog\/quarentena-ampliada-setor-de-bares-e-restaurantes-estima-fechamento-de-40-dos-estabelecimentos-ate-30-mil-demissoes-e-mais-r-200-milhoes-de-perdas\/#primaryimage"},"thumbnailUrl":"https:\/\/comunicacaoestrategicacps.com.br\/blog\/wp-content\/uploads\/2020\/05\/dsc8423.jpg","datePublished":"2020-05-11T17:27:52+00:00","dateModified":"2020-05-11T17:28:55+00:00","author":{"@id":"https:\/\/comunicacaoestrategicacps.com.br\/blog\/#\/schema\/person\/8d447568a01edd36a56dbbcb702b02fc"},"breadcrumb":{"@id":"https:\/\/comunicacaoestrategicacps.com.br\/blog\/quarentena-ampliada-setor-de-bares-e-restaurantes-estima-fechamento-de-40-dos-estabelecimentos-ate-30-mil-demissoes-e-mais-r-200-milhoes-de-perdas\/#breadcrumb"},"inLanguage":"pt-BR","potentialAction":[{"@type":"ReadAction","target":["https:\/\/comunicacaoestrategicacps.com.br\/blog\/quarentena-ampliada-setor-de-bares-e-restaurantes-estima-fechamento-de-40-dos-estabelecimentos-ate-30-mil-demissoes-e-mais-r-200-milhoes-de-perdas\/"]}]},{"@type":"ImageObject","inLanguage":"pt-BR","@id":"https:\/\/comunicacaoestrategicacps.com.br\/blog\/quarentena-ampliada-setor-de-bares-e-restaurantes-estima-fechamento-de-40-dos-estabelecimentos-ate-30-mil-demissoes-e-mais-r-200-milhoes-de-perdas\/#primaryimage","url":"https:\/\/comunicacaoestrategicacps.com.br\/blog\/wp-content\/uploads\/2020\/05\/dsc8423.jpg","contentUrl":"https:\/\/comunicacaoestrategicacps.com.br\/blog\/wp-content\/uploads\/2020\/05\/dsc8423.jpg","width":1170,"height":700},{"@type":"BreadcrumbList","@id":"https:\/\/comunicacaoestrategicacps.com.br\/blog\/quarentena-ampliada-setor-de-bares-e-restaurantes-estima-fechamento-de-40-dos-estabelecimentos-ate-30-mil-demissoes-e-mais-r-200-milhoes-de-perdas\/#breadcrumb","itemListElement":[{"@type":"ListItem","position":1,"name":"In\u00edcio","item":"https:\/\/comunicacaoestrategicacps.com.br\/blog\/"},{"@type":"ListItem","position":2,"name":"Quarentena ampliada: Setor de bares e restaurantes estima fechamento de 40% dos estabelecimentos, at\u00e9 30 mil demiss\u00f5es e mais R$ 200 milh\u00f5es de perdas"}]},{"@type":"WebSite","@id":"https:\/\/comunicacaoestrategicacps.com.br\/blog\/#website","url":"https:\/\/comunicacaoestrategicacps.com.br\/blog\/","name":"Comunica\u00e7\u00e3o Estrat\u00e9gica","description":"Comunica\u00e7\u00e3o Estrat\u00e9gica  - Assessoria de Imprensa","potentialAction":[{"@type":"SearchAction","target":{"@type":"EntryPoint","urlTemplate":"https:\/\/comunicacaoestrategicacps.com.br\/blog\/?s={search_term_string}"},"query-input":{"@type":"PropertyValueSpecification","valueRequired":true,"valueName":"search_term_string"}}],"inLanguage":"pt-BR"},{"@type":"Person","@id":"https:\/\/comunicacaoestrategicacps.com.br\/blog\/#\/schema\/person\/8d447568a01edd36a56dbbcb702b02fc","name":"admin","image":{"@type":"ImageObject","inLanguage":"pt-BR","@id":"https:\/\/secure.gravatar.com\/avatar\/2cc026ea89b57b9d913d4ce5b90a0490046c0c9048a129e24cc44313a90d3f77?s=96&d=mm&r=g","url":"https:\/\/secure.gravatar.com\/avatar\/2cc026ea89b57b9d913d4ce5b90a0490046c0c9048a129e24cc44313a90d3f77?s=96&d=mm&r=g","contentUrl":"https:\/\/secure.gravatar.com\/avatar\/2cc026ea89b57b9d913d4ce5b90a0490046c0c9048a129e24cc44313a90d3f77?s=96&d=mm&r=g","caption":"admin"},"url":"https:\/\/comunicacaoestrategicacps.com.br\/blog\/author\/admin\/"}]}},"builder_content":"","_links":{"self":[{"href":"https:\/\/comunicacaoestrategicacps.com.br\/blog\/wp-json\/wp\/v2\/posts\/704","targetHints":{"allow":["GET"]}}],"collection":[{"href":"https:\/\/comunicacaoestrategicacps.com.br\/blog\/wp-json\/wp\/v2\/posts"}],"about":[{"href":"https:\/\/comunicacaoestrategicacps.com.br\/blog\/wp-json\/wp\/v2\/types\/post"}],"author":[{"embeddable":true,"href":"https:\/\/comunicacaoestrategicacps.com.br\/blog\/wp-json\/wp\/v2\/users\/1"}],"replies":[{"embeddable":true,"href":"https:\/\/comunicacaoestrategicacps.com.br\/blog\/wp-json\/wp\/v2\/comments?post=704"}],"version-history":[{"count":2,"href":"https:\/\/comunicacaoestrategicacps.com.br\/blog\/wp-json\/wp\/v2\/posts\/704\/revisions"}],"predecessor-version":[{"id":707,"href":"https:\/\/comunicacaoestrategicacps.com.br\/blog\/wp-json\/wp\/v2\/posts\/704\/revisions\/707"}],"wp:featuredmedia":[{"embeddable":true,"href":"https:\/\/comunicacaoestrategicacps.com.br\/blog\/wp-json\/wp\/v2\/media\/705"}],"wp:attachment":[{"href":"https:\/\/comunicacaoestrategicacps.com.br\/blog\/wp-json\/wp\/v2\/media?parent=704"}],"wp:term":[{"taxonomy":"category","embeddable":true,"href":"https:\/\/comunicacaoestrategicacps.com.br\/blog\/wp-json\/wp\/v2\/categories?post=704"},{"taxonomy":"post_tag","embeddable":true,"href":"https:\/\/comunicacaoestrategicacps.com.br\/blog\/wp-json\/wp\/v2\/tags?post=704"}],"curies":[{"name":"wp","href":"https:\/\/api.w.org\/{rel}","templated":true}]}}