{"id":714,"date":"2020-05-20T13:05:11","date_gmt":"2020-05-20T16:05:11","guid":{"rendered":"https:\/\/comunicacaoestrategicacps.com.br\/blog\/?p=714"},"modified":"2020-05-20T13:05:13","modified_gmt":"2020-05-20T16:05:13","slug":"crescimento-das-vendas-pela-internet-exige-mudancas-nas-estrategias-das-empresas","status":"publish","type":"post","link":"https:\/\/comunicacaoestrategicacps.com.br\/blog\/crescimento-das-vendas-pela-internet-exige-mudancas-nas-estrategias-das-empresas\/","title":{"rendered":"Crescimento das vendas pela internet exige mudan\u00e7as nas estrat\u00e9gias das empresas"},"content":{"rendered":"<!--themify_builder_content-->\n<div id=\"themify_builder_content-714\" data-postid=\"714\" class=\"themify_builder_content themify_builder_content-714 themify_builder tf_clear\">\n    <\/div>\n<!--\/themify_builder_content-->\n\n\n<figure class=\"wp-block-image size-large\"><img loading=\"lazy\" decoding=\"async\" width=\"1024\" height=\"683\" src=\"https:\/\/comunicacaoestrategicacps.com.br\/blog\/wp-content\/uploads\/2020\/05\/Thiago-Meneg\u00e3o-Divulga\u00e7\u00e3o-1024x683.jpg\" alt=\"\" class=\"wp-image-715\" srcset=\"https:\/\/comunicacaoestrategicacps.com.br\/blog\/wp-content\/uploads\/2020\/05\/Thiago-Meneg\u00e3o-Divulga\u00e7\u00e3o-1024x683.jpg 1024w, https:\/\/comunicacaoestrategicacps.com.br\/blog\/wp-content\/uploads\/2020\/05\/Thiago-Meneg\u00e3o-Divulga\u00e7\u00e3o-300x200.jpg 300w, https:\/\/comunicacaoestrategicacps.com.br\/blog\/wp-content\/uploads\/2020\/05\/Thiago-Meneg\u00e3o-Divulga\u00e7\u00e3o-768x512.jpg 768w, https:\/\/comunicacaoestrategicacps.com.br\/blog\/wp-content\/uploads\/2020\/05\/Thiago-Meneg\u00e3o-Divulga\u00e7\u00e3o-1536x1024.jpg 1536w, https:\/\/comunicacaoestrategicacps.com.br\/blog\/wp-content\/uploads\/2020\/05\/Thiago-Meneg\u00e3o-Divulga\u00e7\u00e3o-2048x1365.jpg 2048w, https:\/\/comunicacaoestrategicacps.com.br\/blog\/wp-content\/uploads\/2020\/05\/Thiago-Meneg\u00e3o-Divulga\u00e7\u00e3o-scaled.jpg 1280w\" sizes=\"auto, (max-width: 1024px) 100vw, 1024px\" \/><\/figure>\n\n\n\n<p><em>Especialista\nem neg\u00f3cios digitais cria programa de ajuda voltado a empreendedores e\nprofissionais liberais colocarem seus neg\u00f3cios na internet<\/em><\/p>\n\n\n\n<p><strong>Campinas, 20 de maio de 2020<\/strong> &#8211; A pandemia da\nCovid-19 e o isolamento social est\u00e3o acelerando a transforma\u00e7\u00e3o da economia\nmundial e os neg\u00f3cios das empresas e profissionais liberais. Com as portas\nfechadas, as vendas f\u00edsicas sofreram dr\u00e1sticas quedas. Por outro lado, o\ncom\u00e9rcio pela internet se consolidou como uma importante ferramenta de neg\u00f3cios\ne vai ser ampliada ap\u00f3s o fim da Quarentena.<\/p>\n\n\n\n<p>E\nos n\u00fameros comprovam o crescimento deste nicho de neg\u00f3cios: estudo feito pela\nKantar mostra a entrada de 1,2 milh\u00f5es de novos lares no com\u00e9rcio pela internet\nentre os meses de janeiro e mar\u00e7o. Outro dado \u00e9 que as vendas por este canal\nexplodiram com as pessoas em casa, com crescimento de 48,3%. Ao mesmo tempo em\nque as vendas aumentam, o Brasil ainda tem um n\u00famero pequeno, menos de 20%, de\nempresas e profissionais liberais com atividades digitais.<\/p>\n\n\n\n<p>Para\najudar profissionais liberais e pequenos empres\u00e1rios a estruturarem seus\nneg\u00f3cios on-line neste novo momento da economia, que exige rapidez e\nefici\u00eancia, o especialista em neg\u00f3cios digitais Thiago Meneg\u00e3o, da Meneg\u00e3o\nIntelig\u00eancia em Neg\u00f3cios Digitais, criou o projeto \u201cDesafio 30 dias\u201d (<a href=\"https:\/\/desafio.thiagomenegao.com.br\/home-page1588879352739\">https:\/\/desafio.thiagomenegao.com.br\/home-page1588879352739<\/a>).<\/p>\n\n\n\n<p>Implantar\num neg\u00f3cio digital \u00e9 o primeiro passo antes de se pensar em investimentos\npesados para o inicio de um e-commerce. Com experi\u00eancia em implanta\u00e7\u00e3o de\nprojetos em pequenas e m\u00e9dias empresas e multinacionais, Meneg\u00e3o se prop\u00f5e a\norientar empres\u00e1rios neste processo, que come\u00e7a com o site pr\u00f3prio.<\/p>\n\n\n\n<p>\u201cAo\nlongo de 30 dias, as pessoas aprender\u00e3o, de forma f\u00e1cil e pr\u00e1tica, no\u00e7\u00f5es\nb\u00e1sicas sobre a import\u00e2ncia do mercado digital para a sobreviv\u00eancia dos\nneg\u00f3cios, processo para atra\u00e7\u00e3o de novos clientes e convers\u00e3o em vendas e,\nprincipalmente, como montar, colocar no ar e gerenciar o pr\u00f3prio site\u201d,\nexplica.<\/p>\n\n\n\n<p>Diariamente,\na pessoa receber\u00e1 uma instru\u00e7\u00e3o, um v\u00eddeo e uma tarefa simples como, por\nexemplo, cadastrar uma conta em um servi\u00e7o na web, fazer uma pesquisa\nestrat\u00e9gica no Google, colocar seu neg\u00f3cio na internet, come\u00e7ar a divulgar e\nvender produtos e servi\u00e7os. \u201cO usu\u00e1rio poder\u00e1 ver e rever o v\u00eddeo com um passo\na passo, quantas vezes desejar.\u201d<\/p>\n\n\n\n<p>Al\u00e9m\ndas tarefas di\u00e1rias, ser\u00e1 oferecida orienta\u00e7\u00e3o para que o empres\u00e1rio ou\nprofissional liberal entre na rede com bom posicionamento de mercado, saiba\nanalisar demanda (com base nas buscas no Google) e volume de buscas e pesquisa<\/p>\n\n\n\n<p>Meneg\u00e3o\nconta que poucas empresas e profissionais liberais no Brasil est\u00e3o prontos para\nconquistar mercado digital e realizar vendas com esta nova realidade. \u201cO\nisolamento social imposto pela Covid-19 s\u00f3 acelerou este processo que era\ninevit\u00e1vel\u201d, afirma.<\/p>\n\n\n\n<p>O\nalerta do especialista tem como base em dados recentes. A 41\u00aa edi\u00e7\u00e3o do\nWebshoppers, relat\u00f3rio sobre as vendas online do Pa\u00eds elaborado semestralmente\npela EbitNielsen &#8211; em parceria com a Elo, revela o impacto da quarentena nos\nneg\u00f3cios: da segunda quinzena de mar\u00e7o at\u00e9 o fim de abril, houve crescimento de\n48,3% nas vendas pela internet no Brasil. No consolidado de 2019, o com\u00e9rcio\neletr\u00f4nico ultrapassou a marca de R$ 60 bilh\u00f5es em faturamento e atingiu 148 milh\u00f5es\nde pedidos.<\/p>\n\n\n\n<p>Meneg\u00e3o\nexplica que a sobreviv\u00eancia das empresas, independentemente de seu porte, est\u00e1\ndiretamente ligada ao mundo digital. \u201cOs n\u00fameros mais recentes comprovam isso.\n\u00c9 hora de as empresas e empreendedores olharem seus neg\u00f3cios no mundo digital\nde forma estrat\u00e9gica e at\u00e9 como fator de sobreviv\u00eancia\u201d, ressalta. \u201cAs vendas\nf\u00edsicas v\u00e3o continuar existindo, mas com tamanho reduzido a partir de agora\u201d.<\/p>","protected":false},"excerpt":{"rendered":"<p>Especialista em neg\u00f3cios digitais cria programa de ajuda voltado a empreendedores e profissionais liberais colocarem seus neg\u00f3cios na internet Campinas, 20 de maio de 2020 &#8211; A pandemia da Covid-19 e o isolamento social est\u00e3o acelerando a transforma\u00e7\u00e3o da economia mundial e os neg\u00f3cios das empresas e profissionais liberais. Com as portas fechadas, as vendas [&hellip;]<\/p>\n","protected":false},"author":1,"featured_media":715,"comment_status":"open","ping_status":"open","sticky":false,"template":"","format":"standard","meta":{"footnotes":""},"categories":[43],"tags":[50,47,48,49],"class_list":["post-714","post","type-post","status-publish","format-standard","has-post-thumbnail","hentry","category-negocios-e-economia","tag-empresas","tag-internet","tag-negocios","tag-vendas-digitais","has-post-title","has-post-date","has-post-category","has-post-tag","has-post-comment","has-post-author",""],"yoast_head":"<!-- This site is optimized with the Yoast SEO plugin v27.4 - https:\/\/yoast.com\/product\/yoast-seo-wordpress\/ -->\n<title>Crescimento das vendas pela internet exige mudan\u00e7as nas estrat\u00e9gias das empresas - Comunica\u00e7\u00e3o Estrat\u00e9gica<\/title>\n<meta name=\"robots\" content=\"index, follow, max-snippet:-1, max-image-preview:large, max-video-preview:-1\" \/>\n<link rel=\"canonical\" href=\"https:\/\/comunicacaoestrategicacps.com.br\/blog\/crescimento-das-vendas-pela-internet-exige-mudancas-nas-estrategias-das-empresas\/\" \/>\n<meta property=\"og:locale\" content=\"pt_BR\" \/>\n<meta property=\"og:type\" content=\"article\" \/>\n<meta property=\"og:title\" content=\"Crescimento das vendas pela internet exige mudan\u00e7as nas estrat\u00e9gias das empresas - Comunica\u00e7\u00e3o Estrat\u00e9gica\" \/>\n<meta property=\"og:description\" content=\"Especialista em neg\u00f3cios digitais cria programa de ajuda voltado a empreendedores e profissionais liberais colocarem seus neg\u00f3cios na internet Campinas, 20 de maio de 2020 &#8211; A pandemia da Covid-19 e o isolamento social est\u00e3o acelerando a transforma\u00e7\u00e3o da economia mundial e os neg\u00f3cios das empresas e profissionais liberais. Com as portas fechadas, as vendas [&hellip;]\" \/>\n<meta property=\"og:url\" content=\"https:\/\/comunicacaoestrategicacps.com.br\/blog\/crescimento-das-vendas-pela-internet-exige-mudancas-nas-estrategias-das-empresas\/\" \/>\n<meta property=\"og:site_name\" content=\"Comunica\u00e7\u00e3o Estrat\u00e9gica\" \/>\n<meta property=\"article:published_time\" content=\"2020-05-20T16:05:11+00:00\" \/>\n<meta property=\"article:modified_time\" content=\"2020-05-20T16:05:13+00:00\" \/>\n<meta property=\"og:image\" content=\"https:\/\/comunicacaoestrategicacps.com.br\/blog\/wp-content\/uploads\/2020\/05\/Thiago-Meneg\u00e3o-Divulga\u00e7\u00e3o-scaled.jpg\" \/>\n\t<meta property=\"og:image:width\" content=\"1280\" \/>\n\t<meta property=\"og:image:height\" content=\"853\" \/>\n\t<meta property=\"og:image:type\" content=\"image\/jpeg\" \/>\n<meta name=\"author\" content=\"admin\" \/>\n<meta name=\"twitter:card\" content=\"summary_large_image\" \/>\n<meta name=\"twitter:label1\" content=\"Escrito por\" \/>\n\t<meta name=\"twitter:data1\" content=\"admin\" \/>\n\t<meta name=\"twitter:label2\" content=\"Est. tempo de leitura\" \/>\n\t<meta name=\"twitter:data2\" content=\"3 minutos\" \/>\n<script type=\"application\/ld+json\" class=\"yoast-schema-graph\">{\"@context\":\"https:\\\/\\\/schema.org\",\"@graph\":[{\"@type\":\"Article\",\"@id\":\"https:\\\/\\\/comunicacaoestrategicacps.com.br\\\/blog\\\/crescimento-das-vendas-pela-internet-exige-mudancas-nas-estrategias-das-empresas\\\/#article\",\"isPartOf\":{\"@id\":\"https:\\\/\\\/comunicacaoestrategicacps.com.br\\\/blog\\\/crescimento-das-vendas-pela-internet-exige-mudancas-nas-estrategias-das-empresas\\\/\"},\"author\":{\"name\":\"admin\",\"@id\":\"https:\\\/\\\/comunicacaoestrategicacps.com.br\\\/blog\\\/#\\\/schema\\\/person\\\/8d447568a01edd36a56dbbcb702b02fc\"},\"headline\":\"Crescimento das vendas pela internet exige mudan\u00e7as nas estrat\u00e9gias das empresas\",\"datePublished\":\"2020-05-20T16:05:11+00:00\",\"dateModified\":\"2020-05-20T16:05:13+00:00\",\"mainEntityOfPage\":{\"@id\":\"https:\\\/\\\/comunicacaoestrategicacps.com.br\\\/blog\\\/crescimento-das-vendas-pela-internet-exige-mudancas-nas-estrategias-das-empresas\\\/\"},\"wordCount\":654,\"commentCount\":0,\"image\":{\"@id\":\"https:\\\/\\\/comunicacaoestrategicacps.com.br\\\/blog\\\/crescimento-das-vendas-pela-internet-exige-mudancas-nas-estrategias-das-empresas\\\/#primaryimage\"},\"thumbnailUrl\":\"https:\\\/\\\/comunicacaoestrategicacps.com.br\\\/blog\\\/wp-content\\\/uploads\\\/2020\\\/05\\\/Thiago-Meneg\u00e3o-Divulga\u00e7\u00e3o-scaled.jpg\",\"keywords\":[\"empresas\",\"internet\",\"neg\u00f3cios\",\"vendas digitais\"],\"articleSection\":[\"Neg\u00f3cios e Economia\"],\"inLanguage\":\"pt-BR\",\"potentialAction\":[{\"@type\":\"CommentAction\",\"name\":\"Comment\",\"target\":[\"https:\\\/\\\/comunicacaoestrategicacps.com.br\\\/blog\\\/crescimento-das-vendas-pela-internet-exige-mudancas-nas-estrategias-das-empresas\\\/#respond\"]}]},{\"@type\":\"WebPage\",\"@id\":\"https:\\\/\\\/comunicacaoestrategicacps.com.br\\\/blog\\\/crescimento-das-vendas-pela-internet-exige-mudancas-nas-estrategias-das-empresas\\\/\",\"url\":\"https:\\\/\\\/comunicacaoestrategicacps.com.br\\\/blog\\\/crescimento-das-vendas-pela-internet-exige-mudancas-nas-estrategias-das-empresas\\\/\",\"name\":\"Crescimento das vendas pela internet exige mudan\u00e7as nas estrat\u00e9gias das empresas - Comunica\u00e7\u00e3o Estrat\u00e9gica\",\"isPartOf\":{\"@id\":\"https:\\\/\\\/comunicacaoestrategicacps.com.br\\\/blog\\\/#website\"},\"primaryImageOfPage\":{\"@id\":\"https:\\\/\\\/comunicacaoestrategicacps.com.br\\\/blog\\\/crescimento-das-vendas-pela-internet-exige-mudancas-nas-estrategias-das-empresas\\\/#primaryimage\"},\"image\":{\"@id\":\"https:\\\/\\\/comunicacaoestrategicacps.com.br\\\/blog\\\/crescimento-das-vendas-pela-internet-exige-mudancas-nas-estrategias-das-empresas\\\/#primaryimage\"},\"thumbnailUrl\":\"https:\\\/\\\/comunicacaoestrategicacps.com.br\\\/blog\\\/wp-content\\\/uploads\\\/2020\\\/05\\\/Thiago-Meneg\u00e3o-Divulga\u00e7\u00e3o-scaled.jpg\",\"datePublished\":\"2020-05-20T16:05:11+00:00\",\"dateModified\":\"2020-05-20T16:05:13+00:00\",\"author\":{\"@id\":\"https:\\\/\\\/comunicacaoestrategicacps.com.br\\\/blog\\\/#\\\/schema\\\/person\\\/8d447568a01edd36a56dbbcb702b02fc\"},\"breadcrumb\":{\"@id\":\"https:\\\/\\\/comunicacaoestrategicacps.com.br\\\/blog\\\/crescimento-das-vendas-pela-internet-exige-mudancas-nas-estrategias-das-empresas\\\/#breadcrumb\"},\"inLanguage\":\"pt-BR\",\"potentialAction\":[{\"@type\":\"ReadAction\",\"target\":[\"https:\\\/\\\/comunicacaoestrategicacps.com.br\\\/blog\\\/crescimento-das-vendas-pela-internet-exige-mudancas-nas-estrategias-das-empresas\\\/\"]}]},{\"@type\":\"ImageObject\",\"inLanguage\":\"pt-BR\",\"@id\":\"https:\\\/\\\/comunicacaoestrategicacps.com.br\\\/blog\\\/crescimento-das-vendas-pela-internet-exige-mudancas-nas-estrategias-das-empresas\\\/#primaryimage\",\"url\":\"https:\\\/\\\/comunicacaoestrategicacps.com.br\\\/blog\\\/wp-content\\\/uploads\\\/2020\\\/05\\\/Thiago-Meneg\u00e3o-Divulga\u00e7\u00e3o-scaled.jpg\",\"contentUrl\":\"https:\\\/\\\/comunicacaoestrategicacps.com.br\\\/blog\\\/wp-content\\\/uploads\\\/2020\\\/05\\\/Thiago-Meneg\u00e3o-Divulga\u00e7\u00e3o-scaled.jpg\",\"width\":1280,\"height\":853},{\"@type\":\"BreadcrumbList\",\"@id\":\"https:\\\/\\\/comunicacaoestrategicacps.com.br\\\/blog\\\/crescimento-das-vendas-pela-internet-exige-mudancas-nas-estrategias-das-empresas\\\/#breadcrumb\",\"itemListElement\":[{\"@type\":\"ListItem\",\"position\":1,\"name\":\"In\u00edcio\",\"item\":\"https:\\\/\\\/comunicacaoestrategicacps.com.br\\\/blog\\\/\"},{\"@type\":\"ListItem\",\"position\":2,\"name\":\"Crescimento das vendas pela internet exige mudan\u00e7as nas estrat\u00e9gias das empresas\"}]},{\"@type\":\"WebSite\",\"@id\":\"https:\\\/\\\/comunicacaoestrategicacps.com.br\\\/blog\\\/#website\",\"url\":\"https:\\\/\\\/comunicacaoestrategicacps.com.br\\\/blog\\\/\",\"name\":\"Comunica\u00e7\u00e3o Estrat\u00e9gica\",\"description\":\"Comunica\u00e7\u00e3o Estrat\u00e9gica  - Assessoria de Imprensa\",\"potentialAction\":[{\"@type\":\"SearchAction\",\"target\":{\"@type\":\"EntryPoint\",\"urlTemplate\":\"https:\\\/\\\/comunicacaoestrategicacps.com.br\\\/blog\\\/?s={search_term_string}\"},\"query-input\":{\"@type\":\"PropertyValueSpecification\",\"valueRequired\":true,\"valueName\":\"search_term_string\"}}],\"inLanguage\":\"pt-BR\"},{\"@type\":\"Person\",\"@id\":\"https:\\\/\\\/comunicacaoestrategicacps.com.br\\\/blog\\\/#\\\/schema\\\/person\\\/8d447568a01edd36a56dbbcb702b02fc\",\"name\":\"admin\",\"image\":{\"@type\":\"ImageObject\",\"inLanguage\":\"pt-BR\",\"@id\":\"https:\\\/\\\/secure.gravatar.com\\\/avatar\\\/2cc026ea89b57b9d913d4ce5b90a0490046c0c9048a129e24cc44313a90d3f77?s=96&d=mm&r=g\",\"url\":\"https:\\\/\\\/secure.gravatar.com\\\/avatar\\\/2cc026ea89b57b9d913d4ce5b90a0490046c0c9048a129e24cc44313a90d3f77?s=96&d=mm&r=g\",\"contentUrl\":\"https:\\\/\\\/secure.gravatar.com\\\/avatar\\\/2cc026ea89b57b9d913d4ce5b90a0490046c0c9048a129e24cc44313a90d3f77?s=96&d=mm&r=g\",\"caption\":\"admin\"},\"url\":\"https:\\\/\\\/comunicacaoestrategicacps.com.br\\\/blog\\\/author\\\/admin\\\/\"}]}<\/script>\n<!-- \/ Yoast SEO plugin. -->","yoast_head_json":{"title":"Crescimento das vendas pela internet exige mudan\u00e7as nas estrat\u00e9gias das empresas - Comunica\u00e7\u00e3o Estrat\u00e9gica","robots":{"index":"index","follow":"follow","max-snippet":"max-snippet:-1","max-image-preview":"max-image-preview:large","max-video-preview":"max-video-preview:-1"},"canonical":"https:\/\/comunicacaoestrategicacps.com.br\/blog\/crescimento-das-vendas-pela-internet-exige-mudancas-nas-estrategias-das-empresas\/","og_locale":"pt_BR","og_type":"article","og_title":"Crescimento das vendas pela internet exige mudan\u00e7as nas estrat\u00e9gias das empresas - Comunica\u00e7\u00e3o Estrat\u00e9gica","og_description":"Especialista em neg\u00f3cios digitais cria programa de ajuda voltado a empreendedores e profissionais liberais colocarem seus neg\u00f3cios na internet Campinas, 20 de maio de 2020 &#8211; A pandemia da Covid-19 e o isolamento social est\u00e3o acelerando a transforma\u00e7\u00e3o da economia mundial e os neg\u00f3cios das empresas e profissionais liberais. Com as portas fechadas, as vendas [&hellip;]","og_url":"https:\/\/comunicacaoestrategicacps.com.br\/blog\/crescimento-das-vendas-pela-internet-exige-mudancas-nas-estrategias-das-empresas\/","og_site_name":"Comunica\u00e7\u00e3o Estrat\u00e9gica","article_published_time":"2020-05-20T16:05:11+00:00","article_modified_time":"2020-05-20T16:05:13+00:00","og_image":[{"width":1280,"height":853,"url":"https:\/\/comunicacaoestrategicacps.com.br\/blog\/wp-content\/uploads\/2020\/05\/Thiago-Meneg\u00e3o-Divulga\u00e7\u00e3o-scaled.jpg","type":"image\/jpeg"}],"author":"admin","twitter_card":"summary_large_image","twitter_misc":{"Escrito por":"admin","Est. tempo de leitura":"3 minutos"},"schema":{"@context":"https:\/\/schema.org","@graph":[{"@type":"Article","@id":"https:\/\/comunicacaoestrategicacps.com.br\/blog\/crescimento-das-vendas-pela-internet-exige-mudancas-nas-estrategias-das-empresas\/#article","isPartOf":{"@id":"https:\/\/comunicacaoestrategicacps.com.br\/blog\/crescimento-das-vendas-pela-internet-exige-mudancas-nas-estrategias-das-empresas\/"},"author":{"name":"admin","@id":"https:\/\/comunicacaoestrategicacps.com.br\/blog\/#\/schema\/person\/8d447568a01edd36a56dbbcb702b02fc"},"headline":"Crescimento das vendas pela internet exige mudan\u00e7as nas estrat\u00e9gias das empresas","datePublished":"2020-05-20T16:05:11+00:00","dateModified":"2020-05-20T16:05:13+00:00","mainEntityOfPage":{"@id":"https:\/\/comunicacaoestrategicacps.com.br\/blog\/crescimento-das-vendas-pela-internet-exige-mudancas-nas-estrategias-das-empresas\/"},"wordCount":654,"commentCount":0,"image":{"@id":"https:\/\/comunicacaoestrategicacps.com.br\/blog\/crescimento-das-vendas-pela-internet-exige-mudancas-nas-estrategias-das-empresas\/#primaryimage"},"thumbnailUrl":"https:\/\/comunicacaoestrategicacps.com.br\/blog\/wp-content\/uploads\/2020\/05\/Thiago-Meneg\u00e3o-Divulga\u00e7\u00e3o-scaled.jpg","keywords":["empresas","internet","neg\u00f3cios","vendas digitais"],"articleSection":["Neg\u00f3cios e Economia"],"inLanguage":"pt-BR","potentialAction":[{"@type":"CommentAction","name":"Comment","target":["https:\/\/comunicacaoestrategicacps.com.br\/blog\/crescimento-das-vendas-pela-internet-exige-mudancas-nas-estrategias-das-empresas\/#respond"]}]},{"@type":"WebPage","@id":"https:\/\/comunicacaoestrategicacps.com.br\/blog\/crescimento-das-vendas-pela-internet-exige-mudancas-nas-estrategias-das-empresas\/","url":"https:\/\/comunicacaoestrategicacps.com.br\/blog\/crescimento-das-vendas-pela-internet-exige-mudancas-nas-estrategias-das-empresas\/","name":"Crescimento das vendas pela internet exige mudan\u00e7as nas estrat\u00e9gias das empresas - Comunica\u00e7\u00e3o Estrat\u00e9gica","isPartOf":{"@id":"https:\/\/comunicacaoestrategicacps.com.br\/blog\/#website"},"primaryImageOfPage":{"@id":"https:\/\/comunicacaoestrategicacps.com.br\/blog\/crescimento-das-vendas-pela-internet-exige-mudancas-nas-estrategias-das-empresas\/#primaryimage"},"image":{"@id":"https:\/\/comunicacaoestrategicacps.com.br\/blog\/crescimento-das-vendas-pela-internet-exige-mudancas-nas-estrategias-das-empresas\/#primaryimage"},"thumbnailUrl":"https:\/\/comunicacaoestrategicacps.com.br\/blog\/wp-content\/uploads\/2020\/05\/Thiago-Meneg\u00e3o-Divulga\u00e7\u00e3o-scaled.jpg","datePublished":"2020-05-20T16:05:11+00:00","dateModified":"2020-05-20T16:05:13+00:00","author":{"@id":"https:\/\/comunicacaoestrategicacps.com.br\/blog\/#\/schema\/person\/8d447568a01edd36a56dbbcb702b02fc"},"breadcrumb":{"@id":"https:\/\/comunicacaoestrategicacps.com.br\/blog\/crescimento-das-vendas-pela-internet-exige-mudancas-nas-estrategias-das-empresas\/#breadcrumb"},"inLanguage":"pt-BR","potentialAction":[{"@type":"ReadAction","target":["https:\/\/comunicacaoestrategicacps.com.br\/blog\/crescimento-das-vendas-pela-internet-exige-mudancas-nas-estrategias-das-empresas\/"]}]},{"@type":"ImageObject","inLanguage":"pt-BR","@id":"https:\/\/comunicacaoestrategicacps.com.br\/blog\/crescimento-das-vendas-pela-internet-exige-mudancas-nas-estrategias-das-empresas\/#primaryimage","url":"https:\/\/comunicacaoestrategicacps.com.br\/blog\/wp-content\/uploads\/2020\/05\/Thiago-Meneg\u00e3o-Divulga\u00e7\u00e3o-scaled.jpg","contentUrl":"https:\/\/comunicacaoestrategicacps.com.br\/blog\/wp-content\/uploads\/2020\/05\/Thiago-Meneg\u00e3o-Divulga\u00e7\u00e3o-scaled.jpg","width":1280,"height":853},{"@type":"BreadcrumbList","@id":"https:\/\/comunicacaoestrategicacps.com.br\/blog\/crescimento-das-vendas-pela-internet-exige-mudancas-nas-estrategias-das-empresas\/#breadcrumb","itemListElement":[{"@type":"ListItem","position":1,"name":"In\u00edcio","item":"https:\/\/comunicacaoestrategicacps.com.br\/blog\/"},{"@type":"ListItem","position":2,"name":"Crescimento das vendas pela internet exige mudan\u00e7as nas estrat\u00e9gias das empresas"}]},{"@type":"WebSite","@id":"https:\/\/comunicacaoestrategicacps.com.br\/blog\/#website","url":"https:\/\/comunicacaoestrategicacps.com.br\/blog\/","name":"Comunica\u00e7\u00e3o Estrat\u00e9gica","description":"Comunica\u00e7\u00e3o Estrat\u00e9gica  - Assessoria de Imprensa","potentialAction":[{"@type":"SearchAction","target":{"@type":"EntryPoint","urlTemplate":"https:\/\/comunicacaoestrategicacps.com.br\/blog\/?s={search_term_string}"},"query-input":{"@type":"PropertyValueSpecification","valueRequired":true,"valueName":"search_term_string"}}],"inLanguage":"pt-BR"},{"@type":"Person","@id":"https:\/\/comunicacaoestrategicacps.com.br\/blog\/#\/schema\/person\/8d447568a01edd36a56dbbcb702b02fc","name":"admin","image":{"@type":"ImageObject","inLanguage":"pt-BR","@id":"https:\/\/secure.gravatar.com\/avatar\/2cc026ea89b57b9d913d4ce5b90a0490046c0c9048a129e24cc44313a90d3f77?s=96&d=mm&r=g","url":"https:\/\/secure.gravatar.com\/avatar\/2cc026ea89b57b9d913d4ce5b90a0490046c0c9048a129e24cc44313a90d3f77?s=96&d=mm&r=g","contentUrl":"https:\/\/secure.gravatar.com\/avatar\/2cc026ea89b57b9d913d4ce5b90a0490046c0c9048a129e24cc44313a90d3f77?s=96&d=mm&r=g","caption":"admin"},"url":"https:\/\/comunicacaoestrategicacps.com.br\/blog\/author\/admin\/"}]}},"builder_content":"","_links":{"self":[{"href":"https:\/\/comunicacaoestrategicacps.com.br\/blog\/wp-json\/wp\/v2\/posts\/714","targetHints":{"allow":["GET"]}}],"collection":[{"href":"https:\/\/comunicacaoestrategicacps.com.br\/blog\/wp-json\/wp\/v2\/posts"}],"about":[{"href":"https:\/\/comunicacaoestrategicacps.com.br\/blog\/wp-json\/wp\/v2\/types\/post"}],"author":[{"embeddable":true,"href":"https:\/\/comunicacaoestrategicacps.com.br\/blog\/wp-json\/wp\/v2\/users\/1"}],"replies":[{"embeddable":true,"href":"https:\/\/comunicacaoestrategicacps.com.br\/blog\/wp-json\/wp\/v2\/comments?post=714"}],"version-history":[{"count":1,"href":"https:\/\/comunicacaoestrategicacps.com.br\/blog\/wp-json\/wp\/v2\/posts\/714\/revisions"}],"predecessor-version":[{"id":716,"href":"https:\/\/comunicacaoestrategicacps.com.br\/blog\/wp-json\/wp\/v2\/posts\/714\/revisions\/716"}],"wp:featuredmedia":[{"embeddable":true,"href":"https:\/\/comunicacaoestrategicacps.com.br\/blog\/wp-json\/wp\/v2\/media\/715"}],"wp:attachment":[{"href":"https:\/\/comunicacaoestrategicacps.com.br\/blog\/wp-json\/wp\/v2\/media?parent=714"}],"wp:term":[{"taxonomy":"category","embeddable":true,"href":"https:\/\/comunicacaoestrategicacps.com.br\/blog\/wp-json\/wp\/v2\/categories?post=714"},{"taxonomy":"post_tag","embeddable":true,"href":"https:\/\/comunicacaoestrategicacps.com.br\/blog\/wp-json\/wp\/v2\/tags?post=714"}],"curies":[{"name":"wp","href":"https:\/\/api.w.org\/{rel}","templated":true}]}}