{"id":717,"date":"2020-05-22T11:14:28","date_gmt":"2020-05-22T14:14:28","guid":{"rendered":"https:\/\/comunicacaoestrategicacps.com.br\/blog\/?p=717"},"modified":"2020-05-22T11:14:31","modified_gmt":"2020-05-22T14:14:31","slug":"dois-meses-de-quarentena-pesquisa-da-abrasel-revela-as-dificuldades-dos-bares-e-restaurantes-com-a-pandemia","status":"publish","type":"post","link":"https:\/\/comunicacaoestrategicacps.com.br\/blog\/dois-meses-de-quarentena-pesquisa-da-abrasel-revela-as-dificuldades-dos-bares-e-restaurantes-com-a-pandemia\/","title":{"rendered":"Dois meses de Quarentena: pesquisa da Abrasel revela as dificuldades dos bares e restaurantes com a pandemia"},"content":{"rendered":"<!--themify_builder_content-->\n<div id=\"themify_builder_content-717\" data-postid=\"717\" class=\"themify_builder_content themify_builder_content-717 themify_builder tf_clear\">\n    <\/div>\n<!--\/themify_builder_content-->\n\n\n<figure class=\"wp-block-image size-large\"><img loading=\"lazy\" decoding=\"async\" width=\"1024\" height=\"613\" src=\"https:\/\/comunicacaoestrategicacps.com.br\/blog\/wp-content\/uploads\/2020\/05\/dsc8423-1024x613.jpg\" alt=\"\" class=\"wp-image-705\" srcset=\"https:\/\/comunicacaoestrategicacps.com.br\/blog\/wp-content\/uploads\/2020\/05\/dsc8423-1024x613.jpg 1024w, https:\/\/comunicacaoestrategicacps.com.br\/blog\/wp-content\/uploads\/2020\/05\/dsc8423-300x179.jpg 300w, https:\/\/comunicacaoestrategicacps.com.br\/blog\/wp-content\/uploads\/2020\/05\/dsc8423-768x459.jpg 768w, https:\/\/comunicacaoestrategicacps.com.br\/blog\/wp-content\/uploads\/2020\/05\/dsc8423.jpg 1170w\" sizes=\"auto, (max-width: 1024px) 100vw, 1024px\" \/><\/figure>\n\n\n\n<p>Empres\u00e1rios de todo o\nBrasil ouvidos pela Abrasel enfrentam dificuldade para manter os neg\u00f3cios: sem\nfaturamento e com d\u00edvidas, n\u00e3o conseguem acessar cr\u00e9dito nos bancos<\/p>\n\n\n\n<p>Campinas, 22 de maio de 2020 &#8211; Quatro em cada\ncinco donos de bares e restaurantes tentaram obter empr\u00e9stimos para sustentar\nseus neg\u00f3cios durante a pandemia. Mas, destes, 81% tiveram o cr\u00e9dito negado por\ninstitui\u00e7\u00f5es financeiras. A informa\u00e7\u00e3o vem de uma pesquisa realizada pela\nAssocia\u00e7\u00e3o Brasileira de Bares e Restaurantes (Abrasel) com empres\u00e1rios do\nsetor em todo o pa\u00eds. Os bancos privados s\u00e3o os que mais negam acesso a\nempr\u00e9stimos: 57,55% dos entrevistados receberam uma negativa em institui\u00e7\u00f5es\ndeste perfil, contra 42,45% que foram barrados em bancos p\u00fablicos. Com este\nquadro, quase 20% dos entrevistados dizem ter que demitir todo o quadro de\npessoal se a situa\u00e7\u00e3o se mantiver nos pr\u00f3ximos 30 dias.<\/p>\n\n\n\n<p>Para o presidente da Abrasel, Paulo Solmucci,\nos bares e restaurantes est\u00e3o precisando com urg\u00eancia de dinheiro barato e em\nadequadas condi\u00e7\u00f5es com car\u00eancia e prazo de pagamentos ajustados para os\ndesafios atuais. \u201cEnxergamos muitas tentativas do Governo Federal de oferecer\ncr\u00e9dito barato e que chegasse na ponta, mas que, at\u00e9 agora, foram\ninfrut\u00edferas\u201d, afirma.<\/p>\n\n\n\n<p>Segundo Solmucci, a situa\u00e7\u00e3o parece estar\nmudando. \u201cEstamos esperan\u00e7osos com os movimentos que v\u00eam acontecendo desde a\nsemana passada, que come\u00e7am a mostrar uma luz no fim do t\u00fanel. O Minist\u00e9rio do\nTurismo liberou uma linha de cr\u00e9dito de R$ 5 bilh\u00f5es via Fungetur que come\u00e7a a\nser utilizada com sucesso pelos empres\u00e1rios. Essa semana foi sancionado o\nPronampe, que pode trazer al\u00edvio a uma parcela das empresas. E h\u00e1 informa\u00e7\u00f5es\nde que o BNDES est\u00e1 reformulando a primeira linha anunciada, com muito alarde,\nmas que efetivamente n\u00e3o estava acess\u00edvel aos empres\u00e1rios. Ent\u00e3o, embora tenha\nhavido uma frustra\u00e7\u00e3o inicial, justific\u00e1vel, a expectativa \u00e9 que o que deu\nerrado est\u00e1 virando aprendizado para que o Governo disponibilize cr\u00e9dito de\nforma mais efetiva\u201d.<\/p>\n\n\n\n<p>A queda de faturamento \u00e9 brutal. O delivery\nfoi a \u00fanica sa\u00edda para 55% dos estabelecimentos continuarem operando. Mesmo\nassim, a queda na receita \u00e9 de mais de 75% para 64% das empresas do setor. Al\u00e9m\nde for\u00e7ar uma corrida por empr\u00e9stimos, a queda obrigou os empres\u00e1rios a cortar\ncustos em diversas frentes. Quase 80% das empresas j\u00e1 fizeram uma renegocia\u00e7\u00e3o\nde aluguel.<\/p>\n\n\n\n<p>E a possibilidade aberta pela Medida\nProvis\u00f3ria 936 (conhecida como MP dos sal\u00e1rios) permitiu \u00e0s empresas suspender\nos contratos de trabalho de metade dos funcion\u00e1rios, em m\u00e9dia. Renegociar com\nfornecedores tamb\u00e9m passou a ser mandat\u00f3rio. Neste ponto, a resposta \u00e9\npositiva. Pelo menos 50% dos fornecedores j\u00e1 concordaram em postergar o\npagamento de d\u00edvidas ou parcelar pagamentos.<\/p>\n\n\n\n<p>Em alguns lugares j\u00e1 come\u00e7ou a ser permitida\na reabertura dos estabelecimentos para o servi\u00e7o no sal\u00e3o. Mas a retomada n\u00e3o \u00e9\nf\u00e1cil. Ela significa retomar custos fixos que estavam suspensos e at\u00e9 investir:\n62% das empresas dizem estar encontrando dificuldades para repor os estoques.\nPor isso, dois em cada tr\u00eas empres\u00e1rios afirma planejar a retomada com menos\nfuncion\u00e1rios e com uma capacidade de atendimento reduzida em rela\u00e7\u00e3o \u00e0 situa\u00e7\u00e3o\npr\u00e9-crise. <\/p>\n\n\n\n<p><strong>PANORAMA\nNA RMC<\/strong><\/p>\n\n\n\n<p>Na Regi\u00e3o Metropolitana de Campinas (RMC), os\ndados levantados s\u00e3o preocupantes. Dos 340 associados, 64 tentaram acessar\nlinhas de cr\u00e9dito junto \u00e0s institui\u00e7\u00f5es financeiras \u2013 tanto do governo como\nparticular -, sendo que nenhum pedido foi aceito.<\/p>\n\n\n\n<p>\u201cO que as empresas conseguiram foram as\nlinhas antigas, com juros bem mais elevados, com taxas na faixa de 2% a 5% ao\nm\u00eas\u201d, revela o presidente da Abrasel RMC, Matheus Mason, lembrando que Campinas\ne diversas cidades da regi\u00e3o completam neste s\u00e1bado 60 dias de isolamento\nsocial.<\/p>\n\n\n\n<p>Com rela\u00e7\u00e3o ao movimento de vendas, na regi\u00e3o\nconstatou-se uma queda em torno de 85%. Os 15% que os bares est\u00e3o conseguindo\nmanter vem da venda atrav\u00e9s de delivery, uso de aplicativos e drive Thru.\n\u201cMuitos comerciantes est\u00e3o se reinventando para manter os neg\u00f3cios ativos\ndurante a quarentena, sendo que mais da metade deles jamais haviam trabalhado\ncom estes tipos de neg\u00f3cio. Tanto que o delivery apresentou em dois meses um\ncrescimento que era esperado para os pr\u00f3ximos dois anos\u201d.<\/p>\n\n\n\n<p>Para o presidente da Abrasel RMC, o momento \u00e9\ncr\u00edtico e cada vez mais a necessidade de isolamento faz com que o setor e\naproxime de um colapso, embora a entidade e empres\u00e1rios entendam a necessidade\ndo isolamento, desde que ele tenha transpar\u00eancia quanto \u00e0 reabertura. \u201cO\nconsumidor tamb\u00e9m est\u00e1 preocupado, mas deseja voltar a freq\u00fcentar os bares e\nrestaurantes, assim que terminar a quarentena\u201d, aponta.<\/p>\n\n\n\n<p>Ele cita como exemplo uma pesquisa realizada\npela empresa Food Consulting para um estudo in\u00e9dito sobre o Impacto da Covid-19\nno Consumidor do Foodservice: 69% dos entrevistados disseram que prentendem\nvoltar a frequentar bares e restaurantes, sendo 1\/3 assim que terminar a\nQuarentena, 1\/3 ap\u00f3s um m\u00eas e 1\/3 dois meses depois.<\/p>","protected":false},"excerpt":{"rendered":"<p>Empres\u00e1rios de todo o Brasil ouvidos pela Abrasel enfrentam dificuldade para manter os neg\u00f3cios: sem faturamento e com d\u00edvidas, n\u00e3o conseguem acessar cr\u00e9dito nos bancos Campinas, 22 de maio de 2020 &#8211; Quatro em cada cinco donos de bares e restaurantes tentaram obter empr\u00e9stimos para sustentar seus neg\u00f3cios durante a pandemia. Mas, destes, 81% tiveram [&hellip;]<\/p>\n","protected":false},"author":1,"featured_media":705,"comment_status":"open","ping_status":"open","sticky":false,"template":"","format":"standard","meta":{"footnotes":""},"categories":[43],"tags":[57,51,58,55,53,56,54,60,52,59],"class_list":["post-717","post","type-post","status-publish","format-standard","has-post-thumbnail","hentry","category-negocios-e-economia","tag-alimentacao-fora-do-lar","tag-bares","tag-campinas","tag-covi19","tag-economia","tag-foodservice","tag-pandemia","tag-regiao-metropolitana-de-campinas","tag-restaurantes","tag-rmc","has-post-title","has-post-date","has-post-category","has-post-tag","has-post-comment","has-post-author",""],"yoast_head":"<!-- This site is optimized with the Yoast SEO plugin v27.4 - https:\/\/yoast.com\/product\/yoast-seo-wordpress\/ -->\n<title>Dois meses de Quarentena: pesquisa da Abrasel revela as dificuldades dos bares e restaurantes com a pandemia - Comunica\u00e7\u00e3o Estrat\u00e9gica<\/title>\n<meta name=\"robots\" content=\"index, follow, max-snippet:-1, max-image-preview:large, max-video-preview:-1\" \/>\n<link rel=\"canonical\" href=\"https:\/\/comunicacaoestrategicacps.com.br\/blog\/dois-meses-de-quarentena-pesquisa-da-abrasel-revela-as-dificuldades-dos-bares-e-restaurantes-com-a-pandemia\/\" \/>\n<meta property=\"og:locale\" content=\"pt_BR\" \/>\n<meta property=\"og:type\" content=\"article\" \/>\n<meta property=\"og:title\" content=\"Dois meses de Quarentena: pesquisa da Abrasel revela as dificuldades dos bares e restaurantes com a pandemia - Comunica\u00e7\u00e3o Estrat\u00e9gica\" \/>\n<meta property=\"og:description\" content=\"Empres\u00e1rios de todo o Brasil ouvidos pela Abrasel enfrentam dificuldade para manter os neg\u00f3cios: sem faturamento e com d\u00edvidas, n\u00e3o conseguem acessar cr\u00e9dito nos bancos Campinas, 22 de maio de 2020 &#8211; Quatro em cada cinco donos de bares e restaurantes tentaram obter empr\u00e9stimos para sustentar seus neg\u00f3cios durante a pandemia. Mas, destes, 81% tiveram [&hellip;]\" \/>\n<meta property=\"og:url\" content=\"https:\/\/comunicacaoestrategicacps.com.br\/blog\/dois-meses-de-quarentena-pesquisa-da-abrasel-revela-as-dificuldades-dos-bares-e-restaurantes-com-a-pandemia\/\" \/>\n<meta property=\"og:site_name\" content=\"Comunica\u00e7\u00e3o Estrat\u00e9gica\" \/>\n<meta property=\"article:published_time\" content=\"2020-05-22T14:14:28+00:00\" \/>\n<meta property=\"article:modified_time\" content=\"2020-05-22T14:14:31+00:00\" \/>\n<meta property=\"og:image\" content=\"https:\/\/comunicacaoestrategicacps.com.br\/blog\/wp-content\/uploads\/2020\/05\/dsc8423.jpg\" \/>\n\t<meta property=\"og:image:width\" content=\"1170\" \/>\n\t<meta property=\"og:image:height\" content=\"700\" \/>\n\t<meta property=\"og:image:type\" content=\"image\/jpeg\" \/>\n<meta name=\"author\" content=\"admin\" \/>\n<meta name=\"twitter:card\" content=\"summary_large_image\" \/>\n<meta name=\"twitter:label1\" content=\"Escrito por\" \/>\n\t<meta name=\"twitter:data1\" content=\"admin\" \/>\n\t<meta name=\"twitter:label2\" content=\"Est. tempo de leitura\" \/>\n\t<meta name=\"twitter:data2\" content=\"4 minutos\" \/>\n<script type=\"application\/ld+json\" class=\"yoast-schema-graph\">{\"@context\":\"https:\\\/\\\/schema.org\",\"@graph\":[{\"@type\":\"Article\",\"@id\":\"https:\\\/\\\/comunicacaoestrategicacps.com.br\\\/blog\\\/dois-meses-de-quarentena-pesquisa-da-abrasel-revela-as-dificuldades-dos-bares-e-restaurantes-com-a-pandemia\\\/#article\",\"isPartOf\":{\"@id\":\"https:\\\/\\\/comunicacaoestrategicacps.com.br\\\/blog\\\/dois-meses-de-quarentena-pesquisa-da-abrasel-revela-as-dificuldades-dos-bares-e-restaurantes-com-a-pandemia\\\/\"},\"author\":{\"name\":\"admin\",\"@id\":\"https:\\\/\\\/comunicacaoestrategicacps.com.br\\\/blog\\\/#\\\/schema\\\/person\\\/8d447568a01edd36a56dbbcb702b02fc\"},\"headline\":\"Dois meses de Quarentena: pesquisa da Abrasel revela as dificuldades dos bares e restaurantes com a pandemia\",\"datePublished\":\"2020-05-22T14:14:28+00:00\",\"dateModified\":\"2020-05-22T14:14:31+00:00\",\"mainEntityOfPage\":{\"@id\":\"https:\\\/\\\/comunicacaoestrategicacps.com.br\\\/blog\\\/dois-meses-de-quarentena-pesquisa-da-abrasel-revela-as-dificuldades-dos-bares-e-restaurantes-com-a-pandemia\\\/\"},\"wordCount\":864,\"commentCount\":0,\"image\":{\"@id\":\"https:\\\/\\\/comunicacaoestrategicacps.com.br\\\/blog\\\/dois-meses-de-quarentena-pesquisa-da-abrasel-revela-as-dificuldades-dos-bares-e-restaurantes-com-a-pandemia\\\/#primaryimage\"},\"thumbnailUrl\":\"https:\\\/\\\/comunicacaoestrategicacps.com.br\\\/blog\\\/wp-content\\\/uploads\\\/2020\\\/05\\\/dsc8423.jpg\",\"keywords\":[\"alimenta\u00e7\u00e3o fora do lar\",\"Bares\",\"Campinas\",\"covi19\",\"economia\",\"foodservice\",\"pandemia\",\"Regi\u00e3o Metropolitana de Campinas\",\"restaurantes\",\"RMC\"],\"articleSection\":[\"Neg\u00f3cios e Economia\"],\"inLanguage\":\"pt-BR\",\"potentialAction\":[{\"@type\":\"CommentAction\",\"name\":\"Comment\",\"target\":[\"https:\\\/\\\/comunicacaoestrategicacps.com.br\\\/blog\\\/dois-meses-de-quarentena-pesquisa-da-abrasel-revela-as-dificuldades-dos-bares-e-restaurantes-com-a-pandemia\\\/#respond\"]}]},{\"@type\":\"WebPage\",\"@id\":\"https:\\\/\\\/comunicacaoestrategicacps.com.br\\\/blog\\\/dois-meses-de-quarentena-pesquisa-da-abrasel-revela-as-dificuldades-dos-bares-e-restaurantes-com-a-pandemia\\\/\",\"url\":\"https:\\\/\\\/comunicacaoestrategicacps.com.br\\\/blog\\\/dois-meses-de-quarentena-pesquisa-da-abrasel-revela-as-dificuldades-dos-bares-e-restaurantes-com-a-pandemia\\\/\",\"name\":\"Dois meses de Quarentena: pesquisa da Abrasel revela as dificuldades dos bares e restaurantes com a pandemia - Comunica\u00e7\u00e3o Estrat\u00e9gica\",\"isPartOf\":{\"@id\":\"https:\\\/\\\/comunicacaoestrategicacps.com.br\\\/blog\\\/#website\"},\"primaryImageOfPage\":{\"@id\":\"https:\\\/\\\/comunicacaoestrategicacps.com.br\\\/blog\\\/dois-meses-de-quarentena-pesquisa-da-abrasel-revela-as-dificuldades-dos-bares-e-restaurantes-com-a-pandemia\\\/#primaryimage\"},\"image\":{\"@id\":\"https:\\\/\\\/comunicacaoestrategicacps.com.br\\\/blog\\\/dois-meses-de-quarentena-pesquisa-da-abrasel-revela-as-dificuldades-dos-bares-e-restaurantes-com-a-pandemia\\\/#primaryimage\"},\"thumbnailUrl\":\"https:\\\/\\\/comunicacaoestrategicacps.com.br\\\/blog\\\/wp-content\\\/uploads\\\/2020\\\/05\\\/dsc8423.jpg\",\"datePublished\":\"2020-05-22T14:14:28+00:00\",\"dateModified\":\"2020-05-22T14:14:31+00:00\",\"author\":{\"@id\":\"https:\\\/\\\/comunicacaoestrategicacps.com.br\\\/blog\\\/#\\\/schema\\\/person\\\/8d447568a01edd36a56dbbcb702b02fc\"},\"breadcrumb\":{\"@id\":\"https:\\\/\\\/comunicacaoestrategicacps.com.br\\\/blog\\\/dois-meses-de-quarentena-pesquisa-da-abrasel-revela-as-dificuldades-dos-bares-e-restaurantes-com-a-pandemia\\\/#breadcrumb\"},\"inLanguage\":\"pt-BR\",\"potentialAction\":[{\"@type\":\"ReadAction\",\"target\":[\"https:\\\/\\\/comunicacaoestrategicacps.com.br\\\/blog\\\/dois-meses-de-quarentena-pesquisa-da-abrasel-revela-as-dificuldades-dos-bares-e-restaurantes-com-a-pandemia\\\/\"]}]},{\"@type\":\"ImageObject\",\"inLanguage\":\"pt-BR\",\"@id\":\"https:\\\/\\\/comunicacaoestrategicacps.com.br\\\/blog\\\/dois-meses-de-quarentena-pesquisa-da-abrasel-revela-as-dificuldades-dos-bares-e-restaurantes-com-a-pandemia\\\/#primaryimage\",\"url\":\"https:\\\/\\\/comunicacaoestrategicacps.com.br\\\/blog\\\/wp-content\\\/uploads\\\/2020\\\/05\\\/dsc8423.jpg\",\"contentUrl\":\"https:\\\/\\\/comunicacaoestrategicacps.com.br\\\/blog\\\/wp-content\\\/uploads\\\/2020\\\/05\\\/dsc8423.jpg\",\"width\":1170,\"height\":700},{\"@type\":\"BreadcrumbList\",\"@id\":\"https:\\\/\\\/comunicacaoestrategicacps.com.br\\\/blog\\\/dois-meses-de-quarentena-pesquisa-da-abrasel-revela-as-dificuldades-dos-bares-e-restaurantes-com-a-pandemia\\\/#breadcrumb\",\"itemListElement\":[{\"@type\":\"ListItem\",\"position\":1,\"name\":\"In\u00edcio\",\"item\":\"https:\\\/\\\/comunicacaoestrategicacps.com.br\\\/blog\\\/\"},{\"@type\":\"ListItem\",\"position\":2,\"name\":\"Dois meses de Quarentena: pesquisa da Abrasel revela as dificuldades dos bares e restaurantes com a pandemia\"}]},{\"@type\":\"WebSite\",\"@id\":\"https:\\\/\\\/comunicacaoestrategicacps.com.br\\\/blog\\\/#website\",\"url\":\"https:\\\/\\\/comunicacaoestrategicacps.com.br\\\/blog\\\/\",\"name\":\"Comunica\u00e7\u00e3o Estrat\u00e9gica\",\"description\":\"Comunica\u00e7\u00e3o Estrat\u00e9gica  - Assessoria de Imprensa\",\"potentialAction\":[{\"@type\":\"SearchAction\",\"target\":{\"@type\":\"EntryPoint\",\"urlTemplate\":\"https:\\\/\\\/comunicacaoestrategicacps.com.br\\\/blog\\\/?s={search_term_string}\"},\"query-input\":{\"@type\":\"PropertyValueSpecification\",\"valueRequired\":true,\"valueName\":\"search_term_string\"}}],\"inLanguage\":\"pt-BR\"},{\"@type\":\"Person\",\"@id\":\"https:\\\/\\\/comunicacaoestrategicacps.com.br\\\/blog\\\/#\\\/schema\\\/person\\\/8d447568a01edd36a56dbbcb702b02fc\",\"name\":\"admin\",\"image\":{\"@type\":\"ImageObject\",\"inLanguage\":\"pt-BR\",\"@id\":\"https:\\\/\\\/secure.gravatar.com\\\/avatar\\\/2cc026ea89b57b9d913d4ce5b90a0490046c0c9048a129e24cc44313a90d3f77?s=96&d=mm&r=g\",\"url\":\"https:\\\/\\\/secure.gravatar.com\\\/avatar\\\/2cc026ea89b57b9d913d4ce5b90a0490046c0c9048a129e24cc44313a90d3f77?s=96&d=mm&r=g\",\"contentUrl\":\"https:\\\/\\\/secure.gravatar.com\\\/avatar\\\/2cc026ea89b57b9d913d4ce5b90a0490046c0c9048a129e24cc44313a90d3f77?s=96&d=mm&r=g\",\"caption\":\"admin\"},\"url\":\"https:\\\/\\\/comunicacaoestrategicacps.com.br\\\/blog\\\/author\\\/admin\\\/\"}]}<\/script>\n<!-- \/ Yoast SEO plugin. -->","yoast_head_json":{"title":"Dois meses de Quarentena: pesquisa da Abrasel revela as dificuldades dos bares e restaurantes com a pandemia - Comunica\u00e7\u00e3o Estrat\u00e9gica","robots":{"index":"index","follow":"follow","max-snippet":"max-snippet:-1","max-image-preview":"max-image-preview:large","max-video-preview":"max-video-preview:-1"},"canonical":"https:\/\/comunicacaoestrategicacps.com.br\/blog\/dois-meses-de-quarentena-pesquisa-da-abrasel-revela-as-dificuldades-dos-bares-e-restaurantes-com-a-pandemia\/","og_locale":"pt_BR","og_type":"article","og_title":"Dois meses de Quarentena: pesquisa da Abrasel revela as dificuldades dos bares e restaurantes com a pandemia - Comunica\u00e7\u00e3o Estrat\u00e9gica","og_description":"Empres\u00e1rios de todo o Brasil ouvidos pela Abrasel enfrentam dificuldade para manter os neg\u00f3cios: sem faturamento e com d\u00edvidas, n\u00e3o conseguem acessar cr\u00e9dito nos bancos Campinas, 22 de maio de 2020 &#8211; Quatro em cada cinco donos de bares e restaurantes tentaram obter empr\u00e9stimos para sustentar seus neg\u00f3cios durante a pandemia. Mas, destes, 81% tiveram [&hellip;]","og_url":"https:\/\/comunicacaoestrategicacps.com.br\/blog\/dois-meses-de-quarentena-pesquisa-da-abrasel-revela-as-dificuldades-dos-bares-e-restaurantes-com-a-pandemia\/","og_site_name":"Comunica\u00e7\u00e3o Estrat\u00e9gica","article_published_time":"2020-05-22T14:14:28+00:00","article_modified_time":"2020-05-22T14:14:31+00:00","og_image":[{"width":1170,"height":700,"url":"https:\/\/comunicacaoestrategicacps.com.br\/blog\/wp-content\/uploads\/2020\/05\/dsc8423.jpg","type":"image\/jpeg"}],"author":"admin","twitter_card":"summary_large_image","twitter_misc":{"Escrito por":"admin","Est. tempo de leitura":"4 minutos"},"schema":{"@context":"https:\/\/schema.org","@graph":[{"@type":"Article","@id":"https:\/\/comunicacaoestrategicacps.com.br\/blog\/dois-meses-de-quarentena-pesquisa-da-abrasel-revela-as-dificuldades-dos-bares-e-restaurantes-com-a-pandemia\/#article","isPartOf":{"@id":"https:\/\/comunicacaoestrategicacps.com.br\/blog\/dois-meses-de-quarentena-pesquisa-da-abrasel-revela-as-dificuldades-dos-bares-e-restaurantes-com-a-pandemia\/"},"author":{"name":"admin","@id":"https:\/\/comunicacaoestrategicacps.com.br\/blog\/#\/schema\/person\/8d447568a01edd36a56dbbcb702b02fc"},"headline":"Dois meses de Quarentena: pesquisa da Abrasel revela as dificuldades dos bares e restaurantes com a pandemia","datePublished":"2020-05-22T14:14:28+00:00","dateModified":"2020-05-22T14:14:31+00:00","mainEntityOfPage":{"@id":"https:\/\/comunicacaoestrategicacps.com.br\/blog\/dois-meses-de-quarentena-pesquisa-da-abrasel-revela-as-dificuldades-dos-bares-e-restaurantes-com-a-pandemia\/"},"wordCount":864,"commentCount":0,"image":{"@id":"https:\/\/comunicacaoestrategicacps.com.br\/blog\/dois-meses-de-quarentena-pesquisa-da-abrasel-revela-as-dificuldades-dos-bares-e-restaurantes-com-a-pandemia\/#primaryimage"},"thumbnailUrl":"https:\/\/comunicacaoestrategicacps.com.br\/blog\/wp-content\/uploads\/2020\/05\/dsc8423.jpg","keywords":["alimenta\u00e7\u00e3o fora do lar","Bares","Campinas","covi19","economia","foodservice","pandemia","Regi\u00e3o Metropolitana de Campinas","restaurantes","RMC"],"articleSection":["Neg\u00f3cios e Economia"],"inLanguage":"pt-BR","potentialAction":[{"@type":"CommentAction","name":"Comment","target":["https:\/\/comunicacaoestrategicacps.com.br\/blog\/dois-meses-de-quarentena-pesquisa-da-abrasel-revela-as-dificuldades-dos-bares-e-restaurantes-com-a-pandemia\/#respond"]}]},{"@type":"WebPage","@id":"https:\/\/comunicacaoestrategicacps.com.br\/blog\/dois-meses-de-quarentena-pesquisa-da-abrasel-revela-as-dificuldades-dos-bares-e-restaurantes-com-a-pandemia\/","url":"https:\/\/comunicacaoestrategicacps.com.br\/blog\/dois-meses-de-quarentena-pesquisa-da-abrasel-revela-as-dificuldades-dos-bares-e-restaurantes-com-a-pandemia\/","name":"Dois meses de Quarentena: pesquisa da Abrasel revela as dificuldades dos bares e restaurantes com a pandemia - Comunica\u00e7\u00e3o Estrat\u00e9gica","isPartOf":{"@id":"https:\/\/comunicacaoestrategicacps.com.br\/blog\/#website"},"primaryImageOfPage":{"@id":"https:\/\/comunicacaoestrategicacps.com.br\/blog\/dois-meses-de-quarentena-pesquisa-da-abrasel-revela-as-dificuldades-dos-bares-e-restaurantes-com-a-pandemia\/#primaryimage"},"image":{"@id":"https:\/\/comunicacaoestrategicacps.com.br\/blog\/dois-meses-de-quarentena-pesquisa-da-abrasel-revela-as-dificuldades-dos-bares-e-restaurantes-com-a-pandemia\/#primaryimage"},"thumbnailUrl":"https:\/\/comunicacaoestrategicacps.com.br\/blog\/wp-content\/uploads\/2020\/05\/dsc8423.jpg","datePublished":"2020-05-22T14:14:28+00:00","dateModified":"2020-05-22T14:14:31+00:00","author":{"@id":"https:\/\/comunicacaoestrategicacps.com.br\/blog\/#\/schema\/person\/8d447568a01edd36a56dbbcb702b02fc"},"breadcrumb":{"@id":"https:\/\/comunicacaoestrategicacps.com.br\/blog\/dois-meses-de-quarentena-pesquisa-da-abrasel-revela-as-dificuldades-dos-bares-e-restaurantes-com-a-pandemia\/#breadcrumb"},"inLanguage":"pt-BR","potentialAction":[{"@type":"ReadAction","target":["https:\/\/comunicacaoestrategicacps.com.br\/blog\/dois-meses-de-quarentena-pesquisa-da-abrasel-revela-as-dificuldades-dos-bares-e-restaurantes-com-a-pandemia\/"]}]},{"@type":"ImageObject","inLanguage":"pt-BR","@id":"https:\/\/comunicacaoestrategicacps.com.br\/blog\/dois-meses-de-quarentena-pesquisa-da-abrasel-revela-as-dificuldades-dos-bares-e-restaurantes-com-a-pandemia\/#primaryimage","url":"https:\/\/comunicacaoestrategicacps.com.br\/blog\/wp-content\/uploads\/2020\/05\/dsc8423.jpg","contentUrl":"https:\/\/comunicacaoestrategicacps.com.br\/blog\/wp-content\/uploads\/2020\/05\/dsc8423.jpg","width":1170,"height":700},{"@type":"BreadcrumbList","@id":"https:\/\/comunicacaoestrategicacps.com.br\/blog\/dois-meses-de-quarentena-pesquisa-da-abrasel-revela-as-dificuldades-dos-bares-e-restaurantes-com-a-pandemia\/#breadcrumb","itemListElement":[{"@type":"ListItem","position":1,"name":"In\u00edcio","item":"https:\/\/comunicacaoestrategicacps.com.br\/blog\/"},{"@type":"ListItem","position":2,"name":"Dois meses de Quarentena: pesquisa da Abrasel revela as dificuldades dos bares e restaurantes com a pandemia"}]},{"@type":"WebSite","@id":"https:\/\/comunicacaoestrategicacps.com.br\/blog\/#website","url":"https:\/\/comunicacaoestrategicacps.com.br\/blog\/","name":"Comunica\u00e7\u00e3o Estrat\u00e9gica","description":"Comunica\u00e7\u00e3o Estrat\u00e9gica  - Assessoria de Imprensa","potentialAction":[{"@type":"SearchAction","target":{"@type":"EntryPoint","urlTemplate":"https:\/\/comunicacaoestrategicacps.com.br\/blog\/?s={search_term_string}"},"query-input":{"@type":"PropertyValueSpecification","valueRequired":true,"valueName":"search_term_string"}}],"inLanguage":"pt-BR"},{"@type":"Person","@id":"https:\/\/comunicacaoestrategicacps.com.br\/blog\/#\/schema\/person\/8d447568a01edd36a56dbbcb702b02fc","name":"admin","image":{"@type":"ImageObject","inLanguage":"pt-BR","@id":"https:\/\/secure.gravatar.com\/avatar\/2cc026ea89b57b9d913d4ce5b90a0490046c0c9048a129e24cc44313a90d3f77?s=96&d=mm&r=g","url":"https:\/\/secure.gravatar.com\/avatar\/2cc026ea89b57b9d913d4ce5b90a0490046c0c9048a129e24cc44313a90d3f77?s=96&d=mm&r=g","contentUrl":"https:\/\/secure.gravatar.com\/avatar\/2cc026ea89b57b9d913d4ce5b90a0490046c0c9048a129e24cc44313a90d3f77?s=96&d=mm&r=g","caption":"admin"},"url":"https:\/\/comunicacaoestrategicacps.com.br\/blog\/author\/admin\/"}]}},"builder_content":"","_links":{"self":[{"href":"https:\/\/comunicacaoestrategicacps.com.br\/blog\/wp-json\/wp\/v2\/posts\/717","targetHints":{"allow":["GET"]}}],"collection":[{"href":"https:\/\/comunicacaoestrategicacps.com.br\/blog\/wp-json\/wp\/v2\/posts"}],"about":[{"href":"https:\/\/comunicacaoestrategicacps.com.br\/blog\/wp-json\/wp\/v2\/types\/post"}],"author":[{"embeddable":true,"href":"https:\/\/comunicacaoestrategicacps.com.br\/blog\/wp-json\/wp\/v2\/users\/1"}],"replies":[{"embeddable":true,"href":"https:\/\/comunicacaoestrategicacps.com.br\/blog\/wp-json\/wp\/v2\/comments?post=717"}],"version-history":[{"count":1,"href":"https:\/\/comunicacaoestrategicacps.com.br\/blog\/wp-json\/wp\/v2\/posts\/717\/revisions"}],"predecessor-version":[{"id":718,"href":"https:\/\/comunicacaoestrategicacps.com.br\/blog\/wp-json\/wp\/v2\/posts\/717\/revisions\/718"}],"wp:featuredmedia":[{"embeddable":true,"href":"https:\/\/comunicacaoestrategicacps.com.br\/blog\/wp-json\/wp\/v2\/media\/705"}],"wp:attachment":[{"href":"https:\/\/comunicacaoestrategicacps.com.br\/blog\/wp-json\/wp\/v2\/media?parent=717"}],"wp:term":[{"taxonomy":"category","embeddable":true,"href":"https:\/\/comunicacaoestrategicacps.com.br\/blog\/wp-json\/wp\/v2\/categories?post=717"},{"taxonomy":"post_tag","embeddable":true,"href":"https:\/\/comunicacaoestrategicacps.com.br\/blog\/wp-json\/wp\/v2\/tags?post=717"}],"curies":[{"name":"wp","href":"https:\/\/api.w.org\/{rel}","templated":true}]}}