{"id":734,"date":"2020-06-04T11:29:15","date_gmt":"2020-06-04T14:29:15","guid":{"rendered":"https:\/\/comunicacaoestrategicacps.com.br\/blog\/?p=734"},"modified":"2020-06-04T11:29:17","modified_gmt":"2020-06-04T14:29:17","slug":"ao-menos-50-lojas-pedem-o-encerramento-das-operacoes-em-shoppings-de-campinas","status":"publish","type":"post","link":"https:\/\/comunicacaoestrategicacps.com.br\/blog\/ao-menos-50-lojas-pedem-o-encerramento-das-operacoes-em-shoppings-de-campinas\/","title":{"rendered":"Ao menos 50 lojas pedem o encerramento das opera\u00e7\u00f5es em shoppings de Campinas"},"content":{"rendered":"<!--themify_builder_content-->\n<div id=\"themify_builder_content-734\" data-postid=\"734\" class=\"themify_builder_content themify_builder_content-734 themify_builder tf_clear\">\n    <\/div>\n<!--\/themify_builder_content-->\n\n\n<figure class=\"wp-block-image size-large\"><img loading=\"lazy\" decoding=\"async\" width=\"1024\" height=\"682\" src=\"https:\/\/comunicacaoestrategicacps.com.br\/blog\/wp-content\/uploads\/2020\/04\/Gustavo-Maggioni-1024x682.jpg\" alt=\"\" class=\"wp-image-680\" srcset=\"https:\/\/comunicacaoestrategicacps.com.br\/blog\/wp-content\/uploads\/2020\/04\/Gustavo-Maggioni-1024x682.jpg 1024w, https:\/\/comunicacaoestrategicacps.com.br\/blog\/wp-content\/uploads\/2020\/04\/Gustavo-Maggioni-300x200.jpg 300w, https:\/\/comunicacaoestrategicacps.com.br\/blog\/wp-content\/uploads\/2020\/04\/Gustavo-Maggioni-768x512.jpg 768w, https:\/\/comunicacaoestrategicacps.com.br\/blog\/wp-content\/uploads\/2020\/04\/Gustavo-Maggioni.jpg 1280w\" sizes=\"auto, (max-width: 1024px) 100vw, 1024px\" \/><\/figure>\n\n\n\n<p><strong>Campinas, 04 de junho de 2020 <\/strong>\u2013\nA suspens\u00e3o das atividades nos shoppings Centers por mais de dois meses como\nmedida para evitar a propaga\u00e7\u00e3o da Covid-19 j\u00e1 provocou o pedido de fechamento\nde pelo menos 50 lojas nos centros de compra de Campinas. Isso representa cerca\nde 5% do total de opera\u00e7\u00f5es. Al\u00e9m dos preju\u00edzos e dispensas de funcion\u00e1rios,\nempres\u00e1rios tamb\u00e9m enfrentam outro problema: altos valores cobrados como multas\npelas administra\u00e7\u00f5es para o encerramento do contrato.<\/p>\n\n\n\n<p>Os n\u00fameros de\nencerramento das atividades fazem parte de um levantamento realizado pela\nComiss\u00e3o de Shoppings Centers da Ordem dos Advogados do Brasil (OAB) de\nCampinas. \u201cEstamos fazendo um levantamento mais completo dos impactos em toda a\nregi\u00e3o de Campinas\u201d, adianta o presidente da Comiss\u00e3o, o advogado Gustavo\nMaggioni.<\/p>\n\n\n\n<p>Ele conta que \u00e9\ngrande o n\u00famero de lojistas que operam nos shoppings e que procuram a entidade\npara comunica\u00e7\u00e3o da necessidade de encerramento definitivo das opera\u00e7\u00f5es. Os\nempres\u00e1rios relatam a cobran\u00e7a de multas pesadas pelas administradoras, que em\nmuitos casos passam de dez vezes o valor do aluguel.<\/p>\n\n\n\n<p>A recomenda\u00e7\u00e3o do\npresidente da comiss\u00e3o \u00e9 para que o lojista procure o shopping para fazer um\nacordo solicitando a isen\u00e7\u00e3o da multa, uma vez que a rescis\u00e3o do contrato est\u00e1\nse dando por fato extraordin\u00e1rio em decorr\u00eancia da pandemia que obrigou o\nfechamento tempor\u00e1rio dos shopping centers. <\/p>\n\n\n\n<p>De acordo com o\nadvogado, a tend\u00eancia \u00e9 que haja um aumentodo n\u00famero de opera\u00e7\u00f5es fechadas nas\npr\u00f3ximas semanas. Segundo o plano de reabertura dos shoppings aprovado pelo\ngovernador de S\u00e3o Paulo Jo\u00e3o Doria, as pra\u00e7as de alimenta\u00e7\u00e3o devem continuar\nfechadas, o que agravar\u00e1 a crise dos lojistas ligados a alimenta\u00e7\u00e3o nos centros\ncomerciais. <\/p>\n\n\n\n<p>Mesmo com a\nreabertura de parte das opera\u00e7\u00f5es nas pr\u00f3ximas semanas, com a flexibiliza\u00e7\u00e3o da\nQuarentena, o movimento de vendas tende a continuar fraco. \u201cHoje, as lojas que\nest\u00e3o autorizadas a funcionar est\u00e3o tendo menos de 30% de faturamento e este\npercentual n\u00e3o \u00e9 suficiente para cobrir os custos de loca\u00e7\u00e3o e despesas com\nfuncion\u00e1rios\u201d, explica Maggioni.<\/p>\n\n\n\n<p>\u201c\u00c9 bastante\npreocupante o cen\u00e1rio para estas empresas que funcionam nos shoppings a curto e\nm\u00e9dio prazo. Tudo leva a um aumento consider\u00e1vel de encerramento de opera\u00e7\u00f5es\nnas pr\u00f3ximas semanas\u201d, completa.<\/p>","protected":false},"excerpt":{"rendered":"<p>Campinas, 04 de junho de 2020 \u2013 A suspens\u00e3o das atividades nos shoppings Centers por mais de dois meses como medida para evitar a propaga\u00e7\u00e3o da Covid-19 j\u00e1 provocou o pedido de fechamento de pelo menos 50 lojas nos centros de compra de Campinas. Isso representa cerca de 5% do total de opera\u00e7\u00f5es. Al\u00e9m dos [&hellip;]<\/p>\n","protected":false},"author":1,"featured_media":680,"comment_status":"open","ping_status":"open","sticky":false,"template":"","format":"standard","meta":{"footnotes":""},"categories":[43],"tags":[58,55,69,53,48,70,68,67],"class_list":["post-734","post","type-post","status-publish","format-standard","has-post-thumbnail","hentry","category-negocios-e-economia","tag-campinas","tag-covi19","tag-crise","tag-economia","tag-negocios","tag-prejuizos-lojistas","tag-quarentena","tag-shoppings","has-post-title","has-post-date","has-post-category","has-post-tag","has-post-comment","has-post-author",""],"yoast_head":"<!-- This site is optimized with the Yoast SEO plugin v27.4 - https:\/\/yoast.com\/product\/yoast-seo-wordpress\/ -->\n<title>Ao menos 50 lojas pedem o encerramento das opera\u00e7\u00f5es em shoppings de Campinas - Comunica\u00e7\u00e3o Estrat\u00e9gica<\/title>\n<meta name=\"robots\" content=\"index, follow, max-snippet:-1, max-image-preview:large, max-video-preview:-1\" \/>\n<link rel=\"canonical\" href=\"https:\/\/comunicacaoestrategicacps.com.br\/blog\/ao-menos-50-lojas-pedem-o-encerramento-das-operacoes-em-shoppings-de-campinas\/\" \/>\n<meta property=\"og:locale\" content=\"pt_BR\" \/>\n<meta property=\"og:type\" content=\"article\" \/>\n<meta property=\"og:title\" content=\"Ao menos 50 lojas pedem o encerramento das opera\u00e7\u00f5es em shoppings de Campinas - Comunica\u00e7\u00e3o Estrat\u00e9gica\" \/>\n<meta property=\"og:description\" content=\"Campinas, 04 de junho de 2020 \u2013 A suspens\u00e3o das atividades nos shoppings Centers por mais de dois meses como medida para evitar a propaga\u00e7\u00e3o da Covid-19 j\u00e1 provocou o pedido de fechamento de pelo menos 50 lojas nos centros de compra de Campinas. Isso representa cerca de 5% do total de opera\u00e7\u00f5es. Al\u00e9m dos [&hellip;]\" \/>\n<meta property=\"og:url\" content=\"https:\/\/comunicacaoestrategicacps.com.br\/blog\/ao-menos-50-lojas-pedem-o-encerramento-das-operacoes-em-shoppings-de-campinas\/\" \/>\n<meta property=\"og:site_name\" content=\"Comunica\u00e7\u00e3o Estrat\u00e9gica\" \/>\n<meta property=\"article:published_time\" content=\"2020-06-04T14:29:15+00:00\" \/>\n<meta property=\"article:modified_time\" content=\"2020-06-04T14:29:17+00:00\" \/>\n<meta property=\"og:image\" content=\"https:\/\/comunicacaoestrategicacps.com.br\/blog\/wp-content\/uploads\/2020\/04\/Gustavo-Maggioni.jpg\" \/>\n\t<meta property=\"og:image:width\" content=\"1280\" \/>\n\t<meta property=\"og:image:height\" content=\"853\" \/>\n\t<meta property=\"og:image:type\" content=\"image\/jpeg\" \/>\n<meta name=\"author\" content=\"admin\" \/>\n<meta name=\"twitter:card\" content=\"summary_large_image\" \/>\n<meta name=\"twitter:label1\" content=\"Escrito por\" \/>\n\t<meta name=\"twitter:data1\" content=\"admin\" \/>\n\t<meta name=\"twitter:label2\" content=\"Est. tempo de leitura\" \/>\n\t<meta name=\"twitter:data2\" content=\"2 minutos\" \/>\n<script type=\"application\/ld+json\" class=\"yoast-schema-graph\">{\"@context\":\"https:\\\/\\\/schema.org\",\"@graph\":[{\"@type\":\"Article\",\"@id\":\"https:\\\/\\\/comunicacaoestrategicacps.com.br\\\/blog\\\/ao-menos-50-lojas-pedem-o-encerramento-das-operacoes-em-shoppings-de-campinas\\\/#article\",\"isPartOf\":{\"@id\":\"https:\\\/\\\/comunicacaoestrategicacps.com.br\\\/blog\\\/ao-menos-50-lojas-pedem-o-encerramento-das-operacoes-em-shoppings-de-campinas\\\/\"},\"author\":{\"name\":\"admin\",\"@id\":\"https:\\\/\\\/comunicacaoestrategicacps.com.br\\\/blog\\\/#\\\/schema\\\/person\\\/8d447568a01edd36a56dbbcb702b02fc\"},\"headline\":\"Ao menos 50 lojas pedem o encerramento das opera\u00e7\u00f5es em shoppings de Campinas\",\"datePublished\":\"2020-06-04T14:29:15+00:00\",\"dateModified\":\"2020-06-04T14:29:17+00:00\",\"mainEntityOfPage\":{\"@id\":\"https:\\\/\\\/comunicacaoestrategicacps.com.br\\\/blog\\\/ao-menos-50-lojas-pedem-o-encerramento-das-operacoes-em-shoppings-de-campinas\\\/\"},\"wordCount\":414,\"commentCount\":0,\"image\":{\"@id\":\"https:\\\/\\\/comunicacaoestrategicacps.com.br\\\/blog\\\/ao-menos-50-lojas-pedem-o-encerramento-das-operacoes-em-shoppings-de-campinas\\\/#primaryimage\"},\"thumbnailUrl\":\"https:\\\/\\\/comunicacaoestrategicacps.com.br\\\/blog\\\/wp-content\\\/uploads\\\/2020\\\/04\\\/Gustavo-Maggioni.jpg\",\"keywords\":[\"Campinas\",\"covi19\",\"crise\",\"economia\",\"neg\u00f3cios\",\"preju\u00edzos lojistas\",\"quarentena\",\"Shoppings\"],\"articleSection\":[\"Neg\u00f3cios e Economia\"],\"inLanguage\":\"pt-BR\",\"potentialAction\":[{\"@type\":\"CommentAction\",\"name\":\"Comment\",\"target\":[\"https:\\\/\\\/comunicacaoestrategicacps.com.br\\\/blog\\\/ao-menos-50-lojas-pedem-o-encerramento-das-operacoes-em-shoppings-de-campinas\\\/#respond\"]}]},{\"@type\":\"WebPage\",\"@id\":\"https:\\\/\\\/comunicacaoestrategicacps.com.br\\\/blog\\\/ao-menos-50-lojas-pedem-o-encerramento-das-operacoes-em-shoppings-de-campinas\\\/\",\"url\":\"https:\\\/\\\/comunicacaoestrategicacps.com.br\\\/blog\\\/ao-menos-50-lojas-pedem-o-encerramento-das-operacoes-em-shoppings-de-campinas\\\/\",\"name\":\"Ao menos 50 lojas pedem o encerramento das opera\u00e7\u00f5es em shoppings de Campinas - Comunica\u00e7\u00e3o Estrat\u00e9gica\",\"isPartOf\":{\"@id\":\"https:\\\/\\\/comunicacaoestrategicacps.com.br\\\/blog\\\/#website\"},\"primaryImageOfPage\":{\"@id\":\"https:\\\/\\\/comunicacaoestrategicacps.com.br\\\/blog\\\/ao-menos-50-lojas-pedem-o-encerramento-das-operacoes-em-shoppings-de-campinas\\\/#primaryimage\"},\"image\":{\"@id\":\"https:\\\/\\\/comunicacaoestrategicacps.com.br\\\/blog\\\/ao-menos-50-lojas-pedem-o-encerramento-das-operacoes-em-shoppings-de-campinas\\\/#primaryimage\"},\"thumbnailUrl\":\"https:\\\/\\\/comunicacaoestrategicacps.com.br\\\/blog\\\/wp-content\\\/uploads\\\/2020\\\/04\\\/Gustavo-Maggioni.jpg\",\"datePublished\":\"2020-06-04T14:29:15+00:00\",\"dateModified\":\"2020-06-04T14:29:17+00:00\",\"author\":{\"@id\":\"https:\\\/\\\/comunicacaoestrategicacps.com.br\\\/blog\\\/#\\\/schema\\\/person\\\/8d447568a01edd36a56dbbcb702b02fc\"},\"breadcrumb\":{\"@id\":\"https:\\\/\\\/comunicacaoestrategicacps.com.br\\\/blog\\\/ao-menos-50-lojas-pedem-o-encerramento-das-operacoes-em-shoppings-de-campinas\\\/#breadcrumb\"},\"inLanguage\":\"pt-BR\",\"potentialAction\":[{\"@type\":\"ReadAction\",\"target\":[\"https:\\\/\\\/comunicacaoestrategicacps.com.br\\\/blog\\\/ao-menos-50-lojas-pedem-o-encerramento-das-operacoes-em-shoppings-de-campinas\\\/\"]}]},{\"@type\":\"ImageObject\",\"inLanguage\":\"pt-BR\",\"@id\":\"https:\\\/\\\/comunicacaoestrategicacps.com.br\\\/blog\\\/ao-menos-50-lojas-pedem-o-encerramento-das-operacoes-em-shoppings-de-campinas\\\/#primaryimage\",\"url\":\"https:\\\/\\\/comunicacaoestrategicacps.com.br\\\/blog\\\/wp-content\\\/uploads\\\/2020\\\/04\\\/Gustavo-Maggioni.jpg\",\"contentUrl\":\"https:\\\/\\\/comunicacaoestrategicacps.com.br\\\/blog\\\/wp-content\\\/uploads\\\/2020\\\/04\\\/Gustavo-Maggioni.jpg\",\"width\":1280,\"height\":853},{\"@type\":\"BreadcrumbList\",\"@id\":\"https:\\\/\\\/comunicacaoestrategicacps.com.br\\\/blog\\\/ao-menos-50-lojas-pedem-o-encerramento-das-operacoes-em-shoppings-de-campinas\\\/#breadcrumb\",\"itemListElement\":[{\"@type\":\"ListItem\",\"position\":1,\"name\":\"In\u00edcio\",\"item\":\"https:\\\/\\\/comunicacaoestrategicacps.com.br\\\/blog\\\/\"},{\"@type\":\"ListItem\",\"position\":2,\"name\":\"Ao menos 50 lojas pedem o encerramento das opera\u00e7\u00f5es em shoppings de Campinas\"}]},{\"@type\":\"WebSite\",\"@id\":\"https:\\\/\\\/comunicacaoestrategicacps.com.br\\\/blog\\\/#website\",\"url\":\"https:\\\/\\\/comunicacaoestrategicacps.com.br\\\/blog\\\/\",\"name\":\"Comunica\u00e7\u00e3o Estrat\u00e9gica\",\"description\":\"Comunica\u00e7\u00e3o Estrat\u00e9gica  - Assessoria de Imprensa\",\"potentialAction\":[{\"@type\":\"SearchAction\",\"target\":{\"@type\":\"EntryPoint\",\"urlTemplate\":\"https:\\\/\\\/comunicacaoestrategicacps.com.br\\\/blog\\\/?s={search_term_string}\"},\"query-input\":{\"@type\":\"PropertyValueSpecification\",\"valueRequired\":true,\"valueName\":\"search_term_string\"}}],\"inLanguage\":\"pt-BR\"},{\"@type\":\"Person\",\"@id\":\"https:\\\/\\\/comunicacaoestrategicacps.com.br\\\/blog\\\/#\\\/schema\\\/person\\\/8d447568a01edd36a56dbbcb702b02fc\",\"name\":\"admin\",\"image\":{\"@type\":\"ImageObject\",\"inLanguage\":\"pt-BR\",\"@id\":\"https:\\\/\\\/secure.gravatar.com\\\/avatar\\\/2cc026ea89b57b9d913d4ce5b90a0490046c0c9048a129e24cc44313a90d3f77?s=96&d=mm&r=g\",\"url\":\"https:\\\/\\\/secure.gravatar.com\\\/avatar\\\/2cc026ea89b57b9d913d4ce5b90a0490046c0c9048a129e24cc44313a90d3f77?s=96&d=mm&r=g\",\"contentUrl\":\"https:\\\/\\\/secure.gravatar.com\\\/avatar\\\/2cc026ea89b57b9d913d4ce5b90a0490046c0c9048a129e24cc44313a90d3f77?s=96&d=mm&r=g\",\"caption\":\"admin\"},\"url\":\"https:\\\/\\\/comunicacaoestrategicacps.com.br\\\/blog\\\/author\\\/admin\\\/\"}]}<\/script>\n<!-- \/ Yoast SEO plugin. -->","yoast_head_json":{"title":"Ao menos 50 lojas pedem o encerramento das opera\u00e7\u00f5es em shoppings de Campinas - Comunica\u00e7\u00e3o Estrat\u00e9gica","robots":{"index":"index","follow":"follow","max-snippet":"max-snippet:-1","max-image-preview":"max-image-preview:large","max-video-preview":"max-video-preview:-1"},"canonical":"https:\/\/comunicacaoestrategicacps.com.br\/blog\/ao-menos-50-lojas-pedem-o-encerramento-das-operacoes-em-shoppings-de-campinas\/","og_locale":"pt_BR","og_type":"article","og_title":"Ao menos 50 lojas pedem o encerramento das opera\u00e7\u00f5es em shoppings de Campinas - Comunica\u00e7\u00e3o Estrat\u00e9gica","og_description":"Campinas, 04 de junho de 2020 \u2013 A suspens\u00e3o das atividades nos shoppings Centers por mais de dois meses como medida para evitar a propaga\u00e7\u00e3o da Covid-19 j\u00e1 provocou o pedido de fechamento de pelo menos 50 lojas nos centros de compra de Campinas. Isso representa cerca de 5% do total de opera\u00e7\u00f5es. Al\u00e9m dos [&hellip;]","og_url":"https:\/\/comunicacaoestrategicacps.com.br\/blog\/ao-menos-50-lojas-pedem-o-encerramento-das-operacoes-em-shoppings-de-campinas\/","og_site_name":"Comunica\u00e7\u00e3o Estrat\u00e9gica","article_published_time":"2020-06-04T14:29:15+00:00","article_modified_time":"2020-06-04T14:29:17+00:00","og_image":[{"width":1280,"height":853,"url":"https:\/\/comunicacaoestrategicacps.com.br\/blog\/wp-content\/uploads\/2020\/04\/Gustavo-Maggioni.jpg","type":"image\/jpeg"}],"author":"admin","twitter_card":"summary_large_image","twitter_misc":{"Escrito por":"admin","Est. tempo de leitura":"2 minutos"},"schema":{"@context":"https:\/\/schema.org","@graph":[{"@type":"Article","@id":"https:\/\/comunicacaoestrategicacps.com.br\/blog\/ao-menos-50-lojas-pedem-o-encerramento-das-operacoes-em-shoppings-de-campinas\/#article","isPartOf":{"@id":"https:\/\/comunicacaoestrategicacps.com.br\/blog\/ao-menos-50-lojas-pedem-o-encerramento-das-operacoes-em-shoppings-de-campinas\/"},"author":{"name":"admin","@id":"https:\/\/comunicacaoestrategicacps.com.br\/blog\/#\/schema\/person\/8d447568a01edd36a56dbbcb702b02fc"},"headline":"Ao menos 50 lojas pedem o encerramento das opera\u00e7\u00f5es em shoppings de Campinas","datePublished":"2020-06-04T14:29:15+00:00","dateModified":"2020-06-04T14:29:17+00:00","mainEntityOfPage":{"@id":"https:\/\/comunicacaoestrategicacps.com.br\/blog\/ao-menos-50-lojas-pedem-o-encerramento-das-operacoes-em-shoppings-de-campinas\/"},"wordCount":414,"commentCount":0,"image":{"@id":"https:\/\/comunicacaoestrategicacps.com.br\/blog\/ao-menos-50-lojas-pedem-o-encerramento-das-operacoes-em-shoppings-de-campinas\/#primaryimage"},"thumbnailUrl":"https:\/\/comunicacaoestrategicacps.com.br\/blog\/wp-content\/uploads\/2020\/04\/Gustavo-Maggioni.jpg","keywords":["Campinas","covi19","crise","economia","neg\u00f3cios","preju\u00edzos lojistas","quarentena","Shoppings"],"articleSection":["Neg\u00f3cios e Economia"],"inLanguage":"pt-BR","potentialAction":[{"@type":"CommentAction","name":"Comment","target":["https:\/\/comunicacaoestrategicacps.com.br\/blog\/ao-menos-50-lojas-pedem-o-encerramento-das-operacoes-em-shoppings-de-campinas\/#respond"]}]},{"@type":"WebPage","@id":"https:\/\/comunicacaoestrategicacps.com.br\/blog\/ao-menos-50-lojas-pedem-o-encerramento-das-operacoes-em-shoppings-de-campinas\/","url":"https:\/\/comunicacaoestrategicacps.com.br\/blog\/ao-menos-50-lojas-pedem-o-encerramento-das-operacoes-em-shoppings-de-campinas\/","name":"Ao menos 50 lojas pedem o encerramento das opera\u00e7\u00f5es em shoppings de Campinas - Comunica\u00e7\u00e3o Estrat\u00e9gica","isPartOf":{"@id":"https:\/\/comunicacaoestrategicacps.com.br\/blog\/#website"},"primaryImageOfPage":{"@id":"https:\/\/comunicacaoestrategicacps.com.br\/blog\/ao-menos-50-lojas-pedem-o-encerramento-das-operacoes-em-shoppings-de-campinas\/#primaryimage"},"image":{"@id":"https:\/\/comunicacaoestrategicacps.com.br\/blog\/ao-menos-50-lojas-pedem-o-encerramento-das-operacoes-em-shoppings-de-campinas\/#primaryimage"},"thumbnailUrl":"https:\/\/comunicacaoestrategicacps.com.br\/blog\/wp-content\/uploads\/2020\/04\/Gustavo-Maggioni.jpg","datePublished":"2020-06-04T14:29:15+00:00","dateModified":"2020-06-04T14:29:17+00:00","author":{"@id":"https:\/\/comunicacaoestrategicacps.com.br\/blog\/#\/schema\/person\/8d447568a01edd36a56dbbcb702b02fc"},"breadcrumb":{"@id":"https:\/\/comunicacaoestrategicacps.com.br\/blog\/ao-menos-50-lojas-pedem-o-encerramento-das-operacoes-em-shoppings-de-campinas\/#breadcrumb"},"inLanguage":"pt-BR","potentialAction":[{"@type":"ReadAction","target":["https:\/\/comunicacaoestrategicacps.com.br\/blog\/ao-menos-50-lojas-pedem-o-encerramento-das-operacoes-em-shoppings-de-campinas\/"]}]},{"@type":"ImageObject","inLanguage":"pt-BR","@id":"https:\/\/comunicacaoestrategicacps.com.br\/blog\/ao-menos-50-lojas-pedem-o-encerramento-das-operacoes-em-shoppings-de-campinas\/#primaryimage","url":"https:\/\/comunicacaoestrategicacps.com.br\/blog\/wp-content\/uploads\/2020\/04\/Gustavo-Maggioni.jpg","contentUrl":"https:\/\/comunicacaoestrategicacps.com.br\/blog\/wp-content\/uploads\/2020\/04\/Gustavo-Maggioni.jpg","width":1280,"height":853},{"@type":"BreadcrumbList","@id":"https:\/\/comunicacaoestrategicacps.com.br\/blog\/ao-menos-50-lojas-pedem-o-encerramento-das-operacoes-em-shoppings-de-campinas\/#breadcrumb","itemListElement":[{"@type":"ListItem","position":1,"name":"In\u00edcio","item":"https:\/\/comunicacaoestrategicacps.com.br\/blog\/"},{"@type":"ListItem","position":2,"name":"Ao menos 50 lojas pedem o encerramento das opera\u00e7\u00f5es em shoppings de Campinas"}]},{"@type":"WebSite","@id":"https:\/\/comunicacaoestrategicacps.com.br\/blog\/#website","url":"https:\/\/comunicacaoestrategicacps.com.br\/blog\/","name":"Comunica\u00e7\u00e3o Estrat\u00e9gica","description":"Comunica\u00e7\u00e3o Estrat\u00e9gica  - Assessoria de Imprensa","potentialAction":[{"@type":"SearchAction","target":{"@type":"EntryPoint","urlTemplate":"https:\/\/comunicacaoestrategicacps.com.br\/blog\/?s={search_term_string}"},"query-input":{"@type":"PropertyValueSpecification","valueRequired":true,"valueName":"search_term_string"}}],"inLanguage":"pt-BR"},{"@type":"Person","@id":"https:\/\/comunicacaoestrategicacps.com.br\/blog\/#\/schema\/person\/8d447568a01edd36a56dbbcb702b02fc","name":"admin","image":{"@type":"ImageObject","inLanguage":"pt-BR","@id":"https:\/\/secure.gravatar.com\/avatar\/2cc026ea89b57b9d913d4ce5b90a0490046c0c9048a129e24cc44313a90d3f77?s=96&d=mm&r=g","url":"https:\/\/secure.gravatar.com\/avatar\/2cc026ea89b57b9d913d4ce5b90a0490046c0c9048a129e24cc44313a90d3f77?s=96&d=mm&r=g","contentUrl":"https:\/\/secure.gravatar.com\/avatar\/2cc026ea89b57b9d913d4ce5b90a0490046c0c9048a129e24cc44313a90d3f77?s=96&d=mm&r=g","caption":"admin"},"url":"https:\/\/comunicacaoestrategicacps.com.br\/blog\/author\/admin\/"}]}},"builder_content":"","_links":{"self":[{"href":"https:\/\/comunicacaoestrategicacps.com.br\/blog\/wp-json\/wp\/v2\/posts\/734","targetHints":{"allow":["GET"]}}],"collection":[{"href":"https:\/\/comunicacaoestrategicacps.com.br\/blog\/wp-json\/wp\/v2\/posts"}],"about":[{"href":"https:\/\/comunicacaoestrategicacps.com.br\/blog\/wp-json\/wp\/v2\/types\/post"}],"author":[{"embeddable":true,"href":"https:\/\/comunicacaoestrategicacps.com.br\/blog\/wp-json\/wp\/v2\/users\/1"}],"replies":[{"embeddable":true,"href":"https:\/\/comunicacaoestrategicacps.com.br\/blog\/wp-json\/wp\/v2\/comments?post=734"}],"version-history":[{"count":1,"href":"https:\/\/comunicacaoestrategicacps.com.br\/blog\/wp-json\/wp\/v2\/posts\/734\/revisions"}],"predecessor-version":[{"id":735,"href":"https:\/\/comunicacaoestrategicacps.com.br\/blog\/wp-json\/wp\/v2\/posts\/734\/revisions\/735"}],"wp:featuredmedia":[{"embeddable":true,"href":"https:\/\/comunicacaoestrategicacps.com.br\/blog\/wp-json\/wp\/v2\/media\/680"}],"wp:attachment":[{"href":"https:\/\/comunicacaoestrategicacps.com.br\/blog\/wp-json\/wp\/v2\/media?parent=734"}],"wp:term":[{"taxonomy":"category","embeddable":true,"href":"https:\/\/comunicacaoestrategicacps.com.br\/blog\/wp-json\/wp\/v2\/categories?post=734"},{"taxonomy":"post_tag","embeddable":true,"href":"https:\/\/comunicacaoestrategicacps.com.br\/blog\/wp-json\/wp\/v2\/tags?post=734"}],"curies":[{"name":"wp","href":"https:\/\/api.w.org\/{rel}","templated":true}]}}