{"id":736,"date":"2020-06-04T11:33:41","date_gmt":"2020-06-04T14:33:41","guid":{"rendered":"https:\/\/comunicacaoestrategicacps.com.br\/blog\/?p=736"},"modified":"2020-06-04T11:33:44","modified_gmt":"2020-06-04T14:33:44","slug":"prorrogacao-de-reabertura-para-o-dia-15-deve-levar-ao-fechamento-de-mais-16-560-empregos-e-14-bares-e-restaurantes-na-regiao-de-campinas","status":"publish","type":"post","link":"https:\/\/comunicacaoestrategicacps.com.br\/blog\/prorrogacao-de-reabertura-para-o-dia-15-deve-levar-ao-fechamento-de-mais-16-560-empregos-e-14-bares-e-restaurantes-na-regiao-de-campinas\/","title":{"rendered":"Prorroga\u00e7\u00e3o de reabertura para o dia 15 deve levar ao fechamento de mais 16.560 empregos e 1,4 bares e restaurantes na Regi\u00e3o de Campinas"},"content":{"rendered":"<!--themify_builder_content-->\n<div id=\"themify_builder_content-736\" data-postid=\"736\" class=\"themify_builder_content themify_builder_content-736 themify_builder tf_clear\">\n    <\/div>\n<!--\/themify_builder_content-->\n\n\n<figure class=\"wp-block-image size-large\"><img loading=\"lazy\" decoding=\"async\" width=\"1024\" height=\"613\" src=\"https:\/\/comunicacaoestrategicacps.com.br\/blog\/wp-content\/uploads\/2020\/06\/dsc8423-1024x613.jpg\" alt=\"\" class=\"wp-image-737\" srcset=\"https:\/\/comunicacaoestrategicacps.com.br\/blog\/wp-content\/uploads\/2020\/06\/dsc8423-1024x613.jpg 1024w, https:\/\/comunicacaoestrategicacps.com.br\/blog\/wp-content\/uploads\/2020\/06\/dsc8423-300x179.jpg 300w, https:\/\/comunicacaoestrategicacps.com.br\/blog\/wp-content\/uploads\/2020\/06\/dsc8423-768x459.jpg 768w, https:\/\/comunicacaoestrategicacps.com.br\/blog\/wp-content\/uploads\/2020\/06\/dsc8423.jpg 1170w\" sizes=\"auto, (max-width: 1024px) 100vw, 1024px\" \/><\/figure>\n\n\n\n<p><em>N\u00fameros fazem parte de pesquisa realizada pela Abrasel RMC nesta quarta-feira\njunto a associados<\/em><\/p>\n\n\n\n<p><strong>Campinas, 04 de\njunho de 2020<\/strong> &#8211;\nCom mais de 70 dias com as portas fechadas e operando apenas com delivery e\nretirada r\u00e1pida, o setor de bares e restaurantes v\u00ea a crise aumentar a cada\ndia. Uma pesquisa realizada nesta quarta-feira (03) pela Associa\u00e7\u00e3o Brasileira\nde Bares e Restaurantes da Regi\u00e3o Metropolitana de Campinas (Abrasel RMC) junto\na seus associados indicam que a reabertura dos estabelecimentos somente no dia\n15 de junho dever\u00e1 agravar ainda mais a crise no segmento, com previs\u00e3o de\nfechamento de mais 1,4 mil estabelecimentos e a demiss\u00e3o de 16.560 postos de\ntrabalho a mais do que j\u00e1 foram oficializados.<\/p>\n\n\n\n<p>A pesquisa foi respondida por mais de 110\nempres\u00e1rios, a maioria de Campinas, que representam 25% dos associados da\nentidade. Segundo as respostas, os estabelecimentos j\u00e1 dispensaram 26,7% dos\nfuncion\u00e1rios, desde o in\u00edcio da quarentena na regi\u00e3o, no final de mar\u00e7o. Em\nn\u00fameros, o setor j\u00e1 demitiu 15 mil funcion\u00e1rios na RMC, sendo metade apenas em\nCampinas.<\/p>\n\n\n\n<p>Sem vendas e faturamento e com parte da equipe\nretornando ao trabalho a partir desta semana com o fim da Medida Provis\u00f3ria do\nGoverno Federal de ajuda no pagamento dos funcion\u00e1rios, os empres\u00e1rios estimam\nnova onda de demiss\u00f5es. Se a reabertura das casas acontecer no dia 8, a\nestimativa \u00e9 de um aumento de 24,3% nas demiss\u00f5es (chegando a 20.580 no total).\nJ\u00e1 se a retomada acontecer no dia 15, as demiss\u00f5es devem chegar a 52,6% dos\nempregos na regi\u00e3o, ou 31.560, dobrando o n\u00famero em rela\u00e7\u00e3o aos dados atuais.<\/p>\n\n\n\n<p>O levantamento da Abrasel RMC tamb\u00e9m quis saber\nqual a expectativa dos empres\u00e1rios quanto \u00e0 continuidade das atividades em dois\ncen\u00e1rios. Desde o in\u00edcio da Quarentena, 2,4 mil estabelecimentos (20%) j\u00e1\nfecharam as portas. Este percentual dever\u00e1 subir para 26% caso a retomada\nocorra na segunda-feira 8 (720 disseram estar em processo de encerramento das\natividades). Se a reabertura gradual for protelada para o dia 15, o total de\nempresas fechadas dever\u00e1 chegar a 3.870 na RMC, sendo metade delas localizadas\nem Campinas.<\/p>\n\n\n\n<p><strong>SITUA\u00c7\u00c3O DE\nCOLAPSO<\/strong><\/p>\n\n\n\n<p>\u201cEstamos\nem uma semana bastante cr\u00edtica para o setor\u201d, alerta o presidente da Abrasel\nRMC Matheus Mason, consciente sobre a import\u00e2ncia dos cuidados e medidas\nadotados para o combate ao coronav\u00edrus e a salvar milhares de vidas. \u201cMas \u00e9\npreciso lembrar que os empres\u00e1rios est\u00e3o h\u00e1 mais de 70 dias com as atividades\nsuspensas e apenas 15% de vendas est\u00e3o sendo realizadas pelo delivery, que n\u00e3o\n\u00e9 suficiente para pagar as contas de fornecedores, aluguel e sal\u00e1rios dos\nfuncion\u00e1rios\u201d, explica.<\/p>\n\n\n\n<p>Mason\nressalta que sem uma antecipa\u00e7\u00e3o de retomada em munic\u00edpios com baixos n\u00fameros\nde mortalidade e de casos por milh\u00e3o de pessoas, como \u00e9 o caso de Campinas e\noutras cidades da regi\u00e3o, a situa\u00e7\u00e3o de colapso ficar\u00e1 ainda mais evidente.\n\u201cTeremos 85,7% a mais de empresas fechadas em rela\u00e7\u00e3o a quantidade que fecharia\nse volt\u00e1ssemos na pr\u00f3xima semana, \u00e9 um adicional de aproximadamente 700\nempresas que ter\u00e3o que encerrar as atividades com a reabertura somente no dia 15\u201d.<\/p>\n\n\n\n<p><strong>NACIONAL<\/strong><\/p>\n\n\n\n<p>Pesquisa realizada pela Abrasel com 43 regionais e\nseccionais, 35% delas j\u00e1 est\u00e3o abertas, funcionando com restri\u00e7\u00f5es. Algumas,\ninclusive, desde o dia 23 de mar\u00e7o, com decreto municipal sobrepondo o decreto Estadual,\ncomo \u00e9 o caso de Uberl\u00e2ndia, no Tri\u00e2ngulo Mineiro. Santa Catarina tamb\u00e9m est\u00e1\naberto, com todas as medidas de seguran\u00e7a.<\/p>\n\n\n\n<p>\u201cAsprincipais caracter\u00edsticas comuns em diversas\nlocalidades \u00e9 o espa\u00e7amento entre clientes para garantir a n\u00e3o aglomera\u00e7\u00e3o e\nmedidas prudenciais, como uso obrigat\u00f3rio de m\u00e1scara, aumento nos procedimentos\nde higieniza\u00e7\u00e3o,disponibiliza\u00e7\u00e3o de \u00e1lcool em gel e conscientiza\u00e7\u00e3o da\npopula\u00e7\u00e3o, quest\u00f5es amplamente compreendidas no protocolo de reabertura da\nAbrasel, entregue em abril para o Jonas e demais prefeitos da RMC.\u201d <\/p>\n\n\n\n<p><strong>DADOS PESQUISA ABRASEL RMC<\/strong><\/p>\n\n\n\n<p><strong>EMPREGOS<\/strong><\/p>\n\n\n\n<p>ATUAL \u2013 15.000 (25%)<\/p>\n\n\n\n<p>DIA 08 \u2013 20.580 (24,3%)<\/p>\n\n\n\n<p>DIA 15 \u2013 31.560 (52,6%)<\/p>\n\n\n\n<p><strong>EMPRESAS<\/strong><\/p>\n\n\n\n<p>ATUAL \u2013 2.400 (20%)<\/p>\n\n\n\n<p>DIA 08 \u2013 3.120 (26%)<\/p>\n\n\n\n<p>DIA 15 \u2013 3.870 (32,3%)<\/p>","protected":false},"excerpt":{"rendered":"<p>N\u00fameros fazem parte de pesquisa realizada pela Abrasel RMC nesta quarta-feira junto a associados Campinas, 04 de junho de 2020 &#8211; Com mais de 70 dias com as portas fechadas e operando apenas com delivery e retirada r\u00e1pida, o setor de bares e restaurantes v\u00ea a crise aumentar a cada dia. Uma pesquisa realizada nesta [&hellip;]<\/p>\n","protected":false},"author":1,"featured_media":737,"comment_status":"open","ping_status":"open","sticky":false,"template":"","format":"standard","meta":{"footnotes":""},"categories":[43],"tags":[],"class_list":["post-736","post","type-post","status-publish","format-standard","has-post-thumbnail","hentry","category-negocios-e-economia","has-post-title","has-post-date","has-post-category","has-post-tag","has-post-comment","has-post-author",""],"yoast_head":"<!-- This site is optimized with the Yoast SEO plugin v27.4 - https:\/\/yoast.com\/product\/yoast-seo-wordpress\/ -->\n<title>Prorroga\u00e7\u00e3o de reabertura para o dia 15 deve levar ao fechamento de mais 16.560 empregos e 1,4 bares e restaurantes na Regi\u00e3o de Campinas - Comunica\u00e7\u00e3o Estrat\u00e9gica<\/title>\n<meta name=\"robots\" content=\"index, follow, max-snippet:-1, max-image-preview:large, max-video-preview:-1\" \/>\n<link rel=\"canonical\" href=\"https:\/\/comunicacaoestrategicacps.com.br\/blog\/prorrogacao-de-reabertura-para-o-dia-15-deve-levar-ao-fechamento-de-mais-16-560-empregos-e-14-bares-e-restaurantes-na-regiao-de-campinas\/\" \/>\n<meta property=\"og:locale\" content=\"pt_BR\" \/>\n<meta property=\"og:type\" content=\"article\" \/>\n<meta property=\"og:title\" content=\"Prorroga\u00e7\u00e3o de reabertura para o dia 15 deve levar ao fechamento de mais 16.560 empregos e 1,4 bares e restaurantes na Regi\u00e3o de Campinas - Comunica\u00e7\u00e3o Estrat\u00e9gica\" \/>\n<meta property=\"og:description\" content=\"N\u00fameros fazem parte de pesquisa realizada pela Abrasel RMC nesta quarta-feira junto a associados Campinas, 04 de junho de 2020 &#8211; Com mais de 70 dias com as portas fechadas e operando apenas com delivery e retirada r\u00e1pida, o setor de bares e restaurantes v\u00ea a crise aumentar a cada dia. Uma pesquisa realizada nesta [&hellip;]\" \/>\n<meta property=\"og:url\" content=\"https:\/\/comunicacaoestrategicacps.com.br\/blog\/prorrogacao-de-reabertura-para-o-dia-15-deve-levar-ao-fechamento-de-mais-16-560-empregos-e-14-bares-e-restaurantes-na-regiao-de-campinas\/\" \/>\n<meta property=\"og:site_name\" content=\"Comunica\u00e7\u00e3o Estrat\u00e9gica\" \/>\n<meta property=\"article:published_time\" content=\"2020-06-04T14:33:41+00:00\" \/>\n<meta property=\"article:modified_time\" content=\"2020-06-04T14:33:44+00:00\" \/>\n<meta property=\"og:image\" content=\"https:\/\/comunicacaoestrategicacps.com.br\/blog\/wp-content\/uploads\/2020\/06\/dsc8423.jpg\" \/>\n\t<meta property=\"og:image:width\" content=\"1170\" \/>\n\t<meta property=\"og:image:height\" content=\"700\" \/>\n\t<meta property=\"og:image:type\" content=\"image\/jpeg\" \/>\n<meta name=\"author\" content=\"admin\" \/>\n<meta name=\"twitter:card\" content=\"summary_large_image\" \/>\n<meta name=\"twitter:label1\" content=\"Escrito por\" \/>\n\t<meta name=\"twitter:data1\" content=\"admin\" \/>\n\t<meta name=\"twitter:label2\" content=\"Est. tempo de leitura\" \/>\n\t<meta name=\"twitter:data2\" content=\"3 minutos\" \/>\n<script type=\"application\/ld+json\" class=\"yoast-schema-graph\">{\"@context\":\"https:\\\/\\\/schema.org\",\"@graph\":[{\"@type\":\"Article\",\"@id\":\"https:\\\/\\\/comunicacaoestrategicacps.com.br\\\/blog\\\/prorrogacao-de-reabertura-para-o-dia-15-deve-levar-ao-fechamento-de-mais-16-560-empregos-e-14-bares-e-restaurantes-na-regiao-de-campinas\\\/#article\",\"isPartOf\":{\"@id\":\"https:\\\/\\\/comunicacaoestrategicacps.com.br\\\/blog\\\/prorrogacao-de-reabertura-para-o-dia-15-deve-levar-ao-fechamento-de-mais-16-560-empregos-e-14-bares-e-restaurantes-na-regiao-de-campinas\\\/\"},\"author\":{\"name\":\"admin\",\"@id\":\"https:\\\/\\\/comunicacaoestrategicacps.com.br\\\/blog\\\/#\\\/schema\\\/person\\\/8d447568a01edd36a56dbbcb702b02fc\"},\"headline\":\"Prorroga\u00e7\u00e3o de reabertura para o dia 15 deve levar ao fechamento de mais 16.560 empregos e 1,4 bares e restaurantes na Regi\u00e3o de Campinas\",\"datePublished\":\"2020-06-04T14:33:41+00:00\",\"dateModified\":\"2020-06-04T14:33:44+00:00\",\"mainEntityOfPage\":{\"@id\":\"https:\\\/\\\/comunicacaoestrategicacps.com.br\\\/blog\\\/prorrogacao-de-reabertura-para-o-dia-15-deve-levar-ao-fechamento-de-mais-16-560-empregos-e-14-bares-e-restaurantes-na-regiao-de-campinas\\\/\"},\"wordCount\":681,\"commentCount\":0,\"image\":{\"@id\":\"https:\\\/\\\/comunicacaoestrategicacps.com.br\\\/blog\\\/prorrogacao-de-reabertura-para-o-dia-15-deve-levar-ao-fechamento-de-mais-16-560-empregos-e-14-bares-e-restaurantes-na-regiao-de-campinas\\\/#primaryimage\"},\"thumbnailUrl\":\"https:\\\/\\\/comunicacaoestrategicacps.com.br\\\/blog\\\/wp-content\\\/uploads\\\/2020\\\/06\\\/dsc8423.jpg\",\"articleSection\":[\"Neg\u00f3cios e Economia\"],\"inLanguage\":\"pt-BR\",\"potentialAction\":[{\"@type\":\"CommentAction\",\"name\":\"Comment\",\"target\":[\"https:\\\/\\\/comunicacaoestrategicacps.com.br\\\/blog\\\/prorrogacao-de-reabertura-para-o-dia-15-deve-levar-ao-fechamento-de-mais-16-560-empregos-e-14-bares-e-restaurantes-na-regiao-de-campinas\\\/#respond\"]}]},{\"@type\":\"WebPage\",\"@id\":\"https:\\\/\\\/comunicacaoestrategicacps.com.br\\\/blog\\\/prorrogacao-de-reabertura-para-o-dia-15-deve-levar-ao-fechamento-de-mais-16-560-empregos-e-14-bares-e-restaurantes-na-regiao-de-campinas\\\/\",\"url\":\"https:\\\/\\\/comunicacaoestrategicacps.com.br\\\/blog\\\/prorrogacao-de-reabertura-para-o-dia-15-deve-levar-ao-fechamento-de-mais-16-560-empregos-e-14-bares-e-restaurantes-na-regiao-de-campinas\\\/\",\"name\":\"Prorroga\u00e7\u00e3o de reabertura para o dia 15 deve levar ao fechamento de mais 16.560 empregos e 1,4 bares e restaurantes na Regi\u00e3o de Campinas - Comunica\u00e7\u00e3o Estrat\u00e9gica\",\"isPartOf\":{\"@id\":\"https:\\\/\\\/comunicacaoestrategicacps.com.br\\\/blog\\\/#website\"},\"primaryImageOfPage\":{\"@id\":\"https:\\\/\\\/comunicacaoestrategicacps.com.br\\\/blog\\\/prorrogacao-de-reabertura-para-o-dia-15-deve-levar-ao-fechamento-de-mais-16-560-empregos-e-14-bares-e-restaurantes-na-regiao-de-campinas\\\/#primaryimage\"},\"image\":{\"@id\":\"https:\\\/\\\/comunicacaoestrategicacps.com.br\\\/blog\\\/prorrogacao-de-reabertura-para-o-dia-15-deve-levar-ao-fechamento-de-mais-16-560-empregos-e-14-bares-e-restaurantes-na-regiao-de-campinas\\\/#primaryimage\"},\"thumbnailUrl\":\"https:\\\/\\\/comunicacaoestrategicacps.com.br\\\/blog\\\/wp-content\\\/uploads\\\/2020\\\/06\\\/dsc8423.jpg\",\"datePublished\":\"2020-06-04T14:33:41+00:00\",\"dateModified\":\"2020-06-04T14:33:44+00:00\",\"author\":{\"@id\":\"https:\\\/\\\/comunicacaoestrategicacps.com.br\\\/blog\\\/#\\\/schema\\\/person\\\/8d447568a01edd36a56dbbcb702b02fc\"},\"breadcrumb\":{\"@id\":\"https:\\\/\\\/comunicacaoestrategicacps.com.br\\\/blog\\\/prorrogacao-de-reabertura-para-o-dia-15-deve-levar-ao-fechamento-de-mais-16-560-empregos-e-14-bares-e-restaurantes-na-regiao-de-campinas\\\/#breadcrumb\"},\"inLanguage\":\"pt-BR\",\"potentialAction\":[{\"@type\":\"ReadAction\",\"target\":[\"https:\\\/\\\/comunicacaoestrategicacps.com.br\\\/blog\\\/prorrogacao-de-reabertura-para-o-dia-15-deve-levar-ao-fechamento-de-mais-16-560-empregos-e-14-bares-e-restaurantes-na-regiao-de-campinas\\\/\"]}]},{\"@type\":\"ImageObject\",\"inLanguage\":\"pt-BR\",\"@id\":\"https:\\\/\\\/comunicacaoestrategicacps.com.br\\\/blog\\\/prorrogacao-de-reabertura-para-o-dia-15-deve-levar-ao-fechamento-de-mais-16-560-empregos-e-14-bares-e-restaurantes-na-regiao-de-campinas\\\/#primaryimage\",\"url\":\"https:\\\/\\\/comunicacaoestrategicacps.com.br\\\/blog\\\/wp-content\\\/uploads\\\/2020\\\/06\\\/dsc8423.jpg\",\"contentUrl\":\"https:\\\/\\\/comunicacaoestrategicacps.com.br\\\/blog\\\/wp-content\\\/uploads\\\/2020\\\/06\\\/dsc8423.jpg\",\"width\":1170,\"height\":700},{\"@type\":\"BreadcrumbList\",\"@id\":\"https:\\\/\\\/comunicacaoestrategicacps.com.br\\\/blog\\\/prorrogacao-de-reabertura-para-o-dia-15-deve-levar-ao-fechamento-de-mais-16-560-empregos-e-14-bares-e-restaurantes-na-regiao-de-campinas\\\/#breadcrumb\",\"itemListElement\":[{\"@type\":\"ListItem\",\"position\":1,\"name\":\"In\u00edcio\",\"item\":\"https:\\\/\\\/comunicacaoestrategicacps.com.br\\\/blog\\\/\"},{\"@type\":\"ListItem\",\"position\":2,\"name\":\"Prorroga\u00e7\u00e3o de reabertura para o dia 15 deve levar ao fechamento de mais 16.560 empregos e 1,4 bares e restaurantes na Regi\u00e3o de Campinas\"}]},{\"@type\":\"WebSite\",\"@id\":\"https:\\\/\\\/comunicacaoestrategicacps.com.br\\\/blog\\\/#website\",\"url\":\"https:\\\/\\\/comunicacaoestrategicacps.com.br\\\/blog\\\/\",\"name\":\"Comunica\u00e7\u00e3o Estrat\u00e9gica\",\"description\":\"Comunica\u00e7\u00e3o Estrat\u00e9gica  - Assessoria de Imprensa\",\"potentialAction\":[{\"@type\":\"SearchAction\",\"target\":{\"@type\":\"EntryPoint\",\"urlTemplate\":\"https:\\\/\\\/comunicacaoestrategicacps.com.br\\\/blog\\\/?s={search_term_string}\"},\"query-input\":{\"@type\":\"PropertyValueSpecification\",\"valueRequired\":true,\"valueName\":\"search_term_string\"}}],\"inLanguage\":\"pt-BR\"},{\"@type\":\"Person\",\"@id\":\"https:\\\/\\\/comunicacaoestrategicacps.com.br\\\/blog\\\/#\\\/schema\\\/person\\\/8d447568a01edd36a56dbbcb702b02fc\",\"name\":\"admin\",\"image\":{\"@type\":\"ImageObject\",\"inLanguage\":\"pt-BR\",\"@id\":\"https:\\\/\\\/secure.gravatar.com\\\/avatar\\\/2cc026ea89b57b9d913d4ce5b90a0490046c0c9048a129e24cc44313a90d3f77?s=96&d=mm&r=g\",\"url\":\"https:\\\/\\\/secure.gravatar.com\\\/avatar\\\/2cc026ea89b57b9d913d4ce5b90a0490046c0c9048a129e24cc44313a90d3f77?s=96&d=mm&r=g\",\"contentUrl\":\"https:\\\/\\\/secure.gravatar.com\\\/avatar\\\/2cc026ea89b57b9d913d4ce5b90a0490046c0c9048a129e24cc44313a90d3f77?s=96&d=mm&r=g\",\"caption\":\"admin\"},\"url\":\"https:\\\/\\\/comunicacaoestrategicacps.com.br\\\/blog\\\/author\\\/admin\\\/\"}]}<\/script>\n<!-- \/ Yoast SEO plugin. -->","yoast_head_json":{"title":"Prorroga\u00e7\u00e3o de reabertura para o dia 15 deve levar ao fechamento de mais 16.560 empregos e 1,4 bares e restaurantes na Regi\u00e3o de Campinas - Comunica\u00e7\u00e3o Estrat\u00e9gica","robots":{"index":"index","follow":"follow","max-snippet":"max-snippet:-1","max-image-preview":"max-image-preview:large","max-video-preview":"max-video-preview:-1"},"canonical":"https:\/\/comunicacaoestrategicacps.com.br\/blog\/prorrogacao-de-reabertura-para-o-dia-15-deve-levar-ao-fechamento-de-mais-16-560-empregos-e-14-bares-e-restaurantes-na-regiao-de-campinas\/","og_locale":"pt_BR","og_type":"article","og_title":"Prorroga\u00e7\u00e3o de reabertura para o dia 15 deve levar ao fechamento de mais 16.560 empregos e 1,4 bares e restaurantes na Regi\u00e3o de Campinas - Comunica\u00e7\u00e3o Estrat\u00e9gica","og_description":"N\u00fameros fazem parte de pesquisa realizada pela Abrasel RMC nesta quarta-feira junto a associados Campinas, 04 de junho de 2020 &#8211; Com mais de 70 dias com as portas fechadas e operando apenas com delivery e retirada r\u00e1pida, o setor de bares e restaurantes v\u00ea a crise aumentar a cada dia. Uma pesquisa realizada nesta [&hellip;]","og_url":"https:\/\/comunicacaoestrategicacps.com.br\/blog\/prorrogacao-de-reabertura-para-o-dia-15-deve-levar-ao-fechamento-de-mais-16-560-empregos-e-14-bares-e-restaurantes-na-regiao-de-campinas\/","og_site_name":"Comunica\u00e7\u00e3o Estrat\u00e9gica","article_published_time":"2020-06-04T14:33:41+00:00","article_modified_time":"2020-06-04T14:33:44+00:00","og_image":[{"width":1170,"height":700,"url":"https:\/\/comunicacaoestrategicacps.com.br\/blog\/wp-content\/uploads\/2020\/06\/dsc8423.jpg","type":"image\/jpeg"}],"author":"admin","twitter_card":"summary_large_image","twitter_misc":{"Escrito por":"admin","Est. tempo de leitura":"3 minutos"},"schema":{"@context":"https:\/\/schema.org","@graph":[{"@type":"Article","@id":"https:\/\/comunicacaoestrategicacps.com.br\/blog\/prorrogacao-de-reabertura-para-o-dia-15-deve-levar-ao-fechamento-de-mais-16-560-empregos-e-14-bares-e-restaurantes-na-regiao-de-campinas\/#article","isPartOf":{"@id":"https:\/\/comunicacaoestrategicacps.com.br\/blog\/prorrogacao-de-reabertura-para-o-dia-15-deve-levar-ao-fechamento-de-mais-16-560-empregos-e-14-bares-e-restaurantes-na-regiao-de-campinas\/"},"author":{"name":"admin","@id":"https:\/\/comunicacaoestrategicacps.com.br\/blog\/#\/schema\/person\/8d447568a01edd36a56dbbcb702b02fc"},"headline":"Prorroga\u00e7\u00e3o de reabertura para o dia 15 deve levar ao fechamento de mais 16.560 empregos e 1,4 bares e restaurantes na Regi\u00e3o de Campinas","datePublished":"2020-06-04T14:33:41+00:00","dateModified":"2020-06-04T14:33:44+00:00","mainEntityOfPage":{"@id":"https:\/\/comunicacaoestrategicacps.com.br\/blog\/prorrogacao-de-reabertura-para-o-dia-15-deve-levar-ao-fechamento-de-mais-16-560-empregos-e-14-bares-e-restaurantes-na-regiao-de-campinas\/"},"wordCount":681,"commentCount":0,"image":{"@id":"https:\/\/comunicacaoestrategicacps.com.br\/blog\/prorrogacao-de-reabertura-para-o-dia-15-deve-levar-ao-fechamento-de-mais-16-560-empregos-e-14-bares-e-restaurantes-na-regiao-de-campinas\/#primaryimage"},"thumbnailUrl":"https:\/\/comunicacaoestrategicacps.com.br\/blog\/wp-content\/uploads\/2020\/06\/dsc8423.jpg","articleSection":["Neg\u00f3cios e Economia"],"inLanguage":"pt-BR","potentialAction":[{"@type":"CommentAction","name":"Comment","target":["https:\/\/comunicacaoestrategicacps.com.br\/blog\/prorrogacao-de-reabertura-para-o-dia-15-deve-levar-ao-fechamento-de-mais-16-560-empregos-e-14-bares-e-restaurantes-na-regiao-de-campinas\/#respond"]}]},{"@type":"WebPage","@id":"https:\/\/comunicacaoestrategicacps.com.br\/blog\/prorrogacao-de-reabertura-para-o-dia-15-deve-levar-ao-fechamento-de-mais-16-560-empregos-e-14-bares-e-restaurantes-na-regiao-de-campinas\/","url":"https:\/\/comunicacaoestrategicacps.com.br\/blog\/prorrogacao-de-reabertura-para-o-dia-15-deve-levar-ao-fechamento-de-mais-16-560-empregos-e-14-bares-e-restaurantes-na-regiao-de-campinas\/","name":"Prorroga\u00e7\u00e3o de reabertura para o dia 15 deve levar ao fechamento de mais 16.560 empregos e 1,4 bares e restaurantes na Regi\u00e3o de Campinas - Comunica\u00e7\u00e3o Estrat\u00e9gica","isPartOf":{"@id":"https:\/\/comunicacaoestrategicacps.com.br\/blog\/#website"},"primaryImageOfPage":{"@id":"https:\/\/comunicacaoestrategicacps.com.br\/blog\/prorrogacao-de-reabertura-para-o-dia-15-deve-levar-ao-fechamento-de-mais-16-560-empregos-e-14-bares-e-restaurantes-na-regiao-de-campinas\/#primaryimage"},"image":{"@id":"https:\/\/comunicacaoestrategicacps.com.br\/blog\/prorrogacao-de-reabertura-para-o-dia-15-deve-levar-ao-fechamento-de-mais-16-560-empregos-e-14-bares-e-restaurantes-na-regiao-de-campinas\/#primaryimage"},"thumbnailUrl":"https:\/\/comunicacaoestrategicacps.com.br\/blog\/wp-content\/uploads\/2020\/06\/dsc8423.jpg","datePublished":"2020-06-04T14:33:41+00:00","dateModified":"2020-06-04T14:33:44+00:00","author":{"@id":"https:\/\/comunicacaoestrategicacps.com.br\/blog\/#\/schema\/person\/8d447568a01edd36a56dbbcb702b02fc"},"breadcrumb":{"@id":"https:\/\/comunicacaoestrategicacps.com.br\/blog\/prorrogacao-de-reabertura-para-o-dia-15-deve-levar-ao-fechamento-de-mais-16-560-empregos-e-14-bares-e-restaurantes-na-regiao-de-campinas\/#breadcrumb"},"inLanguage":"pt-BR","potentialAction":[{"@type":"ReadAction","target":["https:\/\/comunicacaoestrategicacps.com.br\/blog\/prorrogacao-de-reabertura-para-o-dia-15-deve-levar-ao-fechamento-de-mais-16-560-empregos-e-14-bares-e-restaurantes-na-regiao-de-campinas\/"]}]},{"@type":"ImageObject","inLanguage":"pt-BR","@id":"https:\/\/comunicacaoestrategicacps.com.br\/blog\/prorrogacao-de-reabertura-para-o-dia-15-deve-levar-ao-fechamento-de-mais-16-560-empregos-e-14-bares-e-restaurantes-na-regiao-de-campinas\/#primaryimage","url":"https:\/\/comunicacaoestrategicacps.com.br\/blog\/wp-content\/uploads\/2020\/06\/dsc8423.jpg","contentUrl":"https:\/\/comunicacaoestrategicacps.com.br\/blog\/wp-content\/uploads\/2020\/06\/dsc8423.jpg","width":1170,"height":700},{"@type":"BreadcrumbList","@id":"https:\/\/comunicacaoestrategicacps.com.br\/blog\/prorrogacao-de-reabertura-para-o-dia-15-deve-levar-ao-fechamento-de-mais-16-560-empregos-e-14-bares-e-restaurantes-na-regiao-de-campinas\/#breadcrumb","itemListElement":[{"@type":"ListItem","position":1,"name":"In\u00edcio","item":"https:\/\/comunicacaoestrategicacps.com.br\/blog\/"},{"@type":"ListItem","position":2,"name":"Prorroga\u00e7\u00e3o de reabertura para o dia 15 deve levar ao fechamento de mais 16.560 empregos e 1,4 bares e restaurantes na Regi\u00e3o de Campinas"}]},{"@type":"WebSite","@id":"https:\/\/comunicacaoestrategicacps.com.br\/blog\/#website","url":"https:\/\/comunicacaoestrategicacps.com.br\/blog\/","name":"Comunica\u00e7\u00e3o Estrat\u00e9gica","description":"Comunica\u00e7\u00e3o Estrat\u00e9gica  - Assessoria de Imprensa","potentialAction":[{"@type":"SearchAction","target":{"@type":"EntryPoint","urlTemplate":"https:\/\/comunicacaoestrategicacps.com.br\/blog\/?s={search_term_string}"},"query-input":{"@type":"PropertyValueSpecification","valueRequired":true,"valueName":"search_term_string"}}],"inLanguage":"pt-BR"},{"@type":"Person","@id":"https:\/\/comunicacaoestrategicacps.com.br\/blog\/#\/schema\/person\/8d447568a01edd36a56dbbcb702b02fc","name":"admin","image":{"@type":"ImageObject","inLanguage":"pt-BR","@id":"https:\/\/secure.gravatar.com\/avatar\/2cc026ea89b57b9d913d4ce5b90a0490046c0c9048a129e24cc44313a90d3f77?s=96&d=mm&r=g","url":"https:\/\/secure.gravatar.com\/avatar\/2cc026ea89b57b9d913d4ce5b90a0490046c0c9048a129e24cc44313a90d3f77?s=96&d=mm&r=g","contentUrl":"https:\/\/secure.gravatar.com\/avatar\/2cc026ea89b57b9d913d4ce5b90a0490046c0c9048a129e24cc44313a90d3f77?s=96&d=mm&r=g","caption":"admin"},"url":"https:\/\/comunicacaoestrategicacps.com.br\/blog\/author\/admin\/"}]}},"builder_content":"","_links":{"self":[{"href":"https:\/\/comunicacaoestrategicacps.com.br\/blog\/wp-json\/wp\/v2\/posts\/736","targetHints":{"allow":["GET"]}}],"collection":[{"href":"https:\/\/comunicacaoestrategicacps.com.br\/blog\/wp-json\/wp\/v2\/posts"}],"about":[{"href":"https:\/\/comunicacaoestrategicacps.com.br\/blog\/wp-json\/wp\/v2\/types\/post"}],"author":[{"embeddable":true,"href":"https:\/\/comunicacaoestrategicacps.com.br\/blog\/wp-json\/wp\/v2\/users\/1"}],"replies":[{"embeddable":true,"href":"https:\/\/comunicacaoestrategicacps.com.br\/blog\/wp-json\/wp\/v2\/comments?post=736"}],"version-history":[{"count":1,"href":"https:\/\/comunicacaoestrategicacps.com.br\/blog\/wp-json\/wp\/v2\/posts\/736\/revisions"}],"predecessor-version":[{"id":738,"href":"https:\/\/comunicacaoestrategicacps.com.br\/blog\/wp-json\/wp\/v2\/posts\/736\/revisions\/738"}],"wp:featuredmedia":[{"embeddable":true,"href":"https:\/\/comunicacaoestrategicacps.com.br\/blog\/wp-json\/wp\/v2\/media\/737"}],"wp:attachment":[{"href":"https:\/\/comunicacaoestrategicacps.com.br\/blog\/wp-json\/wp\/v2\/media?parent=736"}],"wp:term":[{"taxonomy":"category","embeddable":true,"href":"https:\/\/comunicacaoestrategicacps.com.br\/blog\/wp-json\/wp\/v2\/categories?post=736"},{"taxonomy":"post_tag","embeddable":true,"href":"https:\/\/comunicacaoestrategicacps.com.br\/blog\/wp-json\/wp\/v2\/tags?post=736"}],"curies":[{"name":"wp","href":"https:\/\/api.w.org\/{rel}","templated":true}]}}