{"id":821,"date":"2020-08-07T14:13:02","date_gmt":"2020-08-07T17:13:02","guid":{"rendered":"https:\/\/comunicacaoestrategicacps.com.br\/blog\/?p=821"},"modified":"2020-08-07T14:13:05","modified_gmt":"2020-08-07T17:13:05","slug":"flexibilizacao-de-campinas-deve-reduzir-fechamento-de-lojas-e-demissoes-nos-shoppings-2","status":"publish","type":"post","link":"https:\/\/comunicacaoestrategicacps.com.br\/blog\/flexibilizacao-de-campinas-deve-reduzir-fechamento-de-lojas-e-demissoes-nos-shoppings-2\/","title":{"rendered":"Flexibiliza\u00e7\u00e3o de Campinas deve reduzir fechamento de lojas e demiss\u00f5es nos shoppings"},"content":{"rendered":"<!--themify_builder_content-->\n<div id=\"themify_builder_content-821\" data-postid=\"821\" class=\"themify_builder_content themify_builder_content-821 themify_builder tf_clear\">\n    <\/div>\n<!--\/themify_builder_content-->\n\n\n<figure class=\"wp-block-image size-large\"><img loading=\"lazy\" decoding=\"async\" width=\"1024\" height=\"682\" src=\"https:\/\/comunicacaoestrategicacps.com.br\/blog\/wp-content\/uploads\/2020\/03\/Gustavo-Maggioni-1024x682.jpg\" alt=\"\" class=\"wp-image-620\" srcset=\"https:\/\/comunicacaoestrategicacps.com.br\/blog\/wp-content\/uploads\/2020\/03\/Gustavo-Maggioni-1024x682.jpg 1024w, https:\/\/comunicacaoestrategicacps.com.br\/blog\/wp-content\/uploads\/2020\/03\/Gustavo-Maggioni-300x200.jpg 300w, https:\/\/comunicacaoestrategicacps.com.br\/blog\/wp-content\/uploads\/2020\/03\/Gustavo-Maggioni-768x512.jpg 768w, https:\/\/comunicacaoestrategicacps.com.br\/blog\/wp-content\/uploads\/2020\/03\/Gustavo-Maggioni.jpg 1280w\" sizes=\"auto, (max-width: 1024px) 100vw, 1024px\" \/><\/figure>\n\n\n\n<p><em>Avalia\u00e7\u00e3o\n\u00e9 da Comiss\u00e3o de Shoppings Centers da OAB Campinas<\/em><\/p>\n\n\n\n<p><strong>Campinas,\n07 de agosto de 2020<\/strong>\n&#8211; Com a reclassifica\u00e7\u00e3o de Campinas no Plano S\u00e3o Paulo, passando da fase\nlaranja para a amarela a partir deste s\u00e1bado, dia 08, as lojas localizadas nos\nshoppings centers da cidade poder\u00e3o aumentar hor\u00e1rio de funcionamento para 6\nhoras e tamb\u00e9m ser\u00e1 liberado a reabertura das pra\u00e7as de alimenta\u00e7\u00e3o e\nrestaurantes localizados nos empreendimentos. Outra novidade \u00e9 a diferencia\u00e7\u00e3o\ndos hor\u00e1rios de funcionamento dos shoppings na cidade de Campinas, que poder\u00e3o\noptar entre abrir das 12h \u00e0s 18h ou das 15h \u00e0s 21h.<\/p>\n\n\n\n<p>Segundo\nComiss\u00e3o de Shoppings Center da Ordem dos Advogados do Brasil (OAB) de\nCampinas, que participou das negocia\u00e7\u00f5es entre os shoppings e a prefeitura, a\ndiferencia\u00e7\u00e3o dos hor\u00e1rios atende ao pleito do setor para que cada shopping\npossa abrir as opera\u00e7\u00f5es nos hor\u00e1rios que melhor atendem seus clientes e\nproporcionem um aumento de vendas aos lojistas considerando as especificidades\nde cada empreendimento.<\/p>\n\n\n\n<p>O\naumento do hor\u00e1rio de funcionamento dos shoppings com a reabertura das\nopera\u00e7\u00f5es nas \u00e1reas de alimenta\u00e7\u00e3o deve melhorar a situa\u00e7\u00e3o financeira dos\nlojistas. Esta \u00e9 a avalia\u00e7\u00e3o do presidente da Comiss\u00e3o de Shoppings Centers da\nOAB Campinas Gustavo Maggioni. \u201cCom o aumento do hor\u00e1rio e a reabertura do\nsetor de alimenta\u00e7\u00e3o o shopping volta a ter um atrativo para que consumidores\nvoltem a frequentar os estabelecimentos.\u201d<\/p>\n\n\n\n<p>Ainda,\nsegundo Maggioni, os shopping v\u00eam cumprindo com o controle de limita\u00e7\u00e3o de\nfluxo de clientes&nbsp; e com os procedimentos de seguran\u00e7a e higiene. O\naumento no hor\u00e1rio para 6 horas e a abertura em hor\u00e1rios diferenciados devem\najudar a evitar aglomera\u00e7\u00f5es nos centros comerciais, pois os clientes ter\u00e3o\nmais tempo para efetuarem suas compras.<\/p>\n\n\n\n<p>O\npresidente da comiss\u00e3o, tamb\u00e9m ressalta a import\u00e2ncia do prefeito Jonas\nDonizette em antecipar a implementa\u00e7\u00e3o da fase amarela para o s\u00e1bado que\nantecede o Dia dos Pais, data importante para o setor. Segundo Maggioni, a\nreabertura dos restaurantes e o aumento do hor\u00e1rio j\u00e1 no pr\u00f3ximo s\u00e1bado deve\nresultar em um aumento de vendas e ajudar no f\u00f4lego financeiro dos lojistas.<\/p>","protected":false},"excerpt":{"rendered":"<p>Avalia\u00e7\u00e3o \u00e9 da Comiss\u00e3o de Shoppings Centers da OAB Campinas Campinas, 07 de agosto de 2020 &#8211; Com a reclassifica\u00e7\u00e3o de Campinas no Plano S\u00e3o Paulo, passando da fase laranja para a amarela a partir deste s\u00e1bado, dia 08, as lojas localizadas nos shoppings centers da cidade poder\u00e3o aumentar hor\u00e1rio de funcionamento para 6 horas [&hellip;]<\/p>\n","protected":false},"author":1,"featured_media":620,"comment_status":"open","ping_status":"open","sticky":false,"template":"","format":"standard","meta":{"footnotes":""},"categories":[43],"tags":[],"class_list":["post-821","post","type-post","status-publish","format-standard","has-post-thumbnail","hentry","category-negocios-e-economia","has-post-title","has-post-date","has-post-category","has-post-tag","has-post-comment","has-post-author",""],"yoast_head":"<!-- This site is optimized with the Yoast SEO plugin v27.4 - https:\/\/yoast.com\/product\/yoast-seo-wordpress\/ -->\n<title>Flexibiliza\u00e7\u00e3o de Campinas deve reduzir fechamento de lojas e demiss\u00f5es nos shoppings - Comunica\u00e7\u00e3o Estrat\u00e9gica<\/title>\n<meta name=\"robots\" content=\"index, follow, max-snippet:-1, max-image-preview:large, max-video-preview:-1\" \/>\n<link rel=\"canonical\" href=\"https:\/\/comunicacaoestrategicacps.com.br\/blog\/flexibilizacao-de-campinas-deve-reduzir-fechamento-de-lojas-e-demissoes-nos-shoppings-2\/\" \/>\n<meta property=\"og:locale\" content=\"pt_BR\" \/>\n<meta property=\"og:type\" content=\"article\" \/>\n<meta property=\"og:title\" content=\"Flexibiliza\u00e7\u00e3o de Campinas deve reduzir fechamento de lojas e demiss\u00f5es nos shoppings - Comunica\u00e7\u00e3o Estrat\u00e9gica\" \/>\n<meta property=\"og:description\" content=\"Avalia\u00e7\u00e3o \u00e9 da Comiss\u00e3o de Shoppings Centers da OAB Campinas Campinas, 07 de agosto de 2020 &#8211; Com a reclassifica\u00e7\u00e3o de Campinas no Plano S\u00e3o Paulo, passando da fase laranja para a amarela a partir deste s\u00e1bado, dia 08, as lojas localizadas nos shoppings centers da cidade poder\u00e3o aumentar hor\u00e1rio de funcionamento para 6 horas [&hellip;]\" \/>\n<meta property=\"og:url\" content=\"https:\/\/comunicacaoestrategicacps.com.br\/blog\/flexibilizacao-de-campinas-deve-reduzir-fechamento-de-lojas-e-demissoes-nos-shoppings-2\/\" \/>\n<meta property=\"og:site_name\" content=\"Comunica\u00e7\u00e3o Estrat\u00e9gica\" \/>\n<meta property=\"article:published_time\" content=\"2020-08-07T17:13:02+00:00\" \/>\n<meta property=\"article:modified_time\" content=\"2020-08-07T17:13:05+00:00\" \/>\n<meta property=\"og:image\" content=\"https:\/\/comunicacaoestrategicacps.com.br\/blog\/wp-content\/uploads\/2020\/03\/Gustavo-Maggioni.jpg\" \/>\n\t<meta property=\"og:image:width\" content=\"1280\" \/>\n\t<meta property=\"og:image:height\" content=\"853\" \/>\n\t<meta property=\"og:image:type\" content=\"image\/jpeg\" \/>\n<meta name=\"author\" content=\"admin\" \/>\n<meta name=\"twitter:card\" content=\"summary_large_image\" \/>\n<meta name=\"twitter:label1\" content=\"Escrito por\" \/>\n\t<meta name=\"twitter:data1\" content=\"admin\" \/>\n\t<meta name=\"twitter:label2\" content=\"Est. tempo de leitura\" \/>\n\t<meta name=\"twitter:data2\" content=\"2 minutos\" \/>\n<script type=\"application\/ld+json\" class=\"yoast-schema-graph\">{\"@context\":\"https:\\\/\\\/schema.org\",\"@graph\":[{\"@type\":\"Article\",\"@id\":\"https:\\\/\\\/comunicacaoestrategicacps.com.br\\\/blog\\\/flexibilizacao-de-campinas-deve-reduzir-fechamento-de-lojas-e-demissoes-nos-shoppings-2\\\/#article\",\"isPartOf\":{\"@id\":\"https:\\\/\\\/comunicacaoestrategicacps.com.br\\\/blog\\\/flexibilizacao-de-campinas-deve-reduzir-fechamento-de-lojas-e-demissoes-nos-shoppings-2\\\/\"},\"author\":{\"name\":\"admin\",\"@id\":\"https:\\\/\\\/comunicacaoestrategicacps.com.br\\\/blog\\\/#\\\/schema\\\/person\\\/8d447568a01edd36a56dbbcb702b02fc\"},\"headline\":\"Flexibiliza\u00e7\u00e3o de Campinas deve reduzir fechamento de lojas e demiss\u00f5es nos shoppings\",\"datePublished\":\"2020-08-07T17:13:02+00:00\",\"dateModified\":\"2020-08-07T17:13:05+00:00\",\"mainEntityOfPage\":{\"@id\":\"https:\\\/\\\/comunicacaoestrategicacps.com.br\\\/blog\\\/flexibilizacao-de-campinas-deve-reduzir-fechamento-de-lojas-e-demissoes-nos-shoppings-2\\\/\"},\"wordCount\":395,\"commentCount\":0,\"image\":{\"@id\":\"https:\\\/\\\/comunicacaoestrategicacps.com.br\\\/blog\\\/flexibilizacao-de-campinas-deve-reduzir-fechamento-de-lojas-e-demissoes-nos-shoppings-2\\\/#primaryimage\"},\"thumbnailUrl\":\"https:\\\/\\\/comunicacaoestrategicacps.com.br\\\/blog\\\/wp-content\\\/uploads\\\/2020\\\/03\\\/Gustavo-Maggioni.jpg\",\"articleSection\":[\"Neg\u00f3cios e Economia\"],\"inLanguage\":\"pt-BR\",\"potentialAction\":[{\"@type\":\"CommentAction\",\"name\":\"Comment\",\"target\":[\"https:\\\/\\\/comunicacaoestrategicacps.com.br\\\/blog\\\/flexibilizacao-de-campinas-deve-reduzir-fechamento-de-lojas-e-demissoes-nos-shoppings-2\\\/#respond\"]}]},{\"@type\":\"WebPage\",\"@id\":\"https:\\\/\\\/comunicacaoestrategicacps.com.br\\\/blog\\\/flexibilizacao-de-campinas-deve-reduzir-fechamento-de-lojas-e-demissoes-nos-shoppings-2\\\/\",\"url\":\"https:\\\/\\\/comunicacaoestrategicacps.com.br\\\/blog\\\/flexibilizacao-de-campinas-deve-reduzir-fechamento-de-lojas-e-demissoes-nos-shoppings-2\\\/\",\"name\":\"Flexibiliza\u00e7\u00e3o de Campinas deve reduzir fechamento de lojas e demiss\u00f5es nos shoppings - Comunica\u00e7\u00e3o Estrat\u00e9gica\",\"isPartOf\":{\"@id\":\"https:\\\/\\\/comunicacaoestrategicacps.com.br\\\/blog\\\/#website\"},\"primaryImageOfPage\":{\"@id\":\"https:\\\/\\\/comunicacaoestrategicacps.com.br\\\/blog\\\/flexibilizacao-de-campinas-deve-reduzir-fechamento-de-lojas-e-demissoes-nos-shoppings-2\\\/#primaryimage\"},\"image\":{\"@id\":\"https:\\\/\\\/comunicacaoestrategicacps.com.br\\\/blog\\\/flexibilizacao-de-campinas-deve-reduzir-fechamento-de-lojas-e-demissoes-nos-shoppings-2\\\/#primaryimage\"},\"thumbnailUrl\":\"https:\\\/\\\/comunicacaoestrategicacps.com.br\\\/blog\\\/wp-content\\\/uploads\\\/2020\\\/03\\\/Gustavo-Maggioni.jpg\",\"datePublished\":\"2020-08-07T17:13:02+00:00\",\"dateModified\":\"2020-08-07T17:13:05+00:00\",\"author\":{\"@id\":\"https:\\\/\\\/comunicacaoestrategicacps.com.br\\\/blog\\\/#\\\/schema\\\/person\\\/8d447568a01edd36a56dbbcb702b02fc\"},\"breadcrumb\":{\"@id\":\"https:\\\/\\\/comunicacaoestrategicacps.com.br\\\/blog\\\/flexibilizacao-de-campinas-deve-reduzir-fechamento-de-lojas-e-demissoes-nos-shoppings-2\\\/#breadcrumb\"},\"inLanguage\":\"pt-BR\",\"potentialAction\":[{\"@type\":\"ReadAction\",\"target\":[\"https:\\\/\\\/comunicacaoestrategicacps.com.br\\\/blog\\\/flexibilizacao-de-campinas-deve-reduzir-fechamento-de-lojas-e-demissoes-nos-shoppings-2\\\/\"]}]},{\"@type\":\"ImageObject\",\"inLanguage\":\"pt-BR\",\"@id\":\"https:\\\/\\\/comunicacaoestrategicacps.com.br\\\/blog\\\/flexibilizacao-de-campinas-deve-reduzir-fechamento-de-lojas-e-demissoes-nos-shoppings-2\\\/#primaryimage\",\"url\":\"https:\\\/\\\/comunicacaoestrategicacps.com.br\\\/blog\\\/wp-content\\\/uploads\\\/2020\\\/03\\\/Gustavo-Maggioni.jpg\",\"contentUrl\":\"https:\\\/\\\/comunicacaoestrategicacps.com.br\\\/blog\\\/wp-content\\\/uploads\\\/2020\\\/03\\\/Gustavo-Maggioni.jpg\",\"width\":1280,\"height\":853},{\"@type\":\"BreadcrumbList\",\"@id\":\"https:\\\/\\\/comunicacaoestrategicacps.com.br\\\/blog\\\/flexibilizacao-de-campinas-deve-reduzir-fechamento-de-lojas-e-demissoes-nos-shoppings-2\\\/#breadcrumb\",\"itemListElement\":[{\"@type\":\"ListItem\",\"position\":1,\"name\":\"In\u00edcio\",\"item\":\"https:\\\/\\\/comunicacaoestrategicacps.com.br\\\/blog\\\/\"},{\"@type\":\"ListItem\",\"position\":2,\"name\":\"Flexibiliza\u00e7\u00e3o de Campinas deve reduzir fechamento de lojas e demiss\u00f5es nos shoppings\"}]},{\"@type\":\"WebSite\",\"@id\":\"https:\\\/\\\/comunicacaoestrategicacps.com.br\\\/blog\\\/#website\",\"url\":\"https:\\\/\\\/comunicacaoestrategicacps.com.br\\\/blog\\\/\",\"name\":\"Comunica\u00e7\u00e3o Estrat\u00e9gica\",\"description\":\"Comunica\u00e7\u00e3o Estrat\u00e9gica  - Assessoria de Imprensa\",\"potentialAction\":[{\"@type\":\"SearchAction\",\"target\":{\"@type\":\"EntryPoint\",\"urlTemplate\":\"https:\\\/\\\/comunicacaoestrategicacps.com.br\\\/blog\\\/?s={search_term_string}\"},\"query-input\":{\"@type\":\"PropertyValueSpecification\",\"valueRequired\":true,\"valueName\":\"search_term_string\"}}],\"inLanguage\":\"pt-BR\"},{\"@type\":\"Person\",\"@id\":\"https:\\\/\\\/comunicacaoestrategicacps.com.br\\\/blog\\\/#\\\/schema\\\/person\\\/8d447568a01edd36a56dbbcb702b02fc\",\"name\":\"admin\",\"image\":{\"@type\":\"ImageObject\",\"inLanguage\":\"pt-BR\",\"@id\":\"https:\\\/\\\/secure.gravatar.com\\\/avatar\\\/2cc026ea89b57b9d913d4ce5b90a0490046c0c9048a129e24cc44313a90d3f77?s=96&d=mm&r=g\",\"url\":\"https:\\\/\\\/secure.gravatar.com\\\/avatar\\\/2cc026ea89b57b9d913d4ce5b90a0490046c0c9048a129e24cc44313a90d3f77?s=96&d=mm&r=g\",\"contentUrl\":\"https:\\\/\\\/secure.gravatar.com\\\/avatar\\\/2cc026ea89b57b9d913d4ce5b90a0490046c0c9048a129e24cc44313a90d3f77?s=96&d=mm&r=g\",\"caption\":\"admin\"},\"url\":\"https:\\\/\\\/comunicacaoestrategicacps.com.br\\\/blog\\\/author\\\/admin\\\/\"}]}<\/script>\n<!-- \/ Yoast SEO plugin. -->","yoast_head_json":{"title":"Flexibiliza\u00e7\u00e3o de Campinas deve reduzir fechamento de lojas e demiss\u00f5es nos shoppings - Comunica\u00e7\u00e3o Estrat\u00e9gica","robots":{"index":"index","follow":"follow","max-snippet":"max-snippet:-1","max-image-preview":"max-image-preview:large","max-video-preview":"max-video-preview:-1"},"canonical":"https:\/\/comunicacaoestrategicacps.com.br\/blog\/flexibilizacao-de-campinas-deve-reduzir-fechamento-de-lojas-e-demissoes-nos-shoppings-2\/","og_locale":"pt_BR","og_type":"article","og_title":"Flexibiliza\u00e7\u00e3o de Campinas deve reduzir fechamento de lojas e demiss\u00f5es nos shoppings - Comunica\u00e7\u00e3o Estrat\u00e9gica","og_description":"Avalia\u00e7\u00e3o \u00e9 da Comiss\u00e3o de Shoppings Centers da OAB Campinas Campinas, 07 de agosto de 2020 &#8211; Com a reclassifica\u00e7\u00e3o de Campinas no Plano S\u00e3o Paulo, passando da fase laranja para a amarela a partir deste s\u00e1bado, dia 08, as lojas localizadas nos shoppings centers da cidade poder\u00e3o aumentar hor\u00e1rio de funcionamento para 6 horas [&hellip;]","og_url":"https:\/\/comunicacaoestrategicacps.com.br\/blog\/flexibilizacao-de-campinas-deve-reduzir-fechamento-de-lojas-e-demissoes-nos-shoppings-2\/","og_site_name":"Comunica\u00e7\u00e3o Estrat\u00e9gica","article_published_time":"2020-08-07T17:13:02+00:00","article_modified_time":"2020-08-07T17:13:05+00:00","og_image":[{"width":1280,"height":853,"url":"https:\/\/comunicacaoestrategicacps.com.br\/blog\/wp-content\/uploads\/2020\/03\/Gustavo-Maggioni.jpg","type":"image\/jpeg"}],"author":"admin","twitter_card":"summary_large_image","twitter_misc":{"Escrito por":"admin","Est. tempo de leitura":"2 minutos"},"schema":{"@context":"https:\/\/schema.org","@graph":[{"@type":"Article","@id":"https:\/\/comunicacaoestrategicacps.com.br\/blog\/flexibilizacao-de-campinas-deve-reduzir-fechamento-de-lojas-e-demissoes-nos-shoppings-2\/#article","isPartOf":{"@id":"https:\/\/comunicacaoestrategicacps.com.br\/blog\/flexibilizacao-de-campinas-deve-reduzir-fechamento-de-lojas-e-demissoes-nos-shoppings-2\/"},"author":{"name":"admin","@id":"https:\/\/comunicacaoestrategicacps.com.br\/blog\/#\/schema\/person\/8d447568a01edd36a56dbbcb702b02fc"},"headline":"Flexibiliza\u00e7\u00e3o de Campinas deve reduzir fechamento de lojas e demiss\u00f5es nos shoppings","datePublished":"2020-08-07T17:13:02+00:00","dateModified":"2020-08-07T17:13:05+00:00","mainEntityOfPage":{"@id":"https:\/\/comunicacaoestrategicacps.com.br\/blog\/flexibilizacao-de-campinas-deve-reduzir-fechamento-de-lojas-e-demissoes-nos-shoppings-2\/"},"wordCount":395,"commentCount":0,"image":{"@id":"https:\/\/comunicacaoestrategicacps.com.br\/blog\/flexibilizacao-de-campinas-deve-reduzir-fechamento-de-lojas-e-demissoes-nos-shoppings-2\/#primaryimage"},"thumbnailUrl":"https:\/\/comunicacaoestrategicacps.com.br\/blog\/wp-content\/uploads\/2020\/03\/Gustavo-Maggioni.jpg","articleSection":["Neg\u00f3cios e Economia"],"inLanguage":"pt-BR","potentialAction":[{"@type":"CommentAction","name":"Comment","target":["https:\/\/comunicacaoestrategicacps.com.br\/blog\/flexibilizacao-de-campinas-deve-reduzir-fechamento-de-lojas-e-demissoes-nos-shoppings-2\/#respond"]}]},{"@type":"WebPage","@id":"https:\/\/comunicacaoestrategicacps.com.br\/blog\/flexibilizacao-de-campinas-deve-reduzir-fechamento-de-lojas-e-demissoes-nos-shoppings-2\/","url":"https:\/\/comunicacaoestrategicacps.com.br\/blog\/flexibilizacao-de-campinas-deve-reduzir-fechamento-de-lojas-e-demissoes-nos-shoppings-2\/","name":"Flexibiliza\u00e7\u00e3o de Campinas deve reduzir fechamento de lojas e demiss\u00f5es nos shoppings - Comunica\u00e7\u00e3o Estrat\u00e9gica","isPartOf":{"@id":"https:\/\/comunicacaoestrategicacps.com.br\/blog\/#website"},"primaryImageOfPage":{"@id":"https:\/\/comunicacaoestrategicacps.com.br\/blog\/flexibilizacao-de-campinas-deve-reduzir-fechamento-de-lojas-e-demissoes-nos-shoppings-2\/#primaryimage"},"image":{"@id":"https:\/\/comunicacaoestrategicacps.com.br\/blog\/flexibilizacao-de-campinas-deve-reduzir-fechamento-de-lojas-e-demissoes-nos-shoppings-2\/#primaryimage"},"thumbnailUrl":"https:\/\/comunicacaoestrategicacps.com.br\/blog\/wp-content\/uploads\/2020\/03\/Gustavo-Maggioni.jpg","datePublished":"2020-08-07T17:13:02+00:00","dateModified":"2020-08-07T17:13:05+00:00","author":{"@id":"https:\/\/comunicacaoestrategicacps.com.br\/blog\/#\/schema\/person\/8d447568a01edd36a56dbbcb702b02fc"},"breadcrumb":{"@id":"https:\/\/comunicacaoestrategicacps.com.br\/blog\/flexibilizacao-de-campinas-deve-reduzir-fechamento-de-lojas-e-demissoes-nos-shoppings-2\/#breadcrumb"},"inLanguage":"pt-BR","potentialAction":[{"@type":"ReadAction","target":["https:\/\/comunicacaoestrategicacps.com.br\/blog\/flexibilizacao-de-campinas-deve-reduzir-fechamento-de-lojas-e-demissoes-nos-shoppings-2\/"]}]},{"@type":"ImageObject","inLanguage":"pt-BR","@id":"https:\/\/comunicacaoestrategicacps.com.br\/blog\/flexibilizacao-de-campinas-deve-reduzir-fechamento-de-lojas-e-demissoes-nos-shoppings-2\/#primaryimage","url":"https:\/\/comunicacaoestrategicacps.com.br\/blog\/wp-content\/uploads\/2020\/03\/Gustavo-Maggioni.jpg","contentUrl":"https:\/\/comunicacaoestrategicacps.com.br\/blog\/wp-content\/uploads\/2020\/03\/Gustavo-Maggioni.jpg","width":1280,"height":853},{"@type":"BreadcrumbList","@id":"https:\/\/comunicacaoestrategicacps.com.br\/blog\/flexibilizacao-de-campinas-deve-reduzir-fechamento-de-lojas-e-demissoes-nos-shoppings-2\/#breadcrumb","itemListElement":[{"@type":"ListItem","position":1,"name":"In\u00edcio","item":"https:\/\/comunicacaoestrategicacps.com.br\/blog\/"},{"@type":"ListItem","position":2,"name":"Flexibiliza\u00e7\u00e3o de Campinas deve reduzir fechamento de lojas e demiss\u00f5es nos shoppings"}]},{"@type":"WebSite","@id":"https:\/\/comunicacaoestrategicacps.com.br\/blog\/#website","url":"https:\/\/comunicacaoestrategicacps.com.br\/blog\/","name":"Comunica\u00e7\u00e3o Estrat\u00e9gica","description":"Comunica\u00e7\u00e3o Estrat\u00e9gica  - Assessoria de Imprensa","potentialAction":[{"@type":"SearchAction","target":{"@type":"EntryPoint","urlTemplate":"https:\/\/comunicacaoestrategicacps.com.br\/blog\/?s={search_term_string}"},"query-input":{"@type":"PropertyValueSpecification","valueRequired":true,"valueName":"search_term_string"}}],"inLanguage":"pt-BR"},{"@type":"Person","@id":"https:\/\/comunicacaoestrategicacps.com.br\/blog\/#\/schema\/person\/8d447568a01edd36a56dbbcb702b02fc","name":"admin","image":{"@type":"ImageObject","inLanguage":"pt-BR","@id":"https:\/\/secure.gravatar.com\/avatar\/2cc026ea89b57b9d913d4ce5b90a0490046c0c9048a129e24cc44313a90d3f77?s=96&d=mm&r=g","url":"https:\/\/secure.gravatar.com\/avatar\/2cc026ea89b57b9d913d4ce5b90a0490046c0c9048a129e24cc44313a90d3f77?s=96&d=mm&r=g","contentUrl":"https:\/\/secure.gravatar.com\/avatar\/2cc026ea89b57b9d913d4ce5b90a0490046c0c9048a129e24cc44313a90d3f77?s=96&d=mm&r=g","caption":"admin"},"url":"https:\/\/comunicacaoestrategicacps.com.br\/blog\/author\/admin\/"}]}},"builder_content":"","_links":{"self":[{"href":"https:\/\/comunicacaoestrategicacps.com.br\/blog\/wp-json\/wp\/v2\/posts\/821","targetHints":{"allow":["GET"]}}],"collection":[{"href":"https:\/\/comunicacaoestrategicacps.com.br\/blog\/wp-json\/wp\/v2\/posts"}],"about":[{"href":"https:\/\/comunicacaoestrategicacps.com.br\/blog\/wp-json\/wp\/v2\/types\/post"}],"author":[{"embeddable":true,"href":"https:\/\/comunicacaoestrategicacps.com.br\/blog\/wp-json\/wp\/v2\/users\/1"}],"replies":[{"embeddable":true,"href":"https:\/\/comunicacaoestrategicacps.com.br\/blog\/wp-json\/wp\/v2\/comments?post=821"}],"version-history":[{"count":1,"href":"https:\/\/comunicacaoestrategicacps.com.br\/blog\/wp-json\/wp\/v2\/posts\/821\/revisions"}],"predecessor-version":[{"id":822,"href":"https:\/\/comunicacaoestrategicacps.com.br\/blog\/wp-json\/wp\/v2\/posts\/821\/revisions\/822"}],"wp:featuredmedia":[{"embeddable":true,"href":"https:\/\/comunicacaoestrategicacps.com.br\/blog\/wp-json\/wp\/v2\/media\/620"}],"wp:attachment":[{"href":"https:\/\/comunicacaoestrategicacps.com.br\/blog\/wp-json\/wp\/v2\/media?parent=821"}],"wp:term":[{"taxonomy":"category","embeddable":true,"href":"https:\/\/comunicacaoestrategicacps.com.br\/blog\/wp-json\/wp\/v2\/categories?post=821"},{"taxonomy":"post_tag","embeddable":true,"href":"https:\/\/comunicacaoestrategicacps.com.br\/blog\/wp-json\/wp\/v2\/tags?post=821"}],"curies":[{"name":"wp","href":"https:\/\/api.w.org\/{rel}","templated":true}]}}