{"id":834,"date":"2020-08-21T13:38:04","date_gmt":"2020-08-21T16:38:04","guid":{"rendered":"https:\/\/comunicacaoestrategicacps.com.br\/blog\/?p=834"},"modified":"2020-08-21T13:38:06","modified_gmt":"2020-08-21T16:38:06","slug":"abrasel-rmc-estima-100-da-retomada-de-bares-e-restaurantes-na-rmc-a-partir-desta-sexta-21","status":"publish","type":"post","link":"https:\/\/comunicacaoestrategicacps.com.br\/blog\/abrasel-rmc-estima-100-da-retomada-de-bares-e-restaurantes-na-rmc-a-partir-desta-sexta-21\/","title":{"rendered":"Abrasel RMC estima 100% da retomada de bares e restaurantes na RMC a partir desta sexta 21"},"content":{"rendered":"<!--themify_builder_content-->\n<div id=\"themify_builder_content-834\" data-postid=\"834\" class=\"themify_builder_content themify_builder_content-834 themify_builder tf_clear\">\n    <\/div>\n<!--\/themify_builder_content-->\n\n\n<figure class=\"wp-block-image size-large\"><img loading=\"lazy\" decoding=\"async\" width=\"299\" height=\"168\" src=\"https:\/\/comunicacaoestrategicacps.com.br\/blog\/wp-content\/uploads\/2020\/08\/lanch\u00e3o-fachada.jpg\" alt=\"\" class=\"wp-image-835\"\/><\/figure>\n\n\n\n<p><strong>Campinas,\n20 de abril de 2020<\/strong>\n\u2013 Cerca de 60% dos bares e restaurantes na Regi\u00e3o Metropolitana de Campinas\n(RMC) reabriram suas portas nas duas semanas, ap\u00f3s 139 dias sem atendimento\npresencial. Este n\u00famero deve subir para 100% a partir desta sexta-feira, dia\n21, quando o setor poder\u00e1 abrir por 8h di\u00e1rias e retomar o atendimento no\njantar, dentro das regras estabelecidas no Plano S\u00e3o Paulo para a fase amarela.<\/p>\n\n\n\n<p>Apesar\nde toda a expectativa sobre a volta dos clientes, o movimento foi considerado\nacima do esperado ap\u00f3s a retomada. O faturamento chegou a 50% do per\u00edodo\npr\u00e9-pandemia do novo coronav\u00edrus, em mar\u00e7o. A expectativa \u00e9 de que 100% dos\nestabelecimentos voltem a funcionar a partir de amanh\u00e3, sexta-feira, dia 21,\nquando o hor\u00e1rio de abertura permitido passar\u00e1 a ser at\u00e9 22h. Cada bar ou\nrestaurante poder\u00e1 dividir o per\u00edodo, conforme seu planejamento.<\/p>\n\n\n\n<p>Nas\nduas primeiras semanas de retomada, o movimento surpreendeu. Segunda uma\npesquisa realizada junto aos associados da Abrasel RMC, o movimento ficou em\n50% do que era registrado antes da pandemia, em mar\u00e7o. Cerca de 60 dos bares e\nrestaurantes reabriram. Em outras cidades e regi\u00f5es, como a Capital, apenas 20%\nreabriram suas portas nas primeiras semanas da autoriza\u00e7\u00e3o do Plano S\u00e3o Paulo.<\/p>\n\n\n\n<p>\u201c25%\ndas casas, como pizzarias e botequins, com atendimento noturno, permaneceram\nfechadas e dever\u00e3o reabrir a partir da divis\u00e3o de hor\u00e1rio \u2013 diurno e noturno,\nat\u00e9 22h \u2013 a partir desta sexta-feira\u201d, explica Matheus Mason, presidente da\nAssocia\u00e7\u00e3o Brasileira de Bares e Restaurantes da Regi\u00e3o Metropolitana de\nCampinas (Abrasel RMC&nbsp;<\/p>\n\n\n\n<p>\u201cO\nn\u00famero de estabelecimentos que retornariam de imediato e o movimento nestes\nprimeiros dias nos causavam apreens\u00e3o, j\u00e1 que n\u00e3o faz\u00edamos ideia de como seria\no comportamento do p\u00fablico na retomada\u201d, explica Matheus Mason, presidente da\nAssocia\u00e7\u00e3o Brasileira de Bares e Restaurantes da Regi\u00e3o Metropolitana de\nCampinas (Abrasel RMC). \u201cMas, para nossa surpresa, um n\u00famero acima da\nexpectativa reabriu e o movimento foi acima do que calcul\u00e1vamos\u201d.<\/p>\n\n\n\n<p>A\nAbrasel RMC tem orientado, seus associados a seguirem rigorosamente todas as\nnormas e protocolos para uma reabertura segura, tanto para os funcion\u00e1rios como\nclientes. Isso inclui evitar aglomera\u00e7\u00f5es, atendimento somente a pessoas\nsentadas e dentro do limite estabelecido, funcionamento restrito ao hor\u00e1rio\npermitido. Para evitar aglomera\u00e7\u00f5es, est\u00e1 orientando que os estabelecimentos\nestimulem o agendamento de hor\u00e1rios.<\/p>\n\n\n\n<p>A\nretomada de 60% das casas nas duas primeiras semanas de a regi\u00e3o voltar para a\nfase amarela foi um \u00edndice muito superior a outras cidades que j\u00e1 estavam nesta\nfase, como S\u00e3o Paulo, por exemplo, onde 80% dos estabelecimentos permaneceram\nfechados ap\u00f3s a permiss\u00e3o de reabertura.<\/p>\n\n\n\n<p>O\nfaturamento foi outro fator que chamou nesta volta. As vendas foram de 50% em\nrela\u00e7\u00e3o ao inicio de mar\u00e7o, semanadas antes do in\u00edcio da quarentena para conter\no avan\u00e7o da Covid-19 e preservar a vida das pessoas. Esta queda \u00e9 justificada\npor Mason. \u201cAl\u00e9m de ainda estarmos vivendo a pandemia, com um n\u00famero grande de\npessoas com medo de sair de casa, os bares e restaurantes est\u00e3o operando com\ncapacidade de atendimento limitada a 40% da casa, o que justifica em parte esta\nqueda\u201d.<\/p>\n\n\n\n<p>A\nmudan\u00e7a nesta semana permite que os 40% dos outros bares e restaurantes tamb\u00e9m\nvoltem a operar, sendo que 25% do total s\u00e3o bares e pizzarias que abrem apenas\nno per\u00edodo noturno, e 5% que decidiu aguardar alguns dias antes da reabertura.<\/p>\n\n\n\n<p>Segundo\nMason, com funcionamento noturno a tend\u00eancia \u00e9 de que o faturamento continue\nmelhorando. \u201cUm estudo feito pela Abrasel RMC mostra que 54% das vendas, que\nrepresentam em torno de 80% do faturamento, acontece ap\u00f3s as 18 horas\u201d<\/p>\n\n\n\n<p>\u201cAs\nmudan\u00e7as autorizadas pelo Estado e a Prefeitura no Plano S\u00e3o Paulo s\u00e3o ben\u00e9ficas\npara o setor. Primeiro, em raz\u00e3o do tempo maior, que evita aglomera\u00e7\u00f5es, um dos\npontos levantados pela entidade anteriormente junto \u00e0s autoridades estaduais e\nmunicipais\u201d, afirma Mason.<\/p>\n\n\n\n<p>\u201cEm\nsegundo lugar, a amplia\u00e7\u00e3o de hor\u00e1rios e funcionamento a noite \u00e9 importante,\numa vez que cerca de 60% das vendas e atendimentos ocorrem no hor\u00e1rio noturno.<\/p>\n\n\n\n<p>Estes\nfatores v\u00e3o dinamizar ainda mais um setor que sofreu e ainda est\u00e1 sofrendo\nfortemente os impactos da pandemia. Cerca de 4,5 mil estabelecimentos foram fechados\nna regi\u00e3o e 27 mil postos de trabalhos foram fechados. A reabertura significa\num estancamento nestes n\u00fameros.<\/p>\n\n\n\n<p><strong>BOA\nNOT\u00cdCIA<\/strong><\/p>\n\n\n\n<p>Segundo\nFernanda Barreira, Gerente de Marketing do Restaurante Vila Para\u00edso, o\nfaturamento da casa nas duas \u00faltimas semanas n\u00e3o chegou a ser uma supresa.\n\u201cMuitos clientes j\u00e1 estavam nos acompanhando e perguntando quando voltar\u00edamos a\natender e outros vinham at\u00e9 o restaurante nos finais de semana, achando que j\u00e1\nest\u00e1vamos abertos\u201d, conta.<\/p>\n\n\n\n<p>Ela\nacredita que este percentual, mesmo com a restri\u00e7\u00e3o de 40% da capacidade, deve\naumentar com a libera\u00e7\u00e3o de atendimento no jantar, j\u00e1 a partir deste final de\nsemana.<\/p>\n\n\n\n<p>A\nRede Lanch\u00e3o, que est\u00e1 atendendo neste per\u00edodo apenas por delivery&nbsp; e\nretiradas, reabrir\u00e1 todas as unidades, das quais 25 lojas pr\u00f3prias e\nfranqueadas na regi\u00e3o de Campinas \u2013 unidades de ruas e em dois shoppings &#8211; ,\ncom atendimento presencial at\u00e9 \u00e0s 22h. \u201cEstas medidas, com certeza, permitindo\no atendimento presencial, devem aumentar o fluxo de pessoas e vendas\u201d, afirma\nRoger Domingues, s\u00f3cio da rede.<\/p>\n\n\n\n<p>Dino\nRamos, diretor do Dom Brejas Brew, explica que 75% das vendas ainda s\u00e3o\noriundas do Delivery e 25% do atendimento presencial na casa. \u201cNo \u00faltimo\ns\u00e1bado, quando pudermos funcionar at\u00e9 17h, j\u00e1 notamos as vendas divididas meio\na meio\u201d, explica. \u201cCom o atendimento permitido at\u00e9 22h, com certeza o\natendimento presencial deve se ampliar e nossas vendas chegar a cerca de 60%\nantes da Pandemia\u201d.<\/p>\n\n\n\n<p><strong>RESPONSABILIDADE<\/strong><\/p>\n\n\n\n<p>A\nAbrasel RMC defende que bares e restaurantes funcionem de acordo com a\nlegisla\u00e7\u00e3o de cada cidade, seguindo o hor\u00e1rio e o regramento determinados pelo\nDecreto Municipal.<\/p>\n\n\n\n<p>A\nentidade tem orientado os bares e restaurantes para que adotem todas as boas\nPr\u00e1ticas sanit\u00e1rias e, principalmente, que haja o respeito e acatamento aos\nhor\u00e1rios estabelecidos para o funcionamento seguro de bares e restaurantes.<\/p>\n\n\n\n<p>A\ngrande maioria dos bares e restaurantes de Campinas vem cumprindo o regramento\ne trabalhando dentro das normas. Casos pontuais de desrespeito \u00e0 Lei n\u00e3o\nrefletem a seriedade dos empres\u00e1rios do setor de Alimenta\u00e7\u00e3o Fora do Lar e\ndevem ser coibidos para que n\u00e3o prejudiquem todo um setor que \u00e9 fundamental\npara a economia da cidade.<\/p>","protected":false},"excerpt":{"rendered":"<p>Campinas, 20 de abril de 2020 \u2013 Cerca de 60% dos bares e restaurantes na Regi\u00e3o Metropolitana de Campinas (RMC) reabriram suas portas nas duas semanas, ap\u00f3s 139 dias sem atendimento presencial. Este n\u00famero deve subir para 100% a partir desta sexta-feira, dia 21, quando o setor poder\u00e1 abrir por 8h di\u00e1rias e retomar o [&hellip;]<\/p>\n","protected":false},"author":1,"featured_media":702,"comment_status":"open","ping_status":"open","sticky":false,"template":"","format":"standard","meta":{"footnotes":""},"categories":[43],"tags":[112,51,146,69,52,145],"class_list":["post-834","post","type-post","status-publish","format-standard","has-post-thumbnail","hentry","category-negocios-e-economia","tag-abrasel-rmc","tag-bares","tag-campinas-rmc","tag-crise","tag-restaurantes","tag-retomada","has-post-title","has-post-date","has-post-category","has-post-tag","has-post-comment","has-post-author",""],"yoast_head":"<!-- This site is optimized with the Yoast SEO plugin v27.4 - https:\/\/yoast.com\/product\/yoast-seo-wordpress\/ -->\n<title>Abrasel RMC estima 100% da retomada de bares e restaurantes na RMC a partir desta sexta 21 - Comunica\u00e7\u00e3o Estrat\u00e9gica<\/title>\n<meta name=\"robots\" content=\"index, follow, max-snippet:-1, max-image-preview:large, max-video-preview:-1\" \/>\n<link rel=\"canonical\" href=\"https:\/\/comunicacaoestrategicacps.com.br\/blog\/abrasel-rmc-estima-100-da-retomada-de-bares-e-restaurantes-na-rmc-a-partir-desta-sexta-21\/\" \/>\n<meta property=\"og:locale\" content=\"pt_BR\" \/>\n<meta property=\"og:type\" content=\"article\" \/>\n<meta property=\"og:title\" content=\"Abrasel RMC estima 100% da retomada de bares e restaurantes na RMC a partir desta sexta 21 - Comunica\u00e7\u00e3o Estrat\u00e9gica\" \/>\n<meta property=\"og:description\" content=\"Campinas, 20 de abril de 2020 \u2013 Cerca de 60% dos bares e restaurantes na Regi\u00e3o Metropolitana de Campinas (RMC) reabriram suas portas nas duas semanas, ap\u00f3s 139 dias sem atendimento presencial. Este n\u00famero deve subir para 100% a partir desta sexta-feira, dia 21, quando o setor poder\u00e1 abrir por 8h di\u00e1rias e retomar o [&hellip;]\" \/>\n<meta property=\"og:url\" content=\"https:\/\/comunicacaoestrategicacps.com.br\/blog\/abrasel-rmc-estima-100-da-retomada-de-bares-e-restaurantes-na-rmc-a-partir-desta-sexta-21\/\" \/>\n<meta property=\"og:site_name\" content=\"Comunica\u00e7\u00e3o Estrat\u00e9gica\" \/>\n<meta property=\"article:published_time\" content=\"2020-08-21T16:38:04+00:00\" \/>\n<meta property=\"article:modified_time\" content=\"2020-08-21T16:38:06+00:00\" \/>\n<meta property=\"og:image\" content=\"https:\/\/comunicacaoestrategicacps.com.br\/blog\/wp-content\/uploads\/2020\/05\/Matheus-mason-01.jpg\" \/>\n\t<meta property=\"og:image:width\" content=\"1280\" \/>\n\t<meta property=\"og:image:height\" content=\"853\" \/>\n\t<meta property=\"og:image:type\" content=\"image\/jpeg\" \/>\n<meta name=\"author\" content=\"admin\" \/>\n<meta name=\"twitter:card\" content=\"summary_large_image\" \/>\n<meta name=\"twitter:label1\" content=\"Escrito por\" \/>\n\t<meta name=\"twitter:data1\" content=\"admin\" \/>\n\t<meta name=\"twitter:label2\" content=\"Est. tempo de leitura\" \/>\n\t<meta name=\"twitter:data2\" content=\"5 minutos\" \/>\n<script type=\"application\/ld+json\" class=\"yoast-schema-graph\">{\"@context\":\"https:\\\/\\\/schema.org\",\"@graph\":[{\"@type\":\"Article\",\"@id\":\"https:\\\/\\\/comunicacaoestrategicacps.com.br\\\/blog\\\/abrasel-rmc-estima-100-da-retomada-de-bares-e-restaurantes-na-rmc-a-partir-desta-sexta-21\\\/#article\",\"isPartOf\":{\"@id\":\"https:\\\/\\\/comunicacaoestrategicacps.com.br\\\/blog\\\/abrasel-rmc-estima-100-da-retomada-de-bares-e-restaurantes-na-rmc-a-partir-desta-sexta-21\\\/\"},\"author\":{\"name\":\"admin\",\"@id\":\"https:\\\/\\\/comunicacaoestrategicacps.com.br\\\/blog\\\/#\\\/schema\\\/person\\\/8d447568a01edd36a56dbbcb702b02fc\"},\"headline\":\"Abrasel RMC estima 100% da retomada de bares e restaurantes na RMC a partir desta sexta 21\",\"datePublished\":\"2020-08-21T16:38:04+00:00\",\"dateModified\":\"2020-08-21T16:38:06+00:00\",\"mainEntityOfPage\":{\"@id\":\"https:\\\/\\\/comunicacaoestrategicacps.com.br\\\/blog\\\/abrasel-rmc-estima-100-da-retomada-de-bares-e-restaurantes-na-rmc-a-partir-desta-sexta-21\\\/\"},\"wordCount\":1099,\"commentCount\":0,\"image\":{\"@id\":\"https:\\\/\\\/comunicacaoestrategicacps.com.br\\\/blog\\\/abrasel-rmc-estima-100-da-retomada-de-bares-e-restaurantes-na-rmc-a-partir-desta-sexta-21\\\/#primaryimage\"},\"thumbnailUrl\":\"https:\\\/\\\/comunicacaoestrategicacps.com.br\\\/blog\\\/wp-content\\\/uploads\\\/2020\\\/05\\\/Matheus-mason-01.jpg\",\"keywords\":[\"Abrasel RMC\",\"Bares\",\"campinas. rmc\",\"crise\",\"restaurantes\",\"retomada\"],\"articleSection\":[\"Neg\u00f3cios e Economia\"],\"inLanguage\":\"pt-BR\",\"potentialAction\":[{\"@type\":\"CommentAction\",\"name\":\"Comment\",\"target\":[\"https:\\\/\\\/comunicacaoestrategicacps.com.br\\\/blog\\\/abrasel-rmc-estima-100-da-retomada-de-bares-e-restaurantes-na-rmc-a-partir-desta-sexta-21\\\/#respond\"]}]},{\"@type\":\"WebPage\",\"@id\":\"https:\\\/\\\/comunicacaoestrategicacps.com.br\\\/blog\\\/abrasel-rmc-estima-100-da-retomada-de-bares-e-restaurantes-na-rmc-a-partir-desta-sexta-21\\\/\",\"url\":\"https:\\\/\\\/comunicacaoestrategicacps.com.br\\\/blog\\\/abrasel-rmc-estima-100-da-retomada-de-bares-e-restaurantes-na-rmc-a-partir-desta-sexta-21\\\/\",\"name\":\"Abrasel RMC estima 100% da retomada de bares e restaurantes na RMC a partir desta sexta 21 - Comunica\u00e7\u00e3o Estrat\u00e9gica\",\"isPartOf\":{\"@id\":\"https:\\\/\\\/comunicacaoestrategicacps.com.br\\\/blog\\\/#website\"},\"primaryImageOfPage\":{\"@id\":\"https:\\\/\\\/comunicacaoestrategicacps.com.br\\\/blog\\\/abrasel-rmc-estima-100-da-retomada-de-bares-e-restaurantes-na-rmc-a-partir-desta-sexta-21\\\/#primaryimage\"},\"image\":{\"@id\":\"https:\\\/\\\/comunicacaoestrategicacps.com.br\\\/blog\\\/abrasel-rmc-estima-100-da-retomada-de-bares-e-restaurantes-na-rmc-a-partir-desta-sexta-21\\\/#primaryimage\"},\"thumbnailUrl\":\"https:\\\/\\\/comunicacaoestrategicacps.com.br\\\/blog\\\/wp-content\\\/uploads\\\/2020\\\/05\\\/Matheus-mason-01.jpg\",\"datePublished\":\"2020-08-21T16:38:04+00:00\",\"dateModified\":\"2020-08-21T16:38:06+00:00\",\"author\":{\"@id\":\"https:\\\/\\\/comunicacaoestrategicacps.com.br\\\/blog\\\/#\\\/schema\\\/person\\\/8d447568a01edd36a56dbbcb702b02fc\"},\"breadcrumb\":{\"@id\":\"https:\\\/\\\/comunicacaoestrategicacps.com.br\\\/blog\\\/abrasel-rmc-estima-100-da-retomada-de-bares-e-restaurantes-na-rmc-a-partir-desta-sexta-21\\\/#breadcrumb\"},\"inLanguage\":\"pt-BR\",\"potentialAction\":[{\"@type\":\"ReadAction\",\"target\":[\"https:\\\/\\\/comunicacaoestrategicacps.com.br\\\/blog\\\/abrasel-rmc-estima-100-da-retomada-de-bares-e-restaurantes-na-rmc-a-partir-desta-sexta-21\\\/\"]}]},{\"@type\":\"ImageObject\",\"inLanguage\":\"pt-BR\",\"@id\":\"https:\\\/\\\/comunicacaoestrategicacps.com.br\\\/blog\\\/abrasel-rmc-estima-100-da-retomada-de-bares-e-restaurantes-na-rmc-a-partir-desta-sexta-21\\\/#primaryimage\",\"url\":\"https:\\\/\\\/comunicacaoestrategicacps.com.br\\\/blog\\\/wp-content\\\/uploads\\\/2020\\\/05\\\/Matheus-mason-01.jpg\",\"contentUrl\":\"https:\\\/\\\/comunicacaoestrategicacps.com.br\\\/blog\\\/wp-content\\\/uploads\\\/2020\\\/05\\\/Matheus-mason-01.jpg\",\"width\":1280,\"height\":853},{\"@type\":\"BreadcrumbList\",\"@id\":\"https:\\\/\\\/comunicacaoestrategicacps.com.br\\\/blog\\\/abrasel-rmc-estima-100-da-retomada-de-bares-e-restaurantes-na-rmc-a-partir-desta-sexta-21\\\/#breadcrumb\",\"itemListElement\":[{\"@type\":\"ListItem\",\"position\":1,\"name\":\"In\u00edcio\",\"item\":\"https:\\\/\\\/comunicacaoestrategicacps.com.br\\\/blog\\\/\"},{\"@type\":\"ListItem\",\"position\":2,\"name\":\"Abrasel RMC estima 100% da retomada de bares e restaurantes na RMC a partir desta sexta 21\"}]},{\"@type\":\"WebSite\",\"@id\":\"https:\\\/\\\/comunicacaoestrategicacps.com.br\\\/blog\\\/#website\",\"url\":\"https:\\\/\\\/comunicacaoestrategicacps.com.br\\\/blog\\\/\",\"name\":\"Comunica\u00e7\u00e3o Estrat\u00e9gica\",\"description\":\"Comunica\u00e7\u00e3o Estrat\u00e9gica  - Assessoria de Imprensa\",\"potentialAction\":[{\"@type\":\"SearchAction\",\"target\":{\"@type\":\"EntryPoint\",\"urlTemplate\":\"https:\\\/\\\/comunicacaoestrategicacps.com.br\\\/blog\\\/?s={search_term_string}\"},\"query-input\":{\"@type\":\"PropertyValueSpecification\",\"valueRequired\":true,\"valueName\":\"search_term_string\"}}],\"inLanguage\":\"pt-BR\"},{\"@type\":\"Person\",\"@id\":\"https:\\\/\\\/comunicacaoestrategicacps.com.br\\\/blog\\\/#\\\/schema\\\/person\\\/8d447568a01edd36a56dbbcb702b02fc\",\"name\":\"admin\",\"image\":{\"@type\":\"ImageObject\",\"inLanguage\":\"pt-BR\",\"@id\":\"https:\\\/\\\/secure.gravatar.com\\\/avatar\\\/2cc026ea89b57b9d913d4ce5b90a0490046c0c9048a129e24cc44313a90d3f77?s=96&d=mm&r=g\",\"url\":\"https:\\\/\\\/secure.gravatar.com\\\/avatar\\\/2cc026ea89b57b9d913d4ce5b90a0490046c0c9048a129e24cc44313a90d3f77?s=96&d=mm&r=g\",\"contentUrl\":\"https:\\\/\\\/secure.gravatar.com\\\/avatar\\\/2cc026ea89b57b9d913d4ce5b90a0490046c0c9048a129e24cc44313a90d3f77?s=96&d=mm&r=g\",\"caption\":\"admin\"},\"url\":\"https:\\\/\\\/comunicacaoestrategicacps.com.br\\\/blog\\\/author\\\/admin\\\/\"}]}<\/script>\n<!-- \/ Yoast SEO plugin. -->","yoast_head_json":{"title":"Abrasel RMC estima 100% da retomada de bares e restaurantes na RMC a partir desta sexta 21 - Comunica\u00e7\u00e3o Estrat\u00e9gica","robots":{"index":"index","follow":"follow","max-snippet":"max-snippet:-1","max-image-preview":"max-image-preview:large","max-video-preview":"max-video-preview:-1"},"canonical":"https:\/\/comunicacaoestrategicacps.com.br\/blog\/abrasel-rmc-estima-100-da-retomada-de-bares-e-restaurantes-na-rmc-a-partir-desta-sexta-21\/","og_locale":"pt_BR","og_type":"article","og_title":"Abrasel RMC estima 100% da retomada de bares e restaurantes na RMC a partir desta sexta 21 - Comunica\u00e7\u00e3o Estrat\u00e9gica","og_description":"Campinas, 20 de abril de 2020 \u2013 Cerca de 60% dos bares e restaurantes na Regi\u00e3o Metropolitana de Campinas (RMC) reabriram suas portas nas duas semanas, ap\u00f3s 139 dias sem atendimento presencial. Este n\u00famero deve subir para 100% a partir desta sexta-feira, dia 21, quando o setor poder\u00e1 abrir por 8h di\u00e1rias e retomar o [&hellip;]","og_url":"https:\/\/comunicacaoestrategicacps.com.br\/blog\/abrasel-rmc-estima-100-da-retomada-de-bares-e-restaurantes-na-rmc-a-partir-desta-sexta-21\/","og_site_name":"Comunica\u00e7\u00e3o Estrat\u00e9gica","article_published_time":"2020-08-21T16:38:04+00:00","article_modified_time":"2020-08-21T16:38:06+00:00","og_image":[{"width":1280,"height":853,"url":"https:\/\/comunicacaoestrategicacps.com.br\/blog\/wp-content\/uploads\/2020\/05\/Matheus-mason-01.jpg","type":"image\/jpeg"}],"author":"admin","twitter_card":"summary_large_image","twitter_misc":{"Escrito por":"admin","Est. tempo de leitura":"5 minutos"},"schema":{"@context":"https:\/\/schema.org","@graph":[{"@type":"Article","@id":"https:\/\/comunicacaoestrategicacps.com.br\/blog\/abrasel-rmc-estima-100-da-retomada-de-bares-e-restaurantes-na-rmc-a-partir-desta-sexta-21\/#article","isPartOf":{"@id":"https:\/\/comunicacaoestrategicacps.com.br\/blog\/abrasel-rmc-estima-100-da-retomada-de-bares-e-restaurantes-na-rmc-a-partir-desta-sexta-21\/"},"author":{"name":"admin","@id":"https:\/\/comunicacaoestrategicacps.com.br\/blog\/#\/schema\/person\/8d447568a01edd36a56dbbcb702b02fc"},"headline":"Abrasel RMC estima 100% da retomada de bares e restaurantes na RMC a partir desta sexta 21","datePublished":"2020-08-21T16:38:04+00:00","dateModified":"2020-08-21T16:38:06+00:00","mainEntityOfPage":{"@id":"https:\/\/comunicacaoestrategicacps.com.br\/blog\/abrasel-rmc-estima-100-da-retomada-de-bares-e-restaurantes-na-rmc-a-partir-desta-sexta-21\/"},"wordCount":1099,"commentCount":0,"image":{"@id":"https:\/\/comunicacaoestrategicacps.com.br\/blog\/abrasel-rmc-estima-100-da-retomada-de-bares-e-restaurantes-na-rmc-a-partir-desta-sexta-21\/#primaryimage"},"thumbnailUrl":"https:\/\/comunicacaoestrategicacps.com.br\/blog\/wp-content\/uploads\/2020\/05\/Matheus-mason-01.jpg","keywords":["Abrasel RMC","Bares","campinas. rmc","crise","restaurantes","retomada"],"articleSection":["Neg\u00f3cios e Economia"],"inLanguage":"pt-BR","potentialAction":[{"@type":"CommentAction","name":"Comment","target":["https:\/\/comunicacaoestrategicacps.com.br\/blog\/abrasel-rmc-estima-100-da-retomada-de-bares-e-restaurantes-na-rmc-a-partir-desta-sexta-21\/#respond"]}]},{"@type":"WebPage","@id":"https:\/\/comunicacaoestrategicacps.com.br\/blog\/abrasel-rmc-estima-100-da-retomada-de-bares-e-restaurantes-na-rmc-a-partir-desta-sexta-21\/","url":"https:\/\/comunicacaoestrategicacps.com.br\/blog\/abrasel-rmc-estima-100-da-retomada-de-bares-e-restaurantes-na-rmc-a-partir-desta-sexta-21\/","name":"Abrasel RMC estima 100% da retomada de bares e restaurantes na RMC a partir desta sexta 21 - Comunica\u00e7\u00e3o Estrat\u00e9gica","isPartOf":{"@id":"https:\/\/comunicacaoestrategicacps.com.br\/blog\/#website"},"primaryImageOfPage":{"@id":"https:\/\/comunicacaoestrategicacps.com.br\/blog\/abrasel-rmc-estima-100-da-retomada-de-bares-e-restaurantes-na-rmc-a-partir-desta-sexta-21\/#primaryimage"},"image":{"@id":"https:\/\/comunicacaoestrategicacps.com.br\/blog\/abrasel-rmc-estima-100-da-retomada-de-bares-e-restaurantes-na-rmc-a-partir-desta-sexta-21\/#primaryimage"},"thumbnailUrl":"https:\/\/comunicacaoestrategicacps.com.br\/blog\/wp-content\/uploads\/2020\/05\/Matheus-mason-01.jpg","datePublished":"2020-08-21T16:38:04+00:00","dateModified":"2020-08-21T16:38:06+00:00","author":{"@id":"https:\/\/comunicacaoestrategicacps.com.br\/blog\/#\/schema\/person\/8d447568a01edd36a56dbbcb702b02fc"},"breadcrumb":{"@id":"https:\/\/comunicacaoestrategicacps.com.br\/blog\/abrasel-rmc-estima-100-da-retomada-de-bares-e-restaurantes-na-rmc-a-partir-desta-sexta-21\/#breadcrumb"},"inLanguage":"pt-BR","potentialAction":[{"@type":"ReadAction","target":["https:\/\/comunicacaoestrategicacps.com.br\/blog\/abrasel-rmc-estima-100-da-retomada-de-bares-e-restaurantes-na-rmc-a-partir-desta-sexta-21\/"]}]},{"@type":"ImageObject","inLanguage":"pt-BR","@id":"https:\/\/comunicacaoestrategicacps.com.br\/blog\/abrasel-rmc-estima-100-da-retomada-de-bares-e-restaurantes-na-rmc-a-partir-desta-sexta-21\/#primaryimage","url":"https:\/\/comunicacaoestrategicacps.com.br\/blog\/wp-content\/uploads\/2020\/05\/Matheus-mason-01.jpg","contentUrl":"https:\/\/comunicacaoestrategicacps.com.br\/blog\/wp-content\/uploads\/2020\/05\/Matheus-mason-01.jpg","width":1280,"height":853},{"@type":"BreadcrumbList","@id":"https:\/\/comunicacaoestrategicacps.com.br\/blog\/abrasel-rmc-estima-100-da-retomada-de-bares-e-restaurantes-na-rmc-a-partir-desta-sexta-21\/#breadcrumb","itemListElement":[{"@type":"ListItem","position":1,"name":"In\u00edcio","item":"https:\/\/comunicacaoestrategicacps.com.br\/blog\/"},{"@type":"ListItem","position":2,"name":"Abrasel RMC estima 100% da retomada de bares e restaurantes na RMC a partir desta sexta 21"}]},{"@type":"WebSite","@id":"https:\/\/comunicacaoestrategicacps.com.br\/blog\/#website","url":"https:\/\/comunicacaoestrategicacps.com.br\/blog\/","name":"Comunica\u00e7\u00e3o Estrat\u00e9gica","description":"Comunica\u00e7\u00e3o Estrat\u00e9gica  - Assessoria de Imprensa","potentialAction":[{"@type":"SearchAction","target":{"@type":"EntryPoint","urlTemplate":"https:\/\/comunicacaoestrategicacps.com.br\/blog\/?s={search_term_string}"},"query-input":{"@type":"PropertyValueSpecification","valueRequired":true,"valueName":"search_term_string"}}],"inLanguage":"pt-BR"},{"@type":"Person","@id":"https:\/\/comunicacaoestrategicacps.com.br\/blog\/#\/schema\/person\/8d447568a01edd36a56dbbcb702b02fc","name":"admin","image":{"@type":"ImageObject","inLanguage":"pt-BR","@id":"https:\/\/secure.gravatar.com\/avatar\/2cc026ea89b57b9d913d4ce5b90a0490046c0c9048a129e24cc44313a90d3f77?s=96&d=mm&r=g","url":"https:\/\/secure.gravatar.com\/avatar\/2cc026ea89b57b9d913d4ce5b90a0490046c0c9048a129e24cc44313a90d3f77?s=96&d=mm&r=g","contentUrl":"https:\/\/secure.gravatar.com\/avatar\/2cc026ea89b57b9d913d4ce5b90a0490046c0c9048a129e24cc44313a90d3f77?s=96&d=mm&r=g","caption":"admin"},"url":"https:\/\/comunicacaoestrategicacps.com.br\/blog\/author\/admin\/"}]}},"builder_content":"","_links":{"self":[{"href":"https:\/\/comunicacaoestrategicacps.com.br\/blog\/wp-json\/wp\/v2\/posts\/834","targetHints":{"allow":["GET"]}}],"collection":[{"href":"https:\/\/comunicacaoestrategicacps.com.br\/blog\/wp-json\/wp\/v2\/posts"}],"about":[{"href":"https:\/\/comunicacaoestrategicacps.com.br\/blog\/wp-json\/wp\/v2\/types\/post"}],"author":[{"embeddable":true,"href":"https:\/\/comunicacaoestrategicacps.com.br\/blog\/wp-json\/wp\/v2\/users\/1"}],"replies":[{"embeddable":true,"href":"https:\/\/comunicacaoestrategicacps.com.br\/blog\/wp-json\/wp\/v2\/comments?post=834"}],"version-history":[{"count":1,"href":"https:\/\/comunicacaoestrategicacps.com.br\/blog\/wp-json\/wp\/v2\/posts\/834\/revisions"}],"predecessor-version":[{"id":836,"href":"https:\/\/comunicacaoestrategicacps.com.br\/blog\/wp-json\/wp\/v2\/posts\/834\/revisions\/836"}],"wp:featuredmedia":[{"embeddable":true,"href":"https:\/\/comunicacaoestrategicacps.com.br\/blog\/wp-json\/wp\/v2\/media\/702"}],"wp:attachment":[{"href":"https:\/\/comunicacaoestrategicacps.com.br\/blog\/wp-json\/wp\/v2\/media?parent=834"}],"wp:term":[{"taxonomy":"category","embeddable":true,"href":"https:\/\/comunicacaoestrategicacps.com.br\/blog\/wp-json\/wp\/v2\/categories?post=834"},{"taxonomy":"post_tag","embeddable":true,"href":"https:\/\/comunicacaoestrategicacps.com.br\/blog\/wp-json\/wp\/v2\/tags?post=834"}],"curies":[{"name":"wp","href":"https:\/\/api.w.org\/{rel}","templated":true}]}}