{"id":983,"date":"2021-02-05T11:50:53","date_gmt":"2021-02-05T14:50:53","guid":{"rendered":"https:\/\/comunicacaoestrategicacps.com.br\/blog\/?p=983"},"modified":"2021-02-05T11:50:56","modified_gmt":"2021-02-05T14:50:56","slug":"retirada-da-regiao-da-fase-vermelha-traz-alivio-mas-nao-resolve-principalmente-para-bares","status":"publish","type":"post","link":"https:\/\/comunicacaoestrategicacps.com.br\/blog\/retirada-da-regiao-da-fase-vermelha-traz-alivio-mas-nao-resolve-principalmente-para-bares\/","title":{"rendered":"Retirada da regi\u00e3o da fase vermelha traz al\u00edvio, mas n\u00e3o resolve, principalmente para bares"},"content":{"rendered":"<!--themify_builder_content-->\n<div id=\"themify_builder_content-983\" data-postid=\"983\" class=\"themify_builder_content themify_builder_content-983 themify_builder tf_clear\">\n    <\/div>\n<!--\/themify_builder_content-->\n\n\n<figure class=\"wp-block-image size-large\"><img loading=\"lazy\" decoding=\"async\" width=\"1024\" height=\"683\" src=\"https:\/\/comunicacaoestrategicacps.com.br\/blog\/wp-content\/uploads\/2020\/10\/matheus-00-1024x683.jpg\" alt=\"\" class=\"wp-image-875\" srcset=\"https:\/\/comunicacaoestrategicacps.com.br\/blog\/wp-content\/uploads\/2020\/10\/matheus-00-1024x683.jpg 1024w, https:\/\/comunicacaoestrategicacps.com.br\/blog\/wp-content\/uploads\/2020\/10\/matheus-00-300x200.jpg 300w, https:\/\/comunicacaoestrategicacps.com.br\/blog\/wp-content\/uploads\/2020\/10\/matheus-00-768x512.jpg 768w, https:\/\/comunicacaoestrategicacps.com.br\/blog\/wp-content\/uploads\/2020\/10\/matheus-00-1536x1024.jpg 1536w, https:\/\/comunicacaoestrategicacps.com.br\/blog\/wp-content\/uploads\/2020\/10\/matheus-00-2048x1365.jpg 2048w, https:\/\/comunicacaoestrategicacps.com.br\/blog\/wp-content\/uploads\/2020\/10\/matheus-00-scaled.jpg 1280w\" sizes=\"auto, (max-width: 1024px) 100vw, 1024px\" \/><\/figure>\n\n\n\n<p><em>Com\nlimita\u00e7\u00f5es de hor\u00e1rios \u00e0 noite, setor ter\u00e1 preju\u00edzo semanal de R$ 60 milh\u00f5es,\ncalcula a Abrasel RMC<\/em><\/p>\n\n\n\n<p><strong>Campinas, 03 de fevereiro de 2021<\/strong> \u2013 O fim da Fase\nVermelha no Plano S\u00e3o Paulo, anunciado nesta quarta-feira (03) pelo governo do\nEstado, a partir deste final de semana, \u00e9 positivo, mas traz baixo impacto para\nos bares e restaurantes. Mesmo com a abertura liberada aos s\u00e1bados e domingo,\ncom restri\u00e7\u00e3o de atendimento at\u00e9 20h em todos os dias, o setor calcula uma\nperda semanal de R$ 60 milh\u00f5es na regi\u00e3o, segundo estimativa da Associa\u00e7\u00e3o\nBrasileira de Bares e Restaurantes da Regi\u00e3o Metropolitana de Campinas (Abrasel\nRMC).<\/p>\n\n\n\n<p>Na\nfase Laranja, os bares, constitu\u00eddos por sua grande maioria por micro e\npequenos neg\u00f3cios e que representam cerca de 30% do setor, continuam impedidos\nde abrir para atendimento presencial. Outro fator importante \u00e9 que o movimento\nnoturno responde por 54% do consumo do setor de alimenta\u00e7\u00e3o fora do lar, com pico\nentre 20h30 e 22h.<\/p>\n\n\n\n<p>Segundo\num levantamento da Abrasel RMC, a cada semana de fases h\u00edbridas \u2013 Vermelha e\nLaranja \u2013 os bares e restaurantes contabilizaram um preju\u00edzo de R$ 80 milh\u00f5es.\nCaso a RMC seja mantida na Fase Laranja na reclassifica\u00e7\u00e3o da pr\u00f3xima\nsexta-feira, a Abrasel RMC estima que a abertura no final de semana reduzir\u00e1 os\npreju\u00edzos de R$ 80 milh\u00f5es para R$ 60 milh\u00f5es.<\/p>\n\n\n\n<p>Para\ntentar aliviar a situa\u00e7\u00e3o dos estabelecimentos com dificuldades de caixa para\npagamento de contas e sal\u00e1rios, e aumentos de produtos da cesta de alimentos\ncom o aumento da al\u00edquota do Imposto Sobre Circula\u00e7\u00e3o de Mercadorias e Servi\u00e7os\n(ICMS), a Abrasel RMC encaminho of\u00edcio para a Prefeitura de Campinas,\nsolicitando duas horas extras de permiss\u00e3o para atendimento para quem estiver\nna casa at\u00e9 20h, inclusive para bares.<\/p>\n\n\n\n<p>\u201cA\nretirada parcial das restri\u00e7\u00f5es no final de semana \u00e9 um al\u00edvio, melhor do que\nestar fechado, mas n\u00e3o resolve o problema do setor como um todo\u201d, comenta\nMatheus Mason, presidente da Abrasel RMC. \u201c\u00c9 preciso que o setor volte a\ntrabalhar, seguindo todas as normas e recomenda\u00e7\u00f5es de espa\u00e7amento e cuidados,\npara que tenha f\u00f4lego para pagar suas contas e sal\u00e1rios dos funcion\u00e1rios\u201d.<\/p>\n\n\n\n<p>Apelo\n\nA Abrasel vem refor\u00e7ando junto aos seus\nassociados e a todo o setor que tomem todos os cuidados no tocante \u00e0s regras de\ndistanciamento e medidas sanit\u00e1rias de combate \u00e0 pandemia. \u201cSomos um setor que\npreza pelas regras e a maioria dos donos de bares e restaurantes tem seguido as\nnormas \u00e0s riscas, cuidando da sa\u00fade de seus funcion\u00e1rios e clientes\u201d, alerta o\npresidente da entidade.\n\n\n\n<\/p>","protected":false},"excerpt":{"rendered":"<p>Com limita\u00e7\u00f5es de hor\u00e1rios \u00e0 noite, setor ter\u00e1 preju\u00edzo semanal de R$ 60 milh\u00f5es, calcula a Abrasel RMC Campinas, 03 de fevereiro de 2021 \u2013 O fim da Fase Vermelha no Plano S\u00e3o Paulo, anunciado nesta quarta-feira (03) pelo governo do Estado, a partir deste final de semana, \u00e9 positivo, mas traz baixo impacto para [&hellip;]<\/p>\n","protected":false},"author":1,"featured_media":875,"comment_status":"open","ping_status":"open","sticky":false,"template":"","format":"standard","meta":{"footnotes":""},"categories":[43],"tags":[],"class_list":["post-983","post","type-post","status-publish","format-standard","has-post-thumbnail","hentry","category-negocios-e-economia","has-post-title","has-post-date","has-post-category","has-post-tag","has-post-comment","has-post-author",""],"yoast_head":"<!-- This site is optimized with the Yoast SEO plugin v27.4 - https:\/\/yoast.com\/product\/yoast-seo-wordpress\/ -->\n<title>Retirada da regi\u00e3o da fase vermelha traz al\u00edvio, mas n\u00e3o resolve, principalmente para bares - Comunica\u00e7\u00e3o Estrat\u00e9gica<\/title>\n<meta name=\"robots\" content=\"index, follow, max-snippet:-1, max-image-preview:large, max-video-preview:-1\" \/>\n<link rel=\"canonical\" href=\"https:\/\/comunicacaoestrategicacps.com.br\/blog\/retirada-da-regiao-da-fase-vermelha-traz-alivio-mas-nao-resolve-principalmente-para-bares\/\" \/>\n<meta property=\"og:locale\" content=\"pt_BR\" \/>\n<meta property=\"og:type\" content=\"article\" \/>\n<meta property=\"og:title\" content=\"Retirada da regi\u00e3o da fase vermelha traz al\u00edvio, mas n\u00e3o resolve, principalmente para bares - Comunica\u00e7\u00e3o Estrat\u00e9gica\" \/>\n<meta property=\"og:description\" content=\"Com limita\u00e7\u00f5es de hor\u00e1rios \u00e0 noite, setor ter\u00e1 preju\u00edzo semanal de R$ 60 milh\u00f5es, calcula a Abrasel RMC Campinas, 03 de fevereiro de 2021 \u2013 O fim da Fase Vermelha no Plano S\u00e3o Paulo, anunciado nesta quarta-feira (03) pelo governo do Estado, a partir deste final de semana, \u00e9 positivo, mas traz baixo impacto para [&hellip;]\" \/>\n<meta property=\"og:url\" content=\"https:\/\/comunicacaoestrategicacps.com.br\/blog\/retirada-da-regiao-da-fase-vermelha-traz-alivio-mas-nao-resolve-principalmente-para-bares\/\" \/>\n<meta property=\"og:site_name\" content=\"Comunica\u00e7\u00e3o Estrat\u00e9gica\" \/>\n<meta property=\"article:published_time\" content=\"2021-02-05T14:50:53+00:00\" \/>\n<meta property=\"article:modified_time\" content=\"2021-02-05T14:50:56+00:00\" \/>\n<meta property=\"og:image\" content=\"https:\/\/comunicacaoestrategicacps.com.br\/blog\/wp-content\/uploads\/2020\/10\/matheus-00-scaled.jpg\" \/>\n\t<meta property=\"og:image:width\" content=\"1280\" \/>\n\t<meta property=\"og:image:height\" content=\"853\" \/>\n\t<meta property=\"og:image:type\" content=\"image\/jpeg\" \/>\n<meta name=\"author\" content=\"admin\" \/>\n<meta name=\"twitter:card\" content=\"summary_large_image\" \/>\n<meta name=\"twitter:label1\" content=\"Escrito por\" \/>\n\t<meta name=\"twitter:data1\" content=\"admin\" \/>\n\t<meta name=\"twitter:label2\" content=\"Est. tempo de leitura\" \/>\n\t<meta name=\"twitter:data2\" content=\"2 minutos\" \/>\n<script type=\"application\/ld+json\" class=\"yoast-schema-graph\">{\"@context\":\"https:\\\/\\\/schema.org\",\"@graph\":[{\"@type\":\"Article\",\"@id\":\"https:\\\/\\\/comunicacaoestrategicacps.com.br\\\/blog\\\/retirada-da-regiao-da-fase-vermelha-traz-alivio-mas-nao-resolve-principalmente-para-bares\\\/#article\",\"isPartOf\":{\"@id\":\"https:\\\/\\\/comunicacaoestrategicacps.com.br\\\/blog\\\/retirada-da-regiao-da-fase-vermelha-traz-alivio-mas-nao-resolve-principalmente-para-bares\\\/\"},\"author\":{\"name\":\"admin\",\"@id\":\"https:\\\/\\\/comunicacaoestrategicacps.com.br\\\/blog\\\/#\\\/schema\\\/person\\\/8d447568a01edd36a56dbbcb702b02fc\"},\"headline\":\"Retirada da regi\u00e3o da fase vermelha traz al\u00edvio, mas n\u00e3o resolve, principalmente para bares\",\"datePublished\":\"2021-02-05T14:50:53+00:00\",\"dateModified\":\"2021-02-05T14:50:56+00:00\",\"mainEntityOfPage\":{\"@id\":\"https:\\\/\\\/comunicacaoestrategicacps.com.br\\\/blog\\\/retirada-da-regiao-da-fase-vermelha-traz-alivio-mas-nao-resolve-principalmente-para-bares\\\/\"},\"wordCount\":462,\"commentCount\":0,\"image\":{\"@id\":\"https:\\\/\\\/comunicacaoestrategicacps.com.br\\\/blog\\\/retirada-da-regiao-da-fase-vermelha-traz-alivio-mas-nao-resolve-principalmente-para-bares\\\/#primaryimage\"},\"thumbnailUrl\":\"https:\\\/\\\/comunicacaoestrategicacps.com.br\\\/blog\\\/wp-content\\\/uploads\\\/2020\\\/10\\\/matheus-00-scaled.jpg\",\"articleSection\":[\"Neg\u00f3cios e Economia\"],\"inLanguage\":\"pt-BR\",\"potentialAction\":[{\"@type\":\"CommentAction\",\"name\":\"Comment\",\"target\":[\"https:\\\/\\\/comunicacaoestrategicacps.com.br\\\/blog\\\/retirada-da-regiao-da-fase-vermelha-traz-alivio-mas-nao-resolve-principalmente-para-bares\\\/#respond\"]}]},{\"@type\":\"WebPage\",\"@id\":\"https:\\\/\\\/comunicacaoestrategicacps.com.br\\\/blog\\\/retirada-da-regiao-da-fase-vermelha-traz-alivio-mas-nao-resolve-principalmente-para-bares\\\/\",\"url\":\"https:\\\/\\\/comunicacaoestrategicacps.com.br\\\/blog\\\/retirada-da-regiao-da-fase-vermelha-traz-alivio-mas-nao-resolve-principalmente-para-bares\\\/\",\"name\":\"Retirada da regi\u00e3o da fase vermelha traz al\u00edvio, mas n\u00e3o resolve, principalmente para bares - Comunica\u00e7\u00e3o Estrat\u00e9gica\",\"isPartOf\":{\"@id\":\"https:\\\/\\\/comunicacaoestrategicacps.com.br\\\/blog\\\/#website\"},\"primaryImageOfPage\":{\"@id\":\"https:\\\/\\\/comunicacaoestrategicacps.com.br\\\/blog\\\/retirada-da-regiao-da-fase-vermelha-traz-alivio-mas-nao-resolve-principalmente-para-bares\\\/#primaryimage\"},\"image\":{\"@id\":\"https:\\\/\\\/comunicacaoestrategicacps.com.br\\\/blog\\\/retirada-da-regiao-da-fase-vermelha-traz-alivio-mas-nao-resolve-principalmente-para-bares\\\/#primaryimage\"},\"thumbnailUrl\":\"https:\\\/\\\/comunicacaoestrategicacps.com.br\\\/blog\\\/wp-content\\\/uploads\\\/2020\\\/10\\\/matheus-00-scaled.jpg\",\"datePublished\":\"2021-02-05T14:50:53+00:00\",\"dateModified\":\"2021-02-05T14:50:56+00:00\",\"author\":{\"@id\":\"https:\\\/\\\/comunicacaoestrategicacps.com.br\\\/blog\\\/#\\\/schema\\\/person\\\/8d447568a01edd36a56dbbcb702b02fc\"},\"breadcrumb\":{\"@id\":\"https:\\\/\\\/comunicacaoestrategicacps.com.br\\\/blog\\\/retirada-da-regiao-da-fase-vermelha-traz-alivio-mas-nao-resolve-principalmente-para-bares\\\/#breadcrumb\"},\"inLanguage\":\"pt-BR\",\"potentialAction\":[{\"@type\":\"ReadAction\",\"target\":[\"https:\\\/\\\/comunicacaoestrategicacps.com.br\\\/blog\\\/retirada-da-regiao-da-fase-vermelha-traz-alivio-mas-nao-resolve-principalmente-para-bares\\\/\"]}]},{\"@type\":\"ImageObject\",\"inLanguage\":\"pt-BR\",\"@id\":\"https:\\\/\\\/comunicacaoestrategicacps.com.br\\\/blog\\\/retirada-da-regiao-da-fase-vermelha-traz-alivio-mas-nao-resolve-principalmente-para-bares\\\/#primaryimage\",\"url\":\"https:\\\/\\\/comunicacaoestrategicacps.com.br\\\/blog\\\/wp-content\\\/uploads\\\/2020\\\/10\\\/matheus-00-scaled.jpg\",\"contentUrl\":\"https:\\\/\\\/comunicacaoestrategicacps.com.br\\\/blog\\\/wp-content\\\/uploads\\\/2020\\\/10\\\/matheus-00-scaled.jpg\",\"width\":1280,\"height\":853},{\"@type\":\"BreadcrumbList\",\"@id\":\"https:\\\/\\\/comunicacaoestrategicacps.com.br\\\/blog\\\/retirada-da-regiao-da-fase-vermelha-traz-alivio-mas-nao-resolve-principalmente-para-bares\\\/#breadcrumb\",\"itemListElement\":[{\"@type\":\"ListItem\",\"position\":1,\"name\":\"In\u00edcio\",\"item\":\"https:\\\/\\\/comunicacaoestrategicacps.com.br\\\/blog\\\/\"},{\"@type\":\"ListItem\",\"position\":2,\"name\":\"Retirada da regi\u00e3o da fase vermelha traz al\u00edvio, mas n\u00e3o resolve, principalmente para bares\"}]},{\"@type\":\"WebSite\",\"@id\":\"https:\\\/\\\/comunicacaoestrategicacps.com.br\\\/blog\\\/#website\",\"url\":\"https:\\\/\\\/comunicacaoestrategicacps.com.br\\\/blog\\\/\",\"name\":\"Comunica\u00e7\u00e3o Estrat\u00e9gica\",\"description\":\"Comunica\u00e7\u00e3o Estrat\u00e9gica  - Assessoria de Imprensa\",\"potentialAction\":[{\"@type\":\"SearchAction\",\"target\":{\"@type\":\"EntryPoint\",\"urlTemplate\":\"https:\\\/\\\/comunicacaoestrategicacps.com.br\\\/blog\\\/?s={search_term_string}\"},\"query-input\":{\"@type\":\"PropertyValueSpecification\",\"valueRequired\":true,\"valueName\":\"search_term_string\"}}],\"inLanguage\":\"pt-BR\"},{\"@type\":\"Person\",\"@id\":\"https:\\\/\\\/comunicacaoestrategicacps.com.br\\\/blog\\\/#\\\/schema\\\/person\\\/8d447568a01edd36a56dbbcb702b02fc\",\"name\":\"admin\",\"image\":{\"@type\":\"ImageObject\",\"inLanguage\":\"pt-BR\",\"@id\":\"https:\\\/\\\/secure.gravatar.com\\\/avatar\\\/2cc026ea89b57b9d913d4ce5b90a0490046c0c9048a129e24cc44313a90d3f77?s=96&d=mm&r=g\",\"url\":\"https:\\\/\\\/secure.gravatar.com\\\/avatar\\\/2cc026ea89b57b9d913d4ce5b90a0490046c0c9048a129e24cc44313a90d3f77?s=96&d=mm&r=g\",\"contentUrl\":\"https:\\\/\\\/secure.gravatar.com\\\/avatar\\\/2cc026ea89b57b9d913d4ce5b90a0490046c0c9048a129e24cc44313a90d3f77?s=96&d=mm&r=g\",\"caption\":\"admin\"},\"url\":\"https:\\\/\\\/comunicacaoestrategicacps.com.br\\\/blog\\\/author\\\/admin\\\/\"}]}<\/script>\n<!-- \/ Yoast SEO plugin. -->","yoast_head_json":{"title":"Retirada da regi\u00e3o da fase vermelha traz al\u00edvio, mas n\u00e3o resolve, principalmente para bares - Comunica\u00e7\u00e3o Estrat\u00e9gica","robots":{"index":"index","follow":"follow","max-snippet":"max-snippet:-1","max-image-preview":"max-image-preview:large","max-video-preview":"max-video-preview:-1"},"canonical":"https:\/\/comunicacaoestrategicacps.com.br\/blog\/retirada-da-regiao-da-fase-vermelha-traz-alivio-mas-nao-resolve-principalmente-para-bares\/","og_locale":"pt_BR","og_type":"article","og_title":"Retirada da regi\u00e3o da fase vermelha traz al\u00edvio, mas n\u00e3o resolve, principalmente para bares - Comunica\u00e7\u00e3o Estrat\u00e9gica","og_description":"Com limita\u00e7\u00f5es de hor\u00e1rios \u00e0 noite, setor ter\u00e1 preju\u00edzo semanal de R$ 60 milh\u00f5es, calcula a Abrasel RMC Campinas, 03 de fevereiro de 2021 \u2013 O fim da Fase Vermelha no Plano S\u00e3o Paulo, anunciado nesta quarta-feira (03) pelo governo do Estado, a partir deste final de semana, \u00e9 positivo, mas traz baixo impacto para [&hellip;]","og_url":"https:\/\/comunicacaoestrategicacps.com.br\/blog\/retirada-da-regiao-da-fase-vermelha-traz-alivio-mas-nao-resolve-principalmente-para-bares\/","og_site_name":"Comunica\u00e7\u00e3o Estrat\u00e9gica","article_published_time":"2021-02-05T14:50:53+00:00","article_modified_time":"2021-02-05T14:50:56+00:00","og_image":[{"width":1280,"height":853,"url":"https:\/\/comunicacaoestrategicacps.com.br\/blog\/wp-content\/uploads\/2020\/10\/matheus-00-scaled.jpg","type":"image\/jpeg"}],"author":"admin","twitter_card":"summary_large_image","twitter_misc":{"Escrito por":"admin","Est. tempo de leitura":"2 minutos"},"schema":{"@context":"https:\/\/schema.org","@graph":[{"@type":"Article","@id":"https:\/\/comunicacaoestrategicacps.com.br\/blog\/retirada-da-regiao-da-fase-vermelha-traz-alivio-mas-nao-resolve-principalmente-para-bares\/#article","isPartOf":{"@id":"https:\/\/comunicacaoestrategicacps.com.br\/blog\/retirada-da-regiao-da-fase-vermelha-traz-alivio-mas-nao-resolve-principalmente-para-bares\/"},"author":{"name":"admin","@id":"https:\/\/comunicacaoestrategicacps.com.br\/blog\/#\/schema\/person\/8d447568a01edd36a56dbbcb702b02fc"},"headline":"Retirada da regi\u00e3o da fase vermelha traz al\u00edvio, mas n\u00e3o resolve, principalmente para bares","datePublished":"2021-02-05T14:50:53+00:00","dateModified":"2021-02-05T14:50:56+00:00","mainEntityOfPage":{"@id":"https:\/\/comunicacaoestrategicacps.com.br\/blog\/retirada-da-regiao-da-fase-vermelha-traz-alivio-mas-nao-resolve-principalmente-para-bares\/"},"wordCount":462,"commentCount":0,"image":{"@id":"https:\/\/comunicacaoestrategicacps.com.br\/blog\/retirada-da-regiao-da-fase-vermelha-traz-alivio-mas-nao-resolve-principalmente-para-bares\/#primaryimage"},"thumbnailUrl":"https:\/\/comunicacaoestrategicacps.com.br\/blog\/wp-content\/uploads\/2020\/10\/matheus-00-scaled.jpg","articleSection":["Neg\u00f3cios e Economia"],"inLanguage":"pt-BR","potentialAction":[{"@type":"CommentAction","name":"Comment","target":["https:\/\/comunicacaoestrategicacps.com.br\/blog\/retirada-da-regiao-da-fase-vermelha-traz-alivio-mas-nao-resolve-principalmente-para-bares\/#respond"]}]},{"@type":"WebPage","@id":"https:\/\/comunicacaoestrategicacps.com.br\/blog\/retirada-da-regiao-da-fase-vermelha-traz-alivio-mas-nao-resolve-principalmente-para-bares\/","url":"https:\/\/comunicacaoestrategicacps.com.br\/blog\/retirada-da-regiao-da-fase-vermelha-traz-alivio-mas-nao-resolve-principalmente-para-bares\/","name":"Retirada da regi\u00e3o da fase vermelha traz al\u00edvio, mas n\u00e3o resolve, principalmente para bares - Comunica\u00e7\u00e3o Estrat\u00e9gica","isPartOf":{"@id":"https:\/\/comunicacaoestrategicacps.com.br\/blog\/#website"},"primaryImageOfPage":{"@id":"https:\/\/comunicacaoestrategicacps.com.br\/blog\/retirada-da-regiao-da-fase-vermelha-traz-alivio-mas-nao-resolve-principalmente-para-bares\/#primaryimage"},"image":{"@id":"https:\/\/comunicacaoestrategicacps.com.br\/blog\/retirada-da-regiao-da-fase-vermelha-traz-alivio-mas-nao-resolve-principalmente-para-bares\/#primaryimage"},"thumbnailUrl":"https:\/\/comunicacaoestrategicacps.com.br\/blog\/wp-content\/uploads\/2020\/10\/matheus-00-scaled.jpg","datePublished":"2021-02-05T14:50:53+00:00","dateModified":"2021-02-05T14:50:56+00:00","author":{"@id":"https:\/\/comunicacaoestrategicacps.com.br\/blog\/#\/schema\/person\/8d447568a01edd36a56dbbcb702b02fc"},"breadcrumb":{"@id":"https:\/\/comunicacaoestrategicacps.com.br\/blog\/retirada-da-regiao-da-fase-vermelha-traz-alivio-mas-nao-resolve-principalmente-para-bares\/#breadcrumb"},"inLanguage":"pt-BR","potentialAction":[{"@type":"ReadAction","target":["https:\/\/comunicacaoestrategicacps.com.br\/blog\/retirada-da-regiao-da-fase-vermelha-traz-alivio-mas-nao-resolve-principalmente-para-bares\/"]}]},{"@type":"ImageObject","inLanguage":"pt-BR","@id":"https:\/\/comunicacaoestrategicacps.com.br\/blog\/retirada-da-regiao-da-fase-vermelha-traz-alivio-mas-nao-resolve-principalmente-para-bares\/#primaryimage","url":"https:\/\/comunicacaoestrategicacps.com.br\/blog\/wp-content\/uploads\/2020\/10\/matheus-00-scaled.jpg","contentUrl":"https:\/\/comunicacaoestrategicacps.com.br\/blog\/wp-content\/uploads\/2020\/10\/matheus-00-scaled.jpg","width":1280,"height":853},{"@type":"BreadcrumbList","@id":"https:\/\/comunicacaoestrategicacps.com.br\/blog\/retirada-da-regiao-da-fase-vermelha-traz-alivio-mas-nao-resolve-principalmente-para-bares\/#breadcrumb","itemListElement":[{"@type":"ListItem","position":1,"name":"In\u00edcio","item":"https:\/\/comunicacaoestrategicacps.com.br\/blog\/"},{"@type":"ListItem","position":2,"name":"Retirada da regi\u00e3o da fase vermelha traz al\u00edvio, mas n\u00e3o resolve, principalmente para bares"}]},{"@type":"WebSite","@id":"https:\/\/comunicacaoestrategicacps.com.br\/blog\/#website","url":"https:\/\/comunicacaoestrategicacps.com.br\/blog\/","name":"Comunica\u00e7\u00e3o Estrat\u00e9gica","description":"Comunica\u00e7\u00e3o Estrat\u00e9gica  - Assessoria de Imprensa","potentialAction":[{"@type":"SearchAction","target":{"@type":"EntryPoint","urlTemplate":"https:\/\/comunicacaoestrategicacps.com.br\/blog\/?s={search_term_string}"},"query-input":{"@type":"PropertyValueSpecification","valueRequired":true,"valueName":"search_term_string"}}],"inLanguage":"pt-BR"},{"@type":"Person","@id":"https:\/\/comunicacaoestrategicacps.com.br\/blog\/#\/schema\/person\/8d447568a01edd36a56dbbcb702b02fc","name":"admin","image":{"@type":"ImageObject","inLanguage":"pt-BR","@id":"https:\/\/secure.gravatar.com\/avatar\/2cc026ea89b57b9d913d4ce5b90a0490046c0c9048a129e24cc44313a90d3f77?s=96&d=mm&r=g","url":"https:\/\/secure.gravatar.com\/avatar\/2cc026ea89b57b9d913d4ce5b90a0490046c0c9048a129e24cc44313a90d3f77?s=96&d=mm&r=g","contentUrl":"https:\/\/secure.gravatar.com\/avatar\/2cc026ea89b57b9d913d4ce5b90a0490046c0c9048a129e24cc44313a90d3f77?s=96&d=mm&r=g","caption":"admin"},"url":"https:\/\/comunicacaoestrategicacps.com.br\/blog\/author\/admin\/"}]}},"builder_content":"","_links":{"self":[{"href":"https:\/\/comunicacaoestrategicacps.com.br\/blog\/wp-json\/wp\/v2\/posts\/983","targetHints":{"allow":["GET"]}}],"collection":[{"href":"https:\/\/comunicacaoestrategicacps.com.br\/blog\/wp-json\/wp\/v2\/posts"}],"about":[{"href":"https:\/\/comunicacaoestrategicacps.com.br\/blog\/wp-json\/wp\/v2\/types\/post"}],"author":[{"embeddable":true,"href":"https:\/\/comunicacaoestrategicacps.com.br\/blog\/wp-json\/wp\/v2\/users\/1"}],"replies":[{"embeddable":true,"href":"https:\/\/comunicacaoestrategicacps.com.br\/blog\/wp-json\/wp\/v2\/comments?post=983"}],"version-history":[{"count":1,"href":"https:\/\/comunicacaoestrategicacps.com.br\/blog\/wp-json\/wp\/v2\/posts\/983\/revisions"}],"predecessor-version":[{"id":984,"href":"https:\/\/comunicacaoestrategicacps.com.br\/blog\/wp-json\/wp\/v2\/posts\/983\/revisions\/984"}],"wp:featuredmedia":[{"embeddable":true,"href":"https:\/\/comunicacaoestrategicacps.com.br\/blog\/wp-json\/wp\/v2\/media\/875"}],"wp:attachment":[{"href":"https:\/\/comunicacaoestrategicacps.com.br\/blog\/wp-json\/wp\/v2\/media?parent=983"}],"wp:term":[{"taxonomy":"category","embeddable":true,"href":"https:\/\/comunicacaoestrategicacps.com.br\/blog\/wp-json\/wp\/v2\/categories?post=983"},{"taxonomy":"post_tag","embeddable":true,"href":"https:\/\/comunicacaoestrategicacps.com.br\/blog\/wp-json\/wp\/v2\/tags?post=983"}],"curies":[{"name":"wp","href":"https:\/\/api.w.org\/{rel}","templated":true}]}}