{"id":995,"date":"2021-02-25T10:36:21","date_gmt":"2021-02-25T13:36:21","guid":{"rendered":"https:\/\/comunicacaoestrategicacps.com.br\/blog\/?p=995"},"modified":"2021-02-25T10:36:23","modified_gmt":"2021-02-25T13:36:23","slug":"toque-de-restricao-no-estado-e-visto-como-mais-assertiva-pela-abrasel-rmc","status":"publish","type":"post","link":"https:\/\/comunicacaoestrategicacps.com.br\/blog\/toque-de-restricao-no-estado-e-visto-como-mais-assertiva-pela-abrasel-rmc\/","title":{"rendered":"Toque de restri\u00e7\u00e3o no Estado \u00e9 visto como mais assertiva pela Abrasel RMC"},"content":{"rendered":"<!--themify_builder_content-->\n<div id=\"themify_builder_content-995\" data-postid=\"995\" class=\"themify_builder_content themify_builder_content-995 themify_builder tf_clear\">\n    <\/div>\n<!--\/themify_builder_content-->\n\n\n<figure class=\"wp-block-image size-large\"><img loading=\"lazy\" decoding=\"async\" width=\"1024\" height=\"683\" src=\"https:\/\/comunicacaoestrategicacps.com.br\/blog\/wp-content\/uploads\/2020\/10\/matheus-00-1024x683.jpg\" alt=\"\" class=\"wp-image-875\" srcset=\"https:\/\/comunicacaoestrategicacps.com.br\/blog\/wp-content\/uploads\/2020\/10\/matheus-00-1024x683.jpg 1024w, https:\/\/comunicacaoestrategicacps.com.br\/blog\/wp-content\/uploads\/2020\/10\/matheus-00-300x200.jpg 300w, https:\/\/comunicacaoestrategicacps.com.br\/blog\/wp-content\/uploads\/2020\/10\/matheus-00-768x512.jpg 768w, https:\/\/comunicacaoestrategicacps.com.br\/blog\/wp-content\/uploads\/2020\/10\/matheus-00-1536x1024.jpg 1536w, https:\/\/comunicacaoestrategicacps.com.br\/blog\/wp-content\/uploads\/2020\/10\/matheus-00-2048x1365.jpg 2048w, https:\/\/comunicacaoestrategicacps.com.br\/blog\/wp-content\/uploads\/2020\/10\/matheus-00-scaled.jpg 1280w\" sizes=\"auto, (max-width: 1024px) 100vw, 1024px\" \/><\/figure>\n\n\n\n<p><em>Entidade\nj\u00e1 pediu a revis\u00e3o da fase vermelha em Campinas, al\u00e9m de oficiar projeto a\nprefeituras da RMC para uso de mesas e cadeiras nas cal\u00e7adas e estacionamentos<\/em><\/p>\n\n\n\n<p><strong>Campinas, 24 de fevereiro de 2021<\/strong> &#8211; A nova medida para\nrestringir a circula\u00e7\u00e3o de pessoas nas ruas entre 23h e 6h, com o objetivo de\ncontrolar a pandemia, foi vista como assertiva pela Associa\u00e7\u00e3o Brasileira de\nBares e Restaurantes da Regi\u00e3o Metropolitana de Campinas (Abrasel RMC). A\nentidade v\u00ea a a\u00e7\u00e3o estadual melhor do que a Fase Vermelha adotada por Campinas,\nem vigor desde a ter\u00e7a-feira (23), para evitar aglomera\u00e7\u00f5es em estabelecimentos\ne coibir as festas clandestinas.<\/p>\n\n\n\n<p>Ap\u00f3s\no anuncio feito no inicio desta tarde, a Abrasel RMC j\u00e1 encaminhou pedido para\na administra\u00e7\u00e3o municipal, atrav\u00e9s da Secretaria Municipal de Desenvolvimento\nEcon\u00f4mico e Social, para que o decreto de Campinas, hoje mais restritivo \u2013\nfechamento de todo o com\u00e9rcio \u00e0s 20h \u2013 seja revisto e alinhado com o Plano S\u00e3o\nPaulo.<\/p>\n\n\n\n<p>Paralelamente,\na entidade solicitou \u00e0 Secretaria Municipal de Desenvolvimento Econ\u00f4mico e\nSocial, em reuni\u00e3o na \u00faltima segunda-feira, o parcelamento das d\u00edvidas de bares\ne restaurantes junto \u00e0 Sanasa. Tamb\u00e9m foi solicitada a redu\u00e7\u00e3o proporcional das\nd\u00edvidas de 2020, levando-se em conta o per\u00edodo que o setor ficou fechado, com\nfaturamento restringido. Esta medida visa reduzir os preju\u00edzos e o reequil\u00edbrio\ndos estabelecimentos.<\/p>\n\n\n\n<p>A\nAbrasel RMC tamb\u00e9m encaminhou oficio \u00e0 C\u00e2mara Municipal de Campinas, atrav\u00e9s do\nvereador Arnaldo Salvetti, e a seis prefeituras da RMC (Campinas, Americana,\nIndaiatuba, Sumar\u00e9, Valinhos e Vinhedo), solicitando a implanta\u00e7\u00e3o do Projeto\nRuas, semelhante ao adotado no inicio deste m\u00eas na Capital paulista, al\u00e9m de\nv\u00e1rias cidades dos Estados Unidos. A ideia \u00e9 que as administra\u00e7\u00f5es municipais liberem\ncal\u00e7adas em frente aos bares e estacionamentos, para uso de cadeiras e mesas.<\/p>\n\n\n\n<p>\u201cA\nAbrasel RMC entende que esta medida \u00e9 essencial para viabilizar a recupera\u00e7\u00e3o\ndo setor de bares e restaurantes, garantindo atendimento seguro e com\ndistanciamento aos clientes, garantindo a sobreviv\u00eancia das empresas e a\nmanuten\u00e7\u00e3o e recontrata\u00e7\u00e3o dos trabalhadores\u201d, explica Matheus Mason,\npresidente da Abrasel RMC.<\/p>","protected":false},"excerpt":{"rendered":"<p>Entidade j\u00e1 pediu a revis\u00e3o da fase vermelha em Campinas, al\u00e9m de oficiar projeto a prefeituras da RMC para uso de mesas e cadeiras nas cal\u00e7adas e estacionamentos Campinas, 24 de fevereiro de 2021 &#8211; A nova medida para restringir a circula\u00e7\u00e3o de pessoas nas ruas entre 23h e 6h, com o objetivo de controlar [&hellip;]<\/p>\n","protected":false},"author":1,"featured_media":875,"comment_status":"open","ping_status":"open","sticky":false,"template":"","format":"standard","meta":{"footnotes":""},"categories":[43],"tags":[],"class_list":["post-995","post","type-post","status-publish","format-standard","has-post-thumbnail","hentry","category-negocios-e-economia","has-post-title","has-post-date","has-post-category","has-post-tag","has-post-comment","has-post-author",""],"yoast_head":"<!-- This site is optimized with the Yoast SEO plugin v27.4 - https:\/\/yoast.com\/product\/yoast-seo-wordpress\/ -->\n<title>Toque de restri\u00e7\u00e3o no Estado \u00e9 visto como mais assertiva pela Abrasel RMC - Comunica\u00e7\u00e3o Estrat\u00e9gica<\/title>\n<meta name=\"robots\" content=\"index, follow, max-snippet:-1, max-image-preview:large, max-video-preview:-1\" \/>\n<link rel=\"canonical\" href=\"https:\/\/comunicacaoestrategicacps.com.br\/blog\/toque-de-restricao-no-estado-e-visto-como-mais-assertiva-pela-abrasel-rmc\/\" \/>\n<meta property=\"og:locale\" content=\"pt_BR\" \/>\n<meta property=\"og:type\" content=\"article\" \/>\n<meta property=\"og:title\" content=\"Toque de restri\u00e7\u00e3o no Estado \u00e9 visto como mais assertiva pela Abrasel RMC - Comunica\u00e7\u00e3o Estrat\u00e9gica\" \/>\n<meta property=\"og:description\" content=\"Entidade j\u00e1 pediu a revis\u00e3o da fase vermelha em Campinas, al\u00e9m de oficiar projeto a prefeituras da RMC para uso de mesas e cadeiras nas cal\u00e7adas e estacionamentos Campinas, 24 de fevereiro de 2021 &#8211; A nova medida para restringir a circula\u00e7\u00e3o de pessoas nas ruas entre 23h e 6h, com o objetivo de controlar [&hellip;]\" \/>\n<meta property=\"og:url\" content=\"https:\/\/comunicacaoestrategicacps.com.br\/blog\/toque-de-restricao-no-estado-e-visto-como-mais-assertiva-pela-abrasel-rmc\/\" \/>\n<meta property=\"og:site_name\" content=\"Comunica\u00e7\u00e3o Estrat\u00e9gica\" \/>\n<meta property=\"article:published_time\" content=\"2021-02-25T13:36:21+00:00\" \/>\n<meta property=\"article:modified_time\" content=\"2021-02-25T13:36:23+00:00\" \/>\n<meta property=\"og:image\" content=\"https:\/\/comunicacaoestrategicacps.com.br\/blog\/wp-content\/uploads\/2020\/10\/matheus-00-scaled.jpg\" \/>\n\t<meta property=\"og:image:width\" content=\"1280\" \/>\n\t<meta property=\"og:image:height\" content=\"853\" \/>\n\t<meta property=\"og:image:type\" content=\"image\/jpeg\" \/>\n<meta name=\"author\" content=\"admin\" \/>\n<meta name=\"twitter:card\" content=\"summary_large_image\" \/>\n<meta name=\"twitter:label1\" content=\"Escrito por\" \/>\n\t<meta name=\"twitter:data1\" content=\"admin\" \/>\n\t<meta name=\"twitter:label2\" content=\"Est. tempo de leitura\" \/>\n\t<meta name=\"twitter:data2\" content=\"2 minutos\" \/>\n<script type=\"application\/ld+json\" class=\"yoast-schema-graph\">{\"@context\":\"https:\\\/\\\/schema.org\",\"@graph\":[{\"@type\":\"Article\",\"@id\":\"https:\\\/\\\/comunicacaoestrategicacps.com.br\\\/blog\\\/toque-de-restricao-no-estado-e-visto-como-mais-assertiva-pela-abrasel-rmc\\\/#article\",\"isPartOf\":{\"@id\":\"https:\\\/\\\/comunicacaoestrategicacps.com.br\\\/blog\\\/toque-de-restricao-no-estado-e-visto-como-mais-assertiva-pela-abrasel-rmc\\\/\"},\"author\":{\"name\":\"admin\",\"@id\":\"https:\\\/\\\/comunicacaoestrategicacps.com.br\\\/blog\\\/#\\\/schema\\\/person\\\/8d447568a01edd36a56dbbcb702b02fc\"},\"headline\":\"Toque de restri\u00e7\u00e3o no Estado \u00e9 visto como mais assertiva pela Abrasel RMC\",\"datePublished\":\"2021-02-25T13:36:21+00:00\",\"dateModified\":\"2021-02-25T13:36:23+00:00\",\"mainEntityOfPage\":{\"@id\":\"https:\\\/\\\/comunicacaoestrategicacps.com.br\\\/blog\\\/toque-de-restricao-no-estado-e-visto-como-mais-assertiva-pela-abrasel-rmc\\\/\"},\"wordCount\":380,\"commentCount\":0,\"image\":{\"@id\":\"https:\\\/\\\/comunicacaoestrategicacps.com.br\\\/blog\\\/toque-de-restricao-no-estado-e-visto-como-mais-assertiva-pela-abrasel-rmc\\\/#primaryimage\"},\"thumbnailUrl\":\"https:\\\/\\\/comunicacaoestrategicacps.com.br\\\/blog\\\/wp-content\\\/uploads\\\/2020\\\/10\\\/matheus-00-scaled.jpg\",\"articleSection\":[\"Neg\u00f3cios e Economia\"],\"inLanguage\":\"pt-BR\",\"potentialAction\":[{\"@type\":\"CommentAction\",\"name\":\"Comment\",\"target\":[\"https:\\\/\\\/comunicacaoestrategicacps.com.br\\\/blog\\\/toque-de-restricao-no-estado-e-visto-como-mais-assertiva-pela-abrasel-rmc\\\/#respond\"]}]},{\"@type\":\"WebPage\",\"@id\":\"https:\\\/\\\/comunicacaoestrategicacps.com.br\\\/blog\\\/toque-de-restricao-no-estado-e-visto-como-mais-assertiva-pela-abrasel-rmc\\\/\",\"url\":\"https:\\\/\\\/comunicacaoestrategicacps.com.br\\\/blog\\\/toque-de-restricao-no-estado-e-visto-como-mais-assertiva-pela-abrasel-rmc\\\/\",\"name\":\"Toque de restri\u00e7\u00e3o no Estado \u00e9 visto como mais assertiva pela Abrasel RMC - Comunica\u00e7\u00e3o Estrat\u00e9gica\",\"isPartOf\":{\"@id\":\"https:\\\/\\\/comunicacaoestrategicacps.com.br\\\/blog\\\/#website\"},\"primaryImageOfPage\":{\"@id\":\"https:\\\/\\\/comunicacaoestrategicacps.com.br\\\/blog\\\/toque-de-restricao-no-estado-e-visto-como-mais-assertiva-pela-abrasel-rmc\\\/#primaryimage\"},\"image\":{\"@id\":\"https:\\\/\\\/comunicacaoestrategicacps.com.br\\\/blog\\\/toque-de-restricao-no-estado-e-visto-como-mais-assertiva-pela-abrasel-rmc\\\/#primaryimage\"},\"thumbnailUrl\":\"https:\\\/\\\/comunicacaoestrategicacps.com.br\\\/blog\\\/wp-content\\\/uploads\\\/2020\\\/10\\\/matheus-00-scaled.jpg\",\"datePublished\":\"2021-02-25T13:36:21+00:00\",\"dateModified\":\"2021-02-25T13:36:23+00:00\",\"author\":{\"@id\":\"https:\\\/\\\/comunicacaoestrategicacps.com.br\\\/blog\\\/#\\\/schema\\\/person\\\/8d447568a01edd36a56dbbcb702b02fc\"},\"breadcrumb\":{\"@id\":\"https:\\\/\\\/comunicacaoestrategicacps.com.br\\\/blog\\\/toque-de-restricao-no-estado-e-visto-como-mais-assertiva-pela-abrasel-rmc\\\/#breadcrumb\"},\"inLanguage\":\"pt-BR\",\"potentialAction\":[{\"@type\":\"ReadAction\",\"target\":[\"https:\\\/\\\/comunicacaoestrategicacps.com.br\\\/blog\\\/toque-de-restricao-no-estado-e-visto-como-mais-assertiva-pela-abrasel-rmc\\\/\"]}]},{\"@type\":\"ImageObject\",\"inLanguage\":\"pt-BR\",\"@id\":\"https:\\\/\\\/comunicacaoestrategicacps.com.br\\\/blog\\\/toque-de-restricao-no-estado-e-visto-como-mais-assertiva-pela-abrasel-rmc\\\/#primaryimage\",\"url\":\"https:\\\/\\\/comunicacaoestrategicacps.com.br\\\/blog\\\/wp-content\\\/uploads\\\/2020\\\/10\\\/matheus-00-scaled.jpg\",\"contentUrl\":\"https:\\\/\\\/comunicacaoestrategicacps.com.br\\\/blog\\\/wp-content\\\/uploads\\\/2020\\\/10\\\/matheus-00-scaled.jpg\",\"width\":1280,\"height\":853},{\"@type\":\"BreadcrumbList\",\"@id\":\"https:\\\/\\\/comunicacaoestrategicacps.com.br\\\/blog\\\/toque-de-restricao-no-estado-e-visto-como-mais-assertiva-pela-abrasel-rmc\\\/#breadcrumb\",\"itemListElement\":[{\"@type\":\"ListItem\",\"position\":1,\"name\":\"In\u00edcio\",\"item\":\"https:\\\/\\\/comunicacaoestrategicacps.com.br\\\/blog\\\/\"},{\"@type\":\"ListItem\",\"position\":2,\"name\":\"Toque de restri\u00e7\u00e3o no Estado \u00e9 visto como mais assertiva pela Abrasel RMC\"}]},{\"@type\":\"WebSite\",\"@id\":\"https:\\\/\\\/comunicacaoestrategicacps.com.br\\\/blog\\\/#website\",\"url\":\"https:\\\/\\\/comunicacaoestrategicacps.com.br\\\/blog\\\/\",\"name\":\"Comunica\u00e7\u00e3o Estrat\u00e9gica\",\"description\":\"Comunica\u00e7\u00e3o Estrat\u00e9gica  - Assessoria de Imprensa\",\"potentialAction\":[{\"@type\":\"SearchAction\",\"target\":{\"@type\":\"EntryPoint\",\"urlTemplate\":\"https:\\\/\\\/comunicacaoestrategicacps.com.br\\\/blog\\\/?s={search_term_string}\"},\"query-input\":{\"@type\":\"PropertyValueSpecification\",\"valueRequired\":true,\"valueName\":\"search_term_string\"}}],\"inLanguage\":\"pt-BR\"},{\"@type\":\"Person\",\"@id\":\"https:\\\/\\\/comunicacaoestrategicacps.com.br\\\/blog\\\/#\\\/schema\\\/person\\\/8d447568a01edd36a56dbbcb702b02fc\",\"name\":\"admin\",\"image\":{\"@type\":\"ImageObject\",\"inLanguage\":\"pt-BR\",\"@id\":\"https:\\\/\\\/secure.gravatar.com\\\/avatar\\\/2cc026ea89b57b9d913d4ce5b90a0490046c0c9048a129e24cc44313a90d3f77?s=96&d=mm&r=g\",\"url\":\"https:\\\/\\\/secure.gravatar.com\\\/avatar\\\/2cc026ea89b57b9d913d4ce5b90a0490046c0c9048a129e24cc44313a90d3f77?s=96&d=mm&r=g\",\"contentUrl\":\"https:\\\/\\\/secure.gravatar.com\\\/avatar\\\/2cc026ea89b57b9d913d4ce5b90a0490046c0c9048a129e24cc44313a90d3f77?s=96&d=mm&r=g\",\"caption\":\"admin\"},\"url\":\"https:\\\/\\\/comunicacaoestrategicacps.com.br\\\/blog\\\/author\\\/admin\\\/\"}]}<\/script>\n<!-- \/ Yoast SEO plugin. -->","yoast_head_json":{"title":"Toque de restri\u00e7\u00e3o no Estado \u00e9 visto como mais assertiva pela Abrasel RMC - Comunica\u00e7\u00e3o Estrat\u00e9gica","robots":{"index":"index","follow":"follow","max-snippet":"max-snippet:-1","max-image-preview":"max-image-preview:large","max-video-preview":"max-video-preview:-1"},"canonical":"https:\/\/comunicacaoestrategicacps.com.br\/blog\/toque-de-restricao-no-estado-e-visto-como-mais-assertiva-pela-abrasel-rmc\/","og_locale":"pt_BR","og_type":"article","og_title":"Toque de restri\u00e7\u00e3o no Estado \u00e9 visto como mais assertiva pela Abrasel RMC - Comunica\u00e7\u00e3o Estrat\u00e9gica","og_description":"Entidade j\u00e1 pediu a revis\u00e3o da fase vermelha em Campinas, al\u00e9m de oficiar projeto a prefeituras da RMC para uso de mesas e cadeiras nas cal\u00e7adas e estacionamentos Campinas, 24 de fevereiro de 2021 &#8211; A nova medida para restringir a circula\u00e7\u00e3o de pessoas nas ruas entre 23h e 6h, com o objetivo de controlar [&hellip;]","og_url":"https:\/\/comunicacaoestrategicacps.com.br\/blog\/toque-de-restricao-no-estado-e-visto-como-mais-assertiva-pela-abrasel-rmc\/","og_site_name":"Comunica\u00e7\u00e3o Estrat\u00e9gica","article_published_time":"2021-02-25T13:36:21+00:00","article_modified_time":"2021-02-25T13:36:23+00:00","og_image":[{"width":1280,"height":853,"url":"https:\/\/comunicacaoestrategicacps.com.br\/blog\/wp-content\/uploads\/2020\/10\/matheus-00-scaled.jpg","type":"image\/jpeg"}],"author":"admin","twitter_card":"summary_large_image","twitter_misc":{"Escrito por":"admin","Est. tempo de leitura":"2 minutos"},"schema":{"@context":"https:\/\/schema.org","@graph":[{"@type":"Article","@id":"https:\/\/comunicacaoestrategicacps.com.br\/blog\/toque-de-restricao-no-estado-e-visto-como-mais-assertiva-pela-abrasel-rmc\/#article","isPartOf":{"@id":"https:\/\/comunicacaoestrategicacps.com.br\/blog\/toque-de-restricao-no-estado-e-visto-como-mais-assertiva-pela-abrasel-rmc\/"},"author":{"name":"admin","@id":"https:\/\/comunicacaoestrategicacps.com.br\/blog\/#\/schema\/person\/8d447568a01edd36a56dbbcb702b02fc"},"headline":"Toque de restri\u00e7\u00e3o no Estado \u00e9 visto como mais assertiva pela Abrasel RMC","datePublished":"2021-02-25T13:36:21+00:00","dateModified":"2021-02-25T13:36:23+00:00","mainEntityOfPage":{"@id":"https:\/\/comunicacaoestrategicacps.com.br\/blog\/toque-de-restricao-no-estado-e-visto-como-mais-assertiva-pela-abrasel-rmc\/"},"wordCount":380,"commentCount":0,"image":{"@id":"https:\/\/comunicacaoestrategicacps.com.br\/blog\/toque-de-restricao-no-estado-e-visto-como-mais-assertiva-pela-abrasel-rmc\/#primaryimage"},"thumbnailUrl":"https:\/\/comunicacaoestrategicacps.com.br\/blog\/wp-content\/uploads\/2020\/10\/matheus-00-scaled.jpg","articleSection":["Neg\u00f3cios e Economia"],"inLanguage":"pt-BR","potentialAction":[{"@type":"CommentAction","name":"Comment","target":["https:\/\/comunicacaoestrategicacps.com.br\/blog\/toque-de-restricao-no-estado-e-visto-como-mais-assertiva-pela-abrasel-rmc\/#respond"]}]},{"@type":"WebPage","@id":"https:\/\/comunicacaoestrategicacps.com.br\/blog\/toque-de-restricao-no-estado-e-visto-como-mais-assertiva-pela-abrasel-rmc\/","url":"https:\/\/comunicacaoestrategicacps.com.br\/blog\/toque-de-restricao-no-estado-e-visto-como-mais-assertiva-pela-abrasel-rmc\/","name":"Toque de restri\u00e7\u00e3o no Estado \u00e9 visto como mais assertiva pela Abrasel RMC - Comunica\u00e7\u00e3o Estrat\u00e9gica","isPartOf":{"@id":"https:\/\/comunicacaoestrategicacps.com.br\/blog\/#website"},"primaryImageOfPage":{"@id":"https:\/\/comunicacaoestrategicacps.com.br\/blog\/toque-de-restricao-no-estado-e-visto-como-mais-assertiva-pela-abrasel-rmc\/#primaryimage"},"image":{"@id":"https:\/\/comunicacaoestrategicacps.com.br\/blog\/toque-de-restricao-no-estado-e-visto-como-mais-assertiva-pela-abrasel-rmc\/#primaryimage"},"thumbnailUrl":"https:\/\/comunicacaoestrategicacps.com.br\/blog\/wp-content\/uploads\/2020\/10\/matheus-00-scaled.jpg","datePublished":"2021-02-25T13:36:21+00:00","dateModified":"2021-02-25T13:36:23+00:00","author":{"@id":"https:\/\/comunicacaoestrategicacps.com.br\/blog\/#\/schema\/person\/8d447568a01edd36a56dbbcb702b02fc"},"breadcrumb":{"@id":"https:\/\/comunicacaoestrategicacps.com.br\/blog\/toque-de-restricao-no-estado-e-visto-como-mais-assertiva-pela-abrasel-rmc\/#breadcrumb"},"inLanguage":"pt-BR","potentialAction":[{"@type":"ReadAction","target":["https:\/\/comunicacaoestrategicacps.com.br\/blog\/toque-de-restricao-no-estado-e-visto-como-mais-assertiva-pela-abrasel-rmc\/"]}]},{"@type":"ImageObject","inLanguage":"pt-BR","@id":"https:\/\/comunicacaoestrategicacps.com.br\/blog\/toque-de-restricao-no-estado-e-visto-como-mais-assertiva-pela-abrasel-rmc\/#primaryimage","url":"https:\/\/comunicacaoestrategicacps.com.br\/blog\/wp-content\/uploads\/2020\/10\/matheus-00-scaled.jpg","contentUrl":"https:\/\/comunicacaoestrategicacps.com.br\/blog\/wp-content\/uploads\/2020\/10\/matheus-00-scaled.jpg","width":1280,"height":853},{"@type":"BreadcrumbList","@id":"https:\/\/comunicacaoestrategicacps.com.br\/blog\/toque-de-restricao-no-estado-e-visto-como-mais-assertiva-pela-abrasel-rmc\/#breadcrumb","itemListElement":[{"@type":"ListItem","position":1,"name":"In\u00edcio","item":"https:\/\/comunicacaoestrategicacps.com.br\/blog\/"},{"@type":"ListItem","position":2,"name":"Toque de restri\u00e7\u00e3o no Estado \u00e9 visto como mais assertiva pela Abrasel RMC"}]},{"@type":"WebSite","@id":"https:\/\/comunicacaoestrategicacps.com.br\/blog\/#website","url":"https:\/\/comunicacaoestrategicacps.com.br\/blog\/","name":"Comunica\u00e7\u00e3o Estrat\u00e9gica","description":"Comunica\u00e7\u00e3o Estrat\u00e9gica  - Assessoria de Imprensa","potentialAction":[{"@type":"SearchAction","target":{"@type":"EntryPoint","urlTemplate":"https:\/\/comunicacaoestrategicacps.com.br\/blog\/?s={search_term_string}"},"query-input":{"@type":"PropertyValueSpecification","valueRequired":true,"valueName":"search_term_string"}}],"inLanguage":"pt-BR"},{"@type":"Person","@id":"https:\/\/comunicacaoestrategicacps.com.br\/blog\/#\/schema\/person\/8d447568a01edd36a56dbbcb702b02fc","name":"admin","image":{"@type":"ImageObject","inLanguage":"pt-BR","@id":"https:\/\/secure.gravatar.com\/avatar\/2cc026ea89b57b9d913d4ce5b90a0490046c0c9048a129e24cc44313a90d3f77?s=96&d=mm&r=g","url":"https:\/\/secure.gravatar.com\/avatar\/2cc026ea89b57b9d913d4ce5b90a0490046c0c9048a129e24cc44313a90d3f77?s=96&d=mm&r=g","contentUrl":"https:\/\/secure.gravatar.com\/avatar\/2cc026ea89b57b9d913d4ce5b90a0490046c0c9048a129e24cc44313a90d3f77?s=96&d=mm&r=g","caption":"admin"},"url":"https:\/\/comunicacaoestrategicacps.com.br\/blog\/author\/admin\/"}]}},"builder_content":"","_links":{"self":[{"href":"https:\/\/comunicacaoestrategicacps.com.br\/blog\/wp-json\/wp\/v2\/posts\/995","targetHints":{"allow":["GET"]}}],"collection":[{"href":"https:\/\/comunicacaoestrategicacps.com.br\/blog\/wp-json\/wp\/v2\/posts"}],"about":[{"href":"https:\/\/comunicacaoestrategicacps.com.br\/blog\/wp-json\/wp\/v2\/types\/post"}],"author":[{"embeddable":true,"href":"https:\/\/comunicacaoestrategicacps.com.br\/blog\/wp-json\/wp\/v2\/users\/1"}],"replies":[{"embeddable":true,"href":"https:\/\/comunicacaoestrategicacps.com.br\/blog\/wp-json\/wp\/v2\/comments?post=995"}],"version-history":[{"count":1,"href":"https:\/\/comunicacaoestrategicacps.com.br\/blog\/wp-json\/wp\/v2\/posts\/995\/revisions"}],"predecessor-version":[{"id":996,"href":"https:\/\/comunicacaoestrategicacps.com.br\/blog\/wp-json\/wp\/v2\/posts\/995\/revisions\/996"}],"wp:featuredmedia":[{"embeddable":true,"href":"https:\/\/comunicacaoestrategicacps.com.br\/blog\/wp-json\/wp\/v2\/media\/875"}],"wp:attachment":[{"href":"https:\/\/comunicacaoestrategicacps.com.br\/blog\/wp-json\/wp\/v2\/media?parent=995"}],"wp:term":[{"taxonomy":"category","embeddable":true,"href":"https:\/\/comunicacaoestrategicacps.com.br\/blog\/wp-json\/wp\/v2\/categories?post=995"},{"taxonomy":"post_tag","embeddable":true,"href":"https:\/\/comunicacaoestrategicacps.com.br\/blog\/wp-json\/wp\/v2\/tags?post=995"}],"curies":[{"name":"wp","href":"https:\/\/api.w.org\/{rel}","templated":true}]}}